{"id":71472,"date":"2021-10-11T16:29:56","date_gmt":"2021-10-11T15:29:56","guid":{"rendered":"https:\/\/www.altominho.tv\/site\/?p=71472"},"modified":"2021-10-11T16:32:32","modified_gmt":"2021-10-11T15:32:32","slug":"noite-dos-medos-esta-de-regresso-a-melgaco","status":"publish","type":"post","link":"https:\/\/www.altominho.tv\/site\/2021\/10\/11\/noite-dos-medos-esta-de-regresso-a-melgaco\/","title":{"rendered":"Noite dos Medos est\u00e1 de regresso a Melga\u00e7o"},"content":{"rendered":"<p>Melga\u00e7o volta a vestir-se a rigor para celebrar, a 30 de outubro, mais uma \u201cNoite dos Medos\u201d. Este ano, o programa da 5.\u00aa edi\u00e7\u00e3o inclui iniciativas sob a tem\u00e1tica do Cinema.<\/p>\n<p>Na nota enviada \u00e0 imprensa, o munic\u00edpio adianta que uma exposi\u00e7\u00e3o de cartazes de filmes da cole\u00e7\u00e3o Jean Loup Passek, patente na Casa da Cultura, de 30 de outubro a 30 de novembro, com o tema \u201cO medo na 7\u00aa arte\u201d, sess\u00f5es de cinema com Alfred Hitchcock, no Museu de Cinema, de 30 de outubro a 30 de novembro, e MotelX on Tour 2021 \u2013 Cinema de Terror na Casa da Cultura &#8211; uma sess\u00e3o para crian\u00e7as e uma sess\u00e3o para a comunidade escolar do 1\u00ba ciclo s\u00e3o as a\u00e7\u00f5es que pretendem promover o Cinema nesta edi\u00e7\u00e3o da Noite dos Medos.<\/p>\n<p>A exposi\u00e7\u00e3o \u201cAssombra\u00e7\u00f5es\u201d, uma mostra composta por esculturas do artista Moncho Rogriguez e inspirada nos medos humanos, \u00e9 tamb\u00e9m uma novidade do evento e vai estar patente de 22 de outubro a 2 de novembro, na Casa da Cultura, na Rua Capit\u00e3o Salgueiro Maia e no Castelo de Melga\u00e7o.<\/p>\n<p>Apesar da festa principal acontecer no dia 30, os \u201cMedos\u201d chegam a 29 de outubro. &#8220;Os animadores itinerantes v\u00e3o espalhar o terror pelas ruas da vila de Melga\u00e7o, durante o per\u00edodo da tarde e noite, e a popula\u00e7\u00e3o e turistas s\u00e3o convidados a vestir-se a preceito e assim a participar no evento, sempre seguindo as medidas de seguran\u00e7a emanadas pela Dire\u00e7\u00e3o-Geral da Sa\u00fade&#8221;, revela o munic\u00edpio.<\/p>\n<p>J\u00e1 no s\u00e1bado, a Noite dos Medos arranca \u00e0s 21h00 com o &#8220;Welcome Drink dos Medos&#8221; e, pelas 21h30, decorre a apresenta\u00e7\u00e3o do concurso dos \u201cMedos\u201d, seguida do Cortejo dos Medos, desde a Casa da Cultura at\u00e9 ao Castelo de Melga\u00e7o, a partir das 22h30. Na chegada, \u00e0s 23h15, est\u00e1 prevista a Queimada Galega e o Esconjuro das Bruxas, bem como um espet\u00e1culo de Alquimia.<\/p>\n<p>A primeira edi\u00e7\u00e3o da Noite dos Medos aconteceu em 2017, para\u00a0proporcionar anima\u00e7\u00e3o em \u00e9pocas baixas, e, simultaneamente, criar condi\u00e7\u00f5es para a divulga\u00e7\u00e3o de cren\u00e7as e contos, relacionados com a tem\u00e1tica do \u201coculto\u201d, que fazem parte da cultura da comunidade de Melga\u00e7o.<\/p>\n<p>Em 2020, devido \u00e0 pandemia de Covid-19, a autarquia apostou na <a href=\"\/\/www.altominho.tv\/site\/2020\/10\/27\/noite-dos-medos-comemorada-com-decoracao-no-castelo-e-nas-ruas\/\">decora\u00e7\u00e3o das ruas e do Castelo de Melga\u00e7o<\/a>, desafiando tamb\u00e9m a popula\u00e7\u00e3o a decorar as suas casas e espa\u00e7os comerciais ou a criar algum elemento alusivo \u00e0 iniciativa.<\/p>\n<h4>Concurso dos Medos<\/h4>\n<p>O concurso dos Medos vai voltar a realizar-se, mas, ao contr\u00e1rio de edi\u00e7\u00f5es anteriores, os trabalhos a concurso n\u00e3o v\u00e3o ser exibidos no audit\u00f3rio da Casa da Cultura, mas num novo palco no exterior, na Rua Capit\u00e3o Salgueiro Maia.<\/p>\n<p>A iniciativa, organizada pela Associa\u00e7\u00e3o Empresarial Minho Fronteiri\u00e7o em colabora\u00e7\u00e3o com o munic\u00edpio de Melga\u00e7o, pretende premiar os trabalhos mais criativos desenvolvidos para o evento \u201cNoite dos Medos\u201d. Estimular o esp\u00edrito cr\u00edtico e imaginativo, envolvendo toda a comunidade e as entidades do concelho \u00e9 o principal objetivo.<\/p>\n<p>Este ano, a organiza\u00e7\u00e3o desafia \u00e0 caracteriza\u00e7\u00e3o subordinada ao tema \u201cUrna\u201d e os trabalhos dever\u00e3o distinguir-se pela reutiliza\u00e7\u00e3o de materiais. Todos podem participar, em nome individual ou como entidade do concelho de Melga\u00e7o, com exce\u00e7\u00e3o de propostas de outros concelhos que a organiza\u00e7\u00e3o considere que se enquadram no \u00e2mbito deste concurso e que representem um valor acrescentado para o evento.<\/p>\n<p>As inscri\u00e7\u00f5es decorrem at\u00e9 22 de outubro e s\u00e3o admitidas candidaturas para as categorias Escola, Individual e Grupo.<\/p>\n","protected":false},"excerpt":{"rendered":"<p>Melga\u00e7o volta a vestir-se a rigor para celebrar, a 30 de outubro, mais uma \u201cNoite dos Medos\u201d. Este ano, o programa da 5.\u00aa edi\u00e7\u00e3o inclui iniciativas sob a tem\u00e1tica do Cinema. Na nota enviada \u00e0 imprensa, o munic\u00edpio adianta que uma exposi\u00e7\u00e3o de cartazes de filmes da cole\u00e7\u00e3o Jean Loup Passek, patente na Casa da [&hellip;]<\/p>\n","protected":false},"author":12,"featured_media":54610,"comment_status":"closed","ping_status":"closed","sticky":false,"template":"","format":"standard","meta":{"_exactmetrics_skip_tracking":false,"_exactmetrics_sitenote_active":false,"_exactmetrics_sitenote_note":"","_exactmetrics_sitenote_category":0,"footnotes":""},"categories":[8],"tags":[19,24],"class_list":["post-71472","post","type-post","status-publish","format-standard","has-post-thumbnail","hentry","category-melgaco","tag-cultura","tag-lazer"],"yoast_head":"<!-- This site is optimized with the Yoast SEO Premium plugin v27.5 (Yoast SEO v27.5) - https:\/\/yoast.com\/product\/yoast-seo-premium-wordpress\/ -->\n<title>Noite dos Medos est\u00e1 de regresso a Melga\u00e7o<\/title>\n<meta name=\"robots\" content=\"index, follow, max-snippet:-1, max-image-preview:large, max-video-preview:-1\" \/>\n<link rel=\"canonical\" href=\"https:\/\/www.altominho.tv\/site\/2021\/10\/11\/noite-dos-medos-esta-de-regresso-a-melgaco\/\" \/>\n<meta property=\"og:locale\" content=\"pt_PT\" \/>\n<meta property=\"og:type\" content=\"article\" \/>\n<meta property=\"og:title\" content=\"Noite dos Medos est\u00e1 de regresso a Melga\u00e7o\" \/>\n<meta property=\"og:description\" content=\"Melga\u00e7o volta a vestir-se a rigor para celebrar, a 30 de outubro, mais uma \u201cNoite dos Medos\u201d. Este ano, o programa da 5.\u00aa edi\u00e7\u00e3o inclui iniciativas sob a tem\u00e1tica do Cinema. Na nota enviada \u00e0 imprensa, o munic\u00edpio adianta que uma exposi\u00e7\u00e3o de cartazes de filmes da cole\u00e7\u00e3o Jean Loup Passek, patente na Casa da [&hellip;]\" \/>\n<meta property=\"og:url\" content=\"https:\/\/www.altominho.tv\/site\/2021\/10\/11\/noite-dos-medos-esta-de-regresso-a-melgaco\/\" \/>\n<meta property=\"og:site_name\" content=\"Altominho.tv\" \/>\n<meta property=\"article:publisher\" content=\"https:\/\/www.facebook.com\/altominhotv\" \/>\n<meta property=\"article:published_time\" content=\"2021-10-11T15:29:56+00:00\" \/>\n<meta property=\"article:modified_time\" content=\"2021-10-11T15:32:32+00:00\" \/>\n<meta property=\"og:image\" content=\"https:\/\/www.altominho.tv\/site\/wp-content\/uploads\/2020\/10\/noite.jpg\" \/>\n\t<meta property=\"og:image:width\" content=\"1920\" \/>\n\t<meta property=\"og:image:height\" content=\"1080\" \/>\n\t<meta property=\"og:image:type\" content=\"image\/jpeg\" \/>\n<meta name=\"author\" content=\"Andreia Ferreira\" \/>\n<meta name=\"twitter:card\" content=\"summary_large_image\" \/>\n<meta name=\"twitter:creator\" content=\"@altominhoTV\" \/>\n<meta name=\"twitter:site\" content=\"@altominhoTV\" \/>\n<meta name=\"twitter:label1\" content=\"Escrito por\" \/>\n\t<meta name=\"twitter:data1\" content=\"Andreia Ferreira\" \/>\n\t<meta name=\"twitter:label2\" content=\"Tempo estimado de leitura\" \/>\n\t<meta name=\"twitter:data2\" content=\"3 minutos\" \/>\n<script type=\"application\/ld+json\" class=\"yoast-schema-graph\">{\"@context\":\"https:\\\/\\\/schema.org\",\"@graph\":[{\"@type\":\"Article\",\"@id\":\"https:\\\/\\\/www.altominho.tv\\\/site\\\/2021\\\/10\\\/11\\\/noite-dos-medos-esta-de-regresso-a-melgaco\\\/#article\",\"isPartOf\":{\"@id\":\"https:\\\/\\\/www.altominho.tv\\\/site\\\/2021\\\/10\\\/11\\\/noite-dos-medos-esta-de-regresso-a-melgaco\\\/\"},\"author\":{\"name\":\"Andreia Ferreira\",\"@id\":\"https:\\\/\\\/www.altominho.tv\\\/site\\\/#\\\/schema\\\/person\\\/d9be4265364723f14ea8e0d56a1d38cd\"},\"headline\":\"Noite dos Medos est\u00e1 de regresso a Melga\u00e7o\",\"datePublished\":\"2021-10-11T15:29:56+00:00\",\"dateModified\":\"2021-10-11T15:32:32+00:00\",\"mainEntityOfPage\":{\"@id\":\"https:\\\/\\\/www.altominho.tv\\\/site\\\/2021\\\/10\\\/11\\\/noite-dos-medos-esta-de-regresso-a-melgaco\\\/\"},\"wordCount\":611,\"image\":{\"@id\":\"https:\\\/\\\/www.altominho.tv\\\/site\\\/2021\\\/10\\\/11\\\/noite-dos-medos-esta-de-regresso-a-melgaco\\\/#primaryimage\"},\"thumbnailUrl\":\"https:\\\/\\\/www.altominho.tv\\\/site\\\/wp-content\\\/uploads\\\/2020\\\/10\\\/noite.jpg\",\"keywords\":[\"Cultura\",\"Lazer\"],\"articleSection\":[\"Melga\u00e7o\"],\"inLanguage\":\"pt-PT\",\"copyrightYear\":\"2021\",\"copyrightHolder\":{\"@id\":\"https:\\\/\\\/www.altominho.tv\\\/site\\\/#organization\"}},{\"@type\":\"WebPage\",\"@id\":\"https:\\\/\\\/www.altominho.tv\\\/site\\\/2021\\\/10\\\/11\\\/noite-dos-medos-esta-de-regresso-a-melgaco\\\/\",\"url\":\"https:\\\/\\\/www.altominho.tv\\\/site\\\/2021\\\/10\\\/11\\\/noite-dos-medos-esta-de-regresso-a-melgaco\\\/\",\"name\":\"Noite dos Medos est\u00e1 de regresso a Melga\u00e7o\",\"isPartOf\":{\"@id\":\"https:\\\/\\\/www.altominho.tv\\\/site\\\/#website\"},\"primaryImageOfPage\":{\"@id\":\"https:\\\/\\\/www.altominho.tv\\\/site\\\/2021\\\/10\\\/11\\\/noite-dos-medos-esta-de-regresso-a-melgaco\\\/#primaryimage\"},\"image\":{\"@id\":\"https:\\\/\\\/www.altominho.tv\\\/site\\\/2021\\\/10\\\/11\\\/noite-dos-medos-esta-de-regresso-a-melgaco\\\/#primaryimage\"},\"thumbnailUrl\":\"https:\\\/\\\/www.altominho.tv\\\/site\\\/wp-content\\\/uploads\\\/2020\\\/10\\\/noite.jpg\",\"datePublished\":\"2021-10-11T15:29:56+00:00\",\"dateModified\":\"2021-10-11T15:32:32+00:00\",\"author\":{\"@id\":\"https:\\\/\\\/www.altominho.tv\\\/site\\\/#\\\/schema\\\/person\\\/d9be4265364723f14ea8e0d56a1d38cd\"},\"breadcrumb\":{\"@id\":\"https:\\\/\\\/www.altominho.tv\\\/site\\\/2021\\\/10\\\/11\\\/noite-dos-medos-esta-de-regresso-a-melgaco\\\/#breadcrumb\"},\"inLanguage\":\"pt-PT\",\"potentialAction\":[{\"@type\":\"ReadAction\",\"target\":[\"https:\\\/\\\/www.altominho.tv\\\/site\\\/2021\\\/10\\\/11\\\/noite-dos-medos-esta-de-regresso-a-melgaco\\\/\"]}]},{\"@type\":\"ImageObject\",\"inLanguage\":\"pt-PT\",\"@id\":\"https:\\\/\\\/www.altominho.tv\\\/site\\\/2021\\\/10\\\/11\\\/noite-dos-medos-esta-de-regresso-a-melgaco\\\/#primaryimage\",\"url\":\"https:\\\/\\\/www.altominho.tv\\\/site\\\/wp-content\\\/uploads\\\/2020\\\/10\\\/noite.jpg\",\"contentUrl\":\"https:\\\/\\\/www.altominho.tv\\\/site\\\/wp-content\\\/uploads\\\/2020\\\/10\\\/noite.jpg\",\"width\":1920,\"height\":1080},{\"@type\":\"BreadcrumbList\",\"@id\":\"https:\\\/\\\/www.altominho.tv\\\/site\\\/2021\\\/10\\\/11\\\/noite-dos-medos-esta-de-regresso-a-melgaco\\\/#breadcrumb\",\"itemListElement\":[{\"@type\":\"ListItem\",\"position\":1,\"name\":\"In\u00edcio\",\"item\":\"https:\\\/\\\/www.altominho.tv\\\/site\\\/\"},{\"@type\":\"ListItem\",\"position\":2,\"name\":\"Noite dos Medos est\u00e1 de regresso a Melga\u00e7o\"}]},{\"@type\":\"WebSite\",\"@id\":\"https:\\\/\\\/www.altominho.tv\\\/site\\\/#website\",\"url\":\"https:\\\/\\\/www.altominho.tv\\\/site\\\/\",\"name\":\"Altominho.tv\",\"description\":\"A sua regi\u00e3o \u00e0 dist\u00e2ncia de um clique...\",\"potentialAction\":[{\"@type\":\"SearchAction\",\"target\":{\"@type\":\"EntryPoint\",\"urlTemplate\":\"https:\\\/\\\/www.altominho.tv\\\/site\\\/?s={search_term_string}\"},\"query-input\":{\"@type\":\"PropertyValueSpecification\",\"valueRequired\":true,\"valueName\":\"search_term_string\"}}],\"inLanguage\":\"pt-PT\"},{\"@type\":\"Person\",\"@id\":\"https:\\\/\\\/www.altominho.tv\\\/site\\\/#\\\/schema\\\/person\\\/d9be4265364723f14ea8e0d56a1d38cd\",\"name\":\"Andreia Ferreira\",\"image\":{\"@type\":\"ImageObject\",\"inLanguage\":\"pt-PT\",\"@id\":\"https:\\\/\\\/www.altominho.tv\\\/site\\\/wp-content\\\/uploads\\\/2021\\\/01\\\/AndreiaFerreira-150x150.jpg\",\"url\":\"https:\\\/\\\/www.altominho.tv\\\/site\\\/wp-content\\\/uploads\\\/2021\\\/01\\\/AndreiaFerreira-150x150.jpg\",\"contentUrl\":\"https:\\\/\\\/www.altominho.tv\\\/site\\\/wp-content\\\/uploads\\\/2021\\\/01\\\/AndreiaFerreira-150x150.jpg\",\"caption\":\"Andreia Ferreira\"},\"url\":\"https:\\\/\\\/www.altominho.tv\\\/site\\\/author\\\/andreiaferreira\\\/\"}]}<\/script>\n<!-- \/ Yoast SEO Premium plugin. -->","yoast_head_json":{"title":"Noite dos Medos est\u00e1 de regresso a Melga\u00e7o","robots":{"index":"index","follow":"follow","max-snippet":"max-snippet:-1","max-image-preview":"max-image-preview:large","max-video-preview":"max-video-preview:-1"},"canonical":"https:\/\/www.altominho.tv\/site\/2021\/10\/11\/noite-dos-medos-esta-de-regresso-a-melgaco\/","og_locale":"pt_PT","og_type":"article","og_title":"Noite dos Medos est\u00e1 de regresso a Melga\u00e7o","og_description":"Melga\u00e7o volta a vestir-se a rigor para celebrar, a 30 de outubro, mais uma \u201cNoite dos Medos\u201d. Este ano, o programa da 5.\u00aa edi\u00e7\u00e3o inclui iniciativas sob a tem\u00e1tica do Cinema. Na nota enviada \u00e0 imprensa, o munic\u00edpio adianta que uma exposi\u00e7\u00e3o de cartazes de filmes da cole\u00e7\u00e3o Jean Loup Passek, patente na Casa da [&hellip;]","og_url":"https:\/\/www.altominho.tv\/site\/2021\/10\/11\/noite-dos-medos-esta-de-regresso-a-melgaco\/","og_site_name":"Altominho.tv","article_publisher":"https:\/\/www.facebook.com\/altominhotv","article_published_time":"2021-10-11T15:29:56+00:00","article_modified_time":"2021-10-11T15:32:32+00:00","og_image":[{"width":1920,"height":1080,"url":"https:\/\/www.altominho.tv\/site\/wp-content\/uploads\/2020\/10\/noite.jpg","type":"image\/jpeg"}],"author":"Andreia Ferreira","twitter_card":"summary_large_image","twitter_creator":"@altominhoTV","twitter_site":"@altominhoTV","twitter_misc":{"Escrito por":"Andreia Ferreira","Tempo estimado de leitura":"3 minutos"},"schema":{"@context":"https:\/\/schema.org","@graph":[{"@type":"Article","@id":"https:\/\/www.altominho.tv\/site\/2021\/10\/11\/noite-dos-medos-esta-de-regresso-a-melgaco\/#article","isPartOf":{"@id":"https:\/\/www.altominho.tv\/site\/2021\/10\/11\/noite-dos-medos-esta-de-regresso-a-melgaco\/"},"author":{"name":"Andreia Ferreira","@id":"https:\/\/www.altominho.tv\/site\/#\/schema\/person\/d9be4265364723f14ea8e0d56a1d38cd"},"headline":"Noite dos Medos est\u00e1 de regresso a Melga\u00e7o","datePublished":"2021-10-11T15:29:56+00:00","dateModified":"2021-10-11T15:32:32+00:00","mainEntityOfPage":{"@id":"https:\/\/www.altominho.tv\/site\/2021\/10\/11\/noite-dos-medos-esta-de-regresso-a-melgaco\/"},"wordCount":611,"image":{"@id":"https:\/\/www.altominho.tv\/site\/2021\/10\/11\/noite-dos-medos-esta-de-regresso-a-melgaco\/#primaryimage"},"thumbnailUrl":"https:\/\/www.altominho.tv\/site\/wp-content\/uploads\/2020\/10\/noite.jpg","keywords":["Cultura","Lazer"],"articleSection":["Melga\u00e7o"],"inLanguage":"pt-PT","copyrightYear":"2021","copyrightHolder":{"@id":"https:\/\/www.altominho.tv\/site\/#organization"}},{"@type":"WebPage","@id":"https:\/\/www.altominho.tv\/site\/2021\/10\/11\/noite-dos-medos-esta-de-regresso-a-melgaco\/","url":"https:\/\/www.altominho.tv\/site\/2021\/10\/11\/noite-dos-medos-esta-de-regresso-a-melgaco\/","name":"Noite dos Medos est\u00e1 de regresso a Melga\u00e7o","isPartOf":{"@id":"https:\/\/www.altominho.tv\/site\/#website"},"primaryImageOfPage":{"@id":"https:\/\/www.altominho.tv\/site\/2021\/10\/11\/noite-dos-medos-esta-de-regresso-a-melgaco\/#primaryimage"},"image":{"@id":"https:\/\/www.altominho.tv\/site\/2021\/10\/11\/noite-dos-medos-esta-de-regresso-a-melgaco\/#primaryimage"},"thumbnailUrl":"https:\/\/www.altominho.tv\/site\/wp-content\/uploads\/2020\/10\/noite.jpg","datePublished":"2021-10-11T15:29:56+00:00","dateModified":"2021-10-11T15:32:32+00:00","author":{"@id":"https:\/\/www.altominho.tv\/site\/#\/schema\/person\/d9be4265364723f14ea8e0d56a1d38cd"},"breadcrumb":{"@id":"https:\/\/www.altominho.tv\/site\/2021\/10\/11\/noite-dos-medos-esta-de-regresso-a-melgaco\/#breadcrumb"},"inLanguage":"pt-PT","potentialAction":[{"@type":"ReadAction","target":["https:\/\/www.altominho.tv\/site\/2021\/10\/11\/noite-dos-medos-esta-de-regresso-a-melgaco\/"]}]},{"@type":"ImageObject","inLanguage":"pt-PT","@id":"https:\/\/www.altominho.tv\/site\/2021\/10\/11\/noite-dos-medos-esta-de-regresso-a-melgaco\/#primaryimage","url":"https:\/\/www.altominho.tv\/site\/wp-content\/uploads\/2020\/10\/noite.jpg","contentUrl":"https:\/\/www.altominho.tv\/site\/wp-content\/uploads\/2020\/10\/noite.jpg","width":1920,"height":1080},{"@type":"BreadcrumbList","@id":"https:\/\/www.altominho.tv\/site\/2021\/10\/11\/noite-dos-medos-esta-de-regresso-a-melgaco\/#breadcrumb","itemListElement":[{"@type":"ListItem","position":1,"name":"In\u00edcio","item":"https:\/\/www.altominho.tv\/site\/"},{"@type":"ListItem","position":2,"name":"Noite dos Medos est\u00e1 de regresso a Melga\u00e7o"}]},{"@type":"WebSite","@id":"https:\/\/www.altominho.tv\/site\/#website","url":"https:\/\/www.altominho.tv\/site\/","name":"Altominho.tv","description":"A sua regi\u00e3o \u00e0 dist\u00e2ncia de um clique...","potentialAction":[{"@type":"SearchAction","target":{"@type":"EntryPoint","urlTemplate":"https:\/\/www.altominho.tv\/site\/?s={search_term_string}"},"query-input":{"@type":"PropertyValueSpecification","valueRequired":true,"valueName":"search_term_string"}}],"inLanguage":"pt-PT"},{"@type":"Person","@id":"https:\/\/www.altominho.tv\/site\/#\/schema\/person\/d9be4265364723f14ea8e0d56a1d38cd","name":"Andreia Ferreira","image":{"@type":"ImageObject","inLanguage":"pt-PT","@id":"https:\/\/www.altominho.tv\/site\/wp-content\/uploads\/2021\/01\/AndreiaFerreira-150x150.jpg","url":"https:\/\/www.altominho.tv\/site\/wp-content\/uploads\/2021\/01\/AndreiaFerreira-150x150.jpg","contentUrl":"https:\/\/www.altominho.tv\/site\/wp-content\/uploads\/2021\/01\/AndreiaFerreira-150x150.jpg","caption":"Andreia Ferreira"},"url":"https:\/\/www.altominho.tv\/site\/author\/andreiaferreira\/"}]}},"_links":{"self":[{"href":"https:\/\/www.altominho.tv\/site\/wp-json\/wp\/v2\/posts\/71472","targetHints":{"allow":["GET"]}}],"collection":[{"href":"https:\/\/www.altominho.tv\/site\/wp-json\/wp\/v2\/posts"}],"about":[{"href":"https:\/\/www.altominho.tv\/site\/wp-json\/wp\/v2\/types\/post"}],"author":[{"embeddable":true,"href":"https:\/\/www.altominho.tv\/site\/wp-json\/wp\/v2\/users\/12"}],"replies":[{"embeddable":true,"href":"https:\/\/www.altominho.tv\/site\/wp-json\/wp\/v2\/comments?post=71472"}],"version-history":[{"count":0,"href":"https:\/\/www.altominho.tv\/site\/wp-json\/wp\/v2\/posts\/71472\/revisions"}],"wp:featuredmedia":[{"embeddable":true,"href":"https:\/\/www.altominho.tv\/site\/wp-json\/wp\/v2\/media\/54610"}],"wp:attachment":[{"href":"https:\/\/www.altominho.tv\/site\/wp-json\/wp\/v2\/media?parent=71472"}],"wp:term":[{"taxonomy":"category","embeddable":true,"href":"https:\/\/www.altominho.tv\/site\/wp-json\/wp\/v2\/categories?post=71472"},{"taxonomy":"post_tag","embeddable":true,"href":"https:\/\/www.altominho.tv\/site\/wp-json\/wp\/v2\/tags?post=71472"}],"curies":[{"name":"wp","href":"https:\/\/api.w.org\/{rel}","templated":true}]}}