{"id":71137,"date":"2021-09-30T12:27:18","date_gmt":"2021-09-30T11:27:18","guid":{"rendered":"https:\/\/www.altominho.tv\/site\/?p=71137"},"modified":"2021-09-30T12:32:17","modified_gmt":"2021-09-30T11:32:17","slug":"ciclo-de-polinizacao-leva-musica-a-paredes-de-coura-durante-tres-fins-de-semana","status":"publish","type":"post","link":"https:\/\/www.altominho.tv\/site\/2021\/09\/30\/ciclo-de-polinizacao-leva-musica-a-paredes-de-coura-durante-tres-fins-de-semana\/","title":{"rendered":"Ciclo de Poliniza\u00e7\u00e3o leva m\u00fasica a Paredes de Coura durante tr\u00eas fins de semana"},"content":{"rendered":"<p>O Ciclo de Poliniza\u00e7\u00e3o de Paredes de Coura regressa em outubro para \u201cencher\u201d a vila com m\u00fasica tradicional, cl\u00e1ssica e jazz.<\/p>\n<p>A iniciativa da C\u00e2mara de Paredes de Coura, em parceria com a Associa\u00e7\u00e3o Cultural LANDRA e a Associa\u00e7\u00e3o Porta-Jazz,\u00a0prev\u00ea \u201cconcertos de m\u00fasica tradicional, cl\u00e1ssica e jazz, composto tamb\u00e9m por <em>workshops<\/em> e atividades ligadas \u00e0 m\u00fasica, \u00e0s artes e \u00e0 natureza\u201d.<\/p>\n<p>Cada m\u00eas do Ciclo de Poliniza\u00e7\u00e3o tem tr\u00eas fins de semana tem\u00e1ticos, dedicados alternadamente a um destes g\u00e9neros musicais. Em outubro, este ciclo come\u00e7a pela m\u00fasica tradicional, entre os dias 1 e 3, seguindo-se o jazz, entre 8 e 10, e a m\u00fasica cl\u00e1ssica, entre 15 e 17 de outubro.<\/p>\n<p>\u201cDepois de tr\u00eas meses de concertos e atividades repartidas por v\u00e1rios fins de semana, outubro ser\u00e1 o \u00faltimo m\u00eas do Ciclo de Poliniza\u00e7\u00e3o, marcado novamente por uma programa\u00e7\u00e3o ecl\u00e9tica que promete celebrar o melhor da m\u00fasica e da cultura portuguesa\u201d, refere o munic\u00edpio.<\/p>\n<p>O primeiro fim de semana conta com atua\u00e7\u00f5es de Mario Lucio, na sexta-feira, pelas 21h30, no Centro Cultural de Paredes de Coura, de Rodrigo Romani Trio, no s\u00e1bado, pelas 21h30, no Centro Cultural, e Segue-me \u00e0 Capela, no domingo, \u00e0s 17h30, no Museu Regional.<\/p>\n<p>A entrada \u00e9 gratuita, mas o levantamento do bilhete dever\u00e1 ser feito 30 minutos antes do in\u00edcio dos concertos, no respetivo local.<\/p>\n<p>Durante estes dias, est\u00e3o ainda previstas uma Oficina de Dan\u00e7as do Mundo e uma caminhada, que acontece no domingo, \u00e0s 09h30, com partida no Largo da C\u00e2mara Municipal.<\/p>\n","protected":false},"excerpt":{"rendered":"<p>O Ciclo de Poliniza\u00e7\u00e3o de Paredes de Coura regressa em outubro para \u201cencher\u201d a vila com m\u00fasica tradicional, cl\u00e1ssica e jazz. A iniciativa da C\u00e2mara de Paredes de Coura, em parceria com a Associa\u00e7\u00e3o Cultural LANDRA e a Associa\u00e7\u00e3o Porta-Jazz,\u00a0prev\u00ea \u201cconcertos de m\u00fasica tradicional, cl\u00e1ssica e jazz, composto tamb\u00e9m por workshops e atividades ligadas \u00e0 [&hellip;]<\/p>\n","protected":false},"author":12,"featured_media":71138,"comment_status":"closed","ping_status":"closed","sticky":false,"template":"","format":"standard","meta":{"_exactmetrics_skip_tracking":false,"_exactmetrics_sitenote_active":false,"_exactmetrics_sitenote_note":"","_exactmetrics_sitenote_category":0,"footnotes":""},"categories":[10],"tags":[19],"class_list":["post-71137","post","type-post","status-publish","format-standard","has-post-thumbnail","hentry","category-paredes-de-coura","tag-cultura"],"yoast_head":"<!-- This site is optimized with the Yoast SEO Premium plugin v27.4 (Yoast SEO v27.4) - https:\/\/yoast.com\/product\/yoast-seo-premium-wordpress\/ -->\n<title>Ciclo de Poliniza\u00e7\u00e3o leva m\u00fasica a Paredes de Coura durante tr\u00eas fins de semana<\/title>\n<meta name=\"robots\" content=\"index, follow, max-snippet:-1, max-image-preview:large, max-video-preview:-1\" \/>\n<link rel=\"canonical\" href=\"https:\/\/www.altominho.tv\/site\/2021\/09\/30\/ciclo-de-polinizacao-leva-musica-a-paredes-de-coura-durante-tres-fins-de-semana\/\" \/>\n<meta property=\"og:locale\" content=\"pt_PT\" \/>\n<meta property=\"og:type\" content=\"article\" \/>\n<meta property=\"og:title\" content=\"Ciclo de Poliniza\u00e7\u00e3o leva m\u00fasica a Paredes de Coura durante tr\u00eas fins de semana\" \/>\n<meta property=\"og:description\" content=\"O Ciclo de Poliniza\u00e7\u00e3o de Paredes de Coura regressa em outubro para \u201cencher\u201d a vila com m\u00fasica tradicional, cl\u00e1ssica e jazz. A iniciativa da C\u00e2mara de Paredes de Coura, em parceria com a Associa\u00e7\u00e3o Cultural LANDRA e a Associa\u00e7\u00e3o Porta-Jazz,\u00a0prev\u00ea \u201cconcertos de m\u00fasica tradicional, cl\u00e1ssica e jazz, composto tamb\u00e9m por workshops e atividades ligadas \u00e0 [&hellip;]\" \/>\n<meta property=\"og:url\" content=\"https:\/\/www.altominho.tv\/site\/2021\/09\/30\/ciclo-de-polinizacao-leva-musica-a-paredes-de-coura-durante-tres-fins-de-semana\/\" \/>\n<meta property=\"og:site_name\" content=\"Altominho.tv\" \/>\n<meta property=\"article:publisher\" content=\"https:\/\/www.facebook.com\/altominhotv\" \/>\n<meta property=\"article:published_time\" content=\"2021-09-30T11:27:18+00:00\" \/>\n<meta property=\"article:modified_time\" content=\"2021-09-30T11:32:17+00:00\" \/>\n<meta property=\"og:image\" content=\"https:\/\/www.altominho.tv\/site\/wp-content\/uploads\/2021\/09\/229861048_134003428921996_8594746032208085108_n-e1632991758117.jpeg\" \/>\n\t<meta property=\"og:image:width\" content=\"2048\" \/>\n\t<meta property=\"og:image:height\" content=\"1177\" \/>\n\t<meta property=\"og:image:type\" content=\"image\/jpeg\" \/>\n<meta name=\"author\" content=\"Andreia Ferreira\" \/>\n<meta name=\"twitter:card\" content=\"summary_large_image\" \/>\n<meta name=\"twitter:creator\" content=\"@altominhoTV\" \/>\n<meta name=\"twitter:site\" content=\"@altominhoTV\" \/>\n<meta name=\"twitter:label1\" content=\"Escrito por\" \/>\n\t<meta name=\"twitter:data1\" content=\"Andreia Ferreira\" \/>\n\t<meta name=\"twitter:label2\" content=\"Tempo estimado de leitura\" \/>\n\t<meta name=\"twitter:data2\" content=\"2 minutos\" \/>\n<script type=\"application\/ld+json\" class=\"yoast-schema-graph\">{\"@context\":\"https:\\\/\\\/schema.org\",\"@graph\":[{\"@type\":\"Article\",\"@id\":\"https:\\\/\\\/www.altominho.tv\\\/site\\\/2021\\\/09\\\/30\\\/ciclo-de-polinizacao-leva-musica-a-paredes-de-coura-durante-tres-fins-de-semana\\\/#article\",\"isPartOf\":{\"@id\":\"https:\\\/\\\/www.altominho.tv\\\/site\\\/2021\\\/09\\\/30\\\/ciclo-de-polinizacao-leva-musica-a-paredes-de-coura-durante-tres-fins-de-semana\\\/\"},\"author\":{\"name\":\"Andreia Ferreira\",\"@id\":\"https:\\\/\\\/www.altominho.tv\\\/site\\\/#\\\/schema\\\/person\\\/d9be4265364723f14ea8e0d56a1d38cd\"},\"headline\":\"Ciclo de Poliniza\u00e7\u00e3o leva m\u00fasica a Paredes de Coura durante tr\u00eas fins de semana\",\"datePublished\":\"2021-09-30T11:27:18+00:00\",\"dateModified\":\"2021-09-30T11:32:17+00:00\",\"mainEntityOfPage\":{\"@id\":\"https:\\\/\\\/www.altominho.tv\\\/site\\\/2021\\\/09\\\/30\\\/ciclo-de-polinizacao-leva-musica-a-paredes-de-coura-durante-tres-fins-de-semana\\\/\"},\"wordCount\":288,\"image\":{\"@id\":\"https:\\\/\\\/www.altominho.tv\\\/site\\\/2021\\\/09\\\/30\\\/ciclo-de-polinizacao-leva-musica-a-paredes-de-coura-durante-tres-fins-de-semana\\\/#primaryimage\"},\"thumbnailUrl\":\"https:\\\/\\\/www.altominho.tv\\\/site\\\/wp-content\\\/uploads\\\/2021\\\/09\\\/229861048_134003428921996_8594746032208085108_n-e1632991758117.jpeg\",\"keywords\":[\"Cultura\"],\"articleSection\":[\"Paredes de Coura\"],\"inLanguage\":\"pt-PT\",\"copyrightYear\":\"2021\",\"copyrightHolder\":{\"@id\":\"https:\\\/\\\/www.altominho.tv\\\/site\\\/#organization\"}},{\"@type\":\"WebPage\",\"@id\":\"https:\\\/\\\/www.altominho.tv\\\/site\\\/2021\\\/09\\\/30\\\/ciclo-de-polinizacao-leva-musica-a-paredes-de-coura-durante-tres-fins-de-semana\\\/\",\"url\":\"https:\\\/\\\/www.altominho.tv\\\/site\\\/2021\\\/09\\\/30\\\/ciclo-de-polinizacao-leva-musica-a-paredes-de-coura-durante-tres-fins-de-semana\\\/\",\"name\":\"Ciclo de Poliniza\u00e7\u00e3o leva m\u00fasica a Paredes de Coura durante tr\u00eas fins de semana\",\"isPartOf\":{\"@id\":\"https:\\\/\\\/www.altominho.tv\\\/site\\\/#website\"},\"primaryImageOfPage\":{\"@id\":\"https:\\\/\\\/www.altominho.tv\\\/site\\\/2021\\\/09\\\/30\\\/ciclo-de-polinizacao-leva-musica-a-paredes-de-coura-durante-tres-fins-de-semana\\\/#primaryimage\"},\"image\":{\"@id\":\"https:\\\/\\\/www.altominho.tv\\\/site\\\/2021\\\/09\\\/30\\\/ciclo-de-polinizacao-leva-musica-a-paredes-de-coura-durante-tres-fins-de-semana\\\/#primaryimage\"},\"thumbnailUrl\":\"https:\\\/\\\/www.altominho.tv\\\/site\\\/wp-content\\\/uploads\\\/2021\\\/09\\\/229861048_134003428921996_8594746032208085108_n-e1632991758117.jpeg\",\"datePublished\":\"2021-09-30T11:27:18+00:00\",\"dateModified\":\"2021-09-30T11:32:17+00:00\",\"author\":{\"@id\":\"https:\\\/\\\/www.altominho.tv\\\/site\\\/#\\\/schema\\\/person\\\/d9be4265364723f14ea8e0d56a1d38cd\"},\"breadcrumb\":{\"@id\":\"https:\\\/\\\/www.altominho.tv\\\/site\\\/2021\\\/09\\\/30\\\/ciclo-de-polinizacao-leva-musica-a-paredes-de-coura-durante-tres-fins-de-semana\\\/#breadcrumb\"},\"inLanguage\":\"pt-PT\",\"potentialAction\":[{\"@type\":\"ReadAction\",\"target\":[\"https:\\\/\\\/www.altominho.tv\\\/site\\\/2021\\\/09\\\/30\\\/ciclo-de-polinizacao-leva-musica-a-paredes-de-coura-durante-tres-fins-de-semana\\\/\"]}]},{\"@type\":\"ImageObject\",\"inLanguage\":\"pt-PT\",\"@id\":\"https:\\\/\\\/www.altominho.tv\\\/site\\\/2021\\\/09\\\/30\\\/ciclo-de-polinizacao-leva-musica-a-paredes-de-coura-durante-tres-fins-de-semana\\\/#primaryimage\",\"url\":\"https:\\\/\\\/www.altominho.tv\\\/site\\\/wp-content\\\/uploads\\\/2021\\\/09\\\/229861048_134003428921996_8594746032208085108_n-e1632991758117.jpeg\",\"contentUrl\":\"https:\\\/\\\/www.altominho.tv\\\/site\\\/wp-content\\\/uploads\\\/2021\\\/09\\\/229861048_134003428921996_8594746032208085108_n-e1632991758117.jpeg\",\"width\":2048,\"height\":1177,\"caption\":\"FACEBOOK CICLO DE POLINIZA\u00c7\u00c3O DE PAREDES DE COURA\"},{\"@type\":\"BreadcrumbList\",\"@id\":\"https:\\\/\\\/www.altominho.tv\\\/site\\\/2021\\\/09\\\/30\\\/ciclo-de-polinizacao-leva-musica-a-paredes-de-coura-durante-tres-fins-de-semana\\\/#breadcrumb\",\"itemListElement\":[{\"@type\":\"ListItem\",\"position\":1,\"name\":\"In\u00edcio\",\"item\":\"https:\\\/\\\/www.altominho.tv\\\/site\\\/\"},{\"@type\":\"ListItem\",\"position\":2,\"name\":\"Ciclo de Poliniza\u00e7\u00e3o leva m\u00fasica a Paredes de Coura durante tr\u00eas fins de semana\"}]},{\"@type\":\"WebSite\",\"@id\":\"https:\\\/\\\/www.altominho.tv\\\/site\\\/#website\",\"url\":\"https:\\\/\\\/www.altominho.tv\\\/site\\\/\",\"name\":\"Altominho.tv\",\"description\":\"A sua regi\u00e3o \u00e0 dist\u00e2ncia de um clique...\",\"potentialAction\":[{\"@type\":\"SearchAction\",\"target\":{\"@type\":\"EntryPoint\",\"urlTemplate\":\"https:\\\/\\\/www.altominho.tv\\\/site\\\/?s={search_term_string}\"},\"query-input\":{\"@type\":\"PropertyValueSpecification\",\"valueRequired\":true,\"valueName\":\"search_term_string\"}}],\"inLanguage\":\"pt-PT\"},{\"@type\":\"Person\",\"@id\":\"https:\\\/\\\/www.altominho.tv\\\/site\\\/#\\\/schema\\\/person\\\/d9be4265364723f14ea8e0d56a1d38cd\",\"name\":\"Andreia Ferreira\",\"image\":{\"@type\":\"ImageObject\",\"inLanguage\":\"pt-PT\",\"@id\":\"https:\\\/\\\/www.altominho.tv\\\/site\\\/wp-content\\\/uploads\\\/2021\\\/01\\\/AndreiaFerreira-150x150.jpg\",\"url\":\"https:\\\/\\\/www.altominho.tv\\\/site\\\/wp-content\\\/uploads\\\/2021\\\/01\\\/AndreiaFerreira-150x150.jpg\",\"contentUrl\":\"https:\\\/\\\/www.altominho.tv\\\/site\\\/wp-content\\\/uploads\\\/2021\\\/01\\\/AndreiaFerreira-150x150.jpg\",\"caption\":\"Andreia Ferreira\"},\"url\":\"https:\\\/\\\/www.altominho.tv\\\/site\\\/author\\\/andreiaferreira\\\/\"}]}<\/script>\n<!-- \/ Yoast SEO Premium plugin. -->","yoast_head_json":{"title":"Ciclo de Poliniza\u00e7\u00e3o leva m\u00fasica a Paredes de Coura durante tr\u00eas fins de semana","robots":{"index":"index","follow":"follow","max-snippet":"max-snippet:-1","max-image-preview":"max-image-preview:large","max-video-preview":"max-video-preview:-1"},"canonical":"https:\/\/www.altominho.tv\/site\/2021\/09\/30\/ciclo-de-polinizacao-leva-musica-a-paredes-de-coura-durante-tres-fins-de-semana\/","og_locale":"pt_PT","og_type":"article","og_title":"Ciclo de Poliniza\u00e7\u00e3o leva m\u00fasica a Paredes de Coura durante tr\u00eas fins de semana","og_description":"O Ciclo de Poliniza\u00e7\u00e3o de Paredes de Coura regressa em outubro para \u201cencher\u201d a vila com m\u00fasica tradicional, cl\u00e1ssica e jazz. A iniciativa da C\u00e2mara de Paredes de Coura, em parceria com a Associa\u00e7\u00e3o Cultural LANDRA e a Associa\u00e7\u00e3o Porta-Jazz,\u00a0prev\u00ea \u201cconcertos de m\u00fasica tradicional, cl\u00e1ssica e jazz, composto tamb\u00e9m por workshops e atividades ligadas \u00e0 [&hellip;]","og_url":"https:\/\/www.altominho.tv\/site\/2021\/09\/30\/ciclo-de-polinizacao-leva-musica-a-paredes-de-coura-durante-tres-fins-de-semana\/","og_site_name":"Altominho.tv","article_publisher":"https:\/\/www.facebook.com\/altominhotv","article_published_time":"2021-09-30T11:27:18+00:00","article_modified_time":"2021-09-30T11:32:17+00:00","og_image":[{"width":2048,"height":1177,"url":"https:\/\/www.altominho.tv\/site\/wp-content\/uploads\/2021\/09\/229861048_134003428921996_8594746032208085108_n-e1632991758117.jpeg","type":"image\/jpeg"}],"author":"Andreia Ferreira","twitter_card":"summary_large_image","twitter_creator":"@altominhoTV","twitter_site":"@altominhoTV","twitter_misc":{"Escrito por":"Andreia Ferreira","Tempo estimado de leitura":"2 minutos"},"schema":{"@context":"https:\/\/schema.org","@graph":[{"@type":"Article","@id":"https:\/\/www.altominho.tv\/site\/2021\/09\/30\/ciclo-de-polinizacao-leva-musica-a-paredes-de-coura-durante-tres-fins-de-semana\/#article","isPartOf":{"@id":"https:\/\/www.altominho.tv\/site\/2021\/09\/30\/ciclo-de-polinizacao-leva-musica-a-paredes-de-coura-durante-tres-fins-de-semana\/"},"author":{"name":"Andreia Ferreira","@id":"https:\/\/www.altominho.tv\/site\/#\/schema\/person\/d9be4265364723f14ea8e0d56a1d38cd"},"headline":"Ciclo de Poliniza\u00e7\u00e3o leva m\u00fasica a Paredes de Coura durante tr\u00eas fins de semana","datePublished":"2021-09-30T11:27:18+00:00","dateModified":"2021-09-30T11:32:17+00:00","mainEntityOfPage":{"@id":"https:\/\/www.altominho.tv\/site\/2021\/09\/30\/ciclo-de-polinizacao-leva-musica-a-paredes-de-coura-durante-tres-fins-de-semana\/"},"wordCount":288,"image":{"@id":"https:\/\/www.altominho.tv\/site\/2021\/09\/30\/ciclo-de-polinizacao-leva-musica-a-paredes-de-coura-durante-tres-fins-de-semana\/#primaryimage"},"thumbnailUrl":"https:\/\/www.altominho.tv\/site\/wp-content\/uploads\/2021\/09\/229861048_134003428921996_8594746032208085108_n-e1632991758117.jpeg","keywords":["Cultura"],"articleSection":["Paredes de Coura"],"inLanguage":"pt-PT","copyrightYear":"2021","copyrightHolder":{"@id":"https:\/\/www.altominho.tv\/site\/#organization"}},{"@type":"WebPage","@id":"https:\/\/www.altominho.tv\/site\/2021\/09\/30\/ciclo-de-polinizacao-leva-musica-a-paredes-de-coura-durante-tres-fins-de-semana\/","url":"https:\/\/www.altominho.tv\/site\/2021\/09\/30\/ciclo-de-polinizacao-leva-musica-a-paredes-de-coura-durante-tres-fins-de-semana\/","name":"Ciclo de Poliniza\u00e7\u00e3o leva m\u00fasica a Paredes de Coura durante tr\u00eas fins de semana","isPartOf":{"@id":"https:\/\/www.altominho.tv\/site\/#website"},"primaryImageOfPage":{"@id":"https:\/\/www.altominho.tv\/site\/2021\/09\/30\/ciclo-de-polinizacao-leva-musica-a-paredes-de-coura-durante-tres-fins-de-semana\/#primaryimage"},"image":{"@id":"https:\/\/www.altominho.tv\/site\/2021\/09\/30\/ciclo-de-polinizacao-leva-musica-a-paredes-de-coura-durante-tres-fins-de-semana\/#primaryimage"},"thumbnailUrl":"https:\/\/www.altominho.tv\/site\/wp-content\/uploads\/2021\/09\/229861048_134003428921996_8594746032208085108_n-e1632991758117.jpeg","datePublished":"2021-09-30T11:27:18+00:00","dateModified":"2021-09-30T11:32:17+00:00","author":{"@id":"https:\/\/www.altominho.tv\/site\/#\/schema\/person\/d9be4265364723f14ea8e0d56a1d38cd"},"breadcrumb":{"@id":"https:\/\/www.altominho.tv\/site\/2021\/09\/30\/ciclo-de-polinizacao-leva-musica-a-paredes-de-coura-durante-tres-fins-de-semana\/#breadcrumb"},"inLanguage":"pt-PT","potentialAction":[{"@type":"ReadAction","target":["https:\/\/www.altominho.tv\/site\/2021\/09\/30\/ciclo-de-polinizacao-leva-musica-a-paredes-de-coura-durante-tres-fins-de-semana\/"]}]},{"@type":"ImageObject","inLanguage":"pt-PT","@id":"https:\/\/www.altominho.tv\/site\/2021\/09\/30\/ciclo-de-polinizacao-leva-musica-a-paredes-de-coura-durante-tres-fins-de-semana\/#primaryimage","url":"https:\/\/www.altominho.tv\/site\/wp-content\/uploads\/2021\/09\/229861048_134003428921996_8594746032208085108_n-e1632991758117.jpeg","contentUrl":"https:\/\/www.altominho.tv\/site\/wp-content\/uploads\/2021\/09\/229861048_134003428921996_8594746032208085108_n-e1632991758117.jpeg","width":2048,"height":1177,"caption":"FACEBOOK CICLO DE POLINIZA\u00c7\u00c3O DE PAREDES DE COURA"},{"@type":"BreadcrumbList","@id":"https:\/\/www.altominho.tv\/site\/2021\/09\/30\/ciclo-de-polinizacao-leva-musica-a-paredes-de-coura-durante-tres-fins-de-semana\/#breadcrumb","itemListElement":[{"@type":"ListItem","position":1,"name":"In\u00edcio","item":"https:\/\/www.altominho.tv\/site\/"},{"@type":"ListItem","position":2,"name":"Ciclo de Poliniza\u00e7\u00e3o leva m\u00fasica a Paredes de Coura durante tr\u00eas fins de semana"}]},{"@type":"WebSite","@id":"https:\/\/www.altominho.tv\/site\/#website","url":"https:\/\/www.altominho.tv\/site\/","name":"Altominho.tv","description":"A sua regi\u00e3o \u00e0 dist\u00e2ncia de um clique...","potentialAction":[{"@type":"SearchAction","target":{"@type":"EntryPoint","urlTemplate":"https:\/\/www.altominho.tv\/site\/?s={search_term_string}"},"query-input":{"@type":"PropertyValueSpecification","valueRequired":true,"valueName":"search_term_string"}}],"inLanguage":"pt-PT"},{"@type":"Person","@id":"https:\/\/www.altominho.tv\/site\/#\/schema\/person\/d9be4265364723f14ea8e0d56a1d38cd","name":"Andreia Ferreira","image":{"@type":"ImageObject","inLanguage":"pt-PT","@id":"https:\/\/www.altominho.tv\/site\/wp-content\/uploads\/2021\/01\/AndreiaFerreira-150x150.jpg","url":"https:\/\/www.altominho.tv\/site\/wp-content\/uploads\/2021\/01\/AndreiaFerreira-150x150.jpg","contentUrl":"https:\/\/www.altominho.tv\/site\/wp-content\/uploads\/2021\/01\/AndreiaFerreira-150x150.jpg","caption":"Andreia Ferreira"},"url":"https:\/\/www.altominho.tv\/site\/author\/andreiaferreira\/"}]}},"_links":{"self":[{"href":"https:\/\/www.altominho.tv\/site\/wp-json\/wp\/v2\/posts\/71137","targetHints":{"allow":["GET"]}}],"collection":[{"href":"https:\/\/www.altominho.tv\/site\/wp-json\/wp\/v2\/posts"}],"about":[{"href":"https:\/\/www.altominho.tv\/site\/wp-json\/wp\/v2\/types\/post"}],"author":[{"embeddable":true,"href":"https:\/\/www.altominho.tv\/site\/wp-json\/wp\/v2\/users\/12"}],"replies":[{"embeddable":true,"href":"https:\/\/www.altominho.tv\/site\/wp-json\/wp\/v2\/comments?post=71137"}],"version-history":[{"count":0,"href":"https:\/\/www.altominho.tv\/site\/wp-json\/wp\/v2\/posts\/71137\/revisions"}],"wp:featuredmedia":[{"embeddable":true,"href":"https:\/\/www.altominho.tv\/site\/wp-json\/wp\/v2\/media\/71138"}],"wp:attachment":[{"href":"https:\/\/www.altominho.tv\/site\/wp-json\/wp\/v2\/media?parent=71137"}],"wp:term":[{"taxonomy":"category","embeddable":true,"href":"https:\/\/www.altominho.tv\/site\/wp-json\/wp\/v2\/categories?post=71137"},{"taxonomy":"post_tag","embeddable":true,"href":"https:\/\/www.altominho.tv\/site\/wp-json\/wp\/v2\/tags?post=71137"}],"curies":[{"name":"wp","href":"https:\/\/api.w.org\/{rel}","templated":true}]}}