{"id":7112,"date":"2017-12-18T14:27:37","date_gmt":"2017-12-18T14:27:37","guid":{"rendered":"http:\/\/www.altominho.tv\/site\/?p=7112"},"modified":"2017-12-18T14:27:37","modified_gmt":"2017-12-18T14:27:37","slug":"bispo-de-viana-apela-a-solidariedade-de-todos-para-reerguer-igreja-de-lavradas","status":"publish","type":"post","link":"https:\/\/www.altominho.tv\/site\/2017\/12\/18\/bispo-de-viana-apela-a-solidariedade-de-todos-para-reerguer-igreja-de-lavradas\/","title":{"rendered":"Bispo de Viana apela \u00e0 solidariedade \u201cde todos\u201d para reerguer igreja de Lavradas"},"content":{"rendered":"<p>O bispo de Viana do Castelo, Anacleto Oliveira, apelou hoje \u00e0 solidariedade &#8220;de todos&#8221; para se reconstruir a igreja de Lavradas, em Ponte da Barca, totalmente consumida por um inc\u00eandio que est\u00e1 a ser investigado pela Pol\u00edcia Judici\u00e1ria.<\/p>\n<p>Em nota enviada \u00e0 ag\u00eancia Lusa, Anacleto Oliveira, que se deslocou ao local para manifestar a sua solidariedade aos cat\u00f3licos de Lavradas, disse que &#8220;encontrou muita tristeza mas, ao mesmo tempo, muita motiva\u00e7\u00e3o e \u00e2nimo&#8221;.<\/p>\n<blockquote><p>\n&#8220;\u00c9 tempo de meter m\u00e3os \u00e0 obra&#8221;, apelou o bispo da diocese de Viana do Castelo que real\u00e7ou que o inc\u00eandio que destruiu a igreja paroquial de Lavradas aconteceu &#8220;precisamente durante a primeira noite da semana anterior \u00e0 noite de Natal&#8221;.<\/p><\/blockquote>\n<p>&#8220;Trata-se de uma comunidade paroquial irm\u00e3 de todas as par\u00f3quias da Diocese de Viana do Castelo que, neste momento, precisa da ajuda fraterna dos crist\u00e3os e de todas as outras pessoas&#8221;, sustentou.<\/p>\n<blockquote><p>\n&#8220;Mostremos, nesta hora, como diocesanos de Viana do Castelo, que estamos unidos a Jesus Cristo e, atrav\u00e9s dele, a todas as pessoas que fazem parte desta comunidade e que atravessam um momento dif\u00edcil. Fa\u00e7amo-lo atrav\u00e9s da comunh\u00e3o que nos une como crist\u00e3os da mesma Diocese e como cidad\u00e3os do mesmo pa\u00eds&#8221;, acrescentou.<\/p><\/blockquote>\n<p>Fundada a 3 de novembro de 1977, a diocese de Viana do Castelo \u00e9 a mais jovem do pa\u00eds e integra 291 par\u00f3quias espalhadas pelos dez concelhos do Alto Minho.<\/p>\n<p>A Pol\u00edcia Judici\u00e1ria foi chamada a investigar as causas do inc\u00eandio que hoje destruiu &#8220;por completo&#8221; a igreja de Lavradas, em Ponte da Barca, disse \u00e0 ag\u00eancia Lusa fonte daquela autoridade.<br \/>\nTamb\u00e9m em declara\u00e7\u00f5es \u00e0 Lusa, o comandante dos Bombeiros Volunt\u00e1rios de Ponte da Barca, Jos\u00e9 Freitas, contou que quando os operacionais chegaram ao local a igreja j\u00e1 estava &#8220;totalmente tomada pelas chamas&#8221;.<\/p>\n<p>&#8220;N\u00e3o deu para fazer nada. Por mais que se tentasse, sentimo-nos incapazes&#8221;, afirmou o comandante.<\/p>\n<p>De acordo com aquele respons\u00e1vel, &#8220;apenas foi poss\u00edvel salvar da destrui\u00e7\u00e3o a zona da sacristia&#8221;.<\/p>\n<p>Contactado pela Lusa, o p\u00e1roco local, Filipe S\u00e1, revelou que com a destrui\u00e7\u00e3o do templo, &#8220;as missas v\u00e3o passar a ser celebradas na sede da Junta de Freguesia e da Associa\u00e7\u00e3o Lavradas, espa\u00e7o j\u00e1 disponibilizado \u00e0 par\u00f3quia&#8221;.<\/p>\n<p>O sacerdote cat\u00f3lico adiantou que &#8220;os servi\u00e7os camar\u00e1rios v\u00e3o proceder a an\u00e1lise t\u00e9cnica da fachada e das paredes laterais, para se come\u00e7ar estudar a reabilita\u00e7\u00e3o do templo datado do s\u00e9culo XVII&#8221;.<\/p>\n<blockquote><p>\n&#8220;Ainda \u00e9 cedo para estimar custos, mas ser\u00e1 sempre uma interven\u00e7\u00e3o avultada. N\u00e3o era um templo de elevado valor hist\u00f3rico, mas era a casa dos paroquianos de Lavradas, que ficaram muito abalados&#8221;, sustentou o padre.<\/p><\/blockquote>\n<p>P\u00e1roco de Lavradas h\u00e1 um ano, Filipe S\u00e1 adiantou que o alerta \u00e0s autoridades &#8220;foi dado pela popula\u00e7\u00e3o que acordou com o som dos sinos a tocar descontroladamente&#8221;.<\/p>\n<p>&#8220;N\u00e3o houve nada a fazer&#8221;, lamentou.<\/p>\n<p>O alerta \u00e0s autoridades foi dado cerca das 05:02. O inc\u00eandio foi dado como extinto \u00e0s 06:23.<\/p>\n<p>Ao local compareceram 30 operacionais e oito viaturas dos bombeiros de Ponte da Barca, Ponte de Lima e Arcos de Valdevez.<\/p>\n","protected":false},"excerpt":{"rendered":"<p>O bispo de Viana do Castelo, Anacleto Oliveira, apelou hoje \u00e0 solidariedade &#8220;de todos&#8221; para se reconstruir a igreja de Lavradas, em Ponte da Barca, totalmente consumida por um inc\u00eandio que est\u00e1 a ser investigado pela Pol\u00edcia Judici\u00e1ria. Em nota enviada \u00e0 ag\u00eancia Lusa, Anacleto Oliveira, que se deslocou ao local para manifestar a sua [&hellip;]<\/p>\n","protected":false},"author":6,"featured_media":7113,"comment_status":"closed","ping_status":"closed","sticky":false,"template":"","format":"standard","meta":{"_exactmetrics_skip_tracking":false,"_exactmetrics_sitenote_active":false,"_exactmetrics_sitenote_note":"","_exactmetrics_sitenote_category":0,"footnotes":""},"categories":[11],"tags":[27],"class_list":["post-7112","post","type-post","status-publish","format-standard","has-post-thumbnail","hentry","category-ponte-da-barca","tag-sociedade"],"yoast_head":"<!-- This site is optimized with the Yoast SEO Premium plugin v27.5 (Yoast SEO v27.5) - https:\/\/yoast.com\/product\/yoast-seo-premium-wordpress\/ -->\n<title>Bispo de Viana apela \u00e0 solidariedade \u201cde todos\u201d para reerguer igreja de Lavradas<\/title>\n<meta name=\"robots\" content=\"index, follow, max-snippet:-1, max-image-preview:large, max-video-preview:-1\" \/>\n<link rel=\"canonical\" href=\"https:\/\/www.altominho.tv\/site\/2017\/12\/18\/bispo-de-viana-apela-a-solidariedade-de-todos-para-reerguer-igreja-de-lavradas\/\" \/>\n<meta property=\"og:locale\" content=\"pt_PT\" \/>\n<meta property=\"og:type\" content=\"article\" \/>\n<meta property=\"og:title\" content=\"Bispo de Viana apela \u00e0 solidariedade \u201cde todos\u201d para reerguer igreja de Lavradas\" \/>\n<meta property=\"og:description\" content=\"O bispo de Viana do Castelo, Anacleto Oliveira, apelou hoje \u00e0 solidariedade &#8220;de todos&#8221; para se reconstruir a igreja de Lavradas, em Ponte da Barca, totalmente consumida por um inc\u00eandio que est\u00e1 a ser investigado pela Pol\u00edcia Judici\u00e1ria. Em nota enviada \u00e0 ag\u00eancia Lusa, Anacleto Oliveira, que se deslocou ao local para manifestar a sua [&hellip;]\" \/>\n<meta property=\"og:url\" content=\"https:\/\/www.altominho.tv\/site\/2017\/12\/18\/bispo-de-viana-apela-a-solidariedade-de-todos-para-reerguer-igreja-de-lavradas\/\" \/>\n<meta property=\"og:site_name\" content=\"Altominho.tv\" \/>\n<meta property=\"article:publisher\" content=\"https:\/\/www.facebook.com\/altominhotv\" \/>\n<meta property=\"article:published_time\" content=\"2017-12-18T14:27:37+00:00\" \/>\n<meta property=\"og:image\" content=\"https:\/\/www.altominho.tv\/site\/wp-content\/uploads\/2017\/12\/igreja-1.jpg\" \/>\n\t<meta property=\"og:image:width\" content=\"1334\" \/>\n\t<meta property=\"og:image:height\" content=\"1000\" \/>\n\t<meta property=\"og:image:type\" content=\"image\/jpeg\" \/>\n<meta name=\"author\" content=\"C\u00e1tia Malheiro\" \/>\n<meta name=\"twitter:card\" content=\"summary_large_image\" \/>\n<meta name=\"twitter:creator\" content=\"@altominhoTV\" \/>\n<meta name=\"twitter:site\" content=\"@altominhoTV\" \/>\n<meta name=\"twitter:label1\" content=\"Escrito por\" \/>\n\t<meta name=\"twitter:data1\" content=\"C\u00e1tia Malheiro\" \/>\n\t<meta name=\"twitter:label2\" content=\"Tempo estimado de leitura\" \/>\n\t<meta name=\"twitter:data2\" content=\"3 minutos\" \/>\n<script type=\"application\/ld+json\" class=\"yoast-schema-graph\">{\"@context\":\"https:\\\/\\\/schema.org\",\"@graph\":[{\"@type\":\"Article\",\"@id\":\"https:\\\/\\\/www.altominho.tv\\\/site\\\/2017\\\/12\\\/18\\\/bispo-de-viana-apela-a-solidariedade-de-todos-para-reerguer-igreja-de-lavradas\\\/#article\",\"isPartOf\":{\"@id\":\"https:\\\/\\\/www.altominho.tv\\\/site\\\/2017\\\/12\\\/18\\\/bispo-de-viana-apela-a-solidariedade-de-todos-para-reerguer-igreja-de-lavradas\\\/\"},\"author\":{\"name\":\"C\u00e1tia Malheiro\",\"@id\":\"https:\\\/\\\/www.altominho.tv\\\/site\\\/#\\\/schema\\\/person\\\/5c9404a8b438614c93da6ca09db92574\"},\"headline\":\"Bispo de Viana apela \u00e0 solidariedade \u201cde todos\u201d para reerguer igreja de Lavradas\",\"datePublished\":\"2017-12-18T14:27:37+00:00\",\"mainEntityOfPage\":{\"@id\":\"https:\\\/\\\/www.altominho.tv\\\/site\\\/2017\\\/12\\\/18\\\/bispo-de-viana-apela-a-solidariedade-de-todos-para-reerguer-igreja-de-lavradas\\\/\"},\"wordCount\":546,\"image\":{\"@id\":\"https:\\\/\\\/www.altominho.tv\\\/site\\\/2017\\\/12\\\/18\\\/bispo-de-viana-apela-a-solidariedade-de-todos-para-reerguer-igreja-de-lavradas\\\/#primaryimage\"},\"thumbnailUrl\":\"https:\\\/\\\/www.altominho.tv\\\/site\\\/wp-content\\\/uploads\\\/2017\\\/12\\\/igreja-1.jpg\",\"keywords\":[\"Sociedade\"],\"articleSection\":[\"Ponte da Barca\"],\"inLanguage\":\"pt-PT\",\"copyrightYear\":\"2017\",\"copyrightHolder\":{\"@id\":\"https:\\\/\\\/www.altominho.tv\\\/site\\\/#organization\"}},{\"@type\":\"WebPage\",\"@id\":\"https:\\\/\\\/www.altominho.tv\\\/site\\\/2017\\\/12\\\/18\\\/bispo-de-viana-apela-a-solidariedade-de-todos-para-reerguer-igreja-de-lavradas\\\/\",\"url\":\"https:\\\/\\\/www.altominho.tv\\\/site\\\/2017\\\/12\\\/18\\\/bispo-de-viana-apela-a-solidariedade-de-todos-para-reerguer-igreja-de-lavradas\\\/\",\"name\":\"Bispo de Viana apela \u00e0 solidariedade \u201cde todos\u201d para reerguer igreja de Lavradas\",\"isPartOf\":{\"@id\":\"https:\\\/\\\/www.altominho.tv\\\/site\\\/#website\"},\"primaryImageOfPage\":{\"@id\":\"https:\\\/\\\/www.altominho.tv\\\/site\\\/2017\\\/12\\\/18\\\/bispo-de-viana-apela-a-solidariedade-de-todos-para-reerguer-igreja-de-lavradas\\\/#primaryimage\"},\"image\":{\"@id\":\"https:\\\/\\\/www.altominho.tv\\\/site\\\/2017\\\/12\\\/18\\\/bispo-de-viana-apela-a-solidariedade-de-todos-para-reerguer-igreja-de-lavradas\\\/#primaryimage\"},\"thumbnailUrl\":\"https:\\\/\\\/www.altominho.tv\\\/site\\\/wp-content\\\/uploads\\\/2017\\\/12\\\/igreja-1.jpg\",\"datePublished\":\"2017-12-18T14:27:37+00:00\",\"author\":{\"@id\":\"https:\\\/\\\/www.altominho.tv\\\/site\\\/#\\\/schema\\\/person\\\/5c9404a8b438614c93da6ca09db92574\"},\"breadcrumb\":{\"@id\":\"https:\\\/\\\/www.altominho.tv\\\/site\\\/2017\\\/12\\\/18\\\/bispo-de-viana-apela-a-solidariedade-de-todos-para-reerguer-igreja-de-lavradas\\\/#breadcrumb\"},\"inLanguage\":\"pt-PT\",\"potentialAction\":[{\"@type\":\"ReadAction\",\"target\":[\"https:\\\/\\\/www.altominho.tv\\\/site\\\/2017\\\/12\\\/18\\\/bispo-de-viana-apela-a-solidariedade-de-todos-para-reerguer-igreja-de-lavradas\\\/\"]}]},{\"@type\":\"ImageObject\",\"inLanguage\":\"pt-PT\",\"@id\":\"https:\\\/\\\/www.altominho.tv\\\/site\\\/2017\\\/12\\\/18\\\/bispo-de-viana-apela-a-solidariedade-de-todos-para-reerguer-igreja-de-lavradas\\\/#primaryimage\",\"url\":\"https:\\\/\\\/www.altominho.tv\\\/site\\\/wp-content\\\/uploads\\\/2017\\\/12\\\/igreja-1.jpg\",\"contentUrl\":\"https:\\\/\\\/www.altominho.tv\\\/site\\\/wp-content\\\/uploads\\\/2017\\\/12\\\/igreja-1.jpg\",\"width\":1334,\"height\":1000},{\"@type\":\"BreadcrumbList\",\"@id\":\"https:\\\/\\\/www.altominho.tv\\\/site\\\/2017\\\/12\\\/18\\\/bispo-de-viana-apela-a-solidariedade-de-todos-para-reerguer-igreja-de-lavradas\\\/#breadcrumb\",\"itemListElement\":[{\"@type\":\"ListItem\",\"position\":1,\"name\":\"In\u00edcio\",\"item\":\"https:\\\/\\\/www.altominho.tv\\\/site\\\/\"},{\"@type\":\"ListItem\",\"position\":2,\"name\":\"Bispo de Viana apela \u00e0 solidariedade \u201cde todos\u201d para reerguer igreja de Lavradas\"}]},{\"@type\":\"WebSite\",\"@id\":\"https:\\\/\\\/www.altominho.tv\\\/site\\\/#website\",\"url\":\"https:\\\/\\\/www.altominho.tv\\\/site\\\/\",\"name\":\"Altominho.tv\",\"description\":\"A sua regi\u00e3o \u00e0 dist\u00e2ncia de um clique...\",\"potentialAction\":[{\"@type\":\"SearchAction\",\"target\":{\"@type\":\"EntryPoint\",\"urlTemplate\":\"https:\\\/\\\/www.altominho.tv\\\/site\\\/?s={search_term_string}\"},\"query-input\":{\"@type\":\"PropertyValueSpecification\",\"valueRequired\":true,\"valueName\":\"search_term_string\"}}],\"inLanguage\":\"pt-PT\"},{\"@type\":\"Person\",\"@id\":\"https:\\\/\\\/www.altominho.tv\\\/site\\\/#\\\/schema\\\/person\\\/5c9404a8b438614c93da6ca09db92574\",\"name\":\"C\u00e1tia Malheiro\",\"image\":{\"@type\":\"ImageObject\",\"inLanguage\":\"pt-PT\",\"@id\":\"https:\\\/\\\/www.altominho.tv\\\/site\\\/wp-content\\\/uploads\\\/2017\\\/11\\\/Catia_Malheiro-150x150.jpg\",\"url\":\"https:\\\/\\\/www.altominho.tv\\\/site\\\/wp-content\\\/uploads\\\/2017\\\/11\\\/Catia_Malheiro-150x150.jpg\",\"contentUrl\":\"https:\\\/\\\/www.altominho.tv\\\/site\\\/wp-content\\\/uploads\\\/2017\\\/11\\\/Catia_Malheiro-150x150.jpg\",\"caption\":\"C\u00e1tia Malheiro\"},\"url\":\"https:\\\/\\\/www.altominho.tv\\\/site\\\/author\\\/catiamalheiro\\\/\"}]}<\/script>\n<!-- \/ Yoast SEO Premium plugin. -->","yoast_head_json":{"title":"Bispo de Viana apela \u00e0 solidariedade \u201cde todos\u201d para reerguer igreja de Lavradas","robots":{"index":"index","follow":"follow","max-snippet":"max-snippet:-1","max-image-preview":"max-image-preview:large","max-video-preview":"max-video-preview:-1"},"canonical":"https:\/\/www.altominho.tv\/site\/2017\/12\/18\/bispo-de-viana-apela-a-solidariedade-de-todos-para-reerguer-igreja-de-lavradas\/","og_locale":"pt_PT","og_type":"article","og_title":"Bispo de Viana apela \u00e0 solidariedade \u201cde todos\u201d para reerguer igreja de Lavradas","og_description":"O bispo de Viana do Castelo, Anacleto Oliveira, apelou hoje \u00e0 solidariedade &#8220;de todos&#8221; para se reconstruir a igreja de Lavradas, em Ponte da Barca, totalmente consumida por um inc\u00eandio que est\u00e1 a ser investigado pela Pol\u00edcia Judici\u00e1ria. Em nota enviada \u00e0 ag\u00eancia Lusa, Anacleto Oliveira, que se deslocou ao local para manifestar a sua [&hellip;]","og_url":"https:\/\/www.altominho.tv\/site\/2017\/12\/18\/bispo-de-viana-apela-a-solidariedade-de-todos-para-reerguer-igreja-de-lavradas\/","og_site_name":"Altominho.tv","article_publisher":"https:\/\/www.facebook.com\/altominhotv","article_published_time":"2017-12-18T14:27:37+00:00","og_image":[{"width":1334,"height":1000,"url":"https:\/\/www.altominho.tv\/site\/wp-content\/uploads\/2017\/12\/igreja-1.jpg","type":"image\/jpeg"}],"author":"C\u00e1tia Malheiro","twitter_card":"summary_large_image","twitter_creator":"@altominhoTV","twitter_site":"@altominhoTV","twitter_misc":{"Escrito por":"C\u00e1tia Malheiro","Tempo estimado de leitura":"3 minutos"},"schema":{"@context":"https:\/\/schema.org","@graph":[{"@type":"Article","@id":"https:\/\/www.altominho.tv\/site\/2017\/12\/18\/bispo-de-viana-apela-a-solidariedade-de-todos-para-reerguer-igreja-de-lavradas\/#article","isPartOf":{"@id":"https:\/\/www.altominho.tv\/site\/2017\/12\/18\/bispo-de-viana-apela-a-solidariedade-de-todos-para-reerguer-igreja-de-lavradas\/"},"author":{"name":"C\u00e1tia Malheiro","@id":"https:\/\/www.altominho.tv\/site\/#\/schema\/person\/5c9404a8b438614c93da6ca09db92574"},"headline":"Bispo de Viana apela \u00e0 solidariedade \u201cde todos\u201d para reerguer igreja de Lavradas","datePublished":"2017-12-18T14:27:37+00:00","mainEntityOfPage":{"@id":"https:\/\/www.altominho.tv\/site\/2017\/12\/18\/bispo-de-viana-apela-a-solidariedade-de-todos-para-reerguer-igreja-de-lavradas\/"},"wordCount":546,"image":{"@id":"https:\/\/www.altominho.tv\/site\/2017\/12\/18\/bispo-de-viana-apela-a-solidariedade-de-todos-para-reerguer-igreja-de-lavradas\/#primaryimage"},"thumbnailUrl":"https:\/\/www.altominho.tv\/site\/wp-content\/uploads\/2017\/12\/igreja-1.jpg","keywords":["Sociedade"],"articleSection":["Ponte da Barca"],"inLanguage":"pt-PT","copyrightYear":"2017","copyrightHolder":{"@id":"https:\/\/www.altominho.tv\/site\/#organization"}},{"@type":"WebPage","@id":"https:\/\/www.altominho.tv\/site\/2017\/12\/18\/bispo-de-viana-apela-a-solidariedade-de-todos-para-reerguer-igreja-de-lavradas\/","url":"https:\/\/www.altominho.tv\/site\/2017\/12\/18\/bispo-de-viana-apela-a-solidariedade-de-todos-para-reerguer-igreja-de-lavradas\/","name":"Bispo de Viana apela \u00e0 solidariedade \u201cde todos\u201d para reerguer igreja de Lavradas","isPartOf":{"@id":"https:\/\/www.altominho.tv\/site\/#website"},"primaryImageOfPage":{"@id":"https:\/\/www.altominho.tv\/site\/2017\/12\/18\/bispo-de-viana-apela-a-solidariedade-de-todos-para-reerguer-igreja-de-lavradas\/#primaryimage"},"image":{"@id":"https:\/\/www.altominho.tv\/site\/2017\/12\/18\/bispo-de-viana-apela-a-solidariedade-de-todos-para-reerguer-igreja-de-lavradas\/#primaryimage"},"thumbnailUrl":"https:\/\/www.altominho.tv\/site\/wp-content\/uploads\/2017\/12\/igreja-1.jpg","datePublished":"2017-12-18T14:27:37+00:00","author":{"@id":"https:\/\/www.altominho.tv\/site\/#\/schema\/person\/5c9404a8b438614c93da6ca09db92574"},"breadcrumb":{"@id":"https:\/\/www.altominho.tv\/site\/2017\/12\/18\/bispo-de-viana-apela-a-solidariedade-de-todos-para-reerguer-igreja-de-lavradas\/#breadcrumb"},"inLanguage":"pt-PT","potentialAction":[{"@type":"ReadAction","target":["https:\/\/www.altominho.tv\/site\/2017\/12\/18\/bispo-de-viana-apela-a-solidariedade-de-todos-para-reerguer-igreja-de-lavradas\/"]}]},{"@type":"ImageObject","inLanguage":"pt-PT","@id":"https:\/\/www.altominho.tv\/site\/2017\/12\/18\/bispo-de-viana-apela-a-solidariedade-de-todos-para-reerguer-igreja-de-lavradas\/#primaryimage","url":"https:\/\/www.altominho.tv\/site\/wp-content\/uploads\/2017\/12\/igreja-1.jpg","contentUrl":"https:\/\/www.altominho.tv\/site\/wp-content\/uploads\/2017\/12\/igreja-1.jpg","width":1334,"height":1000},{"@type":"BreadcrumbList","@id":"https:\/\/www.altominho.tv\/site\/2017\/12\/18\/bispo-de-viana-apela-a-solidariedade-de-todos-para-reerguer-igreja-de-lavradas\/#breadcrumb","itemListElement":[{"@type":"ListItem","position":1,"name":"In\u00edcio","item":"https:\/\/www.altominho.tv\/site\/"},{"@type":"ListItem","position":2,"name":"Bispo de Viana apela \u00e0 solidariedade \u201cde todos\u201d para reerguer igreja de Lavradas"}]},{"@type":"WebSite","@id":"https:\/\/www.altominho.tv\/site\/#website","url":"https:\/\/www.altominho.tv\/site\/","name":"Altominho.tv","description":"A sua regi\u00e3o \u00e0 dist\u00e2ncia de um clique...","potentialAction":[{"@type":"SearchAction","target":{"@type":"EntryPoint","urlTemplate":"https:\/\/www.altominho.tv\/site\/?s={search_term_string}"},"query-input":{"@type":"PropertyValueSpecification","valueRequired":true,"valueName":"search_term_string"}}],"inLanguage":"pt-PT"},{"@type":"Person","@id":"https:\/\/www.altominho.tv\/site\/#\/schema\/person\/5c9404a8b438614c93da6ca09db92574","name":"C\u00e1tia Malheiro","image":{"@type":"ImageObject","inLanguage":"pt-PT","@id":"https:\/\/www.altominho.tv\/site\/wp-content\/uploads\/2017\/11\/Catia_Malheiro-150x150.jpg","url":"https:\/\/www.altominho.tv\/site\/wp-content\/uploads\/2017\/11\/Catia_Malheiro-150x150.jpg","contentUrl":"https:\/\/www.altominho.tv\/site\/wp-content\/uploads\/2017\/11\/Catia_Malheiro-150x150.jpg","caption":"C\u00e1tia Malheiro"},"url":"https:\/\/www.altominho.tv\/site\/author\/catiamalheiro\/"}]}},"_links":{"self":[{"href":"https:\/\/www.altominho.tv\/site\/wp-json\/wp\/v2\/posts\/7112","targetHints":{"allow":["GET"]}}],"collection":[{"href":"https:\/\/www.altominho.tv\/site\/wp-json\/wp\/v2\/posts"}],"about":[{"href":"https:\/\/www.altominho.tv\/site\/wp-json\/wp\/v2\/types\/post"}],"author":[{"embeddable":true,"href":"https:\/\/www.altominho.tv\/site\/wp-json\/wp\/v2\/users\/6"}],"replies":[{"embeddable":true,"href":"https:\/\/www.altominho.tv\/site\/wp-json\/wp\/v2\/comments?post=7112"}],"version-history":[{"count":0,"href":"https:\/\/www.altominho.tv\/site\/wp-json\/wp\/v2\/posts\/7112\/revisions"}],"wp:featuredmedia":[{"embeddable":true,"href":"https:\/\/www.altominho.tv\/site\/wp-json\/wp\/v2\/media\/7113"}],"wp:attachment":[{"href":"https:\/\/www.altominho.tv\/site\/wp-json\/wp\/v2\/media?parent=7112"}],"wp:term":[{"taxonomy":"category","embeddable":true,"href":"https:\/\/www.altominho.tv\/site\/wp-json\/wp\/v2\/categories?post=7112"},{"taxonomy":"post_tag","embeddable":true,"href":"https:\/\/www.altominho.tv\/site\/wp-json\/wp\/v2\/tags?post=7112"}],"curies":[{"name":"wp","href":"https:\/\/api.w.org\/{rel}","templated":true}]}}