{"id":70846,"date":"2021-09-27T10:17:50","date_gmt":"2021-09-27T09:17:50","guid":{"rendered":"https:\/\/www.altominho.tv\/site\/?p=70846"},"modified":"2021-09-27T10:45:31","modified_gmt":"2021-09-27T09:45:31","slug":"resultados-eleitorais-em-paredes-de-coura","status":"publish","type":"post","link":"https:\/\/www.altominho.tv\/site\/2021\/09\/27\/resultados-eleitorais-em-paredes-de-coura\/","title":{"rendered":"Resultados eleitorais em Paredes de Coura"},"content":{"rendered":"<p>No concelho de Paredes de Coura, com todas as freguesias apuradas, o resultado das vota\u00e7\u00f5es \u00e9 o seguinte:<\/p>\n<h4>C\u00c2MARA MUNICIPAL<\/h4>\n<p><img loading=\"lazy\" decoding=\"async\" class=\"alignnone size-medium wp-image-70851\" src=\"https:\/\/www.altominho.tv\/site\/wp-content\/uploads\/2021\/09\/Camara-770x302.png\" alt=\"\" width=\"770\" height=\"302\" srcset=\"https:\/\/www.altominho.tv\/site\/wp-content\/uploads\/2021\/09\/Camara-770x302.png 770w, https:\/\/www.altominho.tv\/site\/wp-content\/uploads\/2021\/09\/Camara-1024x401.png 1024w, https:\/\/www.altominho.tv\/site\/wp-content\/uploads\/2021\/09\/Camara-768x301.png 768w, https:\/\/www.altominho.tv\/site\/wp-content\/uploads\/2021\/09\/Camara-370x145.png 370w, https:\/\/www.altominho.tv\/site\/wp-content\/uploads\/2021\/09\/Camara-270x106.png 270w, https:\/\/www.altominho.tv\/site\/wp-content\/uploads\/2021\/09\/Camara-570x223.png 570w, https:\/\/www.altominho.tv\/site\/wp-content\/uploads\/2021\/09\/Camara-740x290.png 740w, https:\/\/www.altominho.tv\/site\/wp-content\/uploads\/2021\/09\/Camara.png 1362w\" sizes=\"auto, (max-width: 770px) 100vw, 770px\" \/><\/p>\n<h4>ASSEMBLEIA MUNICIPAL<\/h4>\n<p><img loading=\"lazy\" decoding=\"async\" class=\"alignnone size-medium wp-image-70849\" src=\"https:\/\/www.altominho.tv\/site\/wp-content\/uploads\/2021\/09\/Assembleia-Municipal-770x304.png\" alt=\"\" width=\"770\" height=\"304\" srcset=\"https:\/\/www.altominho.tv\/site\/wp-content\/uploads\/2021\/09\/Assembleia-Municipal-770x304.png 770w, https:\/\/www.altominho.tv\/site\/wp-content\/uploads\/2021\/09\/Assembleia-Municipal-1024x404.png 1024w, https:\/\/www.altominho.tv\/site\/wp-content\/uploads\/2021\/09\/Assembleia-Municipal-768x303.png 768w, https:\/\/www.altominho.tv\/site\/wp-content\/uploads\/2021\/09\/Assembleia-Municipal-370x146.png 370w, https:\/\/www.altominho.tv\/site\/wp-content\/uploads\/2021\/09\/Assembleia-Municipal-270x106.png 270w, https:\/\/www.altominho.tv\/site\/wp-content\/uploads\/2021\/09\/Assembleia-Municipal-570x225.png 570w, https:\/\/www.altominho.tv\/site\/wp-content\/uploads\/2021\/09\/Assembleia-Municipal-740x292.png 740w, https:\/\/www.altominho.tv\/site\/wp-content\/uploads\/2021\/09\/Assembleia-Municipal.png 1364w\" sizes=\"auto, (max-width: 770px) 100vw, 770px\" \/><\/p>\n<h4>ASSEMBLEIA DE FREGUESIAS<\/h4>\n<h4>Agualonga<\/h4>\n<p><img loading=\"lazy\" decoding=\"async\" class=\"alignnone size-medium wp-image-70847\" src=\"https:\/\/www.altominho.tv\/site\/wp-content\/uploads\/2021\/09\/Agualonga-770x211.png\" alt=\"\" width=\"770\" height=\"211\" srcset=\"https:\/\/www.altominho.tv\/site\/wp-content\/uploads\/2021\/09\/Agualonga-770x211.png 770w, https:\/\/www.altominho.tv\/site\/wp-content\/uploads\/2021\/09\/Agualonga-1024x280.png 1024w, https:\/\/www.altominho.tv\/site\/wp-content\/uploads\/2021\/09\/Agualonga-768x210.png 768w, https:\/\/www.altominho.tv\/site\/wp-content\/uploads\/2021\/09\/Agualonga-370x101.png 370w, https:\/\/www.altominho.tv\/site\/wp-content\/uploads\/2021\/09\/Agualonga-270x74.png 270w, https:\/\/www.altominho.tv\/site\/wp-content\/uploads\/2021\/09\/Agualonga-570x156.png 570w, https:\/\/www.altominho.tv\/site\/wp-content\/uploads\/2021\/09\/Agualonga-740x202.png 740w, https:\/\/www.altominho.tv\/site\/wp-content\/uploads\/2021\/09\/Agualonga.png 1360w\" sizes=\"auto, (max-width: 770px) 100vw, 770px\" \/><\/p>\n<h4>Bico e Cristelo<\/h4>\n<p><img loading=\"lazy\" decoding=\"async\" class=\"alignnone size-medium wp-image-70850\" src=\"https:\/\/www.altominho.tv\/site\/wp-content\/uploads\/2021\/09\/Bico-e-Cristelo-770x211.png\" alt=\"\" width=\"770\" height=\"211\" srcset=\"https:\/\/www.altominho.tv\/site\/wp-content\/uploads\/2021\/09\/Bico-e-Cristelo-770x211.png 770w, https:\/\/www.altominho.tv\/site\/wp-content\/uploads\/2021\/09\/Bico-e-Cristelo-1024x281.png 1024w, https:\/\/www.altominho.tv\/site\/wp-content\/uploads\/2021\/09\/Bico-e-Cristelo-768x210.png 768w, https:\/\/www.altominho.tv\/site\/wp-content\/uploads\/2021\/09\/Bico-e-Cristelo-370x101.png 370w, https:\/\/www.altominho.tv\/site\/wp-content\/uploads\/2021\/09\/Bico-e-Cristelo-270x74.png 270w, https:\/\/www.altominho.tv\/site\/wp-content\/uploads\/2021\/09\/Bico-e-Cristelo-570x156.png 570w, https:\/\/www.altominho.tv\/site\/wp-content\/uploads\/2021\/09\/Bico-e-Cristelo-740x203.png 740w, https:\/\/www.altominho.tv\/site\/wp-content\/uploads\/2021\/09\/Bico-e-Cristelo.png 1350w\" sizes=\"auto, (max-width: 770px) 100vw, 770px\" \/><\/p>\n<h4>Castanheira<\/h4>\n<p><img loading=\"lazy\" decoding=\"async\" class=\"alignnone size-medium wp-image-70852\" src=\"https:\/\/www.altominho.tv\/site\/wp-content\/uploads\/2021\/09\/Castanheira-770x213.png\" alt=\"\" width=\"770\" height=\"213\" srcset=\"https:\/\/www.altominho.tv\/site\/wp-content\/uploads\/2021\/09\/Castanheira-770x213.png 770w, https:\/\/www.altominho.tv\/site\/wp-content\/uploads\/2021\/09\/Castanheira-1024x283.png 1024w, https:\/\/www.altominho.tv\/site\/wp-content\/uploads\/2021\/09\/Castanheira-768x212.png 768w, https:\/\/www.altominho.tv\/site\/wp-content\/uploads\/2021\/09\/Castanheira-370x102.png 370w, https:\/\/www.altominho.tv\/site\/wp-content\/uploads\/2021\/09\/Castanheira-270x75.png 270w, https:\/\/www.altominho.tv\/site\/wp-content\/uploads\/2021\/09\/Castanheira-570x158.png 570w, https:\/\/www.altominho.tv\/site\/wp-content\/uploads\/2021\/09\/Castanheira-740x205.png 740w, https:\/\/www.altominho.tv\/site\/wp-content\/uploads\/2021\/09\/Castanheira.png 1360w\" sizes=\"auto, (max-width: 770px) 100vw, 770px\" \/><\/p>\n<h4>Cossourado e Linhares<\/h4>\n<p><img loading=\"lazy\" decoding=\"async\" class=\"alignnone size-medium wp-image-70853\" src=\"https:\/\/www.altominho.tv\/site\/wp-content\/uploads\/2021\/09\/Cossourado-e-Linhares-770x213.png\" alt=\"\" width=\"770\" height=\"213\" srcset=\"https:\/\/www.altominho.tv\/site\/wp-content\/uploads\/2021\/09\/Cossourado-e-Linhares-770x213.png 770w, https:\/\/www.altominho.tv\/site\/wp-content\/uploads\/2021\/09\/Cossourado-e-Linhares-1024x284.png 1024w, https:\/\/www.altominho.tv\/site\/wp-content\/uploads\/2021\/09\/Cossourado-e-Linhares-768x213.png 768w, https:\/\/www.altominho.tv\/site\/wp-content\/uploads\/2021\/09\/Cossourado-e-Linhares-370x103.png 370w, https:\/\/www.altominho.tv\/site\/wp-content\/uploads\/2021\/09\/Cossourado-e-Linhares-270x75.png 270w, https:\/\/www.altominho.tv\/site\/wp-content\/uploads\/2021\/09\/Cossourado-e-Linhares-570x158.png 570w, https:\/\/www.altominho.tv\/site\/wp-content\/uploads\/2021\/09\/Cossourado-e-Linhares-740x205.png 740w, https:\/\/www.altominho.tv\/site\/wp-content\/uploads\/2021\/09\/Cossourado-e-Linhares.png 1350w\" sizes=\"auto, (max-width: 770px) 100vw, 770px\" \/><\/p>\n<h4>Coura<\/h4>\n<p><img loading=\"lazy\" decoding=\"async\" class=\"alignnone size-medium wp-image-70854\" src=\"https:\/\/www.altominho.tv\/site\/wp-content\/uploads\/2021\/09\/Coura-770x215.png\" alt=\"\" width=\"770\" height=\"215\" srcset=\"https:\/\/www.altominho.tv\/site\/wp-content\/uploads\/2021\/09\/Coura-770x215.png 770w, https:\/\/www.altominho.tv\/site\/wp-content\/uploads\/2021\/09\/Coura-1024x285.png 1024w, https:\/\/www.altominho.tv\/site\/wp-content\/uploads\/2021\/09\/Coura-768x214.png 768w, https:\/\/www.altominho.tv\/site\/wp-content\/uploads\/2021\/09\/Coura-370x103.png 370w, https:\/\/www.altominho.tv\/site\/wp-content\/uploads\/2021\/09\/Coura-270x75.png 270w, https:\/\/www.altominho.tv\/site\/wp-content\/uploads\/2021\/09\/Coura-570x159.png 570w, https:\/\/www.altominho.tv\/site\/wp-content\/uploads\/2021\/09\/Coura-740x206.png 740w, https:\/\/www.altominho.tv\/site\/wp-content\/uploads\/2021\/09\/Coura.png 1356w\" sizes=\"auto, (max-width: 770px) 100vw, 770px\" \/><\/p>\n<h4>Cunha<\/h4>\n<p><img loading=\"lazy\" decoding=\"async\" class=\"alignnone size-medium wp-image-70855\" src=\"https:\/\/www.altominho.tv\/site\/wp-content\/uploads\/2021\/09\/Cunha-770x210.png\" alt=\"\" width=\"770\" height=\"210\" srcset=\"https:\/\/www.altominho.tv\/site\/wp-content\/uploads\/2021\/09\/Cunha-770x210.png 770w, https:\/\/www.altominho.tv\/site\/wp-content\/uploads\/2021\/09\/Cunha-1024x279.png 1024w, https:\/\/www.altominho.tv\/site\/wp-content\/uploads\/2021\/09\/Cunha-768x209.png 768w, https:\/\/www.altominho.tv\/site\/wp-content\/uploads\/2021\/09\/Cunha-370x101.png 370w, https:\/\/www.altominho.tv\/site\/wp-content\/uploads\/2021\/09\/Cunha-270x73.png 270w, https:\/\/www.altominho.tv\/site\/wp-content\/uploads\/2021\/09\/Cunha-570x155.png 570w, https:\/\/www.altominho.tv\/site\/wp-content\/uploads\/2021\/09\/Cunha-740x201.png 740w, https:\/\/www.altominho.tv\/site\/wp-content\/uploads\/2021\/09\/Cunha.png 1352w\" sizes=\"auto, (max-width: 770px) 100vw, 770px\" \/><\/p>\n<h4>Formariz e Ferreira<\/h4>\n<p><img loading=\"lazy\" decoding=\"async\" class=\"alignnone size-medium wp-image-70856\" src=\"https:\/\/www.altominho.tv\/site\/wp-content\/uploads\/2021\/09\/Formariz-e-Ferreira-770x253.png\" alt=\"\" width=\"770\" height=\"253\" srcset=\"https:\/\/www.altominho.tv\/site\/wp-content\/uploads\/2021\/09\/Formariz-e-Ferreira-770x253.png 770w, https:\/\/www.altominho.tv\/site\/wp-content\/uploads\/2021\/09\/Formariz-e-Ferreira-1024x336.png 1024w, https:\/\/www.altominho.tv\/site\/wp-content\/uploads\/2021\/09\/Formariz-e-Ferreira-768x252.png 768w, https:\/\/www.altominho.tv\/site\/wp-content\/uploads\/2021\/09\/Formariz-e-Ferreira-370x122.png 370w, https:\/\/www.altominho.tv\/site\/wp-content\/uploads\/2021\/09\/Formariz-e-Ferreira-270x89.png 270w, https:\/\/www.altominho.tv\/site\/wp-content\/uploads\/2021\/09\/Formariz-e-Ferreira-570x187.png 570w, https:\/\/www.altominho.tv\/site\/wp-content\/uploads\/2021\/09\/Formariz-e-Ferreira-740x243.png 740w, https:\/\/www.altominho.tv\/site\/wp-content\/uploads\/2021\/09\/Formariz-e-Ferreira.png 1352w\" sizes=\"auto, (max-width: 770px) 100vw, 770px\" \/><\/p>\n<h4>Infesta<\/h4>\n<p><img loading=\"lazy\" decoding=\"async\" class=\"alignnone size-medium wp-image-70857\" src=\"https:\/\/www.altominho.tv\/site\/wp-content\/uploads\/2021\/09\/Infesta-770x257.png\" alt=\"\" width=\"770\" height=\"257\" srcset=\"https:\/\/www.altominho.tv\/site\/wp-content\/uploads\/2021\/09\/Infesta-770x257.png 770w, https:\/\/www.altominho.tv\/site\/wp-content\/uploads\/2021\/09\/Infesta-1024x342.png 1024w, https:\/\/www.altominho.tv\/site\/wp-content\/uploads\/2021\/09\/Infesta-768x256.png 768w, https:\/\/www.altominho.tv\/site\/wp-content\/uploads\/2021\/09\/Infesta-370x124.png 370w, https:\/\/www.altominho.tv\/site\/wp-content\/uploads\/2021\/09\/Infesta-270x90.png 270w, https:\/\/www.altominho.tv\/site\/wp-content\/uploads\/2021\/09\/Infesta-570x190.png 570w, https:\/\/www.altominho.tv\/site\/wp-content\/uploads\/2021\/09\/Infesta-740x247.png 740w, https:\/\/www.altominho.tv\/site\/wp-content\/uploads\/2021\/09\/Infesta.png 1354w\" sizes=\"auto, (max-width: 770px) 100vw, 770px\" \/><\/p>\n<h4>Insalde e Porreiras<\/h4>\n<p><img loading=\"lazy\" decoding=\"async\" class=\"alignnone size-medium wp-image-70858\" src=\"https:\/\/www.altominho.tv\/site\/wp-content\/uploads\/2021\/09\/Insalde-e-Porreiras-770x214.png\" alt=\"\" width=\"770\" height=\"214\" srcset=\"https:\/\/www.altominho.tv\/site\/wp-content\/uploads\/2021\/09\/Insalde-e-Porreiras-770x214.png 770w, https:\/\/www.altominho.tv\/site\/wp-content\/uploads\/2021\/09\/Insalde-e-Porreiras-1024x284.png 1024w, https:\/\/www.altominho.tv\/site\/wp-content\/uploads\/2021\/09\/Insalde-e-Porreiras-768x213.png 768w, https:\/\/www.altominho.tv\/site\/wp-content\/uploads\/2021\/09\/Insalde-e-Porreiras-370x103.png 370w, https:\/\/www.altominho.tv\/site\/wp-content\/uploads\/2021\/09\/Insalde-e-Porreiras-270x75.png 270w, https:\/\/www.altominho.tv\/site\/wp-content\/uploads\/2021\/09\/Insalde-e-Porreiras-570x158.png 570w, https:\/\/www.altominho.tv\/site\/wp-content\/uploads\/2021\/09\/Insalde-e-Porreiras-740x205.png 740w, https:\/\/www.altominho.tv\/site\/wp-content\/uploads\/2021\/09\/Insalde-e-Porreiras.png 1354w\" sizes=\"auto, (max-width: 770px) 100vw, 770px\" \/><\/p>\n<h4>Mozelos<\/h4>\n<p><img loading=\"lazy\" decoding=\"async\" class=\"alignnone size-medium wp-image-70859\" src=\"https:\/\/www.altominho.tv\/site\/wp-content\/uploads\/2021\/09\/Mozelos-770x258.png\" alt=\"\" width=\"770\" height=\"258\" srcset=\"https:\/\/www.altominho.tv\/site\/wp-content\/uploads\/2021\/09\/Mozelos-770x258.png 770w, https:\/\/www.altominho.tv\/site\/wp-content\/uploads\/2021\/09\/Mozelos-1024x343.png 1024w, https:\/\/www.altominho.tv\/site\/wp-content\/uploads\/2021\/09\/Mozelos-768x258.png 768w, https:\/\/www.altominho.tv\/site\/wp-content\/uploads\/2021\/09\/Mozelos-370x124.png 370w, https:\/\/www.altominho.tv\/site\/wp-content\/uploads\/2021\/09\/Mozelos-270x91.png 270w, https:\/\/www.altominho.tv\/site\/wp-content\/uploads\/2021\/09\/Mozelos-570x191.png 570w, https:\/\/www.altominho.tv\/site\/wp-content\/uploads\/2021\/09\/Mozelos-740x248.png 740w, https:\/\/www.altominho.tv\/site\/wp-content\/uploads\/2021\/09\/Mozelos.png 1354w\" sizes=\"auto, (max-width: 770px) 100vw, 770px\" \/><\/p>\n<h4>Padornelo<\/h4>\n<p><img loading=\"lazy\" decoding=\"async\" class=\"alignnone size-medium wp-image-70860\" src=\"https:\/\/www.altominho.tv\/site\/wp-content\/uploads\/2021\/09\/Padornelo-770x210.png\" alt=\"\" width=\"770\" height=\"210\" srcset=\"https:\/\/www.altominho.tv\/site\/wp-content\/uploads\/2021\/09\/Padornelo-770x210.png 770w, https:\/\/www.altominho.tv\/site\/wp-content\/uploads\/2021\/09\/Padornelo-1024x279.png 1024w, https:\/\/www.altominho.tv\/site\/wp-content\/uploads\/2021\/09\/Padornelo-768x209.png 768w, https:\/\/www.altominho.tv\/site\/wp-content\/uploads\/2021\/09\/Padornelo-370x101.png 370w, https:\/\/www.altominho.tv\/site\/wp-content\/uploads\/2021\/09\/Padornelo-270x74.png 270w, https:\/\/www.altominho.tv\/site\/wp-content\/uploads\/2021\/09\/Padornelo-570x155.png 570w, https:\/\/www.altominho.tv\/site\/wp-content\/uploads\/2021\/09\/Padornelo-740x202.png 740w, https:\/\/www.altominho.tv\/site\/wp-content\/uploads\/2021\/09\/Padornelo.png 1350w\" sizes=\"auto, (max-width: 770px) 100vw, 770px\" \/><\/p>\n<h4>Parada<\/h4>\n<p><img loading=\"lazy\" decoding=\"async\" class=\"alignnone size-medium wp-image-70861\" src=\"https:\/\/www.altominho.tv\/site\/wp-content\/uploads\/2021\/09\/Parada-770x256.png\" alt=\"\" width=\"770\" height=\"256\" srcset=\"https:\/\/www.altominho.tv\/site\/wp-content\/uploads\/2021\/09\/Parada-770x256.png 770w, https:\/\/www.altominho.tv\/site\/wp-content\/uploads\/2021\/09\/Parada-1024x340.png 1024w, https:\/\/www.altominho.tv\/site\/wp-content\/uploads\/2021\/09\/Parada-768x255.png 768w, https:\/\/www.altominho.tv\/site\/wp-content\/uploads\/2021\/09\/Parada-370x123.png 370w, https:\/\/www.altominho.tv\/site\/wp-content\/uploads\/2021\/09\/Parada-270x90.png 270w, https:\/\/www.altominho.tv\/site\/wp-content\/uploads\/2021\/09\/Parada-570x189.png 570w, https:\/\/www.altominho.tv\/site\/wp-content\/uploads\/2021\/09\/Parada-740x246.png 740w, https:\/\/www.altominho.tv\/site\/wp-content\/uploads\/2021\/09\/Parada.png 1350w\" sizes=\"auto, (max-width: 770px) 100vw, 770px\" \/><\/p>\n<h4>Paredes de Coura e Resende<\/h4>\n<p><img loading=\"lazy\" decoding=\"async\" class=\"alignnone size-medium wp-image-70862\" src=\"https:\/\/www.altominho.tv\/site\/wp-content\/uploads\/2021\/09\/Paredes-de-Coura-e-Resende-770x301.png\" alt=\"\" width=\"770\" height=\"301\" srcset=\"https:\/\/www.altominho.tv\/site\/wp-content\/uploads\/2021\/09\/Paredes-de-Coura-e-Resende-770x301.png 770w, https:\/\/www.altominho.tv\/site\/wp-content\/uploads\/2021\/09\/Paredes-de-Coura-e-Resende-1024x400.png 1024w, https:\/\/www.altominho.tv\/site\/wp-content\/uploads\/2021\/09\/Paredes-de-Coura-e-Resende-768x300.png 768w, https:\/\/www.altominho.tv\/site\/wp-content\/uploads\/2021\/09\/Paredes-de-Coura-e-Resende-370x145.png 370w, https:\/\/www.altominho.tv\/site\/wp-content\/uploads\/2021\/09\/Paredes-de-Coura-e-Resende-270x106.png 270w, https:\/\/www.altominho.tv\/site\/wp-content\/uploads\/2021\/09\/Paredes-de-Coura-e-Resende-570x223.png 570w, https:\/\/www.altominho.tv\/site\/wp-content\/uploads\/2021\/09\/Paredes-de-Coura-e-Resende-740x289.png 740w, https:\/\/www.altominho.tv\/site\/wp-content\/uploads\/2021\/09\/Paredes-de-Coura-e-Resende.png 1350w\" sizes=\"auto, (max-width: 770px) 100vw, 770px\" \/><\/p>\n<h4>Romarig\u00e3es<\/h4>\n<p><img loading=\"lazy\" decoding=\"async\" class=\"alignnone size-medium wp-image-70863\" src=\"https:\/\/www.altominho.tv\/site\/wp-content\/uploads\/2021\/09\/Romariga\u0303es-770x215.png\" alt=\"\" width=\"770\" height=\"215\" srcset=\"https:\/\/www.altominho.tv\/site\/wp-content\/uploads\/2021\/09\/Romariga\u0303es-770x215.png 770w, https:\/\/www.altominho.tv\/site\/wp-content\/uploads\/2021\/09\/Romariga\u0303es-1024x287.png 1024w, https:\/\/www.altominho.tv\/site\/wp-content\/uploads\/2021\/09\/Romariga\u0303es-768x215.png 768w, https:\/\/www.altominho.tv\/site\/wp-content\/uploads\/2021\/09\/Romariga\u0303es-370x104.png 370w, https:\/\/www.altominho.tv\/site\/wp-content\/uploads\/2021\/09\/Romariga\u0303es-270x76.png 270w, https:\/\/www.altominho.tv\/site\/wp-content\/uploads\/2021\/09\/Romariga\u0303es-570x159.png 570w, https:\/\/www.altominho.tv\/site\/wp-content\/uploads\/2021\/09\/Romariga\u0303es-740x207.png 740w, https:\/\/www.altominho.tv\/site\/wp-content\/uploads\/2021\/09\/Romariga\u0303es.png 1358w\" sizes=\"auto, (max-width: 770px) 100vw, 770px\" \/><\/p>\n<h4>Rubi\u00e3es<\/h4>\n<p><img loading=\"lazy\" decoding=\"async\" class=\"alignnone size-medium wp-image-70864\" src=\"https:\/\/www.altominho.tv\/site\/wp-content\/uploads\/2021\/09\/Rubia\u0303es-770x213.png\" alt=\"\" width=\"770\" height=\"213\" srcset=\"https:\/\/www.altominho.tv\/site\/wp-content\/uploads\/2021\/09\/Rubia\u0303es-770x213.png 770w, https:\/\/www.altominho.tv\/site\/wp-content\/uploads\/2021\/09\/Rubia\u0303es-1024x284.png 1024w, https:\/\/www.altominho.tv\/site\/wp-content\/uploads\/2021\/09\/Rubia\u0303es-768x213.png 768w, https:\/\/www.altominho.tv\/site\/wp-content\/uploads\/2021\/09\/Rubia\u0303es-370x103.png 370w, https:\/\/www.altominho.tv\/site\/wp-content\/uploads\/2021\/09\/Rubia\u0303es-270x75.png 270w, https:\/\/www.altominho.tv\/site\/wp-content\/uploads\/2021\/09\/Rubia\u0303es-570x158.png 570w, https:\/\/www.altominho.tv\/site\/wp-content\/uploads\/2021\/09\/Rubia\u0303es-740x205.png 740w, https:\/\/www.altominho.tv\/site\/wp-content\/uploads\/2021\/09\/Rubia\u0303es.png 1350w\" sizes=\"auto, (max-width: 770px) 100vw, 770px\" \/><\/p>\n<h4>Vasc\u00f5es<\/h4>\n<h5><img loading=\"lazy\" decoding=\"async\" class=\"alignnone size-medium wp-image-70865\" src=\"https:\/\/www.altominho.tv\/site\/wp-content\/uploads\/2021\/09\/Vasco\u0303es-770x255.png\" alt=\"\" width=\"770\" height=\"255\" srcset=\"https:\/\/www.altominho.tv\/site\/wp-content\/uploads\/2021\/09\/Vasco\u0303es-770x255.png 770w, https:\/\/www.altominho.tv\/site\/wp-content\/uploads\/2021\/09\/Vasco\u0303es-1024x339.png 1024w, https:\/\/www.altominho.tv\/site\/wp-content\/uploads\/2021\/09\/Vasco\u0303es-768x254.png 768w, https:\/\/www.altominho.tv\/site\/wp-content\/uploads\/2021\/09\/Vasco\u0303es-370x122.png 370w, https:\/\/www.altominho.tv\/site\/wp-content\/uploads\/2021\/09\/Vasco\u0303es-270x89.png 270w, https:\/\/www.altominho.tv\/site\/wp-content\/uploads\/2021\/09\/Vasco\u0303es-570x189.png 570w, https:\/\/www.altominho.tv\/site\/wp-content\/uploads\/2021\/09\/Vasco\u0303es-740x245.png 740w, https:\/\/www.altominho.tv\/site\/wp-content\/uploads\/2021\/09\/Vasco\u0303es.png 1354w\" sizes=\"auto, (max-width: 770px) 100vw, 770px\" \/><\/h5>\n","protected":false},"excerpt":{"rendered":"<p>No concelho de Paredes de Coura, com todas as freguesias apuradas, o resultado das vota\u00e7\u00f5es \u00e9 o seguinte: C\u00c2MARA MUNICIPAL ASSEMBLEIA MUNICIPAL ASSEMBLEIA DE FREGUESIAS Agualonga Bico e Cristelo Castanheira Cossourado e Linhares Coura Cunha Formariz e Ferreira Infesta Insalde e Porreiras Mozelos Padornelo Parada Paredes de Coura e Resende Romarig\u00e3es Rubi\u00e3es Vasc\u00f5es<\/p>\n","protected":false},"author":10,"featured_media":70866,"comment_status":"closed","ping_status":"closed","sticky":false,"template":"","format":"standard","meta":{"_exactmetrics_skip_tracking":false,"_exactmetrics_sitenote_active":false,"_exactmetrics_sitenote_note":"","_exactmetrics_sitenote_category":0,"footnotes":""},"categories":[10],"tags":[27],"class_list":["post-70846","post","type-post","status-publish","format-standard","has-post-thumbnail","hentry","category-paredes-de-coura","tag-sociedade"],"yoast_head":"<!-- This site is optimized with the Yoast SEO Premium plugin v27.4 (Yoast SEO v27.4) - https:\/\/yoast.com\/product\/yoast-seo-premium-wordpress\/ -->\n<title>Resultados eleitorais em Paredes de Coura<\/title>\n<meta name=\"robots\" content=\"index, follow, max-snippet:-1, max-image-preview:large, max-video-preview:-1\" \/>\n<link rel=\"canonical\" href=\"https:\/\/www.altominho.tv\/site\/2021\/09\/27\/resultados-eleitorais-em-paredes-de-coura\/\" \/>\n<meta property=\"og:locale\" content=\"pt_PT\" \/>\n<meta property=\"og:type\" content=\"article\" \/>\n<meta property=\"og:title\" content=\"Resultados eleitorais em Paredes de Coura\" \/>\n<meta property=\"og:description\" content=\"No concelho de Paredes de Coura, com todas as freguesias apuradas, o resultado das vota\u00e7\u00f5es \u00e9 o seguinte: C\u00c2MARA MUNICIPAL ASSEMBLEIA MUNICIPAL ASSEMBLEIA DE FREGUESIAS Agualonga Bico e Cristelo Castanheira Cossourado e Linhares Coura Cunha Formariz e Ferreira Infesta Insalde e Porreiras Mozelos Padornelo Parada Paredes de Coura e Resende Romarig\u00e3es Rubi\u00e3es Vasc\u00f5es\" \/>\n<meta property=\"og:url\" content=\"https:\/\/www.altominho.tv\/site\/2021\/09\/27\/resultados-eleitorais-em-paredes-de-coura\/\" \/>\n<meta property=\"og:site_name\" content=\"Altominho.tv\" \/>\n<meta property=\"article:publisher\" content=\"https:\/\/www.facebook.com\/altominhotv\" \/>\n<meta property=\"article:published_time\" content=\"2021-09-27T09:17:50+00:00\" \/>\n<meta property=\"article:modified_time\" content=\"2021-09-27T09:45:31+00:00\" \/>\n<meta property=\"og:image\" content=\"https:\/\/www.altominho.tv\/site\/wp-content\/uploads\/2021\/09\/ParedesCoura_CAPA-1536x864-1.jpeg\" \/>\n\t<meta property=\"og:image:width\" content=\"1536\" \/>\n\t<meta property=\"og:image:height\" content=\"864\" \/>\n\t<meta property=\"og:image:type\" content=\"image\/jpeg\" \/>\n<meta name=\"author\" content=\"Andreia Barreiro\" \/>\n<meta name=\"twitter:card\" content=\"summary_large_image\" \/>\n<meta name=\"twitter:creator\" content=\"@altominhoTV\" \/>\n<meta name=\"twitter:site\" content=\"@altominhoTV\" \/>\n<meta name=\"twitter:label1\" content=\"Escrito por\" \/>\n\t<meta name=\"twitter:data1\" content=\"Andreia Barreiro\" \/>\n\t<meta name=\"twitter:label2\" content=\"Tempo estimado de leitura\" \/>\n\t<meta name=\"twitter:data2\" content=\"4 minutos\" \/>\n<script type=\"application\/ld+json\" class=\"yoast-schema-graph\">{\"@context\":\"https:\\\/\\\/schema.org\",\"@graph\":[{\"@type\":\"Article\",\"@id\":\"https:\\\/\\\/www.altominho.tv\\\/site\\\/2021\\\/09\\\/27\\\/resultados-eleitorais-em-paredes-de-coura\\\/#article\",\"isPartOf\":{\"@id\":\"https:\\\/\\\/www.altominho.tv\\\/site\\\/2021\\\/09\\\/27\\\/resultados-eleitorais-em-paredes-de-coura\\\/\"},\"author\":{\"name\":\"Andreia Barreiro\",\"@id\":\"https:\\\/\\\/www.altominho.tv\\\/site\\\/#\\\/schema\\\/person\\\/4fa0996d8841f9d6cbb84eb43c555c2c\"},\"headline\":\"Resultados eleitorais em Paredes de Coura\",\"datePublished\":\"2021-09-27T09:17:50+00:00\",\"dateModified\":\"2021-09-27T09:45:31+00:00\",\"mainEntityOfPage\":{\"@id\":\"https:\\\/\\\/www.altominho.tv\\\/site\\\/2021\\\/09\\\/27\\\/resultados-eleitorais-em-paredes-de-coura\\\/\"},\"wordCount\":63,\"image\":{\"@id\":\"https:\\\/\\\/www.altominho.tv\\\/site\\\/2021\\\/09\\\/27\\\/resultados-eleitorais-em-paredes-de-coura\\\/#primaryimage\"},\"thumbnailUrl\":\"https:\\\/\\\/www.altominho.tv\\\/site\\\/wp-content\\\/uploads\\\/2021\\\/09\\\/ParedesCoura_CAPA-1536x864-1.jpeg\",\"keywords\":[\"Sociedade\"],\"articleSection\":[\"Paredes de Coura\"],\"inLanguage\":\"pt-PT\",\"copyrightYear\":\"2021\",\"copyrightHolder\":{\"@id\":\"https:\\\/\\\/www.altominho.tv\\\/site\\\/#organization\"}},{\"@type\":\"WebPage\",\"@id\":\"https:\\\/\\\/www.altominho.tv\\\/site\\\/2021\\\/09\\\/27\\\/resultados-eleitorais-em-paredes-de-coura\\\/\",\"url\":\"https:\\\/\\\/www.altominho.tv\\\/site\\\/2021\\\/09\\\/27\\\/resultados-eleitorais-em-paredes-de-coura\\\/\",\"name\":\"Resultados eleitorais em Paredes de Coura\",\"isPartOf\":{\"@id\":\"https:\\\/\\\/www.altominho.tv\\\/site\\\/#website\"},\"primaryImageOfPage\":{\"@id\":\"https:\\\/\\\/www.altominho.tv\\\/site\\\/2021\\\/09\\\/27\\\/resultados-eleitorais-em-paredes-de-coura\\\/#primaryimage\"},\"image\":{\"@id\":\"https:\\\/\\\/www.altominho.tv\\\/site\\\/2021\\\/09\\\/27\\\/resultados-eleitorais-em-paredes-de-coura\\\/#primaryimage\"},\"thumbnailUrl\":\"https:\\\/\\\/www.altominho.tv\\\/site\\\/wp-content\\\/uploads\\\/2021\\\/09\\\/ParedesCoura_CAPA-1536x864-1.jpeg\",\"datePublished\":\"2021-09-27T09:17:50+00:00\",\"dateModified\":\"2021-09-27T09:45:31+00:00\",\"author\":{\"@id\":\"https:\\\/\\\/www.altominho.tv\\\/site\\\/#\\\/schema\\\/person\\\/4fa0996d8841f9d6cbb84eb43c555c2c\"},\"breadcrumb\":{\"@id\":\"https:\\\/\\\/www.altominho.tv\\\/site\\\/2021\\\/09\\\/27\\\/resultados-eleitorais-em-paredes-de-coura\\\/#breadcrumb\"},\"inLanguage\":\"pt-PT\",\"potentialAction\":[{\"@type\":\"ReadAction\",\"target\":[\"https:\\\/\\\/www.altominho.tv\\\/site\\\/2021\\\/09\\\/27\\\/resultados-eleitorais-em-paredes-de-coura\\\/\"]}]},{\"@type\":\"ImageObject\",\"inLanguage\":\"pt-PT\",\"@id\":\"https:\\\/\\\/www.altominho.tv\\\/site\\\/2021\\\/09\\\/27\\\/resultados-eleitorais-em-paredes-de-coura\\\/#primaryimage\",\"url\":\"https:\\\/\\\/www.altominho.tv\\\/site\\\/wp-content\\\/uploads\\\/2021\\\/09\\\/ParedesCoura_CAPA-1536x864-1.jpeg\",\"contentUrl\":\"https:\\\/\\\/www.altominho.tv\\\/site\\\/wp-content\\\/uploads\\\/2021\\\/09\\\/ParedesCoura_CAPA-1536x864-1.jpeg\",\"width\":1536,\"height\":864},{\"@type\":\"BreadcrumbList\",\"@id\":\"https:\\\/\\\/www.altominho.tv\\\/site\\\/2021\\\/09\\\/27\\\/resultados-eleitorais-em-paredes-de-coura\\\/#breadcrumb\",\"itemListElement\":[{\"@type\":\"ListItem\",\"position\":1,\"name\":\"In\u00edcio\",\"item\":\"https:\\\/\\\/www.altominho.tv\\\/site\\\/\"},{\"@type\":\"ListItem\",\"position\":2,\"name\":\"Resultados eleitorais em Paredes de Coura\"}]},{\"@type\":\"WebSite\",\"@id\":\"https:\\\/\\\/www.altominho.tv\\\/site\\\/#website\",\"url\":\"https:\\\/\\\/www.altominho.tv\\\/site\\\/\",\"name\":\"Altominho.tv\",\"description\":\"A sua regi\u00e3o \u00e0 dist\u00e2ncia de um clique...\",\"potentialAction\":[{\"@type\":\"SearchAction\",\"target\":{\"@type\":\"EntryPoint\",\"urlTemplate\":\"https:\\\/\\\/www.altominho.tv\\\/site\\\/?s={search_term_string}\"},\"query-input\":{\"@type\":\"PropertyValueSpecification\",\"valueRequired\":true,\"valueName\":\"search_term_string\"}}],\"inLanguage\":\"pt-PT\"},{\"@type\":\"Person\",\"@id\":\"https:\\\/\\\/www.altominho.tv\\\/site\\\/#\\\/schema\\\/person\\\/4fa0996d8841f9d6cbb84eb43c555c2c\",\"name\":\"Andreia Barreiro\",\"image\":{\"@type\":\"ImageObject\",\"inLanguage\":\"pt-PT\",\"@id\":\"https:\\\/\\\/www.altominho.tv\\\/site\\\/wp-content\\\/uploads\\\/2021\\\/01\\\/132443895_3480358142084005_3574327946369834311_o-150x150.jpg\",\"url\":\"https:\\\/\\\/www.altominho.tv\\\/site\\\/wp-content\\\/uploads\\\/2021\\\/01\\\/132443895_3480358142084005_3574327946369834311_o-150x150.jpg\",\"contentUrl\":\"https:\\\/\\\/www.altominho.tv\\\/site\\\/wp-content\\\/uploads\\\/2021\\\/01\\\/132443895_3480358142084005_3574327946369834311_o-150x150.jpg\",\"caption\":\"Andreia Barreiro\"},\"url\":\"https:\\\/\\\/www.altominho.tv\\\/site\\\/author\\\/andreiabarreiro\\\/\"}]}<\/script>\n<!-- \/ Yoast SEO Premium plugin. -->","yoast_head_json":{"title":"Resultados eleitorais em Paredes de Coura","robots":{"index":"index","follow":"follow","max-snippet":"max-snippet:-1","max-image-preview":"max-image-preview:large","max-video-preview":"max-video-preview:-1"},"canonical":"https:\/\/www.altominho.tv\/site\/2021\/09\/27\/resultados-eleitorais-em-paredes-de-coura\/","og_locale":"pt_PT","og_type":"article","og_title":"Resultados eleitorais em Paredes de Coura","og_description":"No concelho de Paredes de Coura, com todas as freguesias apuradas, o resultado das vota\u00e7\u00f5es \u00e9 o seguinte: C\u00c2MARA MUNICIPAL ASSEMBLEIA MUNICIPAL ASSEMBLEIA DE FREGUESIAS Agualonga Bico e Cristelo Castanheira Cossourado e Linhares Coura Cunha Formariz e Ferreira Infesta Insalde e Porreiras Mozelos Padornelo Parada Paredes de Coura e Resende Romarig\u00e3es Rubi\u00e3es Vasc\u00f5es","og_url":"https:\/\/www.altominho.tv\/site\/2021\/09\/27\/resultados-eleitorais-em-paredes-de-coura\/","og_site_name":"Altominho.tv","article_publisher":"https:\/\/www.facebook.com\/altominhotv","article_published_time":"2021-09-27T09:17:50+00:00","article_modified_time":"2021-09-27T09:45:31+00:00","og_image":[{"width":1536,"height":864,"url":"https:\/\/www.altominho.tv\/site\/wp-content\/uploads\/2021\/09\/ParedesCoura_CAPA-1536x864-1.jpeg","type":"image\/jpeg"}],"author":"Andreia Barreiro","twitter_card":"summary_large_image","twitter_creator":"@altominhoTV","twitter_site":"@altominhoTV","twitter_misc":{"Escrito por":"Andreia Barreiro","Tempo estimado de leitura":"4 minutos"},"schema":{"@context":"https:\/\/schema.org","@graph":[{"@type":"Article","@id":"https:\/\/www.altominho.tv\/site\/2021\/09\/27\/resultados-eleitorais-em-paredes-de-coura\/#article","isPartOf":{"@id":"https:\/\/www.altominho.tv\/site\/2021\/09\/27\/resultados-eleitorais-em-paredes-de-coura\/"},"author":{"name":"Andreia Barreiro","@id":"https:\/\/www.altominho.tv\/site\/#\/schema\/person\/4fa0996d8841f9d6cbb84eb43c555c2c"},"headline":"Resultados eleitorais em Paredes de Coura","datePublished":"2021-09-27T09:17:50+00:00","dateModified":"2021-09-27T09:45:31+00:00","mainEntityOfPage":{"@id":"https:\/\/www.altominho.tv\/site\/2021\/09\/27\/resultados-eleitorais-em-paredes-de-coura\/"},"wordCount":63,"image":{"@id":"https:\/\/www.altominho.tv\/site\/2021\/09\/27\/resultados-eleitorais-em-paredes-de-coura\/#primaryimage"},"thumbnailUrl":"https:\/\/www.altominho.tv\/site\/wp-content\/uploads\/2021\/09\/ParedesCoura_CAPA-1536x864-1.jpeg","keywords":["Sociedade"],"articleSection":["Paredes de Coura"],"inLanguage":"pt-PT","copyrightYear":"2021","copyrightHolder":{"@id":"https:\/\/www.altominho.tv\/site\/#organization"}},{"@type":"WebPage","@id":"https:\/\/www.altominho.tv\/site\/2021\/09\/27\/resultados-eleitorais-em-paredes-de-coura\/","url":"https:\/\/www.altominho.tv\/site\/2021\/09\/27\/resultados-eleitorais-em-paredes-de-coura\/","name":"Resultados eleitorais em Paredes de Coura","isPartOf":{"@id":"https:\/\/www.altominho.tv\/site\/#website"},"primaryImageOfPage":{"@id":"https:\/\/www.altominho.tv\/site\/2021\/09\/27\/resultados-eleitorais-em-paredes-de-coura\/#primaryimage"},"image":{"@id":"https:\/\/www.altominho.tv\/site\/2021\/09\/27\/resultados-eleitorais-em-paredes-de-coura\/#primaryimage"},"thumbnailUrl":"https:\/\/www.altominho.tv\/site\/wp-content\/uploads\/2021\/09\/ParedesCoura_CAPA-1536x864-1.jpeg","datePublished":"2021-09-27T09:17:50+00:00","dateModified":"2021-09-27T09:45:31+00:00","author":{"@id":"https:\/\/www.altominho.tv\/site\/#\/schema\/person\/4fa0996d8841f9d6cbb84eb43c555c2c"},"breadcrumb":{"@id":"https:\/\/www.altominho.tv\/site\/2021\/09\/27\/resultados-eleitorais-em-paredes-de-coura\/#breadcrumb"},"inLanguage":"pt-PT","potentialAction":[{"@type":"ReadAction","target":["https:\/\/www.altominho.tv\/site\/2021\/09\/27\/resultados-eleitorais-em-paredes-de-coura\/"]}]},{"@type":"ImageObject","inLanguage":"pt-PT","@id":"https:\/\/www.altominho.tv\/site\/2021\/09\/27\/resultados-eleitorais-em-paredes-de-coura\/#primaryimage","url":"https:\/\/www.altominho.tv\/site\/wp-content\/uploads\/2021\/09\/ParedesCoura_CAPA-1536x864-1.jpeg","contentUrl":"https:\/\/www.altominho.tv\/site\/wp-content\/uploads\/2021\/09\/ParedesCoura_CAPA-1536x864-1.jpeg","width":1536,"height":864},{"@type":"BreadcrumbList","@id":"https:\/\/www.altominho.tv\/site\/2021\/09\/27\/resultados-eleitorais-em-paredes-de-coura\/#breadcrumb","itemListElement":[{"@type":"ListItem","position":1,"name":"In\u00edcio","item":"https:\/\/www.altominho.tv\/site\/"},{"@type":"ListItem","position":2,"name":"Resultados eleitorais em Paredes de Coura"}]},{"@type":"WebSite","@id":"https:\/\/www.altominho.tv\/site\/#website","url":"https:\/\/www.altominho.tv\/site\/","name":"Altominho.tv","description":"A sua regi\u00e3o \u00e0 dist\u00e2ncia de um clique...","potentialAction":[{"@type":"SearchAction","target":{"@type":"EntryPoint","urlTemplate":"https:\/\/www.altominho.tv\/site\/?s={search_term_string}"},"query-input":{"@type":"PropertyValueSpecification","valueRequired":true,"valueName":"search_term_string"}}],"inLanguage":"pt-PT"},{"@type":"Person","@id":"https:\/\/www.altominho.tv\/site\/#\/schema\/person\/4fa0996d8841f9d6cbb84eb43c555c2c","name":"Andreia Barreiro","image":{"@type":"ImageObject","inLanguage":"pt-PT","@id":"https:\/\/www.altominho.tv\/site\/wp-content\/uploads\/2021\/01\/132443895_3480358142084005_3574327946369834311_o-150x150.jpg","url":"https:\/\/www.altominho.tv\/site\/wp-content\/uploads\/2021\/01\/132443895_3480358142084005_3574327946369834311_o-150x150.jpg","contentUrl":"https:\/\/www.altominho.tv\/site\/wp-content\/uploads\/2021\/01\/132443895_3480358142084005_3574327946369834311_o-150x150.jpg","caption":"Andreia Barreiro"},"url":"https:\/\/www.altominho.tv\/site\/author\/andreiabarreiro\/"}]}},"_links":{"self":[{"href":"https:\/\/www.altominho.tv\/site\/wp-json\/wp\/v2\/posts\/70846","targetHints":{"allow":["GET"]}}],"collection":[{"href":"https:\/\/www.altominho.tv\/site\/wp-json\/wp\/v2\/posts"}],"about":[{"href":"https:\/\/www.altominho.tv\/site\/wp-json\/wp\/v2\/types\/post"}],"author":[{"embeddable":true,"href":"https:\/\/www.altominho.tv\/site\/wp-json\/wp\/v2\/users\/10"}],"replies":[{"embeddable":true,"href":"https:\/\/www.altominho.tv\/site\/wp-json\/wp\/v2\/comments?post=70846"}],"version-history":[{"count":0,"href":"https:\/\/www.altominho.tv\/site\/wp-json\/wp\/v2\/posts\/70846\/revisions"}],"wp:featuredmedia":[{"embeddable":true,"href":"https:\/\/www.altominho.tv\/site\/wp-json\/wp\/v2\/media\/70866"}],"wp:attachment":[{"href":"https:\/\/www.altominho.tv\/site\/wp-json\/wp\/v2\/media?parent=70846"}],"wp:term":[{"taxonomy":"category","embeddable":true,"href":"https:\/\/www.altominho.tv\/site\/wp-json\/wp\/v2\/categories?post=70846"},{"taxonomy":"post_tag","embeddable":true,"href":"https:\/\/www.altominho.tv\/site\/wp-json\/wp\/v2\/tags?post=70846"}],"curies":[{"name":"wp","href":"https:\/\/api.w.org\/{rel}","templated":true}]}}