{"id":70413,"date":"2021-09-26T21:11:39","date_gmt":"2021-09-26T20:11:39","guid":{"rendered":"https:\/\/www.altominho.tv\/site\/?p=70413"},"modified":"2021-09-26T22:17:53","modified_gmt":"2021-09-26T21:17:53","slug":"resultados-eleitorais-em-paredes-de-coura-em-direto","status":"publish","type":"post","link":"https:\/\/www.altominho.tv\/site\/2021\/09\/26\/resultados-eleitorais-em-paredes-de-coura-em-direto\/","title":{"rendered":"Resultados eleitorais em Paredes de Coura (em direto)"},"content":{"rendered":"<p>No concelho de Paredes de Coura at\u00e9 \u00e0s 21h08, com cinco freguesias por apurar, o resultado das vota\u00e7\u00f5es \u00e9 o seguinte:<\/p>\n<h4>\nC\u00c2MARA MUNICIPAL<\/h4>\n<p><img loading=\"lazy\" decoding=\"async\" class=\"alignnone size-medium wp-image-70494\" src=\"https:\/\/www.altominho.tv\/site\/wp-content\/uploads\/2021\/09\/Camara--770x305.jpg\" alt=\"\" width=\"770\" height=\"305\" srcset=\"https:\/\/www.altominho.tv\/site\/wp-content\/uploads\/2021\/09\/Camara--770x305.jpg 770w, https:\/\/www.altominho.tv\/site\/wp-content\/uploads\/2021\/09\/Camara--1024x406.jpg 1024w, https:\/\/www.altominho.tv\/site\/wp-content\/uploads\/2021\/09\/Camara--768x304.jpg 768w, https:\/\/www.altominho.tv\/site\/wp-content\/uploads\/2021\/09\/Camara--370x147.jpg 370w, https:\/\/www.altominho.tv\/site\/wp-content\/uploads\/2021\/09\/Camara--270x107.jpg 270w, https:\/\/www.altominho.tv\/site\/wp-content\/uploads\/2021\/09\/Camara--570x226.jpg 570w, https:\/\/www.altominho.tv\/site\/wp-content\/uploads\/2021\/09\/Camara--740x293.jpg 740w, https:\/\/www.altominho.tv\/site\/wp-content\/uploads\/2021\/09\/Camara-.jpg 1362w\" sizes=\"auto, (max-width: 770px) 100vw, 770px\" \/><\/p>\n<h4>ASSEMBLEIA MUNICIPAL<\/h4>\n<p><img loading=\"lazy\" decoding=\"async\" class=\"alignnone size-medium wp-image-70493\" src=\"https:\/\/www.altominho.tv\/site\/wp-content\/uploads\/2021\/09\/assembleia-a\u0300s-21.08.33-770x308.jpg\" alt=\"\" width=\"770\" height=\"308\" srcset=\"https:\/\/www.altominho.tv\/site\/wp-content\/uploads\/2021\/09\/assembleia-a\u0300s-21.08.33-770x308.jpg 770w, https:\/\/www.altominho.tv\/site\/wp-content\/uploads\/2021\/09\/assembleia-a\u0300s-21.08.33-1024x410.jpg 1024w, https:\/\/www.altominho.tv\/site\/wp-content\/uploads\/2021\/09\/assembleia-a\u0300s-21.08.33-768x307.jpg 768w, https:\/\/www.altominho.tv\/site\/wp-content\/uploads\/2021\/09\/assembleia-a\u0300s-21.08.33-370x148.jpg 370w, https:\/\/www.altominho.tv\/site\/wp-content\/uploads\/2021\/09\/assembleia-a\u0300s-21.08.33-270x108.jpg 270w, https:\/\/www.altominho.tv\/site\/wp-content\/uploads\/2021\/09\/assembleia-a\u0300s-21.08.33-570x228.jpg 570w, https:\/\/www.altominho.tv\/site\/wp-content\/uploads\/2021\/09\/assembleia-a\u0300s-21.08.33-740x296.jpg 740w, https:\/\/www.altominho.tv\/site\/wp-content\/uploads\/2021\/09\/assembleia-a\u0300s-21.08.33.jpg 1360w\" sizes=\"auto, (max-width: 770px) 100vw, 770px\" \/><\/p>\n<h4>ASSEMBLEIA DE FREGUESIA<\/h4>\n<p><img loading=\"lazy\" decoding=\"async\" class=\"alignnone size-medium wp-image-70523\" src=\"https:\/\/www.altominho.tv\/site\/wp-content\/uploads\/2021\/09\/freguesia-coura-770x351.png\" alt=\"\" width=\"770\" height=\"351\" srcset=\"https:\/\/www.altominho.tv\/site\/wp-content\/uploads\/2021\/09\/freguesia-coura-770x351.png 770w, https:\/\/www.altominho.tv\/site\/wp-content\/uploads\/2021\/09\/freguesia-coura-1024x467.png 1024w, https:\/\/www.altominho.tv\/site\/wp-content\/uploads\/2021\/09\/freguesia-coura-768x350.png 768w, https:\/\/www.altominho.tv\/site\/wp-content\/uploads\/2021\/09\/freguesia-coura-370x169.png 370w, https:\/\/www.altominho.tv\/site\/wp-content\/uploads\/2021\/09\/freguesia-coura-270x123.png 270w, https:\/\/www.altominho.tv\/site\/wp-content\/uploads\/2021\/09\/freguesia-coura-570x260.png 570w, https:\/\/www.altominho.tv\/site\/wp-content\/uploads\/2021\/09\/freguesia-coura-740x338.png 740w, https:\/\/www.altominho.tv\/site\/wp-content\/uploads\/2021\/09\/freguesia-coura.png 1346w\" sizes=\"auto, (max-width: 770px) 100vw, 770px\" \/><\/p>\n<p style=\"text-align: right\">[resultados provis\u00f3rios fornecidos pela SGMAI-AE]\n<h4><\/h4>\n","protected":false},"excerpt":{"rendered":"<p>No concelho de Paredes de Coura at\u00e9 \u00e0s 21h08, com cinco freguesias por apurar, o resultado das vota\u00e7\u00f5es \u00e9 o seguinte: C\u00c2MARA MUNICIPAL ASSEMBLEIA MUNICIPAL ASSEMBLEIA DE FREGUESIA [resultados provis\u00f3rios fornecidos pela SGMAI-AE]<\/p>\n","protected":false},"author":10,"featured_media":70380,"comment_status":"closed","ping_status":"closed","sticky":false,"template":"","format":"standard","meta":{"_exactmetrics_skip_tracking":false,"_exactmetrics_sitenote_active":false,"_exactmetrics_sitenote_note":"","_exactmetrics_sitenote_category":0,"footnotes":""},"categories":[10],"tags":[27],"class_list":["post-70413","post","type-post","status-publish","format-standard","has-post-thumbnail","hentry","category-paredes-de-coura","tag-sociedade"],"yoast_head":"<!-- This site is optimized with the Yoast SEO Premium plugin v27.4 (Yoast SEO v27.4) - https:\/\/yoast.com\/product\/yoast-seo-premium-wordpress\/ -->\n<title>Resultados eleitorais em Paredes de Coura (em direto)<\/title>\n<meta name=\"robots\" content=\"index, follow, max-snippet:-1, max-image-preview:large, max-video-preview:-1\" \/>\n<link rel=\"canonical\" href=\"https:\/\/www.altominho.tv\/site\/2021\/09\/26\/resultados-eleitorais-em-paredes-de-coura-em-direto\/\" \/>\n<meta property=\"og:locale\" content=\"pt_PT\" \/>\n<meta property=\"og:type\" content=\"article\" \/>\n<meta property=\"og:title\" content=\"Resultados eleitorais em Paredes de Coura (em direto)\" \/>\n<meta property=\"og:description\" content=\"No concelho de Paredes de Coura at\u00e9 \u00e0s 21h08, com cinco freguesias por apurar, o resultado das vota\u00e7\u00f5es \u00e9 o seguinte: C\u00c2MARA MUNICIPAL ASSEMBLEIA MUNICIPAL ASSEMBLEIA DE FREGUESIA [resultados provis\u00f3rios fornecidos pela SGMAI-AE]\" \/>\n<meta property=\"og:url\" content=\"https:\/\/www.altominho.tv\/site\/2021\/09\/26\/resultados-eleitorais-em-paredes-de-coura-em-direto\/\" \/>\n<meta property=\"og:site_name\" content=\"Altominho.tv\" \/>\n<meta property=\"article:publisher\" content=\"https:\/\/www.facebook.com\/altominhotv\" \/>\n<meta property=\"article:published_time\" content=\"2021-09-26T20:11:39+00:00\" \/>\n<meta property=\"article:modified_time\" content=\"2021-09-26T21:17:53+00:00\" \/>\n<meta property=\"og:image\" content=\"https:\/\/www.altominho.tv\/site\/wp-content\/uploads\/2021\/09\/ParedesCoura_CAPA.jpg\" \/>\n\t<meta property=\"og:image:width\" content=\"1920\" \/>\n\t<meta property=\"og:image:height\" content=\"1080\" \/>\n\t<meta property=\"og:image:type\" content=\"image\/jpeg\" \/>\n<meta name=\"author\" content=\"Andreia Barreiro\" \/>\n<meta name=\"twitter:card\" content=\"summary_large_image\" \/>\n<meta name=\"twitter:creator\" content=\"@altominhoTV\" \/>\n<meta name=\"twitter:site\" content=\"@altominhoTV\" \/>\n<meta name=\"twitter:label1\" content=\"Escrito por\" \/>\n\t<meta name=\"twitter:data1\" content=\"Andreia Barreiro\" \/>\n\t<meta name=\"twitter:label2\" content=\"Tempo estimado de leitura\" \/>\n\t<meta name=\"twitter:data2\" content=\"1 minuto\" \/>\n<script type=\"application\/ld+json\" class=\"yoast-schema-graph\">{\"@context\":\"https:\\\/\\\/schema.org\",\"@graph\":[{\"@type\":\"Article\",\"@id\":\"https:\\\/\\\/www.altominho.tv\\\/site\\\/2021\\\/09\\\/26\\\/resultados-eleitorais-em-paredes-de-coura-em-direto\\\/#article\",\"isPartOf\":{\"@id\":\"https:\\\/\\\/www.altominho.tv\\\/site\\\/2021\\\/09\\\/26\\\/resultados-eleitorais-em-paredes-de-coura-em-direto\\\/\"},\"author\":{\"name\":\"Andreia Barreiro\",\"@id\":\"https:\\\/\\\/www.altominho.tv\\\/site\\\/#\\\/schema\\\/person\\\/4fa0996d8841f9d6cbb84eb43c555c2c\"},\"headline\":\"Resultados eleitorais em Paredes de Coura (em direto)\",\"datePublished\":\"2021-09-26T20:11:39+00:00\",\"dateModified\":\"2021-09-26T21:17:53+00:00\",\"mainEntityOfPage\":{\"@id\":\"https:\\\/\\\/www.altominho.tv\\\/site\\\/2021\\\/09\\\/26\\\/resultados-eleitorais-em-paredes-de-coura-em-direto\\\/\"},\"wordCount\":43,\"image\":{\"@id\":\"https:\\\/\\\/www.altominho.tv\\\/site\\\/2021\\\/09\\\/26\\\/resultados-eleitorais-em-paredes-de-coura-em-direto\\\/#primaryimage\"},\"thumbnailUrl\":\"https:\\\/\\\/www.altominho.tv\\\/site\\\/wp-content\\\/uploads\\\/2021\\\/09\\\/ParedesCoura_CAPA.jpg\",\"keywords\":[\"Sociedade\"],\"articleSection\":[\"Paredes de Coura\"],\"inLanguage\":\"pt-PT\",\"copyrightYear\":\"2021\",\"copyrightHolder\":{\"@id\":\"https:\\\/\\\/www.altominho.tv\\\/site\\\/#organization\"}},{\"@type\":\"WebPage\",\"@id\":\"https:\\\/\\\/www.altominho.tv\\\/site\\\/2021\\\/09\\\/26\\\/resultados-eleitorais-em-paredes-de-coura-em-direto\\\/\",\"url\":\"https:\\\/\\\/www.altominho.tv\\\/site\\\/2021\\\/09\\\/26\\\/resultados-eleitorais-em-paredes-de-coura-em-direto\\\/\",\"name\":\"Resultados eleitorais em Paredes de Coura (em direto)\",\"isPartOf\":{\"@id\":\"https:\\\/\\\/www.altominho.tv\\\/site\\\/#website\"},\"primaryImageOfPage\":{\"@id\":\"https:\\\/\\\/www.altominho.tv\\\/site\\\/2021\\\/09\\\/26\\\/resultados-eleitorais-em-paredes-de-coura-em-direto\\\/#primaryimage\"},\"image\":{\"@id\":\"https:\\\/\\\/www.altominho.tv\\\/site\\\/2021\\\/09\\\/26\\\/resultados-eleitorais-em-paredes-de-coura-em-direto\\\/#primaryimage\"},\"thumbnailUrl\":\"https:\\\/\\\/www.altominho.tv\\\/site\\\/wp-content\\\/uploads\\\/2021\\\/09\\\/ParedesCoura_CAPA.jpg\",\"datePublished\":\"2021-09-26T20:11:39+00:00\",\"dateModified\":\"2021-09-26T21:17:53+00:00\",\"author\":{\"@id\":\"https:\\\/\\\/www.altominho.tv\\\/site\\\/#\\\/schema\\\/person\\\/4fa0996d8841f9d6cbb84eb43c555c2c\"},\"breadcrumb\":{\"@id\":\"https:\\\/\\\/www.altominho.tv\\\/site\\\/2021\\\/09\\\/26\\\/resultados-eleitorais-em-paredes-de-coura-em-direto\\\/#breadcrumb\"},\"inLanguage\":\"pt-PT\",\"potentialAction\":[{\"@type\":\"ReadAction\",\"target\":[\"https:\\\/\\\/www.altominho.tv\\\/site\\\/2021\\\/09\\\/26\\\/resultados-eleitorais-em-paredes-de-coura-em-direto\\\/\"]}]},{\"@type\":\"ImageObject\",\"inLanguage\":\"pt-PT\",\"@id\":\"https:\\\/\\\/www.altominho.tv\\\/site\\\/2021\\\/09\\\/26\\\/resultados-eleitorais-em-paredes-de-coura-em-direto\\\/#primaryimage\",\"url\":\"https:\\\/\\\/www.altominho.tv\\\/site\\\/wp-content\\\/uploads\\\/2021\\\/09\\\/ParedesCoura_CAPA.jpg\",\"contentUrl\":\"https:\\\/\\\/www.altominho.tv\\\/site\\\/wp-content\\\/uploads\\\/2021\\\/09\\\/ParedesCoura_CAPA.jpg\",\"width\":1920,\"height\":1080,\"caption\":\"COURA\"},{\"@type\":\"BreadcrumbList\",\"@id\":\"https:\\\/\\\/www.altominho.tv\\\/site\\\/2021\\\/09\\\/26\\\/resultados-eleitorais-em-paredes-de-coura-em-direto\\\/#breadcrumb\",\"itemListElement\":[{\"@type\":\"ListItem\",\"position\":1,\"name\":\"In\u00edcio\",\"item\":\"https:\\\/\\\/www.altominho.tv\\\/site\\\/\"},{\"@type\":\"ListItem\",\"position\":2,\"name\":\"Resultados eleitorais em Paredes de Coura (em direto)\"}]},{\"@type\":\"WebSite\",\"@id\":\"https:\\\/\\\/www.altominho.tv\\\/site\\\/#website\",\"url\":\"https:\\\/\\\/www.altominho.tv\\\/site\\\/\",\"name\":\"Altominho.tv\",\"description\":\"A sua regi\u00e3o \u00e0 dist\u00e2ncia de um clique...\",\"potentialAction\":[{\"@type\":\"SearchAction\",\"target\":{\"@type\":\"EntryPoint\",\"urlTemplate\":\"https:\\\/\\\/www.altominho.tv\\\/site\\\/?s={search_term_string}\"},\"query-input\":{\"@type\":\"PropertyValueSpecification\",\"valueRequired\":true,\"valueName\":\"search_term_string\"}}],\"inLanguage\":\"pt-PT\"},{\"@type\":\"Person\",\"@id\":\"https:\\\/\\\/www.altominho.tv\\\/site\\\/#\\\/schema\\\/person\\\/4fa0996d8841f9d6cbb84eb43c555c2c\",\"name\":\"Andreia Barreiro\",\"image\":{\"@type\":\"ImageObject\",\"inLanguage\":\"pt-PT\",\"@id\":\"https:\\\/\\\/www.altominho.tv\\\/site\\\/wp-content\\\/uploads\\\/2021\\\/01\\\/132443895_3480358142084005_3574327946369834311_o-150x150.jpg\",\"url\":\"https:\\\/\\\/www.altominho.tv\\\/site\\\/wp-content\\\/uploads\\\/2021\\\/01\\\/132443895_3480358142084005_3574327946369834311_o-150x150.jpg\",\"contentUrl\":\"https:\\\/\\\/www.altominho.tv\\\/site\\\/wp-content\\\/uploads\\\/2021\\\/01\\\/132443895_3480358142084005_3574327946369834311_o-150x150.jpg\",\"caption\":\"Andreia Barreiro\"},\"url\":\"https:\\\/\\\/www.altominho.tv\\\/site\\\/author\\\/andreiabarreiro\\\/\"}]}<\/script>\n<!-- \/ Yoast SEO Premium plugin. -->","yoast_head_json":{"title":"Resultados eleitorais em Paredes de Coura (em direto)","robots":{"index":"index","follow":"follow","max-snippet":"max-snippet:-1","max-image-preview":"max-image-preview:large","max-video-preview":"max-video-preview:-1"},"canonical":"https:\/\/www.altominho.tv\/site\/2021\/09\/26\/resultados-eleitorais-em-paredes-de-coura-em-direto\/","og_locale":"pt_PT","og_type":"article","og_title":"Resultados eleitorais em Paredes de Coura (em direto)","og_description":"No concelho de Paredes de Coura at\u00e9 \u00e0s 21h08, com cinco freguesias por apurar, o resultado das vota\u00e7\u00f5es \u00e9 o seguinte: C\u00c2MARA MUNICIPAL ASSEMBLEIA MUNICIPAL ASSEMBLEIA DE FREGUESIA [resultados provis\u00f3rios fornecidos pela SGMAI-AE]","og_url":"https:\/\/www.altominho.tv\/site\/2021\/09\/26\/resultados-eleitorais-em-paredes-de-coura-em-direto\/","og_site_name":"Altominho.tv","article_publisher":"https:\/\/www.facebook.com\/altominhotv","article_published_time":"2021-09-26T20:11:39+00:00","article_modified_time":"2021-09-26T21:17:53+00:00","og_image":[{"width":1920,"height":1080,"url":"https:\/\/www.altominho.tv\/site\/wp-content\/uploads\/2021\/09\/ParedesCoura_CAPA.jpg","type":"image\/jpeg"}],"author":"Andreia Barreiro","twitter_card":"summary_large_image","twitter_creator":"@altominhoTV","twitter_site":"@altominhoTV","twitter_misc":{"Escrito por":"Andreia Barreiro","Tempo estimado de leitura":"1 minuto"},"schema":{"@context":"https:\/\/schema.org","@graph":[{"@type":"Article","@id":"https:\/\/www.altominho.tv\/site\/2021\/09\/26\/resultados-eleitorais-em-paredes-de-coura-em-direto\/#article","isPartOf":{"@id":"https:\/\/www.altominho.tv\/site\/2021\/09\/26\/resultados-eleitorais-em-paredes-de-coura-em-direto\/"},"author":{"name":"Andreia Barreiro","@id":"https:\/\/www.altominho.tv\/site\/#\/schema\/person\/4fa0996d8841f9d6cbb84eb43c555c2c"},"headline":"Resultados eleitorais em Paredes de Coura (em direto)","datePublished":"2021-09-26T20:11:39+00:00","dateModified":"2021-09-26T21:17:53+00:00","mainEntityOfPage":{"@id":"https:\/\/www.altominho.tv\/site\/2021\/09\/26\/resultados-eleitorais-em-paredes-de-coura-em-direto\/"},"wordCount":43,"image":{"@id":"https:\/\/www.altominho.tv\/site\/2021\/09\/26\/resultados-eleitorais-em-paredes-de-coura-em-direto\/#primaryimage"},"thumbnailUrl":"https:\/\/www.altominho.tv\/site\/wp-content\/uploads\/2021\/09\/ParedesCoura_CAPA.jpg","keywords":["Sociedade"],"articleSection":["Paredes de Coura"],"inLanguage":"pt-PT","copyrightYear":"2021","copyrightHolder":{"@id":"https:\/\/www.altominho.tv\/site\/#organization"}},{"@type":"WebPage","@id":"https:\/\/www.altominho.tv\/site\/2021\/09\/26\/resultados-eleitorais-em-paredes-de-coura-em-direto\/","url":"https:\/\/www.altominho.tv\/site\/2021\/09\/26\/resultados-eleitorais-em-paredes-de-coura-em-direto\/","name":"Resultados eleitorais em Paredes de Coura (em direto)","isPartOf":{"@id":"https:\/\/www.altominho.tv\/site\/#website"},"primaryImageOfPage":{"@id":"https:\/\/www.altominho.tv\/site\/2021\/09\/26\/resultados-eleitorais-em-paredes-de-coura-em-direto\/#primaryimage"},"image":{"@id":"https:\/\/www.altominho.tv\/site\/2021\/09\/26\/resultados-eleitorais-em-paredes-de-coura-em-direto\/#primaryimage"},"thumbnailUrl":"https:\/\/www.altominho.tv\/site\/wp-content\/uploads\/2021\/09\/ParedesCoura_CAPA.jpg","datePublished":"2021-09-26T20:11:39+00:00","dateModified":"2021-09-26T21:17:53+00:00","author":{"@id":"https:\/\/www.altominho.tv\/site\/#\/schema\/person\/4fa0996d8841f9d6cbb84eb43c555c2c"},"breadcrumb":{"@id":"https:\/\/www.altominho.tv\/site\/2021\/09\/26\/resultados-eleitorais-em-paredes-de-coura-em-direto\/#breadcrumb"},"inLanguage":"pt-PT","potentialAction":[{"@type":"ReadAction","target":["https:\/\/www.altominho.tv\/site\/2021\/09\/26\/resultados-eleitorais-em-paredes-de-coura-em-direto\/"]}]},{"@type":"ImageObject","inLanguage":"pt-PT","@id":"https:\/\/www.altominho.tv\/site\/2021\/09\/26\/resultados-eleitorais-em-paredes-de-coura-em-direto\/#primaryimage","url":"https:\/\/www.altominho.tv\/site\/wp-content\/uploads\/2021\/09\/ParedesCoura_CAPA.jpg","contentUrl":"https:\/\/www.altominho.tv\/site\/wp-content\/uploads\/2021\/09\/ParedesCoura_CAPA.jpg","width":1920,"height":1080,"caption":"COURA"},{"@type":"BreadcrumbList","@id":"https:\/\/www.altominho.tv\/site\/2021\/09\/26\/resultados-eleitorais-em-paredes-de-coura-em-direto\/#breadcrumb","itemListElement":[{"@type":"ListItem","position":1,"name":"In\u00edcio","item":"https:\/\/www.altominho.tv\/site\/"},{"@type":"ListItem","position":2,"name":"Resultados eleitorais em Paredes de Coura (em direto)"}]},{"@type":"WebSite","@id":"https:\/\/www.altominho.tv\/site\/#website","url":"https:\/\/www.altominho.tv\/site\/","name":"Altominho.tv","description":"A sua regi\u00e3o \u00e0 dist\u00e2ncia de um clique...","potentialAction":[{"@type":"SearchAction","target":{"@type":"EntryPoint","urlTemplate":"https:\/\/www.altominho.tv\/site\/?s={search_term_string}"},"query-input":{"@type":"PropertyValueSpecification","valueRequired":true,"valueName":"search_term_string"}}],"inLanguage":"pt-PT"},{"@type":"Person","@id":"https:\/\/www.altominho.tv\/site\/#\/schema\/person\/4fa0996d8841f9d6cbb84eb43c555c2c","name":"Andreia Barreiro","image":{"@type":"ImageObject","inLanguage":"pt-PT","@id":"https:\/\/www.altominho.tv\/site\/wp-content\/uploads\/2021\/01\/132443895_3480358142084005_3574327946369834311_o-150x150.jpg","url":"https:\/\/www.altominho.tv\/site\/wp-content\/uploads\/2021\/01\/132443895_3480358142084005_3574327946369834311_o-150x150.jpg","contentUrl":"https:\/\/www.altominho.tv\/site\/wp-content\/uploads\/2021\/01\/132443895_3480358142084005_3574327946369834311_o-150x150.jpg","caption":"Andreia Barreiro"},"url":"https:\/\/www.altominho.tv\/site\/author\/andreiabarreiro\/"}]}},"_links":{"self":[{"href":"https:\/\/www.altominho.tv\/site\/wp-json\/wp\/v2\/posts\/70413","targetHints":{"allow":["GET"]}}],"collection":[{"href":"https:\/\/www.altominho.tv\/site\/wp-json\/wp\/v2\/posts"}],"about":[{"href":"https:\/\/www.altominho.tv\/site\/wp-json\/wp\/v2\/types\/post"}],"author":[{"embeddable":true,"href":"https:\/\/www.altominho.tv\/site\/wp-json\/wp\/v2\/users\/10"}],"replies":[{"embeddable":true,"href":"https:\/\/www.altominho.tv\/site\/wp-json\/wp\/v2\/comments?post=70413"}],"version-history":[{"count":0,"href":"https:\/\/www.altominho.tv\/site\/wp-json\/wp\/v2\/posts\/70413\/revisions"}],"wp:featuredmedia":[{"embeddable":true,"href":"https:\/\/www.altominho.tv\/site\/wp-json\/wp\/v2\/media\/70380"}],"wp:attachment":[{"href":"https:\/\/www.altominho.tv\/site\/wp-json\/wp\/v2\/media?parent=70413"}],"wp:term":[{"taxonomy":"category","embeddable":true,"href":"https:\/\/www.altominho.tv\/site\/wp-json\/wp\/v2\/categories?post=70413"},{"taxonomy":"post_tag","embeddable":true,"href":"https:\/\/www.altominho.tv\/site\/wp-json\/wp\/v2\/tags?post=70413"}],"curies":[{"name":"wp","href":"https:\/\/api.w.org\/{rel}","templated":true}]}}