{"id":70406,"date":"2021-09-26T21:14:02","date_gmt":"2021-09-26T20:14:02","guid":{"rendered":"https:\/\/www.altominho.tv\/site\/?p=70406"},"modified":"2021-09-27T11:26:34","modified_gmt":"2021-09-27T10:26:34","slug":"resultados-eleitorais-em-moncao-em-direto","status":"publish","type":"post","link":"https:\/\/www.altominho.tv\/site\/2021\/09\/26\/resultados-eleitorais-em-moncao-em-direto\/","title":{"rendered":"Resultados eleitorais em Mon\u00e7\u00e3o"},"content":{"rendered":"<p>No concelho de Mon\u00e7\u00e3o, com todas as freguesias apuradas, o resultado das vota\u00e7\u00f5es \u00e9 o seguinte:<\/p>\n<h4>C\u00c2MARA MUNICIPAL<\/h4>\n<p><img loading=\"lazy\" decoding=\"async\" class=\"alignnone size-large wp-image-70883\" src=\"https:\/\/www.altominho.tv\/site\/wp-content\/uploads\/2021\/09\/Monc\u0327a\u0303o-ca\u0302mara-final-1024x529.jpg\" alt=\"\" width=\"770\" height=\"398\" srcset=\"https:\/\/www.altominho.tv\/site\/wp-content\/uploads\/2021\/09\/Monc\u0327a\u0303o-ca\u0302mara-final-1024x529.jpg 1024w, https:\/\/www.altominho.tv\/site\/wp-content\/uploads\/2021\/09\/Monc\u0327a\u0303o-ca\u0302mara-final-770x398.jpg 770w, https:\/\/www.altominho.tv\/site\/wp-content\/uploads\/2021\/09\/Monc\u0327a\u0303o-ca\u0302mara-final-768x397.jpg 768w, https:\/\/www.altominho.tv\/site\/wp-content\/uploads\/2021\/09\/Monc\u0327a\u0303o-ca\u0302mara-final-370x191.jpg 370w, https:\/\/www.altominho.tv\/site\/wp-content\/uploads\/2021\/09\/Monc\u0327a\u0303o-ca\u0302mara-final-270x140.jpg 270w, https:\/\/www.altominho.tv\/site\/wp-content\/uploads\/2021\/09\/Monc\u0327a\u0303o-ca\u0302mara-final-570x295.jpg 570w, https:\/\/www.altominho.tv\/site\/wp-content\/uploads\/2021\/09\/Monc\u0327a\u0303o-ca\u0302mara-final-740x382.jpg 740w, https:\/\/www.altominho.tv\/site\/wp-content\/uploads\/2021\/09\/Monc\u0327a\u0303o-ca\u0302mara-final.jpg 1370w\" sizes=\"auto, (max-width: 770px) 100vw, 770px\" \/><\/p>\n<h4>ASSEMBLEIA MUNICIPAL<\/h4>\n<h4><img loading=\"lazy\" decoding=\"async\" class=\"alignnone size-large wp-image-70882\" src=\"https:\/\/www.altominho.tv\/site\/wp-content\/uploads\/2021\/09\/Monc\u0327a\u0303o-Assembleia-Final-1024x532.jpg\" alt=\"\" width=\"770\" height=\"400\" srcset=\"https:\/\/www.altominho.tv\/site\/wp-content\/uploads\/2021\/09\/Monc\u0327a\u0303o-Assembleia-Final-1024x532.jpg 1024w, https:\/\/www.altominho.tv\/site\/wp-content\/uploads\/2021\/09\/Monc\u0327a\u0303o-Assembleia-Final-770x400.jpg 770w, https:\/\/www.altominho.tv\/site\/wp-content\/uploads\/2021\/09\/Monc\u0327a\u0303o-Assembleia-Final-768x399.jpg 768w, https:\/\/www.altominho.tv\/site\/wp-content\/uploads\/2021\/09\/Monc\u0327a\u0303o-Assembleia-Final-370x192.jpg 370w, https:\/\/www.altominho.tv\/site\/wp-content\/uploads\/2021\/09\/Monc\u0327a\u0303o-Assembleia-Final-270x140.jpg 270w, https:\/\/www.altominho.tv\/site\/wp-content\/uploads\/2021\/09\/Monc\u0327a\u0303o-Assembleia-Final-570x296.jpg 570w, https:\/\/www.altominho.tv\/site\/wp-content\/uploads\/2021\/09\/Monc\u0327a\u0303o-Assembleia-Final-740x385.jpg 740w, https:\/\/www.altominho.tv\/site\/wp-content\/uploads\/2021\/09\/Monc\u0327a\u0303o-Assembleia-Final.jpg 1366w\" sizes=\"auto, (max-width: 770px) 100vw, 770px\" \/><\/h4>\n<h4>ASSEMBLEIA DE FREGUESIA<\/h4>\n<h4>Abedim<\/h4>\n<p><img loading=\"lazy\" decoding=\"async\" class=\"alignnone size-full wp-image-70721\" src=\"https:\/\/www.altominho.tv\/site\/wp-content\/uploads\/2021\/09\/Monc\u0327a\u0303o_Freguesia_Abedim-00.40.16.jpg\" alt=\"\" width=\"704\" height=\"213\" srcset=\"https:\/\/www.altominho.tv\/site\/wp-content\/uploads\/2021\/09\/Monc\u0327a\u0303o_Freguesia_Abedim-00.40.16.jpg 704w, https:\/\/www.altominho.tv\/site\/wp-content\/uploads\/2021\/09\/Monc\u0327a\u0303o_Freguesia_Abedim-00.40.16-370x112.jpg 370w, https:\/\/www.altominho.tv\/site\/wp-content\/uploads\/2021\/09\/Monc\u0327a\u0303o_Freguesia_Abedim-00.40.16-270x82.jpg 270w, https:\/\/www.altominho.tv\/site\/wp-content\/uploads\/2021\/09\/Monc\u0327a\u0303o_Freguesia_Abedim-00.40.16-570x172.jpg 570w\" sizes=\"auto, (max-width: 704px) 100vw, 704px\" \/><\/p>\n<h4>Anh\u00f5es e Luzio<\/h4>\n<p><img loading=\"lazy\" decoding=\"async\" class=\"alignnone size-full wp-image-70722\" src=\"https:\/\/www.altominho.tv\/site\/wp-content\/uploads\/2021\/09\/Monc\u0327a\u0303o_Freguesia_Anho\u0303es-e-Luzio.jpg\" alt=\"\" width=\"702\" height=\"215\" srcset=\"https:\/\/www.altominho.tv\/site\/wp-content\/uploads\/2021\/09\/Monc\u0327a\u0303o_Freguesia_Anho\u0303es-e-Luzio.jpg 702w, https:\/\/www.altominho.tv\/site\/wp-content\/uploads\/2021\/09\/Monc\u0327a\u0303o_Freguesia_Anho\u0303es-e-Luzio-370x113.jpg 370w, https:\/\/www.altominho.tv\/site\/wp-content\/uploads\/2021\/09\/Monc\u0327a\u0303o_Freguesia_Anho\u0303es-e-Luzio-270x83.jpg 270w, https:\/\/www.altominho.tv\/site\/wp-content\/uploads\/2021\/09\/Monc\u0327a\u0303o_Freguesia_Anho\u0303es-e-Luzio-570x175.jpg 570w\" sizes=\"auto, (max-width: 702px) 100vw, 702px\" \/><\/p>\n<h4>Barbeita<\/h4>\n<p><img loading=\"lazy\" decoding=\"async\" class=\"alignnone size-full wp-image-70725\" src=\"https:\/\/www.altominho.tv\/site\/wp-content\/uploads\/2021\/09\/Monc\u0327a\u0303o_Freguesia_Barbeita.jpg\" alt=\"\" width=\"699\" height=\"207\" srcset=\"https:\/\/www.altominho.tv\/site\/wp-content\/uploads\/2021\/09\/Monc\u0327a\u0303o_Freguesia_Barbeita.jpg 699w, https:\/\/www.altominho.tv\/site\/wp-content\/uploads\/2021\/09\/Monc\u0327a\u0303o_Freguesia_Barbeita-370x110.jpg 370w, https:\/\/www.altominho.tv\/site\/wp-content\/uploads\/2021\/09\/Monc\u0327a\u0303o_Freguesia_Barbeita-270x80.jpg 270w, https:\/\/www.altominho.tv\/site\/wp-content\/uploads\/2021\/09\/Monc\u0327a\u0303o_Freguesia_Barbeita-570x169.jpg 570w\" sizes=\"auto, (max-width: 699px) 100vw, 699px\" \/><\/p>\n<h4>Barro\u00e7as e Taias<\/h4>\n<p><img loading=\"lazy\" decoding=\"async\" class=\"alignnone size-large wp-image-70881\" src=\"https:\/\/www.altominho.tv\/site\/wp-content\/uploads\/2021\/09\/Barroc\u0327as-e-Taias-1024x349.jpg\" alt=\"\" width=\"770\" height=\"262\" srcset=\"https:\/\/www.altominho.tv\/site\/wp-content\/uploads\/2021\/09\/Barroc\u0327as-e-Taias-1024x349.jpg 1024w, https:\/\/www.altominho.tv\/site\/wp-content\/uploads\/2021\/09\/Barroc\u0327as-e-Taias-770x263.jpg 770w, https:\/\/www.altominho.tv\/site\/wp-content\/uploads\/2021\/09\/Barroc\u0327as-e-Taias-768x262.jpg 768w, https:\/\/www.altominho.tv\/site\/wp-content\/uploads\/2021\/09\/Barroc\u0327as-e-Taias-370x126.jpg 370w, https:\/\/www.altominho.tv\/site\/wp-content\/uploads\/2021\/09\/Barroc\u0327as-e-Taias-270x92.jpg 270w, https:\/\/www.altominho.tv\/site\/wp-content\/uploads\/2021\/09\/Barroc\u0327as-e-Taias-570x194.jpg 570w, https:\/\/www.altominho.tv\/site\/wp-content\/uploads\/2021\/09\/Barroc\u0327as-e-Taias-740x252.jpg 740w, https:\/\/www.altominho.tv\/site\/wp-content\/uploads\/2021\/09\/Barroc\u0327as-e-Taias.jpg 1366w\" sizes=\"auto, (max-width: 770px) 100vw, 770px\" \/><\/p>\n<h4>Bela<\/h4>\n<p><img loading=\"lazy\" decoding=\"async\" class=\"alignnone size-full wp-image-70728\" src=\"https:\/\/www.altominho.tv\/site\/wp-content\/uploads\/2021\/09\/Monc\u0327a\u0303o_Freguesia_Bela.jpg\" alt=\"\" width=\"700\" height=\"248\" srcset=\"https:\/\/www.altominho.tv\/site\/wp-content\/uploads\/2021\/09\/Monc\u0327a\u0303o_Freguesia_Bela.jpg 700w, https:\/\/www.altominho.tv\/site\/wp-content\/uploads\/2021\/09\/Monc\u0327a\u0303o_Freguesia_Bela-370x131.jpg 370w, https:\/\/www.altominho.tv\/site\/wp-content\/uploads\/2021\/09\/Monc\u0327a\u0303o_Freguesia_Bela-270x96.jpg 270w, https:\/\/www.altominho.tv\/site\/wp-content\/uploads\/2021\/09\/Monc\u0327a\u0303o_Freguesia_Bela-570x202.jpg 570w\" sizes=\"auto, (max-width: 700px) 100vw, 700px\" \/><\/p>\n<h4>Cambeses<\/h4>\n<p><img loading=\"lazy\" decoding=\"async\" class=\"alignnone size-full wp-image-70730\" src=\"https:\/\/www.altominho.tv\/site\/wp-content\/uploads\/2021\/09\/Monc\u0327a\u0303o_Freguesia_Cambeses.jpg\" alt=\"\" width=\"706\" height=\"251\" srcset=\"https:\/\/www.altominho.tv\/site\/wp-content\/uploads\/2021\/09\/Monc\u0327a\u0303o_Freguesia_Cambeses.jpg 706w, https:\/\/www.altominho.tv\/site\/wp-content\/uploads\/2021\/09\/Monc\u0327a\u0303o_Freguesia_Cambeses-370x132.jpg 370w, https:\/\/www.altominho.tv\/site\/wp-content\/uploads\/2021\/09\/Monc\u0327a\u0303o_Freguesia_Cambeses-270x96.jpg 270w, https:\/\/www.altominho.tv\/site\/wp-content\/uploads\/2021\/09\/Monc\u0327a\u0303o_Freguesia_Cambeses-570x203.jpg 570w\" sizes=\"auto, (max-width: 706px) 100vw, 706px\" \/><\/p>\n<h4>Ceiv\u00e3es e Badim<\/h4>\n<p><img loading=\"lazy\" decoding=\"async\" class=\"alignnone size-full wp-image-70732\" src=\"https:\/\/www.altominho.tv\/site\/wp-content\/uploads\/2021\/09\/Monc\u0327a\u0303o_Freguesia_Ceiva\u0303es-e-Badim.jpg\" alt=\"\" width=\"702\" height=\"248\" srcset=\"https:\/\/www.altominho.tv\/site\/wp-content\/uploads\/2021\/09\/Monc\u0327a\u0303o_Freguesia_Ceiva\u0303es-e-Badim.jpg 702w, https:\/\/www.altominho.tv\/site\/wp-content\/uploads\/2021\/09\/Monc\u0327a\u0303o_Freguesia_Ceiva\u0303es-e-Badim-370x131.jpg 370w, https:\/\/www.altominho.tv\/site\/wp-content\/uploads\/2021\/09\/Monc\u0327a\u0303o_Freguesia_Ceiva\u0303es-e-Badim-270x95.jpg 270w, https:\/\/www.altominho.tv\/site\/wp-content\/uploads\/2021\/09\/Monc\u0327a\u0303o_Freguesia_Ceiva\u0303es-e-Badim-570x201.jpg 570w\" sizes=\"auto, (max-width: 702px) 100vw, 702px\" \/><\/p>\n<h4>Lara<\/h4>\n<p><img loading=\"lazy\" decoding=\"async\" class=\"alignnone size-full wp-image-70733\" src=\"https:\/\/www.altominho.tv\/site\/wp-content\/uploads\/2021\/09\/Monc\u0327a\u0303o_Freguesia_Lara.jpg\" alt=\"\" width=\"701\" height=\"259\" srcset=\"https:\/\/www.altominho.tv\/site\/wp-content\/uploads\/2021\/09\/Monc\u0327a\u0303o_Freguesia_Lara.jpg 701w, https:\/\/www.altominho.tv\/site\/wp-content\/uploads\/2021\/09\/Monc\u0327a\u0303o_Freguesia_Lara-370x137.jpg 370w, https:\/\/www.altominho.tv\/site\/wp-content\/uploads\/2021\/09\/Monc\u0327a\u0303o_Freguesia_Lara-270x100.jpg 270w, https:\/\/www.altominho.tv\/site\/wp-content\/uploads\/2021\/09\/Monc\u0327a\u0303o_Freguesia_Lara-570x211.jpg 570w\" sizes=\"auto, (max-width: 701px) 100vw, 701px\" \/><\/p>\n<h4>Longos Vales<\/h4>\n<p><img loading=\"lazy\" decoding=\"async\" class=\"alignnone size-full wp-image-70736\" src=\"https:\/\/www.altominho.tv\/site\/wp-content\/uploads\/2021\/09\/Monc\u0327a\u0303o_Freguesia_Longos-Vales.jpg\" alt=\"\" width=\"704\" height=\"256\" srcset=\"https:\/\/www.altominho.tv\/site\/wp-content\/uploads\/2021\/09\/Monc\u0327a\u0303o_Freguesia_Longos-Vales.jpg 704w, https:\/\/www.altominho.tv\/site\/wp-content\/uploads\/2021\/09\/Monc\u0327a\u0303o_Freguesia_Longos-Vales-370x135.jpg 370w, https:\/\/www.altominho.tv\/site\/wp-content\/uploads\/2021\/09\/Monc\u0327a\u0303o_Freguesia_Longos-Vales-270x98.jpg 270w, https:\/\/www.altominho.tv\/site\/wp-content\/uploads\/2021\/09\/Monc\u0327a\u0303o_Freguesia_Longos-Vales-570x207.jpg 570w\" sizes=\"auto, (max-width: 704px) 100vw, 704px\" \/><\/p>\n<h4>Mazedo e Cortes<\/h4>\n<p><img loading=\"lazy\" decoding=\"async\" class=\"alignnone size-full wp-image-70735\" src=\"https:\/\/www.altominho.tv\/site\/wp-content\/uploads\/2021\/09\/Monc\u0327a\u0303o_Freguesia_Mazedo-e-Cortes.jpg\" alt=\"\" width=\"699\" height=\"289\" srcset=\"https:\/\/www.altominho.tv\/site\/wp-content\/uploads\/2021\/09\/Monc\u0327a\u0303o_Freguesia_Mazedo-e-Cortes.jpg 699w, https:\/\/www.altominho.tv\/site\/wp-content\/uploads\/2021\/09\/Monc\u0327a\u0303o_Freguesia_Mazedo-e-Cortes-370x153.jpg 370w, https:\/\/www.altominho.tv\/site\/wp-content\/uploads\/2021\/09\/Monc\u0327a\u0303o_Freguesia_Mazedo-e-Cortes-270x112.jpg 270w, https:\/\/www.altominho.tv\/site\/wp-content\/uploads\/2021\/09\/Monc\u0327a\u0303o_Freguesia_Mazedo-e-Cortes-570x236.jpg 570w\" sizes=\"auto, (max-width: 699px) 100vw, 699px\" \/><\/p>\n<h4>Merufe<\/h4>\n<p><img loading=\"lazy\" decoding=\"async\" class=\"alignnone size-full wp-image-70734\" src=\"https:\/\/www.altominho.tv\/site\/wp-content\/uploads\/2021\/09\/Monc\u0327a\u0303o_Freguesia_Merufe.jpg\" alt=\"\" width=\"701\" height=\"248\" srcset=\"https:\/\/www.altominho.tv\/site\/wp-content\/uploads\/2021\/09\/Monc\u0327a\u0303o_Freguesia_Merufe.jpg 701w, https:\/\/www.altominho.tv\/site\/wp-content\/uploads\/2021\/09\/Monc\u0327a\u0303o_Freguesia_Merufe-370x131.jpg 370w, https:\/\/www.altominho.tv\/site\/wp-content\/uploads\/2021\/09\/Monc\u0327a\u0303o_Freguesia_Merufe-270x96.jpg 270w, https:\/\/www.altominho.tv\/site\/wp-content\/uploads\/2021\/09\/Monc\u0327a\u0303o_Freguesia_Merufe-570x202.jpg 570w\" sizes=\"auto, (max-width: 701px) 100vw, 701px\" \/><\/p>\n<h4>Messeg\u00e3es, Valadares e S\u00e1<\/h4>\n<p><img loading=\"lazy\" decoding=\"async\" class=\"alignnone size-full wp-image-70799\" src=\"https:\/\/www.altominho.tv\/site\/wp-content\/uploads\/2021\/09\/Monc\u0327a\u0303o_Freguesia_Messega\u0303es.jpg\" alt=\"\" width=\"698\" height=\"254\" srcset=\"https:\/\/www.altominho.tv\/site\/wp-content\/uploads\/2021\/09\/Monc\u0327a\u0303o_Freguesia_Messega\u0303es.jpg 698w, https:\/\/www.altominho.tv\/site\/wp-content\/uploads\/2021\/09\/Monc\u0327a\u0303o_Freguesia_Messega\u0303es-370x135.jpg 370w, https:\/\/www.altominho.tv\/site\/wp-content\/uploads\/2021\/09\/Monc\u0327a\u0303o_Freguesia_Messega\u0303es-270x98.jpg 270w, https:\/\/www.altominho.tv\/site\/wp-content\/uploads\/2021\/09\/Monc\u0327a\u0303o_Freguesia_Messega\u0303es-570x207.jpg 570w\" sizes=\"auto, (max-width: 698px) 100vw, 698px\" \/><\/p>\n<h4>Mon\u00e7\u00e3o e Troviscoso<\/h4>\n<p><img loading=\"lazy\" decoding=\"async\" class=\"alignnone size-large wp-image-70884\" src=\"https:\/\/www.altominho.tv\/site\/wp-content\/uploads\/2021\/09\/Monc\u0327a\u0303o-e-Troviscoso-1024x408.jpg\" alt=\"\" width=\"770\" height=\"307\" srcset=\"https:\/\/www.altominho.tv\/site\/wp-content\/uploads\/2021\/09\/Monc\u0327a\u0303o-e-Troviscoso-1024x408.jpg 1024w, https:\/\/www.altominho.tv\/site\/wp-content\/uploads\/2021\/09\/Monc\u0327a\u0303o-e-Troviscoso-770x307.jpg 770w, https:\/\/www.altominho.tv\/site\/wp-content\/uploads\/2021\/09\/Monc\u0327a\u0303o-e-Troviscoso-768x306.jpg 768w, https:\/\/www.altominho.tv\/site\/wp-content\/uploads\/2021\/09\/Monc\u0327a\u0303o-e-Troviscoso-370x148.jpg 370w, https:\/\/www.altominho.tv\/site\/wp-content\/uploads\/2021\/09\/Monc\u0327a\u0303o-e-Troviscoso-270x108.jpg 270w, https:\/\/www.altominho.tv\/site\/wp-content\/uploads\/2021\/09\/Monc\u0327a\u0303o-e-Troviscoso-570x227.jpg 570w, https:\/\/www.altominho.tv\/site\/wp-content\/uploads\/2021\/09\/Monc\u0327a\u0303o-e-Troviscoso-740x295.jpg 740w, https:\/\/www.altominho.tv\/site\/wp-content\/uploads\/2021\/09\/Monc\u0327a\u0303o-e-Troviscoso.jpg 1364w\" sizes=\"auto, (max-width: 770px) 100vw, 770px\" \/><\/p>\n<h4>Moreira<\/h4>\n<p><img loading=\"lazy\" decoding=\"async\" class=\"alignnone size-full wp-image-70742\" src=\"https:\/\/www.altominho.tv\/site\/wp-content\/uploads\/2021\/09\/Monc\u0327a\u0303o_Freguesia_Moreira.jpg\" alt=\"\" width=\"705\" height=\"253\" srcset=\"https:\/\/www.altominho.tv\/site\/wp-content\/uploads\/2021\/09\/Monc\u0327a\u0303o_Freguesia_Moreira.jpg 705w, https:\/\/www.altominho.tv\/site\/wp-content\/uploads\/2021\/09\/Monc\u0327a\u0303o_Freguesia_Moreira-370x133.jpg 370w, https:\/\/www.altominho.tv\/site\/wp-content\/uploads\/2021\/09\/Monc\u0327a\u0303o_Freguesia_Moreira-270x97.jpg 270w, https:\/\/www.altominho.tv\/site\/wp-content\/uploads\/2021\/09\/Monc\u0327a\u0303o_Freguesia_Moreira-570x205.jpg 570w\" sizes=\"auto, (max-width: 705px) 100vw, 705px\" \/><\/p>\n<h4>Pias<\/h4>\n<p><img loading=\"lazy\" decoding=\"async\" class=\"alignnone size-full wp-image-70745\" src=\"https:\/\/www.altominho.tv\/site\/wp-content\/uploads\/2021\/09\/Monc\u0327a\u0303o_Freguesia_Pias.jpg\" alt=\"\" width=\"703\" height=\"255\" srcset=\"https:\/\/www.altominho.tv\/site\/wp-content\/uploads\/2021\/09\/Monc\u0327a\u0303o_Freguesia_Pias.jpg 703w, https:\/\/www.altominho.tv\/site\/wp-content\/uploads\/2021\/09\/Monc\u0327a\u0303o_Freguesia_Pias-370x134.jpg 370w, https:\/\/www.altominho.tv\/site\/wp-content\/uploads\/2021\/09\/Monc\u0327a\u0303o_Freguesia_Pias-270x98.jpg 270w, https:\/\/www.altominho.tv\/site\/wp-content\/uploads\/2021\/09\/Monc\u0327a\u0303o_Freguesia_Pias-570x207.jpg 570w\" sizes=\"auto, (max-width: 703px) 100vw, 703px\" \/><\/p>\n<h4>Pinheiros<\/h4>\n<p><img loading=\"lazy\" decoding=\"async\" class=\"alignnone size-full wp-image-70741\" src=\"https:\/\/www.altominho.tv\/site\/wp-content\/uploads\/2021\/09\/Monc\u0327a\u0303o_Freguesia_Pinheiros.jpg\" alt=\"\" width=\"701\" height=\"211\" srcset=\"https:\/\/www.altominho.tv\/site\/wp-content\/uploads\/2021\/09\/Monc\u0327a\u0303o_Freguesia_Pinheiros.jpg 701w, https:\/\/www.altominho.tv\/site\/wp-content\/uploads\/2021\/09\/Monc\u0327a\u0303o_Freguesia_Pinheiros-370x111.jpg 370w, https:\/\/www.altominho.tv\/site\/wp-content\/uploads\/2021\/09\/Monc\u0327a\u0303o_Freguesia_Pinheiros-270x81.jpg 270w, https:\/\/www.altominho.tv\/site\/wp-content\/uploads\/2021\/09\/Monc\u0327a\u0303o_Freguesia_Pinheiros-570x172.jpg 570w\" sizes=\"auto, (max-width: 701px) 100vw, 701px\" \/><\/p>\n<h4>Podame<\/h4>\n<p><img loading=\"lazy\" decoding=\"async\" class=\"alignnone size-full wp-image-70740\" src=\"https:\/\/www.altominho.tv\/site\/wp-content\/uploads\/2021\/09\/Monc\u0327a\u0303o_Freguesia_Podame.jpg\" alt=\"\" width=\"701\" height=\"251\" srcset=\"https:\/\/www.altominho.tv\/site\/wp-content\/uploads\/2021\/09\/Monc\u0327a\u0303o_Freguesia_Podame.jpg 701w, https:\/\/www.altominho.tv\/site\/wp-content\/uploads\/2021\/09\/Monc\u0327a\u0303o_Freguesia_Podame-370x132.jpg 370w, https:\/\/www.altominho.tv\/site\/wp-content\/uploads\/2021\/09\/Monc\u0327a\u0303o_Freguesia_Podame-270x97.jpg 270w, https:\/\/www.altominho.tv\/site\/wp-content\/uploads\/2021\/09\/Monc\u0327a\u0303o_Freguesia_Podame-570x204.jpg 570w\" sizes=\"auto, (max-width: 701px) 100vw, 701px\" \/><\/p>\n<h4>Portela<\/h4>\n<p><img loading=\"lazy\" decoding=\"async\" class=\"alignnone size-full wp-image-70752\" src=\"https:\/\/www.altominho.tv\/site\/wp-content\/uploads\/2021\/09\/Monc\u0327a\u0303o_Freguesia_Portela.jpg\" alt=\"\" width=\"701\" height=\"258\" srcset=\"https:\/\/www.altominho.tv\/site\/wp-content\/uploads\/2021\/09\/Monc\u0327a\u0303o_Freguesia_Portela.jpg 701w, https:\/\/www.altominho.tv\/site\/wp-content\/uploads\/2021\/09\/Monc\u0327a\u0303o_Freguesia_Portela-370x136.jpg 370w, https:\/\/www.altominho.tv\/site\/wp-content\/uploads\/2021\/09\/Monc\u0327a\u0303o_Freguesia_Portela-270x99.jpg 270w, https:\/\/www.altominho.tv\/site\/wp-content\/uploads\/2021\/09\/Monc\u0327a\u0303o_Freguesia_Portela-570x210.jpg 570w\" sizes=\"auto, (max-width: 701px) 100vw, 701px\" \/><\/p>\n<h4>Riba de Mouro<\/h4>\n<p><img loading=\"lazy\" decoding=\"async\" class=\"alignnone size-full wp-image-70751\" src=\"https:\/\/www.altominho.tv\/site\/wp-content\/uploads\/2021\/09\/Monc\u0327a\u0303o_Freguesia_Riba-de-Mouro.jpg\" alt=\"\" width=\"695\" height=\"251\" srcset=\"https:\/\/www.altominho.tv\/site\/wp-content\/uploads\/2021\/09\/Monc\u0327a\u0303o_Freguesia_Riba-de-Mouro.jpg 695w, https:\/\/www.altominho.tv\/site\/wp-content\/uploads\/2021\/09\/Monc\u0327a\u0303o_Freguesia_Riba-de-Mouro-370x134.jpg 370w, https:\/\/www.altominho.tv\/site\/wp-content\/uploads\/2021\/09\/Monc\u0327a\u0303o_Freguesia_Riba-de-Mouro-270x98.jpg 270w, https:\/\/www.altominho.tv\/site\/wp-content\/uploads\/2021\/09\/Monc\u0327a\u0303o_Freguesia_Riba-de-Mouro-570x206.jpg 570w\" sizes=\"auto, (max-width: 695px) 100vw, 695px\" \/><\/p>\n<h4>Sago, Lordelo e Parada<\/h4>\n<p><img loading=\"lazy\" decoding=\"async\" class=\"alignnone size-full wp-image-70755\" src=\"https:\/\/www.altominho.tv\/site\/wp-content\/uploads\/2021\/09\/Monc\u0327a\u0303o_Freguesia_Sago-Lordelo-e-Parada.jpg\" alt=\"\" width=\"703\" height=\"250\" srcset=\"https:\/\/www.altominho.tv\/site\/wp-content\/uploads\/2021\/09\/Monc\u0327a\u0303o_Freguesia_Sago-Lordelo-e-Parada.jpg 703w, https:\/\/www.altominho.tv\/site\/wp-content\/uploads\/2021\/09\/Monc\u0327a\u0303o_Freguesia_Sago-Lordelo-e-Parada-370x132.jpg 370w, https:\/\/www.altominho.tv\/site\/wp-content\/uploads\/2021\/09\/Monc\u0327a\u0303o_Freguesia_Sago-Lordelo-e-Parada-270x96.jpg 270w, https:\/\/www.altominho.tv\/site\/wp-content\/uploads\/2021\/09\/Monc\u0327a\u0303o_Freguesia_Sago-Lordelo-e-Parada-570x203.jpg 570w\" sizes=\"auto, (max-width: 703px) 100vw, 703px\" \/><\/p>\n<h4>Segude<\/h4>\n<p><img loading=\"lazy\" decoding=\"async\" class=\"alignnone size-full wp-image-70749\" src=\"https:\/\/www.altominho.tv\/site\/wp-content\/uploads\/2021\/09\/Monc\u0327a\u0303o_Freguesia_Segude.jpg\" alt=\"\" width=\"703\" height=\"252\" srcset=\"https:\/\/www.altominho.tv\/site\/wp-content\/uploads\/2021\/09\/Monc\u0327a\u0303o_Freguesia_Segude.jpg 703w, https:\/\/www.altominho.tv\/site\/wp-content\/uploads\/2021\/09\/Monc\u0327a\u0303o_Freguesia_Segude-370x133.jpg 370w, https:\/\/www.altominho.tv\/site\/wp-content\/uploads\/2021\/09\/Monc\u0327a\u0303o_Freguesia_Segude-270x97.jpg 270w, https:\/\/www.altominho.tv\/site\/wp-content\/uploads\/2021\/09\/Monc\u0327a\u0303o_Freguesia_Segude-570x204.jpg 570w\" sizes=\"auto, (max-width: 703px) 100vw, 703px\" \/><\/p>\n<h4>Tangil<\/h4>\n<p><img loading=\"lazy\" decoding=\"async\" class=\"alignnone size-full wp-image-70761\" src=\"https:\/\/www.altominho.tv\/site\/wp-content\/uploads\/2021\/09\/Monc\u0327a\u0303o_Freguesia_Tangil.jpg\" alt=\"\" width=\"702\" height=\"255\" srcset=\"https:\/\/www.altominho.tv\/site\/wp-content\/uploads\/2021\/09\/Monc\u0327a\u0303o_Freguesia_Tangil.jpg 702w, https:\/\/www.altominho.tv\/site\/wp-content\/uploads\/2021\/09\/Monc\u0327a\u0303o_Freguesia_Tangil-370x134.jpg 370w, https:\/\/www.altominho.tv\/site\/wp-content\/uploads\/2021\/09\/Monc\u0327a\u0303o_Freguesia_Tangil-270x98.jpg 270w, https:\/\/www.altominho.tv\/site\/wp-content\/uploads\/2021\/09\/Monc\u0327a\u0303o_Freguesia_Tangil-570x207.jpg 570w\" sizes=\"auto, (max-width: 702px) 100vw, 702px\" \/><\/p>\n<h4>Troporiz e Lapela<\/h4>\n<p><img loading=\"lazy\" decoding=\"async\" class=\"alignnone size-full wp-image-70759\" src=\"https:\/\/www.altominho.tv\/site\/wp-content\/uploads\/2021\/09\/Monc\u0327a\u0303o_Freguesia_Troporiz-e-Lapela.jpg\" alt=\"\" width=\"699\" height=\"248\" srcset=\"https:\/\/www.altominho.tv\/site\/wp-content\/uploads\/2021\/09\/Monc\u0327a\u0303o_Freguesia_Troporiz-e-Lapela.jpg 699w, https:\/\/www.altominho.tv\/site\/wp-content\/uploads\/2021\/09\/Monc\u0327a\u0303o_Freguesia_Troporiz-e-Lapela-370x131.jpg 370w, https:\/\/www.altominho.tv\/site\/wp-content\/uploads\/2021\/09\/Monc\u0327a\u0303o_Freguesia_Troporiz-e-Lapela-270x96.jpg 270w, https:\/\/www.altominho.tv\/site\/wp-content\/uploads\/2021\/09\/Monc\u0327a\u0303o_Freguesia_Troporiz-e-Lapela-570x202.jpg 570w\" sizes=\"auto, (max-width: 699px) 100vw, 699px\" \/><\/p>\n<h4>Trute<\/h4>\n<p><img loading=\"lazy\" decoding=\"async\" class=\"alignnone size-full wp-image-70758\" src=\"https:\/\/www.altominho.tv\/site\/wp-content\/uploads\/2021\/09\/Monc\u0327a\u0303o_Freguesia_Trute.jpg\" alt=\"\" width=\"710\" height=\"253\" srcset=\"https:\/\/www.altominho.tv\/site\/wp-content\/uploads\/2021\/09\/Monc\u0327a\u0303o_Freguesia_Trute.jpg 710w, https:\/\/www.altominho.tv\/site\/wp-content\/uploads\/2021\/09\/Monc\u0327a\u0303o_Freguesia_Trute-370x132.jpg 370w, https:\/\/www.altominho.tv\/site\/wp-content\/uploads\/2021\/09\/Monc\u0327a\u0303o_Freguesia_Trute-270x96.jpg 270w, https:\/\/www.altominho.tv\/site\/wp-content\/uploads\/2021\/09\/Monc\u0327a\u0303o_Freguesia_Trute-570x203.jpg 570w\" sizes=\"auto, (max-width: 710px) 100vw, 710px\" \/><\/p>\n<p style=\"text-align: right\">[resultados fornecidos pela SGMAI-AE]\n<p><strong><em>Not\u00edcia atualizada \u00e0s 11h25<\/em><\/strong><\/p>\n\n\n<p class=\"wp-block-paragraph\"><\/p>\n","protected":false},"excerpt":{"rendered":"<p>No concelho de Mon\u00e7\u00e3o, com todas as freguesias apuradas, o resultado das vota\u00e7\u00f5es \u00e9 o seguinte: C\u00c2MARA MUNICIPAL ASSEMBLEIA MUNICIPAL ASSEMBLEIA DE FREGUESIA Abedim Anh\u00f5es e Luzio Barbeita Barro\u00e7as e Taias Bela Cambeses Ceiv\u00e3es e Badim Lara Longos Vales Mazedo e Cortes Merufe Messeg\u00e3es, Valadares e S\u00e1 Mon\u00e7\u00e3o e Troviscoso Moreira Pias Pinheiros Podame Portela [&hellip;]<\/p>\n","protected":false},"author":12,"featured_media":70379,"comment_status":"closed","ping_status":"closed","sticky":false,"template":"","format":"standard","meta":{"_exactmetrics_skip_tracking":false,"footnotes":""},"categories":[9],"tags":[27],"class_list":["post-70406","post","type-post","status-publish","format-standard","has-post-thumbnail","hentry","category-moncao","tag-sociedade"],"yoast_head":"<!-- This site is optimized with the Yoast SEO Premium plugin v28.3 (Yoast SEO v28.3) - https:\/\/yoast.com\/product\/yoast-seo-premium-wordpress\/ -->\n<title>Resultados eleitorais em Mon\u00e7\u00e3o<\/title>\n<meta name=\"robots\" content=\"index, follow, max-snippet:-1, max-image-preview:large, max-video-preview:-1\" \/>\n<link rel=\"canonical\" href=\"https:\/\/www.altominho.tv\/site\/2021\/09\/26\/resultados-eleitorais-em-moncao-em-direto\/\" \/>\n<meta property=\"og:locale\" content=\"pt_PT\" \/>\n<meta property=\"og:type\" content=\"article\" \/>\n<meta property=\"og:title\" content=\"Resultados eleitorais em Mon\u00e7\u00e3o\" \/>\n<meta property=\"og:description\" content=\"No concelho de Mon\u00e7\u00e3o, com todas as freguesias apuradas, o resultado das vota\u00e7\u00f5es \u00e9 o seguinte: C\u00c2MARA MUNICIPAL ASSEMBLEIA MUNICIPAL ASSEMBLEIA DE FREGUESIA Abedim Anh\u00f5es e Luzio Barbeita Barro\u00e7as e Taias Bela Cambeses Ceiv\u00e3es e Badim Lara Longos Vales Mazedo e Cortes Merufe Messeg\u00e3es, Valadares e S\u00e1 Mon\u00e7\u00e3o e Troviscoso Moreira Pias Pinheiros Podame Portela [&hellip;]\" \/>\n<meta property=\"og:url\" content=\"https:\/\/www.altominho.tv\/site\/2021\/09\/26\/resultados-eleitorais-em-moncao-em-direto\/\" \/>\n<meta property=\"og:site_name\" content=\"Altominho.tv\" \/>\n<meta property=\"article:publisher\" content=\"https:\/\/www.facebook.com\/altominhotv\" \/>\n<meta property=\"article:published_time\" content=\"2021-09-26T20:14:02+00:00\" \/>\n<meta property=\"article:modified_time\" content=\"2021-09-27T10:26:34+00:00\" \/>\n<meta property=\"og:image\" content=\"https:\/\/www.altominho.tv\/site\/wp-content\/uploads\/2021\/09\/Moncao_CAPA.jpg\" \/>\n\t<meta property=\"og:image:width\" content=\"1920\" \/>\n\t<meta property=\"og:image:height\" content=\"1080\" \/>\n\t<meta property=\"og:image:type\" content=\"image\/jpeg\" \/>\n<meta name=\"author\" content=\"Andreia Ferreira\" \/>\n<meta name=\"twitter:card\" content=\"summary_large_image\" \/>\n<meta name=\"twitter:creator\" content=\"@altominhoTV\" \/>\n<meta name=\"twitter:site\" content=\"@altominhoTV\" \/>\n<meta name=\"twitter:label1\" content=\"Escrito por\" \/>\n\t<meta name=\"twitter:data1\" content=\"Andreia Ferreira\" \/>\n\t<meta name=\"twitter:label2\" content=\"Tempo estimado de leitura\" \/>\n\t<meta name=\"twitter:data2\" content=\"6 minutos\" \/>\n<script type=\"application\/ld+json\" class=\"yoast-schema-graph\">{\"@context\":\"https:\\\/\\\/schema.org\",\"@graph\":[{\"@type\":\"Article\",\"@id\":\"https:\\\/\\\/www.altominho.tv\\\/site\\\/2021\\\/09\\\/26\\\/resultados-eleitorais-em-moncao-em-direto\\\/#article\",\"isPartOf\":{\"@id\":\"https:\\\/\\\/www.altominho.tv\\\/site\\\/2021\\\/09\\\/26\\\/resultados-eleitorais-em-moncao-em-direto\\\/\"},\"author\":{\"name\":\"Andreia Ferreira\",\"@id\":\"https:\\\/\\\/www.altominho.tv\\\/site\\\/#\\\/schema\\\/person\\\/d9be4265364723f14ea8e0d56a1d38cd\"},\"headline\":\"Resultados eleitorais em Mon\u00e7\u00e3o\",\"datePublished\":\"2021-09-26T20:14:02+00:00\",\"dateModified\":\"2021-09-27T10:26:34+00:00\",\"mainEntityOfPage\":{\"@id\":\"https:\\\/\\\/www.altominho.tv\\\/site\\\/2021\\\/09\\\/26\\\/resultados-eleitorais-em-moncao-em-direto\\\/\"},\"wordCount\":89,\"image\":{\"@id\":\"https:\\\/\\\/www.altominho.tv\\\/site\\\/2021\\\/09\\\/26\\\/resultados-eleitorais-em-moncao-em-direto\\\/#primaryimage\"},\"thumbnailUrl\":\"https:\\\/\\\/www.altominho.tv\\\/site\\\/wp-content\\\/uploads\\\/2021\\\/09\\\/Moncao_CAPA.jpg\",\"keywords\":[\"Sociedade\"],\"articleSection\":[\"Mon\u00e7\u00e3o\"],\"inLanguage\":\"pt-PT\",\"copyrightYear\":\"2021\",\"copyrightHolder\":{\"@id\":\"https:\\\/\\\/www.altominho.tv\\\/site\\\/#organization\"}},{\"@type\":\"WebPage\",\"@id\":\"https:\\\/\\\/www.altominho.tv\\\/site\\\/2021\\\/09\\\/26\\\/resultados-eleitorais-em-moncao-em-direto\\\/\",\"url\":\"https:\\\/\\\/www.altominho.tv\\\/site\\\/2021\\\/09\\\/26\\\/resultados-eleitorais-em-moncao-em-direto\\\/\",\"name\":\"Resultados eleitorais em Mon\u00e7\u00e3o\",\"isPartOf\":{\"@id\":\"https:\\\/\\\/www.altominho.tv\\\/site\\\/#website\"},\"primaryImageOfPage\":{\"@id\":\"https:\\\/\\\/www.altominho.tv\\\/site\\\/2021\\\/09\\\/26\\\/resultados-eleitorais-em-moncao-em-direto\\\/#primaryimage\"},\"image\":{\"@id\":\"https:\\\/\\\/www.altominho.tv\\\/site\\\/2021\\\/09\\\/26\\\/resultados-eleitorais-em-moncao-em-direto\\\/#primaryimage\"},\"thumbnailUrl\":\"https:\\\/\\\/www.altominho.tv\\\/site\\\/wp-content\\\/uploads\\\/2021\\\/09\\\/Moncao_CAPA.jpg\",\"datePublished\":\"2021-09-26T20:14:02+00:00\",\"dateModified\":\"2021-09-27T10:26:34+00:00\",\"author\":{\"@id\":\"https:\\\/\\\/www.altominho.tv\\\/site\\\/#\\\/schema\\\/person\\\/d9be4265364723f14ea8e0d56a1d38cd\"},\"breadcrumb\":{\"@id\":\"https:\\\/\\\/www.altominho.tv\\\/site\\\/2021\\\/09\\\/26\\\/resultados-eleitorais-em-moncao-em-direto\\\/#breadcrumb\"},\"inLanguage\":\"pt-PT\",\"potentialAction\":[{\"@type\":\"ReadAction\",\"target\":[\"https:\\\/\\\/www.altominho.tv\\\/site\\\/2021\\\/09\\\/26\\\/resultados-eleitorais-em-moncao-em-direto\\\/\"]}]},{\"@type\":\"ImageObject\",\"inLanguage\":\"pt-PT\",\"@id\":\"https:\\\/\\\/www.altominho.tv\\\/site\\\/2021\\\/09\\\/26\\\/resultados-eleitorais-em-moncao-em-direto\\\/#primaryimage\",\"url\":\"https:\\\/\\\/www.altominho.tv\\\/site\\\/wp-content\\\/uploads\\\/2021\\\/09\\\/Moncao_CAPA.jpg\",\"contentUrl\":\"https:\\\/\\\/www.altominho.tv\\\/site\\\/wp-content\\\/uploads\\\/2021\\\/09\\\/Moncao_CAPA.jpg\",\"width\":1920,\"height\":1080,\"caption\":\"MON\u00c7\u00c3O\"},{\"@type\":\"BreadcrumbList\",\"@id\":\"https:\\\/\\\/www.altominho.tv\\\/site\\\/2021\\\/09\\\/26\\\/resultados-eleitorais-em-moncao-em-direto\\\/#breadcrumb\",\"itemListElement\":[{\"@type\":\"ListItem\",\"position\":1,\"name\":\"In\u00edcio\",\"item\":\"https:\\\/\\\/www.altominho.tv\\\/site\\\/\"},{\"@type\":\"ListItem\",\"position\":2,\"name\":\"Resultados eleitorais em Mon\u00e7\u00e3o\"}]},{\"@type\":\"WebSite\",\"@id\":\"https:\\\/\\\/www.altominho.tv\\\/site\\\/#website\",\"url\":\"https:\\\/\\\/www.altominho.tv\\\/site\\\/\",\"name\":\"Altominho.tv\",\"description\":\"A sua regi\u00e3o \u00e0 dist\u00e2ncia de um clique...\",\"potentialAction\":[{\"@type\":\"SearchAction\",\"target\":{\"@type\":\"EntryPoint\",\"urlTemplate\":\"https:\\\/\\\/www.altominho.tv\\\/site\\\/?s={search_term_string}\"},\"query-input\":{\"@type\":\"PropertyValueSpecification\",\"valueRequired\":true,\"valueName\":\"search_term_string\"}}],\"inLanguage\":\"pt-PT\"},{\"@type\":\"Person\",\"@id\":\"https:\\\/\\\/www.altominho.tv\\\/site\\\/#\\\/schema\\\/person\\\/d9be4265364723f14ea8e0d56a1d38cd\",\"name\":\"Andreia Ferreira\",\"image\":{\"@type\":\"ImageObject\",\"inLanguage\":\"pt-PT\",\"@id\":\"https:\\\/\\\/www.altominho.tv\\\/site\\\/wp-content\\\/uploads\\\/2021\\\/01\\\/AndreiaFerreira-150x150.jpg\",\"url\":\"https:\\\/\\\/www.altominho.tv\\\/site\\\/wp-content\\\/uploads\\\/2021\\\/01\\\/AndreiaFerreira-150x150.jpg\",\"contentUrl\":\"https:\\\/\\\/www.altominho.tv\\\/site\\\/wp-content\\\/uploads\\\/2021\\\/01\\\/AndreiaFerreira-150x150.jpg\",\"caption\":\"Andreia Ferreira\"},\"url\":\"https:\\\/\\\/www.altominho.tv\\\/site\\\/author\\\/andreiaferreira\\\/\"}]}<\/script>\n<!-- \/ Yoast SEO Premium plugin. -->","yoast_head_json":{"title":"Resultados eleitorais em Mon\u00e7\u00e3o","robots":{"index":"index","follow":"follow","max-snippet":"max-snippet:-1","max-image-preview":"max-image-preview:large","max-video-preview":"max-video-preview:-1"},"canonical":"https:\/\/www.altominho.tv\/site\/2021\/09\/26\/resultados-eleitorais-em-moncao-em-direto\/","og_locale":"pt_PT","og_type":"article","og_title":"Resultados eleitorais em Mon\u00e7\u00e3o","og_description":"No concelho de Mon\u00e7\u00e3o, com todas as freguesias apuradas, o resultado das vota\u00e7\u00f5es \u00e9 o seguinte: C\u00c2MARA MUNICIPAL ASSEMBLEIA MUNICIPAL ASSEMBLEIA DE FREGUESIA Abedim Anh\u00f5es e Luzio Barbeita Barro\u00e7as e Taias Bela Cambeses Ceiv\u00e3es e Badim Lara Longos Vales Mazedo e Cortes Merufe Messeg\u00e3es, Valadares e S\u00e1 Mon\u00e7\u00e3o e Troviscoso Moreira Pias Pinheiros Podame Portela [&hellip;]","og_url":"https:\/\/www.altominho.tv\/site\/2021\/09\/26\/resultados-eleitorais-em-moncao-em-direto\/","og_site_name":"Altominho.tv","article_publisher":"https:\/\/www.facebook.com\/altominhotv","article_published_time":"2021-09-26T20:14:02+00:00","article_modified_time":"2021-09-27T10:26:34+00:00","og_image":[{"width":1920,"height":1080,"url":"https:\/\/www.altominho.tv\/site\/wp-content\/uploads\/2021\/09\/Moncao_CAPA.jpg","type":"image\/jpeg"}],"author":"Andreia Ferreira","twitter_card":"summary_large_image","twitter_creator":"@altominhoTV","twitter_site":"@altominhoTV","twitter_misc":{"Escrito por":"Andreia Ferreira","Tempo estimado de leitura":"6 minutos"},"schema":{"@context":"https:\/\/schema.org","@graph":[{"@type":"Article","@id":"https:\/\/www.altominho.tv\/site\/2021\/09\/26\/resultados-eleitorais-em-moncao-em-direto\/#article","isPartOf":{"@id":"https:\/\/www.altominho.tv\/site\/2021\/09\/26\/resultados-eleitorais-em-moncao-em-direto\/"},"author":{"name":"Andreia Ferreira","@id":"https:\/\/www.altominho.tv\/site\/#\/schema\/person\/d9be4265364723f14ea8e0d56a1d38cd"},"headline":"Resultados eleitorais em Mon\u00e7\u00e3o","datePublished":"2021-09-26T20:14:02+00:00","dateModified":"2021-09-27T10:26:34+00:00","mainEntityOfPage":{"@id":"https:\/\/www.altominho.tv\/site\/2021\/09\/26\/resultados-eleitorais-em-moncao-em-direto\/"},"wordCount":89,"image":{"@id":"https:\/\/www.altominho.tv\/site\/2021\/09\/26\/resultados-eleitorais-em-moncao-em-direto\/#primaryimage"},"thumbnailUrl":"https:\/\/www.altominho.tv\/site\/wp-content\/uploads\/2021\/09\/Moncao_CAPA.jpg","keywords":["Sociedade"],"articleSection":["Mon\u00e7\u00e3o"],"inLanguage":"pt-PT","copyrightYear":"2021","copyrightHolder":{"@id":"https:\/\/www.altominho.tv\/site\/#organization"}},{"@type":"WebPage","@id":"https:\/\/www.altominho.tv\/site\/2021\/09\/26\/resultados-eleitorais-em-moncao-em-direto\/","url":"https:\/\/www.altominho.tv\/site\/2021\/09\/26\/resultados-eleitorais-em-moncao-em-direto\/","name":"Resultados eleitorais em Mon\u00e7\u00e3o","isPartOf":{"@id":"https:\/\/www.altominho.tv\/site\/#website"},"primaryImageOfPage":{"@id":"https:\/\/www.altominho.tv\/site\/2021\/09\/26\/resultados-eleitorais-em-moncao-em-direto\/#primaryimage"},"image":{"@id":"https:\/\/www.altominho.tv\/site\/2021\/09\/26\/resultados-eleitorais-em-moncao-em-direto\/#primaryimage"},"thumbnailUrl":"https:\/\/www.altominho.tv\/site\/wp-content\/uploads\/2021\/09\/Moncao_CAPA.jpg","datePublished":"2021-09-26T20:14:02+00:00","dateModified":"2021-09-27T10:26:34+00:00","author":{"@id":"https:\/\/www.altominho.tv\/site\/#\/schema\/person\/d9be4265364723f14ea8e0d56a1d38cd"},"breadcrumb":{"@id":"https:\/\/www.altominho.tv\/site\/2021\/09\/26\/resultados-eleitorais-em-moncao-em-direto\/#breadcrumb"},"inLanguage":"pt-PT","potentialAction":[{"@type":"ReadAction","target":["https:\/\/www.altominho.tv\/site\/2021\/09\/26\/resultados-eleitorais-em-moncao-em-direto\/"]}]},{"@type":"ImageObject","inLanguage":"pt-PT","@id":"https:\/\/www.altominho.tv\/site\/2021\/09\/26\/resultados-eleitorais-em-moncao-em-direto\/#primaryimage","url":"https:\/\/www.altominho.tv\/site\/wp-content\/uploads\/2021\/09\/Moncao_CAPA.jpg","contentUrl":"https:\/\/www.altominho.tv\/site\/wp-content\/uploads\/2021\/09\/Moncao_CAPA.jpg","width":1920,"height":1080,"caption":"MON\u00c7\u00c3O"},{"@type":"BreadcrumbList","@id":"https:\/\/www.altominho.tv\/site\/2021\/09\/26\/resultados-eleitorais-em-moncao-em-direto\/#breadcrumb","itemListElement":[{"@type":"ListItem","position":1,"name":"In\u00edcio","item":"https:\/\/www.altominho.tv\/site\/"},{"@type":"ListItem","position":2,"name":"Resultados eleitorais em Mon\u00e7\u00e3o"}]},{"@type":"WebSite","@id":"https:\/\/www.altominho.tv\/site\/#website","url":"https:\/\/www.altominho.tv\/site\/","name":"Altominho.tv","description":"A sua regi\u00e3o \u00e0 dist\u00e2ncia de um clique...","potentialAction":[{"@type":"SearchAction","target":{"@type":"EntryPoint","urlTemplate":"https:\/\/www.altominho.tv\/site\/?s={search_term_string}"},"query-input":{"@type":"PropertyValueSpecification","valueRequired":true,"valueName":"search_term_string"}}],"inLanguage":"pt-PT"},{"@type":"Person","@id":"https:\/\/www.altominho.tv\/site\/#\/schema\/person\/d9be4265364723f14ea8e0d56a1d38cd","name":"Andreia Ferreira","image":{"@type":"ImageObject","inLanguage":"pt-PT","@id":"https:\/\/www.altominho.tv\/site\/wp-content\/uploads\/2021\/01\/AndreiaFerreira-150x150.jpg","url":"https:\/\/www.altominho.tv\/site\/wp-content\/uploads\/2021\/01\/AndreiaFerreira-150x150.jpg","contentUrl":"https:\/\/www.altominho.tv\/site\/wp-content\/uploads\/2021\/01\/AndreiaFerreira-150x150.jpg","caption":"Andreia Ferreira"},"url":"https:\/\/www.altominho.tv\/site\/author\/andreiaferreira\/"}]}},"_links":{"self":[{"href":"https:\/\/www.altominho.tv\/site\/wp-json\/wp\/v2\/posts\/70406","targetHints":{"allow":["GET"]}}],"collection":[{"href":"https:\/\/www.altominho.tv\/site\/wp-json\/wp\/v2\/posts"}],"about":[{"href":"https:\/\/www.altominho.tv\/site\/wp-json\/wp\/v2\/types\/post"}],"author":[{"embeddable":true,"href":"https:\/\/www.altominho.tv\/site\/wp-json\/wp\/v2\/users\/12"}],"replies":[{"embeddable":true,"href":"https:\/\/www.altominho.tv\/site\/wp-json\/wp\/v2\/comments?post=70406"}],"version-history":[{"count":0,"href":"https:\/\/www.altominho.tv\/site\/wp-json\/wp\/v2\/posts\/70406\/revisions"}],"wp:featuredmedia":[{"embeddable":true,"href":"https:\/\/www.altominho.tv\/site\/wp-json\/wp\/v2\/media\/70379"}],"wp:attachment":[{"href":"https:\/\/www.altominho.tv\/site\/wp-json\/wp\/v2\/media?parent=70406"}],"wp:term":[{"taxonomy":"category","embeddable":true,"href":"https:\/\/www.altominho.tv\/site\/wp-json\/wp\/v2\/categories?post=70406"},{"taxonomy":"post_tag","embeddable":true,"href":"https:\/\/www.altominho.tv\/site\/wp-json\/wp\/v2\/tags?post=70406"}],"curies":[{"name":"wp","href":"https:\/\/api.w.org\/{rel}","templated":true}]}}