{"id":70276,"date":"2021-09-23T11:53:59","date_gmt":"2021-09-23T10:53:59","guid":{"rendered":"https:\/\/www.altominho.tv\/site\/?p=70276"},"modified":"2021-09-23T11:54:03","modified_gmt":"2021-09-23T10:54:03","slug":"pandemia-ja-matou-mais-de-471-milhoes-de-pessoas-no-mundo","status":"publish","type":"post","link":"https:\/\/www.altominho.tv\/site\/2021\/09\/23\/pandemia-ja-matou-mais-de-471-milhoes-de-pessoas-no-mundo\/","title":{"rendered":"Pandemia j\u00e1 matou mais de 4,71 milh\u00f5es de pessoas no mundo"},"content":{"rendered":"\n<p>A pandemia de covid-19 matou, at\u00e9 hoje, pelo menos 4.715.909 pessoas no mundo desde o final de dezembro de 2019, segundo um levantamento realizado pela ag\u00eancia de not\u00edcias francesa AFP com base em fontes oficiais.<\/p>\n\n\n\n<p>Mais de 230.024.390 casos de infe\u00e7\u00e3o foram oficialmente diagnosticados desde o in\u00edcio da pandemia.<\/p>\n\n\n\n<p>Os n\u00fameros s\u00e3o baseados em relat\u00f3rios di\u00e1rios realizados pelas autoridades de sa\u00fade de cada pa\u00eds at\u00e9 \u00e0s 11:00 de Lisboa e excluem revis\u00f5es posteriores de ag\u00eancias estat\u00edsticas, como ocorre na R\u00fassia, Espanha e Reino Unido.<\/p>\n\n\n\n<p>A Organiza\u00e7\u00e3o Mundial de Sa\u00fade (OMS) estimou que, levando em considera\u00e7\u00e3o o excesso de mortalidade direta e indiretamente ligada \u00e0 covid-19, os resultados da pandemia podem ser duas a tr\u00eas vezes superiores aos registados oficialmente.<\/p>\n\n\n\n<p>Na quarta-feira, 9.802 mortes e 515.197 novos casos foram registados em todo o mundo.<\/p>\n\n\n\n<p>Os pa\u00edses que registaram o maior n\u00famero de mortes nos seus levantamentos mais recentes s\u00e3o os Estados Unidos, com 2.714 novas mortes, o Brasil (876) e a R\u00fassia (820).<\/p>\n\n\n\n<p>Os Estados Unidos s\u00e3o o pa\u00eds mais afetado em termos de mortes e casos, com 681.185 mortes para 42.543.365 casos, de acordo com o levantamento realizado pela Universidade Johns Hopkins.<\/p>\n\n\n\n<p>Depois dos Estados Unidos, os pa\u00edses mais afetados s\u00e3o o Brasil, com 592.316 mortos e 21.283.567 casos, a \u00cdndia, com 446.050 mortos (33.563.421 casos), o M\u00e9xico, com 273.391 mortos (3.597.168 casos) e a R\u00fassia, com 201.445 mortos (7.354.995 casos).<\/p>\n\n\n\n<p>Entre os pa\u00edses mais atingidos, o Peru \u00e9 o que tem o maior n\u00famero de mortes em rela\u00e7\u00e3o \u00e0 sua popula\u00e7\u00e3o, com 604 mortes por cada 100.000 habitantes, seguido pela B\u00f3snia-Herzegovina (316), Maced\u00f3nia do Norte (313), Hungria (312), Montenegro (298) e Bulg\u00e1ria (291).<\/p>\n\n\n\n<p>A Am\u00e9rica Latina e as Cara\u00edbas totalizaram hoje 1.478.016 mortes para 44.571.529 casos, a Europa 1.295.187 mortes (66.590.721 casos), a \u00c1sia 829.338 mortes (53.202.700 casos), os Estados Unidos e Canad\u00e1 708.686 mortes (44.130.365 casos), a \u00c1frica 207.173 mortes (8.198.199 casos), o M\u00e9dio Oriente 195.505 mortes (13.167.368 casos) e a Oce\u00e2nia 2.004 mortes (163.511 casos).<\/p>\n\n\n\n<p>Desde o in\u00edcio da pandemia, o n\u00famero de testes realizados aumentou substancialmente e as t\u00e9cnicas de rastreio e despistagem melhoraram, levando a um aumento do n\u00famero dos cont\u00e1gios declarados.<\/p>\n\n\n\n<p>O n\u00famero de casos diagnosticados, no entanto, reflete apenas uma fra\u00e7\u00e3o do total real dos cont\u00e1gios, com uma propor\u00e7\u00e3o significativa dos casos menos graves ou assintom\u00e1ticos a n\u00e3o serem detetados.<\/p>\n","protected":false},"excerpt":{"rendered":"<p>A pandemia de covid-19 matou, at\u00e9 hoje, pelo menos 4.715.909 pessoas no mundo desde o final de dezembro de 2019, segundo um levantamento realizado pela ag\u00eancia de not\u00edcias francesa AFP com base em fontes oficiais. Mais de 230.024.390 casos de infe\u00e7\u00e3o foram oficialmente diagnosticados desde o in\u00edcio da pandemia. Os n\u00fameros s\u00e3o baseados em relat\u00f3rios [&hellip;]<\/p>\n","protected":false},"author":16,"featured_media":70277,"comment_status":"closed","ping_status":"closed","sticky":false,"template":"","format":"standard","meta":{"_exactmetrics_skip_tracking":false,"_exactmetrics_sitenote_active":false,"_exactmetrics_sitenote_note":"","_exactmetrics_sitenote_category":0,"footnotes":""},"categories":[42722],"tags":[26],"class_list":["post-70276","post","type-post","status-publish","format-standard","has-post-thumbnail","hentry","category-covid-19","tag-saude"],"yoast_head":"<!-- This site is optimized with the Yoast SEO Premium plugin v27.5 (Yoast SEO v27.5) - https:\/\/yoast.com\/product\/yoast-seo-premium-wordpress\/ -->\n<title>Pandemia j\u00e1 matou mais de 4,71 milh\u00f5es de pessoas no mundo<\/title>\n<meta name=\"robots\" content=\"index, follow, max-snippet:-1, max-image-preview:large, max-video-preview:-1\" \/>\n<link rel=\"canonical\" href=\"https:\/\/www.altominho.tv\/site\/2021\/09\/23\/pandemia-ja-matou-mais-de-471-milhoes-de-pessoas-no-mundo\/\" \/>\n<meta property=\"og:locale\" content=\"pt_PT\" \/>\n<meta property=\"og:type\" content=\"article\" \/>\n<meta property=\"og:title\" content=\"Pandemia j\u00e1 matou mais de 4,71 milh\u00f5es de pessoas no mundo\" \/>\n<meta property=\"og:description\" content=\"A pandemia de covid-19 matou, at\u00e9 hoje, pelo menos 4.715.909 pessoas no mundo desde o final de dezembro de 2019, segundo um levantamento realizado pela ag\u00eancia de not\u00edcias francesa AFP com base em fontes oficiais. Mais de 230.024.390 casos de infe\u00e7\u00e3o foram oficialmente diagnosticados desde o in\u00edcio da pandemia. Os n\u00fameros s\u00e3o baseados em relat\u00f3rios [&hellip;]\" \/>\n<meta property=\"og:url\" content=\"https:\/\/www.altominho.tv\/site\/2021\/09\/23\/pandemia-ja-matou-mais-de-471-milhoes-de-pessoas-no-mundo\/\" \/>\n<meta property=\"og:site_name\" content=\"Altominho.tv\" \/>\n<meta property=\"article:publisher\" content=\"https:\/\/www.facebook.com\/altominhotv\" \/>\n<meta property=\"article:published_time\" content=\"2021-09-23T10:53:59+00:00\" \/>\n<meta property=\"article:modified_time\" content=\"2021-09-23T10:54:03+00:00\" \/>\n<meta property=\"og:image\" content=\"https:\/\/www.altominho.tv\/site\/wp-content\/uploads\/2021\/09\/covid-19.jpeg\" \/>\n\t<meta property=\"og:image:width\" content=\"1280\" \/>\n\t<meta property=\"og:image:height\" content=\"720\" \/>\n\t<meta property=\"og:image:type\" content=\"image\/jpeg\" \/>\n<meta name=\"author\" content=\"Andreia Cunha | Lusa\" \/>\n<meta name=\"twitter:card\" content=\"summary_large_image\" \/>\n<meta name=\"twitter:creator\" content=\"@altominhoTV\" \/>\n<meta name=\"twitter:site\" content=\"@altominhoTV\" \/>\n<meta name=\"twitter:label1\" content=\"Escrito por\" \/>\n\t<meta name=\"twitter:data1\" content=\"Andreia Cunha | Lusa\" \/>\n\t<meta name=\"twitter:label2\" content=\"Tempo estimado de leitura\" \/>\n\t<meta name=\"twitter:data2\" content=\"2 minutos\" \/>\n<script type=\"application\/ld+json\" class=\"yoast-schema-graph\">{\"@context\":\"https:\\\/\\\/schema.org\",\"@graph\":[{\"@type\":\"Article\",\"@id\":\"https:\\\/\\\/www.altominho.tv\\\/site\\\/2021\\\/09\\\/23\\\/pandemia-ja-matou-mais-de-471-milhoes-de-pessoas-no-mundo\\\/#article\",\"isPartOf\":{\"@id\":\"https:\\\/\\\/www.altominho.tv\\\/site\\\/2021\\\/09\\\/23\\\/pandemia-ja-matou-mais-de-471-milhoes-de-pessoas-no-mundo\\\/\"},\"author\":{\"name\":\"Andreia Cunha | Lusa\",\"@id\":\"https:\\\/\\\/www.altominho.tv\\\/site\\\/#\\\/schema\\\/person\\\/dbaf181c01b51ff40c9f461a905d321e\"},\"headline\":\"Pandemia j\u00e1 matou mais de 4,71 milh\u00f5es de pessoas no mundo\",\"datePublished\":\"2021-09-23T10:53:59+00:00\",\"dateModified\":\"2021-09-23T10:54:03+00:00\",\"mainEntityOfPage\":{\"@id\":\"https:\\\/\\\/www.altominho.tv\\\/site\\\/2021\\\/09\\\/23\\\/pandemia-ja-matou-mais-de-471-milhoes-de-pessoas-no-mundo\\\/\"},\"wordCount\":405,\"image\":{\"@id\":\"https:\\\/\\\/www.altominho.tv\\\/site\\\/2021\\\/09\\\/23\\\/pandemia-ja-matou-mais-de-471-milhoes-de-pessoas-no-mundo\\\/#primaryimage\"},\"thumbnailUrl\":\"https:\\\/\\\/www.altominho.tv\\\/site\\\/wp-content\\\/uploads\\\/2021\\\/09\\\/covid-19.jpeg\",\"keywords\":[\"Sa\u00fade\"],\"articleSection\":[\"Coronav\u00edrus\"],\"inLanguage\":\"pt-PT\",\"copyrightYear\":\"2021\",\"copyrightHolder\":{\"@id\":\"https:\\\/\\\/www.altominho.tv\\\/site\\\/#organization\"}},{\"@type\":\"WebPage\",\"@id\":\"https:\\\/\\\/www.altominho.tv\\\/site\\\/2021\\\/09\\\/23\\\/pandemia-ja-matou-mais-de-471-milhoes-de-pessoas-no-mundo\\\/\",\"url\":\"https:\\\/\\\/www.altominho.tv\\\/site\\\/2021\\\/09\\\/23\\\/pandemia-ja-matou-mais-de-471-milhoes-de-pessoas-no-mundo\\\/\",\"name\":\"Pandemia j\u00e1 matou mais de 4,71 milh\u00f5es de pessoas no mundo\",\"isPartOf\":{\"@id\":\"https:\\\/\\\/www.altominho.tv\\\/site\\\/#website\"},\"primaryImageOfPage\":{\"@id\":\"https:\\\/\\\/www.altominho.tv\\\/site\\\/2021\\\/09\\\/23\\\/pandemia-ja-matou-mais-de-471-milhoes-de-pessoas-no-mundo\\\/#primaryimage\"},\"image\":{\"@id\":\"https:\\\/\\\/www.altominho.tv\\\/site\\\/2021\\\/09\\\/23\\\/pandemia-ja-matou-mais-de-471-milhoes-de-pessoas-no-mundo\\\/#primaryimage\"},\"thumbnailUrl\":\"https:\\\/\\\/www.altominho.tv\\\/site\\\/wp-content\\\/uploads\\\/2021\\\/09\\\/covid-19.jpeg\",\"datePublished\":\"2021-09-23T10:53:59+00:00\",\"dateModified\":\"2021-09-23T10:54:03+00:00\",\"author\":{\"@id\":\"https:\\\/\\\/www.altominho.tv\\\/site\\\/#\\\/schema\\\/person\\\/dbaf181c01b51ff40c9f461a905d321e\"},\"breadcrumb\":{\"@id\":\"https:\\\/\\\/www.altominho.tv\\\/site\\\/2021\\\/09\\\/23\\\/pandemia-ja-matou-mais-de-471-milhoes-de-pessoas-no-mundo\\\/#breadcrumb\"},\"inLanguage\":\"pt-PT\",\"potentialAction\":[{\"@type\":\"ReadAction\",\"target\":[\"https:\\\/\\\/www.altominho.tv\\\/site\\\/2021\\\/09\\\/23\\\/pandemia-ja-matou-mais-de-471-milhoes-de-pessoas-no-mundo\\\/\"]}]},{\"@type\":\"ImageObject\",\"inLanguage\":\"pt-PT\",\"@id\":\"https:\\\/\\\/www.altominho.tv\\\/site\\\/2021\\\/09\\\/23\\\/pandemia-ja-matou-mais-de-471-milhoes-de-pessoas-no-mundo\\\/#primaryimage\",\"url\":\"https:\\\/\\\/www.altominho.tv\\\/site\\\/wp-content\\\/uploads\\\/2021\\\/09\\\/covid-19.jpeg\",\"contentUrl\":\"https:\\\/\\\/www.altominho.tv\\\/site\\\/wp-content\\\/uploads\\\/2021\\\/09\\\/covid-19.jpeg\",\"width\":1280,\"height\":720},{\"@type\":\"BreadcrumbList\",\"@id\":\"https:\\\/\\\/www.altominho.tv\\\/site\\\/2021\\\/09\\\/23\\\/pandemia-ja-matou-mais-de-471-milhoes-de-pessoas-no-mundo\\\/#breadcrumb\",\"itemListElement\":[{\"@type\":\"ListItem\",\"position\":1,\"name\":\"In\u00edcio\",\"item\":\"https:\\\/\\\/www.altominho.tv\\\/site\\\/\"},{\"@type\":\"ListItem\",\"position\":2,\"name\":\"Pandemia j\u00e1 matou mais de 4,71 milh\u00f5es de pessoas no mundo\"}]},{\"@type\":\"WebSite\",\"@id\":\"https:\\\/\\\/www.altominho.tv\\\/site\\\/#website\",\"url\":\"https:\\\/\\\/www.altominho.tv\\\/site\\\/\",\"name\":\"Altominho.tv\",\"description\":\"A sua regi\u00e3o \u00e0 dist\u00e2ncia de um clique...\",\"potentialAction\":[{\"@type\":\"SearchAction\",\"target\":{\"@type\":\"EntryPoint\",\"urlTemplate\":\"https:\\\/\\\/www.altominho.tv\\\/site\\\/?s={search_term_string}\"},\"query-input\":{\"@type\":\"PropertyValueSpecification\",\"valueRequired\":true,\"valueName\":\"search_term_string\"}}],\"inLanguage\":\"pt-PT\"},{\"@type\":\"Person\",\"@id\":\"https:\\\/\\\/www.altominho.tv\\\/site\\\/#\\\/schema\\\/person\\\/dbaf181c01b51ff40c9f461a905d321e\",\"name\":\"Andreia Cunha | Lusa\",\"image\":{\"@type\":\"ImageObject\",\"inLanguage\":\"pt-PT\",\"@id\":\"https:\\\/\\\/www.altominho.tv\\\/site\\\/wp-content\\\/uploads\\\/2017\\\/11\\\/Andreia_Cunha-1-150x150.jpg\",\"url\":\"https:\\\/\\\/www.altominho.tv\\\/site\\\/wp-content\\\/uploads\\\/2017\\\/11\\\/Andreia_Cunha-1-150x150.jpg\",\"contentUrl\":\"https:\\\/\\\/www.altominho.tv\\\/site\\\/wp-content\\\/uploads\\\/2017\\\/11\\\/Andreia_Cunha-1-150x150.jpg\",\"caption\":\"Andreia Cunha | Lusa\"},\"sameAs\":[\"https:\\\/\\\/www.altominho.tv\\\/site\"],\"url\":\"https:\\\/\\\/www.altominho.tv\\\/site\\\/author\\\/andreiacunhalusa\\\/\"}]}<\/script>\n<!-- \/ Yoast SEO Premium plugin. -->","yoast_head_json":{"title":"Pandemia j\u00e1 matou mais de 4,71 milh\u00f5es de pessoas no mundo","robots":{"index":"index","follow":"follow","max-snippet":"max-snippet:-1","max-image-preview":"max-image-preview:large","max-video-preview":"max-video-preview:-1"},"canonical":"https:\/\/www.altominho.tv\/site\/2021\/09\/23\/pandemia-ja-matou-mais-de-471-milhoes-de-pessoas-no-mundo\/","og_locale":"pt_PT","og_type":"article","og_title":"Pandemia j\u00e1 matou mais de 4,71 milh\u00f5es de pessoas no mundo","og_description":"A pandemia de covid-19 matou, at\u00e9 hoje, pelo menos 4.715.909 pessoas no mundo desde o final de dezembro de 2019, segundo um levantamento realizado pela ag\u00eancia de not\u00edcias francesa AFP com base em fontes oficiais. Mais de 230.024.390 casos de infe\u00e7\u00e3o foram oficialmente diagnosticados desde o in\u00edcio da pandemia. Os n\u00fameros s\u00e3o baseados em relat\u00f3rios [&hellip;]","og_url":"https:\/\/www.altominho.tv\/site\/2021\/09\/23\/pandemia-ja-matou-mais-de-471-milhoes-de-pessoas-no-mundo\/","og_site_name":"Altominho.tv","article_publisher":"https:\/\/www.facebook.com\/altominhotv","article_published_time":"2021-09-23T10:53:59+00:00","article_modified_time":"2021-09-23T10:54:03+00:00","og_image":[{"width":1280,"height":720,"url":"https:\/\/www.altominho.tv\/site\/wp-content\/uploads\/2021\/09\/covid-19.jpeg","type":"image\/jpeg"}],"author":"Andreia Cunha | Lusa","twitter_card":"summary_large_image","twitter_creator":"@altominhoTV","twitter_site":"@altominhoTV","twitter_misc":{"Escrito por":"Andreia Cunha | Lusa","Tempo estimado de leitura":"2 minutos"},"schema":{"@context":"https:\/\/schema.org","@graph":[{"@type":"Article","@id":"https:\/\/www.altominho.tv\/site\/2021\/09\/23\/pandemia-ja-matou-mais-de-471-milhoes-de-pessoas-no-mundo\/#article","isPartOf":{"@id":"https:\/\/www.altominho.tv\/site\/2021\/09\/23\/pandemia-ja-matou-mais-de-471-milhoes-de-pessoas-no-mundo\/"},"author":{"name":"Andreia Cunha | Lusa","@id":"https:\/\/www.altominho.tv\/site\/#\/schema\/person\/dbaf181c01b51ff40c9f461a905d321e"},"headline":"Pandemia j\u00e1 matou mais de 4,71 milh\u00f5es de pessoas no mundo","datePublished":"2021-09-23T10:53:59+00:00","dateModified":"2021-09-23T10:54:03+00:00","mainEntityOfPage":{"@id":"https:\/\/www.altominho.tv\/site\/2021\/09\/23\/pandemia-ja-matou-mais-de-471-milhoes-de-pessoas-no-mundo\/"},"wordCount":405,"image":{"@id":"https:\/\/www.altominho.tv\/site\/2021\/09\/23\/pandemia-ja-matou-mais-de-471-milhoes-de-pessoas-no-mundo\/#primaryimage"},"thumbnailUrl":"https:\/\/www.altominho.tv\/site\/wp-content\/uploads\/2021\/09\/covid-19.jpeg","keywords":["Sa\u00fade"],"articleSection":["Coronav\u00edrus"],"inLanguage":"pt-PT","copyrightYear":"2021","copyrightHolder":{"@id":"https:\/\/www.altominho.tv\/site\/#organization"}},{"@type":"WebPage","@id":"https:\/\/www.altominho.tv\/site\/2021\/09\/23\/pandemia-ja-matou-mais-de-471-milhoes-de-pessoas-no-mundo\/","url":"https:\/\/www.altominho.tv\/site\/2021\/09\/23\/pandemia-ja-matou-mais-de-471-milhoes-de-pessoas-no-mundo\/","name":"Pandemia j\u00e1 matou mais de 4,71 milh\u00f5es de pessoas no mundo","isPartOf":{"@id":"https:\/\/www.altominho.tv\/site\/#website"},"primaryImageOfPage":{"@id":"https:\/\/www.altominho.tv\/site\/2021\/09\/23\/pandemia-ja-matou-mais-de-471-milhoes-de-pessoas-no-mundo\/#primaryimage"},"image":{"@id":"https:\/\/www.altominho.tv\/site\/2021\/09\/23\/pandemia-ja-matou-mais-de-471-milhoes-de-pessoas-no-mundo\/#primaryimage"},"thumbnailUrl":"https:\/\/www.altominho.tv\/site\/wp-content\/uploads\/2021\/09\/covid-19.jpeg","datePublished":"2021-09-23T10:53:59+00:00","dateModified":"2021-09-23T10:54:03+00:00","author":{"@id":"https:\/\/www.altominho.tv\/site\/#\/schema\/person\/dbaf181c01b51ff40c9f461a905d321e"},"breadcrumb":{"@id":"https:\/\/www.altominho.tv\/site\/2021\/09\/23\/pandemia-ja-matou-mais-de-471-milhoes-de-pessoas-no-mundo\/#breadcrumb"},"inLanguage":"pt-PT","potentialAction":[{"@type":"ReadAction","target":["https:\/\/www.altominho.tv\/site\/2021\/09\/23\/pandemia-ja-matou-mais-de-471-milhoes-de-pessoas-no-mundo\/"]}]},{"@type":"ImageObject","inLanguage":"pt-PT","@id":"https:\/\/www.altominho.tv\/site\/2021\/09\/23\/pandemia-ja-matou-mais-de-471-milhoes-de-pessoas-no-mundo\/#primaryimage","url":"https:\/\/www.altominho.tv\/site\/wp-content\/uploads\/2021\/09\/covid-19.jpeg","contentUrl":"https:\/\/www.altominho.tv\/site\/wp-content\/uploads\/2021\/09\/covid-19.jpeg","width":1280,"height":720},{"@type":"BreadcrumbList","@id":"https:\/\/www.altominho.tv\/site\/2021\/09\/23\/pandemia-ja-matou-mais-de-471-milhoes-de-pessoas-no-mundo\/#breadcrumb","itemListElement":[{"@type":"ListItem","position":1,"name":"In\u00edcio","item":"https:\/\/www.altominho.tv\/site\/"},{"@type":"ListItem","position":2,"name":"Pandemia j\u00e1 matou mais de 4,71 milh\u00f5es de pessoas no mundo"}]},{"@type":"WebSite","@id":"https:\/\/www.altominho.tv\/site\/#website","url":"https:\/\/www.altominho.tv\/site\/","name":"Altominho.tv","description":"A sua regi\u00e3o \u00e0 dist\u00e2ncia de um clique...","potentialAction":[{"@type":"SearchAction","target":{"@type":"EntryPoint","urlTemplate":"https:\/\/www.altominho.tv\/site\/?s={search_term_string}"},"query-input":{"@type":"PropertyValueSpecification","valueRequired":true,"valueName":"search_term_string"}}],"inLanguage":"pt-PT"},{"@type":"Person","@id":"https:\/\/www.altominho.tv\/site\/#\/schema\/person\/dbaf181c01b51ff40c9f461a905d321e","name":"Andreia Cunha | Lusa","image":{"@type":"ImageObject","inLanguage":"pt-PT","@id":"https:\/\/www.altominho.tv\/site\/wp-content\/uploads\/2017\/11\/Andreia_Cunha-1-150x150.jpg","url":"https:\/\/www.altominho.tv\/site\/wp-content\/uploads\/2017\/11\/Andreia_Cunha-1-150x150.jpg","contentUrl":"https:\/\/www.altominho.tv\/site\/wp-content\/uploads\/2017\/11\/Andreia_Cunha-1-150x150.jpg","caption":"Andreia Cunha | Lusa"},"sameAs":["https:\/\/www.altominho.tv\/site"],"url":"https:\/\/www.altominho.tv\/site\/author\/andreiacunhalusa\/"}]}},"_links":{"self":[{"href":"https:\/\/www.altominho.tv\/site\/wp-json\/wp\/v2\/posts\/70276","targetHints":{"allow":["GET"]}}],"collection":[{"href":"https:\/\/www.altominho.tv\/site\/wp-json\/wp\/v2\/posts"}],"about":[{"href":"https:\/\/www.altominho.tv\/site\/wp-json\/wp\/v2\/types\/post"}],"author":[{"embeddable":true,"href":"https:\/\/www.altominho.tv\/site\/wp-json\/wp\/v2\/users\/16"}],"replies":[{"embeddable":true,"href":"https:\/\/www.altominho.tv\/site\/wp-json\/wp\/v2\/comments?post=70276"}],"version-history":[{"count":0,"href":"https:\/\/www.altominho.tv\/site\/wp-json\/wp\/v2\/posts\/70276\/revisions"}],"wp:featuredmedia":[{"embeddable":true,"href":"https:\/\/www.altominho.tv\/site\/wp-json\/wp\/v2\/media\/70277"}],"wp:attachment":[{"href":"https:\/\/www.altominho.tv\/site\/wp-json\/wp\/v2\/media?parent=70276"}],"wp:term":[{"taxonomy":"category","embeddable":true,"href":"https:\/\/www.altominho.tv\/site\/wp-json\/wp\/v2\/categories?post=70276"},{"taxonomy":"post_tag","embeddable":true,"href":"https:\/\/www.altominho.tv\/site\/wp-json\/wp\/v2\/tags?post=70276"}],"curies":[{"name":"wp","href":"https:\/\/api.w.org\/{rel}","templated":true}]}}