{"id":7027,"date":"2017-12-15T12:34:18","date_gmt":"2017-12-15T12:34:18","guid":{"rendered":"http:\/\/www.altominho.tv\/site\/?p=7027"},"modified":"2017-12-15T12:34:18","modified_gmt":"2017-12-15T12:34:18","slug":"incendios-mais-de-mil-hectares-georreferenciados-no-projeto-piloto-do-cadastro","status":"publish","type":"post","link":"https:\/\/www.altominho.tv\/site\/2017\/12\/15\/incendios-mais-de-mil-hectares-georreferenciados-no-projeto-piloto-do-cadastro\/","title":{"rendered":"Inc\u00eandios: Mais de mil hectares georreferenciados no projeto-piloto do cadastro"},"content":{"rendered":"<p>O projeto-piloto do sistema de cadastro simplificado conta com &#8220;mais de mil hectares&#8221; georreferenciados nos dez concelhos abrangidos pela iniciativa, disse \u00e0 ag\u00eancia Lusa o Minist\u00e9rio da Justi\u00e7a.<\/p>\n<p>O projeto-piloto do sistema de cadastro simplificado est\u00e1 a funcionar desde 02 de novembro e, at\u00e9 ter\u00e7a-feira, contava com 1.392 representa\u00e7\u00f5es gr\u00e1ficas georreferenciadas que representam mais de mil hectares, disse \u00e0 Lusa fonte do gabinete do Minist\u00e9rio da Justi\u00e7a.<\/p>\n<p>A representa\u00e7\u00e3o gr\u00e1fica georreferenciada \u00e9 a identifica\u00e7\u00e3o de um terreno atrav\u00e9s de coordenadas geogr\u00e1ficas realizada por um t\u00e9cnico habilitado (p\u00fablico ou privado), recorrendo ao sistema GPS.<br \/>\nA representa\u00e7\u00e3o pode ser pedida por particulares, entidades p\u00fablicas e entidades de gest\u00e3o florestal e organiza\u00e7\u00f5es de agricultores e produtores florestais, entre outras.<\/p>\n<p>O projeto-piloto est\u00e1 a ser desenvolvido em dez concelhos: Alf\u00e2ndega da F\u00e9, Caminha, Castanheira de Pera, Figueir\u00f3 dos Vinhos, G\u00f3is, Pampilhosa da Serra, Pedr\u00f3g\u00e3o Grande, Penela, Sert\u00e3 e Proen\u00e7a-a-Nova.<\/p>\n<p>Embora reconhecendo que ainda existe &#8220;muito trabalho a ser desenvolvido&#8221;, os valores alcan\u00e7ados decorrido pouco mais de um m\u00eas do projeto s\u00e3o &#8220;bons n\u00fameros iniciais&#8221; para o Minist\u00e9rio da Justi\u00e7a, sublinhou a mesma fonte.<\/p>\n<p>De acordo com a tutela, &#8220;existem j\u00e1 muitos pedidos de marca\u00e7\u00e3o de RGG [representa\u00e7\u00f5es gr\u00e1ficas georreferenciadas], pelo que a pr\u00f3pria capacidade dos servi\u00e7os em responder a todos estes pedidos ainda est\u00e1 a crescer, com o maior conhecimento no terreno e da pr\u00f3pria aplica\u00e7\u00e3o, aumentando tamb\u00e9m a capacidade de ser realizados mais atendimentos&#8221;.<\/p>\n<blockquote><p>\n&#8220;Todos os n\u00fameros iniciais apontam, por isso, para bons resultados deste projeto-piloto&#8221;, sublinhou a fonte do gabinete do Minist\u00e9rio da Justi\u00e7a.<\/p><\/blockquote>\n<p>At\u00e9 31 de dezembro de 2019, os custos de registar os terrenos florestais s\u00e3o gratuitos para todos os cidad\u00e3os.<\/p>\n<p>O projeto-piloto tem como data de conclus\u00e3o 30 de outubro de 2018.<\/p>\n<p>Adotando medidas para a imediata identifica\u00e7\u00e3o da estrutura fundi\u00e1ria e da titularidade dos pr\u00e9dios r\u00fasticos e mistos, a implementa\u00e7\u00e3o do cadastro pressup\u00f5e a cria\u00e7\u00e3o do procedimento de representa\u00e7\u00e3o gr\u00e1fica georreferenciada, do procedimento especial de registo de pr\u00e9dio r\u00fastico e misto omisso, e do procedimento de identifica\u00e7\u00e3o, inscri\u00e7\u00e3o e registo de pr\u00e9dio sem dono conhecido.<\/p>\n<p>Para saber se os terrenos est\u00e3o registados na conservat\u00f3ria, os cidad\u00e3os podem verificar se t\u00eam o documento que comprova o registo do terreno (a certid\u00e3o do registo predial) ou dirigir-se a uma conservat\u00f3ria do registo predial.<\/p>\n<p>Caso a propriedade n\u00e3o esteja registada, o cidad\u00e3o deve pedir o registo numa conservat\u00f3ria de um dos dez munic\u00edpios do projeto-piloto, apresentando um documento que prove que o terreno lhe pertence.<\/p>\n<p>&nbsp;<\/p>\n<p>&nbsp;<\/p>\n","protected":false},"excerpt":{"rendered":"<p>O projeto-piloto do sistema de cadastro simplificado conta com &#8220;mais de mil hectares&#8221; georreferenciados nos dez concelhos abrangidos pela iniciativa, disse \u00e0 ag\u00eancia Lusa o Minist\u00e9rio da Justi\u00e7a. O projeto-piloto do sistema de cadastro simplificado est\u00e1 a funcionar desde 02 de novembro e, at\u00e9 ter\u00e7a-feira, contava com 1.392 representa\u00e7\u00f5es gr\u00e1ficas georreferenciadas que representam mais de [&hellip;]<\/p>\n","protected":false},"author":6,"featured_media":7032,"comment_status":"closed","ping_status":"closed","sticky":false,"template":"","format":"standard","meta":{"_exactmetrics_skip_tracking":false,"_exactmetrics_sitenote_active":false,"_exactmetrics_sitenote_note":"","_exactmetrics_sitenote_category":0,"footnotes":""},"categories":[73],"tags":[27],"class_list":["post-7027","post","type-post","status-publish","format-standard","has-post-thumbnail","hentry","category-alto-minho","tag-sociedade"],"yoast_head":"<!-- This site is optimized with the Yoast SEO Premium plugin v27.5 (Yoast SEO v27.5) - https:\/\/yoast.com\/product\/yoast-seo-premium-wordpress\/ -->\n<title>Inc\u00eandios: Mais de mil hectares georreferenciados no projeto-piloto do cadastro<\/title>\n<meta name=\"robots\" content=\"index, follow, max-snippet:-1, max-image-preview:large, max-video-preview:-1\" \/>\n<link rel=\"canonical\" href=\"https:\/\/www.altominho.tv\/site\/2017\/12\/15\/incendios-mais-de-mil-hectares-georreferenciados-no-projeto-piloto-do-cadastro\/\" \/>\n<meta property=\"og:locale\" content=\"pt_PT\" \/>\n<meta property=\"og:type\" content=\"article\" \/>\n<meta property=\"og:title\" content=\"Inc\u00eandios: Mais de mil hectares georreferenciados no projeto-piloto do cadastro\" \/>\n<meta property=\"og:description\" content=\"O projeto-piloto do sistema de cadastro simplificado conta com &#8220;mais de mil hectares&#8221; georreferenciados nos dez concelhos abrangidos pela iniciativa, disse \u00e0 ag\u00eancia Lusa o Minist\u00e9rio da Justi\u00e7a. O projeto-piloto do sistema de cadastro simplificado est\u00e1 a funcionar desde 02 de novembro e, at\u00e9 ter\u00e7a-feira, contava com 1.392 representa\u00e7\u00f5es gr\u00e1ficas georreferenciadas que representam mais de [&hellip;]\" \/>\n<meta property=\"og:url\" content=\"https:\/\/www.altominho.tv\/site\/2017\/12\/15\/incendios-mais-de-mil-hectares-georreferenciados-no-projeto-piloto-do-cadastro\/\" \/>\n<meta property=\"og:site_name\" content=\"Altominho.tv\" \/>\n<meta property=\"article:publisher\" content=\"https:\/\/www.facebook.com\/altominhotv\" \/>\n<meta property=\"article:published_time\" content=\"2017-12-15T12:34:18+00:00\" \/>\n<meta property=\"og:image\" content=\"https:\/\/www.altominho.tv\/site\/wp-content\/uploads\/2017\/12\/11.jpg\" \/>\n\t<meta property=\"og:image:width\" content=\"1920\" \/>\n\t<meta property=\"og:image:height\" content=\"1080\" \/>\n\t<meta property=\"og:image:type\" content=\"image\/jpeg\" \/>\n<meta name=\"author\" content=\"C\u00e1tia Malheiro\" \/>\n<meta name=\"twitter:card\" content=\"summary_large_image\" \/>\n<meta name=\"twitter:creator\" content=\"@altominhoTV\" \/>\n<meta name=\"twitter:site\" content=\"@altominhoTV\" \/>\n<meta name=\"twitter:label1\" content=\"Escrito por\" \/>\n\t<meta name=\"twitter:data1\" content=\"C\u00e1tia Malheiro\" \/>\n\t<meta name=\"twitter:label2\" content=\"Tempo estimado de leitura\" \/>\n\t<meta name=\"twitter:data2\" content=\"2 minutos\" \/>\n<script type=\"application\/ld+json\" class=\"yoast-schema-graph\">{\"@context\":\"https:\\\/\\\/schema.org\",\"@graph\":[{\"@type\":\"Article\",\"@id\":\"https:\\\/\\\/www.altominho.tv\\\/site\\\/2017\\\/12\\\/15\\\/incendios-mais-de-mil-hectares-georreferenciados-no-projeto-piloto-do-cadastro\\\/#article\",\"isPartOf\":{\"@id\":\"https:\\\/\\\/www.altominho.tv\\\/site\\\/2017\\\/12\\\/15\\\/incendios-mais-de-mil-hectares-georreferenciados-no-projeto-piloto-do-cadastro\\\/\"},\"author\":{\"name\":\"C\u00e1tia Malheiro\",\"@id\":\"https:\\\/\\\/www.altominho.tv\\\/site\\\/#\\\/schema\\\/person\\\/5c9404a8b438614c93da6ca09db92574\"},\"headline\":\"Inc\u00eandios: Mais de mil hectares georreferenciados no projeto-piloto do cadastro\",\"datePublished\":\"2017-12-15T12:34:18+00:00\",\"mainEntityOfPage\":{\"@id\":\"https:\\\/\\\/www.altominho.tv\\\/site\\\/2017\\\/12\\\/15\\\/incendios-mais-de-mil-hectares-georreferenciados-no-projeto-piloto-do-cadastro\\\/\"},\"wordCount\":476,\"image\":{\"@id\":\"https:\\\/\\\/www.altominho.tv\\\/site\\\/2017\\\/12\\\/15\\\/incendios-mais-de-mil-hectares-georreferenciados-no-projeto-piloto-do-cadastro\\\/#primaryimage\"},\"thumbnailUrl\":\"https:\\\/\\\/www.altominho.tv\\\/site\\\/wp-content\\\/uploads\\\/2017\\\/12\\\/11.jpg\",\"keywords\":[\"Sociedade\"],\"articleSection\":[\"Alto Minho\"],\"inLanguage\":\"pt-PT\",\"copyrightYear\":\"2017\",\"copyrightHolder\":{\"@id\":\"https:\\\/\\\/www.altominho.tv\\\/site\\\/#organization\"}},{\"@type\":\"WebPage\",\"@id\":\"https:\\\/\\\/www.altominho.tv\\\/site\\\/2017\\\/12\\\/15\\\/incendios-mais-de-mil-hectares-georreferenciados-no-projeto-piloto-do-cadastro\\\/\",\"url\":\"https:\\\/\\\/www.altominho.tv\\\/site\\\/2017\\\/12\\\/15\\\/incendios-mais-de-mil-hectares-georreferenciados-no-projeto-piloto-do-cadastro\\\/\",\"name\":\"Inc\u00eandios: Mais de mil hectares georreferenciados no projeto-piloto do cadastro\",\"isPartOf\":{\"@id\":\"https:\\\/\\\/www.altominho.tv\\\/site\\\/#website\"},\"primaryImageOfPage\":{\"@id\":\"https:\\\/\\\/www.altominho.tv\\\/site\\\/2017\\\/12\\\/15\\\/incendios-mais-de-mil-hectares-georreferenciados-no-projeto-piloto-do-cadastro\\\/#primaryimage\"},\"image\":{\"@id\":\"https:\\\/\\\/www.altominho.tv\\\/site\\\/2017\\\/12\\\/15\\\/incendios-mais-de-mil-hectares-georreferenciados-no-projeto-piloto-do-cadastro\\\/#primaryimage\"},\"thumbnailUrl\":\"https:\\\/\\\/www.altominho.tv\\\/site\\\/wp-content\\\/uploads\\\/2017\\\/12\\\/11.jpg\",\"datePublished\":\"2017-12-15T12:34:18+00:00\",\"author\":{\"@id\":\"https:\\\/\\\/www.altominho.tv\\\/site\\\/#\\\/schema\\\/person\\\/5c9404a8b438614c93da6ca09db92574\"},\"breadcrumb\":{\"@id\":\"https:\\\/\\\/www.altominho.tv\\\/site\\\/2017\\\/12\\\/15\\\/incendios-mais-de-mil-hectares-georreferenciados-no-projeto-piloto-do-cadastro\\\/#breadcrumb\"},\"inLanguage\":\"pt-PT\",\"potentialAction\":[{\"@type\":\"ReadAction\",\"target\":[\"https:\\\/\\\/www.altominho.tv\\\/site\\\/2017\\\/12\\\/15\\\/incendios-mais-de-mil-hectares-georreferenciados-no-projeto-piloto-do-cadastro\\\/\"]}]},{\"@type\":\"ImageObject\",\"inLanguage\":\"pt-PT\",\"@id\":\"https:\\\/\\\/www.altominho.tv\\\/site\\\/2017\\\/12\\\/15\\\/incendios-mais-de-mil-hectares-georreferenciados-no-projeto-piloto-do-cadastro\\\/#primaryimage\",\"url\":\"https:\\\/\\\/www.altominho.tv\\\/site\\\/wp-content\\\/uploads\\\/2017\\\/12\\\/11.jpg\",\"contentUrl\":\"https:\\\/\\\/www.altominho.tv\\\/site\\\/wp-content\\\/uploads\\\/2017\\\/12\\\/11.jpg\",\"width\":1920,\"height\":1080},{\"@type\":\"BreadcrumbList\",\"@id\":\"https:\\\/\\\/www.altominho.tv\\\/site\\\/2017\\\/12\\\/15\\\/incendios-mais-de-mil-hectares-georreferenciados-no-projeto-piloto-do-cadastro\\\/#breadcrumb\",\"itemListElement\":[{\"@type\":\"ListItem\",\"position\":1,\"name\":\"In\u00edcio\",\"item\":\"https:\\\/\\\/www.altominho.tv\\\/site\\\/\"},{\"@type\":\"ListItem\",\"position\":2,\"name\":\"Inc\u00eandios: Mais de mil hectares georreferenciados no projeto-piloto do cadastro\"}]},{\"@type\":\"WebSite\",\"@id\":\"https:\\\/\\\/www.altominho.tv\\\/site\\\/#website\",\"url\":\"https:\\\/\\\/www.altominho.tv\\\/site\\\/\",\"name\":\"Altominho.tv\",\"description\":\"A sua regi\u00e3o \u00e0 dist\u00e2ncia de um clique...\",\"potentialAction\":[{\"@type\":\"SearchAction\",\"target\":{\"@type\":\"EntryPoint\",\"urlTemplate\":\"https:\\\/\\\/www.altominho.tv\\\/site\\\/?s={search_term_string}\"},\"query-input\":{\"@type\":\"PropertyValueSpecification\",\"valueRequired\":true,\"valueName\":\"search_term_string\"}}],\"inLanguage\":\"pt-PT\"},{\"@type\":\"Person\",\"@id\":\"https:\\\/\\\/www.altominho.tv\\\/site\\\/#\\\/schema\\\/person\\\/5c9404a8b438614c93da6ca09db92574\",\"name\":\"C\u00e1tia Malheiro\",\"image\":{\"@type\":\"ImageObject\",\"inLanguage\":\"pt-PT\",\"@id\":\"https:\\\/\\\/www.altominho.tv\\\/site\\\/wp-content\\\/uploads\\\/2017\\\/11\\\/Catia_Malheiro-150x150.jpg\",\"url\":\"https:\\\/\\\/www.altominho.tv\\\/site\\\/wp-content\\\/uploads\\\/2017\\\/11\\\/Catia_Malheiro-150x150.jpg\",\"contentUrl\":\"https:\\\/\\\/www.altominho.tv\\\/site\\\/wp-content\\\/uploads\\\/2017\\\/11\\\/Catia_Malheiro-150x150.jpg\",\"caption\":\"C\u00e1tia Malheiro\"},\"url\":\"https:\\\/\\\/www.altominho.tv\\\/site\\\/author\\\/catiamalheiro\\\/\"}]}<\/script>\n<!-- \/ Yoast SEO Premium plugin. -->","yoast_head_json":{"title":"Inc\u00eandios: Mais de mil hectares georreferenciados no projeto-piloto do cadastro","robots":{"index":"index","follow":"follow","max-snippet":"max-snippet:-1","max-image-preview":"max-image-preview:large","max-video-preview":"max-video-preview:-1"},"canonical":"https:\/\/www.altominho.tv\/site\/2017\/12\/15\/incendios-mais-de-mil-hectares-georreferenciados-no-projeto-piloto-do-cadastro\/","og_locale":"pt_PT","og_type":"article","og_title":"Inc\u00eandios: Mais de mil hectares georreferenciados no projeto-piloto do cadastro","og_description":"O projeto-piloto do sistema de cadastro simplificado conta com &#8220;mais de mil hectares&#8221; georreferenciados nos dez concelhos abrangidos pela iniciativa, disse \u00e0 ag\u00eancia Lusa o Minist\u00e9rio da Justi\u00e7a. O projeto-piloto do sistema de cadastro simplificado est\u00e1 a funcionar desde 02 de novembro e, at\u00e9 ter\u00e7a-feira, contava com 1.392 representa\u00e7\u00f5es gr\u00e1ficas georreferenciadas que representam mais de [&hellip;]","og_url":"https:\/\/www.altominho.tv\/site\/2017\/12\/15\/incendios-mais-de-mil-hectares-georreferenciados-no-projeto-piloto-do-cadastro\/","og_site_name":"Altominho.tv","article_publisher":"https:\/\/www.facebook.com\/altominhotv","article_published_time":"2017-12-15T12:34:18+00:00","og_image":[{"width":1920,"height":1080,"url":"https:\/\/www.altominho.tv\/site\/wp-content\/uploads\/2017\/12\/11.jpg","type":"image\/jpeg"}],"author":"C\u00e1tia Malheiro","twitter_card":"summary_large_image","twitter_creator":"@altominhoTV","twitter_site":"@altominhoTV","twitter_misc":{"Escrito por":"C\u00e1tia Malheiro","Tempo estimado de leitura":"2 minutos"},"schema":{"@context":"https:\/\/schema.org","@graph":[{"@type":"Article","@id":"https:\/\/www.altominho.tv\/site\/2017\/12\/15\/incendios-mais-de-mil-hectares-georreferenciados-no-projeto-piloto-do-cadastro\/#article","isPartOf":{"@id":"https:\/\/www.altominho.tv\/site\/2017\/12\/15\/incendios-mais-de-mil-hectares-georreferenciados-no-projeto-piloto-do-cadastro\/"},"author":{"name":"C\u00e1tia Malheiro","@id":"https:\/\/www.altominho.tv\/site\/#\/schema\/person\/5c9404a8b438614c93da6ca09db92574"},"headline":"Inc\u00eandios: Mais de mil hectares georreferenciados no projeto-piloto do cadastro","datePublished":"2017-12-15T12:34:18+00:00","mainEntityOfPage":{"@id":"https:\/\/www.altominho.tv\/site\/2017\/12\/15\/incendios-mais-de-mil-hectares-georreferenciados-no-projeto-piloto-do-cadastro\/"},"wordCount":476,"image":{"@id":"https:\/\/www.altominho.tv\/site\/2017\/12\/15\/incendios-mais-de-mil-hectares-georreferenciados-no-projeto-piloto-do-cadastro\/#primaryimage"},"thumbnailUrl":"https:\/\/www.altominho.tv\/site\/wp-content\/uploads\/2017\/12\/11.jpg","keywords":["Sociedade"],"articleSection":["Alto Minho"],"inLanguage":"pt-PT","copyrightYear":"2017","copyrightHolder":{"@id":"https:\/\/www.altominho.tv\/site\/#organization"}},{"@type":"WebPage","@id":"https:\/\/www.altominho.tv\/site\/2017\/12\/15\/incendios-mais-de-mil-hectares-georreferenciados-no-projeto-piloto-do-cadastro\/","url":"https:\/\/www.altominho.tv\/site\/2017\/12\/15\/incendios-mais-de-mil-hectares-georreferenciados-no-projeto-piloto-do-cadastro\/","name":"Inc\u00eandios: Mais de mil hectares georreferenciados no projeto-piloto do cadastro","isPartOf":{"@id":"https:\/\/www.altominho.tv\/site\/#website"},"primaryImageOfPage":{"@id":"https:\/\/www.altominho.tv\/site\/2017\/12\/15\/incendios-mais-de-mil-hectares-georreferenciados-no-projeto-piloto-do-cadastro\/#primaryimage"},"image":{"@id":"https:\/\/www.altominho.tv\/site\/2017\/12\/15\/incendios-mais-de-mil-hectares-georreferenciados-no-projeto-piloto-do-cadastro\/#primaryimage"},"thumbnailUrl":"https:\/\/www.altominho.tv\/site\/wp-content\/uploads\/2017\/12\/11.jpg","datePublished":"2017-12-15T12:34:18+00:00","author":{"@id":"https:\/\/www.altominho.tv\/site\/#\/schema\/person\/5c9404a8b438614c93da6ca09db92574"},"breadcrumb":{"@id":"https:\/\/www.altominho.tv\/site\/2017\/12\/15\/incendios-mais-de-mil-hectares-georreferenciados-no-projeto-piloto-do-cadastro\/#breadcrumb"},"inLanguage":"pt-PT","potentialAction":[{"@type":"ReadAction","target":["https:\/\/www.altominho.tv\/site\/2017\/12\/15\/incendios-mais-de-mil-hectares-georreferenciados-no-projeto-piloto-do-cadastro\/"]}]},{"@type":"ImageObject","inLanguage":"pt-PT","@id":"https:\/\/www.altominho.tv\/site\/2017\/12\/15\/incendios-mais-de-mil-hectares-georreferenciados-no-projeto-piloto-do-cadastro\/#primaryimage","url":"https:\/\/www.altominho.tv\/site\/wp-content\/uploads\/2017\/12\/11.jpg","contentUrl":"https:\/\/www.altominho.tv\/site\/wp-content\/uploads\/2017\/12\/11.jpg","width":1920,"height":1080},{"@type":"BreadcrumbList","@id":"https:\/\/www.altominho.tv\/site\/2017\/12\/15\/incendios-mais-de-mil-hectares-georreferenciados-no-projeto-piloto-do-cadastro\/#breadcrumb","itemListElement":[{"@type":"ListItem","position":1,"name":"In\u00edcio","item":"https:\/\/www.altominho.tv\/site\/"},{"@type":"ListItem","position":2,"name":"Inc\u00eandios: Mais de mil hectares georreferenciados no projeto-piloto do cadastro"}]},{"@type":"WebSite","@id":"https:\/\/www.altominho.tv\/site\/#website","url":"https:\/\/www.altominho.tv\/site\/","name":"Altominho.tv","description":"A sua regi\u00e3o \u00e0 dist\u00e2ncia de um clique...","potentialAction":[{"@type":"SearchAction","target":{"@type":"EntryPoint","urlTemplate":"https:\/\/www.altominho.tv\/site\/?s={search_term_string}"},"query-input":{"@type":"PropertyValueSpecification","valueRequired":true,"valueName":"search_term_string"}}],"inLanguage":"pt-PT"},{"@type":"Person","@id":"https:\/\/www.altominho.tv\/site\/#\/schema\/person\/5c9404a8b438614c93da6ca09db92574","name":"C\u00e1tia Malheiro","image":{"@type":"ImageObject","inLanguage":"pt-PT","@id":"https:\/\/www.altominho.tv\/site\/wp-content\/uploads\/2017\/11\/Catia_Malheiro-150x150.jpg","url":"https:\/\/www.altominho.tv\/site\/wp-content\/uploads\/2017\/11\/Catia_Malheiro-150x150.jpg","contentUrl":"https:\/\/www.altominho.tv\/site\/wp-content\/uploads\/2017\/11\/Catia_Malheiro-150x150.jpg","caption":"C\u00e1tia Malheiro"},"url":"https:\/\/www.altominho.tv\/site\/author\/catiamalheiro\/"}]}},"_links":{"self":[{"href":"https:\/\/www.altominho.tv\/site\/wp-json\/wp\/v2\/posts\/7027","targetHints":{"allow":["GET"]}}],"collection":[{"href":"https:\/\/www.altominho.tv\/site\/wp-json\/wp\/v2\/posts"}],"about":[{"href":"https:\/\/www.altominho.tv\/site\/wp-json\/wp\/v2\/types\/post"}],"author":[{"embeddable":true,"href":"https:\/\/www.altominho.tv\/site\/wp-json\/wp\/v2\/users\/6"}],"replies":[{"embeddable":true,"href":"https:\/\/www.altominho.tv\/site\/wp-json\/wp\/v2\/comments?post=7027"}],"version-history":[{"count":0,"href":"https:\/\/www.altominho.tv\/site\/wp-json\/wp\/v2\/posts\/7027\/revisions"}],"wp:featuredmedia":[{"embeddable":true,"href":"https:\/\/www.altominho.tv\/site\/wp-json\/wp\/v2\/media\/7032"}],"wp:attachment":[{"href":"https:\/\/www.altominho.tv\/site\/wp-json\/wp\/v2\/media?parent=7027"}],"wp:term":[{"taxonomy":"category","embeddable":true,"href":"https:\/\/www.altominho.tv\/site\/wp-json\/wp\/v2\/categories?post=7027"},{"taxonomy":"post_tag","embeddable":true,"href":"https:\/\/www.altominho.tv\/site\/wp-json\/wp\/v2\/tags?post=7027"}],"curies":[{"name":"wp","href":"https:\/\/api.w.org\/{rel}","templated":true}]}}