{"id":70245,"date":"2021-09-22T15:46:02","date_gmt":"2021-09-22T14:46:02","guid":{"rendered":"https:\/\/www.altominho.tv\/site\/?p=70245"},"modified":"2021-09-22T15:46:06","modified_gmt":"2021-09-22T14:46:06","slug":"incidencia-continua-a-descer-e-nivel-de-transmissibilidade-mantem-se","status":"publish","type":"post","link":"https:\/\/www.altominho.tv\/site\/2021\/09\/22\/incidencia-continua-a-descer-e-nivel-de-transmissibilidade-mantem-se\/","title":{"rendered":"Incid\u00eancia continua a descer e n\u00edvel de transmissibilidade mant\u00e9m-se"},"content":{"rendered":"<p>A taxa de incid\u00eancia de infe\u00e7\u00f5es com SARS-CoV-2 nos \u00faltimos 14 dias voltou a descer e o \u00edndice de transmissibilidade n\u00e3o se alterou, aproximando o pa\u00eds da \u201czona verde\u201d da matriz de risco.<\/p>\n<p class=\"text-paragraph\">Segundo o boletim epidemiol\u00f3gico conjunto da Dire\u00e7\u00e3o-Geral da Sa\u00fade e do Instituto Nacional de Sa\u00fade Doutor Ricardo Jorge divulgado esta quarta-feira, a n\u00edvel nacional, a taxa de incid\u00eancia desceu de 149,1 para 137,4 casos por 100 mil habitantes. J\u00e1 em Portugal continental, este indicador desceu de 152,4 para 140,1.<\/p>\n<p class=\"text-paragraph\">O Rt &#8211; que estima o n\u00famero de casos secund\u00e1rios de infe\u00e7\u00e3o resultantes de cada pessoa portadora do v\u00edrus, mant\u00e9m desde segunda-feira em 0,82 a n\u00edvel nacional e em 0,81 em Portugal continental.<\/p>\n<p class=\"text-paragraph\">Os dados do Rt e da incid\u00eancia de novos casos por 100 mil habitantes a 14 dias &#8211; indicadores que comp\u00f5em a matriz de risco de acompanhamento da pandemia &#8211; s\u00e3o atualizados pelas autoridades de sa\u00fade \u00e0 segunda-feira, \u00e0 quarta-feira e \u00e0 sexta-feira.<\/p>\n<p class=\"text-paragraph\">O n\u00edvel de risco na matriz de monitoriza\u00e7\u00e3o da pandemia de Covid-19 fixa-se em 480 casos por 100 mil habitantes a 14 dias.<\/p>\n<p class=\"text-paragraph\">De acordo com o portal do Governo para a Covid-19, \u201ca monitoriza\u00e7\u00e3o da evolu\u00e7\u00e3o da pandemia continuar\u00e1 a ser feita com base nos indicadores de incid\u00eancia e Rt, adaptados de acordo com a evolu\u00e7\u00e3o da vacina\u00e7\u00e3o (n\u00edvel de alerta \u00e9 de 240, n\u00edvel de risco \u00e9 de 480)\u201d.<\/p>\n","protected":false},"excerpt":{"rendered":"<p>A taxa de incid\u00eancia de infe\u00e7\u00f5es com SARS-CoV-2 nos \u00faltimos 14 dias voltou a descer e o \u00edndice de transmissibilidade n\u00e3o se alterou, aproximando o pa\u00eds da \u201czona verde\u201d da matriz de risco. Segundo o boletim epidemiol\u00f3gico conjunto da Dire\u00e7\u00e3o-Geral da Sa\u00fade e do Instituto Nacional de Sa\u00fade Doutor Ricardo Jorge divulgado esta quarta-feira, a [&hellip;]<\/p>\n","protected":false},"author":15,"featured_media":64623,"comment_status":"closed","ping_status":"closed","sticky":false,"template":"","format":"standard","meta":{"_exactmetrics_skip_tracking":false,"_exactmetrics_sitenote_active":false,"_exactmetrics_sitenote_note":"","_exactmetrics_sitenote_category":0,"footnotes":""},"categories":[42722],"tags":[26,27],"class_list":["post-70245","post","type-post","status-publish","format-standard","has-post-thumbnail","hentry","category-covid-19","tag-saude","tag-sociedade"],"yoast_head":"<!-- This site is optimized with the Yoast SEO Premium plugin v27.5 (Yoast SEO v27.5) - https:\/\/yoast.com\/product\/yoast-seo-premium-wordpress\/ -->\n<title>Incid\u00eancia continua a descer e n\u00edvel de transmissibilidade mant\u00e9m-se<\/title>\n<meta name=\"robots\" content=\"index, follow, max-snippet:-1, max-image-preview:large, max-video-preview:-1\" \/>\n<link rel=\"canonical\" href=\"https:\/\/www.altominho.tv\/site\/2021\/09\/22\/incidencia-continua-a-descer-e-nivel-de-transmissibilidade-mantem-se\/\" \/>\n<meta property=\"og:locale\" content=\"pt_PT\" \/>\n<meta property=\"og:type\" content=\"article\" \/>\n<meta property=\"og:title\" content=\"Incid\u00eancia continua a descer e n\u00edvel de transmissibilidade mant\u00e9m-se\" \/>\n<meta property=\"og:description\" content=\"A taxa de incid\u00eancia de infe\u00e7\u00f5es com SARS-CoV-2 nos \u00faltimos 14 dias voltou a descer e o \u00edndice de transmissibilidade n\u00e3o se alterou, aproximando o pa\u00eds da \u201czona verde\u201d da matriz de risco. Segundo o boletim epidemiol\u00f3gico conjunto da Dire\u00e7\u00e3o-Geral da Sa\u00fade e do Instituto Nacional de Sa\u00fade Doutor Ricardo Jorge divulgado esta quarta-feira, a [&hellip;]\" \/>\n<meta property=\"og:url\" content=\"https:\/\/www.altominho.tv\/site\/2021\/09\/22\/incidencia-continua-a-descer-e-nivel-de-transmissibilidade-mantem-se\/\" \/>\n<meta property=\"og:site_name\" content=\"Altominho.tv\" \/>\n<meta property=\"article:publisher\" content=\"https:\/\/www.facebook.com\/altominhotv\" \/>\n<meta property=\"article:published_time\" content=\"2021-09-22T14:46:02+00:00\" \/>\n<meta property=\"article:modified_time\" content=\"2021-09-22T14:46:06+00:00\" \/>\n<meta property=\"og:image\" content=\"https:\/\/www.altominho.tv\/site\/wp-content\/uploads\/2021\/03\/Uso_de_mascara_Rua.jpg\" \/>\n\t<meta property=\"og:image:width\" content=\"860\" \/>\n\t<meta property=\"og:image:height\" content=\"471\" \/>\n\t<meta property=\"og:image:type\" content=\"image\/jpeg\" \/>\n<meta name=\"author\" content=\"Andreia Ferreira | Lusa\" \/>\n<meta name=\"twitter:card\" content=\"summary_large_image\" \/>\n<meta name=\"twitter:creator\" content=\"@altominhoTV\" \/>\n<meta name=\"twitter:site\" content=\"@altominhoTV\" \/>\n<meta name=\"twitter:label1\" content=\"Escrito por\" \/>\n\t<meta name=\"twitter:data1\" content=\"Andreia Ferreira | Lusa\" \/>\n\t<meta name=\"twitter:label2\" content=\"Tempo estimado de leitura\" \/>\n\t<meta name=\"twitter:data2\" content=\"1 minuto\" \/>\n<script type=\"application\/ld+json\" class=\"yoast-schema-graph\">{\"@context\":\"https:\\\/\\\/schema.org\",\"@graph\":[{\"@type\":\"Article\",\"@id\":\"https:\\\/\\\/www.altominho.tv\\\/site\\\/2021\\\/09\\\/22\\\/incidencia-continua-a-descer-e-nivel-de-transmissibilidade-mantem-se\\\/#article\",\"isPartOf\":{\"@id\":\"https:\\\/\\\/www.altominho.tv\\\/site\\\/2021\\\/09\\\/22\\\/incidencia-continua-a-descer-e-nivel-de-transmissibilidade-mantem-se\\\/\"},\"author\":{\"name\":\"Andreia Ferreira | Lusa\",\"@id\":\"https:\\\/\\\/www.altominho.tv\\\/site\\\/#\\\/schema\\\/person\\\/a0bff6dc1041aadd46fa81887444b017\"},\"headline\":\"Incid\u00eancia continua a descer e n\u00edvel de transmissibilidade mant\u00e9m-se\",\"datePublished\":\"2021-09-22T14:46:02+00:00\",\"dateModified\":\"2021-09-22T14:46:06+00:00\",\"mainEntityOfPage\":{\"@id\":\"https:\\\/\\\/www.altominho.tv\\\/site\\\/2021\\\/09\\\/22\\\/incidencia-continua-a-descer-e-nivel-de-transmissibilidade-mantem-se\\\/\"},\"wordCount\":250,\"image\":{\"@id\":\"https:\\\/\\\/www.altominho.tv\\\/site\\\/2021\\\/09\\\/22\\\/incidencia-continua-a-descer-e-nivel-de-transmissibilidade-mantem-se\\\/#primaryimage\"},\"thumbnailUrl\":\"https:\\\/\\\/www.altominho.tv\\\/site\\\/wp-content\\\/uploads\\\/2021\\\/03\\\/Uso_de_mascara_Rua.jpg\",\"keywords\":[\"Sa\u00fade\",\"Sociedade\"],\"articleSection\":[\"Coronav\u00edrus\"],\"inLanguage\":\"pt-PT\",\"copyrightYear\":\"2021\",\"copyrightHolder\":{\"@id\":\"https:\\\/\\\/www.altominho.tv\\\/site\\\/#organization\"}},{\"@type\":\"WebPage\",\"@id\":\"https:\\\/\\\/www.altominho.tv\\\/site\\\/2021\\\/09\\\/22\\\/incidencia-continua-a-descer-e-nivel-de-transmissibilidade-mantem-se\\\/\",\"url\":\"https:\\\/\\\/www.altominho.tv\\\/site\\\/2021\\\/09\\\/22\\\/incidencia-continua-a-descer-e-nivel-de-transmissibilidade-mantem-se\\\/\",\"name\":\"Incid\u00eancia continua a descer e n\u00edvel de transmissibilidade mant\u00e9m-se\",\"isPartOf\":{\"@id\":\"https:\\\/\\\/www.altominho.tv\\\/site\\\/#website\"},\"primaryImageOfPage\":{\"@id\":\"https:\\\/\\\/www.altominho.tv\\\/site\\\/2021\\\/09\\\/22\\\/incidencia-continua-a-descer-e-nivel-de-transmissibilidade-mantem-se\\\/#primaryimage\"},\"image\":{\"@id\":\"https:\\\/\\\/www.altominho.tv\\\/site\\\/2021\\\/09\\\/22\\\/incidencia-continua-a-descer-e-nivel-de-transmissibilidade-mantem-se\\\/#primaryimage\"},\"thumbnailUrl\":\"https:\\\/\\\/www.altominho.tv\\\/site\\\/wp-content\\\/uploads\\\/2021\\\/03\\\/Uso_de_mascara_Rua.jpg\",\"datePublished\":\"2021-09-22T14:46:02+00:00\",\"dateModified\":\"2021-09-22T14:46:06+00:00\",\"author\":{\"@id\":\"https:\\\/\\\/www.altominho.tv\\\/site\\\/#\\\/schema\\\/person\\\/a0bff6dc1041aadd46fa81887444b017\"},\"breadcrumb\":{\"@id\":\"https:\\\/\\\/www.altominho.tv\\\/site\\\/2021\\\/09\\\/22\\\/incidencia-continua-a-descer-e-nivel-de-transmissibilidade-mantem-se\\\/#breadcrumb\"},\"inLanguage\":\"pt-PT\",\"potentialAction\":[{\"@type\":\"ReadAction\",\"target\":[\"https:\\\/\\\/www.altominho.tv\\\/site\\\/2021\\\/09\\\/22\\\/incidencia-continua-a-descer-e-nivel-de-transmissibilidade-mantem-se\\\/\"]}]},{\"@type\":\"ImageObject\",\"inLanguage\":\"pt-PT\",\"@id\":\"https:\\\/\\\/www.altominho.tv\\\/site\\\/2021\\\/09\\\/22\\\/incidencia-continua-a-descer-e-nivel-de-transmissibilidade-mantem-se\\\/#primaryimage\",\"url\":\"https:\\\/\\\/www.altominho.tv\\\/site\\\/wp-content\\\/uploads\\\/2021\\\/03\\\/Uso_de_mascara_Rua.jpg\",\"contentUrl\":\"https:\\\/\\\/www.altominho.tv\\\/site\\\/wp-content\\\/uploads\\\/2021\\\/03\\\/Uso_de_mascara_Rua.jpg\",\"width\":860,\"height\":471},{\"@type\":\"BreadcrumbList\",\"@id\":\"https:\\\/\\\/www.altominho.tv\\\/site\\\/2021\\\/09\\\/22\\\/incidencia-continua-a-descer-e-nivel-de-transmissibilidade-mantem-se\\\/#breadcrumb\",\"itemListElement\":[{\"@type\":\"ListItem\",\"position\":1,\"name\":\"In\u00edcio\",\"item\":\"https:\\\/\\\/www.altominho.tv\\\/site\\\/\"},{\"@type\":\"ListItem\",\"position\":2,\"name\":\"Incid\u00eancia continua a descer e n\u00edvel de transmissibilidade mant\u00e9m-se\"}]},{\"@type\":\"WebSite\",\"@id\":\"https:\\\/\\\/www.altominho.tv\\\/site\\\/#website\",\"url\":\"https:\\\/\\\/www.altominho.tv\\\/site\\\/\",\"name\":\"Altominho.tv\",\"description\":\"A sua regi\u00e3o \u00e0 dist\u00e2ncia de um clique...\",\"potentialAction\":[{\"@type\":\"SearchAction\",\"target\":{\"@type\":\"EntryPoint\",\"urlTemplate\":\"https:\\\/\\\/www.altominho.tv\\\/site\\\/?s={search_term_string}\"},\"query-input\":{\"@type\":\"PropertyValueSpecification\",\"valueRequired\":true,\"valueName\":\"search_term_string\"}}],\"inLanguage\":\"pt-PT\"},{\"@type\":\"Person\",\"@id\":\"https:\\\/\\\/www.altominho.tv\\\/site\\\/#\\\/schema\\\/person\\\/a0bff6dc1041aadd46fa81887444b017\",\"name\":\"Andreia Ferreira | Lusa\",\"image\":{\"@type\":\"ImageObject\",\"inLanguage\":\"pt-PT\",\"@id\":\"https:\\\/\\\/www.altominho.tv\\\/site\\\/wp-content\\\/uploads\\\/2018\\\/04\\\/Andreia-150x150.jpg\",\"url\":\"https:\\\/\\\/www.altominho.tv\\\/site\\\/wp-content\\\/uploads\\\/2018\\\/04\\\/Andreia-150x150.jpg\",\"contentUrl\":\"https:\\\/\\\/www.altominho.tv\\\/site\\\/wp-content\\\/uploads\\\/2018\\\/04\\\/Andreia-150x150.jpg\",\"caption\":\"Andreia Ferreira | Lusa\"},\"sameAs\":[\"https:\\\/\\\/www.altominho.tv\\\/site\"],\"url\":\"https:\\\/\\\/www.altominho.tv\\\/site\\\/author\\\/andreiaferreiralusa\\\/\"}]}<\/script>\n<!-- \/ Yoast SEO Premium plugin. -->","yoast_head_json":{"title":"Incid\u00eancia continua a descer e n\u00edvel de transmissibilidade mant\u00e9m-se","robots":{"index":"index","follow":"follow","max-snippet":"max-snippet:-1","max-image-preview":"max-image-preview:large","max-video-preview":"max-video-preview:-1"},"canonical":"https:\/\/www.altominho.tv\/site\/2021\/09\/22\/incidencia-continua-a-descer-e-nivel-de-transmissibilidade-mantem-se\/","og_locale":"pt_PT","og_type":"article","og_title":"Incid\u00eancia continua a descer e n\u00edvel de transmissibilidade mant\u00e9m-se","og_description":"A taxa de incid\u00eancia de infe\u00e7\u00f5es com SARS-CoV-2 nos \u00faltimos 14 dias voltou a descer e o \u00edndice de transmissibilidade n\u00e3o se alterou, aproximando o pa\u00eds da \u201czona verde\u201d da matriz de risco. Segundo o boletim epidemiol\u00f3gico conjunto da Dire\u00e7\u00e3o-Geral da Sa\u00fade e do Instituto Nacional de Sa\u00fade Doutor Ricardo Jorge divulgado esta quarta-feira, a [&hellip;]","og_url":"https:\/\/www.altominho.tv\/site\/2021\/09\/22\/incidencia-continua-a-descer-e-nivel-de-transmissibilidade-mantem-se\/","og_site_name":"Altominho.tv","article_publisher":"https:\/\/www.facebook.com\/altominhotv","article_published_time":"2021-09-22T14:46:02+00:00","article_modified_time":"2021-09-22T14:46:06+00:00","og_image":[{"width":860,"height":471,"url":"https:\/\/www.altominho.tv\/site\/wp-content\/uploads\/2021\/03\/Uso_de_mascara_Rua.jpg","type":"image\/jpeg"}],"author":"Andreia Ferreira | Lusa","twitter_card":"summary_large_image","twitter_creator":"@altominhoTV","twitter_site":"@altominhoTV","twitter_misc":{"Escrito por":"Andreia Ferreira | Lusa","Tempo estimado de leitura":"1 minuto"},"schema":{"@context":"https:\/\/schema.org","@graph":[{"@type":"Article","@id":"https:\/\/www.altominho.tv\/site\/2021\/09\/22\/incidencia-continua-a-descer-e-nivel-de-transmissibilidade-mantem-se\/#article","isPartOf":{"@id":"https:\/\/www.altominho.tv\/site\/2021\/09\/22\/incidencia-continua-a-descer-e-nivel-de-transmissibilidade-mantem-se\/"},"author":{"name":"Andreia Ferreira | Lusa","@id":"https:\/\/www.altominho.tv\/site\/#\/schema\/person\/a0bff6dc1041aadd46fa81887444b017"},"headline":"Incid\u00eancia continua a descer e n\u00edvel de transmissibilidade mant\u00e9m-se","datePublished":"2021-09-22T14:46:02+00:00","dateModified":"2021-09-22T14:46:06+00:00","mainEntityOfPage":{"@id":"https:\/\/www.altominho.tv\/site\/2021\/09\/22\/incidencia-continua-a-descer-e-nivel-de-transmissibilidade-mantem-se\/"},"wordCount":250,"image":{"@id":"https:\/\/www.altominho.tv\/site\/2021\/09\/22\/incidencia-continua-a-descer-e-nivel-de-transmissibilidade-mantem-se\/#primaryimage"},"thumbnailUrl":"https:\/\/www.altominho.tv\/site\/wp-content\/uploads\/2021\/03\/Uso_de_mascara_Rua.jpg","keywords":["Sa\u00fade","Sociedade"],"articleSection":["Coronav\u00edrus"],"inLanguage":"pt-PT","copyrightYear":"2021","copyrightHolder":{"@id":"https:\/\/www.altominho.tv\/site\/#organization"}},{"@type":"WebPage","@id":"https:\/\/www.altominho.tv\/site\/2021\/09\/22\/incidencia-continua-a-descer-e-nivel-de-transmissibilidade-mantem-se\/","url":"https:\/\/www.altominho.tv\/site\/2021\/09\/22\/incidencia-continua-a-descer-e-nivel-de-transmissibilidade-mantem-se\/","name":"Incid\u00eancia continua a descer e n\u00edvel de transmissibilidade mant\u00e9m-se","isPartOf":{"@id":"https:\/\/www.altominho.tv\/site\/#website"},"primaryImageOfPage":{"@id":"https:\/\/www.altominho.tv\/site\/2021\/09\/22\/incidencia-continua-a-descer-e-nivel-de-transmissibilidade-mantem-se\/#primaryimage"},"image":{"@id":"https:\/\/www.altominho.tv\/site\/2021\/09\/22\/incidencia-continua-a-descer-e-nivel-de-transmissibilidade-mantem-se\/#primaryimage"},"thumbnailUrl":"https:\/\/www.altominho.tv\/site\/wp-content\/uploads\/2021\/03\/Uso_de_mascara_Rua.jpg","datePublished":"2021-09-22T14:46:02+00:00","dateModified":"2021-09-22T14:46:06+00:00","author":{"@id":"https:\/\/www.altominho.tv\/site\/#\/schema\/person\/a0bff6dc1041aadd46fa81887444b017"},"breadcrumb":{"@id":"https:\/\/www.altominho.tv\/site\/2021\/09\/22\/incidencia-continua-a-descer-e-nivel-de-transmissibilidade-mantem-se\/#breadcrumb"},"inLanguage":"pt-PT","potentialAction":[{"@type":"ReadAction","target":["https:\/\/www.altominho.tv\/site\/2021\/09\/22\/incidencia-continua-a-descer-e-nivel-de-transmissibilidade-mantem-se\/"]}]},{"@type":"ImageObject","inLanguage":"pt-PT","@id":"https:\/\/www.altominho.tv\/site\/2021\/09\/22\/incidencia-continua-a-descer-e-nivel-de-transmissibilidade-mantem-se\/#primaryimage","url":"https:\/\/www.altominho.tv\/site\/wp-content\/uploads\/2021\/03\/Uso_de_mascara_Rua.jpg","contentUrl":"https:\/\/www.altominho.tv\/site\/wp-content\/uploads\/2021\/03\/Uso_de_mascara_Rua.jpg","width":860,"height":471},{"@type":"BreadcrumbList","@id":"https:\/\/www.altominho.tv\/site\/2021\/09\/22\/incidencia-continua-a-descer-e-nivel-de-transmissibilidade-mantem-se\/#breadcrumb","itemListElement":[{"@type":"ListItem","position":1,"name":"In\u00edcio","item":"https:\/\/www.altominho.tv\/site\/"},{"@type":"ListItem","position":2,"name":"Incid\u00eancia continua a descer e n\u00edvel de transmissibilidade mant\u00e9m-se"}]},{"@type":"WebSite","@id":"https:\/\/www.altominho.tv\/site\/#website","url":"https:\/\/www.altominho.tv\/site\/","name":"Altominho.tv","description":"A sua regi\u00e3o \u00e0 dist\u00e2ncia de um clique...","potentialAction":[{"@type":"SearchAction","target":{"@type":"EntryPoint","urlTemplate":"https:\/\/www.altominho.tv\/site\/?s={search_term_string}"},"query-input":{"@type":"PropertyValueSpecification","valueRequired":true,"valueName":"search_term_string"}}],"inLanguage":"pt-PT"},{"@type":"Person","@id":"https:\/\/www.altominho.tv\/site\/#\/schema\/person\/a0bff6dc1041aadd46fa81887444b017","name":"Andreia Ferreira | Lusa","image":{"@type":"ImageObject","inLanguage":"pt-PT","@id":"https:\/\/www.altominho.tv\/site\/wp-content\/uploads\/2018\/04\/Andreia-150x150.jpg","url":"https:\/\/www.altominho.tv\/site\/wp-content\/uploads\/2018\/04\/Andreia-150x150.jpg","contentUrl":"https:\/\/www.altominho.tv\/site\/wp-content\/uploads\/2018\/04\/Andreia-150x150.jpg","caption":"Andreia Ferreira | Lusa"},"sameAs":["https:\/\/www.altominho.tv\/site"],"url":"https:\/\/www.altominho.tv\/site\/author\/andreiaferreiralusa\/"}]}},"_links":{"self":[{"href":"https:\/\/www.altominho.tv\/site\/wp-json\/wp\/v2\/posts\/70245","targetHints":{"allow":["GET"]}}],"collection":[{"href":"https:\/\/www.altominho.tv\/site\/wp-json\/wp\/v2\/posts"}],"about":[{"href":"https:\/\/www.altominho.tv\/site\/wp-json\/wp\/v2\/types\/post"}],"author":[{"embeddable":true,"href":"https:\/\/www.altominho.tv\/site\/wp-json\/wp\/v2\/users\/15"}],"replies":[{"embeddable":true,"href":"https:\/\/www.altominho.tv\/site\/wp-json\/wp\/v2\/comments?post=70245"}],"version-history":[{"count":0,"href":"https:\/\/www.altominho.tv\/site\/wp-json\/wp\/v2\/posts\/70245\/revisions"}],"wp:featuredmedia":[{"embeddable":true,"href":"https:\/\/www.altominho.tv\/site\/wp-json\/wp\/v2\/media\/64623"}],"wp:attachment":[{"href":"https:\/\/www.altominho.tv\/site\/wp-json\/wp\/v2\/media?parent=70245"}],"wp:term":[{"taxonomy":"category","embeddable":true,"href":"https:\/\/www.altominho.tv\/site\/wp-json\/wp\/v2\/categories?post=70245"},{"taxonomy":"post_tag","embeddable":true,"href":"https:\/\/www.altominho.tv\/site\/wp-json\/wp\/v2\/tags?post=70245"}],"curies":[{"name":"wp","href":"https:\/\/api.w.org\/{rel}","templated":true}]}}