{"id":70148,"date":"2021-09-20T12:29:57","date_gmt":"2021-09-20T11:29:57","guid":{"rendered":"https:\/\/www.altominho.tv\/site\/?p=70148"},"modified":"2022-01-17T14:36:10","modified_gmt":"2022-01-17T14:36:10","slug":"candidato-do-ps-promete-faturacao-da-agua-mais-controlada-e-rigorosa-e-novas-apostas-nas-freguesias","status":"publish","type":"post","link":"https:\/\/www.altominho.tv\/site\/2021\/09\/20\/candidato-do-ps-promete-faturacao-da-agua-mais-controlada-e-rigorosa-e-novas-apostas-nas-freguesias\/","title":{"rendered":"Candidato do PS promete fatura\u00e7\u00e3o da \u00e1gua &#8220;mais controlada e rigorosa&#8221; e novas apostas nas freguesias"},"content":{"rendered":"<p>O candidato \u00e0 C\u00e2mara de Paredes de Coura pelo PS, Vitor Paulo Pereira, disse este domingo que, caso seja novamente eleito presidente nas elei\u00e7\u00f5es do dia 26, um dos compromissos que assume com a popula\u00e7\u00e3o do concelho \u00e9 uma fatura\u00e7\u00e3o da \u00e1gua &#8220;mais controlada e rigorosa\u201d.<\/p>\n<p>\u201cO compromisso que temos com voc\u00eas \u00e9 que a fatura n\u00e3o vai disparar e vamos controlar os pre\u00e7os\u201d, garantiu o candidato, acrescentando que \u201ca fatura\u00e7\u00e3o vai ser mais controlada e rigorosa\u201d.<\/p>\n<p>Para Vitor Paulo Pereira, \u201cnem a quest\u00e3o da \u00e1gua\u201d o impede de \u201ctra\u00e7ar os melhores cen\u00e1rios\u201d para os pr\u00f3ximos quatro anos e recorda que, com a ades\u00e3o \u00e0 empresa \u00c1guas do Alto Minho, \u201cest\u00e1 a ser poss\u00edvel construir as condutas de \u00e1gua para a f\u00e1brica de vacinas, bem como o investimento na conclus\u00e3o da rede de saneamento b\u00e1sico das freguesias de Cossourado e Rubi\u00e3es, assim como a respetiva ETAR\u201d.<\/p>\n<p>O candidato para mais quatro anos na lideran\u00e7a aut\u00e1rquica assegura que estas melhorias n\u00e3o seriam poss\u00edveis sem \u201cos milh\u00f5es\u201d investidos pela empresa e acrescenta que a expans\u00e3o da rede segue para Cunha, Castanheira e Vasc\u00f5es.<\/p>\n<p>Al\u00e9m da &#8220;quest\u00e3o da \u00e1gua&#8221;, Vitor Paulo Pereira lembrou &#8220;significativas conquistas&#8221; nos \u00faltimos mandatos, como a ilumina\u00e7\u00e3o LED, a fibra \u00f3tica, a liga\u00e7\u00e3o \u00e0 A3 e a f\u00e1brica de vacinas&#8221;, e anunciou que a chegada do g\u00e1s natural \u201cn\u00e3o demorar\u00e1 muito tempo\u201d.<\/p>\n<p>&#8220;Capt\u00e1mos investimento, para criar mais emprego qualificado, apostando tamb\u00e9m na diversifica\u00e7\u00e3o das \u00e1reas de atividade e com empresas que tragam orgulho\u201d, recordou.<\/p>\n<p>No plano cultural, o socialista pretende descentralizar a cultura por todas as aldeias e fez a promessa da que alguma programa\u00e7\u00e3o cultural vai para S\u00e3o Martinho, Vasc\u00f5es, Padornelo e todas as outras freguesias do concelho.<\/p>\n<p>J\u00e1 ao n\u00edvel da habita\u00e7\u00e3o, o PS abordou o investimento na constru\u00e7\u00e3o de habita\u00e7\u00e3o a custos controlados, com alus\u00e3o ao financiamento e reconstru\u00e7\u00e3o de quase 80 habita\u00e7\u00f5es, \u00e0 constru\u00e7\u00e3o de 27 apartamentos a custos controlados para jovens que se queiram fixar em Paredes de Coura e \u00e0s 50 habita\u00e7\u00f5es para arrendar a casais novos e com algumas dificuldades.<\/p>\n<p>Nas elei\u00e7\u00f5es\u00a0<span class=\"il\">aut\u00e1rquicas<\/span>\u00a0de 2017, o PS alcan\u00e7ou 76,58% dos votos garantindo os cinco mandatos do executivo municipal. O PSD conseguiu 14,43% e a CDU 4,68%.<\/p>\n","protected":false},"excerpt":{"rendered":"<p>O candidato \u00e0 C\u00e2mara de Paredes de Coura pelo PS, Vitor Paulo Pereira, disse este domingo que, caso seja novamente eleito presidente nas elei\u00e7\u00f5es do dia 26, um dos compromissos que assume com a popula\u00e7\u00e3o do concelho \u00e9 uma fatura\u00e7\u00e3o da \u00e1gua &#8220;mais controlada e rigorosa\u201d. \u201cO compromisso que temos com voc\u00eas \u00e9 que a [&hellip;]<\/p>\n","protected":false},"author":1,"featured_media":70149,"comment_status":"closed","ping_status":"closed","sticky":false,"template":"","format":"standard","meta":{"_exactmetrics_skip_tracking":false,"_exactmetrics_sitenote_active":false,"_exactmetrics_sitenote_note":"","_exactmetrics_sitenote_category":0,"footnotes":""},"categories":[10],"tags":[56326,27],"class_list":["post-70148","post","type-post","status-publish","format-standard","has-post-thumbnail","hentry","category-paredes-de-coura","tag-politica","tag-sociedade"],"yoast_head":"<!-- This site is optimized with the Yoast SEO Premium plugin v27.4 (Yoast SEO v27.4) - https:\/\/yoast.com\/product\/yoast-seo-premium-wordpress\/ -->\n<title>Candidato do PS promete fatura\u00e7\u00e3o da \u00e1gua &quot;mais controlada e rigorosa&quot; e novas apostas nas freguesias<\/title>\n<meta name=\"robots\" content=\"index, follow, max-snippet:-1, max-image-preview:large, max-video-preview:-1\" \/>\n<link rel=\"canonical\" href=\"https:\/\/www.altominho.tv\/site\/2021\/09\/20\/candidato-do-ps-promete-faturacao-da-agua-mais-controlada-e-rigorosa-e-novas-apostas-nas-freguesias\/\" \/>\n<meta property=\"og:locale\" content=\"pt_PT\" \/>\n<meta property=\"og:type\" content=\"article\" \/>\n<meta property=\"og:title\" content=\"Candidato do PS promete fatura\u00e7\u00e3o da \u00e1gua &quot;mais controlada e rigorosa&quot; e novas apostas nas freguesias\" \/>\n<meta property=\"og:description\" content=\"O candidato \u00e0 C\u00e2mara de Paredes de Coura pelo PS, Vitor Paulo Pereira, disse este domingo que, caso seja novamente eleito presidente nas elei\u00e7\u00f5es do dia 26, um dos compromissos que assume com a popula\u00e7\u00e3o do concelho \u00e9 uma fatura\u00e7\u00e3o da \u00e1gua &#8220;mais controlada e rigorosa\u201d. \u201cO compromisso que temos com voc\u00eas \u00e9 que a [&hellip;]\" \/>\n<meta property=\"og:url\" content=\"https:\/\/www.altominho.tv\/site\/2021\/09\/20\/candidato-do-ps-promete-faturacao-da-agua-mais-controlada-e-rigorosa-e-novas-apostas-nas-freguesias\/\" \/>\n<meta property=\"og:site_name\" content=\"Altominho.tv\" \/>\n<meta property=\"article:publisher\" content=\"https:\/\/www.facebook.com\/altominhotv\" \/>\n<meta property=\"article:published_time\" content=\"2021-09-20T11:29:57+00:00\" \/>\n<meta property=\"article:modified_time\" content=\"2022-01-17T14:36:10+00:00\" \/>\n<meta property=\"og:image\" content=\"https:\/\/www.altominho.tv\/site\/wp-content\/uploads\/2021\/09\/242373930_126012333114067_2361408351585591620_n-e1632137122264.jpeg\" \/>\n\t<meta property=\"og:image:width\" content=\"960\" \/>\n\t<meta property=\"og:image:height\" content=\"612\" \/>\n\t<meta property=\"og:image:type\" content=\"image\/jpeg\" \/>\n<meta name=\"author\" content=\"Altominho.tv\" \/>\n<meta name=\"twitter:card\" content=\"summary_large_image\" \/>\n<meta name=\"twitter:creator\" content=\"@altominhoTV\" \/>\n<meta name=\"twitter:site\" content=\"@altominhoTV\" \/>\n<meta name=\"twitter:label1\" content=\"Escrito por\" \/>\n\t<meta name=\"twitter:data1\" content=\"Altominho.tv\" \/>\n\t<meta name=\"twitter:label2\" content=\"Tempo estimado de leitura\" \/>\n\t<meta name=\"twitter:data2\" content=\"2 minutos\" \/>\n<script type=\"application\/ld+json\" class=\"yoast-schema-graph\">{\"@context\":\"https:\\\/\\\/schema.org\",\"@graph\":[{\"@type\":\"Article\",\"@id\":\"https:\\\/\\\/www.altominho.tv\\\/site\\\/2021\\\/09\\\/20\\\/candidato-do-ps-promete-faturacao-da-agua-mais-controlada-e-rigorosa-e-novas-apostas-nas-freguesias\\\/#article\",\"isPartOf\":{\"@id\":\"https:\\\/\\\/www.altominho.tv\\\/site\\\/2021\\\/09\\\/20\\\/candidato-do-ps-promete-faturacao-da-agua-mais-controlada-e-rigorosa-e-novas-apostas-nas-freguesias\\\/\"},\"author\":{\"name\":\"Altominho.tv\",\"@id\":\"https:\\\/\\\/www.altominho.tv\\\/site\\\/#\\\/schema\\\/person\\\/4e536851627d7914baf3dac752b6af22\"},\"headline\":\"Candidato do PS promete fatura\u00e7\u00e3o da \u00e1gua &#8220;mais controlada e rigorosa&#8221; e novas apostas nas freguesias\",\"datePublished\":\"2021-09-20T11:29:57+00:00\",\"dateModified\":\"2022-01-17T14:36:10+00:00\",\"mainEntityOfPage\":{\"@id\":\"https:\\\/\\\/www.altominho.tv\\\/site\\\/2021\\\/09\\\/20\\\/candidato-do-ps-promete-faturacao-da-agua-mais-controlada-e-rigorosa-e-novas-apostas-nas-freguesias\\\/\"},\"wordCount\":417,\"image\":{\"@id\":\"https:\\\/\\\/www.altominho.tv\\\/site\\\/2021\\\/09\\\/20\\\/candidato-do-ps-promete-faturacao-da-agua-mais-controlada-e-rigorosa-e-novas-apostas-nas-freguesias\\\/#primaryimage\"},\"thumbnailUrl\":\"https:\\\/\\\/www.altominho.tv\\\/site\\\/wp-content\\\/uploads\\\/2021\\\/09\\\/242373930_126012333114067_2361408351585591620_n-e1632137122264.jpeg\",\"keywords\":[\"Pol\u00edtica\",\"Sociedade\"],\"articleSection\":[\"Paredes de Coura\"],\"inLanguage\":\"pt-PT\",\"copyrightYear\":\"2021\",\"copyrightHolder\":{\"@id\":\"https:\\\/\\\/www.altominho.tv\\\/site\\\/#organization\"}},{\"@type\":\"WebPage\",\"@id\":\"https:\\\/\\\/www.altominho.tv\\\/site\\\/2021\\\/09\\\/20\\\/candidato-do-ps-promete-faturacao-da-agua-mais-controlada-e-rigorosa-e-novas-apostas-nas-freguesias\\\/\",\"url\":\"https:\\\/\\\/www.altominho.tv\\\/site\\\/2021\\\/09\\\/20\\\/candidato-do-ps-promete-faturacao-da-agua-mais-controlada-e-rigorosa-e-novas-apostas-nas-freguesias\\\/\",\"name\":\"Candidato do PS promete fatura\u00e7\u00e3o da \u00e1gua \\\"mais controlada e rigorosa\\\" e novas apostas nas freguesias\",\"isPartOf\":{\"@id\":\"https:\\\/\\\/www.altominho.tv\\\/site\\\/#website\"},\"primaryImageOfPage\":{\"@id\":\"https:\\\/\\\/www.altominho.tv\\\/site\\\/2021\\\/09\\\/20\\\/candidato-do-ps-promete-faturacao-da-agua-mais-controlada-e-rigorosa-e-novas-apostas-nas-freguesias\\\/#primaryimage\"},\"image\":{\"@id\":\"https:\\\/\\\/www.altominho.tv\\\/site\\\/2021\\\/09\\\/20\\\/candidato-do-ps-promete-faturacao-da-agua-mais-controlada-e-rigorosa-e-novas-apostas-nas-freguesias\\\/#primaryimage\"},\"thumbnailUrl\":\"https:\\\/\\\/www.altominho.tv\\\/site\\\/wp-content\\\/uploads\\\/2021\\\/09\\\/242373930_126012333114067_2361408351585591620_n-e1632137122264.jpeg\",\"datePublished\":\"2021-09-20T11:29:57+00:00\",\"dateModified\":\"2022-01-17T14:36:10+00:00\",\"author\":{\"@id\":\"https:\\\/\\\/www.altominho.tv\\\/site\\\/#\\\/schema\\\/person\\\/4e536851627d7914baf3dac752b6af22\"},\"breadcrumb\":{\"@id\":\"https:\\\/\\\/www.altominho.tv\\\/site\\\/2021\\\/09\\\/20\\\/candidato-do-ps-promete-faturacao-da-agua-mais-controlada-e-rigorosa-e-novas-apostas-nas-freguesias\\\/#breadcrumb\"},\"inLanguage\":\"pt-PT\",\"potentialAction\":[{\"@type\":\"ReadAction\",\"target\":[\"https:\\\/\\\/www.altominho.tv\\\/site\\\/2021\\\/09\\\/20\\\/candidato-do-ps-promete-faturacao-da-agua-mais-controlada-e-rigorosa-e-novas-apostas-nas-freguesias\\\/\"]}]},{\"@type\":\"ImageObject\",\"inLanguage\":\"pt-PT\",\"@id\":\"https:\\\/\\\/www.altominho.tv\\\/site\\\/2021\\\/09\\\/20\\\/candidato-do-ps-promete-faturacao-da-agua-mais-controlada-e-rigorosa-e-novas-apostas-nas-freguesias\\\/#primaryimage\",\"url\":\"https:\\\/\\\/www.altominho.tv\\\/site\\\/wp-content\\\/uploads\\\/2021\\\/09\\\/242373930_126012333114067_2361408351585591620_n-e1632137122264.jpeg\",\"contentUrl\":\"https:\\\/\\\/www.altominho.tv\\\/site\\\/wp-content\\\/uploads\\\/2021\\\/09\\\/242373930_126012333114067_2361408351585591620_n-e1632137122264.jpeg\",\"width\":960,\"height\":612,\"caption\":\"FACEBOOK VITOR PAULO PEREIRA AUT\u00c1RQUICAS 2021\"},{\"@type\":\"BreadcrumbList\",\"@id\":\"https:\\\/\\\/www.altominho.tv\\\/site\\\/2021\\\/09\\\/20\\\/candidato-do-ps-promete-faturacao-da-agua-mais-controlada-e-rigorosa-e-novas-apostas-nas-freguesias\\\/#breadcrumb\",\"itemListElement\":[{\"@type\":\"ListItem\",\"position\":1,\"name\":\"In\u00edcio\",\"item\":\"https:\\\/\\\/www.altominho.tv\\\/site\\\/\"},{\"@type\":\"ListItem\",\"position\":2,\"name\":\"Candidato do PS promete fatura\u00e7\u00e3o da \u00e1gua &#8220;mais controlada e rigorosa&#8221; e novas apostas nas freguesias\"}]},{\"@type\":\"WebSite\",\"@id\":\"https:\\\/\\\/www.altominho.tv\\\/site\\\/#website\",\"url\":\"https:\\\/\\\/www.altominho.tv\\\/site\\\/\",\"name\":\"Altominho.tv\",\"description\":\"A sua regi\u00e3o \u00e0 dist\u00e2ncia de um clique...\",\"potentialAction\":[{\"@type\":\"SearchAction\",\"target\":{\"@type\":\"EntryPoint\",\"urlTemplate\":\"https:\\\/\\\/www.altominho.tv\\\/site\\\/?s={search_term_string}\"},\"query-input\":{\"@type\":\"PropertyValueSpecification\",\"valueRequired\":true,\"valueName\":\"search_term_string\"}}],\"inLanguage\":\"pt-PT\"},{\"@type\":\"Person\",\"@id\":\"https:\\\/\\\/www.altominho.tv\\\/site\\\/#\\\/schema\\\/person\\\/4e536851627d7914baf3dac752b6af22\",\"name\":\"Altominho.tv\",\"image\":{\"@type\":\"ImageObject\",\"inLanguage\":\"pt-PT\",\"@id\":\"https:\\\/\\\/www.altominho.tv\\\/site\\\/wp-content\\\/uploads\\\/2019\\\/11\\\/Logo_Avatar_2-150x150.jpg\",\"url\":\"https:\\\/\\\/www.altominho.tv\\\/site\\\/wp-content\\\/uploads\\\/2019\\\/11\\\/Logo_Avatar_2-150x150.jpg\",\"contentUrl\":\"https:\\\/\\\/www.altominho.tv\\\/site\\\/wp-content\\\/uploads\\\/2019\\\/11\\\/Logo_Avatar_2-150x150.jpg\",\"caption\":\"Altominho.tv\"},\"url\":\"https:\\\/\\\/www.altominho.tv\\\/site\\\/author\\\/altominhotv-tecnico\\\/\"}]}<\/script>\n<!-- \/ Yoast SEO Premium plugin. -->","yoast_head_json":{"title":"Candidato do PS promete fatura\u00e7\u00e3o da \u00e1gua \"mais controlada e rigorosa\" e novas apostas nas freguesias","robots":{"index":"index","follow":"follow","max-snippet":"max-snippet:-1","max-image-preview":"max-image-preview:large","max-video-preview":"max-video-preview:-1"},"canonical":"https:\/\/www.altominho.tv\/site\/2021\/09\/20\/candidato-do-ps-promete-faturacao-da-agua-mais-controlada-e-rigorosa-e-novas-apostas-nas-freguesias\/","og_locale":"pt_PT","og_type":"article","og_title":"Candidato do PS promete fatura\u00e7\u00e3o da \u00e1gua \"mais controlada e rigorosa\" e novas apostas nas freguesias","og_description":"O candidato \u00e0 C\u00e2mara de Paredes de Coura pelo PS, Vitor Paulo Pereira, disse este domingo que, caso seja novamente eleito presidente nas elei\u00e7\u00f5es do dia 26, um dos compromissos que assume com a popula\u00e7\u00e3o do concelho \u00e9 uma fatura\u00e7\u00e3o da \u00e1gua &#8220;mais controlada e rigorosa\u201d. \u201cO compromisso que temos com voc\u00eas \u00e9 que a [&hellip;]","og_url":"https:\/\/www.altominho.tv\/site\/2021\/09\/20\/candidato-do-ps-promete-faturacao-da-agua-mais-controlada-e-rigorosa-e-novas-apostas-nas-freguesias\/","og_site_name":"Altominho.tv","article_publisher":"https:\/\/www.facebook.com\/altominhotv","article_published_time":"2021-09-20T11:29:57+00:00","article_modified_time":"2022-01-17T14:36:10+00:00","og_image":[{"width":960,"height":612,"url":"https:\/\/www.altominho.tv\/site\/wp-content\/uploads\/2021\/09\/242373930_126012333114067_2361408351585591620_n-e1632137122264.jpeg","type":"image\/jpeg"}],"author":"Altominho.tv","twitter_card":"summary_large_image","twitter_creator":"@altominhoTV","twitter_site":"@altominhoTV","twitter_misc":{"Escrito por":"Altominho.tv","Tempo estimado de leitura":"2 minutos"},"schema":{"@context":"https:\/\/schema.org","@graph":[{"@type":"Article","@id":"https:\/\/www.altominho.tv\/site\/2021\/09\/20\/candidato-do-ps-promete-faturacao-da-agua-mais-controlada-e-rigorosa-e-novas-apostas-nas-freguesias\/#article","isPartOf":{"@id":"https:\/\/www.altominho.tv\/site\/2021\/09\/20\/candidato-do-ps-promete-faturacao-da-agua-mais-controlada-e-rigorosa-e-novas-apostas-nas-freguesias\/"},"author":{"name":"Altominho.tv","@id":"https:\/\/www.altominho.tv\/site\/#\/schema\/person\/4e536851627d7914baf3dac752b6af22"},"headline":"Candidato do PS promete fatura\u00e7\u00e3o da \u00e1gua &#8220;mais controlada e rigorosa&#8221; e novas apostas nas freguesias","datePublished":"2021-09-20T11:29:57+00:00","dateModified":"2022-01-17T14:36:10+00:00","mainEntityOfPage":{"@id":"https:\/\/www.altominho.tv\/site\/2021\/09\/20\/candidato-do-ps-promete-faturacao-da-agua-mais-controlada-e-rigorosa-e-novas-apostas-nas-freguesias\/"},"wordCount":417,"image":{"@id":"https:\/\/www.altominho.tv\/site\/2021\/09\/20\/candidato-do-ps-promete-faturacao-da-agua-mais-controlada-e-rigorosa-e-novas-apostas-nas-freguesias\/#primaryimage"},"thumbnailUrl":"https:\/\/www.altominho.tv\/site\/wp-content\/uploads\/2021\/09\/242373930_126012333114067_2361408351585591620_n-e1632137122264.jpeg","keywords":["Pol\u00edtica","Sociedade"],"articleSection":["Paredes de Coura"],"inLanguage":"pt-PT","copyrightYear":"2021","copyrightHolder":{"@id":"https:\/\/www.altominho.tv\/site\/#organization"}},{"@type":"WebPage","@id":"https:\/\/www.altominho.tv\/site\/2021\/09\/20\/candidato-do-ps-promete-faturacao-da-agua-mais-controlada-e-rigorosa-e-novas-apostas-nas-freguesias\/","url":"https:\/\/www.altominho.tv\/site\/2021\/09\/20\/candidato-do-ps-promete-faturacao-da-agua-mais-controlada-e-rigorosa-e-novas-apostas-nas-freguesias\/","name":"Candidato do PS promete fatura\u00e7\u00e3o da \u00e1gua \"mais controlada e rigorosa\" e novas apostas nas freguesias","isPartOf":{"@id":"https:\/\/www.altominho.tv\/site\/#website"},"primaryImageOfPage":{"@id":"https:\/\/www.altominho.tv\/site\/2021\/09\/20\/candidato-do-ps-promete-faturacao-da-agua-mais-controlada-e-rigorosa-e-novas-apostas-nas-freguesias\/#primaryimage"},"image":{"@id":"https:\/\/www.altominho.tv\/site\/2021\/09\/20\/candidato-do-ps-promete-faturacao-da-agua-mais-controlada-e-rigorosa-e-novas-apostas-nas-freguesias\/#primaryimage"},"thumbnailUrl":"https:\/\/www.altominho.tv\/site\/wp-content\/uploads\/2021\/09\/242373930_126012333114067_2361408351585591620_n-e1632137122264.jpeg","datePublished":"2021-09-20T11:29:57+00:00","dateModified":"2022-01-17T14:36:10+00:00","author":{"@id":"https:\/\/www.altominho.tv\/site\/#\/schema\/person\/4e536851627d7914baf3dac752b6af22"},"breadcrumb":{"@id":"https:\/\/www.altominho.tv\/site\/2021\/09\/20\/candidato-do-ps-promete-faturacao-da-agua-mais-controlada-e-rigorosa-e-novas-apostas-nas-freguesias\/#breadcrumb"},"inLanguage":"pt-PT","potentialAction":[{"@type":"ReadAction","target":["https:\/\/www.altominho.tv\/site\/2021\/09\/20\/candidato-do-ps-promete-faturacao-da-agua-mais-controlada-e-rigorosa-e-novas-apostas-nas-freguesias\/"]}]},{"@type":"ImageObject","inLanguage":"pt-PT","@id":"https:\/\/www.altominho.tv\/site\/2021\/09\/20\/candidato-do-ps-promete-faturacao-da-agua-mais-controlada-e-rigorosa-e-novas-apostas-nas-freguesias\/#primaryimage","url":"https:\/\/www.altominho.tv\/site\/wp-content\/uploads\/2021\/09\/242373930_126012333114067_2361408351585591620_n-e1632137122264.jpeg","contentUrl":"https:\/\/www.altominho.tv\/site\/wp-content\/uploads\/2021\/09\/242373930_126012333114067_2361408351585591620_n-e1632137122264.jpeg","width":960,"height":612,"caption":"FACEBOOK VITOR PAULO PEREIRA AUT\u00c1RQUICAS 2021"},{"@type":"BreadcrumbList","@id":"https:\/\/www.altominho.tv\/site\/2021\/09\/20\/candidato-do-ps-promete-faturacao-da-agua-mais-controlada-e-rigorosa-e-novas-apostas-nas-freguesias\/#breadcrumb","itemListElement":[{"@type":"ListItem","position":1,"name":"In\u00edcio","item":"https:\/\/www.altominho.tv\/site\/"},{"@type":"ListItem","position":2,"name":"Candidato do PS promete fatura\u00e7\u00e3o da \u00e1gua &#8220;mais controlada e rigorosa&#8221; e novas apostas nas freguesias"}]},{"@type":"WebSite","@id":"https:\/\/www.altominho.tv\/site\/#website","url":"https:\/\/www.altominho.tv\/site\/","name":"Altominho.tv","description":"A sua regi\u00e3o \u00e0 dist\u00e2ncia de um clique...","potentialAction":[{"@type":"SearchAction","target":{"@type":"EntryPoint","urlTemplate":"https:\/\/www.altominho.tv\/site\/?s={search_term_string}"},"query-input":{"@type":"PropertyValueSpecification","valueRequired":true,"valueName":"search_term_string"}}],"inLanguage":"pt-PT"},{"@type":"Person","@id":"https:\/\/www.altominho.tv\/site\/#\/schema\/person\/4e536851627d7914baf3dac752b6af22","name":"Altominho.tv","image":{"@type":"ImageObject","inLanguage":"pt-PT","@id":"https:\/\/www.altominho.tv\/site\/wp-content\/uploads\/2019\/11\/Logo_Avatar_2-150x150.jpg","url":"https:\/\/www.altominho.tv\/site\/wp-content\/uploads\/2019\/11\/Logo_Avatar_2-150x150.jpg","contentUrl":"https:\/\/www.altominho.tv\/site\/wp-content\/uploads\/2019\/11\/Logo_Avatar_2-150x150.jpg","caption":"Altominho.tv"},"url":"https:\/\/www.altominho.tv\/site\/author\/altominhotv-tecnico\/"}]}},"_links":{"self":[{"href":"https:\/\/www.altominho.tv\/site\/wp-json\/wp\/v2\/posts\/70148","targetHints":{"allow":["GET"]}}],"collection":[{"href":"https:\/\/www.altominho.tv\/site\/wp-json\/wp\/v2\/posts"}],"about":[{"href":"https:\/\/www.altominho.tv\/site\/wp-json\/wp\/v2\/types\/post"}],"author":[{"embeddable":true,"href":"https:\/\/www.altominho.tv\/site\/wp-json\/wp\/v2\/users\/1"}],"replies":[{"embeddable":true,"href":"https:\/\/www.altominho.tv\/site\/wp-json\/wp\/v2\/comments?post=70148"}],"version-history":[{"count":0,"href":"https:\/\/www.altominho.tv\/site\/wp-json\/wp\/v2\/posts\/70148\/revisions"}],"wp:featuredmedia":[{"embeddable":true,"href":"https:\/\/www.altominho.tv\/site\/wp-json\/wp\/v2\/media\/70149"}],"wp:attachment":[{"href":"https:\/\/www.altominho.tv\/site\/wp-json\/wp\/v2\/media?parent=70148"}],"wp:term":[{"taxonomy":"category","embeddable":true,"href":"https:\/\/www.altominho.tv\/site\/wp-json\/wp\/v2\/categories?post=70148"},{"taxonomy":"post_tag","embeddable":true,"href":"https:\/\/www.altominho.tv\/site\/wp-json\/wp\/v2\/tags?post=70148"}],"curies":[{"name":"wp","href":"https:\/\/api.w.org\/{rel}","templated":true}]}}