{"id":70081,"date":"2021-09-15T15:45:36","date_gmt":"2021-09-15T14:45:36","guid":{"rendered":"https:\/\/www.altominho.tv\/site\/?p=70081"},"modified":"2021-09-15T15:45:38","modified_gmt":"2021-09-15T14:45:38","slug":"incidencia-e-indice-de-transmissibilidade-voltam-a-descer-em-todo-o-pais","status":"publish","type":"post","link":"https:\/\/www.altominho.tv\/site\/2021\/09\/15\/incidencia-e-indice-de-transmissibilidade-voltam-a-descer-em-todo-o-pais\/","title":{"rendered":"Incid\u00eancia e \u00edndice de transmissibilidade voltam a descer em todo o pa\u00eds"},"content":{"rendered":"<p data-uw-styling-context=\"true\">A taxa de incid\u00eancia nacional de infe\u00e7\u00f5es com SARS-CoV-2 nos \u00faltimos 14 dias voltou hoje a baixar, de 208,3 para 191,1 casos por 100 mil habitantes, e o \u00edndice de transmissibilidade desceu para 0,84.<\/p>\n<p class=\"text-paragraph\" data-uw-styling-context=\"true\">J\u00e1 relativamente a Portugal continental, o boletim epidemiol\u00f3gico conjunto da Dire\u00e7\u00e3o-Geral da Sa\u00fade e do Instituto Nacional de Sa\u00fade Doutor Ricardo Jorge divulgado hoje revela que a taxa de incid\u00eancia (m\u00e9dia de novos casos por 100.000 habitantes nos \u00faltimos 14 dias) baixou de 214 para 196,1.<\/p>\n<p data-uw-styling-context=\"true\">O Rt &#8211; que estima o n\u00famero de casos secund\u00e1rios de infe\u00e7\u00e3o resultantes de uma pessoa portadora do v\u00edrus &#8211; est\u00e1 hoje em 0,84 a n\u00edvel nacional e em 0,83 em Portugal continental. Na segunda-feira estava em 0,85 a n\u00edvel nacional e 0,87 em Portugal continental.<\/p>\n<p data-uw-styling-context=\"true\">Em termos de n\u00fameros de casos, Portugal registou nas \u00faltimas 24 horas mais 1.247 casos de infe\u00e7\u00e3o pelo coronav\u00edrus SARS-CoV-2, 10 mortes atribu\u00eddas \u00e0 covid-19 e nova redu\u00e7\u00e3o nos internamentos em enfermaria.<\/p>\n<p class=\"text-paragraph\" data-uw-styling-context=\"true\">De acordo com o boletim epidemiol\u00f3gico da Dire\u00e7\u00e3o-Geral da Sa\u00fade est\u00e3o hoje internadas 527 pessoas com covid-19, menos 24 do que na segunda-feira, 119 das quais em unidades de cuidados intensivos, mais tr\u00eas nas \u00faltimas 24 horas.<\/p>\n<p class=\"text-paragraph\" data-uw-styling-context=\"true\">A \u00e1rea de Lisboa e Vale do Tejo, com 457 novos casos, e a regi\u00e3o Norte, com 380, t\u00eam 67,1% do total das novas infe\u00e7\u00f5es verificadas nas \u00faltimas 24 horas.<\/p>\n<p class=\"text-paragraph\" data-uw-styling-context=\"true\">As mortes ocorreram na regi\u00e3o de Lisboa e Vale do Tejo (2), na regi\u00e3o Norte (4), na regi\u00e3o Centro (2), no Alentejo (1) e no Algarve (1).<\/p>\n","protected":false},"excerpt":{"rendered":"<p>A taxa de incid\u00eancia nacional de infe\u00e7\u00f5es com SARS-CoV-2 nos \u00faltimos 14 dias voltou hoje a baixar, de 208,3 para 191,1 casos por 100 mil habitantes, e o \u00edndice de transmissibilidade desceu para 0,84. J\u00e1 relativamente a Portugal continental, o boletim epidemiol\u00f3gico conjunto da Dire\u00e7\u00e3o-Geral da Sa\u00fade e do Instituto Nacional de Sa\u00fade Doutor Ricardo [&hellip;]<\/p>\n","protected":false},"author":13,"featured_media":69358,"comment_status":"closed","ping_status":"closed","sticky":false,"template":"","format":"standard","meta":{"_exactmetrics_skip_tracking":false,"_exactmetrics_sitenote_active":false,"_exactmetrics_sitenote_note":"","_exactmetrics_sitenote_category":0,"footnotes":""},"categories":[42722],"tags":[26,27],"class_list":["post-70081","post","type-post","status-publish","format-standard","has-post-thumbnail","hentry","category-covid-19","tag-saude","tag-sociedade"],"yoast_head":"<!-- This site is optimized with the Yoast SEO Premium plugin v27.5 (Yoast SEO v27.5) - https:\/\/yoast.com\/product\/yoast-seo-premium-wordpress\/ -->\n<title>Incid\u00eancia e \u00edndice de transmissibilidade voltam a descer em todo o pa\u00eds<\/title>\n<meta name=\"robots\" content=\"index, follow, max-snippet:-1, max-image-preview:large, max-video-preview:-1\" \/>\n<link rel=\"canonical\" href=\"https:\/\/www.altominho.tv\/site\/2021\/09\/15\/incidencia-e-indice-de-transmissibilidade-voltam-a-descer-em-todo-o-pais\/\" \/>\n<meta property=\"og:locale\" content=\"pt_PT\" \/>\n<meta property=\"og:type\" content=\"article\" \/>\n<meta property=\"og:title\" content=\"Incid\u00eancia e \u00edndice de transmissibilidade voltam a descer em todo o pa\u00eds\" \/>\n<meta property=\"og:description\" content=\"A taxa de incid\u00eancia nacional de infe\u00e7\u00f5es com SARS-CoV-2 nos \u00faltimos 14 dias voltou hoje a baixar, de 208,3 para 191,1 casos por 100 mil habitantes, e o \u00edndice de transmissibilidade desceu para 0,84. J\u00e1 relativamente a Portugal continental, o boletim epidemiol\u00f3gico conjunto da Dire\u00e7\u00e3o-Geral da Sa\u00fade e do Instituto Nacional de Sa\u00fade Doutor Ricardo [&hellip;]\" \/>\n<meta property=\"og:url\" content=\"https:\/\/www.altominho.tv\/site\/2021\/09\/15\/incidencia-e-indice-de-transmissibilidade-voltam-a-descer-em-todo-o-pais\/\" \/>\n<meta property=\"og:site_name\" content=\"Altominho.tv\" \/>\n<meta property=\"article:publisher\" content=\"https:\/\/www.facebook.com\/altominhotv\" \/>\n<meta property=\"article:published_time\" content=\"2021-09-15T14:45:36+00:00\" \/>\n<meta property=\"article:modified_time\" content=\"2021-09-15T14:45:38+00:00\" \/>\n<meta property=\"og:image\" content=\"https:\/\/www.altominho.tv\/site\/wp-content\/uploads\/2021\/08\/testes_despite_covid-19_affidea1.jpeg\" \/>\n\t<meta property=\"og:image:width\" content=\"1000\" \/>\n\t<meta property=\"og:image:height\" content=\"574\" \/>\n\t<meta property=\"og:image:type\" content=\"image\/jpeg\" \/>\n<meta name=\"author\" content=\"Lusa\" \/>\n<meta name=\"twitter:card\" content=\"summary_large_image\" \/>\n<meta name=\"twitter:creator\" content=\"@altominhoTV\" \/>\n<meta name=\"twitter:site\" content=\"@altominhoTV\" \/>\n<meta name=\"twitter:label1\" content=\"Escrito por\" \/>\n\t<meta name=\"twitter:data1\" content=\"Lusa\" \/>\n\t<meta name=\"twitter:label2\" content=\"Tempo estimado de leitura\" \/>\n\t<meta name=\"twitter:data2\" content=\"2 minutos\" \/>\n<script type=\"application\/ld+json\" class=\"yoast-schema-graph\">{\"@context\":\"https:\\\/\\\/schema.org\",\"@graph\":[{\"@type\":\"Article\",\"@id\":\"https:\\\/\\\/www.altominho.tv\\\/site\\\/2021\\\/09\\\/15\\\/incidencia-e-indice-de-transmissibilidade-voltam-a-descer-em-todo-o-pais\\\/#article\",\"isPartOf\":{\"@id\":\"https:\\\/\\\/www.altominho.tv\\\/site\\\/2021\\\/09\\\/15\\\/incidencia-e-indice-de-transmissibilidade-voltam-a-descer-em-todo-o-pais\\\/\"},\"author\":{\"name\":\"Lusa\",\"@id\":\"https:\\\/\\\/www.altominho.tv\\\/site\\\/#\\\/schema\\\/person\\\/63f693da3e1899361cbe955c46f3232e\"},\"headline\":\"Incid\u00eancia e \u00edndice de transmissibilidade voltam a descer em todo o pa\u00eds\",\"datePublished\":\"2021-09-15T14:45:36+00:00\",\"dateModified\":\"2021-09-15T14:45:38+00:00\",\"mainEntityOfPage\":{\"@id\":\"https:\\\/\\\/www.altominho.tv\\\/site\\\/2021\\\/09\\\/15\\\/incidencia-e-indice-de-transmissibilidade-voltam-a-descer-em-todo-o-pais\\\/\"},\"wordCount\":266,\"image\":{\"@id\":\"https:\\\/\\\/www.altominho.tv\\\/site\\\/2021\\\/09\\\/15\\\/incidencia-e-indice-de-transmissibilidade-voltam-a-descer-em-todo-o-pais\\\/#primaryimage\"},\"thumbnailUrl\":\"https:\\\/\\\/www.altominho.tv\\\/site\\\/wp-content\\\/uploads\\\/2021\\\/08\\\/testes_despite_covid-19_affidea1.jpeg\",\"keywords\":[\"Sa\u00fade\",\"Sociedade\"],\"articleSection\":[\"Coronav\u00edrus\"],\"inLanguage\":\"pt-PT\",\"copyrightYear\":\"2021\",\"copyrightHolder\":{\"@id\":\"https:\\\/\\\/www.altominho.tv\\\/site\\\/#organization\"}},{\"@type\":\"WebPage\",\"@id\":\"https:\\\/\\\/www.altominho.tv\\\/site\\\/2021\\\/09\\\/15\\\/incidencia-e-indice-de-transmissibilidade-voltam-a-descer-em-todo-o-pais\\\/\",\"url\":\"https:\\\/\\\/www.altominho.tv\\\/site\\\/2021\\\/09\\\/15\\\/incidencia-e-indice-de-transmissibilidade-voltam-a-descer-em-todo-o-pais\\\/\",\"name\":\"Incid\u00eancia e \u00edndice de transmissibilidade voltam a descer em todo o pa\u00eds\",\"isPartOf\":{\"@id\":\"https:\\\/\\\/www.altominho.tv\\\/site\\\/#website\"},\"primaryImageOfPage\":{\"@id\":\"https:\\\/\\\/www.altominho.tv\\\/site\\\/2021\\\/09\\\/15\\\/incidencia-e-indice-de-transmissibilidade-voltam-a-descer-em-todo-o-pais\\\/#primaryimage\"},\"image\":{\"@id\":\"https:\\\/\\\/www.altominho.tv\\\/site\\\/2021\\\/09\\\/15\\\/incidencia-e-indice-de-transmissibilidade-voltam-a-descer-em-todo-o-pais\\\/#primaryimage\"},\"thumbnailUrl\":\"https:\\\/\\\/www.altominho.tv\\\/site\\\/wp-content\\\/uploads\\\/2021\\\/08\\\/testes_despite_covid-19_affidea1.jpeg\",\"datePublished\":\"2021-09-15T14:45:36+00:00\",\"dateModified\":\"2021-09-15T14:45:38+00:00\",\"author\":{\"@id\":\"https:\\\/\\\/www.altominho.tv\\\/site\\\/#\\\/schema\\\/person\\\/63f693da3e1899361cbe955c46f3232e\"},\"breadcrumb\":{\"@id\":\"https:\\\/\\\/www.altominho.tv\\\/site\\\/2021\\\/09\\\/15\\\/incidencia-e-indice-de-transmissibilidade-voltam-a-descer-em-todo-o-pais\\\/#breadcrumb\"},\"inLanguage\":\"pt-PT\",\"potentialAction\":[{\"@type\":\"ReadAction\",\"target\":[\"https:\\\/\\\/www.altominho.tv\\\/site\\\/2021\\\/09\\\/15\\\/incidencia-e-indice-de-transmissibilidade-voltam-a-descer-em-todo-o-pais\\\/\"]}]},{\"@type\":\"ImageObject\",\"inLanguage\":\"pt-PT\",\"@id\":\"https:\\\/\\\/www.altominho.tv\\\/site\\\/2021\\\/09\\\/15\\\/incidencia-e-indice-de-transmissibilidade-voltam-a-descer-em-todo-o-pais\\\/#primaryimage\",\"url\":\"https:\\\/\\\/www.altominho.tv\\\/site\\\/wp-content\\\/uploads\\\/2021\\\/08\\\/testes_despite_covid-19_affidea1.jpeg\",\"contentUrl\":\"https:\\\/\\\/www.altominho.tv\\\/site\\\/wp-content\\\/uploads\\\/2021\\\/08\\\/testes_despite_covid-19_affidea1.jpeg\",\"width\":1000,\"height\":574},{\"@type\":\"BreadcrumbList\",\"@id\":\"https:\\\/\\\/www.altominho.tv\\\/site\\\/2021\\\/09\\\/15\\\/incidencia-e-indice-de-transmissibilidade-voltam-a-descer-em-todo-o-pais\\\/#breadcrumb\",\"itemListElement\":[{\"@type\":\"ListItem\",\"position\":1,\"name\":\"In\u00edcio\",\"item\":\"https:\\\/\\\/www.altominho.tv\\\/site\\\/\"},{\"@type\":\"ListItem\",\"position\":2,\"name\":\"Incid\u00eancia e \u00edndice de transmissibilidade voltam a descer em todo o pa\u00eds\"}]},{\"@type\":\"WebSite\",\"@id\":\"https:\\\/\\\/www.altominho.tv\\\/site\\\/#website\",\"url\":\"https:\\\/\\\/www.altominho.tv\\\/site\\\/\",\"name\":\"Altominho.tv\",\"description\":\"A sua regi\u00e3o \u00e0 dist\u00e2ncia de um clique...\",\"potentialAction\":[{\"@type\":\"SearchAction\",\"target\":{\"@type\":\"EntryPoint\",\"urlTemplate\":\"https:\\\/\\\/www.altominho.tv\\\/site\\\/?s={search_term_string}\"},\"query-input\":{\"@type\":\"PropertyValueSpecification\",\"valueRequired\":true,\"valueName\":\"search_term_string\"}}],\"inLanguage\":\"pt-PT\"},{\"@type\":\"Person\",\"@id\":\"https:\\\/\\\/www.altominho.tv\\\/site\\\/#\\\/schema\\\/person\\\/63f693da3e1899361cbe955c46f3232e\",\"name\":\"Lusa\",\"image\":{\"@type\":\"ImageObject\",\"inLanguage\":\"pt-PT\",\"@id\":\"https:\\\/\\\/www.altominho.tv\\\/site\\\/wp-content\\\/uploads\\\/2019\\\/08\\\/LUSA_Logo.gif\",\"url\":\"https:\\\/\\\/www.altominho.tv\\\/site\\\/wp-content\\\/uploads\\\/2019\\\/08\\\/LUSA_Logo.gif\",\"contentUrl\":\"https:\\\/\\\/www.altominho.tv\\\/site\\\/wp-content\\\/uploads\\\/2019\\\/08\\\/LUSA_Logo.gif\",\"caption\":\"Lusa\"},\"sameAs\":[\"http:\\\/\\\/\\\/\\\/www.altominho.tv\\\/site\"],\"url\":\"https:\\\/\\\/www.altominho.tv\\\/site\\\/author\\\/lusa\\\/\"}]}<\/script>\n<!-- \/ Yoast SEO Premium plugin. -->","yoast_head_json":{"title":"Incid\u00eancia e \u00edndice de transmissibilidade voltam a descer em todo o pa\u00eds","robots":{"index":"index","follow":"follow","max-snippet":"max-snippet:-1","max-image-preview":"max-image-preview:large","max-video-preview":"max-video-preview:-1"},"canonical":"https:\/\/www.altominho.tv\/site\/2021\/09\/15\/incidencia-e-indice-de-transmissibilidade-voltam-a-descer-em-todo-o-pais\/","og_locale":"pt_PT","og_type":"article","og_title":"Incid\u00eancia e \u00edndice de transmissibilidade voltam a descer em todo o pa\u00eds","og_description":"A taxa de incid\u00eancia nacional de infe\u00e7\u00f5es com SARS-CoV-2 nos \u00faltimos 14 dias voltou hoje a baixar, de 208,3 para 191,1 casos por 100 mil habitantes, e o \u00edndice de transmissibilidade desceu para 0,84. J\u00e1 relativamente a Portugal continental, o boletim epidemiol\u00f3gico conjunto da Dire\u00e7\u00e3o-Geral da Sa\u00fade e do Instituto Nacional de Sa\u00fade Doutor Ricardo [&hellip;]","og_url":"https:\/\/www.altominho.tv\/site\/2021\/09\/15\/incidencia-e-indice-de-transmissibilidade-voltam-a-descer-em-todo-o-pais\/","og_site_name":"Altominho.tv","article_publisher":"https:\/\/www.facebook.com\/altominhotv","article_published_time":"2021-09-15T14:45:36+00:00","article_modified_time":"2021-09-15T14:45:38+00:00","og_image":[{"width":1000,"height":574,"url":"https:\/\/www.altominho.tv\/site\/wp-content\/uploads\/2021\/08\/testes_despite_covid-19_affidea1.jpeg","type":"image\/jpeg"}],"author":"Lusa","twitter_card":"summary_large_image","twitter_creator":"@altominhoTV","twitter_site":"@altominhoTV","twitter_misc":{"Escrito por":"Lusa","Tempo estimado de leitura":"2 minutos"},"schema":{"@context":"https:\/\/schema.org","@graph":[{"@type":"Article","@id":"https:\/\/www.altominho.tv\/site\/2021\/09\/15\/incidencia-e-indice-de-transmissibilidade-voltam-a-descer-em-todo-o-pais\/#article","isPartOf":{"@id":"https:\/\/www.altominho.tv\/site\/2021\/09\/15\/incidencia-e-indice-de-transmissibilidade-voltam-a-descer-em-todo-o-pais\/"},"author":{"name":"Lusa","@id":"https:\/\/www.altominho.tv\/site\/#\/schema\/person\/63f693da3e1899361cbe955c46f3232e"},"headline":"Incid\u00eancia e \u00edndice de transmissibilidade voltam a descer em todo o pa\u00eds","datePublished":"2021-09-15T14:45:36+00:00","dateModified":"2021-09-15T14:45:38+00:00","mainEntityOfPage":{"@id":"https:\/\/www.altominho.tv\/site\/2021\/09\/15\/incidencia-e-indice-de-transmissibilidade-voltam-a-descer-em-todo-o-pais\/"},"wordCount":266,"image":{"@id":"https:\/\/www.altominho.tv\/site\/2021\/09\/15\/incidencia-e-indice-de-transmissibilidade-voltam-a-descer-em-todo-o-pais\/#primaryimage"},"thumbnailUrl":"https:\/\/www.altominho.tv\/site\/wp-content\/uploads\/2021\/08\/testes_despite_covid-19_affidea1.jpeg","keywords":["Sa\u00fade","Sociedade"],"articleSection":["Coronav\u00edrus"],"inLanguage":"pt-PT","copyrightYear":"2021","copyrightHolder":{"@id":"https:\/\/www.altominho.tv\/site\/#organization"}},{"@type":"WebPage","@id":"https:\/\/www.altominho.tv\/site\/2021\/09\/15\/incidencia-e-indice-de-transmissibilidade-voltam-a-descer-em-todo-o-pais\/","url":"https:\/\/www.altominho.tv\/site\/2021\/09\/15\/incidencia-e-indice-de-transmissibilidade-voltam-a-descer-em-todo-o-pais\/","name":"Incid\u00eancia e \u00edndice de transmissibilidade voltam a descer em todo o pa\u00eds","isPartOf":{"@id":"https:\/\/www.altominho.tv\/site\/#website"},"primaryImageOfPage":{"@id":"https:\/\/www.altominho.tv\/site\/2021\/09\/15\/incidencia-e-indice-de-transmissibilidade-voltam-a-descer-em-todo-o-pais\/#primaryimage"},"image":{"@id":"https:\/\/www.altominho.tv\/site\/2021\/09\/15\/incidencia-e-indice-de-transmissibilidade-voltam-a-descer-em-todo-o-pais\/#primaryimage"},"thumbnailUrl":"https:\/\/www.altominho.tv\/site\/wp-content\/uploads\/2021\/08\/testes_despite_covid-19_affidea1.jpeg","datePublished":"2021-09-15T14:45:36+00:00","dateModified":"2021-09-15T14:45:38+00:00","author":{"@id":"https:\/\/www.altominho.tv\/site\/#\/schema\/person\/63f693da3e1899361cbe955c46f3232e"},"breadcrumb":{"@id":"https:\/\/www.altominho.tv\/site\/2021\/09\/15\/incidencia-e-indice-de-transmissibilidade-voltam-a-descer-em-todo-o-pais\/#breadcrumb"},"inLanguage":"pt-PT","potentialAction":[{"@type":"ReadAction","target":["https:\/\/www.altominho.tv\/site\/2021\/09\/15\/incidencia-e-indice-de-transmissibilidade-voltam-a-descer-em-todo-o-pais\/"]}]},{"@type":"ImageObject","inLanguage":"pt-PT","@id":"https:\/\/www.altominho.tv\/site\/2021\/09\/15\/incidencia-e-indice-de-transmissibilidade-voltam-a-descer-em-todo-o-pais\/#primaryimage","url":"https:\/\/www.altominho.tv\/site\/wp-content\/uploads\/2021\/08\/testes_despite_covid-19_affidea1.jpeg","contentUrl":"https:\/\/www.altominho.tv\/site\/wp-content\/uploads\/2021\/08\/testes_despite_covid-19_affidea1.jpeg","width":1000,"height":574},{"@type":"BreadcrumbList","@id":"https:\/\/www.altominho.tv\/site\/2021\/09\/15\/incidencia-e-indice-de-transmissibilidade-voltam-a-descer-em-todo-o-pais\/#breadcrumb","itemListElement":[{"@type":"ListItem","position":1,"name":"In\u00edcio","item":"https:\/\/www.altominho.tv\/site\/"},{"@type":"ListItem","position":2,"name":"Incid\u00eancia e \u00edndice de transmissibilidade voltam a descer em todo o pa\u00eds"}]},{"@type":"WebSite","@id":"https:\/\/www.altominho.tv\/site\/#website","url":"https:\/\/www.altominho.tv\/site\/","name":"Altominho.tv","description":"A sua regi\u00e3o \u00e0 dist\u00e2ncia de um clique...","potentialAction":[{"@type":"SearchAction","target":{"@type":"EntryPoint","urlTemplate":"https:\/\/www.altominho.tv\/site\/?s={search_term_string}"},"query-input":{"@type":"PropertyValueSpecification","valueRequired":true,"valueName":"search_term_string"}}],"inLanguage":"pt-PT"},{"@type":"Person","@id":"https:\/\/www.altominho.tv\/site\/#\/schema\/person\/63f693da3e1899361cbe955c46f3232e","name":"Lusa","image":{"@type":"ImageObject","inLanguage":"pt-PT","@id":"https:\/\/www.altominho.tv\/site\/wp-content\/uploads\/2019\/08\/LUSA_Logo.gif","url":"https:\/\/www.altominho.tv\/site\/wp-content\/uploads\/2019\/08\/LUSA_Logo.gif","contentUrl":"https:\/\/www.altominho.tv\/site\/wp-content\/uploads\/2019\/08\/LUSA_Logo.gif","caption":"Lusa"},"sameAs":["http:\/\/\/\/www.altominho.tv\/site"],"url":"https:\/\/www.altominho.tv\/site\/author\/lusa\/"}]}},"_links":{"self":[{"href":"https:\/\/www.altominho.tv\/site\/wp-json\/wp\/v2\/posts\/70081","targetHints":{"allow":["GET"]}}],"collection":[{"href":"https:\/\/www.altominho.tv\/site\/wp-json\/wp\/v2\/posts"}],"about":[{"href":"https:\/\/www.altominho.tv\/site\/wp-json\/wp\/v2\/types\/post"}],"author":[{"embeddable":true,"href":"https:\/\/www.altominho.tv\/site\/wp-json\/wp\/v2\/users\/13"}],"replies":[{"embeddable":true,"href":"https:\/\/www.altominho.tv\/site\/wp-json\/wp\/v2\/comments?post=70081"}],"version-history":[{"count":0,"href":"https:\/\/www.altominho.tv\/site\/wp-json\/wp\/v2\/posts\/70081\/revisions"}],"wp:featuredmedia":[{"embeddable":true,"href":"https:\/\/www.altominho.tv\/site\/wp-json\/wp\/v2\/media\/69358"}],"wp:attachment":[{"href":"https:\/\/www.altominho.tv\/site\/wp-json\/wp\/v2\/media?parent=70081"}],"wp:term":[{"taxonomy":"category","embeddable":true,"href":"https:\/\/www.altominho.tv\/site\/wp-json\/wp\/v2\/categories?post=70081"},{"taxonomy":"post_tag","embeddable":true,"href":"https:\/\/www.altominho.tv\/site\/wp-json\/wp\/v2\/tags?post=70081"}],"curies":[{"name":"wp","href":"https:\/\/api.w.org\/{rel}","templated":true}]}}