{"id":70035,"date":"2021-09-13T10:57:42","date_gmt":"2021-09-13T09:57:42","guid":{"rendered":"https:\/\/www.altominho.tv\/site\/?p=70035"},"modified":"2021-09-13T10:57:46","modified_gmt":"2021-09-13T09:57:46","slug":"mascara-na-rua-deixa-hoje-de-ser-obrigatoria-mas-e-recomendada-em-algumas-situacoes","status":"publish","type":"post","link":"https:\/\/www.altominho.tv\/site\/2021\/09\/13\/mascara-na-rua-deixa-hoje-de-ser-obrigatoria-mas-e-recomendada-em-algumas-situacoes\/","title":{"rendered":"M\u00e1scara na rua deixa hoje de ser obrigat\u00f3ria, mas \u00e9 recomendada em algumas situa\u00e7\u00f5es"},"content":{"rendered":"\n<p>O uso de m\u00e1scara no exterior deixa hoje de ser obrigat\u00f3rio, mas a Dire\u00e7\u00e3o-Geral da Sa\u00fade (DGS) recomenda o seu uso em algumas situa\u00e7\u00f5es, como aglomera\u00e7\u00f5es, quando n\u00e3o \u00e9 poss\u00edvel manter a dist\u00e2ncia f\u00edsica e por pessoas vulner\u00e1veis.<\/p>\n\n\n\n<p>Esta obriga\u00e7\u00e3o durou, no total, 318 dias, desde a aprova\u00e7\u00e3o da lei, em 28 de outubro de 2020, em plena pandemia de covid-19, e foi sendo sucessivamente renovada pelo parlamento, o que n\u00e3o acontecer\u00e1 agora.<\/p>\n\n\n\n<p>Numa orienta\u00e7\u00e3o divulgada hoje sobre a utiliza\u00e7\u00e3o da m\u00e1scara, que passa a ser facultativa no exterior e recomendada em algumas situa\u00e7\u00f5es, para prevenir a covid-19, a DGS aconselha o seu uso &#8220;quando \u00e9 previs\u00edvel a ocorr\u00eancia de aglomerados populacionais ou sempre que n\u00e3o seja poss\u00edvel manter o distanciamento f\u00edsico recomendado&#8221;.<\/p>\n\n\n\n<p>A DGS recomenda ainda a sua utiliza\u00e7\u00e3o na rua por &#8220;pessoas mais vulner\u00e1veis&#8221;, nomeadamente &#8220;com doen\u00e7as cr\u00f3nicas ou estados de imunossupress\u00e3o com risco acrescido para covid-19 grave&#8221;, sempre que &#8220;circulem fora do local de resid\u00eancia ou perman\u00eancia habitual&#8221;.<\/p>\n\n\n\n<p>Na orienta\u00e7\u00e3o, a DGS reitera que o uso de m\u00e1scara &#8220;\u00e9 uma medida eficaz na preven\u00e7\u00e3o da transmiss\u00e3o de SARS-CoV-2&#8221;, frisando que, apesar do fim da obrigatoriedade da sua utiliza\u00e7\u00e3o no exterior, o porte desta &#8220;continua a ser uma importante medida de conten\u00e7\u00e3o da infe\u00e7\u00e3o, sobretudo em ambientes e popula\u00e7\u00f5es com maior risco&#8221;.<\/p>\n\n\n\n<p>O uso da m\u00e1scara continuar\u00e1 a ser obrigat\u00f3rio &#8220;nos estabelecimentos de educa\u00e7\u00e3o, ensino e creches&#8221;, em &#8220;espa\u00e7os e estabelecimentos comerciais e de presta\u00e7\u00e3o de servi\u00e7os&#8221;, nos &#8220;edif\u00edcios p\u00fablicos ou de uso p\u00fablico&#8221;, nas &#8220;salas de espet\u00e1culos, cinemas ou similares&#8221;, nos &#8220;transportes coletivos de passageiros&#8221; e &#8220;em locais de trabalho, sempre que n\u00e3o seja poss\u00edvel o distanciamento f\u00edsico&#8221;.<\/p>\n\n\n\n<p>O porte da m\u00e1scara vai continuar a ser obrigat\u00f3rio tamb\u00e9m nos &#8220;estabelecimentos residenciais para pessoas idosas (ERPI), unidades da Rede Nacional de Cuidados Continuados Integrados (RNCCI) e outras estruturas e respostas residenciais para crian\u00e7as, jovens e pessoas com defici\u00eancia, requerentes e benefici\u00e1rios de prote\u00e7\u00e3o internacional e acolhimento de v\u00edtimas de viol\u00eancia dom\u00e9stica e tr\u00e1fico de seres humanos&#8221;.&nbsp;<\/p>\n\n\n\n<p>\u00c9 ainda obrigat\u00f3rio o uso de m\u00e1scara por pessoas &#8220;com infe\u00e7\u00e3o por SARS-CoV-2 ou com sintomas sugestivos&#8221; da doen\u00e7a e por pessoas consideradas &#8220;contacto de um caso confirmado de covid-19&#8221;, exceto quando se encontrarem sozinhas &#8220;no seu local de isolamento&#8221;.<\/p>\n\n\n\n<p>O fim do uso obrigat\u00f3rio de m\u00e1scaras em espa\u00e7os p\u00fablicos exteriores acontece no dia em que caduca o \u00faltimo diploma aprovado pelo parlamento e promulgado pelo Presidente da Rep\u00fablica, em 11 de junho, por um per\u00edodo de 90 dias, n\u00e3o tendo a Assembleia da Rep\u00fablica proposto a sua renova\u00e7\u00e3o.<\/p>\n\n\n\n<p>A Dire\u00e7\u00e3o-Geral da Sa\u00fade j\u00e1 tinha avan\u00e7ado \u00e0 Lusa que estava a rever a orienta\u00e7\u00e3o relativa \u00e0 utiliza\u00e7\u00e3o de m\u00e1scaras, que passam a ser facultativas no exterior e recomendadas em algumas situa\u00e7\u00f5es, salientando que, em \u201csitua\u00e7\u00f5es especiais, nomeadamente aglomerados previs\u00edveis ou potenciais de pessoas, contextos espec\u00edficos e situa\u00e7\u00f5es cl\u00ednicas particulares\u201d, a m\u00e1scara iria ser recomendada.<\/p>\n\n\n\n<p>Numa audi\u00e7\u00e3o na quarta-feira, no parlamento, a pedido do PSD, sobre a obrigatoriedade das m\u00e1scaras, a diretora-geral da Sa\u00fade, Gra\u00e7a Freitas, apontou como exce\u00e7\u00f5es para a continua\u00e7\u00e3o do uso de m\u00e1scara o recreio nas escolas, assim como em aglomerados populacionais e em eventos em espa\u00e7os exteriores.<\/p>\n\n\n\n<p>\u201cA transmiss\u00e3o indireta do v\u00edrus \u00e9 por acumula\u00e7\u00e3o de aeross\u00f3is e obviamente essa via \u00e9 muito menos eficaz no exterior do que no interior. De qualquer maneira, a recomenda\u00e7\u00e3o vai no sentido de que, em aglomerados e em contextos especiais\u201d, a m\u00e1scara deve ser utilizada, avan\u00e7ou Gra\u00e7a Freitas na audi\u00e7\u00e3o na Comiss\u00e3o Eventual para o acompanhamento da aplica\u00e7\u00e3o das medidas de resposta \u00e0 pandemia da doen\u00e7a covid-19.<\/p>\n\n\n\n<p>Na orienta\u00e7\u00e3o divulgada hoje, a DGS confirma que, &#8220;no caso dos estabelecimentos de educa\u00e7\u00e3o e ensino&#8221;, a m\u00e1scara &#8220;\u00e9 fortemente recomendada nas crian\u00e7as com idade entre 6 e 10 anos, ou por alunos do 1.\u00ba ciclo, independentemente da idade&#8221;, desde que as crian\u00e7as &#8220;tenham &#8216;treino no uso&#8217; e utilizem as m\u00e1scaras de forma correta&#8221; e &#8220;seja garantida a supervis\u00e3o por um adulto&#8221;, n\u00e3o sendo aconselhada a sua utiliza\u00e7\u00e3o por crian\u00e7as &#8220;com 5 ou menos anos&#8221;.&nbsp;<\/p>\n\n\n\n<p>A Dire\u00e7\u00e3o-Geral da Sa\u00fade faz recomenda\u00e7\u00f5es sobre o uso de m\u00e1scara e cabe \u00e0 Assembleia da Rep\u00fablica determinar o seu uso obrigat\u00f3rio.<\/p>\n\n\n\n<p>Por sua vez, a Associa\u00e7\u00e3o de M\u00e9dicos de Sa\u00fade P\u00fablica (ANMSP) defendeu a continuidade do uso de m\u00e1scara para prevenir a covid-19 e a gripe, e haver um inverno \u201cmais controlado\u201d, permitindo ao SNS retomar o atraso na atividade assistencial.<\/p>\n\n\n\n<p>\u201cA Associa\u00e7\u00e3o Nacional de M\u00e9dicos de Sa\u00fade P\u00fablica continua a sugerir que, especialmente nesta fase de inverno em que vamos entrar, a m\u00e1scara continue a ser um equipamento de prote\u00e7\u00e3o individual utilizado por todos ou quase todos de maneira a que nos possamos proteger, n\u00e3o s\u00f3 da covid-19, mas tamb\u00e9m da gripe\u201d, defendeu o presidente em exerc\u00edcio da ANMSP, Gustavo Tato Borges, em declara\u00e7\u00f5es \u00e0 Lusa.<\/p>\n\n\n\n<p>A covid-19 provocou pelo menos 4.622.410 mortes em todo o mundo, entre mais de 224,2 milh\u00f5es de infe\u00e7\u00f5es pelo novo coronav\u00edrus registadas desde o in\u00edcio da pandemia, segundo o mais recente balan\u00e7o da ag\u00eancia France-Presse.<\/p>\n\n\n\n<p>Em Portugal, desde mar\u00e7o de 2020, morreram 17.861 pessoas e foram contabilizados 1.055.584 casos de infe\u00e7\u00e3o confirmados, segundo dados da Dire\u00e7\u00e3o-Geral da Sa\u00fade.<\/p>\n\n\n\n<p>A doen\u00e7a respirat\u00f3ria \u00e9 provocada pelo coronav\u00edrus SARS-CoV-2, detetado no final de 2019 em Wuhan, cidade do centro da China, e atualmente com variantes identificadas em pa\u00edses como o Reino Unido, \u00cdndia, \u00c1frica do Sul, Brasil ou Peru.<\/p>\n","protected":false},"excerpt":{"rendered":"<p>O uso de m\u00e1scara no exterior deixa hoje de ser obrigat\u00f3rio, mas a Dire\u00e7\u00e3o-Geral da Sa\u00fade (DGS) recomenda o seu uso em algumas situa\u00e7\u00f5es, como aglomera\u00e7\u00f5es, quando n\u00e3o \u00e9 poss\u00edvel manter a dist\u00e2ncia f\u00edsica e por pessoas vulner\u00e1veis. Esta obriga\u00e7\u00e3o durou, no total, 318 dias, desde a aprova\u00e7\u00e3o da lei, em 28 de outubro de [&hellip;]<\/p>\n","protected":false},"author":16,"featured_media":70036,"comment_status":"closed","ping_status":"closed","sticky":false,"template":"","format":"standard","meta":{"_exactmetrics_skip_tracking":false,"_exactmetrics_sitenote_active":false,"_exactmetrics_sitenote_note":"","_exactmetrics_sitenote_category":0,"footnotes":""},"categories":[42722],"tags":[26],"class_list":["post-70035","post","type-post","status-publish","format-standard","has-post-thumbnail","hentry","category-covid-19","tag-saude"],"yoast_head":"<!-- This site is optimized with the Yoast SEO Premium plugin v27.5 (Yoast SEO v27.5) - https:\/\/yoast.com\/product\/yoast-seo-premium-wordpress\/ -->\n<title>M\u00e1scara na rua deixa hoje de ser obrigat\u00f3ria, mas \u00e9 recomendada em algumas situa\u00e7\u00f5es<\/title>\n<meta name=\"robots\" content=\"index, follow, max-snippet:-1, max-image-preview:large, max-video-preview:-1\" \/>\n<link rel=\"canonical\" href=\"https:\/\/www.altominho.tv\/site\/2021\/09\/13\/mascara-na-rua-deixa-hoje-de-ser-obrigatoria-mas-e-recomendada-em-algumas-situacoes\/\" \/>\n<meta property=\"og:locale\" content=\"pt_PT\" \/>\n<meta property=\"og:type\" content=\"article\" \/>\n<meta property=\"og:title\" content=\"M\u00e1scara na rua deixa hoje de ser obrigat\u00f3ria, mas \u00e9 recomendada em algumas situa\u00e7\u00f5es\" \/>\n<meta property=\"og:description\" content=\"O uso de m\u00e1scara no exterior deixa hoje de ser obrigat\u00f3rio, mas a Dire\u00e7\u00e3o-Geral da Sa\u00fade (DGS) recomenda o seu uso em algumas situa\u00e7\u00f5es, como aglomera\u00e7\u00f5es, quando n\u00e3o \u00e9 poss\u00edvel manter a dist\u00e2ncia f\u00edsica e por pessoas vulner\u00e1veis. Esta obriga\u00e7\u00e3o durou, no total, 318 dias, desde a aprova\u00e7\u00e3o da lei, em 28 de outubro de [&hellip;]\" \/>\n<meta property=\"og:url\" content=\"https:\/\/www.altominho.tv\/site\/2021\/09\/13\/mascara-na-rua-deixa-hoje-de-ser-obrigatoria-mas-e-recomendada-em-algumas-situacoes\/\" \/>\n<meta property=\"og:site_name\" content=\"Altominho.tv\" \/>\n<meta property=\"article:publisher\" content=\"https:\/\/www.facebook.com\/altominhotv\" \/>\n<meta property=\"article:published_time\" content=\"2021-09-13T09:57:42+00:00\" \/>\n<meta property=\"article:modified_time\" content=\"2021-09-13T09:57:46+00:00\" \/>\n<meta property=\"og:image\" content=\"https:\/\/www.altominho.tv\/site\/wp-content\/uploads\/2021\/09\/mascaras-rua.jpeg\" \/>\n\t<meta property=\"og:image:width\" content=\"800\" \/>\n\t<meta property=\"og:image:height\" content=\"450\" \/>\n\t<meta property=\"og:image:type\" content=\"image\/jpeg\" \/>\n<meta name=\"author\" content=\"Andreia Cunha | Lusa\" \/>\n<meta name=\"twitter:card\" content=\"summary_large_image\" \/>\n<meta name=\"twitter:creator\" content=\"@altominhoTV\" \/>\n<meta name=\"twitter:site\" content=\"@altominhoTV\" \/>\n<meta name=\"twitter:label1\" content=\"Escrito por\" \/>\n\t<meta name=\"twitter:data1\" content=\"Andreia Cunha | Lusa\" \/>\n\t<meta name=\"twitter:label2\" content=\"Tempo estimado de leitura\" \/>\n\t<meta name=\"twitter:data2\" content=\"4 minutos\" \/>\n<script type=\"application\/ld+json\" class=\"yoast-schema-graph\">{\"@context\":\"https:\\\/\\\/schema.org\",\"@graph\":[{\"@type\":\"Article\",\"@id\":\"https:\\\/\\\/www.altominho.tv\\\/site\\\/2021\\\/09\\\/13\\\/mascara-na-rua-deixa-hoje-de-ser-obrigatoria-mas-e-recomendada-em-algumas-situacoes\\\/#article\",\"isPartOf\":{\"@id\":\"https:\\\/\\\/www.altominho.tv\\\/site\\\/2021\\\/09\\\/13\\\/mascara-na-rua-deixa-hoje-de-ser-obrigatoria-mas-e-recomendada-em-algumas-situacoes\\\/\"},\"author\":{\"name\":\"Andreia Cunha | Lusa\",\"@id\":\"https:\\\/\\\/www.altominho.tv\\\/site\\\/#\\\/schema\\\/person\\\/dbaf181c01b51ff40c9f461a905d321e\"},\"headline\":\"M\u00e1scara na rua deixa hoje de ser obrigat\u00f3ria, mas \u00e9 recomendada em algumas situa\u00e7\u00f5es\",\"datePublished\":\"2021-09-13T09:57:42+00:00\",\"dateModified\":\"2021-09-13T09:57:46+00:00\",\"mainEntityOfPage\":{\"@id\":\"https:\\\/\\\/www.altominho.tv\\\/site\\\/2021\\\/09\\\/13\\\/mascara-na-rua-deixa-hoje-de-ser-obrigatoria-mas-e-recomendada-em-algumas-situacoes\\\/\"},\"wordCount\":1027,\"image\":{\"@id\":\"https:\\\/\\\/www.altominho.tv\\\/site\\\/2021\\\/09\\\/13\\\/mascara-na-rua-deixa-hoje-de-ser-obrigatoria-mas-e-recomendada-em-algumas-situacoes\\\/#primaryimage\"},\"thumbnailUrl\":\"https:\\\/\\\/www.altominho.tv\\\/site\\\/wp-content\\\/uploads\\\/2021\\\/09\\\/mascaras-rua.jpeg\",\"keywords\":[\"Sa\u00fade\"],\"articleSection\":[\"Coronav\u00edrus\"],\"inLanguage\":\"pt-PT\",\"copyrightYear\":\"2021\",\"copyrightHolder\":{\"@id\":\"https:\\\/\\\/www.altominho.tv\\\/site\\\/#organization\"}},{\"@type\":\"WebPage\",\"@id\":\"https:\\\/\\\/www.altominho.tv\\\/site\\\/2021\\\/09\\\/13\\\/mascara-na-rua-deixa-hoje-de-ser-obrigatoria-mas-e-recomendada-em-algumas-situacoes\\\/\",\"url\":\"https:\\\/\\\/www.altominho.tv\\\/site\\\/2021\\\/09\\\/13\\\/mascara-na-rua-deixa-hoje-de-ser-obrigatoria-mas-e-recomendada-em-algumas-situacoes\\\/\",\"name\":\"M\u00e1scara na rua deixa hoje de ser obrigat\u00f3ria, mas \u00e9 recomendada em algumas situa\u00e7\u00f5es\",\"isPartOf\":{\"@id\":\"https:\\\/\\\/www.altominho.tv\\\/site\\\/#website\"},\"primaryImageOfPage\":{\"@id\":\"https:\\\/\\\/www.altominho.tv\\\/site\\\/2021\\\/09\\\/13\\\/mascara-na-rua-deixa-hoje-de-ser-obrigatoria-mas-e-recomendada-em-algumas-situacoes\\\/#primaryimage\"},\"image\":{\"@id\":\"https:\\\/\\\/www.altominho.tv\\\/site\\\/2021\\\/09\\\/13\\\/mascara-na-rua-deixa-hoje-de-ser-obrigatoria-mas-e-recomendada-em-algumas-situacoes\\\/#primaryimage\"},\"thumbnailUrl\":\"https:\\\/\\\/www.altominho.tv\\\/site\\\/wp-content\\\/uploads\\\/2021\\\/09\\\/mascaras-rua.jpeg\",\"datePublished\":\"2021-09-13T09:57:42+00:00\",\"dateModified\":\"2021-09-13T09:57:46+00:00\",\"author\":{\"@id\":\"https:\\\/\\\/www.altominho.tv\\\/site\\\/#\\\/schema\\\/person\\\/dbaf181c01b51ff40c9f461a905d321e\"},\"breadcrumb\":{\"@id\":\"https:\\\/\\\/www.altominho.tv\\\/site\\\/2021\\\/09\\\/13\\\/mascara-na-rua-deixa-hoje-de-ser-obrigatoria-mas-e-recomendada-em-algumas-situacoes\\\/#breadcrumb\"},\"inLanguage\":\"pt-PT\",\"potentialAction\":[{\"@type\":\"ReadAction\",\"target\":[\"https:\\\/\\\/www.altominho.tv\\\/site\\\/2021\\\/09\\\/13\\\/mascara-na-rua-deixa-hoje-de-ser-obrigatoria-mas-e-recomendada-em-algumas-situacoes\\\/\"]}]},{\"@type\":\"ImageObject\",\"inLanguage\":\"pt-PT\",\"@id\":\"https:\\\/\\\/www.altominho.tv\\\/site\\\/2021\\\/09\\\/13\\\/mascara-na-rua-deixa-hoje-de-ser-obrigatoria-mas-e-recomendada-em-algumas-situacoes\\\/#primaryimage\",\"url\":\"https:\\\/\\\/www.altominho.tv\\\/site\\\/wp-content\\\/uploads\\\/2021\\\/09\\\/mascaras-rua.jpeg\",\"contentUrl\":\"https:\\\/\\\/www.altominho.tv\\\/site\\\/wp-content\\\/uploads\\\/2021\\\/09\\\/mascaras-rua.jpeg\",\"width\":800,\"height\":450},{\"@type\":\"BreadcrumbList\",\"@id\":\"https:\\\/\\\/www.altominho.tv\\\/site\\\/2021\\\/09\\\/13\\\/mascara-na-rua-deixa-hoje-de-ser-obrigatoria-mas-e-recomendada-em-algumas-situacoes\\\/#breadcrumb\",\"itemListElement\":[{\"@type\":\"ListItem\",\"position\":1,\"name\":\"In\u00edcio\",\"item\":\"https:\\\/\\\/www.altominho.tv\\\/site\\\/\"},{\"@type\":\"ListItem\",\"position\":2,\"name\":\"M\u00e1scara na rua deixa hoje de ser obrigat\u00f3ria, mas \u00e9 recomendada em algumas situa\u00e7\u00f5es\"}]},{\"@type\":\"WebSite\",\"@id\":\"https:\\\/\\\/www.altominho.tv\\\/site\\\/#website\",\"url\":\"https:\\\/\\\/www.altominho.tv\\\/site\\\/\",\"name\":\"Altominho.tv\",\"description\":\"A sua regi\u00e3o \u00e0 dist\u00e2ncia de um clique...\",\"potentialAction\":[{\"@type\":\"SearchAction\",\"target\":{\"@type\":\"EntryPoint\",\"urlTemplate\":\"https:\\\/\\\/www.altominho.tv\\\/site\\\/?s={search_term_string}\"},\"query-input\":{\"@type\":\"PropertyValueSpecification\",\"valueRequired\":true,\"valueName\":\"search_term_string\"}}],\"inLanguage\":\"pt-PT\"},{\"@type\":\"Person\",\"@id\":\"https:\\\/\\\/www.altominho.tv\\\/site\\\/#\\\/schema\\\/person\\\/dbaf181c01b51ff40c9f461a905d321e\",\"name\":\"Andreia Cunha | Lusa\",\"image\":{\"@type\":\"ImageObject\",\"inLanguage\":\"pt-PT\",\"@id\":\"https:\\\/\\\/www.altominho.tv\\\/site\\\/wp-content\\\/uploads\\\/2017\\\/11\\\/Andreia_Cunha-1-150x150.jpg\",\"url\":\"https:\\\/\\\/www.altominho.tv\\\/site\\\/wp-content\\\/uploads\\\/2017\\\/11\\\/Andreia_Cunha-1-150x150.jpg\",\"contentUrl\":\"https:\\\/\\\/www.altominho.tv\\\/site\\\/wp-content\\\/uploads\\\/2017\\\/11\\\/Andreia_Cunha-1-150x150.jpg\",\"caption\":\"Andreia Cunha | Lusa\"},\"sameAs\":[\"https:\\\/\\\/www.altominho.tv\\\/site\"],\"url\":\"https:\\\/\\\/www.altominho.tv\\\/site\\\/author\\\/andreiacunhalusa\\\/\"}]}<\/script>\n<!-- \/ Yoast SEO Premium plugin. -->","yoast_head_json":{"title":"M\u00e1scara na rua deixa hoje de ser obrigat\u00f3ria, mas \u00e9 recomendada em algumas situa\u00e7\u00f5es","robots":{"index":"index","follow":"follow","max-snippet":"max-snippet:-1","max-image-preview":"max-image-preview:large","max-video-preview":"max-video-preview:-1"},"canonical":"https:\/\/www.altominho.tv\/site\/2021\/09\/13\/mascara-na-rua-deixa-hoje-de-ser-obrigatoria-mas-e-recomendada-em-algumas-situacoes\/","og_locale":"pt_PT","og_type":"article","og_title":"M\u00e1scara na rua deixa hoje de ser obrigat\u00f3ria, mas \u00e9 recomendada em algumas situa\u00e7\u00f5es","og_description":"O uso de m\u00e1scara no exterior deixa hoje de ser obrigat\u00f3rio, mas a Dire\u00e7\u00e3o-Geral da Sa\u00fade (DGS) recomenda o seu uso em algumas situa\u00e7\u00f5es, como aglomera\u00e7\u00f5es, quando n\u00e3o \u00e9 poss\u00edvel manter a dist\u00e2ncia f\u00edsica e por pessoas vulner\u00e1veis. Esta obriga\u00e7\u00e3o durou, no total, 318 dias, desde a aprova\u00e7\u00e3o da lei, em 28 de outubro de [&hellip;]","og_url":"https:\/\/www.altominho.tv\/site\/2021\/09\/13\/mascara-na-rua-deixa-hoje-de-ser-obrigatoria-mas-e-recomendada-em-algumas-situacoes\/","og_site_name":"Altominho.tv","article_publisher":"https:\/\/www.facebook.com\/altominhotv","article_published_time":"2021-09-13T09:57:42+00:00","article_modified_time":"2021-09-13T09:57:46+00:00","og_image":[{"width":800,"height":450,"url":"https:\/\/www.altominho.tv\/site\/wp-content\/uploads\/2021\/09\/mascaras-rua.jpeg","type":"image\/jpeg"}],"author":"Andreia Cunha | Lusa","twitter_card":"summary_large_image","twitter_creator":"@altominhoTV","twitter_site":"@altominhoTV","twitter_misc":{"Escrito por":"Andreia Cunha | Lusa","Tempo estimado de leitura":"4 minutos"},"schema":{"@context":"https:\/\/schema.org","@graph":[{"@type":"Article","@id":"https:\/\/www.altominho.tv\/site\/2021\/09\/13\/mascara-na-rua-deixa-hoje-de-ser-obrigatoria-mas-e-recomendada-em-algumas-situacoes\/#article","isPartOf":{"@id":"https:\/\/www.altominho.tv\/site\/2021\/09\/13\/mascara-na-rua-deixa-hoje-de-ser-obrigatoria-mas-e-recomendada-em-algumas-situacoes\/"},"author":{"name":"Andreia Cunha | Lusa","@id":"https:\/\/www.altominho.tv\/site\/#\/schema\/person\/dbaf181c01b51ff40c9f461a905d321e"},"headline":"M\u00e1scara na rua deixa hoje de ser obrigat\u00f3ria, mas \u00e9 recomendada em algumas situa\u00e7\u00f5es","datePublished":"2021-09-13T09:57:42+00:00","dateModified":"2021-09-13T09:57:46+00:00","mainEntityOfPage":{"@id":"https:\/\/www.altominho.tv\/site\/2021\/09\/13\/mascara-na-rua-deixa-hoje-de-ser-obrigatoria-mas-e-recomendada-em-algumas-situacoes\/"},"wordCount":1027,"image":{"@id":"https:\/\/www.altominho.tv\/site\/2021\/09\/13\/mascara-na-rua-deixa-hoje-de-ser-obrigatoria-mas-e-recomendada-em-algumas-situacoes\/#primaryimage"},"thumbnailUrl":"https:\/\/www.altominho.tv\/site\/wp-content\/uploads\/2021\/09\/mascaras-rua.jpeg","keywords":["Sa\u00fade"],"articleSection":["Coronav\u00edrus"],"inLanguage":"pt-PT","copyrightYear":"2021","copyrightHolder":{"@id":"https:\/\/www.altominho.tv\/site\/#organization"}},{"@type":"WebPage","@id":"https:\/\/www.altominho.tv\/site\/2021\/09\/13\/mascara-na-rua-deixa-hoje-de-ser-obrigatoria-mas-e-recomendada-em-algumas-situacoes\/","url":"https:\/\/www.altominho.tv\/site\/2021\/09\/13\/mascara-na-rua-deixa-hoje-de-ser-obrigatoria-mas-e-recomendada-em-algumas-situacoes\/","name":"M\u00e1scara na rua deixa hoje de ser obrigat\u00f3ria, mas \u00e9 recomendada em algumas situa\u00e7\u00f5es","isPartOf":{"@id":"https:\/\/www.altominho.tv\/site\/#website"},"primaryImageOfPage":{"@id":"https:\/\/www.altominho.tv\/site\/2021\/09\/13\/mascara-na-rua-deixa-hoje-de-ser-obrigatoria-mas-e-recomendada-em-algumas-situacoes\/#primaryimage"},"image":{"@id":"https:\/\/www.altominho.tv\/site\/2021\/09\/13\/mascara-na-rua-deixa-hoje-de-ser-obrigatoria-mas-e-recomendada-em-algumas-situacoes\/#primaryimage"},"thumbnailUrl":"https:\/\/www.altominho.tv\/site\/wp-content\/uploads\/2021\/09\/mascaras-rua.jpeg","datePublished":"2021-09-13T09:57:42+00:00","dateModified":"2021-09-13T09:57:46+00:00","author":{"@id":"https:\/\/www.altominho.tv\/site\/#\/schema\/person\/dbaf181c01b51ff40c9f461a905d321e"},"breadcrumb":{"@id":"https:\/\/www.altominho.tv\/site\/2021\/09\/13\/mascara-na-rua-deixa-hoje-de-ser-obrigatoria-mas-e-recomendada-em-algumas-situacoes\/#breadcrumb"},"inLanguage":"pt-PT","potentialAction":[{"@type":"ReadAction","target":["https:\/\/www.altominho.tv\/site\/2021\/09\/13\/mascara-na-rua-deixa-hoje-de-ser-obrigatoria-mas-e-recomendada-em-algumas-situacoes\/"]}]},{"@type":"ImageObject","inLanguage":"pt-PT","@id":"https:\/\/www.altominho.tv\/site\/2021\/09\/13\/mascara-na-rua-deixa-hoje-de-ser-obrigatoria-mas-e-recomendada-em-algumas-situacoes\/#primaryimage","url":"https:\/\/www.altominho.tv\/site\/wp-content\/uploads\/2021\/09\/mascaras-rua.jpeg","contentUrl":"https:\/\/www.altominho.tv\/site\/wp-content\/uploads\/2021\/09\/mascaras-rua.jpeg","width":800,"height":450},{"@type":"BreadcrumbList","@id":"https:\/\/www.altominho.tv\/site\/2021\/09\/13\/mascara-na-rua-deixa-hoje-de-ser-obrigatoria-mas-e-recomendada-em-algumas-situacoes\/#breadcrumb","itemListElement":[{"@type":"ListItem","position":1,"name":"In\u00edcio","item":"https:\/\/www.altominho.tv\/site\/"},{"@type":"ListItem","position":2,"name":"M\u00e1scara na rua deixa hoje de ser obrigat\u00f3ria, mas \u00e9 recomendada em algumas situa\u00e7\u00f5es"}]},{"@type":"WebSite","@id":"https:\/\/www.altominho.tv\/site\/#website","url":"https:\/\/www.altominho.tv\/site\/","name":"Altominho.tv","description":"A sua regi\u00e3o \u00e0 dist\u00e2ncia de um clique...","potentialAction":[{"@type":"SearchAction","target":{"@type":"EntryPoint","urlTemplate":"https:\/\/www.altominho.tv\/site\/?s={search_term_string}"},"query-input":{"@type":"PropertyValueSpecification","valueRequired":true,"valueName":"search_term_string"}}],"inLanguage":"pt-PT"},{"@type":"Person","@id":"https:\/\/www.altominho.tv\/site\/#\/schema\/person\/dbaf181c01b51ff40c9f461a905d321e","name":"Andreia Cunha | Lusa","image":{"@type":"ImageObject","inLanguage":"pt-PT","@id":"https:\/\/www.altominho.tv\/site\/wp-content\/uploads\/2017\/11\/Andreia_Cunha-1-150x150.jpg","url":"https:\/\/www.altominho.tv\/site\/wp-content\/uploads\/2017\/11\/Andreia_Cunha-1-150x150.jpg","contentUrl":"https:\/\/www.altominho.tv\/site\/wp-content\/uploads\/2017\/11\/Andreia_Cunha-1-150x150.jpg","caption":"Andreia Cunha | Lusa"},"sameAs":["https:\/\/www.altominho.tv\/site"],"url":"https:\/\/www.altominho.tv\/site\/author\/andreiacunhalusa\/"}]}},"_links":{"self":[{"href":"https:\/\/www.altominho.tv\/site\/wp-json\/wp\/v2\/posts\/70035","targetHints":{"allow":["GET"]}}],"collection":[{"href":"https:\/\/www.altominho.tv\/site\/wp-json\/wp\/v2\/posts"}],"about":[{"href":"https:\/\/www.altominho.tv\/site\/wp-json\/wp\/v2\/types\/post"}],"author":[{"embeddable":true,"href":"https:\/\/www.altominho.tv\/site\/wp-json\/wp\/v2\/users\/16"}],"replies":[{"embeddable":true,"href":"https:\/\/www.altominho.tv\/site\/wp-json\/wp\/v2\/comments?post=70035"}],"version-history":[{"count":0,"href":"https:\/\/www.altominho.tv\/site\/wp-json\/wp\/v2\/posts\/70035\/revisions"}],"wp:featuredmedia":[{"embeddable":true,"href":"https:\/\/www.altominho.tv\/site\/wp-json\/wp\/v2\/media\/70036"}],"wp:attachment":[{"href":"https:\/\/www.altominho.tv\/site\/wp-json\/wp\/v2\/media?parent=70035"}],"wp:term":[{"taxonomy":"category","embeddable":true,"href":"https:\/\/www.altominho.tv\/site\/wp-json\/wp\/v2\/categories?post=70035"},{"taxonomy":"post_tag","embeddable":true,"href":"https:\/\/www.altominho.tv\/site\/wp-json\/wp\/v2\/tags?post=70035"}],"curies":[{"name":"wp","href":"https:\/\/api.w.org\/{rel}","templated":true}]}}