{"id":70026,"date":"2021-09-11T14:23:00","date_gmt":"2021-09-11T13:23:00","guid":{"rendered":"https:\/\/www.altominho.tv\/site\/?p=70026"},"modified":"2021-09-11T14:35:56","modified_gmt":"2021-09-11T13:35:56","slug":"portugal-com-10-mortes-1-223-novas-infecoes-e-menos-17-internamentos","status":"publish","type":"post","link":"https:\/\/www.altominho.tv\/site\/2021\/09\/11\/portugal-com-10-mortes-1-223-novas-infecoes-e-menos-17-internamentos\/","title":{"rendered":"Portugal com 10 mortes, 1.223 novas infe\u00e7\u00f5es e menos 17 internamentos"},"content":{"rendered":"<p data-uw-styling-context=\"true\">Portugal registou, nas \u00faltimas 24 horas, mais 1.223 casos de infe\u00e7\u00e3o pelo coronav\u00edrus SARS-CoV-2 e 10 mortes atribu\u00eddas \u00e0 covid-19, com nova redu\u00e7\u00e3o nos internamentos em enfermaria e aumento nos cuidados intensivos.<\/p>\n<p class=\"text-paragraph\" data-uw-styling-context=\"true\">De acordo com o boletim epidemiol\u00f3gico da Dire\u00e7\u00e3o-Geral da Sa\u00fade (DGS), est\u00e3o hoje internadas 552 pessoas com covid-19, menos 17 do que na sexta-feira. Em unidades de cuidados intensivos, est\u00e3o 121 pessoas, mais tr\u00eas do que na sexta-feira.<\/p>\n<p class=\"text-paragraph\" data-uw-styling-context=\"true\">A maior parte dos novos casos registou-se na regi\u00e3o de Lisboa e Vale do Tejo (476), seguindo-se o Norte, com 397 novas infe\u00e7\u00f5es.<\/p>\n<p class=\"text-paragraph\" data-uw-styling-context=\"true\">As mortes ocorreram na regi\u00e3o de Lisboa e Vale do Tejo (6), na regi\u00e3o Norte (2) e na regi\u00e3o Centro (2).<\/p>\n","protected":false},"excerpt":{"rendered":"<p>Portugal registou, nas \u00faltimas 24 horas, mais 1.223 casos de infe\u00e7\u00e3o pelo coronav\u00edrus SARS-CoV-2 e 10 mortes atribu\u00eddas \u00e0 covid-19, com nova redu\u00e7\u00e3o nos internamentos em enfermaria e aumento nos cuidados intensivos. De acordo com o boletim epidemiol\u00f3gico da Dire\u00e7\u00e3o-Geral da Sa\u00fade (DGS), est\u00e3o hoje internadas 552 pessoas com covid-19, menos 17 do que na [&hellip;]<\/p>\n","protected":false},"author":13,"featured_media":69827,"comment_status":"closed","ping_status":"closed","sticky":false,"template":"","format":"standard","meta":{"_exactmetrics_skip_tracking":false,"_exactmetrics_sitenote_active":false,"_exactmetrics_sitenote_note":"","_exactmetrics_sitenote_category":0,"footnotes":""},"categories":[42722],"tags":[26,27],"class_list":["post-70026","post","type-post","status-publish","format-standard","has-post-thumbnail","hentry","category-covid-19","tag-saude","tag-sociedade"],"yoast_head":"<!-- This site is optimized with the Yoast SEO Premium plugin v27.5 (Yoast SEO v27.5) - https:\/\/yoast.com\/product\/yoast-seo-premium-wordpress\/ -->\n<title>Portugal com 10 mortes, 1.223 novas infe\u00e7\u00f5es e menos 17 internamentos<\/title>\n<meta name=\"robots\" content=\"index, follow, max-snippet:-1, max-image-preview:large, max-video-preview:-1\" \/>\n<link rel=\"canonical\" href=\"https:\/\/www.altominho.tv\/site\/2021\/09\/11\/portugal-com-10-mortes-1-223-novas-infecoes-e-menos-17-internamentos\/\" \/>\n<meta property=\"og:locale\" content=\"pt_PT\" \/>\n<meta property=\"og:type\" content=\"article\" \/>\n<meta property=\"og:title\" content=\"Portugal com 10 mortes, 1.223 novas infe\u00e7\u00f5es e menos 17 internamentos\" \/>\n<meta property=\"og:description\" content=\"Portugal registou, nas \u00faltimas 24 horas, mais 1.223 casos de infe\u00e7\u00e3o pelo coronav\u00edrus SARS-CoV-2 e 10 mortes atribu\u00eddas \u00e0 covid-19, com nova redu\u00e7\u00e3o nos internamentos em enfermaria e aumento nos cuidados intensivos. De acordo com o boletim epidemiol\u00f3gico da Dire\u00e7\u00e3o-Geral da Sa\u00fade (DGS), est\u00e3o hoje internadas 552 pessoas com covid-19, menos 17 do que na [&hellip;]\" \/>\n<meta property=\"og:url\" content=\"https:\/\/www.altominho.tv\/site\/2021\/09\/11\/portugal-com-10-mortes-1-223-novas-infecoes-e-menos-17-internamentos\/\" \/>\n<meta property=\"og:site_name\" content=\"Altominho.tv\" \/>\n<meta property=\"article:publisher\" content=\"https:\/\/www.facebook.com\/altominhotv\" \/>\n<meta property=\"article:published_time\" content=\"2021-09-11T13:23:00+00:00\" \/>\n<meta property=\"article:modified_time\" content=\"2021-09-11T13:35:56+00:00\" \/>\n<meta property=\"og:image\" content=\"https:\/\/www.altominho.tv\/site\/wp-content\/uploads\/2021\/09\/Covid-19_insa.jpeg\" \/>\n\t<meta property=\"og:image:width\" content=\"651\" \/>\n\t<meta property=\"og:image:height\" content=\"407\" \/>\n\t<meta property=\"og:image:type\" content=\"image\/jpeg\" \/>\n<meta name=\"author\" content=\"Lusa\" \/>\n<meta name=\"twitter:card\" content=\"summary_large_image\" \/>\n<meta name=\"twitter:creator\" content=\"@altominhoTV\" \/>\n<meta name=\"twitter:site\" content=\"@altominhoTV\" \/>\n<meta name=\"twitter:label1\" content=\"Escrito por\" \/>\n\t<meta name=\"twitter:data1\" content=\"Lusa\" \/>\n\t<meta name=\"twitter:label2\" content=\"Tempo estimado de leitura\" \/>\n\t<meta name=\"twitter:data2\" content=\"1 minuto\" \/>\n<script type=\"application\/ld+json\" class=\"yoast-schema-graph\">{\"@context\":\"https:\\\/\\\/schema.org\",\"@graph\":[{\"@type\":\"Article\",\"@id\":\"https:\\\/\\\/www.altominho.tv\\\/site\\\/2021\\\/09\\\/11\\\/portugal-com-10-mortes-1-223-novas-infecoes-e-menos-17-internamentos\\\/#article\",\"isPartOf\":{\"@id\":\"https:\\\/\\\/www.altominho.tv\\\/site\\\/2021\\\/09\\\/11\\\/portugal-com-10-mortes-1-223-novas-infecoes-e-menos-17-internamentos\\\/\"},\"author\":{\"name\":\"Lusa\",\"@id\":\"https:\\\/\\\/www.altominho.tv\\\/site\\\/#\\\/schema\\\/person\\\/63f693da3e1899361cbe955c46f3232e\"},\"headline\":\"Portugal com 10 mortes, 1.223 novas infe\u00e7\u00f5es e menos 17 internamentos\",\"datePublished\":\"2021-09-11T13:23:00+00:00\",\"dateModified\":\"2021-09-11T13:35:56+00:00\",\"mainEntityOfPage\":{\"@id\":\"https:\\\/\\\/www.altominho.tv\\\/site\\\/2021\\\/09\\\/11\\\/portugal-com-10-mortes-1-223-novas-infecoes-e-menos-17-internamentos\\\/\"},\"wordCount\":126,\"image\":{\"@id\":\"https:\\\/\\\/www.altominho.tv\\\/site\\\/2021\\\/09\\\/11\\\/portugal-com-10-mortes-1-223-novas-infecoes-e-menos-17-internamentos\\\/#primaryimage\"},\"thumbnailUrl\":\"https:\\\/\\\/www.altominho.tv\\\/site\\\/wp-content\\\/uploads\\\/2021\\\/09\\\/Covid-19_insa.jpeg\",\"keywords\":[\"Sa\u00fade\",\"Sociedade\"],\"articleSection\":[\"Coronav\u00edrus\"],\"inLanguage\":\"pt-PT\",\"copyrightYear\":\"2021\",\"copyrightHolder\":{\"@id\":\"https:\\\/\\\/www.altominho.tv\\\/site\\\/#organization\"}},{\"@type\":\"WebPage\",\"@id\":\"https:\\\/\\\/www.altominho.tv\\\/site\\\/2021\\\/09\\\/11\\\/portugal-com-10-mortes-1-223-novas-infecoes-e-menos-17-internamentos\\\/\",\"url\":\"https:\\\/\\\/www.altominho.tv\\\/site\\\/2021\\\/09\\\/11\\\/portugal-com-10-mortes-1-223-novas-infecoes-e-menos-17-internamentos\\\/\",\"name\":\"Portugal com 10 mortes, 1.223 novas infe\u00e7\u00f5es e menos 17 internamentos\",\"isPartOf\":{\"@id\":\"https:\\\/\\\/www.altominho.tv\\\/site\\\/#website\"},\"primaryImageOfPage\":{\"@id\":\"https:\\\/\\\/www.altominho.tv\\\/site\\\/2021\\\/09\\\/11\\\/portugal-com-10-mortes-1-223-novas-infecoes-e-menos-17-internamentos\\\/#primaryimage\"},\"image\":{\"@id\":\"https:\\\/\\\/www.altominho.tv\\\/site\\\/2021\\\/09\\\/11\\\/portugal-com-10-mortes-1-223-novas-infecoes-e-menos-17-internamentos\\\/#primaryimage\"},\"thumbnailUrl\":\"https:\\\/\\\/www.altominho.tv\\\/site\\\/wp-content\\\/uploads\\\/2021\\\/09\\\/Covid-19_insa.jpeg\",\"datePublished\":\"2021-09-11T13:23:00+00:00\",\"dateModified\":\"2021-09-11T13:35:56+00:00\",\"author\":{\"@id\":\"https:\\\/\\\/www.altominho.tv\\\/site\\\/#\\\/schema\\\/person\\\/63f693da3e1899361cbe955c46f3232e\"},\"breadcrumb\":{\"@id\":\"https:\\\/\\\/www.altominho.tv\\\/site\\\/2021\\\/09\\\/11\\\/portugal-com-10-mortes-1-223-novas-infecoes-e-menos-17-internamentos\\\/#breadcrumb\"},\"inLanguage\":\"pt-PT\",\"potentialAction\":[{\"@type\":\"ReadAction\",\"target\":[\"https:\\\/\\\/www.altominho.tv\\\/site\\\/2021\\\/09\\\/11\\\/portugal-com-10-mortes-1-223-novas-infecoes-e-menos-17-internamentos\\\/\"]}]},{\"@type\":\"ImageObject\",\"inLanguage\":\"pt-PT\",\"@id\":\"https:\\\/\\\/www.altominho.tv\\\/site\\\/2021\\\/09\\\/11\\\/portugal-com-10-mortes-1-223-novas-infecoes-e-menos-17-internamentos\\\/#primaryimage\",\"url\":\"https:\\\/\\\/www.altominho.tv\\\/site\\\/wp-content\\\/uploads\\\/2021\\\/09\\\/Covid-19_insa.jpeg\",\"contentUrl\":\"https:\\\/\\\/www.altominho.tv\\\/site\\\/wp-content\\\/uploads\\\/2021\\\/09\\\/Covid-19_insa.jpeg\",\"width\":651,\"height\":407},{\"@type\":\"BreadcrumbList\",\"@id\":\"https:\\\/\\\/www.altominho.tv\\\/site\\\/2021\\\/09\\\/11\\\/portugal-com-10-mortes-1-223-novas-infecoes-e-menos-17-internamentos\\\/#breadcrumb\",\"itemListElement\":[{\"@type\":\"ListItem\",\"position\":1,\"name\":\"In\u00edcio\",\"item\":\"https:\\\/\\\/www.altominho.tv\\\/site\\\/\"},{\"@type\":\"ListItem\",\"position\":2,\"name\":\"Portugal com 10 mortes, 1.223 novas infe\u00e7\u00f5es e menos 17 internamentos\"}]},{\"@type\":\"WebSite\",\"@id\":\"https:\\\/\\\/www.altominho.tv\\\/site\\\/#website\",\"url\":\"https:\\\/\\\/www.altominho.tv\\\/site\\\/\",\"name\":\"Altominho.tv\",\"description\":\"A sua regi\u00e3o \u00e0 dist\u00e2ncia de um clique...\",\"potentialAction\":[{\"@type\":\"SearchAction\",\"target\":{\"@type\":\"EntryPoint\",\"urlTemplate\":\"https:\\\/\\\/www.altominho.tv\\\/site\\\/?s={search_term_string}\"},\"query-input\":{\"@type\":\"PropertyValueSpecification\",\"valueRequired\":true,\"valueName\":\"search_term_string\"}}],\"inLanguage\":\"pt-PT\"},{\"@type\":\"Person\",\"@id\":\"https:\\\/\\\/www.altominho.tv\\\/site\\\/#\\\/schema\\\/person\\\/63f693da3e1899361cbe955c46f3232e\",\"name\":\"Lusa\",\"image\":{\"@type\":\"ImageObject\",\"inLanguage\":\"pt-PT\",\"@id\":\"https:\\\/\\\/www.altominho.tv\\\/site\\\/wp-content\\\/uploads\\\/2019\\\/08\\\/LUSA_Logo.gif\",\"url\":\"https:\\\/\\\/www.altominho.tv\\\/site\\\/wp-content\\\/uploads\\\/2019\\\/08\\\/LUSA_Logo.gif\",\"contentUrl\":\"https:\\\/\\\/www.altominho.tv\\\/site\\\/wp-content\\\/uploads\\\/2019\\\/08\\\/LUSA_Logo.gif\",\"caption\":\"Lusa\"},\"sameAs\":[\"http:\\\/\\\/\\\/\\\/www.altominho.tv\\\/site\"],\"url\":\"https:\\\/\\\/www.altominho.tv\\\/site\\\/author\\\/lusa\\\/\"}]}<\/script>\n<!-- \/ Yoast SEO Premium plugin. -->","yoast_head_json":{"title":"Portugal com 10 mortes, 1.223 novas infe\u00e7\u00f5es e menos 17 internamentos","robots":{"index":"index","follow":"follow","max-snippet":"max-snippet:-1","max-image-preview":"max-image-preview:large","max-video-preview":"max-video-preview:-1"},"canonical":"https:\/\/www.altominho.tv\/site\/2021\/09\/11\/portugal-com-10-mortes-1-223-novas-infecoes-e-menos-17-internamentos\/","og_locale":"pt_PT","og_type":"article","og_title":"Portugal com 10 mortes, 1.223 novas infe\u00e7\u00f5es e menos 17 internamentos","og_description":"Portugal registou, nas \u00faltimas 24 horas, mais 1.223 casos de infe\u00e7\u00e3o pelo coronav\u00edrus SARS-CoV-2 e 10 mortes atribu\u00eddas \u00e0 covid-19, com nova redu\u00e7\u00e3o nos internamentos em enfermaria e aumento nos cuidados intensivos. De acordo com o boletim epidemiol\u00f3gico da Dire\u00e7\u00e3o-Geral da Sa\u00fade (DGS), est\u00e3o hoje internadas 552 pessoas com covid-19, menos 17 do que na [&hellip;]","og_url":"https:\/\/www.altominho.tv\/site\/2021\/09\/11\/portugal-com-10-mortes-1-223-novas-infecoes-e-menos-17-internamentos\/","og_site_name":"Altominho.tv","article_publisher":"https:\/\/www.facebook.com\/altominhotv","article_published_time":"2021-09-11T13:23:00+00:00","article_modified_time":"2021-09-11T13:35:56+00:00","og_image":[{"width":651,"height":407,"url":"https:\/\/www.altominho.tv\/site\/wp-content\/uploads\/2021\/09\/Covid-19_insa.jpeg","type":"image\/jpeg"}],"author":"Lusa","twitter_card":"summary_large_image","twitter_creator":"@altominhoTV","twitter_site":"@altominhoTV","twitter_misc":{"Escrito por":"Lusa","Tempo estimado de leitura":"1 minuto"},"schema":{"@context":"https:\/\/schema.org","@graph":[{"@type":"Article","@id":"https:\/\/www.altominho.tv\/site\/2021\/09\/11\/portugal-com-10-mortes-1-223-novas-infecoes-e-menos-17-internamentos\/#article","isPartOf":{"@id":"https:\/\/www.altominho.tv\/site\/2021\/09\/11\/portugal-com-10-mortes-1-223-novas-infecoes-e-menos-17-internamentos\/"},"author":{"name":"Lusa","@id":"https:\/\/www.altominho.tv\/site\/#\/schema\/person\/63f693da3e1899361cbe955c46f3232e"},"headline":"Portugal com 10 mortes, 1.223 novas infe\u00e7\u00f5es e menos 17 internamentos","datePublished":"2021-09-11T13:23:00+00:00","dateModified":"2021-09-11T13:35:56+00:00","mainEntityOfPage":{"@id":"https:\/\/www.altominho.tv\/site\/2021\/09\/11\/portugal-com-10-mortes-1-223-novas-infecoes-e-menos-17-internamentos\/"},"wordCount":126,"image":{"@id":"https:\/\/www.altominho.tv\/site\/2021\/09\/11\/portugal-com-10-mortes-1-223-novas-infecoes-e-menos-17-internamentos\/#primaryimage"},"thumbnailUrl":"https:\/\/www.altominho.tv\/site\/wp-content\/uploads\/2021\/09\/Covid-19_insa.jpeg","keywords":["Sa\u00fade","Sociedade"],"articleSection":["Coronav\u00edrus"],"inLanguage":"pt-PT","copyrightYear":"2021","copyrightHolder":{"@id":"https:\/\/www.altominho.tv\/site\/#organization"}},{"@type":"WebPage","@id":"https:\/\/www.altominho.tv\/site\/2021\/09\/11\/portugal-com-10-mortes-1-223-novas-infecoes-e-menos-17-internamentos\/","url":"https:\/\/www.altominho.tv\/site\/2021\/09\/11\/portugal-com-10-mortes-1-223-novas-infecoes-e-menos-17-internamentos\/","name":"Portugal com 10 mortes, 1.223 novas infe\u00e7\u00f5es e menos 17 internamentos","isPartOf":{"@id":"https:\/\/www.altominho.tv\/site\/#website"},"primaryImageOfPage":{"@id":"https:\/\/www.altominho.tv\/site\/2021\/09\/11\/portugal-com-10-mortes-1-223-novas-infecoes-e-menos-17-internamentos\/#primaryimage"},"image":{"@id":"https:\/\/www.altominho.tv\/site\/2021\/09\/11\/portugal-com-10-mortes-1-223-novas-infecoes-e-menos-17-internamentos\/#primaryimage"},"thumbnailUrl":"https:\/\/www.altominho.tv\/site\/wp-content\/uploads\/2021\/09\/Covid-19_insa.jpeg","datePublished":"2021-09-11T13:23:00+00:00","dateModified":"2021-09-11T13:35:56+00:00","author":{"@id":"https:\/\/www.altominho.tv\/site\/#\/schema\/person\/63f693da3e1899361cbe955c46f3232e"},"breadcrumb":{"@id":"https:\/\/www.altominho.tv\/site\/2021\/09\/11\/portugal-com-10-mortes-1-223-novas-infecoes-e-menos-17-internamentos\/#breadcrumb"},"inLanguage":"pt-PT","potentialAction":[{"@type":"ReadAction","target":["https:\/\/www.altominho.tv\/site\/2021\/09\/11\/portugal-com-10-mortes-1-223-novas-infecoes-e-menos-17-internamentos\/"]}]},{"@type":"ImageObject","inLanguage":"pt-PT","@id":"https:\/\/www.altominho.tv\/site\/2021\/09\/11\/portugal-com-10-mortes-1-223-novas-infecoes-e-menos-17-internamentos\/#primaryimage","url":"https:\/\/www.altominho.tv\/site\/wp-content\/uploads\/2021\/09\/Covid-19_insa.jpeg","contentUrl":"https:\/\/www.altominho.tv\/site\/wp-content\/uploads\/2021\/09\/Covid-19_insa.jpeg","width":651,"height":407},{"@type":"BreadcrumbList","@id":"https:\/\/www.altominho.tv\/site\/2021\/09\/11\/portugal-com-10-mortes-1-223-novas-infecoes-e-menos-17-internamentos\/#breadcrumb","itemListElement":[{"@type":"ListItem","position":1,"name":"In\u00edcio","item":"https:\/\/www.altominho.tv\/site\/"},{"@type":"ListItem","position":2,"name":"Portugal com 10 mortes, 1.223 novas infe\u00e7\u00f5es e menos 17 internamentos"}]},{"@type":"WebSite","@id":"https:\/\/www.altominho.tv\/site\/#website","url":"https:\/\/www.altominho.tv\/site\/","name":"Altominho.tv","description":"A sua regi\u00e3o \u00e0 dist\u00e2ncia de um clique...","potentialAction":[{"@type":"SearchAction","target":{"@type":"EntryPoint","urlTemplate":"https:\/\/www.altominho.tv\/site\/?s={search_term_string}"},"query-input":{"@type":"PropertyValueSpecification","valueRequired":true,"valueName":"search_term_string"}}],"inLanguage":"pt-PT"},{"@type":"Person","@id":"https:\/\/www.altominho.tv\/site\/#\/schema\/person\/63f693da3e1899361cbe955c46f3232e","name":"Lusa","image":{"@type":"ImageObject","inLanguage":"pt-PT","@id":"https:\/\/www.altominho.tv\/site\/wp-content\/uploads\/2019\/08\/LUSA_Logo.gif","url":"https:\/\/www.altominho.tv\/site\/wp-content\/uploads\/2019\/08\/LUSA_Logo.gif","contentUrl":"https:\/\/www.altominho.tv\/site\/wp-content\/uploads\/2019\/08\/LUSA_Logo.gif","caption":"Lusa"},"sameAs":["http:\/\/\/\/www.altominho.tv\/site"],"url":"https:\/\/www.altominho.tv\/site\/author\/lusa\/"}]}},"_links":{"self":[{"href":"https:\/\/www.altominho.tv\/site\/wp-json\/wp\/v2\/posts\/70026","targetHints":{"allow":["GET"]}}],"collection":[{"href":"https:\/\/www.altominho.tv\/site\/wp-json\/wp\/v2\/posts"}],"about":[{"href":"https:\/\/www.altominho.tv\/site\/wp-json\/wp\/v2\/types\/post"}],"author":[{"embeddable":true,"href":"https:\/\/www.altominho.tv\/site\/wp-json\/wp\/v2\/users\/13"}],"replies":[{"embeddable":true,"href":"https:\/\/www.altominho.tv\/site\/wp-json\/wp\/v2\/comments?post=70026"}],"version-history":[{"count":0,"href":"https:\/\/www.altominho.tv\/site\/wp-json\/wp\/v2\/posts\/70026\/revisions"}],"wp:featuredmedia":[{"embeddable":true,"href":"https:\/\/www.altominho.tv\/site\/wp-json\/wp\/v2\/media\/69827"}],"wp:attachment":[{"href":"https:\/\/www.altominho.tv\/site\/wp-json\/wp\/v2\/media?parent=70026"}],"wp:term":[{"taxonomy":"category","embeddable":true,"href":"https:\/\/www.altominho.tv\/site\/wp-json\/wp\/v2\/categories?post=70026"},{"taxonomy":"post_tag","embeddable":true,"href":"https:\/\/www.altominho.tv\/site\/wp-json\/wp\/v2\/tags?post=70026"}],"curies":[{"name":"wp","href":"https:\/\/api.w.org\/{rel}","templated":true}]}}