{"id":69907,"date":"2021-09-08T12:41:17","date_gmt":"2021-09-08T11:41:17","guid":{"rendered":"https:\/\/www.altominho.tv\/site\/?p=69907"},"modified":"2021-09-08T12:43:00","modified_gmt":"2021-09-08T11:43:00","slug":"casa-das-artes-de-arcos-de-valdevez-apresenta-programacao-diversificada-para-o-ultimo-trimestre-de-2021","status":"publish","type":"post","link":"https:\/\/www.altominho.tv\/site\/2021\/09\/08\/casa-das-artes-de-arcos-de-valdevez-apresenta-programacao-diversificada-para-o-ultimo-trimestre-de-2021\/","title":{"rendered":"Casa das Artes de Arcos de Valdevez apresenta programa\u00e7\u00e3o diversificada para o \u00faltimo trimestre de 2021"},"content":{"rendered":"\n<p class=\"wp-block-paragraph\">A Casa das Artes arcuense, a celebrar 20 anos este ano, apresentou a sua programa\u00e7\u00e3o principal relativa ao \u00faltimo trimestre de 2021.<\/p>\n\n\n\n<p class=\"wp-block-paragraph\">A programa\u00e7\u00e3o assenta numa diversidade de propostas, &#8220;fazendo deste espa\u00e7o cultural municipal o \u00fanico no distrito com uma programa\u00e7\u00e3o permanente, e em todos os meses do ano, desde 2001&#8221;.<\/p>\n\n\n\n<p class=\"wp-block-paragraph\">Na oferta musical os destaques v\u00e3o em outubro para o regresso de David Fonseca, o cine concerto de Paulo Pra\u00e7a ou ainda Carl\u00e3o; em novembro os Linda Martini sobem ao palco, sendo que dezembro \u00e9 preenchido com os Virgem Suta, com primeira parte de Jo\u00e3o Pequeno, e em per\u00edodo pr\u00e9-natal\u00edcio com o trio de gospel The Sey Sisters e ainda com Fernando Tordo e o seu \u201cNatal em Casa de Ary\u201d.<\/p>\n\n\n\n<p class=\"wp-block-paragraph\">O teatro tem igualmente destaque; em novembro o projeto da Perip\u00e9cia Teatro \u201cO Ensaio dos Abutres\u201d e a com\u00e9dia de grande sucesso \u201cFaz-te Homem\u201d, com Ant\u00f3nio Machado e Jo\u00e3o Didelet; em dezembro os mais novos ter\u00e3o igualmente espa\u00e7o com o musical \u201cA Pequena Sereia\u201d, uma produ\u00e7\u00e3o da Companhia Rituais Dell Arte.<\/p>\n\n\n\n<p class=\"wp-block-paragraph\">O cinema \u00e9 tamb\u00e9m marca da programa\u00e7\u00e3o. <\/p>\n\n\n\n<p class=\"wp-block-paragraph\">Para al\u00e9m das mais recentes estreias nacionais apresentadas em todos os fins-de semana, os encontros cinematogr\u00e1ficos ser\u00e3o tamb\u00e9m uma realidade em outubro, primeiro com o Semin\u00e1rio Internacional de Cinema Documental \u201cDoc\u2019s Kingdom\u201d, e ainda no mesmo m\u00eas com o Ciclo de Cinema Galego-Portugu\u00eas, sob o tema \u201cMulheres, Patrim\u00f3nio e Sociedade\u201d.<\/p>\n\n\n\n<p class=\"wp-block-paragraph\">Desta forma a Casa das Artes prepara o regresso do p\u00fablico aos eventos intimistas e de interior.<\/p>\n\n\n\n<p class=\"wp-block-paragraph\">O Munic\u00edpio est\u00e1 a preparar o in\u00edcio de 2022 com diversos projetos, logo em fevereiro com o regresso do primeiro festival do ano, o \u201cSons de Vez\u201d, que comemorar\u00e1 duas dezenas de edi\u00e7\u00f5es consecutivas.<\/p>\n","protected":false},"excerpt":{"rendered":"<p>A Casa das Artes arcuense, a celebrar 20 anos este ano, apresentou a sua programa\u00e7\u00e3o principal relativa ao \u00faltimo trimestre de 2021. A programa\u00e7\u00e3o assenta numa diversidade de propostas, &#8220;fazendo deste espa\u00e7o cultural municipal o \u00fanico no distrito com uma programa\u00e7\u00e3o permanente, e em todos os meses do ano, desde 2001&#8221;. Na oferta musical os [&hellip;]<\/p>\n","protected":false},"author":7,"featured_media":69908,"comment_status":"closed","ping_status":"closed","sticky":false,"template":"","format":"standard","meta":{"_exactmetrics_skip_tracking":false,"footnotes":""},"categories":[2],"tags":[19],"class_list":["post-69907","post","type-post","status-publish","format-standard","has-post-thumbnail","hentry","category-arcos-de-valdevez","tag-cultura"],"yoast_head":"<!-- This site is optimized with the Yoast SEO Premium plugin v28.3 (Yoast SEO v28.3) - https:\/\/yoast.com\/product\/yoast-seo-premium-wordpress\/ -->\n<title>Casa das Artes de Arcos de Valdevez apresenta programa\u00e7\u00e3o diversificada para o \u00faltimo trimestre de 2021<\/title>\n<meta name=\"robots\" content=\"index, follow, max-snippet:-1, max-image-preview:large, max-video-preview:-1\" \/>\n<link rel=\"canonical\" href=\"https:\/\/www.altominho.tv\/site\/2021\/09\/08\/casa-das-artes-de-arcos-de-valdevez-apresenta-programacao-diversificada-para-o-ultimo-trimestre-de-2021\/\" \/>\n<meta property=\"og:locale\" content=\"pt_PT\" \/>\n<meta property=\"og:type\" content=\"article\" \/>\n<meta property=\"og:title\" content=\"Casa das Artes de Arcos de Valdevez apresenta programa\u00e7\u00e3o diversificada para o \u00faltimo trimestre de 2021\" \/>\n<meta property=\"og:description\" content=\"A Casa das Artes arcuense, a celebrar 20 anos este ano, apresentou a sua programa\u00e7\u00e3o principal relativa ao \u00faltimo trimestre de 2021. A programa\u00e7\u00e3o assenta numa diversidade de propostas, &#8220;fazendo deste espa\u00e7o cultural municipal o \u00fanico no distrito com uma programa\u00e7\u00e3o permanente, e em todos os meses do ano, desde 2001&#8221;. Na oferta musical os [&hellip;]\" \/>\n<meta property=\"og:url\" content=\"https:\/\/www.altominho.tv\/site\/2021\/09\/08\/casa-das-artes-de-arcos-de-valdevez-apresenta-programacao-diversificada-para-o-ultimo-trimestre-de-2021\/\" \/>\n<meta property=\"og:site_name\" content=\"Altominho.tv\" \/>\n<meta property=\"article:publisher\" content=\"https:\/\/www.facebook.com\/altominhotv\" \/>\n<meta property=\"article:published_time\" content=\"2021-09-08T11:41:17+00:00\" \/>\n<meta property=\"article:modified_time\" content=\"2021-09-08T11:43:00+00:00\" \/>\n<meta property=\"og:image\" content=\"https:\/\/www.altominho.tv\/site\/wp-content\/uploads\/2021\/09\/casa_artes_006_1_1024_2500.jpeg\" \/>\n\t<meta property=\"og:image:width\" content=\"1024\" \/>\n\t<meta property=\"og:image:height\" content=\"645\" \/>\n\t<meta property=\"og:image:type\" content=\"image\/jpeg\" \/>\n<meta name=\"author\" content=\"Andreia Cunha\" \/>\n<meta name=\"twitter:card\" content=\"summary_large_image\" \/>\n<meta name=\"twitter:creator\" content=\"@altominhoTV\" \/>\n<meta name=\"twitter:site\" content=\"@altominhoTV\" \/>\n<meta name=\"twitter:label1\" content=\"Escrito por\" \/>\n\t<meta name=\"twitter:data1\" content=\"Andreia Cunha\" \/>\n\t<meta name=\"twitter:label2\" content=\"Tempo estimado de leitura\" \/>\n\t<meta name=\"twitter:data2\" content=\"2 minutos\" \/>\n<script type=\"application\/ld+json\" class=\"yoast-schema-graph\">{\"@context\":\"https:\\\/\\\/schema.org\",\"@graph\":[{\"@type\":\"Article\",\"@id\":\"https:\\\/\\\/www.altominho.tv\\\/site\\\/2021\\\/09\\\/08\\\/casa-das-artes-de-arcos-de-valdevez-apresenta-programacao-diversificada-para-o-ultimo-trimestre-de-2021\\\/#article\",\"isPartOf\":{\"@id\":\"https:\\\/\\\/www.altominho.tv\\\/site\\\/2021\\\/09\\\/08\\\/casa-das-artes-de-arcos-de-valdevez-apresenta-programacao-diversificada-para-o-ultimo-trimestre-de-2021\\\/\"},\"author\":{\"name\":\"Andreia Cunha\",\"@id\":\"https:\\\/\\\/www.altominho.tv\\\/site\\\/#\\\/schema\\\/person\\\/a0e4ef6d041f98ca284393d8f1d97153\"},\"headline\":\"Casa das Artes de Arcos de Valdevez apresenta programa\u00e7\u00e3o diversificada para o \u00faltimo trimestre de 2021\",\"datePublished\":\"2021-09-08T11:41:17+00:00\",\"dateModified\":\"2021-09-08T11:43:00+00:00\",\"mainEntityOfPage\":{\"@id\":\"https:\\\/\\\/www.altominho.tv\\\/site\\\/2021\\\/09\\\/08\\\/casa-das-artes-de-arcos-de-valdevez-apresenta-programacao-diversificada-para-o-ultimo-trimestre-de-2021\\\/\"},\"wordCount\":324,\"image\":{\"@id\":\"https:\\\/\\\/www.altominho.tv\\\/site\\\/2021\\\/09\\\/08\\\/casa-das-artes-de-arcos-de-valdevez-apresenta-programacao-diversificada-para-o-ultimo-trimestre-de-2021\\\/#primaryimage\"},\"thumbnailUrl\":\"https:\\\/\\\/www.altominho.tv\\\/site\\\/wp-content\\\/uploads\\\/2021\\\/09\\\/casa_artes_006_1_1024_2500.jpeg\",\"keywords\":[\"Cultura\"],\"articleSection\":[\"Arcos de Valdevez\"],\"inLanguage\":\"pt-PT\",\"copyrightYear\":\"2021\",\"copyrightHolder\":{\"@id\":\"https:\\\/\\\/www.altominho.tv\\\/site\\\/#organization\"}},{\"@type\":\"WebPage\",\"@id\":\"https:\\\/\\\/www.altominho.tv\\\/site\\\/2021\\\/09\\\/08\\\/casa-das-artes-de-arcos-de-valdevez-apresenta-programacao-diversificada-para-o-ultimo-trimestre-de-2021\\\/\",\"url\":\"https:\\\/\\\/www.altominho.tv\\\/site\\\/2021\\\/09\\\/08\\\/casa-das-artes-de-arcos-de-valdevez-apresenta-programacao-diversificada-para-o-ultimo-trimestre-de-2021\\\/\",\"name\":\"Casa das Artes de Arcos de Valdevez apresenta programa\u00e7\u00e3o diversificada para o \u00faltimo trimestre de 2021\",\"isPartOf\":{\"@id\":\"https:\\\/\\\/www.altominho.tv\\\/site\\\/#website\"},\"primaryImageOfPage\":{\"@id\":\"https:\\\/\\\/www.altominho.tv\\\/site\\\/2021\\\/09\\\/08\\\/casa-das-artes-de-arcos-de-valdevez-apresenta-programacao-diversificada-para-o-ultimo-trimestre-de-2021\\\/#primaryimage\"},\"image\":{\"@id\":\"https:\\\/\\\/www.altominho.tv\\\/site\\\/2021\\\/09\\\/08\\\/casa-das-artes-de-arcos-de-valdevez-apresenta-programacao-diversificada-para-o-ultimo-trimestre-de-2021\\\/#primaryimage\"},\"thumbnailUrl\":\"https:\\\/\\\/www.altominho.tv\\\/site\\\/wp-content\\\/uploads\\\/2021\\\/09\\\/casa_artes_006_1_1024_2500.jpeg\",\"datePublished\":\"2021-09-08T11:41:17+00:00\",\"dateModified\":\"2021-09-08T11:43:00+00:00\",\"author\":{\"@id\":\"https:\\\/\\\/www.altominho.tv\\\/site\\\/#\\\/schema\\\/person\\\/a0e4ef6d041f98ca284393d8f1d97153\"},\"breadcrumb\":{\"@id\":\"https:\\\/\\\/www.altominho.tv\\\/site\\\/2021\\\/09\\\/08\\\/casa-das-artes-de-arcos-de-valdevez-apresenta-programacao-diversificada-para-o-ultimo-trimestre-de-2021\\\/#breadcrumb\"},\"inLanguage\":\"pt-PT\",\"potentialAction\":[{\"@type\":\"ReadAction\",\"target\":[\"https:\\\/\\\/www.altominho.tv\\\/site\\\/2021\\\/09\\\/08\\\/casa-das-artes-de-arcos-de-valdevez-apresenta-programacao-diversificada-para-o-ultimo-trimestre-de-2021\\\/\"]}]},{\"@type\":\"ImageObject\",\"inLanguage\":\"pt-PT\",\"@id\":\"https:\\\/\\\/www.altominho.tv\\\/site\\\/2021\\\/09\\\/08\\\/casa-das-artes-de-arcos-de-valdevez-apresenta-programacao-diversificada-para-o-ultimo-trimestre-de-2021\\\/#primaryimage\",\"url\":\"https:\\\/\\\/www.altominho.tv\\\/site\\\/wp-content\\\/uploads\\\/2021\\\/09\\\/casa_artes_006_1_1024_2500.jpeg\",\"contentUrl\":\"https:\\\/\\\/www.altominho.tv\\\/site\\\/wp-content\\\/uploads\\\/2021\\\/09\\\/casa_artes_006_1_1024_2500.jpeg\",\"width\":1024,\"height\":645},{\"@type\":\"BreadcrumbList\",\"@id\":\"https:\\\/\\\/www.altominho.tv\\\/site\\\/2021\\\/09\\\/08\\\/casa-das-artes-de-arcos-de-valdevez-apresenta-programacao-diversificada-para-o-ultimo-trimestre-de-2021\\\/#breadcrumb\",\"itemListElement\":[{\"@type\":\"ListItem\",\"position\":1,\"name\":\"In\u00edcio\",\"item\":\"https:\\\/\\\/www.altominho.tv\\\/site\\\/\"},{\"@type\":\"ListItem\",\"position\":2,\"name\":\"Casa das Artes de Arcos de Valdevez apresenta programa\u00e7\u00e3o diversificada para o \u00faltimo trimestre de 2021\"}]},{\"@type\":\"WebSite\",\"@id\":\"https:\\\/\\\/www.altominho.tv\\\/site\\\/#website\",\"url\":\"https:\\\/\\\/www.altominho.tv\\\/site\\\/\",\"name\":\"Altominho.tv\",\"description\":\"A sua regi\u00e3o \u00e0 dist\u00e2ncia de um clique...\",\"potentialAction\":[{\"@type\":\"SearchAction\",\"target\":{\"@type\":\"EntryPoint\",\"urlTemplate\":\"https:\\\/\\\/www.altominho.tv\\\/site\\\/?s={search_term_string}\"},\"query-input\":{\"@type\":\"PropertyValueSpecification\",\"valueRequired\":true,\"valueName\":\"search_term_string\"}}],\"inLanguage\":\"pt-PT\"},{\"@type\":\"Person\",\"@id\":\"https:\\\/\\\/www.altominho.tv\\\/site\\\/#\\\/schema\\\/person\\\/a0e4ef6d041f98ca284393d8f1d97153\",\"name\":\"Andreia Cunha\",\"image\":{\"@type\":\"ImageObject\",\"inLanguage\":\"pt-PT\",\"@id\":\"https:\\\/\\\/www.altominho.tv\\\/site\\\/wp-content\\\/uploads\\\/2017\\\/11\\\/Andreia_Cunha-1-150x150.jpg\",\"url\":\"https:\\\/\\\/www.altominho.tv\\\/site\\\/wp-content\\\/uploads\\\/2017\\\/11\\\/Andreia_Cunha-1-150x150.jpg\",\"contentUrl\":\"https:\\\/\\\/www.altominho.tv\\\/site\\\/wp-content\\\/uploads\\\/2017\\\/11\\\/Andreia_Cunha-1-150x150.jpg\",\"caption\":\"Andreia Cunha\"},\"url\":\"https:\\\/\\\/www.altominho.tv\\\/site\\\/author\\\/andreiacunha\\\/\"}]}<\/script>\n<!-- \/ Yoast SEO Premium plugin. -->","yoast_head_json":{"title":"Casa das Artes de Arcos de Valdevez apresenta programa\u00e7\u00e3o diversificada para o \u00faltimo trimestre de 2021","robots":{"index":"index","follow":"follow","max-snippet":"max-snippet:-1","max-image-preview":"max-image-preview:large","max-video-preview":"max-video-preview:-1"},"canonical":"https:\/\/www.altominho.tv\/site\/2021\/09\/08\/casa-das-artes-de-arcos-de-valdevez-apresenta-programacao-diversificada-para-o-ultimo-trimestre-de-2021\/","og_locale":"pt_PT","og_type":"article","og_title":"Casa das Artes de Arcos de Valdevez apresenta programa\u00e7\u00e3o diversificada para o \u00faltimo trimestre de 2021","og_description":"A Casa das Artes arcuense, a celebrar 20 anos este ano, apresentou a sua programa\u00e7\u00e3o principal relativa ao \u00faltimo trimestre de 2021. A programa\u00e7\u00e3o assenta numa diversidade de propostas, &#8220;fazendo deste espa\u00e7o cultural municipal o \u00fanico no distrito com uma programa\u00e7\u00e3o permanente, e em todos os meses do ano, desde 2001&#8221;. Na oferta musical os [&hellip;]","og_url":"https:\/\/www.altominho.tv\/site\/2021\/09\/08\/casa-das-artes-de-arcos-de-valdevez-apresenta-programacao-diversificada-para-o-ultimo-trimestre-de-2021\/","og_site_name":"Altominho.tv","article_publisher":"https:\/\/www.facebook.com\/altominhotv","article_published_time":"2021-09-08T11:41:17+00:00","article_modified_time":"2021-09-08T11:43:00+00:00","og_image":[{"width":1024,"height":645,"url":"https:\/\/www.altominho.tv\/site\/wp-content\/uploads\/2021\/09\/casa_artes_006_1_1024_2500.jpeg","type":"image\/jpeg"}],"author":"Andreia Cunha","twitter_card":"summary_large_image","twitter_creator":"@altominhoTV","twitter_site":"@altominhoTV","twitter_misc":{"Escrito por":"Andreia Cunha","Tempo estimado de leitura":"2 minutos"},"schema":{"@context":"https:\/\/schema.org","@graph":[{"@type":"Article","@id":"https:\/\/www.altominho.tv\/site\/2021\/09\/08\/casa-das-artes-de-arcos-de-valdevez-apresenta-programacao-diversificada-para-o-ultimo-trimestre-de-2021\/#article","isPartOf":{"@id":"https:\/\/www.altominho.tv\/site\/2021\/09\/08\/casa-das-artes-de-arcos-de-valdevez-apresenta-programacao-diversificada-para-o-ultimo-trimestre-de-2021\/"},"author":{"name":"Andreia Cunha","@id":"https:\/\/www.altominho.tv\/site\/#\/schema\/person\/a0e4ef6d041f98ca284393d8f1d97153"},"headline":"Casa das Artes de Arcos de Valdevez apresenta programa\u00e7\u00e3o diversificada para o \u00faltimo trimestre de 2021","datePublished":"2021-09-08T11:41:17+00:00","dateModified":"2021-09-08T11:43:00+00:00","mainEntityOfPage":{"@id":"https:\/\/www.altominho.tv\/site\/2021\/09\/08\/casa-das-artes-de-arcos-de-valdevez-apresenta-programacao-diversificada-para-o-ultimo-trimestre-de-2021\/"},"wordCount":324,"image":{"@id":"https:\/\/www.altominho.tv\/site\/2021\/09\/08\/casa-das-artes-de-arcos-de-valdevez-apresenta-programacao-diversificada-para-o-ultimo-trimestre-de-2021\/#primaryimage"},"thumbnailUrl":"https:\/\/www.altominho.tv\/site\/wp-content\/uploads\/2021\/09\/casa_artes_006_1_1024_2500.jpeg","keywords":["Cultura"],"articleSection":["Arcos de Valdevez"],"inLanguage":"pt-PT","copyrightYear":"2021","copyrightHolder":{"@id":"https:\/\/www.altominho.tv\/site\/#organization"}},{"@type":"WebPage","@id":"https:\/\/www.altominho.tv\/site\/2021\/09\/08\/casa-das-artes-de-arcos-de-valdevez-apresenta-programacao-diversificada-para-o-ultimo-trimestre-de-2021\/","url":"https:\/\/www.altominho.tv\/site\/2021\/09\/08\/casa-das-artes-de-arcos-de-valdevez-apresenta-programacao-diversificada-para-o-ultimo-trimestre-de-2021\/","name":"Casa das Artes de Arcos de Valdevez apresenta programa\u00e7\u00e3o diversificada para o \u00faltimo trimestre de 2021","isPartOf":{"@id":"https:\/\/www.altominho.tv\/site\/#website"},"primaryImageOfPage":{"@id":"https:\/\/www.altominho.tv\/site\/2021\/09\/08\/casa-das-artes-de-arcos-de-valdevez-apresenta-programacao-diversificada-para-o-ultimo-trimestre-de-2021\/#primaryimage"},"image":{"@id":"https:\/\/www.altominho.tv\/site\/2021\/09\/08\/casa-das-artes-de-arcos-de-valdevez-apresenta-programacao-diversificada-para-o-ultimo-trimestre-de-2021\/#primaryimage"},"thumbnailUrl":"https:\/\/www.altominho.tv\/site\/wp-content\/uploads\/2021\/09\/casa_artes_006_1_1024_2500.jpeg","datePublished":"2021-09-08T11:41:17+00:00","dateModified":"2021-09-08T11:43:00+00:00","author":{"@id":"https:\/\/www.altominho.tv\/site\/#\/schema\/person\/a0e4ef6d041f98ca284393d8f1d97153"},"breadcrumb":{"@id":"https:\/\/www.altominho.tv\/site\/2021\/09\/08\/casa-das-artes-de-arcos-de-valdevez-apresenta-programacao-diversificada-para-o-ultimo-trimestre-de-2021\/#breadcrumb"},"inLanguage":"pt-PT","potentialAction":[{"@type":"ReadAction","target":["https:\/\/www.altominho.tv\/site\/2021\/09\/08\/casa-das-artes-de-arcos-de-valdevez-apresenta-programacao-diversificada-para-o-ultimo-trimestre-de-2021\/"]}]},{"@type":"ImageObject","inLanguage":"pt-PT","@id":"https:\/\/www.altominho.tv\/site\/2021\/09\/08\/casa-das-artes-de-arcos-de-valdevez-apresenta-programacao-diversificada-para-o-ultimo-trimestre-de-2021\/#primaryimage","url":"https:\/\/www.altominho.tv\/site\/wp-content\/uploads\/2021\/09\/casa_artes_006_1_1024_2500.jpeg","contentUrl":"https:\/\/www.altominho.tv\/site\/wp-content\/uploads\/2021\/09\/casa_artes_006_1_1024_2500.jpeg","width":1024,"height":645},{"@type":"BreadcrumbList","@id":"https:\/\/www.altominho.tv\/site\/2021\/09\/08\/casa-das-artes-de-arcos-de-valdevez-apresenta-programacao-diversificada-para-o-ultimo-trimestre-de-2021\/#breadcrumb","itemListElement":[{"@type":"ListItem","position":1,"name":"In\u00edcio","item":"https:\/\/www.altominho.tv\/site\/"},{"@type":"ListItem","position":2,"name":"Casa das Artes de Arcos de Valdevez apresenta programa\u00e7\u00e3o diversificada para o \u00faltimo trimestre de 2021"}]},{"@type":"WebSite","@id":"https:\/\/www.altominho.tv\/site\/#website","url":"https:\/\/www.altominho.tv\/site\/","name":"Altominho.tv","description":"A sua regi\u00e3o \u00e0 dist\u00e2ncia de um clique...","potentialAction":[{"@type":"SearchAction","target":{"@type":"EntryPoint","urlTemplate":"https:\/\/www.altominho.tv\/site\/?s={search_term_string}"},"query-input":{"@type":"PropertyValueSpecification","valueRequired":true,"valueName":"search_term_string"}}],"inLanguage":"pt-PT"},{"@type":"Person","@id":"https:\/\/www.altominho.tv\/site\/#\/schema\/person\/a0e4ef6d041f98ca284393d8f1d97153","name":"Andreia Cunha","image":{"@type":"ImageObject","inLanguage":"pt-PT","@id":"https:\/\/www.altominho.tv\/site\/wp-content\/uploads\/2017\/11\/Andreia_Cunha-1-150x150.jpg","url":"https:\/\/www.altominho.tv\/site\/wp-content\/uploads\/2017\/11\/Andreia_Cunha-1-150x150.jpg","contentUrl":"https:\/\/www.altominho.tv\/site\/wp-content\/uploads\/2017\/11\/Andreia_Cunha-1-150x150.jpg","caption":"Andreia Cunha"},"url":"https:\/\/www.altominho.tv\/site\/author\/andreiacunha\/"}]}},"_links":{"self":[{"href":"https:\/\/www.altominho.tv\/site\/wp-json\/wp\/v2\/posts\/69907","targetHints":{"allow":["GET"]}}],"collection":[{"href":"https:\/\/www.altominho.tv\/site\/wp-json\/wp\/v2\/posts"}],"about":[{"href":"https:\/\/www.altominho.tv\/site\/wp-json\/wp\/v2\/types\/post"}],"author":[{"embeddable":true,"href":"https:\/\/www.altominho.tv\/site\/wp-json\/wp\/v2\/users\/7"}],"replies":[{"embeddable":true,"href":"https:\/\/www.altominho.tv\/site\/wp-json\/wp\/v2\/comments?post=69907"}],"version-history":[{"count":0,"href":"https:\/\/www.altominho.tv\/site\/wp-json\/wp\/v2\/posts\/69907\/revisions"}],"wp:featuredmedia":[{"embeddable":true,"href":"https:\/\/www.altominho.tv\/site\/wp-json\/wp\/v2\/media\/69908"}],"wp:attachment":[{"href":"https:\/\/www.altominho.tv\/site\/wp-json\/wp\/v2\/media?parent=69907"}],"wp:term":[{"taxonomy":"category","embeddable":true,"href":"https:\/\/www.altominho.tv\/site\/wp-json\/wp\/v2\/categories?post=69907"},{"taxonomy":"post_tag","embeddable":true,"href":"https:\/\/www.altominho.tv\/site\/wp-json\/wp\/v2\/tags?post=69907"}],"curies":[{"name":"wp","href":"https:\/\/api.w.org\/{rel}","templated":true}]}}