{"id":69760,"date":"2021-09-01T18:20:40","date_gmt":"2021-09-01T17:20:40","guid":{"rendered":"https:\/\/www.altominho.tv\/site\/?p=69760"},"modified":"2021-09-01T18:20:44","modified_gmt":"2021-09-01T17:20:44","slug":"alto-minho-regista-mais-uma-morte-por-covid-19-casos-ativos-sobem-para-401","status":"publish","type":"post","link":"https:\/\/www.altominho.tv\/site\/2021\/09\/01\/alto-minho-regista-mais-uma-morte-por-covid-19-casos-ativos-sobem-para-401\/","title":{"rendered":"Alto Minho regista mais uma morte por Covid-19. Casos ativos sobem para 401"},"content":{"rendered":"\n<p class=\"wp-block-paragraph\">A regi\u00e3o do Alto Minho registou nos \u00faltimos dois dias mais uma morte por Covid-19, 114 novos casos e 110 recuperados. O n\u00famero de casos ativos subiu para 401, de acordo com o mais recente relat\u00f3rio enviado pela ULSAM &#8211; Unidade Local de Sa\u00fade do Alto Minho.<\/p>\n\n\n\n<p class=\"wp-block-paragraph\">Viana do Castelo \u00e9 o concelho com maior n\u00famero de casos ativos. Registou desde segunda-feira, 57 novos casos de Covid-19 e 47 recuperados. H\u00e1 agora 141 casos ativos em Viana. <\/p>\n\n\n\n<p class=\"wp-block-paragraph\">Ponte de Lima regista 17 novos casos de infe\u00e7\u00e3o e 21 recuperados. O n\u00famero de casos ativos desceu para 77. <\/p>\n\n\n\n<p class=\"wp-block-paragraph\">No concelho de Arcos de Valdevez h\u00e1 a registar cinco novas infe\u00e7\u00f5es e quatro recuperados. Arcos de Valdevez tem agora 49 casos ativos de Covid-19.<\/p>\n\n\n\n<p class=\"wp-block-paragraph\">Mon\u00e7\u00e3o soma mais onze novos casos e dez recuperados. O concelho tem agora 38 casos ativos de Covid-19. <\/p>\n\n\n\n<p class=\"wp-block-paragraph\">Ponte da Barca conta com oito novos casos de Covid-19 e tr\u00eas recuperados. No concelho h\u00e1 23 casos ativos. <\/p>\n\n\n\n<p class=\"wp-block-paragraph\">Caminha regista quatro novos casos de Covid-19 e dois recuperados. H\u00e1 agora 23 casos ativos.<\/p>\n\n\n\n<p class=\"wp-block-paragraph\">Valen\u00e7a conta com um novo caso, 12 recuperados e uma morte associada \u00e0 Covid-19. H\u00e1 agora 18 casos ativos de Covid-19. <\/p>\n\n\n\n<p class=\"wp-block-paragraph\">Melga\u00e7o tem mais quatro casos confirmados e tr\u00eas recuperados. No concelho h\u00e1 agora 16 casos ativos.<\/p>\n\n\n\n<p class=\"wp-block-paragraph\">Paredes de Coura regista tr\u00eas novos casos e um recuperado. H\u00e1 agora 10 casos ativos neste concelho.<\/p>\n\n\n\n<p class=\"wp-block-paragraph\">Vila Nova de Cerveira soma quatro novos casos e sete recuperados. H\u00e1 agora seis casos ativos de Covid-19.<\/p>\n\n\n\n<p class=\"wp-block-paragraph\">Desde o in\u00edcio da pandemia, o distrito de Viana do Castelo registou um total de 20.930 casos confirmados, 20.099 casos recuperados e 430 \u00f3bitos.<\/p>\n\n\n\n<p class=\"wp-block-paragraph\">H\u00e1 agora no total 401 casos ativos.<\/p>\n\n\n\n<figure class=\"wp-block-image size-large\"><img loading=\"lazy\" decoding=\"async\" width=\"740\" height=\"1024\" src=\"https:\/\/www.altominho.tv\/site\/wp-content\/uploads\/2021\/09\/grelha-740x1024.jpg\" alt=\"\" class=\"wp-image-69762\" srcset=\"https:\/\/www.altominho.tv\/site\/wp-content\/uploads\/2021\/09\/grelha-740x1023.jpg 740w, https:\/\/www.altominho.tv\/site\/wp-content\/uploads\/2021\/09\/grelha-313x433.jpg 313w, https:\/\/www.altominho.tv\/site\/wp-content\/uploads\/2021\/09\/grelha-768x1062.jpg 768w, https:\/\/www.altominho.tv\/site\/wp-content\/uploads\/2021\/09\/grelha-370x512.jpg 370w, https:\/\/www.altominho.tv\/site\/wp-content\/uploads\/2021\/09\/grelha-270x373.jpg 270w, https:\/\/www.altominho.tv\/site\/wp-content\/uploads\/2021\/09\/grelha-570x788.jpg 570w, https:\/\/www.altominho.tv\/site\/wp-content\/uploads\/2021\/09\/grelha.jpg 1099w\" sizes=\"auto, (max-width: 740px) 100vw, 740px\" \/><\/figure>\n","protected":false},"excerpt":{"rendered":"<p>A regi\u00e3o do Alto Minho registou nos \u00faltimos dois dias mais uma morte por Covid-19, 114 novos casos e 110 recuperados. O n\u00famero de casos ativos subiu para 401, de acordo com o mais recente relat\u00f3rio enviado pela ULSAM &#8211; Unidade Local de Sa\u00fade do Alto Minho. Viana do Castelo \u00e9 o concelho com maior [&hellip;]<\/p>\n","protected":false},"author":7,"featured_media":69761,"comment_status":"closed","ping_status":"closed","sticky":false,"template":"","format":"standard","meta":{"_exactmetrics_skip_tracking":false,"footnotes":""},"categories":[73],"tags":[26],"class_list":["post-69760","post","type-post","status-publish","format-standard","has-post-thumbnail","hentry","category-alto-minho","tag-saude"],"yoast_head":"<!-- This site is optimized with the Yoast SEO Premium plugin v28.3 (Yoast SEO v28.3) - https:\/\/yoast.com\/product\/yoast-seo-premium-wordpress\/ -->\n<title>Alto Minho regista mais uma morte por Covid-19. Casos ativos sobem para 401<\/title>\n<meta name=\"robots\" content=\"index, follow, max-snippet:-1, max-image-preview:large, max-video-preview:-1\" \/>\n<link rel=\"canonical\" href=\"https:\/\/www.altominho.tv\/site\/2021\/09\/01\/alto-minho-regista-mais-uma-morte-por-covid-19-casos-ativos-sobem-para-401\/\" \/>\n<meta property=\"og:locale\" content=\"pt_PT\" \/>\n<meta property=\"og:type\" content=\"article\" \/>\n<meta property=\"og:title\" content=\"Alto Minho regista mais uma morte por Covid-19. Casos ativos sobem para 401\" \/>\n<meta property=\"og:description\" content=\"A regi\u00e3o do Alto Minho registou nos \u00faltimos dois dias mais uma morte por Covid-19, 114 novos casos e 110 recuperados. O n\u00famero de casos ativos subiu para 401, de acordo com o mais recente relat\u00f3rio enviado pela ULSAM &#8211; Unidade Local de Sa\u00fade do Alto Minho. Viana do Castelo \u00e9 o concelho com maior [&hellip;]\" \/>\n<meta property=\"og:url\" content=\"https:\/\/www.altominho.tv\/site\/2021\/09\/01\/alto-minho-regista-mais-uma-morte-por-covid-19-casos-ativos-sobem-para-401\/\" \/>\n<meta property=\"og:site_name\" content=\"Altominho.tv\" \/>\n<meta property=\"article:publisher\" content=\"https:\/\/www.facebook.com\/altominhotv\" \/>\n<meta property=\"article:published_time\" content=\"2021-09-01T17:20:40+00:00\" \/>\n<meta property=\"article:modified_time\" content=\"2021-09-01T17:20:44+00:00\" \/>\n<meta property=\"og:image\" content=\"https:\/\/www.altominho.tv\/site\/wp-content\/uploads\/2021\/09\/ulsam-1.jpg\" \/>\n\t<meta property=\"og:image:width\" content=\"740\" \/>\n\t<meta property=\"og:image:height\" content=\"417\" \/>\n\t<meta property=\"og:image:type\" content=\"image\/jpeg\" \/>\n<meta name=\"author\" content=\"Andreia Cunha\" \/>\n<meta name=\"twitter:card\" content=\"summary_large_image\" \/>\n<meta name=\"twitter:creator\" content=\"@altominhoTV\" \/>\n<meta name=\"twitter:site\" content=\"@altominhoTV\" \/>\n<meta name=\"twitter:label1\" content=\"Escrito por\" \/>\n\t<meta name=\"twitter:data1\" content=\"Andreia Cunha\" \/>\n\t<meta name=\"twitter:label2\" content=\"Tempo estimado de leitura\" \/>\n\t<meta name=\"twitter:data2\" content=\"2 minutos\" \/>\n<script type=\"application\/ld+json\" class=\"yoast-schema-graph\">{\"@context\":\"https:\\\/\\\/schema.org\",\"@graph\":[{\"@type\":\"Article\",\"@id\":\"https:\\\/\\\/www.altominho.tv\\\/site\\\/2021\\\/09\\\/01\\\/alto-minho-regista-mais-uma-morte-por-covid-19-casos-ativos-sobem-para-401\\\/#article\",\"isPartOf\":{\"@id\":\"https:\\\/\\\/www.altominho.tv\\\/site\\\/2021\\\/09\\\/01\\\/alto-minho-regista-mais-uma-morte-por-covid-19-casos-ativos-sobem-para-401\\\/\"},\"author\":{\"name\":\"Andreia Cunha\",\"@id\":\"https:\\\/\\\/www.altominho.tv\\\/site\\\/#\\\/schema\\\/person\\\/a0e4ef6d041f98ca284393d8f1d97153\"},\"headline\":\"Alto Minho regista mais uma morte por Covid-19. Casos ativos sobem para 401\",\"datePublished\":\"2021-09-01T17:20:40+00:00\",\"dateModified\":\"2021-09-01T17:20:44+00:00\",\"mainEntityOfPage\":{\"@id\":\"https:\\\/\\\/www.altominho.tv\\\/site\\\/2021\\\/09\\\/01\\\/alto-minho-regista-mais-uma-morte-por-covid-19-casos-ativos-sobem-para-401\\\/\"},\"wordCount\":281,\"image\":{\"@id\":\"https:\\\/\\\/www.altominho.tv\\\/site\\\/2021\\\/09\\\/01\\\/alto-minho-regista-mais-uma-morte-por-covid-19-casos-ativos-sobem-para-401\\\/#primaryimage\"},\"thumbnailUrl\":\"https:\\\/\\\/www.altominho.tv\\\/site\\\/wp-content\\\/uploads\\\/2021\\\/09\\\/ulsam-1.jpg\",\"keywords\":[\"Sa\u00fade\"],\"articleSection\":[\"Alto Minho\"],\"inLanguage\":\"pt-PT\",\"copyrightYear\":\"2021\",\"copyrightHolder\":{\"@id\":\"https:\\\/\\\/www.altominho.tv\\\/site\\\/#organization\"}},{\"@type\":\"WebPage\",\"@id\":\"https:\\\/\\\/www.altominho.tv\\\/site\\\/2021\\\/09\\\/01\\\/alto-minho-regista-mais-uma-morte-por-covid-19-casos-ativos-sobem-para-401\\\/\",\"url\":\"https:\\\/\\\/www.altominho.tv\\\/site\\\/2021\\\/09\\\/01\\\/alto-minho-regista-mais-uma-morte-por-covid-19-casos-ativos-sobem-para-401\\\/\",\"name\":\"Alto Minho regista mais uma morte por Covid-19. Casos ativos sobem para 401\",\"isPartOf\":{\"@id\":\"https:\\\/\\\/www.altominho.tv\\\/site\\\/#website\"},\"primaryImageOfPage\":{\"@id\":\"https:\\\/\\\/www.altominho.tv\\\/site\\\/2021\\\/09\\\/01\\\/alto-minho-regista-mais-uma-morte-por-covid-19-casos-ativos-sobem-para-401\\\/#primaryimage\"},\"image\":{\"@id\":\"https:\\\/\\\/www.altominho.tv\\\/site\\\/2021\\\/09\\\/01\\\/alto-minho-regista-mais-uma-morte-por-covid-19-casos-ativos-sobem-para-401\\\/#primaryimage\"},\"thumbnailUrl\":\"https:\\\/\\\/www.altominho.tv\\\/site\\\/wp-content\\\/uploads\\\/2021\\\/09\\\/ulsam-1.jpg\",\"datePublished\":\"2021-09-01T17:20:40+00:00\",\"dateModified\":\"2021-09-01T17:20:44+00:00\",\"author\":{\"@id\":\"https:\\\/\\\/www.altominho.tv\\\/site\\\/#\\\/schema\\\/person\\\/a0e4ef6d041f98ca284393d8f1d97153\"},\"breadcrumb\":{\"@id\":\"https:\\\/\\\/www.altominho.tv\\\/site\\\/2021\\\/09\\\/01\\\/alto-minho-regista-mais-uma-morte-por-covid-19-casos-ativos-sobem-para-401\\\/#breadcrumb\"},\"inLanguage\":\"pt-PT\",\"potentialAction\":[{\"@type\":\"ReadAction\",\"target\":[\"https:\\\/\\\/www.altominho.tv\\\/site\\\/2021\\\/09\\\/01\\\/alto-minho-regista-mais-uma-morte-por-covid-19-casos-ativos-sobem-para-401\\\/\"]}]},{\"@type\":\"ImageObject\",\"inLanguage\":\"pt-PT\",\"@id\":\"https:\\\/\\\/www.altominho.tv\\\/site\\\/2021\\\/09\\\/01\\\/alto-minho-regista-mais-uma-morte-por-covid-19-casos-ativos-sobem-para-401\\\/#primaryimage\",\"url\":\"https:\\\/\\\/www.altominho.tv\\\/site\\\/wp-content\\\/uploads\\\/2021\\\/09\\\/ulsam-1.jpg\",\"contentUrl\":\"https:\\\/\\\/www.altominho.tv\\\/site\\\/wp-content\\\/uploads\\\/2021\\\/09\\\/ulsam-1.jpg\",\"width\":740,\"height\":417},{\"@type\":\"BreadcrumbList\",\"@id\":\"https:\\\/\\\/www.altominho.tv\\\/site\\\/2021\\\/09\\\/01\\\/alto-minho-regista-mais-uma-morte-por-covid-19-casos-ativos-sobem-para-401\\\/#breadcrumb\",\"itemListElement\":[{\"@type\":\"ListItem\",\"position\":1,\"name\":\"In\u00edcio\",\"item\":\"https:\\\/\\\/www.altominho.tv\\\/site\\\/\"},{\"@type\":\"ListItem\",\"position\":2,\"name\":\"Alto Minho regista mais uma morte por Covid-19. Casos ativos sobem para 401\"}]},{\"@type\":\"WebSite\",\"@id\":\"https:\\\/\\\/www.altominho.tv\\\/site\\\/#website\",\"url\":\"https:\\\/\\\/www.altominho.tv\\\/site\\\/\",\"name\":\"Altominho.tv\",\"description\":\"A sua regi\u00e3o \u00e0 dist\u00e2ncia de um clique...\",\"potentialAction\":[{\"@type\":\"SearchAction\",\"target\":{\"@type\":\"EntryPoint\",\"urlTemplate\":\"https:\\\/\\\/www.altominho.tv\\\/site\\\/?s={search_term_string}\"},\"query-input\":{\"@type\":\"PropertyValueSpecification\",\"valueRequired\":true,\"valueName\":\"search_term_string\"}}],\"inLanguage\":\"pt-PT\"},{\"@type\":\"Person\",\"@id\":\"https:\\\/\\\/www.altominho.tv\\\/site\\\/#\\\/schema\\\/person\\\/a0e4ef6d041f98ca284393d8f1d97153\",\"name\":\"Andreia Cunha\",\"image\":{\"@type\":\"ImageObject\",\"inLanguage\":\"pt-PT\",\"@id\":\"https:\\\/\\\/www.altominho.tv\\\/site\\\/wp-content\\\/uploads\\\/2017\\\/11\\\/Andreia_Cunha-1-150x150.jpg\",\"url\":\"https:\\\/\\\/www.altominho.tv\\\/site\\\/wp-content\\\/uploads\\\/2017\\\/11\\\/Andreia_Cunha-1-150x150.jpg\",\"contentUrl\":\"https:\\\/\\\/www.altominho.tv\\\/site\\\/wp-content\\\/uploads\\\/2017\\\/11\\\/Andreia_Cunha-1-150x150.jpg\",\"caption\":\"Andreia Cunha\"},\"url\":\"https:\\\/\\\/www.altominho.tv\\\/site\\\/author\\\/andreiacunha\\\/\"}]}<\/script>\n<!-- \/ Yoast SEO Premium plugin. -->","yoast_head_json":{"title":"Alto Minho regista mais uma morte por Covid-19. Casos ativos sobem para 401","robots":{"index":"index","follow":"follow","max-snippet":"max-snippet:-1","max-image-preview":"max-image-preview:large","max-video-preview":"max-video-preview:-1"},"canonical":"https:\/\/www.altominho.tv\/site\/2021\/09\/01\/alto-minho-regista-mais-uma-morte-por-covid-19-casos-ativos-sobem-para-401\/","og_locale":"pt_PT","og_type":"article","og_title":"Alto Minho regista mais uma morte por Covid-19. Casos ativos sobem para 401","og_description":"A regi\u00e3o do Alto Minho registou nos \u00faltimos dois dias mais uma morte por Covid-19, 114 novos casos e 110 recuperados. O n\u00famero de casos ativos subiu para 401, de acordo com o mais recente relat\u00f3rio enviado pela ULSAM &#8211; Unidade Local de Sa\u00fade do Alto Minho. Viana do Castelo \u00e9 o concelho com maior [&hellip;]","og_url":"https:\/\/www.altominho.tv\/site\/2021\/09\/01\/alto-minho-regista-mais-uma-morte-por-covid-19-casos-ativos-sobem-para-401\/","og_site_name":"Altominho.tv","article_publisher":"https:\/\/www.facebook.com\/altominhotv","article_published_time":"2021-09-01T17:20:40+00:00","article_modified_time":"2021-09-01T17:20:44+00:00","og_image":[{"width":740,"height":417,"url":"https:\/\/www.altominho.tv\/site\/wp-content\/uploads\/2021\/09\/ulsam-1.jpg","type":"image\/jpeg"}],"author":"Andreia Cunha","twitter_card":"summary_large_image","twitter_creator":"@altominhoTV","twitter_site":"@altominhoTV","twitter_misc":{"Escrito por":"Andreia Cunha","Tempo estimado de leitura":"2 minutos"},"schema":{"@context":"https:\/\/schema.org","@graph":[{"@type":"Article","@id":"https:\/\/www.altominho.tv\/site\/2021\/09\/01\/alto-minho-regista-mais-uma-morte-por-covid-19-casos-ativos-sobem-para-401\/#article","isPartOf":{"@id":"https:\/\/www.altominho.tv\/site\/2021\/09\/01\/alto-minho-regista-mais-uma-morte-por-covid-19-casos-ativos-sobem-para-401\/"},"author":{"name":"Andreia Cunha","@id":"https:\/\/www.altominho.tv\/site\/#\/schema\/person\/a0e4ef6d041f98ca284393d8f1d97153"},"headline":"Alto Minho regista mais uma morte por Covid-19. Casos ativos sobem para 401","datePublished":"2021-09-01T17:20:40+00:00","dateModified":"2021-09-01T17:20:44+00:00","mainEntityOfPage":{"@id":"https:\/\/www.altominho.tv\/site\/2021\/09\/01\/alto-minho-regista-mais-uma-morte-por-covid-19-casos-ativos-sobem-para-401\/"},"wordCount":281,"image":{"@id":"https:\/\/www.altominho.tv\/site\/2021\/09\/01\/alto-minho-regista-mais-uma-morte-por-covid-19-casos-ativos-sobem-para-401\/#primaryimage"},"thumbnailUrl":"https:\/\/www.altominho.tv\/site\/wp-content\/uploads\/2021\/09\/ulsam-1.jpg","keywords":["Sa\u00fade"],"articleSection":["Alto Minho"],"inLanguage":"pt-PT","copyrightYear":"2021","copyrightHolder":{"@id":"https:\/\/www.altominho.tv\/site\/#organization"}},{"@type":"WebPage","@id":"https:\/\/www.altominho.tv\/site\/2021\/09\/01\/alto-minho-regista-mais-uma-morte-por-covid-19-casos-ativos-sobem-para-401\/","url":"https:\/\/www.altominho.tv\/site\/2021\/09\/01\/alto-minho-regista-mais-uma-morte-por-covid-19-casos-ativos-sobem-para-401\/","name":"Alto Minho regista mais uma morte por Covid-19. Casos ativos sobem para 401","isPartOf":{"@id":"https:\/\/www.altominho.tv\/site\/#website"},"primaryImageOfPage":{"@id":"https:\/\/www.altominho.tv\/site\/2021\/09\/01\/alto-minho-regista-mais-uma-morte-por-covid-19-casos-ativos-sobem-para-401\/#primaryimage"},"image":{"@id":"https:\/\/www.altominho.tv\/site\/2021\/09\/01\/alto-minho-regista-mais-uma-morte-por-covid-19-casos-ativos-sobem-para-401\/#primaryimage"},"thumbnailUrl":"https:\/\/www.altominho.tv\/site\/wp-content\/uploads\/2021\/09\/ulsam-1.jpg","datePublished":"2021-09-01T17:20:40+00:00","dateModified":"2021-09-01T17:20:44+00:00","author":{"@id":"https:\/\/www.altominho.tv\/site\/#\/schema\/person\/a0e4ef6d041f98ca284393d8f1d97153"},"breadcrumb":{"@id":"https:\/\/www.altominho.tv\/site\/2021\/09\/01\/alto-minho-regista-mais-uma-morte-por-covid-19-casos-ativos-sobem-para-401\/#breadcrumb"},"inLanguage":"pt-PT","potentialAction":[{"@type":"ReadAction","target":["https:\/\/www.altominho.tv\/site\/2021\/09\/01\/alto-minho-regista-mais-uma-morte-por-covid-19-casos-ativos-sobem-para-401\/"]}]},{"@type":"ImageObject","inLanguage":"pt-PT","@id":"https:\/\/www.altominho.tv\/site\/2021\/09\/01\/alto-minho-regista-mais-uma-morte-por-covid-19-casos-ativos-sobem-para-401\/#primaryimage","url":"https:\/\/www.altominho.tv\/site\/wp-content\/uploads\/2021\/09\/ulsam-1.jpg","contentUrl":"https:\/\/www.altominho.tv\/site\/wp-content\/uploads\/2021\/09\/ulsam-1.jpg","width":740,"height":417},{"@type":"BreadcrumbList","@id":"https:\/\/www.altominho.tv\/site\/2021\/09\/01\/alto-minho-regista-mais-uma-morte-por-covid-19-casos-ativos-sobem-para-401\/#breadcrumb","itemListElement":[{"@type":"ListItem","position":1,"name":"In\u00edcio","item":"https:\/\/www.altominho.tv\/site\/"},{"@type":"ListItem","position":2,"name":"Alto Minho regista mais uma morte por Covid-19. Casos ativos sobem para 401"}]},{"@type":"WebSite","@id":"https:\/\/www.altominho.tv\/site\/#website","url":"https:\/\/www.altominho.tv\/site\/","name":"Altominho.tv","description":"A sua regi\u00e3o \u00e0 dist\u00e2ncia de um clique...","potentialAction":[{"@type":"SearchAction","target":{"@type":"EntryPoint","urlTemplate":"https:\/\/www.altominho.tv\/site\/?s={search_term_string}"},"query-input":{"@type":"PropertyValueSpecification","valueRequired":true,"valueName":"search_term_string"}}],"inLanguage":"pt-PT"},{"@type":"Person","@id":"https:\/\/www.altominho.tv\/site\/#\/schema\/person\/a0e4ef6d041f98ca284393d8f1d97153","name":"Andreia Cunha","image":{"@type":"ImageObject","inLanguage":"pt-PT","@id":"https:\/\/www.altominho.tv\/site\/wp-content\/uploads\/2017\/11\/Andreia_Cunha-1-150x150.jpg","url":"https:\/\/www.altominho.tv\/site\/wp-content\/uploads\/2017\/11\/Andreia_Cunha-1-150x150.jpg","contentUrl":"https:\/\/www.altominho.tv\/site\/wp-content\/uploads\/2017\/11\/Andreia_Cunha-1-150x150.jpg","caption":"Andreia Cunha"},"url":"https:\/\/www.altominho.tv\/site\/author\/andreiacunha\/"}]}},"_links":{"self":[{"href":"https:\/\/www.altominho.tv\/site\/wp-json\/wp\/v2\/posts\/69760","targetHints":{"allow":["GET"]}}],"collection":[{"href":"https:\/\/www.altominho.tv\/site\/wp-json\/wp\/v2\/posts"}],"about":[{"href":"https:\/\/www.altominho.tv\/site\/wp-json\/wp\/v2\/types\/post"}],"author":[{"embeddable":true,"href":"https:\/\/www.altominho.tv\/site\/wp-json\/wp\/v2\/users\/7"}],"replies":[{"embeddable":true,"href":"https:\/\/www.altominho.tv\/site\/wp-json\/wp\/v2\/comments?post=69760"}],"version-history":[{"count":0,"href":"https:\/\/www.altominho.tv\/site\/wp-json\/wp\/v2\/posts\/69760\/revisions"}],"wp:featuredmedia":[{"embeddable":true,"href":"https:\/\/www.altominho.tv\/site\/wp-json\/wp\/v2\/media\/69761"}],"wp:attachment":[{"href":"https:\/\/www.altominho.tv\/site\/wp-json\/wp\/v2\/media?parent=69760"}],"wp:term":[{"taxonomy":"category","embeddable":true,"href":"https:\/\/www.altominho.tv\/site\/wp-json\/wp\/v2\/categories?post=69760"},{"taxonomy":"post_tag","embeddable":true,"href":"https:\/\/www.altominho.tv\/site\/wp-json\/wp\/v2\/tags?post=69760"}],"curies":[{"name":"wp","href":"https:\/\/api.w.org\/{rel}","templated":true}]}}