{"id":69757,"date":"2021-09-01T17:44:38","date_gmt":"2021-09-01T16:44:38","guid":{"rendered":"https:\/\/www.altominho.tv\/site\/?p=69757"},"modified":"2021-09-01T17:44:43","modified_gmt":"2021-09-01T16:44:43","slug":"incidencia-de-infecoes-sobe-e-rt-mantem-se","status":"publish","type":"post","link":"https:\/\/www.altominho.tv\/site\/2021\/09\/01\/incidencia-de-infecoes-sobe-e-rt-mantem-se\/","title":{"rendered":"Incid\u00eancia de infe\u00e7\u00f5es sobe e Rt mant\u00e9m-se"},"content":{"rendered":"\n<p>A taxa de incid\u00eancia de infe\u00e7\u00f5es nos \u00faltimos 14 dias regista hoje uma subida face a segunda-feira, enquanto o \u00edndice de transmissibilidade do coronav\u00edrus SARS-CoV-2 se mant\u00e9m.<\/p>\n\n\n\n<p>Segundo o boletim epidemiol\u00f3gico conjunto da Dire\u00e7\u00e3o-Geral da Sa\u00fade e do Instituto Nacional de Sa\u00fade Doutor Ricardo Jorge divulgado hoje, a taxa de incid\u00eancia (m\u00e9dia de novos casos por 100.000 habitantes nos \u00faltimos 14 dias) nacional subiu de 297,7 para 303,5.<\/p>\n\n\n\n<p>Em Portugal continental, a taxa de incid\u00eancia subiu 303,3 para 310,2.<\/p>\n\n\n\n<p>O Rt &#8211; que estima o n\u00famero de casos secund\u00e1rios de infe\u00e7\u00e3o resultantes de uma pessoa portadora do v\u00edrus &#8211; mant\u00e9m-se em 0,99 em Portugal continental e em 0,98 em todo o territ\u00f3rio nacional.<\/p>\n\n\n\n<p>Os dados do Rt e da incid\u00eancia de novos casos por 100 mil habitantes a 14 dias &#8211; indicadores que comp\u00f5em a matriz de risco de acompanhamento da pandemia &#8211; s\u00e3o atualizados pelas autoridades de sa\u00fade \u00e0 segunda-feira, \u00e0 quarta-feira e \u00e0 sexta-feira.<\/p>\n\n\n\n<p>O n\u00edvel de risco na matriz de monitoriza\u00e7\u00e3o da pandemia de covid-19 fixa-se em 480 casos por 100 mil habitantes a 14 dias, em vez dos anteriores 240.<\/p>\n\n\n\n<p>De acordo com o portal do Governo para a covid-19, \u201ca monitoriza\u00e7\u00e3o da evolu\u00e7\u00e3o da pandemia continuar\u00e1 a ser feita com base nos indicadores de incid\u00eancia e Rt, adaptados de acordo com a evolu\u00e7\u00e3o da vacina\u00e7\u00e3o (n\u00edvel de alerta passa para 240, n\u00edvel de risco passa para 480)\u201d.<\/p>\n\n\n\n<p>A covid-19 provocou pelo menos 4.518.163 mortes em todo o mundo, entre mais de 217,63 milh\u00f5es de infe\u00e7\u00f5es pelo novo coronav\u00edrus registadas desde o in\u00edcio da pandemia, segundo o mais recente balan\u00e7o da ag\u00eancia France-Presse.<\/p>\n\n\n\n<p>Em Portugal, desde mar\u00e7o de 2020, morreram 17.757 pessoas e foram contabilizados 1.039.492 casos de infe\u00e7\u00e3o confirmados, segundo dados da Dire\u00e7\u00e3o-Geral da Sa\u00fade.<\/p>\n\n\n\n<p>A doen\u00e7a respirat\u00f3ria \u00e9 provocada pelo coronav\u00edrus SARS-CoV-2, detetado no final de 2019 em Wuhan, cidade do centro da China, e atualmente com variantes identificadas em pa\u00edses como o Reino Unido, \u00cdndia, \u00c1frica do Sul, Brasil ou Peru.<\/p>\n","protected":false},"excerpt":{"rendered":"<p>A taxa de incid\u00eancia de infe\u00e7\u00f5es nos \u00faltimos 14 dias regista hoje uma subida face a segunda-feira, enquanto o \u00edndice de transmissibilidade do coronav\u00edrus SARS-CoV-2 se mant\u00e9m. Segundo o boletim epidemiol\u00f3gico conjunto da Dire\u00e7\u00e3o-Geral da Sa\u00fade e do Instituto Nacional de Sa\u00fade Doutor Ricardo Jorge divulgado hoje, a taxa de incid\u00eancia (m\u00e9dia de novos casos [&hellip;]<\/p>\n","protected":false},"author":16,"featured_media":69758,"comment_status":"closed","ping_status":"closed","sticky":false,"template":"","format":"standard","meta":{"_exactmetrics_skip_tracking":false,"_exactmetrics_sitenote_active":false,"_exactmetrics_sitenote_note":"","_exactmetrics_sitenote_category":0,"footnotes":""},"categories":[42722],"tags":[26],"class_list":["post-69757","post","type-post","status-publish","format-standard","has-post-thumbnail","hentry","category-covid-19","tag-saude"],"yoast_head":"<!-- This site is optimized with the Yoast SEO Premium plugin v27.5 (Yoast SEO v27.5) - https:\/\/yoast.com\/product\/yoast-seo-premium-wordpress\/ -->\n<title>Incid\u00eancia de infe\u00e7\u00f5es sobe e Rt mant\u00e9m-se<\/title>\n<meta name=\"robots\" content=\"index, follow, max-snippet:-1, max-image-preview:large, max-video-preview:-1\" \/>\n<link rel=\"canonical\" href=\"https:\/\/www.altominho.tv\/site\/2021\/09\/01\/incidencia-de-infecoes-sobe-e-rt-mantem-se\/\" \/>\n<meta property=\"og:locale\" content=\"pt_PT\" \/>\n<meta property=\"og:type\" content=\"article\" \/>\n<meta property=\"og:title\" content=\"Incid\u00eancia de infe\u00e7\u00f5es sobe e Rt mant\u00e9m-se\" \/>\n<meta property=\"og:description\" content=\"A taxa de incid\u00eancia de infe\u00e7\u00f5es nos \u00faltimos 14 dias regista hoje uma subida face a segunda-feira, enquanto o \u00edndice de transmissibilidade do coronav\u00edrus SARS-CoV-2 se mant\u00e9m. Segundo o boletim epidemiol\u00f3gico conjunto da Dire\u00e7\u00e3o-Geral da Sa\u00fade e do Instituto Nacional de Sa\u00fade Doutor Ricardo Jorge divulgado hoje, a taxa de incid\u00eancia (m\u00e9dia de novos casos [&hellip;]\" \/>\n<meta property=\"og:url\" content=\"https:\/\/www.altominho.tv\/site\/2021\/09\/01\/incidencia-de-infecoes-sobe-e-rt-mantem-se\/\" \/>\n<meta property=\"og:site_name\" content=\"Altominho.tv\" \/>\n<meta property=\"article:publisher\" content=\"https:\/\/www.facebook.com\/altominhotv\" \/>\n<meta property=\"article:published_time\" content=\"2021-09-01T16:44:38+00:00\" \/>\n<meta property=\"article:modified_time\" content=\"2021-09-01T16:44:43+00:00\" \/>\n<meta property=\"og:image\" content=\"https:\/\/www.altominho.tv\/site\/wp-content\/uploads\/2021\/09\/covid-hospitais.jpg\" \/>\n\t<meta property=\"og:image:width\" content=\"860\" \/>\n\t<meta property=\"og:image:height\" content=\"472\" \/>\n\t<meta property=\"og:image:type\" content=\"image\/jpeg\" \/>\n<meta name=\"author\" content=\"Andreia Cunha | Lusa\" \/>\n<meta name=\"twitter:card\" content=\"summary_large_image\" \/>\n<meta name=\"twitter:creator\" content=\"@altominhoTV\" \/>\n<meta name=\"twitter:site\" content=\"@altominhoTV\" \/>\n<meta name=\"twitter:label1\" content=\"Escrito por\" \/>\n\t<meta name=\"twitter:data1\" content=\"Andreia Cunha | Lusa\" \/>\n\t<meta name=\"twitter:label2\" content=\"Tempo estimado de leitura\" \/>\n\t<meta name=\"twitter:data2\" content=\"2 minutos\" \/>\n<script type=\"application\/ld+json\" class=\"yoast-schema-graph\">{\"@context\":\"https:\\\/\\\/schema.org\",\"@graph\":[{\"@type\":\"Article\",\"@id\":\"https:\\\/\\\/www.altominho.tv\\\/site\\\/2021\\\/09\\\/01\\\/incidencia-de-infecoes-sobe-e-rt-mantem-se\\\/#article\",\"isPartOf\":{\"@id\":\"https:\\\/\\\/www.altominho.tv\\\/site\\\/2021\\\/09\\\/01\\\/incidencia-de-infecoes-sobe-e-rt-mantem-se\\\/\"},\"author\":{\"name\":\"Andreia Cunha | Lusa\",\"@id\":\"https:\\\/\\\/www.altominho.tv\\\/site\\\/#\\\/schema\\\/person\\\/dbaf181c01b51ff40c9f461a905d321e\"},\"headline\":\"Incid\u00eancia de infe\u00e7\u00f5es sobe e Rt mant\u00e9m-se\",\"datePublished\":\"2021-09-01T16:44:38+00:00\",\"dateModified\":\"2021-09-01T16:44:43+00:00\",\"mainEntityOfPage\":{\"@id\":\"https:\\\/\\\/www.altominho.tv\\\/site\\\/2021\\\/09\\\/01\\\/incidencia-de-infecoes-sobe-e-rt-mantem-se\\\/\"},\"wordCount\":355,\"image\":{\"@id\":\"https:\\\/\\\/www.altominho.tv\\\/site\\\/2021\\\/09\\\/01\\\/incidencia-de-infecoes-sobe-e-rt-mantem-se\\\/#primaryimage\"},\"thumbnailUrl\":\"https:\\\/\\\/www.altominho.tv\\\/site\\\/wp-content\\\/uploads\\\/2021\\\/09\\\/covid-hospitais.jpg\",\"keywords\":[\"Sa\u00fade\"],\"articleSection\":[\"Coronav\u00edrus\"],\"inLanguage\":\"pt-PT\",\"copyrightYear\":\"2021\",\"copyrightHolder\":{\"@id\":\"https:\\\/\\\/www.altominho.tv\\\/site\\\/#organization\"}},{\"@type\":\"WebPage\",\"@id\":\"https:\\\/\\\/www.altominho.tv\\\/site\\\/2021\\\/09\\\/01\\\/incidencia-de-infecoes-sobe-e-rt-mantem-se\\\/\",\"url\":\"https:\\\/\\\/www.altominho.tv\\\/site\\\/2021\\\/09\\\/01\\\/incidencia-de-infecoes-sobe-e-rt-mantem-se\\\/\",\"name\":\"Incid\u00eancia de infe\u00e7\u00f5es sobe e Rt mant\u00e9m-se\",\"isPartOf\":{\"@id\":\"https:\\\/\\\/www.altominho.tv\\\/site\\\/#website\"},\"primaryImageOfPage\":{\"@id\":\"https:\\\/\\\/www.altominho.tv\\\/site\\\/2021\\\/09\\\/01\\\/incidencia-de-infecoes-sobe-e-rt-mantem-se\\\/#primaryimage\"},\"image\":{\"@id\":\"https:\\\/\\\/www.altominho.tv\\\/site\\\/2021\\\/09\\\/01\\\/incidencia-de-infecoes-sobe-e-rt-mantem-se\\\/#primaryimage\"},\"thumbnailUrl\":\"https:\\\/\\\/www.altominho.tv\\\/site\\\/wp-content\\\/uploads\\\/2021\\\/09\\\/covid-hospitais.jpg\",\"datePublished\":\"2021-09-01T16:44:38+00:00\",\"dateModified\":\"2021-09-01T16:44:43+00:00\",\"author\":{\"@id\":\"https:\\\/\\\/www.altominho.tv\\\/site\\\/#\\\/schema\\\/person\\\/dbaf181c01b51ff40c9f461a905d321e\"},\"breadcrumb\":{\"@id\":\"https:\\\/\\\/www.altominho.tv\\\/site\\\/2021\\\/09\\\/01\\\/incidencia-de-infecoes-sobe-e-rt-mantem-se\\\/#breadcrumb\"},\"inLanguage\":\"pt-PT\",\"potentialAction\":[{\"@type\":\"ReadAction\",\"target\":[\"https:\\\/\\\/www.altominho.tv\\\/site\\\/2021\\\/09\\\/01\\\/incidencia-de-infecoes-sobe-e-rt-mantem-se\\\/\"]}]},{\"@type\":\"ImageObject\",\"inLanguage\":\"pt-PT\",\"@id\":\"https:\\\/\\\/www.altominho.tv\\\/site\\\/2021\\\/09\\\/01\\\/incidencia-de-infecoes-sobe-e-rt-mantem-se\\\/#primaryimage\",\"url\":\"https:\\\/\\\/www.altominho.tv\\\/site\\\/wp-content\\\/uploads\\\/2021\\\/09\\\/covid-hospitais.jpg\",\"contentUrl\":\"https:\\\/\\\/www.altominho.tv\\\/site\\\/wp-content\\\/uploads\\\/2021\\\/09\\\/covid-hospitais.jpg\",\"width\":860,\"height\":472},{\"@type\":\"BreadcrumbList\",\"@id\":\"https:\\\/\\\/www.altominho.tv\\\/site\\\/2021\\\/09\\\/01\\\/incidencia-de-infecoes-sobe-e-rt-mantem-se\\\/#breadcrumb\",\"itemListElement\":[{\"@type\":\"ListItem\",\"position\":1,\"name\":\"In\u00edcio\",\"item\":\"https:\\\/\\\/www.altominho.tv\\\/site\\\/\"},{\"@type\":\"ListItem\",\"position\":2,\"name\":\"Incid\u00eancia de infe\u00e7\u00f5es sobe e Rt mant\u00e9m-se\"}]},{\"@type\":\"WebSite\",\"@id\":\"https:\\\/\\\/www.altominho.tv\\\/site\\\/#website\",\"url\":\"https:\\\/\\\/www.altominho.tv\\\/site\\\/\",\"name\":\"Altominho.tv\",\"description\":\"A sua regi\u00e3o \u00e0 dist\u00e2ncia de um clique...\",\"potentialAction\":[{\"@type\":\"SearchAction\",\"target\":{\"@type\":\"EntryPoint\",\"urlTemplate\":\"https:\\\/\\\/www.altominho.tv\\\/site\\\/?s={search_term_string}\"},\"query-input\":{\"@type\":\"PropertyValueSpecification\",\"valueRequired\":true,\"valueName\":\"search_term_string\"}}],\"inLanguage\":\"pt-PT\"},{\"@type\":\"Person\",\"@id\":\"https:\\\/\\\/www.altominho.tv\\\/site\\\/#\\\/schema\\\/person\\\/dbaf181c01b51ff40c9f461a905d321e\",\"name\":\"Andreia Cunha | Lusa\",\"image\":{\"@type\":\"ImageObject\",\"inLanguage\":\"pt-PT\",\"@id\":\"https:\\\/\\\/www.altominho.tv\\\/site\\\/wp-content\\\/uploads\\\/2017\\\/11\\\/Andreia_Cunha-1-150x150.jpg\",\"url\":\"https:\\\/\\\/www.altominho.tv\\\/site\\\/wp-content\\\/uploads\\\/2017\\\/11\\\/Andreia_Cunha-1-150x150.jpg\",\"contentUrl\":\"https:\\\/\\\/www.altominho.tv\\\/site\\\/wp-content\\\/uploads\\\/2017\\\/11\\\/Andreia_Cunha-1-150x150.jpg\",\"caption\":\"Andreia Cunha | Lusa\"},\"sameAs\":[\"https:\\\/\\\/www.altominho.tv\\\/site\"],\"url\":\"https:\\\/\\\/www.altominho.tv\\\/site\\\/author\\\/andreiacunhalusa\\\/\"}]}<\/script>\n<!-- \/ Yoast SEO Premium plugin. -->","yoast_head_json":{"title":"Incid\u00eancia de infe\u00e7\u00f5es sobe e Rt mant\u00e9m-se","robots":{"index":"index","follow":"follow","max-snippet":"max-snippet:-1","max-image-preview":"max-image-preview:large","max-video-preview":"max-video-preview:-1"},"canonical":"https:\/\/www.altominho.tv\/site\/2021\/09\/01\/incidencia-de-infecoes-sobe-e-rt-mantem-se\/","og_locale":"pt_PT","og_type":"article","og_title":"Incid\u00eancia de infe\u00e7\u00f5es sobe e Rt mant\u00e9m-se","og_description":"A taxa de incid\u00eancia de infe\u00e7\u00f5es nos \u00faltimos 14 dias regista hoje uma subida face a segunda-feira, enquanto o \u00edndice de transmissibilidade do coronav\u00edrus SARS-CoV-2 se mant\u00e9m. Segundo o boletim epidemiol\u00f3gico conjunto da Dire\u00e7\u00e3o-Geral da Sa\u00fade e do Instituto Nacional de Sa\u00fade Doutor Ricardo Jorge divulgado hoje, a taxa de incid\u00eancia (m\u00e9dia de novos casos [&hellip;]","og_url":"https:\/\/www.altominho.tv\/site\/2021\/09\/01\/incidencia-de-infecoes-sobe-e-rt-mantem-se\/","og_site_name":"Altominho.tv","article_publisher":"https:\/\/www.facebook.com\/altominhotv","article_published_time":"2021-09-01T16:44:38+00:00","article_modified_time":"2021-09-01T16:44:43+00:00","og_image":[{"width":860,"height":472,"url":"https:\/\/www.altominho.tv\/site\/wp-content\/uploads\/2021\/09\/covid-hospitais.jpg","type":"image\/jpeg"}],"author":"Andreia Cunha | Lusa","twitter_card":"summary_large_image","twitter_creator":"@altominhoTV","twitter_site":"@altominhoTV","twitter_misc":{"Escrito por":"Andreia Cunha | Lusa","Tempo estimado de leitura":"2 minutos"},"schema":{"@context":"https:\/\/schema.org","@graph":[{"@type":"Article","@id":"https:\/\/www.altominho.tv\/site\/2021\/09\/01\/incidencia-de-infecoes-sobe-e-rt-mantem-se\/#article","isPartOf":{"@id":"https:\/\/www.altominho.tv\/site\/2021\/09\/01\/incidencia-de-infecoes-sobe-e-rt-mantem-se\/"},"author":{"name":"Andreia Cunha | Lusa","@id":"https:\/\/www.altominho.tv\/site\/#\/schema\/person\/dbaf181c01b51ff40c9f461a905d321e"},"headline":"Incid\u00eancia de infe\u00e7\u00f5es sobe e Rt mant\u00e9m-se","datePublished":"2021-09-01T16:44:38+00:00","dateModified":"2021-09-01T16:44:43+00:00","mainEntityOfPage":{"@id":"https:\/\/www.altominho.tv\/site\/2021\/09\/01\/incidencia-de-infecoes-sobe-e-rt-mantem-se\/"},"wordCount":355,"image":{"@id":"https:\/\/www.altominho.tv\/site\/2021\/09\/01\/incidencia-de-infecoes-sobe-e-rt-mantem-se\/#primaryimage"},"thumbnailUrl":"https:\/\/www.altominho.tv\/site\/wp-content\/uploads\/2021\/09\/covid-hospitais.jpg","keywords":["Sa\u00fade"],"articleSection":["Coronav\u00edrus"],"inLanguage":"pt-PT","copyrightYear":"2021","copyrightHolder":{"@id":"https:\/\/www.altominho.tv\/site\/#organization"}},{"@type":"WebPage","@id":"https:\/\/www.altominho.tv\/site\/2021\/09\/01\/incidencia-de-infecoes-sobe-e-rt-mantem-se\/","url":"https:\/\/www.altominho.tv\/site\/2021\/09\/01\/incidencia-de-infecoes-sobe-e-rt-mantem-se\/","name":"Incid\u00eancia de infe\u00e7\u00f5es sobe e Rt mant\u00e9m-se","isPartOf":{"@id":"https:\/\/www.altominho.tv\/site\/#website"},"primaryImageOfPage":{"@id":"https:\/\/www.altominho.tv\/site\/2021\/09\/01\/incidencia-de-infecoes-sobe-e-rt-mantem-se\/#primaryimage"},"image":{"@id":"https:\/\/www.altominho.tv\/site\/2021\/09\/01\/incidencia-de-infecoes-sobe-e-rt-mantem-se\/#primaryimage"},"thumbnailUrl":"https:\/\/www.altominho.tv\/site\/wp-content\/uploads\/2021\/09\/covid-hospitais.jpg","datePublished":"2021-09-01T16:44:38+00:00","dateModified":"2021-09-01T16:44:43+00:00","author":{"@id":"https:\/\/www.altominho.tv\/site\/#\/schema\/person\/dbaf181c01b51ff40c9f461a905d321e"},"breadcrumb":{"@id":"https:\/\/www.altominho.tv\/site\/2021\/09\/01\/incidencia-de-infecoes-sobe-e-rt-mantem-se\/#breadcrumb"},"inLanguage":"pt-PT","potentialAction":[{"@type":"ReadAction","target":["https:\/\/www.altominho.tv\/site\/2021\/09\/01\/incidencia-de-infecoes-sobe-e-rt-mantem-se\/"]}]},{"@type":"ImageObject","inLanguage":"pt-PT","@id":"https:\/\/www.altominho.tv\/site\/2021\/09\/01\/incidencia-de-infecoes-sobe-e-rt-mantem-se\/#primaryimage","url":"https:\/\/www.altominho.tv\/site\/wp-content\/uploads\/2021\/09\/covid-hospitais.jpg","contentUrl":"https:\/\/www.altominho.tv\/site\/wp-content\/uploads\/2021\/09\/covid-hospitais.jpg","width":860,"height":472},{"@type":"BreadcrumbList","@id":"https:\/\/www.altominho.tv\/site\/2021\/09\/01\/incidencia-de-infecoes-sobe-e-rt-mantem-se\/#breadcrumb","itemListElement":[{"@type":"ListItem","position":1,"name":"In\u00edcio","item":"https:\/\/www.altominho.tv\/site\/"},{"@type":"ListItem","position":2,"name":"Incid\u00eancia de infe\u00e7\u00f5es sobe e Rt mant\u00e9m-se"}]},{"@type":"WebSite","@id":"https:\/\/www.altominho.tv\/site\/#website","url":"https:\/\/www.altominho.tv\/site\/","name":"Altominho.tv","description":"A sua regi\u00e3o \u00e0 dist\u00e2ncia de um clique...","potentialAction":[{"@type":"SearchAction","target":{"@type":"EntryPoint","urlTemplate":"https:\/\/www.altominho.tv\/site\/?s={search_term_string}"},"query-input":{"@type":"PropertyValueSpecification","valueRequired":true,"valueName":"search_term_string"}}],"inLanguage":"pt-PT"},{"@type":"Person","@id":"https:\/\/www.altominho.tv\/site\/#\/schema\/person\/dbaf181c01b51ff40c9f461a905d321e","name":"Andreia Cunha | Lusa","image":{"@type":"ImageObject","inLanguage":"pt-PT","@id":"https:\/\/www.altominho.tv\/site\/wp-content\/uploads\/2017\/11\/Andreia_Cunha-1-150x150.jpg","url":"https:\/\/www.altominho.tv\/site\/wp-content\/uploads\/2017\/11\/Andreia_Cunha-1-150x150.jpg","contentUrl":"https:\/\/www.altominho.tv\/site\/wp-content\/uploads\/2017\/11\/Andreia_Cunha-1-150x150.jpg","caption":"Andreia Cunha | Lusa"},"sameAs":["https:\/\/www.altominho.tv\/site"],"url":"https:\/\/www.altominho.tv\/site\/author\/andreiacunhalusa\/"}]}},"_links":{"self":[{"href":"https:\/\/www.altominho.tv\/site\/wp-json\/wp\/v2\/posts\/69757","targetHints":{"allow":["GET"]}}],"collection":[{"href":"https:\/\/www.altominho.tv\/site\/wp-json\/wp\/v2\/posts"}],"about":[{"href":"https:\/\/www.altominho.tv\/site\/wp-json\/wp\/v2\/types\/post"}],"author":[{"embeddable":true,"href":"https:\/\/www.altominho.tv\/site\/wp-json\/wp\/v2\/users\/16"}],"replies":[{"embeddable":true,"href":"https:\/\/www.altominho.tv\/site\/wp-json\/wp\/v2\/comments?post=69757"}],"version-history":[{"count":0,"href":"https:\/\/www.altominho.tv\/site\/wp-json\/wp\/v2\/posts\/69757\/revisions"}],"wp:featuredmedia":[{"embeddable":true,"href":"https:\/\/www.altominho.tv\/site\/wp-json\/wp\/v2\/media\/69758"}],"wp:attachment":[{"href":"https:\/\/www.altominho.tv\/site\/wp-json\/wp\/v2\/media?parent=69757"}],"wp:term":[{"taxonomy":"category","embeddable":true,"href":"https:\/\/www.altominho.tv\/site\/wp-json\/wp\/v2\/categories?post=69757"},{"taxonomy":"post_tag","embeddable":true,"href":"https:\/\/www.altominho.tv\/site\/wp-json\/wp\/v2\/tags?post=69757"}],"curies":[{"name":"wp","href":"https:\/\/api.w.org\/{rel}","templated":true}]}}