{"id":69720,"date":"2021-09-01T10:10:47","date_gmt":"2021-09-01T09:10:47","guid":{"rendered":"https:\/\/www.altominho.tv\/site\/?p=69720"},"modified":"2021-09-01T10:10:51","modified_gmt":"2021-09-01T09:10:51","slug":"exposicao-do-fotojornalista-alfredo-cunha-tempo-depois-do-tempo-para-visitar-ate-12-de-setembro","status":"publish","type":"post","link":"https:\/\/www.altominho.tv\/site\/2021\/09\/01\/exposicao-do-fotojornalista-alfredo-cunha-tempo-depois-do-tempo-para-visitar-ate-12-de-setembro\/","title":{"rendered":"Exposi\u00e7\u00e3o do fotojornalista Alfredo Cunha \u201cTempo depois do Tempo\u201d para visitar at\u00e9 12 de setembro"},"content":{"rendered":"\n<p>A exposi\u00e7\u00e3o do fotojornalista Alfredo Cunha \u201cTempo depois do Tempo\u201d pode ser visitada em Caminha at\u00e9 ao dia 12 de setembro.<\/p>\n\n\n\n<p>A arte continua em destaque na vila de Caminha. H\u00e1 v\u00e1rias exposi\u00e7\u00f5es patentes nos espa\u00e7os culturais do Munic\u00edpio, com destaque para a exposi\u00e7\u00e3o do fotojornalista Alfredo Cunha \u201cTempo depois do Tempo\u201d que termina j\u00e1 no dia 12.<\/p>\n\n\n\n<p>A exposi\u00e7\u00e3o \u00e9 constitu\u00edda por cerca de 160 fotografias, escolhidas para expor em Caminha a partir da enorme cole\u00e7\u00e3o, por Alfredo Cunha. <\/p>\n\n\n\n<p>S\u00e3o fotos que assinalam os seus cerca de 50 anos da carreira. \u201cTrata-se de uma mostra heterog\u00e9nea, de m\u00faltiplos cen\u00e1rios e viv\u00eancias, que nos levam numa viagem por cen\u00e1rios de guerra, de amor, de morte, de religi\u00e3o, de festa e de trabalho, numa intensa li\u00e7\u00e3o de vida e de hist\u00f3ria\u201d. <\/p>\n\n\n\n<p>O Iraque, Guin\u00e9 Bissau, N\u00edger, \u00cdndia, Nepal, Estados Unidos, Bangladesh, misturam-se nesta exposi\u00e7\u00e3o em harmonia com o Porto, Vila Verde, F\u00e1tima e Paredes de Coura, numa mostra \u00fanica e imperd\u00edvel de um dos mais importantes nomes da fotografia em Portugal.<\/p>\n\n\n\n<p>Tamb\u00e9m \u00e9 poss\u00edvel visitar na Torre do Rel\u00f3gio em Caminha a exposi\u00e7\u00e3o \u201cFronteiras de \u00c1gua \u2013 Articula\u00e7\u00f5es Peninsulares\u201d. Esta \u00e9 uma exposi\u00e7\u00e3o comemorativa do 500\u00ba anivers\u00e1rio da viagem de circum-navega\u00e7\u00e3o de Fern\u00e3o de Magalh\u00e3es. <\/p>\n\n\n\n<p>Esta mostra integra o projeto \u201cCircum-navegando\u2026 do local ao global\u201d desenvolvido pela Dire\u00e7\u00e3o Regional de Cultura do Norte (DRCN) e pela Estrutura de Miss\u00e3o do V Centen\u00e1rio da Primeira Viagem de Circum-Navega\u00e7\u00e3o.<\/p>\n\n\n\n<p>Para al\u00e9m destas duas mostras, a Galeria de Arte Caminhense ter\u00e1 patente ao longo do m\u00eas v\u00e1rias exposi\u00e7\u00f5es de pintura dos artistas Ros\u00e1rio Pedro (3 a 9 de setembro); Jos\u00e9 Lu\u00eds Pais (10 a 16 de setembro); Cabral Pinto (17 a 23 de setembro) e Fernanda Ara\u00fajo (24 a 30 de setembro).<\/p>\n","protected":false},"excerpt":{"rendered":"<p>A exposi\u00e7\u00e3o do fotojornalista Alfredo Cunha \u201cTempo depois do Tempo\u201d pode ser visitada em Caminha at\u00e9 ao dia 12 de setembro. A arte continua em destaque na vila de Caminha. H\u00e1 v\u00e1rias exposi\u00e7\u00f5es patentes nos espa\u00e7os culturais do Munic\u00edpio, com destaque para a exposi\u00e7\u00e3o do fotojornalista Alfredo Cunha \u201cTempo depois do Tempo\u201d que termina j\u00e1 [&hellip;]<\/p>\n","protected":false},"author":7,"featured_media":69725,"comment_status":"closed","ping_status":"closed","sticky":false,"template":"","format":"standard","meta":{"_exactmetrics_skip_tracking":false,"_exactmetrics_sitenote_active":false,"_exactmetrics_sitenote_note":"","_exactmetrics_sitenote_category":0,"footnotes":""},"categories":[7],"tags":[19],"class_list":["post-69720","post","type-post","status-publish","format-standard","has-post-thumbnail","hentry","category-caminha","tag-cultura"],"yoast_head":"<!-- This site is optimized with the Yoast SEO Premium plugin v27.5 (Yoast SEO v27.5) - https:\/\/yoast.com\/product\/yoast-seo-premium-wordpress\/ -->\n<title>Exposi\u00e7\u00e3o do fotojornalista Alfredo Cunha \u201cTempo depois do Tempo\u201d para visitar at\u00e9 12 de setembro<\/title>\n<meta name=\"robots\" content=\"index, follow, max-snippet:-1, max-image-preview:large, max-video-preview:-1\" \/>\n<link rel=\"canonical\" href=\"https:\/\/www.altominho.tv\/site\/2021\/09\/01\/exposicao-do-fotojornalista-alfredo-cunha-tempo-depois-do-tempo-para-visitar-ate-12-de-setembro\/\" \/>\n<meta property=\"og:locale\" content=\"pt_PT\" \/>\n<meta property=\"og:type\" content=\"article\" \/>\n<meta property=\"og:title\" content=\"Exposi\u00e7\u00e3o do fotojornalista Alfredo Cunha \u201cTempo depois do Tempo\u201d para visitar at\u00e9 12 de setembro\" \/>\n<meta property=\"og:description\" content=\"A exposi\u00e7\u00e3o do fotojornalista Alfredo Cunha \u201cTempo depois do Tempo\u201d pode ser visitada em Caminha at\u00e9 ao dia 12 de setembro. A arte continua em destaque na vila de Caminha. H\u00e1 v\u00e1rias exposi\u00e7\u00f5es patentes nos espa\u00e7os culturais do Munic\u00edpio, com destaque para a exposi\u00e7\u00e3o do fotojornalista Alfredo Cunha \u201cTempo depois do Tempo\u201d que termina j\u00e1 [&hellip;]\" \/>\n<meta property=\"og:url\" content=\"https:\/\/www.altominho.tv\/site\/2021\/09\/01\/exposicao-do-fotojornalista-alfredo-cunha-tempo-depois-do-tempo-para-visitar-ate-12-de-setembro\/\" \/>\n<meta property=\"og:site_name\" content=\"Altominho.tv\" \/>\n<meta property=\"article:publisher\" content=\"https:\/\/www.facebook.com\/altominhotv\" \/>\n<meta property=\"article:published_time\" content=\"2021-09-01T09:10:47+00:00\" \/>\n<meta property=\"article:modified_time\" content=\"2021-09-01T09:10:51+00:00\" \/>\n<meta property=\"og:image\" content=\"https:\/\/www.altominho.tv\/site\/wp-content\/uploads\/2021\/09\/Tempo-depois-do-tempo.jpg\" \/>\n\t<meta property=\"og:image:width\" content=\"1620\" \/>\n\t<meta property=\"og:image:height\" content=\"1080\" \/>\n\t<meta property=\"og:image:type\" content=\"image\/jpeg\" \/>\n<meta name=\"author\" content=\"Andreia Cunha\" \/>\n<meta name=\"twitter:card\" content=\"summary_large_image\" \/>\n<meta name=\"twitter:creator\" content=\"@altominhoTV\" \/>\n<meta name=\"twitter:site\" content=\"@altominhoTV\" \/>\n<meta name=\"twitter:label1\" content=\"Escrito por\" \/>\n\t<meta name=\"twitter:data1\" content=\"Andreia Cunha\" \/>\n\t<meta name=\"twitter:label2\" content=\"Tempo estimado de leitura\" \/>\n\t<meta name=\"twitter:data2\" content=\"2 minutos\" \/>\n<script type=\"application\/ld+json\" class=\"yoast-schema-graph\">{\"@context\":\"https:\\\/\\\/schema.org\",\"@graph\":[{\"@type\":\"Article\",\"@id\":\"https:\\\/\\\/www.altominho.tv\\\/site\\\/2021\\\/09\\\/01\\\/exposicao-do-fotojornalista-alfredo-cunha-tempo-depois-do-tempo-para-visitar-ate-12-de-setembro\\\/#article\",\"isPartOf\":{\"@id\":\"https:\\\/\\\/www.altominho.tv\\\/site\\\/2021\\\/09\\\/01\\\/exposicao-do-fotojornalista-alfredo-cunha-tempo-depois-do-tempo-para-visitar-ate-12-de-setembro\\\/\"},\"author\":{\"name\":\"Andreia Cunha\",\"@id\":\"https:\\\/\\\/www.altominho.tv\\\/site\\\/#\\\/schema\\\/person\\\/a0e4ef6d041f98ca284393d8f1d97153\"},\"headline\":\"Exposi\u00e7\u00e3o do fotojornalista Alfredo Cunha \u201cTempo depois do Tempo\u201d para visitar at\u00e9 12 de setembro\",\"datePublished\":\"2021-09-01T09:10:47+00:00\",\"dateModified\":\"2021-09-01T09:10:51+00:00\",\"mainEntityOfPage\":{\"@id\":\"https:\\\/\\\/www.altominho.tv\\\/site\\\/2021\\\/09\\\/01\\\/exposicao-do-fotojornalista-alfredo-cunha-tempo-depois-do-tempo-para-visitar-ate-12-de-setembro\\\/\"},\"wordCount\":329,\"image\":{\"@id\":\"https:\\\/\\\/www.altominho.tv\\\/site\\\/2021\\\/09\\\/01\\\/exposicao-do-fotojornalista-alfredo-cunha-tempo-depois-do-tempo-para-visitar-ate-12-de-setembro\\\/#primaryimage\"},\"thumbnailUrl\":\"https:\\\/\\\/www.altominho.tv\\\/site\\\/wp-content\\\/uploads\\\/2021\\\/09\\\/Tempo-depois-do-tempo.jpg\",\"keywords\":[\"Cultura\"],\"articleSection\":[\"Caminha\"],\"inLanguage\":\"pt-PT\",\"copyrightYear\":\"2021\",\"copyrightHolder\":{\"@id\":\"https:\\\/\\\/www.altominho.tv\\\/site\\\/#organization\"}},{\"@type\":\"WebPage\",\"@id\":\"https:\\\/\\\/www.altominho.tv\\\/site\\\/2021\\\/09\\\/01\\\/exposicao-do-fotojornalista-alfredo-cunha-tempo-depois-do-tempo-para-visitar-ate-12-de-setembro\\\/\",\"url\":\"https:\\\/\\\/www.altominho.tv\\\/site\\\/2021\\\/09\\\/01\\\/exposicao-do-fotojornalista-alfredo-cunha-tempo-depois-do-tempo-para-visitar-ate-12-de-setembro\\\/\",\"name\":\"Exposi\u00e7\u00e3o do fotojornalista Alfredo Cunha \u201cTempo depois do Tempo\u201d para visitar at\u00e9 12 de setembro\",\"isPartOf\":{\"@id\":\"https:\\\/\\\/www.altominho.tv\\\/site\\\/#website\"},\"primaryImageOfPage\":{\"@id\":\"https:\\\/\\\/www.altominho.tv\\\/site\\\/2021\\\/09\\\/01\\\/exposicao-do-fotojornalista-alfredo-cunha-tempo-depois-do-tempo-para-visitar-ate-12-de-setembro\\\/#primaryimage\"},\"image\":{\"@id\":\"https:\\\/\\\/www.altominho.tv\\\/site\\\/2021\\\/09\\\/01\\\/exposicao-do-fotojornalista-alfredo-cunha-tempo-depois-do-tempo-para-visitar-ate-12-de-setembro\\\/#primaryimage\"},\"thumbnailUrl\":\"https:\\\/\\\/www.altominho.tv\\\/site\\\/wp-content\\\/uploads\\\/2021\\\/09\\\/Tempo-depois-do-tempo.jpg\",\"datePublished\":\"2021-09-01T09:10:47+00:00\",\"dateModified\":\"2021-09-01T09:10:51+00:00\",\"author\":{\"@id\":\"https:\\\/\\\/www.altominho.tv\\\/site\\\/#\\\/schema\\\/person\\\/a0e4ef6d041f98ca284393d8f1d97153\"},\"breadcrumb\":{\"@id\":\"https:\\\/\\\/www.altominho.tv\\\/site\\\/2021\\\/09\\\/01\\\/exposicao-do-fotojornalista-alfredo-cunha-tempo-depois-do-tempo-para-visitar-ate-12-de-setembro\\\/#breadcrumb\"},\"inLanguage\":\"pt-PT\",\"potentialAction\":[{\"@type\":\"ReadAction\",\"target\":[\"https:\\\/\\\/www.altominho.tv\\\/site\\\/2021\\\/09\\\/01\\\/exposicao-do-fotojornalista-alfredo-cunha-tempo-depois-do-tempo-para-visitar-ate-12-de-setembro\\\/\"]}]},{\"@type\":\"ImageObject\",\"inLanguage\":\"pt-PT\",\"@id\":\"https:\\\/\\\/www.altominho.tv\\\/site\\\/2021\\\/09\\\/01\\\/exposicao-do-fotojornalista-alfredo-cunha-tempo-depois-do-tempo-para-visitar-ate-12-de-setembro\\\/#primaryimage\",\"url\":\"https:\\\/\\\/www.altominho.tv\\\/site\\\/wp-content\\\/uploads\\\/2021\\\/09\\\/Tempo-depois-do-tempo.jpg\",\"contentUrl\":\"https:\\\/\\\/www.altominho.tv\\\/site\\\/wp-content\\\/uploads\\\/2021\\\/09\\\/Tempo-depois-do-tempo.jpg\",\"width\":1620,\"height\":1080},{\"@type\":\"BreadcrumbList\",\"@id\":\"https:\\\/\\\/www.altominho.tv\\\/site\\\/2021\\\/09\\\/01\\\/exposicao-do-fotojornalista-alfredo-cunha-tempo-depois-do-tempo-para-visitar-ate-12-de-setembro\\\/#breadcrumb\",\"itemListElement\":[{\"@type\":\"ListItem\",\"position\":1,\"name\":\"In\u00edcio\",\"item\":\"https:\\\/\\\/www.altominho.tv\\\/site\\\/\"},{\"@type\":\"ListItem\",\"position\":2,\"name\":\"Exposi\u00e7\u00e3o do fotojornalista Alfredo Cunha \u201cTempo depois do Tempo\u201d para visitar at\u00e9 12 de setembro\"}]},{\"@type\":\"WebSite\",\"@id\":\"https:\\\/\\\/www.altominho.tv\\\/site\\\/#website\",\"url\":\"https:\\\/\\\/www.altominho.tv\\\/site\\\/\",\"name\":\"Altominho.tv\",\"description\":\"A sua regi\u00e3o \u00e0 dist\u00e2ncia de um clique...\",\"potentialAction\":[{\"@type\":\"SearchAction\",\"target\":{\"@type\":\"EntryPoint\",\"urlTemplate\":\"https:\\\/\\\/www.altominho.tv\\\/site\\\/?s={search_term_string}\"},\"query-input\":{\"@type\":\"PropertyValueSpecification\",\"valueRequired\":true,\"valueName\":\"search_term_string\"}}],\"inLanguage\":\"pt-PT\"},{\"@type\":\"Person\",\"@id\":\"https:\\\/\\\/www.altominho.tv\\\/site\\\/#\\\/schema\\\/person\\\/a0e4ef6d041f98ca284393d8f1d97153\",\"name\":\"Andreia Cunha\",\"image\":{\"@type\":\"ImageObject\",\"inLanguage\":\"pt-PT\",\"@id\":\"https:\\\/\\\/www.altominho.tv\\\/site\\\/wp-content\\\/uploads\\\/2017\\\/11\\\/Andreia_Cunha-1-150x150.jpg\",\"url\":\"https:\\\/\\\/www.altominho.tv\\\/site\\\/wp-content\\\/uploads\\\/2017\\\/11\\\/Andreia_Cunha-1-150x150.jpg\",\"contentUrl\":\"https:\\\/\\\/www.altominho.tv\\\/site\\\/wp-content\\\/uploads\\\/2017\\\/11\\\/Andreia_Cunha-1-150x150.jpg\",\"caption\":\"Andreia Cunha\"},\"url\":\"https:\\\/\\\/www.altominho.tv\\\/site\\\/author\\\/andreiacunha\\\/\"}]}<\/script>\n<!-- \/ Yoast SEO Premium plugin. -->","yoast_head_json":{"title":"Exposi\u00e7\u00e3o do fotojornalista Alfredo Cunha \u201cTempo depois do Tempo\u201d para visitar at\u00e9 12 de setembro","robots":{"index":"index","follow":"follow","max-snippet":"max-snippet:-1","max-image-preview":"max-image-preview:large","max-video-preview":"max-video-preview:-1"},"canonical":"https:\/\/www.altominho.tv\/site\/2021\/09\/01\/exposicao-do-fotojornalista-alfredo-cunha-tempo-depois-do-tempo-para-visitar-ate-12-de-setembro\/","og_locale":"pt_PT","og_type":"article","og_title":"Exposi\u00e7\u00e3o do fotojornalista Alfredo Cunha \u201cTempo depois do Tempo\u201d para visitar at\u00e9 12 de setembro","og_description":"A exposi\u00e7\u00e3o do fotojornalista Alfredo Cunha \u201cTempo depois do Tempo\u201d pode ser visitada em Caminha at\u00e9 ao dia 12 de setembro. A arte continua em destaque na vila de Caminha. H\u00e1 v\u00e1rias exposi\u00e7\u00f5es patentes nos espa\u00e7os culturais do Munic\u00edpio, com destaque para a exposi\u00e7\u00e3o do fotojornalista Alfredo Cunha \u201cTempo depois do Tempo\u201d que termina j\u00e1 [&hellip;]","og_url":"https:\/\/www.altominho.tv\/site\/2021\/09\/01\/exposicao-do-fotojornalista-alfredo-cunha-tempo-depois-do-tempo-para-visitar-ate-12-de-setembro\/","og_site_name":"Altominho.tv","article_publisher":"https:\/\/www.facebook.com\/altominhotv","article_published_time":"2021-09-01T09:10:47+00:00","article_modified_time":"2021-09-01T09:10:51+00:00","og_image":[{"width":1620,"height":1080,"url":"https:\/\/www.altominho.tv\/site\/wp-content\/uploads\/2021\/09\/Tempo-depois-do-tempo.jpg","type":"image\/jpeg"}],"author":"Andreia Cunha","twitter_card":"summary_large_image","twitter_creator":"@altominhoTV","twitter_site":"@altominhoTV","twitter_misc":{"Escrito por":"Andreia Cunha","Tempo estimado de leitura":"2 minutos"},"schema":{"@context":"https:\/\/schema.org","@graph":[{"@type":"Article","@id":"https:\/\/www.altominho.tv\/site\/2021\/09\/01\/exposicao-do-fotojornalista-alfredo-cunha-tempo-depois-do-tempo-para-visitar-ate-12-de-setembro\/#article","isPartOf":{"@id":"https:\/\/www.altominho.tv\/site\/2021\/09\/01\/exposicao-do-fotojornalista-alfredo-cunha-tempo-depois-do-tempo-para-visitar-ate-12-de-setembro\/"},"author":{"name":"Andreia Cunha","@id":"https:\/\/www.altominho.tv\/site\/#\/schema\/person\/a0e4ef6d041f98ca284393d8f1d97153"},"headline":"Exposi\u00e7\u00e3o do fotojornalista Alfredo Cunha \u201cTempo depois do Tempo\u201d para visitar at\u00e9 12 de setembro","datePublished":"2021-09-01T09:10:47+00:00","dateModified":"2021-09-01T09:10:51+00:00","mainEntityOfPage":{"@id":"https:\/\/www.altominho.tv\/site\/2021\/09\/01\/exposicao-do-fotojornalista-alfredo-cunha-tempo-depois-do-tempo-para-visitar-ate-12-de-setembro\/"},"wordCount":329,"image":{"@id":"https:\/\/www.altominho.tv\/site\/2021\/09\/01\/exposicao-do-fotojornalista-alfredo-cunha-tempo-depois-do-tempo-para-visitar-ate-12-de-setembro\/#primaryimage"},"thumbnailUrl":"https:\/\/www.altominho.tv\/site\/wp-content\/uploads\/2021\/09\/Tempo-depois-do-tempo.jpg","keywords":["Cultura"],"articleSection":["Caminha"],"inLanguage":"pt-PT","copyrightYear":"2021","copyrightHolder":{"@id":"https:\/\/www.altominho.tv\/site\/#organization"}},{"@type":"WebPage","@id":"https:\/\/www.altominho.tv\/site\/2021\/09\/01\/exposicao-do-fotojornalista-alfredo-cunha-tempo-depois-do-tempo-para-visitar-ate-12-de-setembro\/","url":"https:\/\/www.altominho.tv\/site\/2021\/09\/01\/exposicao-do-fotojornalista-alfredo-cunha-tempo-depois-do-tempo-para-visitar-ate-12-de-setembro\/","name":"Exposi\u00e7\u00e3o do fotojornalista Alfredo Cunha \u201cTempo depois do Tempo\u201d para visitar at\u00e9 12 de setembro","isPartOf":{"@id":"https:\/\/www.altominho.tv\/site\/#website"},"primaryImageOfPage":{"@id":"https:\/\/www.altominho.tv\/site\/2021\/09\/01\/exposicao-do-fotojornalista-alfredo-cunha-tempo-depois-do-tempo-para-visitar-ate-12-de-setembro\/#primaryimage"},"image":{"@id":"https:\/\/www.altominho.tv\/site\/2021\/09\/01\/exposicao-do-fotojornalista-alfredo-cunha-tempo-depois-do-tempo-para-visitar-ate-12-de-setembro\/#primaryimage"},"thumbnailUrl":"https:\/\/www.altominho.tv\/site\/wp-content\/uploads\/2021\/09\/Tempo-depois-do-tempo.jpg","datePublished":"2021-09-01T09:10:47+00:00","dateModified":"2021-09-01T09:10:51+00:00","author":{"@id":"https:\/\/www.altominho.tv\/site\/#\/schema\/person\/a0e4ef6d041f98ca284393d8f1d97153"},"breadcrumb":{"@id":"https:\/\/www.altominho.tv\/site\/2021\/09\/01\/exposicao-do-fotojornalista-alfredo-cunha-tempo-depois-do-tempo-para-visitar-ate-12-de-setembro\/#breadcrumb"},"inLanguage":"pt-PT","potentialAction":[{"@type":"ReadAction","target":["https:\/\/www.altominho.tv\/site\/2021\/09\/01\/exposicao-do-fotojornalista-alfredo-cunha-tempo-depois-do-tempo-para-visitar-ate-12-de-setembro\/"]}]},{"@type":"ImageObject","inLanguage":"pt-PT","@id":"https:\/\/www.altominho.tv\/site\/2021\/09\/01\/exposicao-do-fotojornalista-alfredo-cunha-tempo-depois-do-tempo-para-visitar-ate-12-de-setembro\/#primaryimage","url":"https:\/\/www.altominho.tv\/site\/wp-content\/uploads\/2021\/09\/Tempo-depois-do-tempo.jpg","contentUrl":"https:\/\/www.altominho.tv\/site\/wp-content\/uploads\/2021\/09\/Tempo-depois-do-tempo.jpg","width":1620,"height":1080},{"@type":"BreadcrumbList","@id":"https:\/\/www.altominho.tv\/site\/2021\/09\/01\/exposicao-do-fotojornalista-alfredo-cunha-tempo-depois-do-tempo-para-visitar-ate-12-de-setembro\/#breadcrumb","itemListElement":[{"@type":"ListItem","position":1,"name":"In\u00edcio","item":"https:\/\/www.altominho.tv\/site\/"},{"@type":"ListItem","position":2,"name":"Exposi\u00e7\u00e3o do fotojornalista Alfredo Cunha \u201cTempo depois do Tempo\u201d para visitar at\u00e9 12 de setembro"}]},{"@type":"WebSite","@id":"https:\/\/www.altominho.tv\/site\/#website","url":"https:\/\/www.altominho.tv\/site\/","name":"Altominho.tv","description":"A sua regi\u00e3o \u00e0 dist\u00e2ncia de um clique...","potentialAction":[{"@type":"SearchAction","target":{"@type":"EntryPoint","urlTemplate":"https:\/\/www.altominho.tv\/site\/?s={search_term_string}"},"query-input":{"@type":"PropertyValueSpecification","valueRequired":true,"valueName":"search_term_string"}}],"inLanguage":"pt-PT"},{"@type":"Person","@id":"https:\/\/www.altominho.tv\/site\/#\/schema\/person\/a0e4ef6d041f98ca284393d8f1d97153","name":"Andreia Cunha","image":{"@type":"ImageObject","inLanguage":"pt-PT","@id":"https:\/\/www.altominho.tv\/site\/wp-content\/uploads\/2017\/11\/Andreia_Cunha-1-150x150.jpg","url":"https:\/\/www.altominho.tv\/site\/wp-content\/uploads\/2017\/11\/Andreia_Cunha-1-150x150.jpg","contentUrl":"https:\/\/www.altominho.tv\/site\/wp-content\/uploads\/2017\/11\/Andreia_Cunha-1-150x150.jpg","caption":"Andreia Cunha"},"url":"https:\/\/www.altominho.tv\/site\/author\/andreiacunha\/"}]}},"_links":{"self":[{"href":"https:\/\/www.altominho.tv\/site\/wp-json\/wp\/v2\/posts\/69720","targetHints":{"allow":["GET"]}}],"collection":[{"href":"https:\/\/www.altominho.tv\/site\/wp-json\/wp\/v2\/posts"}],"about":[{"href":"https:\/\/www.altominho.tv\/site\/wp-json\/wp\/v2\/types\/post"}],"author":[{"embeddable":true,"href":"https:\/\/www.altominho.tv\/site\/wp-json\/wp\/v2\/users\/7"}],"replies":[{"embeddable":true,"href":"https:\/\/www.altominho.tv\/site\/wp-json\/wp\/v2\/comments?post=69720"}],"version-history":[{"count":0,"href":"https:\/\/www.altominho.tv\/site\/wp-json\/wp\/v2\/posts\/69720\/revisions"}],"wp:featuredmedia":[{"embeddable":true,"href":"https:\/\/www.altominho.tv\/site\/wp-json\/wp\/v2\/media\/69725"}],"wp:attachment":[{"href":"https:\/\/www.altominho.tv\/site\/wp-json\/wp\/v2\/media?parent=69720"}],"wp:term":[{"taxonomy":"category","embeddable":true,"href":"https:\/\/www.altominho.tv\/site\/wp-json\/wp\/v2\/categories?post=69720"},{"taxonomy":"post_tag","embeddable":true,"href":"https:\/\/www.altominho.tv\/site\/wp-json\/wp\/v2\/tags?post=69720"}],"curies":[{"name":"wp","href":"https:\/\/api.w.org\/{rel}","templated":true}]}}