{"id":69682,"date":"2021-08-31T11:07:48","date_gmt":"2021-08-31T10:07:48","guid":{"rendered":"https:\/\/www.altominho.tv\/site\/?p=69682"},"modified":"2021-08-31T11:10:02","modified_gmt":"2021-08-31T10:10:02","slug":"cerca-de-75-dos-jovens-entre-os-12-e-os-17-anos-vacinados-com-1-a-dose","status":"publish","type":"post","link":"https:\/\/www.altominho.tv\/site\/2021\/08\/31\/cerca-de-75-dos-jovens-entre-os-12-e-os-17-anos-vacinados-com-1-a-dose\/","title":{"rendered":"Cerca de 75% dos jovens entre os 12 e os 17 anos vacinados com 1.\u00aa dose"},"content":{"rendered":"<p data-uw-styling-context=\"true\">Cerca de 75 por cento dos jovens entre os 12 e os 17 anos j\u00e1 est\u00e3o vacinados com a primeira dose, sendo que no \u00faltimo fim de semana foram vacinados 86 mil jovens, segundo a \u00b4task-force\u2019.<\/p>\n<p class=\"text-paragraph\" data-uw-styling-context=\"true\">O balan\u00e7o da percentagem de vacinados entres os 12 e os 17 anos surge ap\u00f3s tr\u00eas fins de semana de vacina\u00e7\u00e3o desta faixa et\u00e1ria.<\/p>\n<p class=\"text-paragraph\" data-uw-styling-context=\"true\">Em comunicado a \u2018task force\u2019 para a vacina\u00e7\u00e3o contra a covid-19 explica que na modalidade \u201cCasa Aberta\u201d, todos os utentes podem vacinar-se em qualquer centro de vacina\u00e7\u00e3o de Portugal Continental \u00e0 sua escolha, recorrendo ao sistema de senha digital.<\/p>\n<p class=\"text-paragraph\" data-uw-styling-context=\"true\">Os utentes podem ainda comparecer nos centros de vacina\u00e7\u00e3o, independentemente da respetiva situa\u00e7\u00e3o no processo de auto agendamento.<\/p>\n<p class=\"text-paragraph\" data-uw-styling-context=\"true\">Por outro lado, \u00e9 tamb\u00e9m poss\u00edvel escolher um ponto de vacina\u00e7\u00e3o distinto para tomar a segunda dose que deve ser solicitado aquando da toma da primeira dose.<\/p>\n<p class=\"text-paragraph\" data-uw-styling-context=\"true\">A \u00b4task-force\u00b4 adianta ainda os casos de utentes das Estruturas Residenciais Para Pessoas Idosas (ERPI) ou acamados, que por alguma raz\u00e3o ainda n\u00e3o tenham sido vacinados, podem ser reportados atrav\u00e9s do email tf.comunicacao@emgfa.pt, permitindo que o respetivo processo possa ser rapidamente articulado.<\/p>\n<p class=\"text-paragraph\" data-uw-styling-context=\"true\">\u201cNesta fase, apela-se a todos os utentes eleg\u00edveis, que ainda n\u00e3o foram vacinados, a dirigirem-se a qualquer centro de vacina\u00e7\u00e3o contribuindo, desta forma, para sua prote\u00e7\u00e3o e da restante popula\u00e7\u00e3o\u201d, adianta a \u00b4task-force\u00b4 em comunicado.<\/p>\n<p class=\"text-paragraph\" data-uw-styling-context=\"true\">A covid-19 provocou pelo menos 4.500.620 mortes em todo o mundo, entre mais de 216,34milh\u00f5es de infe\u00e7\u00f5es pelo novo coronav\u00edrus registadas desde o in\u00edcio da pandemia, segundo o mais recente balan\u00e7o da ag\u00eancia France-Presse.<\/p>\n<p class=\"text-paragraph\" data-uw-styling-context=\"true\">Em Portugal, desde mar\u00e7o de 2020, morreram 17.730 pessoas e foram contabilizados 1.036.019 casos de infe\u00e7\u00e3o confirmados, segundo dados da Dire\u00e7\u00e3o-Geral da Sa\u00fade.<\/p>\n<p class=\"text-paragraph\" data-uw-styling-context=\"true\">A doen\u00e7a respirat\u00f3ria \u00e9 provocada pelo coronav\u00edrus SARS-CoV-2, detetado no final de 2019 em Wuhan, cidade do centro da China, e atualmente com variantes identificadas em pa\u00edses como o Reino Unido, \u00cdndia, \u00c1frica do Sul, Brasil ou Peru.<\/p>\n","protected":false},"excerpt":{"rendered":"<p>Cerca de 75 por cento dos jovens entre os 12 e os 17 anos j\u00e1 est\u00e3o vacinados com a primeira dose, sendo que no \u00faltimo fim de semana foram vacinados 86 mil jovens, segundo a \u00b4task-force\u2019. O balan\u00e7o da percentagem de vacinados entres os 12 e os 17 anos surge ap\u00f3s tr\u00eas fins de semana [&hellip;]<\/p>\n","protected":false},"author":13,"featured_media":69683,"comment_status":"closed","ping_status":"closed","sticky":false,"template":"","format":"standard","meta":{"_exactmetrics_skip_tracking":false,"_exactmetrics_sitenote_active":false,"_exactmetrics_sitenote_note":"","_exactmetrics_sitenote_category":0,"footnotes":""},"categories":[42722],"tags":[26],"class_list":["post-69682","post","type-post","status-publish","format-standard","has-post-thumbnail","hentry","category-covid-19","tag-saude"],"yoast_head":"<!-- This site is optimized with the Yoast SEO Premium plugin v27.5 (Yoast SEO v27.5) - https:\/\/yoast.com\/product\/yoast-seo-premium-wordpress\/ -->\n<title>Cerca de 75% dos jovens entre os 12 e os 17 anos vacinados com 1.\u00aa dose<\/title>\n<meta name=\"robots\" content=\"index, follow, max-snippet:-1, max-image-preview:large, max-video-preview:-1\" \/>\n<link rel=\"canonical\" href=\"https:\/\/www.altominho.tv\/site\/2021\/08\/31\/cerca-de-75-dos-jovens-entre-os-12-e-os-17-anos-vacinados-com-1-a-dose\/\" \/>\n<meta property=\"og:locale\" content=\"pt_PT\" \/>\n<meta property=\"og:type\" content=\"article\" \/>\n<meta property=\"og:title\" content=\"Cerca de 75% dos jovens entre os 12 e os 17 anos vacinados com 1.\u00aa dose\" \/>\n<meta property=\"og:description\" content=\"Cerca de 75 por cento dos jovens entre os 12 e os 17 anos j\u00e1 est\u00e3o vacinados com a primeira dose, sendo que no \u00faltimo fim de semana foram vacinados 86 mil jovens, segundo a \u00b4task-force\u2019. O balan\u00e7o da percentagem de vacinados entres os 12 e os 17 anos surge ap\u00f3s tr\u00eas fins de semana [&hellip;]\" \/>\n<meta property=\"og:url\" content=\"https:\/\/www.altominho.tv\/site\/2021\/08\/31\/cerca-de-75-dos-jovens-entre-os-12-e-os-17-anos-vacinados-com-1-a-dose\/\" \/>\n<meta property=\"og:site_name\" content=\"Altominho.tv\" \/>\n<meta property=\"article:publisher\" content=\"https:\/\/www.facebook.com\/altominhotv\" \/>\n<meta property=\"article:published_time\" content=\"2021-08-31T10:07:48+00:00\" \/>\n<meta property=\"article:modified_time\" content=\"2021-08-31T10:10:02+00:00\" \/>\n<meta property=\"og:image\" content=\"https:\/\/www.altominho.tv\/site\/wp-content\/uploads\/2021\/08\/Vacinac\u0327a\u0303o_Jovens.jpg\" \/>\n\t<meta property=\"og:image:width\" content=\"1920\" \/>\n\t<meta property=\"og:image:height\" content=\"1080\" \/>\n\t<meta property=\"og:image:type\" content=\"image\/jpeg\" \/>\n<meta name=\"author\" content=\"Lusa\" \/>\n<meta name=\"twitter:card\" content=\"summary_large_image\" \/>\n<meta name=\"twitter:creator\" content=\"@altominhoTV\" \/>\n<meta name=\"twitter:site\" content=\"@altominhoTV\" \/>\n<meta name=\"twitter:label1\" content=\"Escrito por\" \/>\n\t<meta name=\"twitter:data1\" content=\"Lusa\" \/>\n\t<meta name=\"twitter:label2\" content=\"Tempo estimado de leitura\" \/>\n\t<meta name=\"twitter:data2\" content=\"2 minutos\" \/>\n<script type=\"application\/ld+json\" class=\"yoast-schema-graph\">{\"@context\":\"https:\\\/\\\/schema.org\",\"@graph\":[{\"@type\":\"Article\",\"@id\":\"https:\\\/\\\/www.altominho.tv\\\/site\\\/2021\\\/08\\\/31\\\/cerca-de-75-dos-jovens-entre-os-12-e-os-17-anos-vacinados-com-1-a-dose\\\/#article\",\"isPartOf\":{\"@id\":\"https:\\\/\\\/www.altominho.tv\\\/site\\\/2021\\\/08\\\/31\\\/cerca-de-75-dos-jovens-entre-os-12-e-os-17-anos-vacinados-com-1-a-dose\\\/\"},\"author\":{\"name\":\"Lusa\",\"@id\":\"https:\\\/\\\/www.altominho.tv\\\/site\\\/#\\\/schema\\\/person\\\/63f693da3e1899361cbe955c46f3232e\"},\"headline\":\"Cerca de 75% dos jovens entre os 12 e os 17 anos vacinados com 1.\u00aa dose\",\"datePublished\":\"2021-08-31T10:07:48+00:00\",\"dateModified\":\"2021-08-31T10:10:02+00:00\",\"mainEntityOfPage\":{\"@id\":\"https:\\\/\\\/www.altominho.tv\\\/site\\\/2021\\\/08\\\/31\\\/cerca-de-75-dos-jovens-entre-os-12-e-os-17-anos-vacinados-com-1-a-dose\\\/\"},\"wordCount\":352,\"image\":{\"@id\":\"https:\\\/\\\/www.altominho.tv\\\/site\\\/2021\\\/08\\\/31\\\/cerca-de-75-dos-jovens-entre-os-12-e-os-17-anos-vacinados-com-1-a-dose\\\/#primaryimage\"},\"thumbnailUrl\":\"https:\\\/\\\/www.altominho.tv\\\/site\\\/wp-content\\\/uploads\\\/2021\\\/08\\\/Vacinac\u0327a\u0303o_Jovens.jpg\",\"keywords\":[\"Sa\u00fade\"],\"articleSection\":[\"Coronav\u00edrus\"],\"inLanguage\":\"pt-PT\",\"copyrightYear\":\"2021\",\"copyrightHolder\":{\"@id\":\"https:\\\/\\\/www.altominho.tv\\\/site\\\/#organization\"}},{\"@type\":\"WebPage\",\"@id\":\"https:\\\/\\\/www.altominho.tv\\\/site\\\/2021\\\/08\\\/31\\\/cerca-de-75-dos-jovens-entre-os-12-e-os-17-anos-vacinados-com-1-a-dose\\\/\",\"url\":\"https:\\\/\\\/www.altominho.tv\\\/site\\\/2021\\\/08\\\/31\\\/cerca-de-75-dos-jovens-entre-os-12-e-os-17-anos-vacinados-com-1-a-dose\\\/\",\"name\":\"Cerca de 75% dos jovens entre os 12 e os 17 anos vacinados com 1.\u00aa dose\",\"isPartOf\":{\"@id\":\"https:\\\/\\\/www.altominho.tv\\\/site\\\/#website\"},\"primaryImageOfPage\":{\"@id\":\"https:\\\/\\\/www.altominho.tv\\\/site\\\/2021\\\/08\\\/31\\\/cerca-de-75-dos-jovens-entre-os-12-e-os-17-anos-vacinados-com-1-a-dose\\\/#primaryimage\"},\"image\":{\"@id\":\"https:\\\/\\\/www.altominho.tv\\\/site\\\/2021\\\/08\\\/31\\\/cerca-de-75-dos-jovens-entre-os-12-e-os-17-anos-vacinados-com-1-a-dose\\\/#primaryimage\"},\"thumbnailUrl\":\"https:\\\/\\\/www.altominho.tv\\\/site\\\/wp-content\\\/uploads\\\/2021\\\/08\\\/Vacinac\u0327a\u0303o_Jovens.jpg\",\"datePublished\":\"2021-08-31T10:07:48+00:00\",\"dateModified\":\"2021-08-31T10:10:02+00:00\",\"author\":{\"@id\":\"https:\\\/\\\/www.altominho.tv\\\/site\\\/#\\\/schema\\\/person\\\/63f693da3e1899361cbe955c46f3232e\"},\"breadcrumb\":{\"@id\":\"https:\\\/\\\/www.altominho.tv\\\/site\\\/2021\\\/08\\\/31\\\/cerca-de-75-dos-jovens-entre-os-12-e-os-17-anos-vacinados-com-1-a-dose\\\/#breadcrumb\"},\"inLanguage\":\"pt-PT\",\"potentialAction\":[{\"@type\":\"ReadAction\",\"target\":[\"https:\\\/\\\/www.altominho.tv\\\/site\\\/2021\\\/08\\\/31\\\/cerca-de-75-dos-jovens-entre-os-12-e-os-17-anos-vacinados-com-1-a-dose\\\/\"]}]},{\"@type\":\"ImageObject\",\"inLanguage\":\"pt-PT\",\"@id\":\"https:\\\/\\\/www.altominho.tv\\\/site\\\/2021\\\/08\\\/31\\\/cerca-de-75-dos-jovens-entre-os-12-e-os-17-anos-vacinados-com-1-a-dose\\\/#primaryimage\",\"url\":\"https:\\\/\\\/www.altominho.tv\\\/site\\\/wp-content\\\/uploads\\\/2021\\\/08\\\/Vacinac\u0327a\u0303o_Jovens.jpg\",\"contentUrl\":\"https:\\\/\\\/www.altominho.tv\\\/site\\\/wp-content\\\/uploads\\\/2021\\\/08\\\/Vacinac\u0327a\u0303o_Jovens.jpg\",\"width\":1920,\"height\":1080},{\"@type\":\"BreadcrumbList\",\"@id\":\"https:\\\/\\\/www.altominho.tv\\\/site\\\/2021\\\/08\\\/31\\\/cerca-de-75-dos-jovens-entre-os-12-e-os-17-anos-vacinados-com-1-a-dose\\\/#breadcrumb\",\"itemListElement\":[{\"@type\":\"ListItem\",\"position\":1,\"name\":\"In\u00edcio\",\"item\":\"https:\\\/\\\/www.altominho.tv\\\/site\\\/\"},{\"@type\":\"ListItem\",\"position\":2,\"name\":\"Cerca de 75% dos jovens entre os 12 e os 17 anos vacinados com 1.\u00aa dose\"}]},{\"@type\":\"WebSite\",\"@id\":\"https:\\\/\\\/www.altominho.tv\\\/site\\\/#website\",\"url\":\"https:\\\/\\\/www.altominho.tv\\\/site\\\/\",\"name\":\"Altominho.tv\",\"description\":\"A sua regi\u00e3o \u00e0 dist\u00e2ncia de um clique...\",\"potentialAction\":[{\"@type\":\"SearchAction\",\"target\":{\"@type\":\"EntryPoint\",\"urlTemplate\":\"https:\\\/\\\/www.altominho.tv\\\/site\\\/?s={search_term_string}\"},\"query-input\":{\"@type\":\"PropertyValueSpecification\",\"valueRequired\":true,\"valueName\":\"search_term_string\"}}],\"inLanguage\":\"pt-PT\"},{\"@type\":\"Person\",\"@id\":\"https:\\\/\\\/www.altominho.tv\\\/site\\\/#\\\/schema\\\/person\\\/63f693da3e1899361cbe955c46f3232e\",\"name\":\"Lusa\",\"image\":{\"@type\":\"ImageObject\",\"inLanguage\":\"pt-PT\",\"@id\":\"https:\\\/\\\/www.altominho.tv\\\/site\\\/wp-content\\\/uploads\\\/2019\\\/08\\\/LUSA_Logo.gif\",\"url\":\"https:\\\/\\\/www.altominho.tv\\\/site\\\/wp-content\\\/uploads\\\/2019\\\/08\\\/LUSA_Logo.gif\",\"contentUrl\":\"https:\\\/\\\/www.altominho.tv\\\/site\\\/wp-content\\\/uploads\\\/2019\\\/08\\\/LUSA_Logo.gif\",\"caption\":\"Lusa\"},\"sameAs\":[\"http:\\\/\\\/\\\/\\\/www.altominho.tv\\\/site\"],\"url\":\"https:\\\/\\\/www.altominho.tv\\\/site\\\/author\\\/lusa\\\/\"}]}<\/script>\n<!-- \/ Yoast SEO Premium plugin. -->","yoast_head_json":{"title":"Cerca de 75% dos jovens entre os 12 e os 17 anos vacinados com 1.\u00aa dose","robots":{"index":"index","follow":"follow","max-snippet":"max-snippet:-1","max-image-preview":"max-image-preview:large","max-video-preview":"max-video-preview:-1"},"canonical":"https:\/\/www.altominho.tv\/site\/2021\/08\/31\/cerca-de-75-dos-jovens-entre-os-12-e-os-17-anos-vacinados-com-1-a-dose\/","og_locale":"pt_PT","og_type":"article","og_title":"Cerca de 75% dos jovens entre os 12 e os 17 anos vacinados com 1.\u00aa dose","og_description":"Cerca de 75 por cento dos jovens entre os 12 e os 17 anos j\u00e1 est\u00e3o vacinados com a primeira dose, sendo que no \u00faltimo fim de semana foram vacinados 86 mil jovens, segundo a \u00b4task-force\u2019. O balan\u00e7o da percentagem de vacinados entres os 12 e os 17 anos surge ap\u00f3s tr\u00eas fins de semana [&hellip;]","og_url":"https:\/\/www.altominho.tv\/site\/2021\/08\/31\/cerca-de-75-dos-jovens-entre-os-12-e-os-17-anos-vacinados-com-1-a-dose\/","og_site_name":"Altominho.tv","article_publisher":"https:\/\/www.facebook.com\/altominhotv","article_published_time":"2021-08-31T10:07:48+00:00","article_modified_time":"2021-08-31T10:10:02+00:00","og_image":[{"width":1920,"height":1080,"url":"https:\/\/www.altominho.tv\/site\/wp-content\/uploads\/2021\/08\/Vacinac\u0327a\u0303o_Jovens.jpg","type":"image\/jpeg"}],"author":"Lusa","twitter_card":"summary_large_image","twitter_creator":"@altominhoTV","twitter_site":"@altominhoTV","twitter_misc":{"Escrito por":"Lusa","Tempo estimado de leitura":"2 minutos"},"schema":{"@context":"https:\/\/schema.org","@graph":[{"@type":"Article","@id":"https:\/\/www.altominho.tv\/site\/2021\/08\/31\/cerca-de-75-dos-jovens-entre-os-12-e-os-17-anos-vacinados-com-1-a-dose\/#article","isPartOf":{"@id":"https:\/\/www.altominho.tv\/site\/2021\/08\/31\/cerca-de-75-dos-jovens-entre-os-12-e-os-17-anos-vacinados-com-1-a-dose\/"},"author":{"name":"Lusa","@id":"https:\/\/www.altominho.tv\/site\/#\/schema\/person\/63f693da3e1899361cbe955c46f3232e"},"headline":"Cerca de 75% dos jovens entre os 12 e os 17 anos vacinados com 1.\u00aa dose","datePublished":"2021-08-31T10:07:48+00:00","dateModified":"2021-08-31T10:10:02+00:00","mainEntityOfPage":{"@id":"https:\/\/www.altominho.tv\/site\/2021\/08\/31\/cerca-de-75-dos-jovens-entre-os-12-e-os-17-anos-vacinados-com-1-a-dose\/"},"wordCount":352,"image":{"@id":"https:\/\/www.altominho.tv\/site\/2021\/08\/31\/cerca-de-75-dos-jovens-entre-os-12-e-os-17-anos-vacinados-com-1-a-dose\/#primaryimage"},"thumbnailUrl":"https:\/\/www.altominho.tv\/site\/wp-content\/uploads\/2021\/08\/Vacinac\u0327a\u0303o_Jovens.jpg","keywords":["Sa\u00fade"],"articleSection":["Coronav\u00edrus"],"inLanguage":"pt-PT","copyrightYear":"2021","copyrightHolder":{"@id":"https:\/\/www.altominho.tv\/site\/#organization"}},{"@type":"WebPage","@id":"https:\/\/www.altominho.tv\/site\/2021\/08\/31\/cerca-de-75-dos-jovens-entre-os-12-e-os-17-anos-vacinados-com-1-a-dose\/","url":"https:\/\/www.altominho.tv\/site\/2021\/08\/31\/cerca-de-75-dos-jovens-entre-os-12-e-os-17-anos-vacinados-com-1-a-dose\/","name":"Cerca de 75% dos jovens entre os 12 e os 17 anos vacinados com 1.\u00aa dose","isPartOf":{"@id":"https:\/\/www.altominho.tv\/site\/#website"},"primaryImageOfPage":{"@id":"https:\/\/www.altominho.tv\/site\/2021\/08\/31\/cerca-de-75-dos-jovens-entre-os-12-e-os-17-anos-vacinados-com-1-a-dose\/#primaryimage"},"image":{"@id":"https:\/\/www.altominho.tv\/site\/2021\/08\/31\/cerca-de-75-dos-jovens-entre-os-12-e-os-17-anos-vacinados-com-1-a-dose\/#primaryimage"},"thumbnailUrl":"https:\/\/www.altominho.tv\/site\/wp-content\/uploads\/2021\/08\/Vacinac\u0327a\u0303o_Jovens.jpg","datePublished":"2021-08-31T10:07:48+00:00","dateModified":"2021-08-31T10:10:02+00:00","author":{"@id":"https:\/\/www.altominho.tv\/site\/#\/schema\/person\/63f693da3e1899361cbe955c46f3232e"},"breadcrumb":{"@id":"https:\/\/www.altominho.tv\/site\/2021\/08\/31\/cerca-de-75-dos-jovens-entre-os-12-e-os-17-anos-vacinados-com-1-a-dose\/#breadcrumb"},"inLanguage":"pt-PT","potentialAction":[{"@type":"ReadAction","target":["https:\/\/www.altominho.tv\/site\/2021\/08\/31\/cerca-de-75-dos-jovens-entre-os-12-e-os-17-anos-vacinados-com-1-a-dose\/"]}]},{"@type":"ImageObject","inLanguage":"pt-PT","@id":"https:\/\/www.altominho.tv\/site\/2021\/08\/31\/cerca-de-75-dos-jovens-entre-os-12-e-os-17-anos-vacinados-com-1-a-dose\/#primaryimage","url":"https:\/\/www.altominho.tv\/site\/wp-content\/uploads\/2021\/08\/Vacinac\u0327a\u0303o_Jovens.jpg","contentUrl":"https:\/\/www.altominho.tv\/site\/wp-content\/uploads\/2021\/08\/Vacinac\u0327a\u0303o_Jovens.jpg","width":1920,"height":1080},{"@type":"BreadcrumbList","@id":"https:\/\/www.altominho.tv\/site\/2021\/08\/31\/cerca-de-75-dos-jovens-entre-os-12-e-os-17-anos-vacinados-com-1-a-dose\/#breadcrumb","itemListElement":[{"@type":"ListItem","position":1,"name":"In\u00edcio","item":"https:\/\/www.altominho.tv\/site\/"},{"@type":"ListItem","position":2,"name":"Cerca de 75% dos jovens entre os 12 e os 17 anos vacinados com 1.\u00aa dose"}]},{"@type":"WebSite","@id":"https:\/\/www.altominho.tv\/site\/#website","url":"https:\/\/www.altominho.tv\/site\/","name":"Altominho.tv","description":"A sua regi\u00e3o \u00e0 dist\u00e2ncia de um clique...","potentialAction":[{"@type":"SearchAction","target":{"@type":"EntryPoint","urlTemplate":"https:\/\/www.altominho.tv\/site\/?s={search_term_string}"},"query-input":{"@type":"PropertyValueSpecification","valueRequired":true,"valueName":"search_term_string"}}],"inLanguage":"pt-PT"},{"@type":"Person","@id":"https:\/\/www.altominho.tv\/site\/#\/schema\/person\/63f693da3e1899361cbe955c46f3232e","name":"Lusa","image":{"@type":"ImageObject","inLanguage":"pt-PT","@id":"https:\/\/www.altominho.tv\/site\/wp-content\/uploads\/2019\/08\/LUSA_Logo.gif","url":"https:\/\/www.altominho.tv\/site\/wp-content\/uploads\/2019\/08\/LUSA_Logo.gif","contentUrl":"https:\/\/www.altominho.tv\/site\/wp-content\/uploads\/2019\/08\/LUSA_Logo.gif","caption":"Lusa"},"sameAs":["http:\/\/\/\/www.altominho.tv\/site"],"url":"https:\/\/www.altominho.tv\/site\/author\/lusa\/"}]}},"_links":{"self":[{"href":"https:\/\/www.altominho.tv\/site\/wp-json\/wp\/v2\/posts\/69682","targetHints":{"allow":["GET"]}}],"collection":[{"href":"https:\/\/www.altominho.tv\/site\/wp-json\/wp\/v2\/posts"}],"about":[{"href":"https:\/\/www.altominho.tv\/site\/wp-json\/wp\/v2\/types\/post"}],"author":[{"embeddable":true,"href":"https:\/\/www.altominho.tv\/site\/wp-json\/wp\/v2\/users\/13"}],"replies":[{"embeddable":true,"href":"https:\/\/www.altominho.tv\/site\/wp-json\/wp\/v2\/comments?post=69682"}],"version-history":[{"count":0,"href":"https:\/\/www.altominho.tv\/site\/wp-json\/wp\/v2\/posts\/69682\/revisions"}],"wp:featuredmedia":[{"embeddable":true,"href":"https:\/\/www.altominho.tv\/site\/wp-json\/wp\/v2\/media\/69683"}],"wp:attachment":[{"href":"https:\/\/www.altominho.tv\/site\/wp-json\/wp\/v2\/media?parent=69682"}],"wp:term":[{"taxonomy":"category","embeddable":true,"href":"https:\/\/www.altominho.tv\/site\/wp-json\/wp\/v2\/categories?post=69682"},{"taxonomy":"post_tag","embeddable":true,"href":"https:\/\/www.altominho.tv\/site\/wp-json\/wp\/v2\/tags?post=69682"}],"curies":[{"name":"wp","href":"https:\/\/api.w.org\/{rel}","templated":true}]}}