{"id":69415,"date":"2021-08-18T13:50:48","date_gmt":"2021-08-18T12:50:48","guid":{"rendered":"https:\/\/www.altominho.tv\/site\/?p=69415"},"modified":"2021-08-19T01:15:09","modified_gmt":"2021-08-19T00:15:09","slug":"tapete-com-duas-toneladas-de-sal-homenageia-mulheres-da-ribeira-de-viana-do-castelo","status":"publish","type":"post","link":"https:\/\/www.altominho.tv\/site\/2021\/08\/18\/tapete-com-duas-toneladas-de-sal-homenageia-mulheres-da-ribeira-de-viana-do-castelo\/","title":{"rendered":"Tapete com duas toneladas de sal homenageia mulheres da ribeira de Viana do Castelo"},"content":{"rendered":"<p>Um tapete com 100 metros quadrados, confecionado com duas toneladas de sal tingido \u00e0s cores vai ser montado na madrugada de quinta para sexta-feira, em Viana do Castelo, numa homenagem \u00e0s mulheres da ribeira.<\/p>\n<p>Em comunicado enviado hoje \u00e0s reda\u00e7\u00f5es, a Comiss\u00e3o de Festas de Nossa Senhora d\u2019Agonia adiantou que o tapete, com 40 metros de comprimento e 2,5 metros de largura, vai ser confecionado no primeiro de quatro dias da romaria, na alameda situada em frente ao templo da padroeira dos homens do mar, por mais de 50 moradores da ribeira.<\/p>\n<p>Os tapetes de sal s\u00e3o confecionados desde 1968 em v\u00e1rias art\u00e9rias da ribeira de Viana do Castelo, sempre na noite de 19 para de 20 de agosto, feriado municipal, mobilizando centenas de pessoas daquela zona da cidade e atraindo milhares de visitantes.<\/p>\n<p>Tal como em 2020, devido \u00e0 pandemia de covid-19, um dos n\u00fameros emblem\u00e1ticos da Romaria d\u2019Agonia, deixou de ter a dimens\u00e3o de outros anos, sendo apenas confecionado um \u00fanico tapete de sal, em frente \u00e0 Igreja da Senhora d\u2019Agonia.<\/p>\n<p>\u201cA pandemia impede-nos, pelo segundo ano, de fazermos a festa com o brilho de sempre, mas a dedica\u00e7\u00e3o e orgulho do nosso povo s\u00e3o \u00fanicos. Com esta genuinidade, esfor\u00e7o e responsabilidade ser\u00e1 poss\u00edvel recriar a grandeza da nossa festa, cumprindo todas as regras sanit\u00e1rias em vigor\u201d, afirmou o presidente da Comiss\u00e3o de Festas da Romaria da Senhora d\u2019Agonia, Ant\u00f3nio Cruz, citado na nota.<\/p>\n<p>Al\u00e9m de homenagear a mulher da ribeira, o tapete vai ainda alertar para \u201ca import\u00e2ncia da reciclagem\u201d.<\/p>\n<p>\u201cSer\u00e3o reutilizados desenhos de festas anteriores e pela primeira vez reaproveitado sal aplicado em tapetes feitos noutros anos, sobretudo o colorido\u201d, especifica a comiss\u00e3o de festas.<\/p>\n<p>O trabalho estar\u00e1 conclu\u00eddo ao in\u00edcio da manh\u00e3 de sexta-feira, dia dedicado \u00e0 Senhora d\u2019Agonia, e poder\u00e1 ser apreciado ao longo do dia.<\/p>\n<p>Na quinta-feira, o programa inclui \u00e0s 11h00, \u201ca apresenta\u00e7\u00e3o de cumprimentos da Comiss\u00e3o de Festas ao executivo municipal, que ter\u00e1 transmiss\u00e3o em direto nas redes sociais a partir do Teatro Municipal S\u00e1 de Miranda, com as t\u00edpicas mordomas da Romaria a ocuparem as frisas da sala\u201d.<\/p>\n<p>\u00c0 tarde, a partir das 16h00, o desfile da mordomia, que devido \u00e0 pandemia volta a n\u00e3o sair \u00e0s ruas da cidade, ser\u00e1 assinalado com a divulga\u00e7\u00e3o de conte\u00fados multim\u00e9dia relacionados com outro dos pontos altos das festas e com a apresenta\u00e7\u00e3o do livro \u201cA Mordomia\u201d, de Hermenegildo Viana.<\/p>\n<p>O primeiro dia da Romaria d\u2019Agonia encerra com o espet\u00e1culo dos Sons do Minho, no Centro Cultural, \u00e0s 22h00, com lota\u00e7\u00e3o limitada de p\u00fablico e transmiss\u00e3o em direto atrav\u00e9s das redes sociais.<\/p>\n<p>A Romaria em honra de Nossa Senhora da Agonia realiza-se, anualmente, em Viana do Castelo, desde 1772.<\/p>\n<p>A edi\u00e7\u00e3o 2021 come\u00e7a na quinta-feira e decorre at\u00e9 domingo, com um programa que inclui momentos apenas \u2018online\u2019 e alguns com p\u00fablico, nomeadamente as eucaristias, a <a href=\"\/\/www.altominho.tv\/site\/2021\/08\/16\/festa-do-traje-romaria-de-nossa-senhora-dagonia-no-dia-22-de-agosto\/\">Festa do Traje<\/a>, os concertos e ainda o festival de folclore, seguindo as regras em vigor definidas pela Dire\u00e7\u00e3o-Geral da Sa\u00fade (DGS).<\/p>\n<p>Tal como em 2020, o programa \u2018online\u2019 envolver\u00e1 o lan\u00e7amento de conte\u00fados audiovisuais sobre o Desfile da Mordomia, as revistas de gigantones e cabe\u00e7udos, o Cortejo Hist\u00f3rico-Etnogr\u00e1fico, os tapetes de sal da Ribeira, a Prociss\u00e3o ao Mar ou Serenata de fogo-de-artif\u00edcio, divulgados nas redes sociais no dia e hora habituais da festa.<\/p>\n<p>No Campo d\u2019Agonia, desde o fim de semana passado, j\u00e1 funcionam 11 espa\u00e7os de restaura\u00e7\u00e3o e bebidas \u201cdevidamente autorizados e sujeitos ao cumprimento das regras sanit\u00e1rias em vigor, nomeadamente entradas controladas, distanciamento e venda em servi\u00e7o de \u2018take-away\u2019\u201d.<\/p>\n<p>Toda a programa\u00e7\u00e3o, eventos, conte\u00fados e informa\u00e7\u00f5es relativas \u00e0 Romaria d\u2019Agonia de 2021 est\u00e3o dispon\u00edveis na p\u00e1gina oficial da festa na Internet e nas redes sociais.<\/p>\n","protected":false},"excerpt":{"rendered":"<p>Um tapete com 100 metros quadrados, confecionado com duas toneladas de sal tingido \u00e0s cores vai ser montado na madrugada de quinta para sexta-feira, em Viana do Castelo, numa homenagem \u00e0s mulheres da ribeira. Em comunicado enviado hoje \u00e0s reda\u00e7\u00f5es, a Comiss\u00e3o de Festas de Nossa Senhora d\u2019Agonia adiantou que o tapete, com 40 metros [&hellip;]<\/p>\n","protected":false},"author":1,"featured_media":69416,"comment_status":"closed","ping_status":"closed","sticky":false,"template":"","format":"standard","meta":{"_exactmetrics_skip_tracking":false,"_exactmetrics_sitenote_active":false,"_exactmetrics_sitenote_note":"","_exactmetrics_sitenote_category":0,"footnotes":""},"categories":[14],"tags":[19],"class_list":["post-69415","post","type-post","status-publish","format-standard","has-post-thumbnail","hentry","category-viana-do-castelo","tag-cultura"],"yoast_head":"<!-- This site is optimized with the Yoast SEO Premium plugin v27.5 (Yoast SEO v27.5) - https:\/\/yoast.com\/product\/yoast-seo-premium-wordpress\/ -->\n<title>Tapete com duas toneladas de sal homenageia mulheres da ribeira de Viana do Castelo<\/title>\n<meta name=\"robots\" content=\"index, follow, max-snippet:-1, max-image-preview:large, max-video-preview:-1\" \/>\n<link rel=\"canonical\" href=\"https:\/\/www.altominho.tv\/site\/2021\/08\/18\/tapete-com-duas-toneladas-de-sal-homenageia-mulheres-da-ribeira-de-viana-do-castelo\/\" \/>\n<meta property=\"og:locale\" content=\"pt_PT\" \/>\n<meta property=\"og:type\" content=\"article\" \/>\n<meta property=\"og:title\" content=\"Tapete com duas toneladas de sal homenageia mulheres da ribeira de Viana do Castelo\" \/>\n<meta property=\"og:description\" content=\"Um tapete com 100 metros quadrados, confecionado com duas toneladas de sal tingido \u00e0s cores vai ser montado na madrugada de quinta para sexta-feira, em Viana do Castelo, numa homenagem \u00e0s mulheres da ribeira. Em comunicado enviado hoje \u00e0s reda\u00e7\u00f5es, a Comiss\u00e3o de Festas de Nossa Senhora d\u2019Agonia adiantou que o tapete, com 40 metros [&hellip;]\" \/>\n<meta property=\"og:url\" content=\"https:\/\/www.altominho.tv\/site\/2021\/08\/18\/tapete-com-duas-toneladas-de-sal-homenageia-mulheres-da-ribeira-de-viana-do-castelo\/\" \/>\n<meta property=\"og:site_name\" content=\"Altominho.tv\" \/>\n<meta property=\"article:publisher\" content=\"https:\/\/www.facebook.com\/altominhotv\" \/>\n<meta property=\"article:published_time\" content=\"2021-08-18T12:50:48+00:00\" \/>\n<meta property=\"article:modified_time\" content=\"2021-08-19T00:15:09+00:00\" \/>\n<meta property=\"og:image\" content=\"https:\/\/www.altominho.tv\/site\/wp-content\/uploads\/2021\/08\/Tapete_Agonia.jpg\" \/>\n\t<meta property=\"og:image:width\" content=\"1280\" \/>\n\t<meta property=\"og:image:height\" content=\"853\" \/>\n\t<meta property=\"og:image:type\" content=\"image\/jpeg\" \/>\n<meta name=\"author\" content=\"Altominho.tv\" \/>\n<meta name=\"twitter:card\" content=\"summary_large_image\" \/>\n<meta name=\"twitter:creator\" content=\"@altominhoTV\" \/>\n<meta name=\"twitter:site\" content=\"@altominhoTV\" \/>\n<meta name=\"twitter:label1\" content=\"Escrito por\" \/>\n\t<meta name=\"twitter:data1\" content=\"Altominho.tv\" \/>\n\t<meta name=\"twitter:label2\" content=\"Tempo estimado de leitura\" \/>\n\t<meta name=\"twitter:data2\" content=\"3 minutos\" \/>\n<script type=\"application\/ld+json\" class=\"yoast-schema-graph\">{\"@context\":\"https:\\\/\\\/schema.org\",\"@graph\":[{\"@type\":\"Article\",\"@id\":\"https:\\\/\\\/www.altominho.tv\\\/site\\\/2021\\\/08\\\/18\\\/tapete-com-duas-toneladas-de-sal-homenageia-mulheres-da-ribeira-de-viana-do-castelo\\\/#article\",\"isPartOf\":{\"@id\":\"https:\\\/\\\/www.altominho.tv\\\/site\\\/2021\\\/08\\\/18\\\/tapete-com-duas-toneladas-de-sal-homenageia-mulheres-da-ribeira-de-viana-do-castelo\\\/\"},\"author\":{\"name\":\"Altominho.tv\",\"@id\":\"https:\\\/\\\/www.altominho.tv\\\/site\\\/#\\\/schema\\\/person\\\/4e536851627d7914baf3dac752b6af22\"},\"headline\":\"Tapete com duas toneladas de sal homenageia mulheres da ribeira de Viana do Castelo\",\"datePublished\":\"2021-08-18T12:50:48+00:00\",\"dateModified\":\"2021-08-19T00:15:09+00:00\",\"mainEntityOfPage\":{\"@id\":\"https:\\\/\\\/www.altominho.tv\\\/site\\\/2021\\\/08\\\/18\\\/tapete-com-duas-toneladas-de-sal-homenageia-mulheres-da-ribeira-de-viana-do-castelo\\\/\"},\"wordCount\":670,\"image\":{\"@id\":\"https:\\\/\\\/www.altominho.tv\\\/site\\\/2021\\\/08\\\/18\\\/tapete-com-duas-toneladas-de-sal-homenageia-mulheres-da-ribeira-de-viana-do-castelo\\\/#primaryimage\"},\"thumbnailUrl\":\"https:\\\/\\\/www.altominho.tv\\\/site\\\/wp-content\\\/uploads\\\/2021\\\/08\\\/Tapete_Agonia.jpg\",\"keywords\":[\"Cultura\"],\"articleSection\":[\"Viana do Castelo\"],\"inLanguage\":\"pt-PT\",\"copyrightYear\":\"2021\",\"copyrightHolder\":{\"@id\":\"https:\\\/\\\/www.altominho.tv\\\/site\\\/#organization\"}},{\"@type\":\"WebPage\",\"@id\":\"https:\\\/\\\/www.altominho.tv\\\/site\\\/2021\\\/08\\\/18\\\/tapete-com-duas-toneladas-de-sal-homenageia-mulheres-da-ribeira-de-viana-do-castelo\\\/\",\"url\":\"https:\\\/\\\/www.altominho.tv\\\/site\\\/2021\\\/08\\\/18\\\/tapete-com-duas-toneladas-de-sal-homenageia-mulheres-da-ribeira-de-viana-do-castelo\\\/\",\"name\":\"Tapete com duas toneladas de sal homenageia mulheres da ribeira de Viana do Castelo\",\"isPartOf\":{\"@id\":\"https:\\\/\\\/www.altominho.tv\\\/site\\\/#website\"},\"primaryImageOfPage\":{\"@id\":\"https:\\\/\\\/www.altominho.tv\\\/site\\\/2021\\\/08\\\/18\\\/tapete-com-duas-toneladas-de-sal-homenageia-mulheres-da-ribeira-de-viana-do-castelo\\\/#primaryimage\"},\"image\":{\"@id\":\"https:\\\/\\\/www.altominho.tv\\\/site\\\/2021\\\/08\\\/18\\\/tapete-com-duas-toneladas-de-sal-homenageia-mulheres-da-ribeira-de-viana-do-castelo\\\/#primaryimage\"},\"thumbnailUrl\":\"https:\\\/\\\/www.altominho.tv\\\/site\\\/wp-content\\\/uploads\\\/2021\\\/08\\\/Tapete_Agonia.jpg\",\"datePublished\":\"2021-08-18T12:50:48+00:00\",\"dateModified\":\"2021-08-19T00:15:09+00:00\",\"author\":{\"@id\":\"https:\\\/\\\/www.altominho.tv\\\/site\\\/#\\\/schema\\\/person\\\/4e536851627d7914baf3dac752b6af22\"},\"breadcrumb\":{\"@id\":\"https:\\\/\\\/www.altominho.tv\\\/site\\\/2021\\\/08\\\/18\\\/tapete-com-duas-toneladas-de-sal-homenageia-mulheres-da-ribeira-de-viana-do-castelo\\\/#breadcrumb\"},\"inLanguage\":\"pt-PT\",\"potentialAction\":[{\"@type\":\"ReadAction\",\"target\":[\"https:\\\/\\\/www.altominho.tv\\\/site\\\/2021\\\/08\\\/18\\\/tapete-com-duas-toneladas-de-sal-homenageia-mulheres-da-ribeira-de-viana-do-castelo\\\/\"]}]},{\"@type\":\"ImageObject\",\"inLanguage\":\"pt-PT\",\"@id\":\"https:\\\/\\\/www.altominho.tv\\\/site\\\/2021\\\/08\\\/18\\\/tapete-com-duas-toneladas-de-sal-homenageia-mulheres-da-ribeira-de-viana-do-castelo\\\/#primaryimage\",\"url\":\"https:\\\/\\\/www.altominho.tv\\\/site\\\/wp-content\\\/uploads\\\/2021\\\/08\\\/Tapete_Agonia.jpg\",\"contentUrl\":\"https:\\\/\\\/www.altominho.tv\\\/site\\\/wp-content\\\/uploads\\\/2021\\\/08\\\/Tapete_Agonia.jpg\",\"width\":1280,\"height\":853},{\"@type\":\"BreadcrumbList\",\"@id\":\"https:\\\/\\\/www.altominho.tv\\\/site\\\/2021\\\/08\\\/18\\\/tapete-com-duas-toneladas-de-sal-homenageia-mulheres-da-ribeira-de-viana-do-castelo\\\/#breadcrumb\",\"itemListElement\":[{\"@type\":\"ListItem\",\"position\":1,\"name\":\"In\u00edcio\",\"item\":\"https:\\\/\\\/www.altominho.tv\\\/site\\\/\"},{\"@type\":\"ListItem\",\"position\":2,\"name\":\"Tapete com duas toneladas de sal homenageia mulheres da ribeira de Viana do Castelo\"}]},{\"@type\":\"WebSite\",\"@id\":\"https:\\\/\\\/www.altominho.tv\\\/site\\\/#website\",\"url\":\"https:\\\/\\\/www.altominho.tv\\\/site\\\/\",\"name\":\"Altominho.tv\",\"description\":\"A sua regi\u00e3o \u00e0 dist\u00e2ncia de um clique...\",\"potentialAction\":[{\"@type\":\"SearchAction\",\"target\":{\"@type\":\"EntryPoint\",\"urlTemplate\":\"https:\\\/\\\/www.altominho.tv\\\/site\\\/?s={search_term_string}\"},\"query-input\":{\"@type\":\"PropertyValueSpecification\",\"valueRequired\":true,\"valueName\":\"search_term_string\"}}],\"inLanguage\":\"pt-PT\"},{\"@type\":\"Person\",\"@id\":\"https:\\\/\\\/www.altominho.tv\\\/site\\\/#\\\/schema\\\/person\\\/4e536851627d7914baf3dac752b6af22\",\"name\":\"Altominho.tv\",\"image\":{\"@type\":\"ImageObject\",\"inLanguage\":\"pt-PT\",\"@id\":\"https:\\\/\\\/www.altominho.tv\\\/site\\\/wp-content\\\/uploads\\\/2019\\\/11\\\/Logo_Avatar_2-150x150.jpg\",\"url\":\"https:\\\/\\\/www.altominho.tv\\\/site\\\/wp-content\\\/uploads\\\/2019\\\/11\\\/Logo_Avatar_2-150x150.jpg\",\"contentUrl\":\"https:\\\/\\\/www.altominho.tv\\\/site\\\/wp-content\\\/uploads\\\/2019\\\/11\\\/Logo_Avatar_2-150x150.jpg\",\"caption\":\"Altominho.tv\"},\"url\":\"https:\\\/\\\/www.altominho.tv\\\/site\\\/author\\\/altominhotv-tecnico\\\/\"}]}<\/script>\n<!-- \/ Yoast SEO Premium plugin. -->","yoast_head_json":{"title":"Tapete com duas toneladas de sal homenageia mulheres da ribeira de Viana do Castelo","robots":{"index":"index","follow":"follow","max-snippet":"max-snippet:-1","max-image-preview":"max-image-preview:large","max-video-preview":"max-video-preview:-1"},"canonical":"https:\/\/www.altominho.tv\/site\/2021\/08\/18\/tapete-com-duas-toneladas-de-sal-homenageia-mulheres-da-ribeira-de-viana-do-castelo\/","og_locale":"pt_PT","og_type":"article","og_title":"Tapete com duas toneladas de sal homenageia mulheres da ribeira de Viana do Castelo","og_description":"Um tapete com 100 metros quadrados, confecionado com duas toneladas de sal tingido \u00e0s cores vai ser montado na madrugada de quinta para sexta-feira, em Viana do Castelo, numa homenagem \u00e0s mulheres da ribeira. Em comunicado enviado hoje \u00e0s reda\u00e7\u00f5es, a Comiss\u00e3o de Festas de Nossa Senhora d\u2019Agonia adiantou que o tapete, com 40 metros [&hellip;]","og_url":"https:\/\/www.altominho.tv\/site\/2021\/08\/18\/tapete-com-duas-toneladas-de-sal-homenageia-mulheres-da-ribeira-de-viana-do-castelo\/","og_site_name":"Altominho.tv","article_publisher":"https:\/\/www.facebook.com\/altominhotv","article_published_time":"2021-08-18T12:50:48+00:00","article_modified_time":"2021-08-19T00:15:09+00:00","og_image":[{"width":1280,"height":853,"url":"https:\/\/www.altominho.tv\/site\/wp-content\/uploads\/2021\/08\/Tapete_Agonia.jpg","type":"image\/jpeg"}],"author":"Altominho.tv","twitter_card":"summary_large_image","twitter_creator":"@altominhoTV","twitter_site":"@altominhoTV","twitter_misc":{"Escrito por":"Altominho.tv","Tempo estimado de leitura":"3 minutos"},"schema":{"@context":"https:\/\/schema.org","@graph":[{"@type":"Article","@id":"https:\/\/www.altominho.tv\/site\/2021\/08\/18\/tapete-com-duas-toneladas-de-sal-homenageia-mulheres-da-ribeira-de-viana-do-castelo\/#article","isPartOf":{"@id":"https:\/\/www.altominho.tv\/site\/2021\/08\/18\/tapete-com-duas-toneladas-de-sal-homenageia-mulheres-da-ribeira-de-viana-do-castelo\/"},"author":{"name":"Altominho.tv","@id":"https:\/\/www.altominho.tv\/site\/#\/schema\/person\/4e536851627d7914baf3dac752b6af22"},"headline":"Tapete com duas toneladas de sal homenageia mulheres da ribeira de Viana do Castelo","datePublished":"2021-08-18T12:50:48+00:00","dateModified":"2021-08-19T00:15:09+00:00","mainEntityOfPage":{"@id":"https:\/\/www.altominho.tv\/site\/2021\/08\/18\/tapete-com-duas-toneladas-de-sal-homenageia-mulheres-da-ribeira-de-viana-do-castelo\/"},"wordCount":670,"image":{"@id":"https:\/\/www.altominho.tv\/site\/2021\/08\/18\/tapete-com-duas-toneladas-de-sal-homenageia-mulheres-da-ribeira-de-viana-do-castelo\/#primaryimage"},"thumbnailUrl":"https:\/\/www.altominho.tv\/site\/wp-content\/uploads\/2021\/08\/Tapete_Agonia.jpg","keywords":["Cultura"],"articleSection":["Viana do Castelo"],"inLanguage":"pt-PT","copyrightYear":"2021","copyrightHolder":{"@id":"https:\/\/www.altominho.tv\/site\/#organization"}},{"@type":"WebPage","@id":"https:\/\/www.altominho.tv\/site\/2021\/08\/18\/tapete-com-duas-toneladas-de-sal-homenageia-mulheres-da-ribeira-de-viana-do-castelo\/","url":"https:\/\/www.altominho.tv\/site\/2021\/08\/18\/tapete-com-duas-toneladas-de-sal-homenageia-mulheres-da-ribeira-de-viana-do-castelo\/","name":"Tapete com duas toneladas de sal homenageia mulheres da ribeira de Viana do Castelo","isPartOf":{"@id":"https:\/\/www.altominho.tv\/site\/#website"},"primaryImageOfPage":{"@id":"https:\/\/www.altominho.tv\/site\/2021\/08\/18\/tapete-com-duas-toneladas-de-sal-homenageia-mulheres-da-ribeira-de-viana-do-castelo\/#primaryimage"},"image":{"@id":"https:\/\/www.altominho.tv\/site\/2021\/08\/18\/tapete-com-duas-toneladas-de-sal-homenageia-mulheres-da-ribeira-de-viana-do-castelo\/#primaryimage"},"thumbnailUrl":"https:\/\/www.altominho.tv\/site\/wp-content\/uploads\/2021\/08\/Tapete_Agonia.jpg","datePublished":"2021-08-18T12:50:48+00:00","dateModified":"2021-08-19T00:15:09+00:00","author":{"@id":"https:\/\/www.altominho.tv\/site\/#\/schema\/person\/4e536851627d7914baf3dac752b6af22"},"breadcrumb":{"@id":"https:\/\/www.altominho.tv\/site\/2021\/08\/18\/tapete-com-duas-toneladas-de-sal-homenageia-mulheres-da-ribeira-de-viana-do-castelo\/#breadcrumb"},"inLanguage":"pt-PT","potentialAction":[{"@type":"ReadAction","target":["https:\/\/www.altominho.tv\/site\/2021\/08\/18\/tapete-com-duas-toneladas-de-sal-homenageia-mulheres-da-ribeira-de-viana-do-castelo\/"]}]},{"@type":"ImageObject","inLanguage":"pt-PT","@id":"https:\/\/www.altominho.tv\/site\/2021\/08\/18\/tapete-com-duas-toneladas-de-sal-homenageia-mulheres-da-ribeira-de-viana-do-castelo\/#primaryimage","url":"https:\/\/www.altominho.tv\/site\/wp-content\/uploads\/2021\/08\/Tapete_Agonia.jpg","contentUrl":"https:\/\/www.altominho.tv\/site\/wp-content\/uploads\/2021\/08\/Tapete_Agonia.jpg","width":1280,"height":853},{"@type":"BreadcrumbList","@id":"https:\/\/www.altominho.tv\/site\/2021\/08\/18\/tapete-com-duas-toneladas-de-sal-homenageia-mulheres-da-ribeira-de-viana-do-castelo\/#breadcrumb","itemListElement":[{"@type":"ListItem","position":1,"name":"In\u00edcio","item":"https:\/\/www.altominho.tv\/site\/"},{"@type":"ListItem","position":2,"name":"Tapete com duas toneladas de sal homenageia mulheres da ribeira de Viana do Castelo"}]},{"@type":"WebSite","@id":"https:\/\/www.altominho.tv\/site\/#website","url":"https:\/\/www.altominho.tv\/site\/","name":"Altominho.tv","description":"A sua regi\u00e3o \u00e0 dist\u00e2ncia de um clique...","potentialAction":[{"@type":"SearchAction","target":{"@type":"EntryPoint","urlTemplate":"https:\/\/www.altominho.tv\/site\/?s={search_term_string}"},"query-input":{"@type":"PropertyValueSpecification","valueRequired":true,"valueName":"search_term_string"}}],"inLanguage":"pt-PT"},{"@type":"Person","@id":"https:\/\/www.altominho.tv\/site\/#\/schema\/person\/4e536851627d7914baf3dac752b6af22","name":"Altominho.tv","image":{"@type":"ImageObject","inLanguage":"pt-PT","@id":"https:\/\/www.altominho.tv\/site\/wp-content\/uploads\/2019\/11\/Logo_Avatar_2-150x150.jpg","url":"https:\/\/www.altominho.tv\/site\/wp-content\/uploads\/2019\/11\/Logo_Avatar_2-150x150.jpg","contentUrl":"https:\/\/www.altominho.tv\/site\/wp-content\/uploads\/2019\/11\/Logo_Avatar_2-150x150.jpg","caption":"Altominho.tv"},"url":"https:\/\/www.altominho.tv\/site\/author\/altominhotv-tecnico\/"}]}},"_links":{"self":[{"href":"https:\/\/www.altominho.tv\/site\/wp-json\/wp\/v2\/posts\/69415","targetHints":{"allow":["GET"]}}],"collection":[{"href":"https:\/\/www.altominho.tv\/site\/wp-json\/wp\/v2\/posts"}],"about":[{"href":"https:\/\/www.altominho.tv\/site\/wp-json\/wp\/v2\/types\/post"}],"author":[{"embeddable":true,"href":"https:\/\/www.altominho.tv\/site\/wp-json\/wp\/v2\/users\/1"}],"replies":[{"embeddable":true,"href":"https:\/\/www.altominho.tv\/site\/wp-json\/wp\/v2\/comments?post=69415"}],"version-history":[{"count":0,"href":"https:\/\/www.altominho.tv\/site\/wp-json\/wp\/v2\/posts\/69415\/revisions"}],"wp:featuredmedia":[{"embeddable":true,"href":"https:\/\/www.altominho.tv\/site\/wp-json\/wp\/v2\/media\/69416"}],"wp:attachment":[{"href":"https:\/\/www.altominho.tv\/site\/wp-json\/wp\/v2\/media?parent=69415"}],"wp:term":[{"taxonomy":"category","embeddable":true,"href":"https:\/\/www.altominho.tv\/site\/wp-json\/wp\/v2\/categories?post=69415"},{"taxonomy":"post_tag","embeddable":true,"href":"https:\/\/www.altominho.tv\/site\/wp-json\/wp\/v2\/tags?post=69415"}],"curies":[{"name":"wp","href":"https:\/\/api.w.org\/{rel}","templated":true}]}}