{"id":69344,"date":"2021-08-14T14:13:23","date_gmt":"2021-08-14T13:13:23","guid":{"rendered":"https:\/\/www.altominho.tv\/site\/?p=69344"},"modified":"2021-08-14T14:13:27","modified_gmt":"2021-08-14T13:13:27","slug":"ferido-grave-em-despiste-de-mota-em-moncao","status":"publish","type":"post","link":"https:\/\/www.altominho.tv\/site\/2021\/08\/14\/ferido-grave-em-despiste-de-mota-em-moncao\/","title":{"rendered":"Ferido grave em despiste de mota em Mon\u00e7\u00e3o"},"content":{"rendered":"<p>Um homem de 30 anos ficou em estado grave, ao in\u00edcio da tarde deste s\u00e1bado, na sequ\u00eancia de um <span class=\"il\">despiste<\/span>\u00a0de\u00a0<span class=\"il\">mota<\/span>, na localidade de Pias de Baixo, na freguesia de Pias, em Mon\u00e7\u00e3o.<\/p>\n<p class=\"selectionShareable\">Segundo fonte dos Bombeiros Volunt\u00e1rios de Mon\u00e7\u00e3o, o alerta para a ocorr\u00eancia foi dado \u00e0s 12h14 e a v\u00edtima foi transportada para o\u00a0Servi\u00e7o de Urg\u00eancia B\u00e1sica (SUB) de Mon\u00e7\u00e3o.<\/p>\n<p>No socorro estiveram envolvidos seis operacionais dos Bombeiros de Mon\u00e7\u00e3o, SIV de Melga\u00e7o e\u00a0GNR.<\/p>\n","protected":false},"excerpt":{"rendered":"<p>Um homem de 30 anos ficou em estado grave, ao in\u00edcio da tarde deste s\u00e1bado, na sequ\u00eancia de um despiste\u00a0de\u00a0mota, na localidade de Pias de Baixo, na freguesia de Pias, em Mon\u00e7\u00e3o. Segundo fonte dos Bombeiros Volunt\u00e1rios de Mon\u00e7\u00e3o, o alerta para a ocorr\u00eancia foi dado \u00e0s 12h14 e a v\u00edtima foi transportada para o\u00a0Servi\u00e7o [&hellip;]<\/p>\n","protected":false},"author":12,"featured_media":69345,"comment_status":"closed","ping_status":"closed","sticky":false,"template":"","format":"standard","meta":{"_exactmetrics_skip_tracking":false,"footnotes":""},"categories":[9],"tags":[27],"class_list":["post-69344","post","type-post","status-publish","format-standard","has-post-thumbnail","hentry","category-moncao","tag-sociedade"],"yoast_head":"<!-- This site is optimized with the Yoast SEO Premium plugin v28.3 (Yoast SEO v28.3) - https:\/\/yoast.com\/product\/yoast-seo-premium-wordpress\/ -->\n<title>Ferido grave em despiste de mota em Mon\u00e7\u00e3o<\/title>\n<meta name=\"robots\" content=\"index, follow, max-snippet:-1, max-image-preview:large, max-video-preview:-1\" \/>\n<link rel=\"canonical\" href=\"https:\/\/www.altominho.tv\/site\/2021\/08\/14\/ferido-grave-em-despiste-de-mota-em-moncao\/\" \/>\n<meta property=\"og:locale\" content=\"pt_PT\" \/>\n<meta property=\"og:type\" content=\"article\" \/>\n<meta property=\"og:title\" content=\"Ferido grave em despiste de mota em Mon\u00e7\u00e3o\" \/>\n<meta property=\"og:description\" content=\"Um homem de 30 anos ficou em estado grave, ao in\u00edcio da tarde deste s\u00e1bado, na sequ\u00eancia de um despiste\u00a0de\u00a0mota, na localidade de Pias de Baixo, na freguesia de Pias, em Mon\u00e7\u00e3o. Segundo fonte dos Bombeiros Volunt\u00e1rios de Mon\u00e7\u00e3o, o alerta para a ocorr\u00eancia foi dado \u00e0s 12h14 e a v\u00edtima foi transportada para o\u00a0Servi\u00e7o [&hellip;]\" \/>\n<meta property=\"og:url\" content=\"https:\/\/www.altominho.tv\/site\/2021\/08\/14\/ferido-grave-em-despiste-de-mota-em-moncao\/\" \/>\n<meta property=\"og:site_name\" content=\"Altominho.tv\" \/>\n<meta property=\"article:publisher\" content=\"https:\/\/www.facebook.com\/altominhotv\" \/>\n<meta property=\"article:published_time\" content=\"2021-08-14T13:13:23+00:00\" \/>\n<meta property=\"article:modified_time\" content=\"2021-08-14T13:13:27+00:00\" \/>\n<meta property=\"og:image\" content=\"https:\/\/www.altominho.tv\/site\/wp-content\/uploads\/2021\/08\/siv_0-e1651571136283.jpg\" \/>\n\t<meta property=\"og:image:width\" content=\"722\" \/>\n\t<meta property=\"og:image:height\" content=\"409\" \/>\n\t<meta property=\"og:image:type\" content=\"image\/jpeg\" \/>\n<meta name=\"author\" content=\"Andreia Ferreira\" \/>\n<meta name=\"twitter:card\" content=\"summary_large_image\" \/>\n<meta name=\"twitter:creator\" content=\"@altominhoTV\" \/>\n<meta name=\"twitter:site\" content=\"@altominhoTV\" \/>\n<meta name=\"twitter:label1\" content=\"Escrito por\" \/>\n\t<meta name=\"twitter:data1\" content=\"Andreia Ferreira\" \/>\n\t<meta name=\"twitter:label2\" content=\"Tempo estimado de leitura\" \/>\n\t<meta name=\"twitter:data2\" content=\"1 minuto\" \/>\n<script type=\"application\/ld+json\" class=\"yoast-schema-graph\">{\"@context\":\"https:\\\/\\\/schema.org\",\"@graph\":[{\"@type\":\"Article\",\"@id\":\"https:\\\/\\\/www.altominho.tv\\\/site\\\/2021\\\/08\\\/14\\\/ferido-grave-em-despiste-de-mota-em-moncao\\\/#article\",\"isPartOf\":{\"@id\":\"https:\\\/\\\/www.altominho.tv\\\/site\\\/2021\\\/08\\\/14\\\/ferido-grave-em-despiste-de-mota-em-moncao\\\/\"},\"author\":{\"name\":\"Andreia Ferreira\",\"@id\":\"https:\\\/\\\/www.altominho.tv\\\/site\\\/#\\\/schema\\\/person\\\/d9be4265364723f14ea8e0d56a1d38cd\"},\"headline\":\"Ferido grave em despiste de mota em Mon\u00e7\u00e3o\",\"datePublished\":\"2021-08-14T13:13:23+00:00\",\"dateModified\":\"2021-08-14T13:13:27+00:00\",\"mainEntityOfPage\":{\"@id\":\"https:\\\/\\\/www.altominho.tv\\\/site\\\/2021\\\/08\\\/14\\\/ferido-grave-em-despiste-de-mota-em-moncao\\\/\"},\"wordCount\":101,\"image\":{\"@id\":\"https:\\\/\\\/www.altominho.tv\\\/site\\\/2021\\\/08\\\/14\\\/ferido-grave-em-despiste-de-mota-em-moncao\\\/#primaryimage\"},\"thumbnailUrl\":\"https:\\\/\\\/www.altominho.tv\\\/site\\\/wp-content\\\/uploads\\\/2021\\\/08\\\/siv_0-e1651571136283.jpg\",\"keywords\":[\"Sociedade\"],\"articleSection\":[\"Mon\u00e7\u00e3o\"],\"inLanguage\":\"pt-PT\",\"copyrightYear\":\"2021\",\"copyrightHolder\":{\"@id\":\"https:\\\/\\\/www.altominho.tv\\\/site\\\/#organization\"}},{\"@type\":\"WebPage\",\"@id\":\"https:\\\/\\\/www.altominho.tv\\\/site\\\/2021\\\/08\\\/14\\\/ferido-grave-em-despiste-de-mota-em-moncao\\\/\",\"url\":\"https:\\\/\\\/www.altominho.tv\\\/site\\\/2021\\\/08\\\/14\\\/ferido-grave-em-despiste-de-mota-em-moncao\\\/\",\"name\":\"Ferido grave em despiste de mota em Mon\u00e7\u00e3o\",\"isPartOf\":{\"@id\":\"https:\\\/\\\/www.altominho.tv\\\/site\\\/#website\"},\"primaryImageOfPage\":{\"@id\":\"https:\\\/\\\/www.altominho.tv\\\/site\\\/2021\\\/08\\\/14\\\/ferido-grave-em-despiste-de-mota-em-moncao\\\/#primaryimage\"},\"image\":{\"@id\":\"https:\\\/\\\/www.altominho.tv\\\/site\\\/2021\\\/08\\\/14\\\/ferido-grave-em-despiste-de-mota-em-moncao\\\/#primaryimage\"},\"thumbnailUrl\":\"https:\\\/\\\/www.altominho.tv\\\/site\\\/wp-content\\\/uploads\\\/2021\\\/08\\\/siv_0-e1651571136283.jpg\",\"datePublished\":\"2021-08-14T13:13:23+00:00\",\"dateModified\":\"2021-08-14T13:13:27+00:00\",\"author\":{\"@id\":\"https:\\\/\\\/www.altominho.tv\\\/site\\\/#\\\/schema\\\/person\\\/d9be4265364723f14ea8e0d56a1d38cd\"},\"breadcrumb\":{\"@id\":\"https:\\\/\\\/www.altominho.tv\\\/site\\\/2021\\\/08\\\/14\\\/ferido-grave-em-despiste-de-mota-em-moncao\\\/#breadcrumb\"},\"inLanguage\":\"pt-PT\",\"potentialAction\":[{\"@type\":\"ReadAction\",\"target\":[\"https:\\\/\\\/www.altominho.tv\\\/site\\\/2021\\\/08\\\/14\\\/ferido-grave-em-despiste-de-mota-em-moncao\\\/\"]}]},{\"@type\":\"ImageObject\",\"inLanguage\":\"pt-PT\",\"@id\":\"https:\\\/\\\/www.altominho.tv\\\/site\\\/2021\\\/08\\\/14\\\/ferido-grave-em-despiste-de-mota-em-moncao\\\/#primaryimage\",\"url\":\"https:\\\/\\\/www.altominho.tv\\\/site\\\/wp-content\\\/uploads\\\/2021\\\/08\\\/siv_0-e1651571136283.jpg\",\"contentUrl\":\"https:\\\/\\\/www.altominho.tv\\\/site\\\/wp-content\\\/uploads\\\/2021\\\/08\\\/siv_0-e1651571136283.jpg\",\"width\":722,\"height\":409},{\"@type\":\"BreadcrumbList\",\"@id\":\"https:\\\/\\\/www.altominho.tv\\\/site\\\/2021\\\/08\\\/14\\\/ferido-grave-em-despiste-de-mota-em-moncao\\\/#breadcrumb\",\"itemListElement\":[{\"@type\":\"ListItem\",\"position\":1,\"name\":\"In\u00edcio\",\"item\":\"https:\\\/\\\/www.altominho.tv\\\/site\\\/\"},{\"@type\":\"ListItem\",\"position\":2,\"name\":\"Ferido grave em despiste de mota em Mon\u00e7\u00e3o\"}]},{\"@type\":\"WebSite\",\"@id\":\"https:\\\/\\\/www.altominho.tv\\\/site\\\/#website\",\"url\":\"https:\\\/\\\/www.altominho.tv\\\/site\\\/\",\"name\":\"Altominho.tv\",\"description\":\"A sua regi\u00e3o \u00e0 dist\u00e2ncia de um clique...\",\"potentialAction\":[{\"@type\":\"SearchAction\",\"target\":{\"@type\":\"EntryPoint\",\"urlTemplate\":\"https:\\\/\\\/www.altominho.tv\\\/site\\\/?s={search_term_string}\"},\"query-input\":{\"@type\":\"PropertyValueSpecification\",\"valueRequired\":true,\"valueName\":\"search_term_string\"}}],\"inLanguage\":\"pt-PT\"},{\"@type\":\"Person\",\"@id\":\"https:\\\/\\\/www.altominho.tv\\\/site\\\/#\\\/schema\\\/person\\\/d9be4265364723f14ea8e0d56a1d38cd\",\"name\":\"Andreia Ferreira\",\"image\":{\"@type\":\"ImageObject\",\"inLanguage\":\"pt-PT\",\"@id\":\"https:\\\/\\\/www.altominho.tv\\\/site\\\/wp-content\\\/uploads\\\/2021\\\/01\\\/AndreiaFerreira-150x150.jpg\",\"url\":\"https:\\\/\\\/www.altominho.tv\\\/site\\\/wp-content\\\/uploads\\\/2021\\\/01\\\/AndreiaFerreira-150x150.jpg\",\"contentUrl\":\"https:\\\/\\\/www.altominho.tv\\\/site\\\/wp-content\\\/uploads\\\/2021\\\/01\\\/AndreiaFerreira-150x150.jpg\",\"caption\":\"Andreia Ferreira\"},\"url\":\"https:\\\/\\\/www.altominho.tv\\\/site\\\/author\\\/andreiaferreira\\\/\"}]}<\/script>\n<!-- \/ Yoast SEO Premium plugin. -->","yoast_head_json":{"title":"Ferido grave em despiste de mota em Mon\u00e7\u00e3o","robots":{"index":"index","follow":"follow","max-snippet":"max-snippet:-1","max-image-preview":"max-image-preview:large","max-video-preview":"max-video-preview:-1"},"canonical":"https:\/\/www.altominho.tv\/site\/2021\/08\/14\/ferido-grave-em-despiste-de-mota-em-moncao\/","og_locale":"pt_PT","og_type":"article","og_title":"Ferido grave em despiste de mota em Mon\u00e7\u00e3o","og_description":"Um homem de 30 anos ficou em estado grave, ao in\u00edcio da tarde deste s\u00e1bado, na sequ\u00eancia de um despiste\u00a0de\u00a0mota, na localidade de Pias de Baixo, na freguesia de Pias, em Mon\u00e7\u00e3o. Segundo fonte dos Bombeiros Volunt\u00e1rios de Mon\u00e7\u00e3o, o alerta para a ocorr\u00eancia foi dado \u00e0s 12h14 e a v\u00edtima foi transportada para o\u00a0Servi\u00e7o [&hellip;]","og_url":"https:\/\/www.altominho.tv\/site\/2021\/08\/14\/ferido-grave-em-despiste-de-mota-em-moncao\/","og_site_name":"Altominho.tv","article_publisher":"https:\/\/www.facebook.com\/altominhotv","article_published_time":"2021-08-14T13:13:23+00:00","article_modified_time":"2021-08-14T13:13:27+00:00","og_image":[{"width":722,"height":409,"url":"https:\/\/www.altominho.tv\/site\/wp-content\/uploads\/2021\/08\/siv_0-e1651571136283.jpg","type":"image\/jpeg"}],"author":"Andreia Ferreira","twitter_card":"summary_large_image","twitter_creator":"@altominhoTV","twitter_site":"@altominhoTV","twitter_misc":{"Escrito por":"Andreia Ferreira","Tempo estimado de leitura":"1 minuto"},"schema":{"@context":"https:\/\/schema.org","@graph":[{"@type":"Article","@id":"https:\/\/www.altominho.tv\/site\/2021\/08\/14\/ferido-grave-em-despiste-de-mota-em-moncao\/#article","isPartOf":{"@id":"https:\/\/www.altominho.tv\/site\/2021\/08\/14\/ferido-grave-em-despiste-de-mota-em-moncao\/"},"author":{"name":"Andreia Ferreira","@id":"https:\/\/www.altominho.tv\/site\/#\/schema\/person\/d9be4265364723f14ea8e0d56a1d38cd"},"headline":"Ferido grave em despiste de mota em Mon\u00e7\u00e3o","datePublished":"2021-08-14T13:13:23+00:00","dateModified":"2021-08-14T13:13:27+00:00","mainEntityOfPage":{"@id":"https:\/\/www.altominho.tv\/site\/2021\/08\/14\/ferido-grave-em-despiste-de-mota-em-moncao\/"},"wordCount":101,"image":{"@id":"https:\/\/www.altominho.tv\/site\/2021\/08\/14\/ferido-grave-em-despiste-de-mota-em-moncao\/#primaryimage"},"thumbnailUrl":"https:\/\/www.altominho.tv\/site\/wp-content\/uploads\/2021\/08\/siv_0-e1651571136283.jpg","keywords":["Sociedade"],"articleSection":["Mon\u00e7\u00e3o"],"inLanguage":"pt-PT","copyrightYear":"2021","copyrightHolder":{"@id":"https:\/\/www.altominho.tv\/site\/#organization"}},{"@type":"WebPage","@id":"https:\/\/www.altominho.tv\/site\/2021\/08\/14\/ferido-grave-em-despiste-de-mota-em-moncao\/","url":"https:\/\/www.altominho.tv\/site\/2021\/08\/14\/ferido-grave-em-despiste-de-mota-em-moncao\/","name":"Ferido grave em despiste de mota em Mon\u00e7\u00e3o","isPartOf":{"@id":"https:\/\/www.altominho.tv\/site\/#website"},"primaryImageOfPage":{"@id":"https:\/\/www.altominho.tv\/site\/2021\/08\/14\/ferido-grave-em-despiste-de-mota-em-moncao\/#primaryimage"},"image":{"@id":"https:\/\/www.altominho.tv\/site\/2021\/08\/14\/ferido-grave-em-despiste-de-mota-em-moncao\/#primaryimage"},"thumbnailUrl":"https:\/\/www.altominho.tv\/site\/wp-content\/uploads\/2021\/08\/siv_0-e1651571136283.jpg","datePublished":"2021-08-14T13:13:23+00:00","dateModified":"2021-08-14T13:13:27+00:00","author":{"@id":"https:\/\/www.altominho.tv\/site\/#\/schema\/person\/d9be4265364723f14ea8e0d56a1d38cd"},"breadcrumb":{"@id":"https:\/\/www.altominho.tv\/site\/2021\/08\/14\/ferido-grave-em-despiste-de-mota-em-moncao\/#breadcrumb"},"inLanguage":"pt-PT","potentialAction":[{"@type":"ReadAction","target":["https:\/\/www.altominho.tv\/site\/2021\/08\/14\/ferido-grave-em-despiste-de-mota-em-moncao\/"]}]},{"@type":"ImageObject","inLanguage":"pt-PT","@id":"https:\/\/www.altominho.tv\/site\/2021\/08\/14\/ferido-grave-em-despiste-de-mota-em-moncao\/#primaryimage","url":"https:\/\/www.altominho.tv\/site\/wp-content\/uploads\/2021\/08\/siv_0-e1651571136283.jpg","contentUrl":"https:\/\/www.altominho.tv\/site\/wp-content\/uploads\/2021\/08\/siv_0-e1651571136283.jpg","width":722,"height":409},{"@type":"BreadcrumbList","@id":"https:\/\/www.altominho.tv\/site\/2021\/08\/14\/ferido-grave-em-despiste-de-mota-em-moncao\/#breadcrumb","itemListElement":[{"@type":"ListItem","position":1,"name":"In\u00edcio","item":"https:\/\/www.altominho.tv\/site\/"},{"@type":"ListItem","position":2,"name":"Ferido grave em despiste de mota em Mon\u00e7\u00e3o"}]},{"@type":"WebSite","@id":"https:\/\/www.altominho.tv\/site\/#website","url":"https:\/\/www.altominho.tv\/site\/","name":"Altominho.tv","description":"A sua regi\u00e3o \u00e0 dist\u00e2ncia de um clique...","potentialAction":[{"@type":"SearchAction","target":{"@type":"EntryPoint","urlTemplate":"https:\/\/www.altominho.tv\/site\/?s={search_term_string}"},"query-input":{"@type":"PropertyValueSpecification","valueRequired":true,"valueName":"search_term_string"}}],"inLanguage":"pt-PT"},{"@type":"Person","@id":"https:\/\/www.altominho.tv\/site\/#\/schema\/person\/d9be4265364723f14ea8e0d56a1d38cd","name":"Andreia Ferreira","image":{"@type":"ImageObject","inLanguage":"pt-PT","@id":"https:\/\/www.altominho.tv\/site\/wp-content\/uploads\/2021\/01\/AndreiaFerreira-150x150.jpg","url":"https:\/\/www.altominho.tv\/site\/wp-content\/uploads\/2021\/01\/AndreiaFerreira-150x150.jpg","contentUrl":"https:\/\/www.altominho.tv\/site\/wp-content\/uploads\/2021\/01\/AndreiaFerreira-150x150.jpg","caption":"Andreia Ferreira"},"url":"https:\/\/www.altominho.tv\/site\/author\/andreiaferreira\/"}]}},"_links":{"self":[{"href":"https:\/\/www.altominho.tv\/site\/wp-json\/wp\/v2\/posts\/69344","targetHints":{"allow":["GET"]}}],"collection":[{"href":"https:\/\/www.altominho.tv\/site\/wp-json\/wp\/v2\/posts"}],"about":[{"href":"https:\/\/www.altominho.tv\/site\/wp-json\/wp\/v2\/types\/post"}],"author":[{"embeddable":true,"href":"https:\/\/www.altominho.tv\/site\/wp-json\/wp\/v2\/users\/12"}],"replies":[{"embeddable":true,"href":"https:\/\/www.altominho.tv\/site\/wp-json\/wp\/v2\/comments?post=69344"}],"version-history":[{"count":0,"href":"https:\/\/www.altominho.tv\/site\/wp-json\/wp\/v2\/posts\/69344\/revisions"}],"wp:featuredmedia":[{"embeddable":true,"href":"https:\/\/www.altominho.tv\/site\/wp-json\/wp\/v2\/media\/69345"}],"wp:attachment":[{"href":"https:\/\/www.altominho.tv\/site\/wp-json\/wp\/v2\/media?parent=69344"}],"wp:term":[{"taxonomy":"category","embeddable":true,"href":"https:\/\/www.altominho.tv\/site\/wp-json\/wp\/v2\/categories?post=69344"},{"taxonomy":"post_tag","embeddable":true,"href":"https:\/\/www.altominho.tv\/site\/wp-json\/wp\/v2\/tags?post=69344"}],"curies":[{"name":"wp","href":"https:\/\/api.w.org\/{rel}","templated":true}]}}