{"id":69326,"date":"2021-08-13T17:35:05","date_gmt":"2021-08-13T16:35:05","guid":{"rendered":"https:\/\/www.altominho.tv\/site\/?p=69326"},"modified":"2021-08-13T17:35:09","modified_gmt":"2021-08-13T16:35:09","slug":"traje-da-ribeira-e-reliquias-maritimas-inspiram-colecao-de-designer-de-viana-do-castelo","status":"publish","type":"post","link":"https:\/\/www.altominho.tv\/site\/2021\/08\/13\/traje-da-ribeira-e-reliquias-maritimas-inspiram-colecao-de-designer-de-viana-do-castelo\/","title":{"rendered":"Traje da Ribeira e rel\u00edquias mar\u00edtimas inspiram cole\u00e7\u00e3o de designer de Viana do Castelo"},"content":{"rendered":"<p>O traje envergado pelas mulheres da Ribeira de Viana do Castelo e a prociss\u00e3o ao mar d\u00e3o mote \u00e0 cole\u00e7\u00e3o da designer Isabel Lima que vai ser apresentada, no s\u00e1bado, nos claustros do Convento de S\u00e3o Domingos.<\/p>\n<p>A estilista e designer de Viana do Castelo refere que a cole\u00e7\u00e3o \u00e9 inspirada no traje da Ribeira, &#8220;o cora\u00e7\u00e3o das festas da Senhora d&#8217;Agonia&#8221;, que vai decorrer entre os dias 19 e 22 de agosto.<\/p>\n<p>&#8220;Ser\u00e1 uma homenagem \u00e0s mulheres da Ribeira e o traje da Ribeira \u00e9 a inspira\u00e7\u00e3o da minha cole\u00e7\u00e3o nova&#8221;, explicou Isabel Lima.<\/p>\n<p>Em causa\u00a0<span class=\"il\">est\u00e1<\/span> a oitava edi\u00e7\u00e3o do &#8220;<span class=\"il\">Viana<\/span>\u00a0<span class=\"il\">est\u00e1<\/span>\u00a0<span class=\"il\">na<\/span>\u00a0<span class=\"il\">moda<\/span>&#8220;, este ano com o tema &#8220;Rel\u00edquias Mar\u00edtimas&#8221;, onde a estilista vai apresentar trabalhos inspirados na &#8220;vida das gentes da comunidade urbana da Ribeira de Viana do Castelo&#8221;\u00a0e tamb\u00e9m na f\u00e9 e devo\u00e7\u00e3o.<\/p>\n<p>Neste desfile de moda, Isabel Lima &#8220;mergulha nos segredos do mar, um mar que est\u00e1 ligado ao sentimento de patrim\u00f3nio, identidade e sonho, e namora a hist\u00f3ria das gentes da Ribeira de Viana do Castelo, protagonistas do brio transcendente a olhar o frei Bartolomeu dos M\u00e1rtires, para um desfile que ecoa a uma m\u00edstica de cultura, f\u00e9 e devo\u00e7\u00e3o, num espa\u00e7o conventual&#8221;.<\/p>\n<p>&#8220;Este encontro da moda com f\u00e9 e com a arte tem o prop\u00f3sito de criar momentos de hist\u00f3ria numa cumplicidade invulgar e sublima\u00e7\u00e3o da realidade, baseada nos detalhes associados a sonhos e identidade, num estilo de linhas graciosas e tecidos caraterizados&#8221;, especificou a designer.<\/p>\n<p>O desfile de <span class=\"il\">Isabel<\/span>\u00a0<span class=\"il\">Lima<\/span> vai decorrer a partir das 22h00, no Convento de S\u00e3o Domingos, em Viana do Castelo.<\/p>\n","protected":false},"excerpt":{"rendered":"<p>O traje envergado pelas mulheres da Ribeira de Viana do Castelo e a prociss\u00e3o ao mar d\u00e3o mote \u00e0 cole\u00e7\u00e3o da designer Isabel Lima que vai ser apresentada, no s\u00e1bado, nos claustros do Convento de S\u00e3o Domingos. A estilista e designer de Viana do Castelo refere que a cole\u00e7\u00e3o \u00e9 inspirada no traje da Ribeira, [&hellip;]<\/p>\n","protected":false},"author":12,"featured_media":69329,"comment_status":"closed","ping_status":"closed","sticky":false,"template":"","format":"standard","meta":{"_exactmetrics_skip_tracking":false,"_exactmetrics_sitenote_active":false,"_exactmetrics_sitenote_note":"","_exactmetrics_sitenote_category":0,"footnotes":""},"categories":[14],"tags":[19],"class_list":["post-69326","post","type-post","status-publish","format-standard","has-post-thumbnail","hentry","category-viana-do-castelo","tag-cultura"],"yoast_head":"<!-- This site is optimized with the Yoast SEO Premium plugin v27.5 (Yoast SEO v27.5) - https:\/\/yoast.com\/product\/yoast-seo-premium-wordpress\/ -->\n<title>Traje da Ribeira e rel\u00edquias mar\u00edtimas inspiram cole\u00e7\u00e3o de designer de Viana do Castelo<\/title>\n<meta name=\"robots\" content=\"index, follow, max-snippet:-1, max-image-preview:large, max-video-preview:-1\" \/>\n<link rel=\"canonical\" href=\"https:\/\/www.altominho.tv\/site\/2021\/08\/13\/traje-da-ribeira-e-reliquias-maritimas-inspiram-colecao-de-designer-de-viana-do-castelo\/\" \/>\n<meta property=\"og:locale\" content=\"pt_PT\" \/>\n<meta property=\"og:type\" content=\"article\" \/>\n<meta property=\"og:title\" content=\"Traje da Ribeira e rel\u00edquias mar\u00edtimas inspiram cole\u00e7\u00e3o de designer de Viana do Castelo\" \/>\n<meta property=\"og:description\" content=\"O traje envergado pelas mulheres da Ribeira de Viana do Castelo e a prociss\u00e3o ao mar d\u00e3o mote \u00e0 cole\u00e7\u00e3o da designer Isabel Lima que vai ser apresentada, no s\u00e1bado, nos claustros do Convento de S\u00e3o Domingos. A estilista e designer de Viana do Castelo refere que a cole\u00e7\u00e3o \u00e9 inspirada no traje da Ribeira, [&hellip;]\" \/>\n<meta property=\"og:url\" content=\"https:\/\/www.altominho.tv\/site\/2021\/08\/13\/traje-da-ribeira-e-reliquias-maritimas-inspiram-colecao-de-designer-de-viana-do-castelo\/\" \/>\n<meta property=\"og:site_name\" content=\"Altominho.tv\" \/>\n<meta property=\"article:publisher\" content=\"https:\/\/www.facebook.com\/altominhotv\" \/>\n<meta property=\"article:published_time\" content=\"2021-08-13T16:35:05+00:00\" \/>\n<meta property=\"article:modified_time\" content=\"2021-08-13T16:35:09+00:00\" \/>\n<meta property=\"og:image\" content=\"https:\/\/www.altominho.tv\/site\/wp-content\/uploads\/2021\/08\/Isabel-Lima-nos-Claustros-rotated-e1628872297322.jpg\" \/>\n\t<meta property=\"og:image:width\" content=\"640\" \/>\n\t<meta property=\"og:image:height\" content=\"396\" \/>\n\t<meta property=\"og:image:type\" content=\"image\/jpeg\" \/>\n<meta name=\"author\" content=\"Andreia Ferreira\" \/>\n<meta name=\"twitter:card\" content=\"summary_large_image\" \/>\n<meta name=\"twitter:creator\" content=\"@altominhoTV\" \/>\n<meta name=\"twitter:site\" content=\"@altominhoTV\" \/>\n<meta name=\"twitter:label1\" content=\"Escrito por\" \/>\n\t<meta name=\"twitter:data1\" content=\"Andreia Ferreira\" \/>\n\t<meta name=\"twitter:label2\" content=\"Tempo estimado de leitura\" \/>\n\t<meta name=\"twitter:data2\" content=\"2 minutos\" \/>\n<script type=\"application\/ld+json\" class=\"yoast-schema-graph\">{\"@context\":\"https:\\\/\\\/schema.org\",\"@graph\":[{\"@type\":\"Article\",\"@id\":\"https:\\\/\\\/www.altominho.tv\\\/site\\\/2021\\\/08\\\/13\\\/traje-da-ribeira-e-reliquias-maritimas-inspiram-colecao-de-designer-de-viana-do-castelo\\\/#article\",\"isPartOf\":{\"@id\":\"https:\\\/\\\/www.altominho.tv\\\/site\\\/2021\\\/08\\\/13\\\/traje-da-ribeira-e-reliquias-maritimas-inspiram-colecao-de-designer-de-viana-do-castelo\\\/\"},\"author\":{\"name\":\"Andreia Ferreira\",\"@id\":\"https:\\\/\\\/www.altominho.tv\\\/site\\\/#\\\/schema\\\/person\\\/d9be4265364723f14ea8e0d56a1d38cd\"},\"headline\":\"Traje da Ribeira e rel\u00edquias mar\u00edtimas inspiram cole\u00e7\u00e3o de designer de Viana do Castelo\",\"datePublished\":\"2021-08-13T16:35:05+00:00\",\"dateModified\":\"2021-08-13T16:35:09+00:00\",\"mainEntityOfPage\":{\"@id\":\"https:\\\/\\\/www.altominho.tv\\\/site\\\/2021\\\/08\\\/13\\\/traje-da-ribeira-e-reliquias-maritimas-inspiram-colecao-de-designer-de-viana-do-castelo\\\/\"},\"wordCount\":301,\"image\":{\"@id\":\"https:\\\/\\\/www.altominho.tv\\\/site\\\/2021\\\/08\\\/13\\\/traje-da-ribeira-e-reliquias-maritimas-inspiram-colecao-de-designer-de-viana-do-castelo\\\/#primaryimage\"},\"thumbnailUrl\":\"https:\\\/\\\/www.altominho.tv\\\/site\\\/wp-content\\\/uploads\\\/2021\\\/08\\\/Isabel-Lima-nos-Claustros-rotated-e1628872297322.jpg\",\"keywords\":[\"Cultura\"],\"articleSection\":[\"Viana do Castelo\"],\"inLanguage\":\"pt-PT\",\"copyrightYear\":\"2021\",\"copyrightHolder\":{\"@id\":\"https:\\\/\\\/www.altominho.tv\\\/site\\\/#organization\"}},{\"@type\":\"WebPage\",\"@id\":\"https:\\\/\\\/www.altominho.tv\\\/site\\\/2021\\\/08\\\/13\\\/traje-da-ribeira-e-reliquias-maritimas-inspiram-colecao-de-designer-de-viana-do-castelo\\\/\",\"url\":\"https:\\\/\\\/www.altominho.tv\\\/site\\\/2021\\\/08\\\/13\\\/traje-da-ribeira-e-reliquias-maritimas-inspiram-colecao-de-designer-de-viana-do-castelo\\\/\",\"name\":\"Traje da Ribeira e rel\u00edquias mar\u00edtimas inspiram cole\u00e7\u00e3o de designer de Viana do Castelo\",\"isPartOf\":{\"@id\":\"https:\\\/\\\/www.altominho.tv\\\/site\\\/#website\"},\"primaryImageOfPage\":{\"@id\":\"https:\\\/\\\/www.altominho.tv\\\/site\\\/2021\\\/08\\\/13\\\/traje-da-ribeira-e-reliquias-maritimas-inspiram-colecao-de-designer-de-viana-do-castelo\\\/#primaryimage\"},\"image\":{\"@id\":\"https:\\\/\\\/www.altominho.tv\\\/site\\\/2021\\\/08\\\/13\\\/traje-da-ribeira-e-reliquias-maritimas-inspiram-colecao-de-designer-de-viana-do-castelo\\\/#primaryimage\"},\"thumbnailUrl\":\"https:\\\/\\\/www.altominho.tv\\\/site\\\/wp-content\\\/uploads\\\/2021\\\/08\\\/Isabel-Lima-nos-Claustros-rotated-e1628872297322.jpg\",\"datePublished\":\"2021-08-13T16:35:05+00:00\",\"dateModified\":\"2021-08-13T16:35:09+00:00\",\"author\":{\"@id\":\"https:\\\/\\\/www.altominho.tv\\\/site\\\/#\\\/schema\\\/person\\\/d9be4265364723f14ea8e0d56a1d38cd\"},\"breadcrumb\":{\"@id\":\"https:\\\/\\\/www.altominho.tv\\\/site\\\/2021\\\/08\\\/13\\\/traje-da-ribeira-e-reliquias-maritimas-inspiram-colecao-de-designer-de-viana-do-castelo\\\/#breadcrumb\"},\"inLanguage\":\"pt-PT\",\"potentialAction\":[{\"@type\":\"ReadAction\",\"target\":[\"https:\\\/\\\/www.altominho.tv\\\/site\\\/2021\\\/08\\\/13\\\/traje-da-ribeira-e-reliquias-maritimas-inspiram-colecao-de-designer-de-viana-do-castelo\\\/\"]}]},{\"@type\":\"ImageObject\",\"inLanguage\":\"pt-PT\",\"@id\":\"https:\\\/\\\/www.altominho.tv\\\/site\\\/2021\\\/08\\\/13\\\/traje-da-ribeira-e-reliquias-maritimas-inspiram-colecao-de-designer-de-viana-do-castelo\\\/#primaryimage\",\"url\":\"https:\\\/\\\/www.altominho.tv\\\/site\\\/wp-content\\\/uploads\\\/2021\\\/08\\\/Isabel-Lima-nos-Claustros-rotated-e1628872297322.jpg\",\"contentUrl\":\"https:\\\/\\\/www.altominho.tv\\\/site\\\/wp-content\\\/uploads\\\/2021\\\/08\\\/Isabel-Lima-nos-Claustros-rotated-e1628872297322.jpg\",\"width\":640,\"height\":396},{\"@type\":\"BreadcrumbList\",\"@id\":\"https:\\\/\\\/www.altominho.tv\\\/site\\\/2021\\\/08\\\/13\\\/traje-da-ribeira-e-reliquias-maritimas-inspiram-colecao-de-designer-de-viana-do-castelo\\\/#breadcrumb\",\"itemListElement\":[{\"@type\":\"ListItem\",\"position\":1,\"name\":\"In\u00edcio\",\"item\":\"https:\\\/\\\/www.altominho.tv\\\/site\\\/\"},{\"@type\":\"ListItem\",\"position\":2,\"name\":\"Traje da Ribeira e rel\u00edquias mar\u00edtimas inspiram cole\u00e7\u00e3o de designer de Viana do Castelo\"}]},{\"@type\":\"WebSite\",\"@id\":\"https:\\\/\\\/www.altominho.tv\\\/site\\\/#website\",\"url\":\"https:\\\/\\\/www.altominho.tv\\\/site\\\/\",\"name\":\"Altominho.tv\",\"description\":\"A sua regi\u00e3o \u00e0 dist\u00e2ncia de um clique...\",\"potentialAction\":[{\"@type\":\"SearchAction\",\"target\":{\"@type\":\"EntryPoint\",\"urlTemplate\":\"https:\\\/\\\/www.altominho.tv\\\/site\\\/?s={search_term_string}\"},\"query-input\":{\"@type\":\"PropertyValueSpecification\",\"valueRequired\":true,\"valueName\":\"search_term_string\"}}],\"inLanguage\":\"pt-PT\"},{\"@type\":\"Person\",\"@id\":\"https:\\\/\\\/www.altominho.tv\\\/site\\\/#\\\/schema\\\/person\\\/d9be4265364723f14ea8e0d56a1d38cd\",\"name\":\"Andreia Ferreira\",\"image\":{\"@type\":\"ImageObject\",\"inLanguage\":\"pt-PT\",\"@id\":\"https:\\\/\\\/www.altominho.tv\\\/site\\\/wp-content\\\/uploads\\\/2021\\\/01\\\/AndreiaFerreira-150x150.jpg\",\"url\":\"https:\\\/\\\/www.altominho.tv\\\/site\\\/wp-content\\\/uploads\\\/2021\\\/01\\\/AndreiaFerreira-150x150.jpg\",\"contentUrl\":\"https:\\\/\\\/www.altominho.tv\\\/site\\\/wp-content\\\/uploads\\\/2021\\\/01\\\/AndreiaFerreira-150x150.jpg\",\"caption\":\"Andreia Ferreira\"},\"url\":\"https:\\\/\\\/www.altominho.tv\\\/site\\\/author\\\/andreiaferreira\\\/\"}]}<\/script>\n<!-- \/ Yoast SEO Premium plugin. -->","yoast_head_json":{"title":"Traje da Ribeira e rel\u00edquias mar\u00edtimas inspiram cole\u00e7\u00e3o de designer de Viana do Castelo","robots":{"index":"index","follow":"follow","max-snippet":"max-snippet:-1","max-image-preview":"max-image-preview:large","max-video-preview":"max-video-preview:-1"},"canonical":"https:\/\/www.altominho.tv\/site\/2021\/08\/13\/traje-da-ribeira-e-reliquias-maritimas-inspiram-colecao-de-designer-de-viana-do-castelo\/","og_locale":"pt_PT","og_type":"article","og_title":"Traje da Ribeira e rel\u00edquias mar\u00edtimas inspiram cole\u00e7\u00e3o de designer de Viana do Castelo","og_description":"O traje envergado pelas mulheres da Ribeira de Viana do Castelo e a prociss\u00e3o ao mar d\u00e3o mote \u00e0 cole\u00e7\u00e3o da designer Isabel Lima que vai ser apresentada, no s\u00e1bado, nos claustros do Convento de S\u00e3o Domingos. A estilista e designer de Viana do Castelo refere que a cole\u00e7\u00e3o \u00e9 inspirada no traje da Ribeira, [&hellip;]","og_url":"https:\/\/www.altominho.tv\/site\/2021\/08\/13\/traje-da-ribeira-e-reliquias-maritimas-inspiram-colecao-de-designer-de-viana-do-castelo\/","og_site_name":"Altominho.tv","article_publisher":"https:\/\/www.facebook.com\/altominhotv","article_published_time":"2021-08-13T16:35:05+00:00","article_modified_time":"2021-08-13T16:35:09+00:00","og_image":[{"width":640,"height":396,"url":"https:\/\/www.altominho.tv\/site\/wp-content\/uploads\/2021\/08\/Isabel-Lima-nos-Claustros-rotated-e1628872297322.jpg","type":"image\/jpeg"}],"author":"Andreia Ferreira","twitter_card":"summary_large_image","twitter_creator":"@altominhoTV","twitter_site":"@altominhoTV","twitter_misc":{"Escrito por":"Andreia Ferreira","Tempo estimado de leitura":"2 minutos"},"schema":{"@context":"https:\/\/schema.org","@graph":[{"@type":"Article","@id":"https:\/\/www.altominho.tv\/site\/2021\/08\/13\/traje-da-ribeira-e-reliquias-maritimas-inspiram-colecao-de-designer-de-viana-do-castelo\/#article","isPartOf":{"@id":"https:\/\/www.altominho.tv\/site\/2021\/08\/13\/traje-da-ribeira-e-reliquias-maritimas-inspiram-colecao-de-designer-de-viana-do-castelo\/"},"author":{"name":"Andreia Ferreira","@id":"https:\/\/www.altominho.tv\/site\/#\/schema\/person\/d9be4265364723f14ea8e0d56a1d38cd"},"headline":"Traje da Ribeira e rel\u00edquias mar\u00edtimas inspiram cole\u00e7\u00e3o de designer de Viana do Castelo","datePublished":"2021-08-13T16:35:05+00:00","dateModified":"2021-08-13T16:35:09+00:00","mainEntityOfPage":{"@id":"https:\/\/www.altominho.tv\/site\/2021\/08\/13\/traje-da-ribeira-e-reliquias-maritimas-inspiram-colecao-de-designer-de-viana-do-castelo\/"},"wordCount":301,"image":{"@id":"https:\/\/www.altominho.tv\/site\/2021\/08\/13\/traje-da-ribeira-e-reliquias-maritimas-inspiram-colecao-de-designer-de-viana-do-castelo\/#primaryimage"},"thumbnailUrl":"https:\/\/www.altominho.tv\/site\/wp-content\/uploads\/2021\/08\/Isabel-Lima-nos-Claustros-rotated-e1628872297322.jpg","keywords":["Cultura"],"articleSection":["Viana do Castelo"],"inLanguage":"pt-PT","copyrightYear":"2021","copyrightHolder":{"@id":"https:\/\/www.altominho.tv\/site\/#organization"}},{"@type":"WebPage","@id":"https:\/\/www.altominho.tv\/site\/2021\/08\/13\/traje-da-ribeira-e-reliquias-maritimas-inspiram-colecao-de-designer-de-viana-do-castelo\/","url":"https:\/\/www.altominho.tv\/site\/2021\/08\/13\/traje-da-ribeira-e-reliquias-maritimas-inspiram-colecao-de-designer-de-viana-do-castelo\/","name":"Traje da Ribeira e rel\u00edquias mar\u00edtimas inspiram cole\u00e7\u00e3o de designer de Viana do Castelo","isPartOf":{"@id":"https:\/\/www.altominho.tv\/site\/#website"},"primaryImageOfPage":{"@id":"https:\/\/www.altominho.tv\/site\/2021\/08\/13\/traje-da-ribeira-e-reliquias-maritimas-inspiram-colecao-de-designer-de-viana-do-castelo\/#primaryimage"},"image":{"@id":"https:\/\/www.altominho.tv\/site\/2021\/08\/13\/traje-da-ribeira-e-reliquias-maritimas-inspiram-colecao-de-designer-de-viana-do-castelo\/#primaryimage"},"thumbnailUrl":"https:\/\/www.altominho.tv\/site\/wp-content\/uploads\/2021\/08\/Isabel-Lima-nos-Claustros-rotated-e1628872297322.jpg","datePublished":"2021-08-13T16:35:05+00:00","dateModified":"2021-08-13T16:35:09+00:00","author":{"@id":"https:\/\/www.altominho.tv\/site\/#\/schema\/person\/d9be4265364723f14ea8e0d56a1d38cd"},"breadcrumb":{"@id":"https:\/\/www.altominho.tv\/site\/2021\/08\/13\/traje-da-ribeira-e-reliquias-maritimas-inspiram-colecao-de-designer-de-viana-do-castelo\/#breadcrumb"},"inLanguage":"pt-PT","potentialAction":[{"@type":"ReadAction","target":["https:\/\/www.altominho.tv\/site\/2021\/08\/13\/traje-da-ribeira-e-reliquias-maritimas-inspiram-colecao-de-designer-de-viana-do-castelo\/"]}]},{"@type":"ImageObject","inLanguage":"pt-PT","@id":"https:\/\/www.altominho.tv\/site\/2021\/08\/13\/traje-da-ribeira-e-reliquias-maritimas-inspiram-colecao-de-designer-de-viana-do-castelo\/#primaryimage","url":"https:\/\/www.altominho.tv\/site\/wp-content\/uploads\/2021\/08\/Isabel-Lima-nos-Claustros-rotated-e1628872297322.jpg","contentUrl":"https:\/\/www.altominho.tv\/site\/wp-content\/uploads\/2021\/08\/Isabel-Lima-nos-Claustros-rotated-e1628872297322.jpg","width":640,"height":396},{"@type":"BreadcrumbList","@id":"https:\/\/www.altominho.tv\/site\/2021\/08\/13\/traje-da-ribeira-e-reliquias-maritimas-inspiram-colecao-de-designer-de-viana-do-castelo\/#breadcrumb","itemListElement":[{"@type":"ListItem","position":1,"name":"In\u00edcio","item":"https:\/\/www.altominho.tv\/site\/"},{"@type":"ListItem","position":2,"name":"Traje da Ribeira e rel\u00edquias mar\u00edtimas inspiram cole\u00e7\u00e3o de designer de Viana do Castelo"}]},{"@type":"WebSite","@id":"https:\/\/www.altominho.tv\/site\/#website","url":"https:\/\/www.altominho.tv\/site\/","name":"Altominho.tv","description":"A sua regi\u00e3o \u00e0 dist\u00e2ncia de um clique...","potentialAction":[{"@type":"SearchAction","target":{"@type":"EntryPoint","urlTemplate":"https:\/\/www.altominho.tv\/site\/?s={search_term_string}"},"query-input":{"@type":"PropertyValueSpecification","valueRequired":true,"valueName":"search_term_string"}}],"inLanguage":"pt-PT"},{"@type":"Person","@id":"https:\/\/www.altominho.tv\/site\/#\/schema\/person\/d9be4265364723f14ea8e0d56a1d38cd","name":"Andreia Ferreira","image":{"@type":"ImageObject","inLanguage":"pt-PT","@id":"https:\/\/www.altominho.tv\/site\/wp-content\/uploads\/2021\/01\/AndreiaFerreira-150x150.jpg","url":"https:\/\/www.altominho.tv\/site\/wp-content\/uploads\/2021\/01\/AndreiaFerreira-150x150.jpg","contentUrl":"https:\/\/www.altominho.tv\/site\/wp-content\/uploads\/2021\/01\/AndreiaFerreira-150x150.jpg","caption":"Andreia Ferreira"},"url":"https:\/\/www.altominho.tv\/site\/author\/andreiaferreira\/"}]}},"_links":{"self":[{"href":"https:\/\/www.altominho.tv\/site\/wp-json\/wp\/v2\/posts\/69326","targetHints":{"allow":["GET"]}}],"collection":[{"href":"https:\/\/www.altominho.tv\/site\/wp-json\/wp\/v2\/posts"}],"about":[{"href":"https:\/\/www.altominho.tv\/site\/wp-json\/wp\/v2\/types\/post"}],"author":[{"embeddable":true,"href":"https:\/\/www.altominho.tv\/site\/wp-json\/wp\/v2\/users\/12"}],"replies":[{"embeddable":true,"href":"https:\/\/www.altominho.tv\/site\/wp-json\/wp\/v2\/comments?post=69326"}],"version-history":[{"count":0,"href":"https:\/\/www.altominho.tv\/site\/wp-json\/wp\/v2\/posts\/69326\/revisions"}],"wp:featuredmedia":[{"embeddable":true,"href":"https:\/\/www.altominho.tv\/site\/wp-json\/wp\/v2\/media\/69329"}],"wp:attachment":[{"href":"https:\/\/www.altominho.tv\/site\/wp-json\/wp\/v2\/media?parent=69326"}],"wp:term":[{"taxonomy":"category","embeddable":true,"href":"https:\/\/www.altominho.tv\/site\/wp-json\/wp\/v2\/categories?post=69326"},{"taxonomy":"post_tag","embeddable":true,"href":"https:\/\/www.altominho.tv\/site\/wp-json\/wp\/v2\/tags?post=69326"}],"curies":[{"name":"wp","href":"https:\/\/api.w.org\/{rel}","templated":true}]}}