{"id":69224,"date":"2021-08-10T15:14:48","date_gmt":"2021-08-10T14:14:48","guid":{"rendered":"https:\/\/www.altominho.tv\/site\/?p=69224"},"modified":"2022-01-17T14:36:37","modified_gmt":"2022-01-17T14:36:37","slug":"manoel-batista-concorre-a-ultimo-mandato-e-quer-manter-maioria-ps-em-melgaco","status":"publish","type":"post","link":"https:\/\/www.altominho.tv\/site\/2021\/08\/10\/manoel-batista-concorre-a-ultimo-mandato-e-quer-manter-maioria-ps-em-melgaco\/","title":{"rendered":"Manoel Batista concorre a \u00faltimo mandato e quer manter maioria PS em Melga\u00e7o"},"content":{"rendered":"<p>O atual presidente PS da C\u00e2mara de Melga\u00e7o, Manoel Batista, disse esta ter\u00e7a-feira que concorre, pela \u00faltima vez, \u00e0s elei\u00e7\u00f5es de setembro para manter a maioria e \u201cconsolidar\u201d o \u201ctrajeto\u201d iniciado h\u00e1 oito anos no concelho.<\/p>\n<p>O candidato socialista em Melga\u00e7o, que em julho completou 56 anos, disse em declara\u00e7\u00f5es \u00e0 Lusa que o objetivo da sua recandidatura passa por manter os atuais cinco mandatos aut\u00e1rquicos, para \u201cn\u00e3o elevar fasquias\u201d.<\/p>\n<p>Manoel Batista vai apresentar este m\u00eas, publicamente, a recandidatura que justifica com \u201co trajeto de oito anos de boa interven\u00e7\u00e3o no terreno, de constru\u00e7\u00e3o de um caminho estrat\u00e9gico, de qualifica\u00e7\u00e3o e posicionamento do territ\u00f3rio\u201d e com a necessidade de \u201cconsolida\u00e7\u00e3o\u201d desse trabalho.<\/p>\n<p>\u201cFalta levar a cabo uma s\u00e9rie de projetos no seguimento deste posicionamento estrat\u00e9gico e julgo que tenho condi\u00e7\u00f5es de ser a pessoa mais adequada para que essa consolida\u00e7\u00e3o estrat\u00e9gica e os respetivos projetos sejam colocados no terreno nos pr\u00f3ximos quatro anos\u201d, afirmou.<\/p>\n<p>Natural do Rio de Janeiro, no Brasil, e residente em Melga\u00e7o, o candidato formado em Teologia apontou a \u201ccapacita\u00e7\u00e3o do acolhimento empresarial\u201d do concelho como um dos \u201cgrandes desafios\u201d que tenciona concretizar.<\/p>\n<p>\u201cA constru\u00e7\u00e3o da nova zona empresarial est\u00e1 a correr a toda a velocidade. A consolida\u00e7\u00e3o da capacidade de acolhimento empresarial, com a instala\u00e7\u00e3o de empresas de valor \u00e9 um grande desafio\u201d, disse.<\/p>\n<p>Manoel Batista definiu ainda como \u201cgrande objetivo\u201d a requalifica\u00e7\u00e3o das estruturas ligadas \u00e0 cultura, como a Casa da Cultura, e a constru\u00e7\u00e3o de um edif\u00edcio para a instala\u00e7\u00e3o do arquivo municipal e de um centro documental para o esp\u00f3lio que o franc\u00eas Jean Loup Passek, escritor e cr\u00edtico de cinema, doou ao munic\u00edpio, \u201cdois grandes desafios infraestruturais, num investimento global que poder\u00e1 chegar aos 4,5 milh\u00f5es de euros\u201d.<\/p>\n<p>O socialista, que entrou para a C\u00e2mara de Melga\u00e7o em 2009, no \u00faltimo mandato do ex-presidente Rui Solheiro, definiu ainda como \u201ccrucial\u201d a continuidade \u201cda valoriza\u00e7\u00e3o dos produtos locais, encontrando novas formas de ajudar os produtores locais a acrescerem valor aos seus produtos e a descobrir novos mercados\u201d.<\/p>\n<p>\u201cA partir do territ\u00f3rio queremos ganhar economia e riqueza\u201d, disse Manoel Batista que quer ainda continuar a \u201ctrabalhar de forma consistente e insistente, com o Governo, a Comiss\u00e3o de Coordena\u00e7\u00e3o e Desenvolvimento Regional do Norte (CCDR-N) e com Junta da Galiza na cria\u00e7\u00e3o de uma alternativa rodovi\u00e1ria para Melga\u00e7o e Mon\u00e7\u00e3o, que permita tamb\u00e9m desafogar a cidade de Valen\u00e7a, atrav\u00e9s de uma nova ponte internacional\u201d.<\/p>\n<p>Em Melga\u00e7o, al\u00e9m de Manoel Batista, concorrem \u00e0s elei\u00e7\u00f5es aut\u00e1rquicas Jos\u00e9 Passos Rodrigo pelo PSD e Hor\u00e1cio Lima, pela CDU.<\/p>\n<p>Nas elei\u00e7\u00f5es aut\u00e1rquicas de 2017, o PS conquistou 59,98% dos votos e cinco mandatos. O PSD, em coliga\u00e7\u00e3o com o CDS-PP, alcan\u00e7ou 32,39% dos votos e dois mandatos. Num concelho onde o PS \u00e9 poder desde 1982, a CDU contou 2,34% dos votos.<\/p>\n<p>As elei\u00e7\u00f5es aut\u00e1rquicas decorrem no dia 26 de setembro.<\/p>\n","protected":false},"excerpt":{"rendered":"<p>O atual presidente PS da C\u00e2mara de Melga\u00e7o, Manoel Batista, disse esta ter\u00e7a-feira que concorre, pela \u00faltima vez, \u00e0s elei\u00e7\u00f5es de setembro para manter a maioria e \u201cconsolidar\u201d o \u201ctrajeto\u201d iniciado h\u00e1 oito anos no concelho. O candidato socialista em Melga\u00e7o, que em julho completou 56 anos, disse em declara\u00e7\u00f5es \u00e0 Lusa que o objetivo [&hellip;]<\/p>\n","protected":false},"author":13,"featured_media":43722,"comment_status":"closed","ping_status":"closed","sticky":false,"template":"","format":"standard","meta":{"_exactmetrics_skip_tracking":false,"_exactmetrics_sitenote_active":false,"_exactmetrics_sitenote_note":"","_exactmetrics_sitenote_category":0,"footnotes":""},"categories":[8],"tags":[56326],"class_list":["post-69224","post","type-post","status-publish","format-standard","has-post-thumbnail","hentry","category-melgaco","tag-politica"],"yoast_head":"<!-- This site is optimized with the Yoast SEO Premium plugin v27.4 (Yoast SEO v27.4) - https:\/\/yoast.com\/product\/yoast-seo-premium-wordpress\/ -->\n<title>Manoel Batista concorre a \u00faltimo mandato e quer manter maioria PS em Melga\u00e7o<\/title>\n<meta name=\"robots\" content=\"index, follow, max-snippet:-1, max-image-preview:large, max-video-preview:-1\" \/>\n<link rel=\"canonical\" href=\"https:\/\/www.altominho.tv\/site\/2021\/08\/10\/manoel-batista-concorre-a-ultimo-mandato-e-quer-manter-maioria-ps-em-melgaco\/\" \/>\n<meta property=\"og:locale\" content=\"pt_PT\" \/>\n<meta property=\"og:type\" content=\"article\" \/>\n<meta property=\"og:title\" content=\"Manoel Batista concorre a \u00faltimo mandato e quer manter maioria PS em Melga\u00e7o\" \/>\n<meta property=\"og:description\" content=\"O atual presidente PS da C\u00e2mara de Melga\u00e7o, Manoel Batista, disse esta ter\u00e7a-feira que concorre, pela \u00faltima vez, \u00e0s elei\u00e7\u00f5es de setembro para manter a maioria e \u201cconsolidar\u201d o \u201ctrajeto\u201d iniciado h\u00e1 oito anos no concelho. O candidato socialista em Melga\u00e7o, que em julho completou 56 anos, disse em declara\u00e7\u00f5es \u00e0 Lusa que o objetivo [&hellip;]\" \/>\n<meta property=\"og:url\" content=\"https:\/\/www.altominho.tv\/site\/2021\/08\/10\/manoel-batista-concorre-a-ultimo-mandato-e-quer-manter-maioria-ps-em-melgaco\/\" \/>\n<meta property=\"og:site_name\" content=\"Altominho.tv\" \/>\n<meta property=\"article:publisher\" content=\"https:\/\/www.facebook.com\/altominhotv\" \/>\n<meta property=\"article:published_time\" content=\"2021-08-10T14:14:48+00:00\" \/>\n<meta property=\"article:modified_time\" content=\"2022-01-17T14:36:37+00:00\" \/>\n<meta property=\"og:image\" content=\"https:\/\/www.altominho.tv\/site\/wp-content\/uploads\/2020\/04\/Manoel_Batista_Covid19-e1628604856740.jpg\" \/>\n\t<meta property=\"og:image:width\" content=\"1992\" \/>\n\t<meta property=\"og:image:height\" content=\"1110\" \/>\n\t<meta property=\"og:image:type\" content=\"image\/jpeg\" \/>\n<meta name=\"author\" content=\"Lusa\" \/>\n<meta name=\"twitter:card\" content=\"summary_large_image\" \/>\n<meta name=\"twitter:creator\" content=\"@altominhoTV\" \/>\n<meta name=\"twitter:site\" content=\"@altominhoTV\" \/>\n<meta name=\"twitter:label1\" content=\"Escrito por\" \/>\n\t<meta name=\"twitter:data1\" content=\"Lusa\" \/>\n\t<meta name=\"twitter:label2\" content=\"Tempo estimado de leitura\" \/>\n\t<meta name=\"twitter:data2\" content=\"3 minutos\" \/>\n<script type=\"application\/ld+json\" class=\"yoast-schema-graph\">{\"@context\":\"https:\\\/\\\/schema.org\",\"@graph\":[{\"@type\":\"Article\",\"@id\":\"https:\\\/\\\/www.altominho.tv\\\/site\\\/2021\\\/08\\\/10\\\/manoel-batista-concorre-a-ultimo-mandato-e-quer-manter-maioria-ps-em-melgaco\\\/#article\",\"isPartOf\":{\"@id\":\"https:\\\/\\\/www.altominho.tv\\\/site\\\/2021\\\/08\\\/10\\\/manoel-batista-concorre-a-ultimo-mandato-e-quer-manter-maioria-ps-em-melgaco\\\/\"},\"author\":{\"name\":\"Lusa\",\"@id\":\"https:\\\/\\\/www.altominho.tv\\\/site\\\/#\\\/schema\\\/person\\\/63f693da3e1899361cbe955c46f3232e\"},\"headline\":\"Manoel Batista concorre a \u00faltimo mandato e quer manter maioria PS em Melga\u00e7o\",\"datePublished\":\"2021-08-10T14:14:48+00:00\",\"dateModified\":\"2022-01-17T14:36:37+00:00\",\"mainEntityOfPage\":{\"@id\":\"https:\\\/\\\/www.altominho.tv\\\/site\\\/2021\\\/08\\\/10\\\/manoel-batista-concorre-a-ultimo-mandato-e-quer-manter-maioria-ps-em-melgaco\\\/\"},\"wordCount\":531,\"image\":{\"@id\":\"https:\\\/\\\/www.altominho.tv\\\/site\\\/2021\\\/08\\\/10\\\/manoel-batista-concorre-a-ultimo-mandato-e-quer-manter-maioria-ps-em-melgaco\\\/#primaryimage\"},\"thumbnailUrl\":\"https:\\\/\\\/www.altominho.tv\\\/site\\\/wp-content\\\/uploads\\\/2020\\\/04\\\/Manoel_Batista_Covid19-e1628604856740.jpg\",\"keywords\":[\"Pol\u00edtica\"],\"articleSection\":[\"Melga\u00e7o\"],\"inLanguage\":\"pt-PT\",\"copyrightYear\":\"2021\",\"copyrightHolder\":{\"@id\":\"https:\\\/\\\/www.altominho.tv\\\/site\\\/#organization\"}},{\"@type\":\"WebPage\",\"@id\":\"https:\\\/\\\/www.altominho.tv\\\/site\\\/2021\\\/08\\\/10\\\/manoel-batista-concorre-a-ultimo-mandato-e-quer-manter-maioria-ps-em-melgaco\\\/\",\"url\":\"https:\\\/\\\/www.altominho.tv\\\/site\\\/2021\\\/08\\\/10\\\/manoel-batista-concorre-a-ultimo-mandato-e-quer-manter-maioria-ps-em-melgaco\\\/\",\"name\":\"Manoel Batista concorre a \u00faltimo mandato e quer manter maioria PS em Melga\u00e7o\",\"isPartOf\":{\"@id\":\"https:\\\/\\\/www.altominho.tv\\\/site\\\/#website\"},\"primaryImageOfPage\":{\"@id\":\"https:\\\/\\\/www.altominho.tv\\\/site\\\/2021\\\/08\\\/10\\\/manoel-batista-concorre-a-ultimo-mandato-e-quer-manter-maioria-ps-em-melgaco\\\/#primaryimage\"},\"image\":{\"@id\":\"https:\\\/\\\/www.altominho.tv\\\/site\\\/2021\\\/08\\\/10\\\/manoel-batista-concorre-a-ultimo-mandato-e-quer-manter-maioria-ps-em-melgaco\\\/#primaryimage\"},\"thumbnailUrl\":\"https:\\\/\\\/www.altominho.tv\\\/site\\\/wp-content\\\/uploads\\\/2020\\\/04\\\/Manoel_Batista_Covid19-e1628604856740.jpg\",\"datePublished\":\"2021-08-10T14:14:48+00:00\",\"dateModified\":\"2022-01-17T14:36:37+00:00\",\"author\":{\"@id\":\"https:\\\/\\\/www.altominho.tv\\\/site\\\/#\\\/schema\\\/person\\\/63f693da3e1899361cbe955c46f3232e\"},\"breadcrumb\":{\"@id\":\"https:\\\/\\\/www.altominho.tv\\\/site\\\/2021\\\/08\\\/10\\\/manoel-batista-concorre-a-ultimo-mandato-e-quer-manter-maioria-ps-em-melgaco\\\/#breadcrumb\"},\"inLanguage\":\"pt-PT\",\"potentialAction\":[{\"@type\":\"ReadAction\",\"target\":[\"https:\\\/\\\/www.altominho.tv\\\/site\\\/2021\\\/08\\\/10\\\/manoel-batista-concorre-a-ultimo-mandato-e-quer-manter-maioria-ps-em-melgaco\\\/\"]}]},{\"@type\":\"ImageObject\",\"inLanguage\":\"pt-PT\",\"@id\":\"https:\\\/\\\/www.altominho.tv\\\/site\\\/2021\\\/08\\\/10\\\/manoel-batista-concorre-a-ultimo-mandato-e-quer-manter-maioria-ps-em-melgaco\\\/#primaryimage\",\"url\":\"https:\\\/\\\/www.altominho.tv\\\/site\\\/wp-content\\\/uploads\\\/2020\\\/04\\\/Manoel_Batista_Covid19-e1628604856740.jpg\",\"contentUrl\":\"https:\\\/\\\/www.altominho.tv\\\/site\\\/wp-content\\\/uploads\\\/2020\\\/04\\\/Manoel_Batista_Covid19-e1628604856740.jpg\",\"width\":1992,\"height\":1110},{\"@type\":\"BreadcrumbList\",\"@id\":\"https:\\\/\\\/www.altominho.tv\\\/site\\\/2021\\\/08\\\/10\\\/manoel-batista-concorre-a-ultimo-mandato-e-quer-manter-maioria-ps-em-melgaco\\\/#breadcrumb\",\"itemListElement\":[{\"@type\":\"ListItem\",\"position\":1,\"name\":\"In\u00edcio\",\"item\":\"https:\\\/\\\/www.altominho.tv\\\/site\\\/\"},{\"@type\":\"ListItem\",\"position\":2,\"name\":\"Manoel Batista concorre a \u00faltimo mandato e quer manter maioria PS em Melga\u00e7o\"}]},{\"@type\":\"WebSite\",\"@id\":\"https:\\\/\\\/www.altominho.tv\\\/site\\\/#website\",\"url\":\"https:\\\/\\\/www.altominho.tv\\\/site\\\/\",\"name\":\"Altominho.tv\",\"description\":\"A sua regi\u00e3o \u00e0 dist\u00e2ncia de um clique...\",\"potentialAction\":[{\"@type\":\"SearchAction\",\"target\":{\"@type\":\"EntryPoint\",\"urlTemplate\":\"https:\\\/\\\/www.altominho.tv\\\/site\\\/?s={search_term_string}\"},\"query-input\":{\"@type\":\"PropertyValueSpecification\",\"valueRequired\":true,\"valueName\":\"search_term_string\"}}],\"inLanguage\":\"pt-PT\"},{\"@type\":\"Person\",\"@id\":\"https:\\\/\\\/www.altominho.tv\\\/site\\\/#\\\/schema\\\/person\\\/63f693da3e1899361cbe955c46f3232e\",\"name\":\"Lusa\",\"image\":{\"@type\":\"ImageObject\",\"inLanguage\":\"pt-PT\",\"@id\":\"https:\\\/\\\/www.altominho.tv\\\/site\\\/wp-content\\\/uploads\\\/2019\\\/08\\\/LUSA_Logo.gif\",\"url\":\"https:\\\/\\\/www.altominho.tv\\\/site\\\/wp-content\\\/uploads\\\/2019\\\/08\\\/LUSA_Logo.gif\",\"contentUrl\":\"https:\\\/\\\/www.altominho.tv\\\/site\\\/wp-content\\\/uploads\\\/2019\\\/08\\\/LUSA_Logo.gif\",\"caption\":\"Lusa\"},\"sameAs\":[\"http:\\\/\\\/\\\/\\\/www.altominho.tv\\\/site\"],\"url\":\"https:\\\/\\\/www.altominho.tv\\\/site\\\/author\\\/lusa\\\/\"}]}<\/script>\n<!-- \/ Yoast SEO Premium plugin. -->","yoast_head_json":{"title":"Manoel Batista concorre a \u00faltimo mandato e quer manter maioria PS em Melga\u00e7o","robots":{"index":"index","follow":"follow","max-snippet":"max-snippet:-1","max-image-preview":"max-image-preview:large","max-video-preview":"max-video-preview:-1"},"canonical":"https:\/\/www.altominho.tv\/site\/2021\/08\/10\/manoel-batista-concorre-a-ultimo-mandato-e-quer-manter-maioria-ps-em-melgaco\/","og_locale":"pt_PT","og_type":"article","og_title":"Manoel Batista concorre a \u00faltimo mandato e quer manter maioria PS em Melga\u00e7o","og_description":"O atual presidente PS da C\u00e2mara de Melga\u00e7o, Manoel Batista, disse esta ter\u00e7a-feira que concorre, pela \u00faltima vez, \u00e0s elei\u00e7\u00f5es de setembro para manter a maioria e \u201cconsolidar\u201d o \u201ctrajeto\u201d iniciado h\u00e1 oito anos no concelho. O candidato socialista em Melga\u00e7o, que em julho completou 56 anos, disse em declara\u00e7\u00f5es \u00e0 Lusa que o objetivo [&hellip;]","og_url":"https:\/\/www.altominho.tv\/site\/2021\/08\/10\/manoel-batista-concorre-a-ultimo-mandato-e-quer-manter-maioria-ps-em-melgaco\/","og_site_name":"Altominho.tv","article_publisher":"https:\/\/www.facebook.com\/altominhotv","article_published_time":"2021-08-10T14:14:48+00:00","article_modified_time":"2022-01-17T14:36:37+00:00","og_image":[{"width":1992,"height":1110,"url":"https:\/\/www.altominho.tv\/site\/wp-content\/uploads\/2020\/04\/Manoel_Batista_Covid19-e1628604856740.jpg","type":"image\/jpeg"}],"author":"Lusa","twitter_card":"summary_large_image","twitter_creator":"@altominhoTV","twitter_site":"@altominhoTV","twitter_misc":{"Escrito por":"Lusa","Tempo estimado de leitura":"3 minutos"},"schema":{"@context":"https:\/\/schema.org","@graph":[{"@type":"Article","@id":"https:\/\/www.altominho.tv\/site\/2021\/08\/10\/manoel-batista-concorre-a-ultimo-mandato-e-quer-manter-maioria-ps-em-melgaco\/#article","isPartOf":{"@id":"https:\/\/www.altominho.tv\/site\/2021\/08\/10\/manoel-batista-concorre-a-ultimo-mandato-e-quer-manter-maioria-ps-em-melgaco\/"},"author":{"name":"Lusa","@id":"https:\/\/www.altominho.tv\/site\/#\/schema\/person\/63f693da3e1899361cbe955c46f3232e"},"headline":"Manoel Batista concorre a \u00faltimo mandato e quer manter maioria PS em Melga\u00e7o","datePublished":"2021-08-10T14:14:48+00:00","dateModified":"2022-01-17T14:36:37+00:00","mainEntityOfPage":{"@id":"https:\/\/www.altominho.tv\/site\/2021\/08\/10\/manoel-batista-concorre-a-ultimo-mandato-e-quer-manter-maioria-ps-em-melgaco\/"},"wordCount":531,"image":{"@id":"https:\/\/www.altominho.tv\/site\/2021\/08\/10\/manoel-batista-concorre-a-ultimo-mandato-e-quer-manter-maioria-ps-em-melgaco\/#primaryimage"},"thumbnailUrl":"https:\/\/www.altominho.tv\/site\/wp-content\/uploads\/2020\/04\/Manoel_Batista_Covid19-e1628604856740.jpg","keywords":["Pol\u00edtica"],"articleSection":["Melga\u00e7o"],"inLanguage":"pt-PT","copyrightYear":"2021","copyrightHolder":{"@id":"https:\/\/www.altominho.tv\/site\/#organization"}},{"@type":"WebPage","@id":"https:\/\/www.altominho.tv\/site\/2021\/08\/10\/manoel-batista-concorre-a-ultimo-mandato-e-quer-manter-maioria-ps-em-melgaco\/","url":"https:\/\/www.altominho.tv\/site\/2021\/08\/10\/manoel-batista-concorre-a-ultimo-mandato-e-quer-manter-maioria-ps-em-melgaco\/","name":"Manoel Batista concorre a \u00faltimo mandato e quer manter maioria PS em Melga\u00e7o","isPartOf":{"@id":"https:\/\/www.altominho.tv\/site\/#website"},"primaryImageOfPage":{"@id":"https:\/\/www.altominho.tv\/site\/2021\/08\/10\/manoel-batista-concorre-a-ultimo-mandato-e-quer-manter-maioria-ps-em-melgaco\/#primaryimage"},"image":{"@id":"https:\/\/www.altominho.tv\/site\/2021\/08\/10\/manoel-batista-concorre-a-ultimo-mandato-e-quer-manter-maioria-ps-em-melgaco\/#primaryimage"},"thumbnailUrl":"https:\/\/www.altominho.tv\/site\/wp-content\/uploads\/2020\/04\/Manoel_Batista_Covid19-e1628604856740.jpg","datePublished":"2021-08-10T14:14:48+00:00","dateModified":"2022-01-17T14:36:37+00:00","author":{"@id":"https:\/\/www.altominho.tv\/site\/#\/schema\/person\/63f693da3e1899361cbe955c46f3232e"},"breadcrumb":{"@id":"https:\/\/www.altominho.tv\/site\/2021\/08\/10\/manoel-batista-concorre-a-ultimo-mandato-e-quer-manter-maioria-ps-em-melgaco\/#breadcrumb"},"inLanguage":"pt-PT","potentialAction":[{"@type":"ReadAction","target":["https:\/\/www.altominho.tv\/site\/2021\/08\/10\/manoel-batista-concorre-a-ultimo-mandato-e-quer-manter-maioria-ps-em-melgaco\/"]}]},{"@type":"ImageObject","inLanguage":"pt-PT","@id":"https:\/\/www.altominho.tv\/site\/2021\/08\/10\/manoel-batista-concorre-a-ultimo-mandato-e-quer-manter-maioria-ps-em-melgaco\/#primaryimage","url":"https:\/\/www.altominho.tv\/site\/wp-content\/uploads\/2020\/04\/Manoel_Batista_Covid19-e1628604856740.jpg","contentUrl":"https:\/\/www.altominho.tv\/site\/wp-content\/uploads\/2020\/04\/Manoel_Batista_Covid19-e1628604856740.jpg","width":1992,"height":1110},{"@type":"BreadcrumbList","@id":"https:\/\/www.altominho.tv\/site\/2021\/08\/10\/manoel-batista-concorre-a-ultimo-mandato-e-quer-manter-maioria-ps-em-melgaco\/#breadcrumb","itemListElement":[{"@type":"ListItem","position":1,"name":"In\u00edcio","item":"https:\/\/www.altominho.tv\/site\/"},{"@type":"ListItem","position":2,"name":"Manoel Batista concorre a \u00faltimo mandato e quer manter maioria PS em Melga\u00e7o"}]},{"@type":"WebSite","@id":"https:\/\/www.altominho.tv\/site\/#website","url":"https:\/\/www.altominho.tv\/site\/","name":"Altominho.tv","description":"A sua regi\u00e3o \u00e0 dist\u00e2ncia de um clique...","potentialAction":[{"@type":"SearchAction","target":{"@type":"EntryPoint","urlTemplate":"https:\/\/www.altominho.tv\/site\/?s={search_term_string}"},"query-input":{"@type":"PropertyValueSpecification","valueRequired":true,"valueName":"search_term_string"}}],"inLanguage":"pt-PT"},{"@type":"Person","@id":"https:\/\/www.altominho.tv\/site\/#\/schema\/person\/63f693da3e1899361cbe955c46f3232e","name":"Lusa","image":{"@type":"ImageObject","inLanguage":"pt-PT","@id":"https:\/\/www.altominho.tv\/site\/wp-content\/uploads\/2019\/08\/LUSA_Logo.gif","url":"https:\/\/www.altominho.tv\/site\/wp-content\/uploads\/2019\/08\/LUSA_Logo.gif","contentUrl":"https:\/\/www.altominho.tv\/site\/wp-content\/uploads\/2019\/08\/LUSA_Logo.gif","caption":"Lusa"},"sameAs":["http:\/\/\/\/www.altominho.tv\/site"],"url":"https:\/\/www.altominho.tv\/site\/author\/lusa\/"}]}},"_links":{"self":[{"href":"https:\/\/www.altominho.tv\/site\/wp-json\/wp\/v2\/posts\/69224","targetHints":{"allow":["GET"]}}],"collection":[{"href":"https:\/\/www.altominho.tv\/site\/wp-json\/wp\/v2\/posts"}],"about":[{"href":"https:\/\/www.altominho.tv\/site\/wp-json\/wp\/v2\/types\/post"}],"author":[{"embeddable":true,"href":"https:\/\/www.altominho.tv\/site\/wp-json\/wp\/v2\/users\/13"}],"replies":[{"embeddable":true,"href":"https:\/\/www.altominho.tv\/site\/wp-json\/wp\/v2\/comments?post=69224"}],"version-history":[{"count":0,"href":"https:\/\/www.altominho.tv\/site\/wp-json\/wp\/v2\/posts\/69224\/revisions"}],"wp:featuredmedia":[{"embeddable":true,"href":"https:\/\/www.altominho.tv\/site\/wp-json\/wp\/v2\/media\/43722"}],"wp:attachment":[{"href":"https:\/\/www.altominho.tv\/site\/wp-json\/wp\/v2\/media?parent=69224"}],"wp:term":[{"taxonomy":"category","embeddable":true,"href":"https:\/\/www.altominho.tv\/site\/wp-json\/wp\/v2\/categories?post=69224"},{"taxonomy":"post_tag","embeddable":true,"href":"https:\/\/www.altominho.tv\/site\/wp-json\/wp\/v2\/tags?post=69224"}],"curies":[{"name":"wp","href":"https:\/\/api.w.org\/{rel}","templated":true}]}}