{"id":69152,"date":"2021-08-09T11:23:45","date_gmt":"2021-08-09T10:23:45","guid":{"rendered":"https:\/\/www.altominho.tv\/site\/?p=69152"},"modified":"2022-01-17T14:19:48","modified_gmt":"2022-01-17T14:19:48","slug":"ex-deputada-e-atual-vereadora-do-psd-concorre-em-caminha-com-o-cds-alianca-e-ppm","status":"publish","type":"post","link":"https:\/\/www.altominho.tv\/site\/2021\/08\/09\/ex-deputada-e-atual-vereadora-do-psd-concorre-em-caminha-com-o-cds-alianca-e-ppm\/","title":{"rendered":"Ex-deputada e atual vereadora do PSD concorre em Caminha com o CDS, Alian\u00e7a e PPM"},"content":{"rendered":"<p>A ex-deputada pelo Alto Minho e atual vereadora do PSD na C\u00e2mara de Caminha vai concorrer \u00e0quela autarquia em coliga\u00e7\u00e3o com CDS-PP, Alian\u00e7a e PPM.<\/p>\n<p>Segundo ac\u00f3rd\u00e3o publicado em Di\u00e1rio da Rep\u00fablica, o Tribunal Constitucional decidiu \u201cnada haver que obste a que a coliga\u00e7\u00e3o entre o Partido Social Democrata (PPD\/PSD), o CDS &#8211; Partido Popular (CDS-PP), o Alian\u00e7a (A) e o Partido Popular Mon\u00e1rquico (PPM), constitu\u00edda com a finalidade de concorrer, \u00e0s elei\u00e7\u00f5es aut\u00e1rquicas de 2021, a todos os \u00f3rg\u00e3os aut\u00e1rquicos do concelho de Caminha\u201d.<\/p>\n<p>O documento, de 20 de julho, o tribunal aceitou ainda que aquela coliga\u00e7\u00e3o \u201cadote a denomina\u00e7\u00e3o O Concelho em Primeiro\u201d para concorrer \u00e0s elei\u00e7\u00f5es aut\u00e1rquicas de 26 de setembro.<\/p>\n<p>A candidatura da social-democrata Liliana Silva \u00e0 C\u00e2mara de Caminha foi aprovada, em mar\u00e7o, pela comiss\u00e3o pol\u00edtica distrital do PSD.<\/p>\n<p>Liliana Silva, de 42 anos, \u00e9 ex-deputada do PSD na Assembleia da Rep\u00fablica, eleita pelo c\u00edrculo eleitoral de Viana do Castelo em janeiro de 2019 e atual vereadora no executivo da maioria socialista liderado por Miguel Alves, juntamente com os social-democratas Paulo Pereira e Manuel Marques.<\/p>\n<p>A contabilista \u00e9 ainda presidente da comiss\u00e3o pol\u00edtica concelhia do partido.<\/p>\n<p>Liliana Silva foi eleita l\u00edder local do PSD em novembro \u00faltimo, num sufr\u00e1gio a que se apresentou uma lista \u00fanica e que elegeu, ainda, Rosa M\u00e1ximo para presidente da Mesa da Assembleia. Pela primeira vez na hist\u00f3ria do PSD de Caminha, a lideran\u00e7a dos dois principais \u00f3rg\u00e3os do partido est\u00e1 nas m\u00e3os de mulheres.<\/p>\n<p>Nas aut\u00e1rquicas de 2017, o PS conquistou 53,15% dos votos e quatro mandatos, enquanto o PSD ficou-se pelos 39,14%, garantindo tr\u00eas lugares no executivo municipal. Nessas elei\u00e7\u00f5es, o PSD apostou na ex-autarca J\u00falia Paula Costa para recuperar aquela autarquia do Alto Minho, que havia perdido quatro anos antes para o PS.<\/p>\n<p>Nas elei\u00e7\u00f5es de 26 de setembro, al\u00e9m da candidatura de coliga\u00e7\u00e3o encabe\u00e7ada por Liliana Silva, concorrem o atual presidente da c\u00e2mara, Miguel Alves que se recandidata pela \u00faltima vez, Rui Seixo pela CDU, e Lu\u00eds Braga pelo Bloco de Esquerda.<\/p>\n<p>Fora da corrida ficou o candidato do Chega! que entregou as listas de candidatura \u00e0s elei\u00e7\u00f5es aut\u00e1rquicas de setembro nos servi\u00e7os da autarquia e n\u00e3o no Tribunal, como \u00e9 exigido por lei.<\/p>\n","protected":false},"excerpt":{"rendered":"<p>A ex-deputada pelo Alto Minho e atual vereadora do PSD na C\u00e2mara de Caminha vai concorrer \u00e0quela autarquia em coliga\u00e7\u00e3o com CDS-PP, Alian\u00e7a e PPM. Segundo ac\u00f3rd\u00e3o publicado em Di\u00e1rio da Rep\u00fablica, o Tribunal Constitucional decidiu \u201cnada haver que obste a que a coliga\u00e7\u00e3o entre o Partido Social Democrata (PPD\/PSD), o CDS &#8211; Partido Popular [&hellip;]<\/p>\n","protected":false},"author":13,"featured_media":69153,"comment_status":"closed","ping_status":"closed","sticky":false,"template":"","format":"standard","meta":{"_exactmetrics_skip_tracking":false,"_exactmetrics_sitenote_active":false,"_exactmetrics_sitenote_note":"","_exactmetrics_sitenote_category":0,"footnotes":""},"categories":[7],"tags":[56326,27],"class_list":["post-69152","post","type-post","status-publish","format-standard","has-post-thumbnail","hentry","category-caminha","tag-politica","tag-sociedade"],"yoast_head":"<!-- This site is optimized with the Yoast SEO Premium plugin v27.4 (Yoast SEO v27.4) - https:\/\/yoast.com\/product\/yoast-seo-premium-wordpress\/ -->\n<title>Ex-deputada e atual vereadora do PSD concorre em Caminha com o CDS, Alian\u00e7a e PPM<\/title>\n<meta name=\"robots\" content=\"index, follow, max-snippet:-1, max-image-preview:large, max-video-preview:-1\" \/>\n<link rel=\"canonical\" href=\"https:\/\/www.altominho.tv\/site\/2021\/08\/09\/ex-deputada-e-atual-vereadora-do-psd-concorre-em-caminha-com-o-cds-alianca-e-ppm\/\" \/>\n<meta property=\"og:locale\" content=\"pt_PT\" \/>\n<meta property=\"og:type\" content=\"article\" \/>\n<meta property=\"og:title\" content=\"Ex-deputada e atual vereadora do PSD concorre em Caminha com o CDS, Alian\u00e7a e PPM\" \/>\n<meta property=\"og:description\" content=\"A ex-deputada pelo Alto Minho e atual vereadora do PSD na C\u00e2mara de Caminha vai concorrer \u00e0quela autarquia em coliga\u00e7\u00e3o com CDS-PP, Alian\u00e7a e PPM. Segundo ac\u00f3rd\u00e3o publicado em Di\u00e1rio da Rep\u00fablica, o Tribunal Constitucional decidiu \u201cnada haver que obste a que a coliga\u00e7\u00e3o entre o Partido Social Democrata (PPD\/PSD), o CDS &#8211; Partido Popular [&hellip;]\" \/>\n<meta property=\"og:url\" content=\"https:\/\/www.altominho.tv\/site\/2021\/08\/09\/ex-deputada-e-atual-vereadora-do-psd-concorre-em-caminha-com-o-cds-alianca-e-ppm\/\" \/>\n<meta property=\"og:site_name\" content=\"Altominho.tv\" \/>\n<meta property=\"article:publisher\" content=\"https:\/\/www.facebook.com\/altominhotv\" \/>\n<meta property=\"article:published_time\" content=\"2021-08-09T10:23:45+00:00\" \/>\n<meta property=\"article:modified_time\" content=\"2022-01-17T14:19:48+00:00\" \/>\n<meta property=\"og:image\" content=\"https:\/\/www.altominho.tv\/site\/wp-content\/uploads\/2021\/08\/164129948_1589011551291311_4396088964363970206_n.jpeg\" \/>\n\t<meta property=\"og:image:width\" content=\"960\" \/>\n\t<meta property=\"og:image:height\" content=\"640\" \/>\n\t<meta property=\"og:image:type\" content=\"image\/jpeg\" \/>\n<meta name=\"author\" content=\"Lusa\" \/>\n<meta name=\"twitter:card\" content=\"summary_large_image\" \/>\n<meta name=\"twitter:creator\" content=\"@altominhoTV\" \/>\n<meta name=\"twitter:site\" content=\"@altominhoTV\" \/>\n<meta name=\"twitter:label1\" content=\"Escrito por\" \/>\n\t<meta name=\"twitter:data1\" content=\"Lusa\" \/>\n\t<meta name=\"twitter:label2\" content=\"Tempo estimado de leitura\" \/>\n\t<meta name=\"twitter:data2\" content=\"2 minutos\" \/>\n<script type=\"application\/ld+json\" class=\"yoast-schema-graph\">{\"@context\":\"https:\\\/\\\/schema.org\",\"@graph\":[{\"@type\":\"Article\",\"@id\":\"https:\\\/\\\/www.altominho.tv\\\/site\\\/2021\\\/08\\\/09\\\/ex-deputada-e-atual-vereadora-do-psd-concorre-em-caminha-com-o-cds-alianca-e-ppm\\\/#article\",\"isPartOf\":{\"@id\":\"https:\\\/\\\/www.altominho.tv\\\/site\\\/2021\\\/08\\\/09\\\/ex-deputada-e-atual-vereadora-do-psd-concorre-em-caminha-com-o-cds-alianca-e-ppm\\\/\"},\"author\":{\"name\":\"Lusa\",\"@id\":\"https:\\\/\\\/www.altominho.tv\\\/site\\\/#\\\/schema\\\/person\\\/63f693da3e1899361cbe955c46f3232e\"},\"headline\":\"Ex-deputada e atual vereadora do PSD concorre em Caminha com o CDS, Alian\u00e7a e PPM\",\"datePublished\":\"2021-08-09T10:23:45+00:00\",\"dateModified\":\"2022-01-17T14:19:48+00:00\",\"mainEntityOfPage\":{\"@id\":\"https:\\\/\\\/www.altominho.tv\\\/site\\\/2021\\\/08\\\/09\\\/ex-deputada-e-atual-vereadora-do-psd-concorre-em-caminha-com-o-cds-alianca-e-ppm\\\/\"},\"wordCount\":420,\"image\":{\"@id\":\"https:\\\/\\\/www.altominho.tv\\\/site\\\/2021\\\/08\\\/09\\\/ex-deputada-e-atual-vereadora-do-psd-concorre-em-caminha-com-o-cds-alianca-e-ppm\\\/#primaryimage\"},\"thumbnailUrl\":\"https:\\\/\\\/www.altominho.tv\\\/site\\\/wp-content\\\/uploads\\\/2021\\\/08\\\/164129948_1589011551291311_4396088964363970206_n.jpeg\",\"keywords\":[\"Pol\u00edtica\",\"Sociedade\"],\"articleSection\":[\"Caminha\"],\"inLanguage\":\"pt-PT\",\"copyrightYear\":\"2021\",\"copyrightHolder\":{\"@id\":\"https:\\\/\\\/www.altominho.tv\\\/site\\\/#organization\"}},{\"@type\":\"WebPage\",\"@id\":\"https:\\\/\\\/www.altominho.tv\\\/site\\\/2021\\\/08\\\/09\\\/ex-deputada-e-atual-vereadora-do-psd-concorre-em-caminha-com-o-cds-alianca-e-ppm\\\/\",\"url\":\"https:\\\/\\\/www.altominho.tv\\\/site\\\/2021\\\/08\\\/09\\\/ex-deputada-e-atual-vereadora-do-psd-concorre-em-caminha-com-o-cds-alianca-e-ppm\\\/\",\"name\":\"Ex-deputada e atual vereadora do PSD concorre em Caminha com o CDS, Alian\u00e7a e PPM\",\"isPartOf\":{\"@id\":\"https:\\\/\\\/www.altominho.tv\\\/site\\\/#website\"},\"primaryImageOfPage\":{\"@id\":\"https:\\\/\\\/www.altominho.tv\\\/site\\\/2021\\\/08\\\/09\\\/ex-deputada-e-atual-vereadora-do-psd-concorre-em-caminha-com-o-cds-alianca-e-ppm\\\/#primaryimage\"},\"image\":{\"@id\":\"https:\\\/\\\/www.altominho.tv\\\/site\\\/2021\\\/08\\\/09\\\/ex-deputada-e-atual-vereadora-do-psd-concorre-em-caminha-com-o-cds-alianca-e-ppm\\\/#primaryimage\"},\"thumbnailUrl\":\"https:\\\/\\\/www.altominho.tv\\\/site\\\/wp-content\\\/uploads\\\/2021\\\/08\\\/164129948_1589011551291311_4396088964363970206_n.jpeg\",\"datePublished\":\"2021-08-09T10:23:45+00:00\",\"dateModified\":\"2022-01-17T14:19:48+00:00\",\"author\":{\"@id\":\"https:\\\/\\\/www.altominho.tv\\\/site\\\/#\\\/schema\\\/person\\\/63f693da3e1899361cbe955c46f3232e\"},\"breadcrumb\":{\"@id\":\"https:\\\/\\\/www.altominho.tv\\\/site\\\/2021\\\/08\\\/09\\\/ex-deputada-e-atual-vereadora-do-psd-concorre-em-caminha-com-o-cds-alianca-e-ppm\\\/#breadcrumb\"},\"inLanguage\":\"pt-PT\",\"potentialAction\":[{\"@type\":\"ReadAction\",\"target\":[\"https:\\\/\\\/www.altominho.tv\\\/site\\\/2021\\\/08\\\/09\\\/ex-deputada-e-atual-vereadora-do-psd-concorre-em-caminha-com-o-cds-alianca-e-ppm\\\/\"]}]},{\"@type\":\"ImageObject\",\"inLanguage\":\"pt-PT\",\"@id\":\"https:\\\/\\\/www.altominho.tv\\\/site\\\/2021\\\/08\\\/09\\\/ex-deputada-e-atual-vereadora-do-psd-concorre-em-caminha-com-o-cds-alianca-e-ppm\\\/#primaryimage\",\"url\":\"https:\\\/\\\/www.altominho.tv\\\/site\\\/wp-content\\\/uploads\\\/2021\\\/08\\\/164129948_1589011551291311_4396088964363970206_n.jpeg\",\"contentUrl\":\"https:\\\/\\\/www.altominho.tv\\\/site\\\/wp-content\\\/uploads\\\/2021\\\/08\\\/164129948_1589011551291311_4396088964363970206_n.jpeg\",\"width\":960,\"height\":640,\"caption\":\"FACEBOOK LILIANA SILVA\"},{\"@type\":\"BreadcrumbList\",\"@id\":\"https:\\\/\\\/www.altominho.tv\\\/site\\\/2021\\\/08\\\/09\\\/ex-deputada-e-atual-vereadora-do-psd-concorre-em-caminha-com-o-cds-alianca-e-ppm\\\/#breadcrumb\",\"itemListElement\":[{\"@type\":\"ListItem\",\"position\":1,\"name\":\"In\u00edcio\",\"item\":\"https:\\\/\\\/www.altominho.tv\\\/site\\\/\"},{\"@type\":\"ListItem\",\"position\":2,\"name\":\"Ex-deputada e atual vereadora do PSD concorre em Caminha com o CDS, Alian\u00e7a e PPM\"}]},{\"@type\":\"WebSite\",\"@id\":\"https:\\\/\\\/www.altominho.tv\\\/site\\\/#website\",\"url\":\"https:\\\/\\\/www.altominho.tv\\\/site\\\/\",\"name\":\"Altominho.tv\",\"description\":\"A sua regi\u00e3o \u00e0 dist\u00e2ncia de um clique...\",\"potentialAction\":[{\"@type\":\"SearchAction\",\"target\":{\"@type\":\"EntryPoint\",\"urlTemplate\":\"https:\\\/\\\/www.altominho.tv\\\/site\\\/?s={search_term_string}\"},\"query-input\":{\"@type\":\"PropertyValueSpecification\",\"valueRequired\":true,\"valueName\":\"search_term_string\"}}],\"inLanguage\":\"pt-PT\"},{\"@type\":\"Person\",\"@id\":\"https:\\\/\\\/www.altominho.tv\\\/site\\\/#\\\/schema\\\/person\\\/63f693da3e1899361cbe955c46f3232e\",\"name\":\"Lusa\",\"image\":{\"@type\":\"ImageObject\",\"inLanguage\":\"pt-PT\",\"@id\":\"https:\\\/\\\/www.altominho.tv\\\/site\\\/wp-content\\\/uploads\\\/2019\\\/08\\\/LUSA_Logo.gif\",\"url\":\"https:\\\/\\\/www.altominho.tv\\\/site\\\/wp-content\\\/uploads\\\/2019\\\/08\\\/LUSA_Logo.gif\",\"contentUrl\":\"https:\\\/\\\/www.altominho.tv\\\/site\\\/wp-content\\\/uploads\\\/2019\\\/08\\\/LUSA_Logo.gif\",\"caption\":\"Lusa\"},\"sameAs\":[\"http:\\\/\\\/\\\/\\\/www.altominho.tv\\\/site\"],\"url\":\"https:\\\/\\\/www.altominho.tv\\\/site\\\/author\\\/lusa\\\/\"}]}<\/script>\n<!-- \/ Yoast SEO Premium plugin. -->","yoast_head_json":{"title":"Ex-deputada e atual vereadora do PSD concorre em Caminha com o CDS, Alian\u00e7a e PPM","robots":{"index":"index","follow":"follow","max-snippet":"max-snippet:-1","max-image-preview":"max-image-preview:large","max-video-preview":"max-video-preview:-1"},"canonical":"https:\/\/www.altominho.tv\/site\/2021\/08\/09\/ex-deputada-e-atual-vereadora-do-psd-concorre-em-caminha-com-o-cds-alianca-e-ppm\/","og_locale":"pt_PT","og_type":"article","og_title":"Ex-deputada e atual vereadora do PSD concorre em Caminha com o CDS, Alian\u00e7a e PPM","og_description":"A ex-deputada pelo Alto Minho e atual vereadora do PSD na C\u00e2mara de Caminha vai concorrer \u00e0quela autarquia em coliga\u00e7\u00e3o com CDS-PP, Alian\u00e7a e PPM. Segundo ac\u00f3rd\u00e3o publicado em Di\u00e1rio da Rep\u00fablica, o Tribunal Constitucional decidiu \u201cnada haver que obste a que a coliga\u00e7\u00e3o entre o Partido Social Democrata (PPD\/PSD), o CDS &#8211; Partido Popular [&hellip;]","og_url":"https:\/\/www.altominho.tv\/site\/2021\/08\/09\/ex-deputada-e-atual-vereadora-do-psd-concorre-em-caminha-com-o-cds-alianca-e-ppm\/","og_site_name":"Altominho.tv","article_publisher":"https:\/\/www.facebook.com\/altominhotv","article_published_time":"2021-08-09T10:23:45+00:00","article_modified_time":"2022-01-17T14:19:48+00:00","og_image":[{"width":960,"height":640,"url":"https:\/\/www.altominho.tv\/site\/wp-content\/uploads\/2021\/08\/164129948_1589011551291311_4396088964363970206_n.jpeg","type":"image\/jpeg"}],"author":"Lusa","twitter_card":"summary_large_image","twitter_creator":"@altominhoTV","twitter_site":"@altominhoTV","twitter_misc":{"Escrito por":"Lusa","Tempo estimado de leitura":"2 minutos"},"schema":{"@context":"https:\/\/schema.org","@graph":[{"@type":"Article","@id":"https:\/\/www.altominho.tv\/site\/2021\/08\/09\/ex-deputada-e-atual-vereadora-do-psd-concorre-em-caminha-com-o-cds-alianca-e-ppm\/#article","isPartOf":{"@id":"https:\/\/www.altominho.tv\/site\/2021\/08\/09\/ex-deputada-e-atual-vereadora-do-psd-concorre-em-caminha-com-o-cds-alianca-e-ppm\/"},"author":{"name":"Lusa","@id":"https:\/\/www.altominho.tv\/site\/#\/schema\/person\/63f693da3e1899361cbe955c46f3232e"},"headline":"Ex-deputada e atual vereadora do PSD concorre em Caminha com o CDS, Alian\u00e7a e PPM","datePublished":"2021-08-09T10:23:45+00:00","dateModified":"2022-01-17T14:19:48+00:00","mainEntityOfPage":{"@id":"https:\/\/www.altominho.tv\/site\/2021\/08\/09\/ex-deputada-e-atual-vereadora-do-psd-concorre-em-caminha-com-o-cds-alianca-e-ppm\/"},"wordCount":420,"image":{"@id":"https:\/\/www.altominho.tv\/site\/2021\/08\/09\/ex-deputada-e-atual-vereadora-do-psd-concorre-em-caminha-com-o-cds-alianca-e-ppm\/#primaryimage"},"thumbnailUrl":"https:\/\/www.altominho.tv\/site\/wp-content\/uploads\/2021\/08\/164129948_1589011551291311_4396088964363970206_n.jpeg","keywords":["Pol\u00edtica","Sociedade"],"articleSection":["Caminha"],"inLanguage":"pt-PT","copyrightYear":"2021","copyrightHolder":{"@id":"https:\/\/www.altominho.tv\/site\/#organization"}},{"@type":"WebPage","@id":"https:\/\/www.altominho.tv\/site\/2021\/08\/09\/ex-deputada-e-atual-vereadora-do-psd-concorre-em-caminha-com-o-cds-alianca-e-ppm\/","url":"https:\/\/www.altominho.tv\/site\/2021\/08\/09\/ex-deputada-e-atual-vereadora-do-psd-concorre-em-caminha-com-o-cds-alianca-e-ppm\/","name":"Ex-deputada e atual vereadora do PSD concorre em Caminha com o CDS, Alian\u00e7a e PPM","isPartOf":{"@id":"https:\/\/www.altominho.tv\/site\/#website"},"primaryImageOfPage":{"@id":"https:\/\/www.altominho.tv\/site\/2021\/08\/09\/ex-deputada-e-atual-vereadora-do-psd-concorre-em-caminha-com-o-cds-alianca-e-ppm\/#primaryimage"},"image":{"@id":"https:\/\/www.altominho.tv\/site\/2021\/08\/09\/ex-deputada-e-atual-vereadora-do-psd-concorre-em-caminha-com-o-cds-alianca-e-ppm\/#primaryimage"},"thumbnailUrl":"https:\/\/www.altominho.tv\/site\/wp-content\/uploads\/2021\/08\/164129948_1589011551291311_4396088964363970206_n.jpeg","datePublished":"2021-08-09T10:23:45+00:00","dateModified":"2022-01-17T14:19:48+00:00","author":{"@id":"https:\/\/www.altominho.tv\/site\/#\/schema\/person\/63f693da3e1899361cbe955c46f3232e"},"breadcrumb":{"@id":"https:\/\/www.altominho.tv\/site\/2021\/08\/09\/ex-deputada-e-atual-vereadora-do-psd-concorre-em-caminha-com-o-cds-alianca-e-ppm\/#breadcrumb"},"inLanguage":"pt-PT","potentialAction":[{"@type":"ReadAction","target":["https:\/\/www.altominho.tv\/site\/2021\/08\/09\/ex-deputada-e-atual-vereadora-do-psd-concorre-em-caminha-com-o-cds-alianca-e-ppm\/"]}]},{"@type":"ImageObject","inLanguage":"pt-PT","@id":"https:\/\/www.altominho.tv\/site\/2021\/08\/09\/ex-deputada-e-atual-vereadora-do-psd-concorre-em-caminha-com-o-cds-alianca-e-ppm\/#primaryimage","url":"https:\/\/www.altominho.tv\/site\/wp-content\/uploads\/2021\/08\/164129948_1589011551291311_4396088964363970206_n.jpeg","contentUrl":"https:\/\/www.altominho.tv\/site\/wp-content\/uploads\/2021\/08\/164129948_1589011551291311_4396088964363970206_n.jpeg","width":960,"height":640,"caption":"FACEBOOK LILIANA SILVA"},{"@type":"BreadcrumbList","@id":"https:\/\/www.altominho.tv\/site\/2021\/08\/09\/ex-deputada-e-atual-vereadora-do-psd-concorre-em-caminha-com-o-cds-alianca-e-ppm\/#breadcrumb","itemListElement":[{"@type":"ListItem","position":1,"name":"In\u00edcio","item":"https:\/\/www.altominho.tv\/site\/"},{"@type":"ListItem","position":2,"name":"Ex-deputada e atual vereadora do PSD concorre em Caminha com o CDS, Alian\u00e7a e PPM"}]},{"@type":"WebSite","@id":"https:\/\/www.altominho.tv\/site\/#website","url":"https:\/\/www.altominho.tv\/site\/","name":"Altominho.tv","description":"A sua regi\u00e3o \u00e0 dist\u00e2ncia de um clique...","potentialAction":[{"@type":"SearchAction","target":{"@type":"EntryPoint","urlTemplate":"https:\/\/www.altominho.tv\/site\/?s={search_term_string}"},"query-input":{"@type":"PropertyValueSpecification","valueRequired":true,"valueName":"search_term_string"}}],"inLanguage":"pt-PT"},{"@type":"Person","@id":"https:\/\/www.altominho.tv\/site\/#\/schema\/person\/63f693da3e1899361cbe955c46f3232e","name":"Lusa","image":{"@type":"ImageObject","inLanguage":"pt-PT","@id":"https:\/\/www.altominho.tv\/site\/wp-content\/uploads\/2019\/08\/LUSA_Logo.gif","url":"https:\/\/www.altominho.tv\/site\/wp-content\/uploads\/2019\/08\/LUSA_Logo.gif","contentUrl":"https:\/\/www.altominho.tv\/site\/wp-content\/uploads\/2019\/08\/LUSA_Logo.gif","caption":"Lusa"},"sameAs":["http:\/\/\/\/www.altominho.tv\/site"],"url":"https:\/\/www.altominho.tv\/site\/author\/lusa\/"}]}},"_links":{"self":[{"href":"https:\/\/www.altominho.tv\/site\/wp-json\/wp\/v2\/posts\/69152","targetHints":{"allow":["GET"]}}],"collection":[{"href":"https:\/\/www.altominho.tv\/site\/wp-json\/wp\/v2\/posts"}],"about":[{"href":"https:\/\/www.altominho.tv\/site\/wp-json\/wp\/v2\/types\/post"}],"author":[{"embeddable":true,"href":"https:\/\/www.altominho.tv\/site\/wp-json\/wp\/v2\/users\/13"}],"replies":[{"embeddable":true,"href":"https:\/\/www.altominho.tv\/site\/wp-json\/wp\/v2\/comments?post=69152"}],"version-history":[{"count":0,"href":"https:\/\/www.altominho.tv\/site\/wp-json\/wp\/v2\/posts\/69152\/revisions"}],"wp:featuredmedia":[{"embeddable":true,"href":"https:\/\/www.altominho.tv\/site\/wp-json\/wp\/v2\/media\/69153"}],"wp:attachment":[{"href":"https:\/\/www.altominho.tv\/site\/wp-json\/wp\/v2\/media?parent=69152"}],"wp:term":[{"taxonomy":"category","embeddable":true,"href":"https:\/\/www.altominho.tv\/site\/wp-json\/wp\/v2\/categories?post=69152"},{"taxonomy":"post_tag","embeddable":true,"href":"https:\/\/www.altominho.tv\/site\/wp-json\/wp\/v2\/tags?post=69152"}],"curies":[{"name":"wp","href":"https:\/\/api.w.org\/{rel}","templated":true}]}}