{"id":69059,"date":"2021-08-05T13:15:54","date_gmt":"2021-08-05T12:15:54","guid":{"rendered":"https:\/\/www.altominho.tv\/site\/?p=69059"},"modified":"2021-08-05T13:15:58","modified_gmt":"2021-08-05T12:15:58","slug":"dois-fins-de-semana-quatro-fadistas-quatro-concertos-em-cerveira","status":"publish","type":"post","link":"https:\/\/www.altominho.tv\/site\/2021\/08\/05\/dois-fins-de-semana-quatro-fadistas-quatro-concertos-em-cerveira\/","title":{"rendered":"Dois fins-de-semana, quatro fadistas, quatro concertos em Cerveira"},"content":{"rendered":"\n<p>As Noites de Fado\u201921, trazem a Vila Nova de Cerveira quatro fadistas em quatro concertos, em dois fins-de-semana.<\/p>\n\n\n\n<p>Marco Rodrigues, Katia Guerreiro, Sara Correia e Aldina Duarte s\u00e3o os convidados da edi\u00e7\u00e3o 2021 das \u2018Noites de Fado\u2019, nas noites de 6, 7, 13 e 14 de agosto.<\/p>\n\n\n\n<p>Os bilhetes est\u00e3o dispon\u00edveis na Loja Interativa de Turismo, no website da Eurocidade Cerveira-Tomi\u00f1o ou no pr\u00f3prio dia no local.<\/p>\n","protected":false},"excerpt":{"rendered":"<p>As Noites de Fado\u201921, trazem a Vila Nova de Cerveira quatro fadistas em quatro concertos, em dois fins-de-semana. Marco Rodrigues, Katia Guerreiro, Sara Correia e Aldina Duarte s\u00e3o os convidados da edi\u00e7\u00e3o 2021 das \u2018Noites de Fado\u2019, nas noites de 6, 7, 13 e 14 de agosto. Os bilhetes est\u00e3o dispon\u00edveis na Loja Interativa de [&hellip;]<\/p>\n","protected":false},"author":7,"featured_media":69060,"comment_status":"closed","ping_status":"closed","sticky":false,"template":"","format":"standard","meta":{"_exactmetrics_skip_tracking":false,"_exactmetrics_sitenote_active":false,"_exactmetrics_sitenote_note":"","_exactmetrics_sitenote_category":0,"footnotes":""},"categories":[15],"tags":[19,27],"class_list":["post-69059","post","type-post","status-publish","format-standard","has-post-thumbnail","hentry","category-vila-nova-de-cerveira","tag-cultura","tag-sociedade"],"yoast_head":"<!-- This site is optimized with the Yoast SEO Premium plugin v27.5 (Yoast SEO v27.5) - https:\/\/yoast.com\/product\/yoast-seo-premium-wordpress\/ -->\n<title>Dois fins-de-semana, quatro fadistas, quatro concertos em Cerveira<\/title>\n<meta name=\"robots\" content=\"index, follow, max-snippet:-1, max-image-preview:large, max-video-preview:-1\" \/>\n<link rel=\"canonical\" href=\"https:\/\/www.altominho.tv\/site\/2021\/08\/05\/dois-fins-de-semana-quatro-fadistas-quatro-concertos-em-cerveira\/\" \/>\n<meta property=\"og:locale\" content=\"pt_PT\" \/>\n<meta property=\"og:type\" content=\"article\" \/>\n<meta property=\"og:title\" content=\"Dois fins-de-semana, quatro fadistas, quatro concertos em Cerveira\" \/>\n<meta property=\"og:description\" content=\"As Noites de Fado\u201921, trazem a Vila Nova de Cerveira quatro fadistas em quatro concertos, em dois fins-de-semana. Marco Rodrigues, Katia Guerreiro, Sara Correia e Aldina Duarte s\u00e3o os convidados da edi\u00e7\u00e3o 2021 das \u2018Noites de Fado\u2019, nas noites de 6, 7, 13 e 14 de agosto. Os bilhetes est\u00e3o dispon\u00edveis na Loja Interativa de [&hellip;]\" \/>\n<meta property=\"og:url\" content=\"https:\/\/www.altominho.tv\/site\/2021\/08\/05\/dois-fins-de-semana-quatro-fadistas-quatro-concertos-em-cerveira\/\" \/>\n<meta property=\"og:site_name\" content=\"Altominho.tv\" \/>\n<meta property=\"article:publisher\" content=\"https:\/\/www.facebook.com\/altominhotv\" \/>\n<meta property=\"article:published_time\" content=\"2021-08-05T12:15:54+00:00\" \/>\n<meta property=\"article:modified_time\" content=\"2021-08-05T12:15:58+00:00\" \/>\n<meta property=\"og:image\" content=\"https:\/\/www.altominho.tv\/site\/wp-content\/uploads\/2021\/08\/PAGINA-CONCERTOS-scaled.jpg\" \/>\n\t<meta property=\"og:image:width\" content=\"2560\" \/>\n\t<meta property=\"og:image:height\" content=\"1544\" \/>\n\t<meta property=\"og:image:type\" content=\"image\/jpeg\" \/>\n<meta name=\"author\" content=\"Andreia Cunha\" \/>\n<meta name=\"twitter:card\" content=\"summary_large_image\" \/>\n<meta name=\"twitter:creator\" content=\"@altominhoTV\" \/>\n<meta name=\"twitter:site\" content=\"@altominhoTV\" \/>\n<meta name=\"twitter:label1\" content=\"Escrito por\" \/>\n\t<meta name=\"twitter:data1\" content=\"Andreia Cunha\" \/>\n\t<meta name=\"twitter:label2\" content=\"Tempo estimado de leitura\" \/>\n\t<meta name=\"twitter:data2\" content=\"1 minuto\" \/>\n<script type=\"application\/ld+json\" class=\"yoast-schema-graph\">{\"@context\":\"https:\\\/\\\/schema.org\",\"@graph\":[{\"@type\":\"Article\",\"@id\":\"https:\\\/\\\/www.altominho.tv\\\/site\\\/2021\\\/08\\\/05\\\/dois-fins-de-semana-quatro-fadistas-quatro-concertos-em-cerveira\\\/#article\",\"isPartOf\":{\"@id\":\"https:\\\/\\\/www.altominho.tv\\\/site\\\/2021\\\/08\\\/05\\\/dois-fins-de-semana-quatro-fadistas-quatro-concertos-em-cerveira\\\/\"},\"author\":{\"name\":\"Andreia Cunha\",\"@id\":\"https:\\\/\\\/www.altominho.tv\\\/site\\\/#\\\/schema\\\/person\\\/a0e4ef6d041f98ca284393d8f1d97153\"},\"headline\":\"Dois fins-de-semana, quatro fadistas, quatro concertos em Cerveira\",\"datePublished\":\"2021-08-05T12:15:54+00:00\",\"dateModified\":\"2021-08-05T12:15:58+00:00\",\"mainEntityOfPage\":{\"@id\":\"https:\\\/\\\/www.altominho.tv\\\/site\\\/2021\\\/08\\\/05\\\/dois-fins-de-semana-quatro-fadistas-quatro-concertos-em-cerveira\\\/\"},\"wordCount\":76,\"image\":{\"@id\":\"https:\\\/\\\/www.altominho.tv\\\/site\\\/2021\\\/08\\\/05\\\/dois-fins-de-semana-quatro-fadistas-quatro-concertos-em-cerveira\\\/#primaryimage\"},\"thumbnailUrl\":\"https:\\\/\\\/www.altominho.tv\\\/site\\\/wp-content\\\/uploads\\\/2021\\\/08\\\/PAGINA-CONCERTOS-scaled.jpg\",\"keywords\":[\"Cultura\",\"Sociedade\"],\"articleSection\":[\"Vila Nova de Cerveira\"],\"inLanguage\":\"pt-PT\",\"copyrightYear\":\"2021\",\"copyrightHolder\":{\"@id\":\"https:\\\/\\\/www.altominho.tv\\\/site\\\/#organization\"}},{\"@type\":\"WebPage\",\"@id\":\"https:\\\/\\\/www.altominho.tv\\\/site\\\/2021\\\/08\\\/05\\\/dois-fins-de-semana-quatro-fadistas-quatro-concertos-em-cerveira\\\/\",\"url\":\"https:\\\/\\\/www.altominho.tv\\\/site\\\/2021\\\/08\\\/05\\\/dois-fins-de-semana-quatro-fadistas-quatro-concertos-em-cerveira\\\/\",\"name\":\"Dois fins-de-semana, quatro fadistas, quatro concertos em Cerveira\",\"isPartOf\":{\"@id\":\"https:\\\/\\\/www.altominho.tv\\\/site\\\/#website\"},\"primaryImageOfPage\":{\"@id\":\"https:\\\/\\\/www.altominho.tv\\\/site\\\/2021\\\/08\\\/05\\\/dois-fins-de-semana-quatro-fadistas-quatro-concertos-em-cerveira\\\/#primaryimage\"},\"image\":{\"@id\":\"https:\\\/\\\/www.altominho.tv\\\/site\\\/2021\\\/08\\\/05\\\/dois-fins-de-semana-quatro-fadistas-quatro-concertos-em-cerveira\\\/#primaryimage\"},\"thumbnailUrl\":\"https:\\\/\\\/www.altominho.tv\\\/site\\\/wp-content\\\/uploads\\\/2021\\\/08\\\/PAGINA-CONCERTOS-scaled.jpg\",\"datePublished\":\"2021-08-05T12:15:54+00:00\",\"dateModified\":\"2021-08-05T12:15:58+00:00\",\"author\":{\"@id\":\"https:\\\/\\\/www.altominho.tv\\\/site\\\/#\\\/schema\\\/person\\\/a0e4ef6d041f98ca284393d8f1d97153\"},\"breadcrumb\":{\"@id\":\"https:\\\/\\\/www.altominho.tv\\\/site\\\/2021\\\/08\\\/05\\\/dois-fins-de-semana-quatro-fadistas-quatro-concertos-em-cerveira\\\/#breadcrumb\"},\"inLanguage\":\"pt-PT\",\"potentialAction\":[{\"@type\":\"ReadAction\",\"target\":[\"https:\\\/\\\/www.altominho.tv\\\/site\\\/2021\\\/08\\\/05\\\/dois-fins-de-semana-quatro-fadistas-quatro-concertos-em-cerveira\\\/\"]}]},{\"@type\":\"ImageObject\",\"inLanguage\":\"pt-PT\",\"@id\":\"https:\\\/\\\/www.altominho.tv\\\/site\\\/2021\\\/08\\\/05\\\/dois-fins-de-semana-quatro-fadistas-quatro-concertos-em-cerveira\\\/#primaryimage\",\"url\":\"https:\\\/\\\/www.altominho.tv\\\/site\\\/wp-content\\\/uploads\\\/2021\\\/08\\\/PAGINA-CONCERTOS-scaled.jpg\",\"contentUrl\":\"https:\\\/\\\/www.altominho.tv\\\/site\\\/wp-content\\\/uploads\\\/2021\\\/08\\\/PAGINA-CONCERTOS-scaled.jpg\",\"width\":2560,\"height\":1544},{\"@type\":\"BreadcrumbList\",\"@id\":\"https:\\\/\\\/www.altominho.tv\\\/site\\\/2021\\\/08\\\/05\\\/dois-fins-de-semana-quatro-fadistas-quatro-concertos-em-cerveira\\\/#breadcrumb\",\"itemListElement\":[{\"@type\":\"ListItem\",\"position\":1,\"name\":\"In\u00edcio\",\"item\":\"https:\\\/\\\/www.altominho.tv\\\/site\\\/\"},{\"@type\":\"ListItem\",\"position\":2,\"name\":\"Dois fins-de-semana, quatro fadistas, quatro concertos em Cerveira\"}]},{\"@type\":\"WebSite\",\"@id\":\"https:\\\/\\\/www.altominho.tv\\\/site\\\/#website\",\"url\":\"https:\\\/\\\/www.altominho.tv\\\/site\\\/\",\"name\":\"Altominho.tv\",\"description\":\"A sua regi\u00e3o \u00e0 dist\u00e2ncia de um clique...\",\"potentialAction\":[{\"@type\":\"SearchAction\",\"target\":{\"@type\":\"EntryPoint\",\"urlTemplate\":\"https:\\\/\\\/www.altominho.tv\\\/site\\\/?s={search_term_string}\"},\"query-input\":{\"@type\":\"PropertyValueSpecification\",\"valueRequired\":true,\"valueName\":\"search_term_string\"}}],\"inLanguage\":\"pt-PT\"},{\"@type\":\"Person\",\"@id\":\"https:\\\/\\\/www.altominho.tv\\\/site\\\/#\\\/schema\\\/person\\\/a0e4ef6d041f98ca284393d8f1d97153\",\"name\":\"Andreia Cunha\",\"image\":{\"@type\":\"ImageObject\",\"inLanguage\":\"pt-PT\",\"@id\":\"https:\\\/\\\/www.altominho.tv\\\/site\\\/wp-content\\\/uploads\\\/2017\\\/11\\\/Andreia_Cunha-1-150x150.jpg\",\"url\":\"https:\\\/\\\/www.altominho.tv\\\/site\\\/wp-content\\\/uploads\\\/2017\\\/11\\\/Andreia_Cunha-1-150x150.jpg\",\"contentUrl\":\"https:\\\/\\\/www.altominho.tv\\\/site\\\/wp-content\\\/uploads\\\/2017\\\/11\\\/Andreia_Cunha-1-150x150.jpg\",\"caption\":\"Andreia Cunha\"},\"url\":\"https:\\\/\\\/www.altominho.tv\\\/site\\\/author\\\/andreiacunha\\\/\"}]}<\/script>\n<!-- \/ Yoast SEO Premium plugin. -->","yoast_head_json":{"title":"Dois fins-de-semana, quatro fadistas, quatro concertos em Cerveira","robots":{"index":"index","follow":"follow","max-snippet":"max-snippet:-1","max-image-preview":"max-image-preview:large","max-video-preview":"max-video-preview:-1"},"canonical":"https:\/\/www.altominho.tv\/site\/2021\/08\/05\/dois-fins-de-semana-quatro-fadistas-quatro-concertos-em-cerveira\/","og_locale":"pt_PT","og_type":"article","og_title":"Dois fins-de-semana, quatro fadistas, quatro concertos em Cerveira","og_description":"As Noites de Fado\u201921, trazem a Vila Nova de Cerveira quatro fadistas em quatro concertos, em dois fins-de-semana. Marco Rodrigues, Katia Guerreiro, Sara Correia e Aldina Duarte s\u00e3o os convidados da edi\u00e7\u00e3o 2021 das \u2018Noites de Fado\u2019, nas noites de 6, 7, 13 e 14 de agosto. Os bilhetes est\u00e3o dispon\u00edveis na Loja Interativa de [&hellip;]","og_url":"https:\/\/www.altominho.tv\/site\/2021\/08\/05\/dois-fins-de-semana-quatro-fadistas-quatro-concertos-em-cerveira\/","og_site_name":"Altominho.tv","article_publisher":"https:\/\/www.facebook.com\/altominhotv","article_published_time":"2021-08-05T12:15:54+00:00","article_modified_time":"2021-08-05T12:15:58+00:00","og_image":[{"width":2560,"height":1544,"url":"https:\/\/www.altominho.tv\/site\/wp-content\/uploads\/2021\/08\/PAGINA-CONCERTOS-scaled.jpg","type":"image\/jpeg"}],"author":"Andreia Cunha","twitter_card":"summary_large_image","twitter_creator":"@altominhoTV","twitter_site":"@altominhoTV","twitter_misc":{"Escrito por":"Andreia Cunha","Tempo estimado de leitura":"1 minuto"},"schema":{"@context":"https:\/\/schema.org","@graph":[{"@type":"Article","@id":"https:\/\/www.altominho.tv\/site\/2021\/08\/05\/dois-fins-de-semana-quatro-fadistas-quatro-concertos-em-cerveira\/#article","isPartOf":{"@id":"https:\/\/www.altominho.tv\/site\/2021\/08\/05\/dois-fins-de-semana-quatro-fadistas-quatro-concertos-em-cerveira\/"},"author":{"name":"Andreia Cunha","@id":"https:\/\/www.altominho.tv\/site\/#\/schema\/person\/a0e4ef6d041f98ca284393d8f1d97153"},"headline":"Dois fins-de-semana, quatro fadistas, quatro concertos em Cerveira","datePublished":"2021-08-05T12:15:54+00:00","dateModified":"2021-08-05T12:15:58+00:00","mainEntityOfPage":{"@id":"https:\/\/www.altominho.tv\/site\/2021\/08\/05\/dois-fins-de-semana-quatro-fadistas-quatro-concertos-em-cerveira\/"},"wordCount":76,"image":{"@id":"https:\/\/www.altominho.tv\/site\/2021\/08\/05\/dois-fins-de-semana-quatro-fadistas-quatro-concertos-em-cerveira\/#primaryimage"},"thumbnailUrl":"https:\/\/www.altominho.tv\/site\/wp-content\/uploads\/2021\/08\/PAGINA-CONCERTOS-scaled.jpg","keywords":["Cultura","Sociedade"],"articleSection":["Vila Nova de Cerveira"],"inLanguage":"pt-PT","copyrightYear":"2021","copyrightHolder":{"@id":"https:\/\/www.altominho.tv\/site\/#organization"}},{"@type":"WebPage","@id":"https:\/\/www.altominho.tv\/site\/2021\/08\/05\/dois-fins-de-semana-quatro-fadistas-quatro-concertos-em-cerveira\/","url":"https:\/\/www.altominho.tv\/site\/2021\/08\/05\/dois-fins-de-semana-quatro-fadistas-quatro-concertos-em-cerveira\/","name":"Dois fins-de-semana, quatro fadistas, quatro concertos em Cerveira","isPartOf":{"@id":"https:\/\/www.altominho.tv\/site\/#website"},"primaryImageOfPage":{"@id":"https:\/\/www.altominho.tv\/site\/2021\/08\/05\/dois-fins-de-semana-quatro-fadistas-quatro-concertos-em-cerveira\/#primaryimage"},"image":{"@id":"https:\/\/www.altominho.tv\/site\/2021\/08\/05\/dois-fins-de-semana-quatro-fadistas-quatro-concertos-em-cerveira\/#primaryimage"},"thumbnailUrl":"https:\/\/www.altominho.tv\/site\/wp-content\/uploads\/2021\/08\/PAGINA-CONCERTOS-scaled.jpg","datePublished":"2021-08-05T12:15:54+00:00","dateModified":"2021-08-05T12:15:58+00:00","author":{"@id":"https:\/\/www.altominho.tv\/site\/#\/schema\/person\/a0e4ef6d041f98ca284393d8f1d97153"},"breadcrumb":{"@id":"https:\/\/www.altominho.tv\/site\/2021\/08\/05\/dois-fins-de-semana-quatro-fadistas-quatro-concertos-em-cerveira\/#breadcrumb"},"inLanguage":"pt-PT","potentialAction":[{"@type":"ReadAction","target":["https:\/\/www.altominho.tv\/site\/2021\/08\/05\/dois-fins-de-semana-quatro-fadistas-quatro-concertos-em-cerveira\/"]}]},{"@type":"ImageObject","inLanguage":"pt-PT","@id":"https:\/\/www.altominho.tv\/site\/2021\/08\/05\/dois-fins-de-semana-quatro-fadistas-quatro-concertos-em-cerveira\/#primaryimage","url":"https:\/\/www.altominho.tv\/site\/wp-content\/uploads\/2021\/08\/PAGINA-CONCERTOS-scaled.jpg","contentUrl":"https:\/\/www.altominho.tv\/site\/wp-content\/uploads\/2021\/08\/PAGINA-CONCERTOS-scaled.jpg","width":2560,"height":1544},{"@type":"BreadcrumbList","@id":"https:\/\/www.altominho.tv\/site\/2021\/08\/05\/dois-fins-de-semana-quatro-fadistas-quatro-concertos-em-cerveira\/#breadcrumb","itemListElement":[{"@type":"ListItem","position":1,"name":"In\u00edcio","item":"https:\/\/www.altominho.tv\/site\/"},{"@type":"ListItem","position":2,"name":"Dois fins-de-semana, quatro fadistas, quatro concertos em Cerveira"}]},{"@type":"WebSite","@id":"https:\/\/www.altominho.tv\/site\/#website","url":"https:\/\/www.altominho.tv\/site\/","name":"Altominho.tv","description":"A sua regi\u00e3o \u00e0 dist\u00e2ncia de um clique...","potentialAction":[{"@type":"SearchAction","target":{"@type":"EntryPoint","urlTemplate":"https:\/\/www.altominho.tv\/site\/?s={search_term_string}"},"query-input":{"@type":"PropertyValueSpecification","valueRequired":true,"valueName":"search_term_string"}}],"inLanguage":"pt-PT"},{"@type":"Person","@id":"https:\/\/www.altominho.tv\/site\/#\/schema\/person\/a0e4ef6d041f98ca284393d8f1d97153","name":"Andreia Cunha","image":{"@type":"ImageObject","inLanguage":"pt-PT","@id":"https:\/\/www.altominho.tv\/site\/wp-content\/uploads\/2017\/11\/Andreia_Cunha-1-150x150.jpg","url":"https:\/\/www.altominho.tv\/site\/wp-content\/uploads\/2017\/11\/Andreia_Cunha-1-150x150.jpg","contentUrl":"https:\/\/www.altominho.tv\/site\/wp-content\/uploads\/2017\/11\/Andreia_Cunha-1-150x150.jpg","caption":"Andreia Cunha"},"url":"https:\/\/www.altominho.tv\/site\/author\/andreiacunha\/"}]}},"_links":{"self":[{"href":"https:\/\/www.altominho.tv\/site\/wp-json\/wp\/v2\/posts\/69059","targetHints":{"allow":["GET"]}}],"collection":[{"href":"https:\/\/www.altominho.tv\/site\/wp-json\/wp\/v2\/posts"}],"about":[{"href":"https:\/\/www.altominho.tv\/site\/wp-json\/wp\/v2\/types\/post"}],"author":[{"embeddable":true,"href":"https:\/\/www.altominho.tv\/site\/wp-json\/wp\/v2\/users\/7"}],"replies":[{"embeddable":true,"href":"https:\/\/www.altominho.tv\/site\/wp-json\/wp\/v2\/comments?post=69059"}],"version-history":[{"count":0,"href":"https:\/\/www.altominho.tv\/site\/wp-json\/wp\/v2\/posts\/69059\/revisions"}],"wp:featuredmedia":[{"embeddable":true,"href":"https:\/\/www.altominho.tv\/site\/wp-json\/wp\/v2\/media\/69060"}],"wp:attachment":[{"href":"https:\/\/www.altominho.tv\/site\/wp-json\/wp\/v2\/media?parent=69059"}],"wp:term":[{"taxonomy":"category","embeddable":true,"href":"https:\/\/www.altominho.tv\/site\/wp-json\/wp\/v2\/categories?post=69059"},{"taxonomy":"post_tag","embeddable":true,"href":"https:\/\/www.altominho.tv\/site\/wp-json\/wp\/v2\/tags?post=69059"}],"curies":[{"name":"wp","href":"https:\/\/api.w.org\/{rel}","templated":true}]}}