{"id":68776,"date":"2021-07-28T14:51:47","date_gmt":"2021-07-28T13:51:47","guid":{"rendered":"https:\/\/www.altominho.tv\/site\/?p=68776"},"modified":"2021-07-28T14:51:51","modified_gmt":"2021-07-28T13:51:51","slug":"populacao-do-distrito-de-viana-do-castelo-diminuiu-55-na-ultima-decada","status":"publish","type":"post","link":"https:\/\/www.altominho.tv\/site\/2021\/07\/28\/populacao-do-distrito-de-viana-do-castelo-diminuiu-55-na-ultima-decada\/","title":{"rendered":"Popula\u00e7\u00e3o do distrito de Viana do Castelo diminuiu 5,5% na \u00faltima d\u00e9cada"},"content":{"rendered":"<p>O distrito de Viana do Castelo perdeu na \u00faltima d\u00e9cada mais de 13 mil habitantes, uma quebra de 5,5%, registando uma popula\u00e7\u00e3o de 231.488 pessoas.<\/p>\n<p>Segundo dados preliminares dos Censos 2021 divulgados esta quarta-feira, entre 2011 e 2021 este distrito perdeu 13.348 pessoas, passando de uma popula\u00e7\u00e3o de 244.836 habitantes para 231.488.<\/p>\n<p>Todos os 10 concelhos registaram uma diminui\u00e7\u00e3o populacional, sendo que a maior quebra ocorreu em Melga\u00e7o que perdeu 1.437 residentes (-15,6%). Seguem-se Arcos de Valdevez (-9,27%), Ponte da Barca (-8,32%), Mon\u00e7\u00e3o (-7,29%) e Paredes de Coura (-6,1%).<\/p>\n<p>Ponte de Lima perdeu 2294 residentes (-5,3%), Caminha tem menos 5,1% em rela\u00e7\u00e3o a 2011 e Valen\u00e7a perdeu 3,5%.<\/p>\n<p>A capital de distrito Viana do Castelo e Vila Nova de Cerveira foram os \u00fanicos dos 10 concelhos que em 2011 tiveram um crescimento populacional, mas tamb\u00e9m este ano sofreram uma quebra.<\/p>\n<p>Viana do Castelo perdeu 2861 residentes (-3,22%) e Vila Nova de Cerveira sofreu uma quebra de 3,49% (323 pessoas).<\/p>\n<p>Com base nos dados dos Censos 2021, Viana do Castelo est\u00e1 entre os 10 concelhos mais populosos do pa\u00eds.<\/p>\n<figure id=\"attachment_68777\" aria-describedby=\"caption-attachment-68777\" style=\"width: 714px\" class=\"wp-caption alignnone\"><img loading=\"lazy\" decoding=\"async\" class=\"size-full wp-image-68777\" src=\"https:\/\/www.altominho.tv\/site\/wp-content\/uploads\/2021\/07\/Captura-de-ecra\u0303-2021-07-28-a\u0300s-14.11.32.png\" alt=\"\" width=\"714\" height=\"518\" srcset=\"https:\/\/www.altominho.tv\/site\/wp-content\/uploads\/2021\/07\/Captura-de-ecra\u0303-2021-07-28-a\u0300s-14.11.32.png 714w, https:\/\/www.altominho.tv\/site\/wp-content\/uploads\/2021\/07\/Captura-de-ecra\u0303-2021-07-28-a\u0300s-14.11.32-597x433.png 597w, https:\/\/www.altominho.tv\/site\/wp-content\/uploads\/2021\/07\/Captura-de-ecra\u0303-2021-07-28-a\u0300s-14.11.32-370x268.png 370w, https:\/\/www.altominho.tv\/site\/wp-content\/uploads\/2021\/07\/Captura-de-ecra\u0303-2021-07-28-a\u0300s-14.11.32-270x196.png 270w, https:\/\/www.altominho.tv\/site\/wp-content\/uploads\/2021\/07\/Captura-de-ecra\u0303-2021-07-28-a\u0300s-14.11.32-570x414.png 570w\" sizes=\"auto, (max-width: 714px) 100vw, 714px\" \/><figcaption id=\"caption-attachment-68777\" class=\"wp-caption-text\">INE<\/figcaption><\/figure>\n<p>De acordo com as estat\u00edsticas oficiais, Portugal tem 10.347.892 residentes, menos 214.286 do que em 2011, segundo os resultados preliminares dos censos 2021. Trata-se de uma quebra de 2% relativamente a 2011, consequ\u00eancia de um saldo natural negativo (-250.066 pessoas, segundo os dados provis\u00f3rios).<\/p>\n<p>O saldo migrat\u00f3rio, apesar de positivo, n\u00e3o foi suficiente para inverter a quebra populacional, segundo o INE, que sublinha que, em termos censit\u00e1rios, a \u00fanica d\u00e9cada em que se verificou um decr\u00e9scimo populacional foi entre 1960 e 1970.<\/p>\n<p>Os dados preliminares mostram que h\u00e1 em Portugal 4.917.794 homens (48%) e 5.430.098 mulheres (52%).<\/p>\n","protected":false},"excerpt":{"rendered":"<p>O distrito de Viana do Castelo perdeu na \u00faltima d\u00e9cada mais de 13 mil habitantes, uma quebra de 5,5%, registando uma popula\u00e7\u00e3o de 231.488 pessoas. Segundo dados preliminares dos Censos 2021 divulgados esta quarta-feira, entre 2011 e 2021 este distrito perdeu 13.348 pessoas, passando de uma popula\u00e7\u00e3o de 244.836 habitantes para 231.488. Todos os 10 [&hellip;]<\/p>\n","protected":false},"author":15,"featured_media":18961,"comment_status":"closed","ping_status":"closed","sticky":false,"template":"","format":"standard","meta":{"_exactmetrics_skip_tracking":false,"footnotes":""},"categories":[73],"tags":[27],"class_list":["post-68776","post","type-post","status-publish","format-standard","has-post-thumbnail","hentry","category-alto-minho","tag-sociedade"],"yoast_head":"<!-- This site is optimized with the Yoast SEO Premium plugin v28.3 (Yoast SEO v28.3) - https:\/\/yoast.com\/product\/yoast-seo-premium-wordpress\/ -->\n<title>Popula\u00e7\u00e3o do distrito de Viana do Castelo diminuiu 5,5% na \u00faltima d\u00e9cada<\/title>\n<meta name=\"robots\" content=\"index, follow, max-snippet:-1, max-image-preview:large, max-video-preview:-1\" \/>\n<link rel=\"canonical\" href=\"https:\/\/www.altominho.tv\/site\/2021\/07\/28\/populacao-do-distrito-de-viana-do-castelo-diminuiu-55-na-ultima-decada\/\" \/>\n<meta property=\"og:locale\" content=\"pt_PT\" \/>\n<meta property=\"og:type\" content=\"article\" \/>\n<meta property=\"og:title\" content=\"Popula\u00e7\u00e3o do distrito de Viana do Castelo diminuiu 5,5% na \u00faltima d\u00e9cada\" \/>\n<meta property=\"og:description\" content=\"O distrito de Viana do Castelo perdeu na \u00faltima d\u00e9cada mais de 13 mil habitantes, uma quebra de 5,5%, registando uma popula\u00e7\u00e3o de 231.488 pessoas. Segundo dados preliminares dos Censos 2021 divulgados esta quarta-feira, entre 2011 e 2021 este distrito perdeu 13.348 pessoas, passando de uma popula\u00e7\u00e3o de 244.836 habitantes para 231.488. Todos os 10 [&hellip;]\" \/>\n<meta property=\"og:url\" content=\"https:\/\/www.altominho.tv\/site\/2021\/07\/28\/populacao-do-distrito-de-viana-do-castelo-diminuiu-55-na-ultima-decada\/\" \/>\n<meta property=\"og:site_name\" content=\"Altominho.tv\" \/>\n<meta property=\"article:publisher\" content=\"https:\/\/www.facebook.com\/altominhotv\" \/>\n<meta property=\"article:published_time\" content=\"2021-07-28T13:51:47+00:00\" \/>\n<meta property=\"article:modified_time\" content=\"2021-07-28T13:51:51+00:00\" \/>\n<meta property=\"og:image\" content=\"https:\/\/www.altominho.tv\/site\/wp-content\/uploads\/2018\/09\/Viana-740x390.jpg\" \/>\n\t<meta property=\"og:image:width\" content=\"740\" \/>\n\t<meta property=\"og:image:height\" content=\"390\" \/>\n\t<meta property=\"og:image:type\" content=\"image\/jpeg\" \/>\n<meta name=\"author\" content=\"Andreia Ferreira | Lusa\" \/>\n<meta name=\"twitter:card\" content=\"summary_large_image\" \/>\n<meta name=\"twitter:creator\" content=\"@altominhoTV\" \/>\n<meta name=\"twitter:site\" content=\"@altominhoTV\" \/>\n<meta name=\"twitter:label1\" content=\"Escrito por\" \/>\n\t<meta name=\"twitter:data1\" content=\"Andreia Ferreira | Lusa\" \/>\n\t<meta name=\"twitter:label2\" content=\"Tempo estimado de leitura\" \/>\n\t<meta name=\"twitter:data2\" content=\"2 minutos\" \/>\n<script type=\"application\/ld+json\" class=\"yoast-schema-graph\">{\"@context\":\"https:\\\/\\\/schema.org\",\"@graph\":[{\"@type\":\"Article\",\"@id\":\"https:\\\/\\\/www.altominho.tv\\\/site\\\/2021\\\/07\\\/28\\\/populacao-do-distrito-de-viana-do-castelo-diminuiu-55-na-ultima-decada\\\/#article\",\"isPartOf\":{\"@id\":\"https:\\\/\\\/www.altominho.tv\\\/site\\\/2021\\\/07\\\/28\\\/populacao-do-distrito-de-viana-do-castelo-diminuiu-55-na-ultima-decada\\\/\"},\"author\":{\"name\":\"Andreia Ferreira | Lusa\",\"@id\":\"https:\\\/\\\/www.altominho.tv\\\/site\\\/#\\\/schema\\\/person\\\/a0bff6dc1041aadd46fa81887444b017\"},\"headline\":\"Popula\u00e7\u00e3o do distrito de Viana do Castelo diminuiu 5,5% na \u00faltima d\u00e9cada\",\"datePublished\":\"2021-07-28T13:51:47+00:00\",\"dateModified\":\"2021-07-28T13:51:51+00:00\",\"mainEntityOfPage\":{\"@id\":\"https:\\\/\\\/www.altominho.tv\\\/site\\\/2021\\\/07\\\/28\\\/populacao-do-distrito-de-viana-do-castelo-diminuiu-55-na-ultima-decada\\\/\"},\"wordCount\":280,\"image\":{\"@id\":\"https:\\\/\\\/www.altominho.tv\\\/site\\\/2021\\\/07\\\/28\\\/populacao-do-distrito-de-viana-do-castelo-diminuiu-55-na-ultima-decada\\\/#primaryimage\"},\"thumbnailUrl\":\"https:\\\/\\\/www.altominho.tv\\\/site\\\/wp-content\\\/uploads\\\/2018\\\/09\\\/Viana-740x390.jpg\",\"keywords\":[\"Sociedade\"],\"articleSection\":[\"Alto Minho\"],\"inLanguage\":\"pt-PT\",\"copyrightYear\":\"2021\",\"copyrightHolder\":{\"@id\":\"https:\\\/\\\/www.altominho.tv\\\/site\\\/#organization\"}},{\"@type\":\"WebPage\",\"@id\":\"https:\\\/\\\/www.altominho.tv\\\/site\\\/2021\\\/07\\\/28\\\/populacao-do-distrito-de-viana-do-castelo-diminuiu-55-na-ultima-decada\\\/\",\"url\":\"https:\\\/\\\/www.altominho.tv\\\/site\\\/2021\\\/07\\\/28\\\/populacao-do-distrito-de-viana-do-castelo-diminuiu-55-na-ultima-decada\\\/\",\"name\":\"Popula\u00e7\u00e3o do distrito de Viana do Castelo diminuiu 5,5% na \u00faltima d\u00e9cada\",\"isPartOf\":{\"@id\":\"https:\\\/\\\/www.altominho.tv\\\/site\\\/#website\"},\"primaryImageOfPage\":{\"@id\":\"https:\\\/\\\/www.altominho.tv\\\/site\\\/2021\\\/07\\\/28\\\/populacao-do-distrito-de-viana-do-castelo-diminuiu-55-na-ultima-decada\\\/#primaryimage\"},\"image\":{\"@id\":\"https:\\\/\\\/www.altominho.tv\\\/site\\\/2021\\\/07\\\/28\\\/populacao-do-distrito-de-viana-do-castelo-diminuiu-55-na-ultima-decada\\\/#primaryimage\"},\"thumbnailUrl\":\"https:\\\/\\\/www.altominho.tv\\\/site\\\/wp-content\\\/uploads\\\/2018\\\/09\\\/Viana-740x390.jpg\",\"datePublished\":\"2021-07-28T13:51:47+00:00\",\"dateModified\":\"2021-07-28T13:51:51+00:00\",\"author\":{\"@id\":\"https:\\\/\\\/www.altominho.tv\\\/site\\\/#\\\/schema\\\/person\\\/a0bff6dc1041aadd46fa81887444b017\"},\"breadcrumb\":{\"@id\":\"https:\\\/\\\/www.altominho.tv\\\/site\\\/2021\\\/07\\\/28\\\/populacao-do-distrito-de-viana-do-castelo-diminuiu-55-na-ultima-decada\\\/#breadcrumb\"},\"inLanguage\":\"pt-PT\",\"potentialAction\":[{\"@type\":\"ReadAction\",\"target\":[\"https:\\\/\\\/www.altominho.tv\\\/site\\\/2021\\\/07\\\/28\\\/populacao-do-distrito-de-viana-do-castelo-diminuiu-55-na-ultima-decada\\\/\"]}]},{\"@type\":\"ImageObject\",\"inLanguage\":\"pt-PT\",\"@id\":\"https:\\\/\\\/www.altominho.tv\\\/site\\\/2021\\\/07\\\/28\\\/populacao-do-distrito-de-viana-do-castelo-diminuiu-55-na-ultima-decada\\\/#primaryimage\",\"url\":\"https:\\\/\\\/www.altominho.tv\\\/site\\\/wp-content\\\/uploads\\\/2018\\\/09\\\/Viana-740x390.jpg\",\"contentUrl\":\"https:\\\/\\\/www.altominho.tv\\\/site\\\/wp-content\\\/uploads\\\/2018\\\/09\\\/Viana-740x390.jpg\",\"width\":740,\"height\":390},{\"@type\":\"BreadcrumbList\",\"@id\":\"https:\\\/\\\/www.altominho.tv\\\/site\\\/2021\\\/07\\\/28\\\/populacao-do-distrito-de-viana-do-castelo-diminuiu-55-na-ultima-decada\\\/#breadcrumb\",\"itemListElement\":[{\"@type\":\"ListItem\",\"position\":1,\"name\":\"In\u00edcio\",\"item\":\"https:\\\/\\\/www.altominho.tv\\\/site\\\/\"},{\"@type\":\"ListItem\",\"position\":2,\"name\":\"Popula\u00e7\u00e3o do distrito de Viana do Castelo diminuiu 5,5% na \u00faltima d\u00e9cada\"}]},{\"@type\":\"WebSite\",\"@id\":\"https:\\\/\\\/www.altominho.tv\\\/site\\\/#website\",\"url\":\"https:\\\/\\\/www.altominho.tv\\\/site\\\/\",\"name\":\"Altominho.tv\",\"description\":\"A sua regi\u00e3o \u00e0 dist\u00e2ncia de um clique...\",\"potentialAction\":[{\"@type\":\"SearchAction\",\"target\":{\"@type\":\"EntryPoint\",\"urlTemplate\":\"https:\\\/\\\/www.altominho.tv\\\/site\\\/?s={search_term_string}\"},\"query-input\":{\"@type\":\"PropertyValueSpecification\",\"valueRequired\":true,\"valueName\":\"search_term_string\"}}],\"inLanguage\":\"pt-PT\"},{\"@type\":\"Person\",\"@id\":\"https:\\\/\\\/www.altominho.tv\\\/site\\\/#\\\/schema\\\/person\\\/a0bff6dc1041aadd46fa81887444b017\",\"name\":\"Andreia Ferreira | Lusa\",\"image\":{\"@type\":\"ImageObject\",\"inLanguage\":\"pt-PT\",\"@id\":\"https:\\\/\\\/www.altominho.tv\\\/site\\\/wp-content\\\/uploads\\\/2018\\\/04\\\/Andreia-150x150.jpg\",\"url\":\"https:\\\/\\\/www.altominho.tv\\\/site\\\/wp-content\\\/uploads\\\/2018\\\/04\\\/Andreia-150x150.jpg\",\"contentUrl\":\"https:\\\/\\\/www.altominho.tv\\\/site\\\/wp-content\\\/uploads\\\/2018\\\/04\\\/Andreia-150x150.jpg\",\"caption\":\"Andreia Ferreira | Lusa\"},\"sameAs\":[\"https:\\\/\\\/www.altominho.tv\\\/site\"],\"url\":\"https:\\\/\\\/www.altominho.tv\\\/site\\\/author\\\/andreiaferreiralusa\\\/\"}]}<\/script>\n<!-- \/ Yoast SEO Premium plugin. -->","yoast_head_json":{"title":"Popula\u00e7\u00e3o do distrito de Viana do Castelo diminuiu 5,5% na \u00faltima d\u00e9cada","robots":{"index":"index","follow":"follow","max-snippet":"max-snippet:-1","max-image-preview":"max-image-preview:large","max-video-preview":"max-video-preview:-1"},"canonical":"https:\/\/www.altominho.tv\/site\/2021\/07\/28\/populacao-do-distrito-de-viana-do-castelo-diminuiu-55-na-ultima-decada\/","og_locale":"pt_PT","og_type":"article","og_title":"Popula\u00e7\u00e3o do distrito de Viana do Castelo diminuiu 5,5% na \u00faltima d\u00e9cada","og_description":"O distrito de Viana do Castelo perdeu na \u00faltima d\u00e9cada mais de 13 mil habitantes, uma quebra de 5,5%, registando uma popula\u00e7\u00e3o de 231.488 pessoas. Segundo dados preliminares dos Censos 2021 divulgados esta quarta-feira, entre 2011 e 2021 este distrito perdeu 13.348 pessoas, passando de uma popula\u00e7\u00e3o de 244.836 habitantes para 231.488. Todos os 10 [&hellip;]","og_url":"https:\/\/www.altominho.tv\/site\/2021\/07\/28\/populacao-do-distrito-de-viana-do-castelo-diminuiu-55-na-ultima-decada\/","og_site_name":"Altominho.tv","article_publisher":"https:\/\/www.facebook.com\/altominhotv","article_published_time":"2021-07-28T13:51:47+00:00","article_modified_time":"2021-07-28T13:51:51+00:00","og_image":[{"width":740,"height":390,"url":"https:\/\/www.altominho.tv\/site\/wp-content\/uploads\/2018\/09\/Viana-740x390.jpg","type":"image\/jpeg"}],"author":"Andreia Ferreira | Lusa","twitter_card":"summary_large_image","twitter_creator":"@altominhoTV","twitter_site":"@altominhoTV","twitter_misc":{"Escrito por":"Andreia Ferreira | Lusa","Tempo estimado de leitura":"2 minutos"},"schema":{"@context":"https:\/\/schema.org","@graph":[{"@type":"Article","@id":"https:\/\/www.altominho.tv\/site\/2021\/07\/28\/populacao-do-distrito-de-viana-do-castelo-diminuiu-55-na-ultima-decada\/#article","isPartOf":{"@id":"https:\/\/www.altominho.tv\/site\/2021\/07\/28\/populacao-do-distrito-de-viana-do-castelo-diminuiu-55-na-ultima-decada\/"},"author":{"name":"Andreia Ferreira | Lusa","@id":"https:\/\/www.altominho.tv\/site\/#\/schema\/person\/a0bff6dc1041aadd46fa81887444b017"},"headline":"Popula\u00e7\u00e3o do distrito de Viana do Castelo diminuiu 5,5% na \u00faltima d\u00e9cada","datePublished":"2021-07-28T13:51:47+00:00","dateModified":"2021-07-28T13:51:51+00:00","mainEntityOfPage":{"@id":"https:\/\/www.altominho.tv\/site\/2021\/07\/28\/populacao-do-distrito-de-viana-do-castelo-diminuiu-55-na-ultima-decada\/"},"wordCount":280,"image":{"@id":"https:\/\/www.altominho.tv\/site\/2021\/07\/28\/populacao-do-distrito-de-viana-do-castelo-diminuiu-55-na-ultima-decada\/#primaryimage"},"thumbnailUrl":"https:\/\/www.altominho.tv\/site\/wp-content\/uploads\/2018\/09\/Viana-740x390.jpg","keywords":["Sociedade"],"articleSection":["Alto Minho"],"inLanguage":"pt-PT","copyrightYear":"2021","copyrightHolder":{"@id":"https:\/\/www.altominho.tv\/site\/#organization"}},{"@type":"WebPage","@id":"https:\/\/www.altominho.tv\/site\/2021\/07\/28\/populacao-do-distrito-de-viana-do-castelo-diminuiu-55-na-ultima-decada\/","url":"https:\/\/www.altominho.tv\/site\/2021\/07\/28\/populacao-do-distrito-de-viana-do-castelo-diminuiu-55-na-ultima-decada\/","name":"Popula\u00e7\u00e3o do distrito de Viana do Castelo diminuiu 5,5% na \u00faltima d\u00e9cada","isPartOf":{"@id":"https:\/\/www.altominho.tv\/site\/#website"},"primaryImageOfPage":{"@id":"https:\/\/www.altominho.tv\/site\/2021\/07\/28\/populacao-do-distrito-de-viana-do-castelo-diminuiu-55-na-ultima-decada\/#primaryimage"},"image":{"@id":"https:\/\/www.altominho.tv\/site\/2021\/07\/28\/populacao-do-distrito-de-viana-do-castelo-diminuiu-55-na-ultima-decada\/#primaryimage"},"thumbnailUrl":"https:\/\/www.altominho.tv\/site\/wp-content\/uploads\/2018\/09\/Viana-740x390.jpg","datePublished":"2021-07-28T13:51:47+00:00","dateModified":"2021-07-28T13:51:51+00:00","author":{"@id":"https:\/\/www.altominho.tv\/site\/#\/schema\/person\/a0bff6dc1041aadd46fa81887444b017"},"breadcrumb":{"@id":"https:\/\/www.altominho.tv\/site\/2021\/07\/28\/populacao-do-distrito-de-viana-do-castelo-diminuiu-55-na-ultima-decada\/#breadcrumb"},"inLanguage":"pt-PT","potentialAction":[{"@type":"ReadAction","target":["https:\/\/www.altominho.tv\/site\/2021\/07\/28\/populacao-do-distrito-de-viana-do-castelo-diminuiu-55-na-ultima-decada\/"]}]},{"@type":"ImageObject","inLanguage":"pt-PT","@id":"https:\/\/www.altominho.tv\/site\/2021\/07\/28\/populacao-do-distrito-de-viana-do-castelo-diminuiu-55-na-ultima-decada\/#primaryimage","url":"https:\/\/www.altominho.tv\/site\/wp-content\/uploads\/2018\/09\/Viana-740x390.jpg","contentUrl":"https:\/\/www.altominho.tv\/site\/wp-content\/uploads\/2018\/09\/Viana-740x390.jpg","width":740,"height":390},{"@type":"BreadcrumbList","@id":"https:\/\/www.altominho.tv\/site\/2021\/07\/28\/populacao-do-distrito-de-viana-do-castelo-diminuiu-55-na-ultima-decada\/#breadcrumb","itemListElement":[{"@type":"ListItem","position":1,"name":"In\u00edcio","item":"https:\/\/www.altominho.tv\/site\/"},{"@type":"ListItem","position":2,"name":"Popula\u00e7\u00e3o do distrito de Viana do Castelo diminuiu 5,5% na \u00faltima d\u00e9cada"}]},{"@type":"WebSite","@id":"https:\/\/www.altominho.tv\/site\/#website","url":"https:\/\/www.altominho.tv\/site\/","name":"Altominho.tv","description":"A sua regi\u00e3o \u00e0 dist\u00e2ncia de um clique...","potentialAction":[{"@type":"SearchAction","target":{"@type":"EntryPoint","urlTemplate":"https:\/\/www.altominho.tv\/site\/?s={search_term_string}"},"query-input":{"@type":"PropertyValueSpecification","valueRequired":true,"valueName":"search_term_string"}}],"inLanguage":"pt-PT"},{"@type":"Person","@id":"https:\/\/www.altominho.tv\/site\/#\/schema\/person\/a0bff6dc1041aadd46fa81887444b017","name":"Andreia Ferreira | Lusa","image":{"@type":"ImageObject","inLanguage":"pt-PT","@id":"https:\/\/www.altominho.tv\/site\/wp-content\/uploads\/2018\/04\/Andreia-150x150.jpg","url":"https:\/\/www.altominho.tv\/site\/wp-content\/uploads\/2018\/04\/Andreia-150x150.jpg","contentUrl":"https:\/\/www.altominho.tv\/site\/wp-content\/uploads\/2018\/04\/Andreia-150x150.jpg","caption":"Andreia Ferreira | Lusa"},"sameAs":["https:\/\/www.altominho.tv\/site"],"url":"https:\/\/www.altominho.tv\/site\/author\/andreiaferreiralusa\/"}]}},"_links":{"self":[{"href":"https:\/\/www.altominho.tv\/site\/wp-json\/wp\/v2\/posts\/68776","targetHints":{"allow":["GET"]}}],"collection":[{"href":"https:\/\/www.altominho.tv\/site\/wp-json\/wp\/v2\/posts"}],"about":[{"href":"https:\/\/www.altominho.tv\/site\/wp-json\/wp\/v2\/types\/post"}],"author":[{"embeddable":true,"href":"https:\/\/www.altominho.tv\/site\/wp-json\/wp\/v2\/users\/15"}],"replies":[{"embeddable":true,"href":"https:\/\/www.altominho.tv\/site\/wp-json\/wp\/v2\/comments?post=68776"}],"version-history":[{"count":0,"href":"https:\/\/www.altominho.tv\/site\/wp-json\/wp\/v2\/posts\/68776\/revisions"}],"wp:featuredmedia":[{"embeddable":true,"href":"https:\/\/www.altominho.tv\/site\/wp-json\/wp\/v2\/media\/18961"}],"wp:attachment":[{"href":"https:\/\/www.altominho.tv\/site\/wp-json\/wp\/v2\/media?parent=68776"}],"wp:term":[{"taxonomy":"category","embeddable":true,"href":"https:\/\/www.altominho.tv\/site\/wp-json\/wp\/v2\/categories?post=68776"},{"taxonomy":"post_tag","embeddable":true,"href":"https:\/\/www.altominho.tv\/site\/wp-json\/wp\/v2\/tags?post=68776"}],"curies":[{"name":"wp","href":"https:\/\/api.w.org\/{rel}","templated":true}]}}