{"id":68738,"date":"2021-07-27T09:10:14","date_gmt":"2021-07-27T08:10:14","guid":{"rendered":"https:\/\/www.altominho.tv\/site\/?p=68738"},"modified":"2021-07-27T09:10:19","modified_gmt":"2021-07-27T08:10:19","slug":"caminha-assinou-memorando-para-promocao-do-caminho-portugues-da-costa-para-santiago","status":"publish","type":"post","link":"https:\/\/www.altominho.tv\/site\/2021\/07\/27\/caminha-assinou-memorando-para-promocao-do-caminho-portugues-da-costa-para-santiago\/","title":{"rendered":"Caminha assinou memorando para promo\u00e7\u00e3o do Caminho Portugu\u00eas da Costa para Santiago"},"content":{"rendered":"\n<p>O Presidente da C\u00e2mara de Caminha, Miguel Alves, participou domingo, na Maia, numa cerim\u00f3nia onde foi formalizado o \u201cMemorando de Entendimento para a Promo\u00e7\u00e3o, Dinamiza\u00e7\u00e3o e Gest\u00e3o do Caminho Portugu\u00eas da Costa para Santiago\u201d, documento assinado por 10 munic\u00edpios e que visa a certifica\u00e7\u00e3o do Caminho.<\/p>\n\n\n\n<p>A sess\u00e3o, que aconteceu no Dia de Santiago, decorreu no Mosteiro do Divino Salvador de Moreira, foi o culminar de um \u201cintenso trabalho, que envolveu v\u00e1rias entidades e que permitiu organizar o dossi\u00ea de candidatura que j\u00e1 foi entregue na Dire\u00e7\u00e3o Geral do Patrim\u00f3nio Cultural\u201d.<\/p>\n\n\n\n<p>O Memorando foi assinado pelos munic\u00edpios de Caminha, Porto, Maia, Matosinhos, Vila do Conde, P\u00f3voa de Varzim, Esposende, Viana do Castelo, Vila Nova de Cerveira e Valen\u00e7a e pela Entidade Regional do Turismo do Porto e Norte de Portugal (TPNP).<\/p>\n\n\n\n<p>A ocasi\u00e3o incluiu um concerto pela Orquestra MSS Consorte, com m\u00fasica erudita do per\u00edodo barroco e cl\u00e1ssico.<\/p>\n\n\n\n<p>Caminha dedicou a \u00faltima semana ao ano Xacobeo e \u00e0 promo\u00e7\u00e3o dos Caminhos de Santiago, nomeadamente ao Caminho Portugu\u00eas da Costa, com a realiza\u00e7\u00e3o dos concertos \u201cCaminho Rumo ao Eclipse \u2013 No Caminho de Santiago com Tiago Bettencourt\u201d.<\/p>\n","protected":false},"excerpt":{"rendered":"<p>O Presidente da C\u00e2mara de Caminha, Miguel Alves, participou domingo, na Maia, numa cerim\u00f3nia onde foi formalizado o \u201cMemorando de Entendimento para a Promo\u00e7\u00e3o, Dinamiza\u00e7\u00e3o e Gest\u00e3o do Caminho Portugu\u00eas da Costa para Santiago\u201d, documento assinado por 10 munic\u00edpios e que visa a certifica\u00e7\u00e3o do Caminho. A sess\u00e3o, que aconteceu no Dia de Santiago, decorreu [&hellip;]<\/p>\n","protected":false},"author":7,"featured_media":68739,"comment_status":"closed","ping_status":"closed","sticky":false,"template":"","format":"standard","meta":{"_exactmetrics_skip_tracking":false,"_exactmetrics_sitenote_active":false,"_exactmetrics_sitenote_note":"","_exactmetrics_sitenote_category":0,"footnotes":""},"categories":[7],"tags":[19],"class_list":["post-68738","post","type-post","status-publish","format-standard","has-post-thumbnail","hentry","category-caminha","tag-cultura"],"yoast_head":"<!-- This site is optimized with the Yoast SEO Premium plugin v27.5 (Yoast SEO v27.5) - https:\/\/yoast.com\/product\/yoast-seo-premium-wordpress\/ -->\n<title>Caminha assinou memorando para promo\u00e7\u00e3o do Caminho Portugu\u00eas da Costa para Santiago<\/title>\n<meta name=\"robots\" content=\"index, follow, max-snippet:-1, max-image-preview:large, max-video-preview:-1\" \/>\n<link rel=\"canonical\" href=\"https:\/\/www.altominho.tv\/site\/2021\/07\/27\/caminha-assinou-memorando-para-promocao-do-caminho-portugues-da-costa-para-santiago\/\" \/>\n<meta property=\"og:locale\" content=\"pt_PT\" \/>\n<meta property=\"og:type\" content=\"article\" \/>\n<meta property=\"og:title\" content=\"Caminha assinou memorando para promo\u00e7\u00e3o do Caminho Portugu\u00eas da Costa para Santiago\" \/>\n<meta property=\"og:description\" content=\"O Presidente da C\u00e2mara de Caminha, Miguel Alves, participou domingo, na Maia, numa cerim\u00f3nia onde foi formalizado o \u201cMemorando de Entendimento para a Promo\u00e7\u00e3o, Dinamiza\u00e7\u00e3o e Gest\u00e3o do Caminho Portugu\u00eas da Costa para Santiago\u201d, documento assinado por 10 munic\u00edpios e que visa a certifica\u00e7\u00e3o do Caminho. A sess\u00e3o, que aconteceu no Dia de Santiago, decorreu [&hellip;]\" \/>\n<meta property=\"og:url\" content=\"https:\/\/www.altominho.tv\/site\/2021\/07\/27\/caminha-assinou-memorando-para-promocao-do-caminho-portugues-da-costa-para-santiago\/\" \/>\n<meta property=\"og:site_name\" content=\"Altominho.tv\" \/>\n<meta property=\"article:publisher\" content=\"https:\/\/www.facebook.com\/altominhotv\" \/>\n<meta property=\"article:published_time\" content=\"2021-07-27T08:10:14+00:00\" \/>\n<meta property=\"article:modified_time\" content=\"2021-07-27T08:10:19+00:00\" \/>\n<meta property=\"og:image\" content=\"https:\/\/www.altominho.tv\/site\/wp-content\/uploads\/2021\/07\/foto-1-1.jpg\" \/>\n\t<meta property=\"og:image:width\" content=\"1024\" \/>\n\t<meta property=\"og:image:height\" content=\"683\" \/>\n\t<meta property=\"og:image:type\" content=\"image\/jpeg\" \/>\n<meta name=\"author\" content=\"Andreia Cunha\" \/>\n<meta name=\"twitter:card\" content=\"summary_large_image\" \/>\n<meta name=\"twitter:creator\" content=\"@altominhoTV\" \/>\n<meta name=\"twitter:site\" content=\"@altominhoTV\" \/>\n<meta name=\"twitter:label1\" content=\"Escrito por\" \/>\n\t<meta name=\"twitter:data1\" content=\"Andreia Cunha\" \/>\n\t<meta name=\"twitter:label2\" content=\"Tempo estimado de leitura\" \/>\n\t<meta name=\"twitter:data2\" content=\"1 minuto\" \/>\n<script type=\"application\/ld+json\" class=\"yoast-schema-graph\">{\"@context\":\"https:\\\/\\\/schema.org\",\"@graph\":[{\"@type\":\"Article\",\"@id\":\"https:\\\/\\\/www.altominho.tv\\\/site\\\/2021\\\/07\\\/27\\\/caminha-assinou-memorando-para-promocao-do-caminho-portugues-da-costa-para-santiago\\\/#article\",\"isPartOf\":{\"@id\":\"https:\\\/\\\/www.altominho.tv\\\/site\\\/2021\\\/07\\\/27\\\/caminha-assinou-memorando-para-promocao-do-caminho-portugues-da-costa-para-santiago\\\/\"},\"author\":{\"name\":\"Andreia Cunha\",\"@id\":\"https:\\\/\\\/www.altominho.tv\\\/site\\\/#\\\/schema\\\/person\\\/a0e4ef6d041f98ca284393d8f1d97153\"},\"headline\":\"Caminha assinou memorando para promo\u00e7\u00e3o do Caminho Portugu\u00eas da Costa para Santiago\",\"datePublished\":\"2021-07-27T08:10:14+00:00\",\"dateModified\":\"2021-07-27T08:10:19+00:00\",\"mainEntityOfPage\":{\"@id\":\"https:\\\/\\\/www.altominho.tv\\\/site\\\/2021\\\/07\\\/27\\\/caminha-assinou-memorando-para-promocao-do-caminho-portugues-da-costa-para-santiago\\\/\"},\"wordCount\":219,\"image\":{\"@id\":\"https:\\\/\\\/www.altominho.tv\\\/site\\\/2021\\\/07\\\/27\\\/caminha-assinou-memorando-para-promocao-do-caminho-portugues-da-costa-para-santiago\\\/#primaryimage\"},\"thumbnailUrl\":\"https:\\\/\\\/www.altominho.tv\\\/site\\\/wp-content\\\/uploads\\\/2021\\\/07\\\/foto-1-1.jpg\",\"keywords\":[\"Cultura\"],\"articleSection\":[\"Caminha\"],\"inLanguage\":\"pt-PT\",\"copyrightYear\":\"2021\",\"copyrightHolder\":{\"@id\":\"https:\\\/\\\/www.altominho.tv\\\/site\\\/#organization\"}},{\"@type\":\"WebPage\",\"@id\":\"https:\\\/\\\/www.altominho.tv\\\/site\\\/2021\\\/07\\\/27\\\/caminha-assinou-memorando-para-promocao-do-caminho-portugues-da-costa-para-santiago\\\/\",\"url\":\"https:\\\/\\\/www.altominho.tv\\\/site\\\/2021\\\/07\\\/27\\\/caminha-assinou-memorando-para-promocao-do-caminho-portugues-da-costa-para-santiago\\\/\",\"name\":\"Caminha assinou memorando para promo\u00e7\u00e3o do Caminho Portugu\u00eas da Costa para Santiago\",\"isPartOf\":{\"@id\":\"https:\\\/\\\/www.altominho.tv\\\/site\\\/#website\"},\"primaryImageOfPage\":{\"@id\":\"https:\\\/\\\/www.altominho.tv\\\/site\\\/2021\\\/07\\\/27\\\/caminha-assinou-memorando-para-promocao-do-caminho-portugues-da-costa-para-santiago\\\/#primaryimage\"},\"image\":{\"@id\":\"https:\\\/\\\/www.altominho.tv\\\/site\\\/2021\\\/07\\\/27\\\/caminha-assinou-memorando-para-promocao-do-caminho-portugues-da-costa-para-santiago\\\/#primaryimage\"},\"thumbnailUrl\":\"https:\\\/\\\/www.altominho.tv\\\/site\\\/wp-content\\\/uploads\\\/2021\\\/07\\\/foto-1-1.jpg\",\"datePublished\":\"2021-07-27T08:10:14+00:00\",\"dateModified\":\"2021-07-27T08:10:19+00:00\",\"author\":{\"@id\":\"https:\\\/\\\/www.altominho.tv\\\/site\\\/#\\\/schema\\\/person\\\/a0e4ef6d041f98ca284393d8f1d97153\"},\"breadcrumb\":{\"@id\":\"https:\\\/\\\/www.altominho.tv\\\/site\\\/2021\\\/07\\\/27\\\/caminha-assinou-memorando-para-promocao-do-caminho-portugues-da-costa-para-santiago\\\/#breadcrumb\"},\"inLanguage\":\"pt-PT\",\"potentialAction\":[{\"@type\":\"ReadAction\",\"target\":[\"https:\\\/\\\/www.altominho.tv\\\/site\\\/2021\\\/07\\\/27\\\/caminha-assinou-memorando-para-promocao-do-caminho-portugues-da-costa-para-santiago\\\/\"]}]},{\"@type\":\"ImageObject\",\"inLanguage\":\"pt-PT\",\"@id\":\"https:\\\/\\\/www.altominho.tv\\\/site\\\/2021\\\/07\\\/27\\\/caminha-assinou-memorando-para-promocao-do-caminho-portugues-da-costa-para-santiago\\\/#primaryimage\",\"url\":\"https:\\\/\\\/www.altominho.tv\\\/site\\\/wp-content\\\/uploads\\\/2021\\\/07\\\/foto-1-1.jpg\",\"contentUrl\":\"https:\\\/\\\/www.altominho.tv\\\/site\\\/wp-content\\\/uploads\\\/2021\\\/07\\\/foto-1-1.jpg\",\"width\":1024,\"height\":683},{\"@type\":\"BreadcrumbList\",\"@id\":\"https:\\\/\\\/www.altominho.tv\\\/site\\\/2021\\\/07\\\/27\\\/caminha-assinou-memorando-para-promocao-do-caminho-portugues-da-costa-para-santiago\\\/#breadcrumb\",\"itemListElement\":[{\"@type\":\"ListItem\",\"position\":1,\"name\":\"In\u00edcio\",\"item\":\"https:\\\/\\\/www.altominho.tv\\\/site\\\/\"},{\"@type\":\"ListItem\",\"position\":2,\"name\":\"Caminha assinou memorando para promo\u00e7\u00e3o do Caminho Portugu\u00eas da Costa para Santiago\"}]},{\"@type\":\"WebSite\",\"@id\":\"https:\\\/\\\/www.altominho.tv\\\/site\\\/#website\",\"url\":\"https:\\\/\\\/www.altominho.tv\\\/site\\\/\",\"name\":\"Altominho.tv\",\"description\":\"A sua regi\u00e3o \u00e0 dist\u00e2ncia de um clique...\",\"potentialAction\":[{\"@type\":\"SearchAction\",\"target\":{\"@type\":\"EntryPoint\",\"urlTemplate\":\"https:\\\/\\\/www.altominho.tv\\\/site\\\/?s={search_term_string}\"},\"query-input\":{\"@type\":\"PropertyValueSpecification\",\"valueRequired\":true,\"valueName\":\"search_term_string\"}}],\"inLanguage\":\"pt-PT\"},{\"@type\":\"Person\",\"@id\":\"https:\\\/\\\/www.altominho.tv\\\/site\\\/#\\\/schema\\\/person\\\/a0e4ef6d041f98ca284393d8f1d97153\",\"name\":\"Andreia Cunha\",\"image\":{\"@type\":\"ImageObject\",\"inLanguage\":\"pt-PT\",\"@id\":\"https:\\\/\\\/www.altominho.tv\\\/site\\\/wp-content\\\/uploads\\\/2017\\\/11\\\/Andreia_Cunha-1-150x150.jpg\",\"url\":\"https:\\\/\\\/www.altominho.tv\\\/site\\\/wp-content\\\/uploads\\\/2017\\\/11\\\/Andreia_Cunha-1-150x150.jpg\",\"contentUrl\":\"https:\\\/\\\/www.altominho.tv\\\/site\\\/wp-content\\\/uploads\\\/2017\\\/11\\\/Andreia_Cunha-1-150x150.jpg\",\"caption\":\"Andreia Cunha\"},\"url\":\"https:\\\/\\\/www.altominho.tv\\\/site\\\/author\\\/andreiacunha\\\/\"}]}<\/script>\n<!-- \/ Yoast SEO Premium plugin. -->","yoast_head_json":{"title":"Caminha assinou memorando para promo\u00e7\u00e3o do Caminho Portugu\u00eas da Costa para Santiago","robots":{"index":"index","follow":"follow","max-snippet":"max-snippet:-1","max-image-preview":"max-image-preview:large","max-video-preview":"max-video-preview:-1"},"canonical":"https:\/\/www.altominho.tv\/site\/2021\/07\/27\/caminha-assinou-memorando-para-promocao-do-caminho-portugues-da-costa-para-santiago\/","og_locale":"pt_PT","og_type":"article","og_title":"Caminha assinou memorando para promo\u00e7\u00e3o do Caminho Portugu\u00eas da Costa para Santiago","og_description":"O Presidente da C\u00e2mara de Caminha, Miguel Alves, participou domingo, na Maia, numa cerim\u00f3nia onde foi formalizado o \u201cMemorando de Entendimento para a Promo\u00e7\u00e3o, Dinamiza\u00e7\u00e3o e Gest\u00e3o do Caminho Portugu\u00eas da Costa para Santiago\u201d, documento assinado por 10 munic\u00edpios e que visa a certifica\u00e7\u00e3o do Caminho. A sess\u00e3o, que aconteceu no Dia de Santiago, decorreu [&hellip;]","og_url":"https:\/\/www.altominho.tv\/site\/2021\/07\/27\/caminha-assinou-memorando-para-promocao-do-caminho-portugues-da-costa-para-santiago\/","og_site_name":"Altominho.tv","article_publisher":"https:\/\/www.facebook.com\/altominhotv","article_published_time":"2021-07-27T08:10:14+00:00","article_modified_time":"2021-07-27T08:10:19+00:00","og_image":[{"width":1024,"height":683,"url":"https:\/\/www.altominho.tv\/site\/wp-content\/uploads\/2021\/07\/foto-1-1.jpg","type":"image\/jpeg"}],"author":"Andreia Cunha","twitter_card":"summary_large_image","twitter_creator":"@altominhoTV","twitter_site":"@altominhoTV","twitter_misc":{"Escrito por":"Andreia Cunha","Tempo estimado de leitura":"1 minuto"},"schema":{"@context":"https:\/\/schema.org","@graph":[{"@type":"Article","@id":"https:\/\/www.altominho.tv\/site\/2021\/07\/27\/caminha-assinou-memorando-para-promocao-do-caminho-portugues-da-costa-para-santiago\/#article","isPartOf":{"@id":"https:\/\/www.altominho.tv\/site\/2021\/07\/27\/caminha-assinou-memorando-para-promocao-do-caminho-portugues-da-costa-para-santiago\/"},"author":{"name":"Andreia Cunha","@id":"https:\/\/www.altominho.tv\/site\/#\/schema\/person\/a0e4ef6d041f98ca284393d8f1d97153"},"headline":"Caminha assinou memorando para promo\u00e7\u00e3o do Caminho Portugu\u00eas da Costa para Santiago","datePublished":"2021-07-27T08:10:14+00:00","dateModified":"2021-07-27T08:10:19+00:00","mainEntityOfPage":{"@id":"https:\/\/www.altominho.tv\/site\/2021\/07\/27\/caminha-assinou-memorando-para-promocao-do-caminho-portugues-da-costa-para-santiago\/"},"wordCount":219,"image":{"@id":"https:\/\/www.altominho.tv\/site\/2021\/07\/27\/caminha-assinou-memorando-para-promocao-do-caminho-portugues-da-costa-para-santiago\/#primaryimage"},"thumbnailUrl":"https:\/\/www.altominho.tv\/site\/wp-content\/uploads\/2021\/07\/foto-1-1.jpg","keywords":["Cultura"],"articleSection":["Caminha"],"inLanguage":"pt-PT","copyrightYear":"2021","copyrightHolder":{"@id":"https:\/\/www.altominho.tv\/site\/#organization"}},{"@type":"WebPage","@id":"https:\/\/www.altominho.tv\/site\/2021\/07\/27\/caminha-assinou-memorando-para-promocao-do-caminho-portugues-da-costa-para-santiago\/","url":"https:\/\/www.altominho.tv\/site\/2021\/07\/27\/caminha-assinou-memorando-para-promocao-do-caminho-portugues-da-costa-para-santiago\/","name":"Caminha assinou memorando para promo\u00e7\u00e3o do Caminho Portugu\u00eas da Costa para Santiago","isPartOf":{"@id":"https:\/\/www.altominho.tv\/site\/#website"},"primaryImageOfPage":{"@id":"https:\/\/www.altominho.tv\/site\/2021\/07\/27\/caminha-assinou-memorando-para-promocao-do-caminho-portugues-da-costa-para-santiago\/#primaryimage"},"image":{"@id":"https:\/\/www.altominho.tv\/site\/2021\/07\/27\/caminha-assinou-memorando-para-promocao-do-caminho-portugues-da-costa-para-santiago\/#primaryimage"},"thumbnailUrl":"https:\/\/www.altominho.tv\/site\/wp-content\/uploads\/2021\/07\/foto-1-1.jpg","datePublished":"2021-07-27T08:10:14+00:00","dateModified":"2021-07-27T08:10:19+00:00","author":{"@id":"https:\/\/www.altominho.tv\/site\/#\/schema\/person\/a0e4ef6d041f98ca284393d8f1d97153"},"breadcrumb":{"@id":"https:\/\/www.altominho.tv\/site\/2021\/07\/27\/caminha-assinou-memorando-para-promocao-do-caminho-portugues-da-costa-para-santiago\/#breadcrumb"},"inLanguage":"pt-PT","potentialAction":[{"@type":"ReadAction","target":["https:\/\/www.altominho.tv\/site\/2021\/07\/27\/caminha-assinou-memorando-para-promocao-do-caminho-portugues-da-costa-para-santiago\/"]}]},{"@type":"ImageObject","inLanguage":"pt-PT","@id":"https:\/\/www.altominho.tv\/site\/2021\/07\/27\/caminha-assinou-memorando-para-promocao-do-caminho-portugues-da-costa-para-santiago\/#primaryimage","url":"https:\/\/www.altominho.tv\/site\/wp-content\/uploads\/2021\/07\/foto-1-1.jpg","contentUrl":"https:\/\/www.altominho.tv\/site\/wp-content\/uploads\/2021\/07\/foto-1-1.jpg","width":1024,"height":683},{"@type":"BreadcrumbList","@id":"https:\/\/www.altominho.tv\/site\/2021\/07\/27\/caminha-assinou-memorando-para-promocao-do-caminho-portugues-da-costa-para-santiago\/#breadcrumb","itemListElement":[{"@type":"ListItem","position":1,"name":"In\u00edcio","item":"https:\/\/www.altominho.tv\/site\/"},{"@type":"ListItem","position":2,"name":"Caminha assinou memorando para promo\u00e7\u00e3o do Caminho Portugu\u00eas da Costa para Santiago"}]},{"@type":"WebSite","@id":"https:\/\/www.altominho.tv\/site\/#website","url":"https:\/\/www.altominho.tv\/site\/","name":"Altominho.tv","description":"A sua regi\u00e3o \u00e0 dist\u00e2ncia de um clique...","potentialAction":[{"@type":"SearchAction","target":{"@type":"EntryPoint","urlTemplate":"https:\/\/www.altominho.tv\/site\/?s={search_term_string}"},"query-input":{"@type":"PropertyValueSpecification","valueRequired":true,"valueName":"search_term_string"}}],"inLanguage":"pt-PT"},{"@type":"Person","@id":"https:\/\/www.altominho.tv\/site\/#\/schema\/person\/a0e4ef6d041f98ca284393d8f1d97153","name":"Andreia Cunha","image":{"@type":"ImageObject","inLanguage":"pt-PT","@id":"https:\/\/www.altominho.tv\/site\/wp-content\/uploads\/2017\/11\/Andreia_Cunha-1-150x150.jpg","url":"https:\/\/www.altominho.tv\/site\/wp-content\/uploads\/2017\/11\/Andreia_Cunha-1-150x150.jpg","contentUrl":"https:\/\/www.altominho.tv\/site\/wp-content\/uploads\/2017\/11\/Andreia_Cunha-1-150x150.jpg","caption":"Andreia Cunha"},"url":"https:\/\/www.altominho.tv\/site\/author\/andreiacunha\/"}]}},"_links":{"self":[{"href":"https:\/\/www.altominho.tv\/site\/wp-json\/wp\/v2\/posts\/68738","targetHints":{"allow":["GET"]}}],"collection":[{"href":"https:\/\/www.altominho.tv\/site\/wp-json\/wp\/v2\/posts"}],"about":[{"href":"https:\/\/www.altominho.tv\/site\/wp-json\/wp\/v2\/types\/post"}],"author":[{"embeddable":true,"href":"https:\/\/www.altominho.tv\/site\/wp-json\/wp\/v2\/users\/7"}],"replies":[{"embeddable":true,"href":"https:\/\/www.altominho.tv\/site\/wp-json\/wp\/v2\/comments?post=68738"}],"version-history":[{"count":0,"href":"https:\/\/www.altominho.tv\/site\/wp-json\/wp\/v2\/posts\/68738\/revisions"}],"wp:featuredmedia":[{"embeddable":true,"href":"https:\/\/www.altominho.tv\/site\/wp-json\/wp\/v2\/media\/68739"}],"wp:attachment":[{"href":"https:\/\/www.altominho.tv\/site\/wp-json\/wp\/v2\/media?parent=68738"}],"wp:term":[{"taxonomy":"category","embeddable":true,"href":"https:\/\/www.altominho.tv\/site\/wp-json\/wp\/v2\/categories?post=68738"},{"taxonomy":"post_tag","embeddable":true,"href":"https:\/\/www.altominho.tv\/site\/wp-json\/wp\/v2\/tags?post=68738"}],"curies":[{"name":"wp","href":"https:\/\/api.w.org\/{rel}","templated":true}]}}