{"id":68717,"date":"2021-07-26T15:31:38","date_gmt":"2021-07-26T14:31:38","guid":{"rendered":"https:\/\/www.altominho.tv\/site\/?p=68717"},"modified":"2021-07-26T15:31:42","modified_gmt":"2021-07-26T14:31:42","slug":"dragagens-no-portinho-de-vila-praia-de-ancora-asseguradas-ate-2023","status":"publish","type":"post","link":"https:\/\/www.altominho.tv\/site\/2021\/07\/26\/dragagens-no-portinho-de-vila-praia-de-ancora-asseguradas-ate-2023\/","title":{"rendered":"Dragagens no portinho de Vila Praia de \u00c2ncora asseguradas at\u00e9 2023"},"content":{"rendered":"<p>O Governo vai assegurar, at\u00e9 2023, as dragagens anuais no portinho de Vila Praia de \u00c2ncora, em Caminha.<\/p>\n<p>Depois de ter assumido o compromisso de que seriam realizadas dragagens regulares neste porto de mar, at\u00e9 ser encontrada uma solu\u00e7\u00e3o estrutural que ser\u00e1 objeto de estudo t\u00e9cnico aprofundado, o ministro do Mar, Ricardo Serr\u00e3o Santos, regressou a Vila Praia de \u00c2ncora para garantir dragagens de um total de 80 mil metros c\u00fabicos de areia.<\/p>\n<p>Um investimento total de 4,3 milh\u00f5es de euros, que contempla ainda dragagens nos portos de Esposende, P\u00f3voa de Varzim e Vila do Conde, consta de um contrato celebrado esta segunda-feira, no Cineteatro dos Bombeiros Volunt\u00e1rios de Vila Praia de \u00c2ncora, entre a Dire\u00e7\u00e3o-Geral de Recursos Naturais, Seguran\u00e7a e Servi\u00e7os Mar\u00edtimos (DGRM) e a empresa Rohde Nielsen.<\/p>\n<p>Para o ministro do Mar, hoje foi \u201cum dia feliz\u201d por ter sido selado o \u201cprimeiro plano plurianual\u201d de dragagens, com \u201ca maior autoriza\u00e7\u00e3o de sempre dada por um Governo\u201d para aquele fim.<\/p>\n<p>No portinho de Vila Praia de \u00c2ncora j\u00e1 est\u00e1 a decorrer uma dragagem de 111 mil metros c\u00fabicos, num investimento de 1,6 milh\u00f5es de euros. A areia retirada est\u00e1 a ser utilizada no enchimento de geocilindros para consolida\u00e7\u00e3o da Duna dos Caldeir\u00f5es.<\/p>\n<p>&#8220;Dada a obra em curso, o Contrato Plurianual de Dragagens dos Portos do Norte n\u00e3o prev\u00ea mais opera\u00e7\u00f5es para o ano em curso em Vila Praia de \u00c2ncora, mas assegura dragagens para 2022 e 2023, com quantidades de areia a retirar do Portinho de 25 mil m3 e 55 mil m3 respetivamente&#8221;, adianta a autarquia em comunicado enviado \u00e0 imprensa.<\/p>\n<p>O presidente da DGRM, Jos\u00e9 Carlos Sim\u00e3o, anunciou que h\u00e1 um procedimento em prepara\u00e7\u00e3o que envolve o estudo da reconfigura\u00e7\u00e3o do porto de Vila Praia de \u00c2ncora, que ser\u00e1 financiado pelo PO Mar2020, com o objetivo de minimizar as condi\u00e7\u00f5es de assoreamento.<\/p>\n<p>\u201cUma terra que \u00e9 do mar gosta de receber esta brisa de novidades e de boas not\u00edcias\u201d, afirmou o presidente da C\u00e2mara, Miguel Alves, sublinhando a import\u00e2ncia do estudo que ser\u00e1 realizado atrav\u00e9s da Dire\u00e7\u00e3o-Geral de Recursos Naturais, Seguran\u00e7a e Recursos Mar\u00edtimos.<\/p>\n<p>O autarca reiterou tamb\u00e9m o desafio para que a gest\u00e3o da \u00e1rea portu\u00e1ria possa ser entregue ao munic\u00edpio. \u201cAcredito que o munic\u00edpio pode fazer melhor esta gest\u00e3o, mais depressa, de forma mais eficaz, com maior proximidade e outros instrumentos\u201d, disse.<\/p>\n<p>No encerramento da sess\u00e3o, o ministro do Mar destacou que o acordo celebrado vai permitir uma planifica\u00e7\u00e3o atempada das dragagens, para que estas opera\u00e7\u00f5es se possam realizar na altura certa, designadamente em termos de condi\u00e7\u00f5es atmosf\u00e9ricas. Por isso, defendeu que estas planifica\u00e7\u00f5es plurianuais devem continuar no futuro.<\/p>\n<p>Ricardo Serr\u00e3o Santos adiantou ainda que, atrav\u00e9s da Docapesca, ser\u00e3o investidos mais 4,35 milh\u00f5es de euros em portos, para melhorar condi\u00e7\u00f5es para a pesca, turismo e transporte de pessoas e bens.<\/p>\n","protected":false},"excerpt":{"rendered":"<p>O Governo vai assegurar, at\u00e9 2023, as dragagens anuais no portinho de Vila Praia de \u00c2ncora, em Caminha. Depois de ter assumido o compromisso de que seriam realizadas dragagens regulares neste porto de mar, at\u00e9 ser encontrada uma solu\u00e7\u00e3o estrutural que ser\u00e1 objeto de estudo t\u00e9cnico aprofundado, o ministro do Mar, Ricardo Serr\u00e3o Santos, regressou [&hellip;]<\/p>\n","protected":false},"author":15,"featured_media":68718,"comment_status":"closed","ping_status":"closed","sticky":false,"template":"","format":"standard","meta":{"_exactmetrics_skip_tracking":false,"_exactmetrics_sitenote_active":false,"_exactmetrics_sitenote_note":"","_exactmetrics_sitenote_category":0,"footnotes":""},"categories":[7],"tags":[27],"class_list":["post-68717","post","type-post","status-publish","format-standard","has-post-thumbnail","hentry","category-caminha","tag-sociedade"],"yoast_head":"<!-- This site is optimized with the Yoast SEO Premium plugin v27.5 (Yoast SEO v27.5) - https:\/\/yoast.com\/product\/yoast-seo-premium-wordpress\/ -->\n<title>Dragagens no portinho de Vila Praia de \u00c2ncora asseguradas at\u00e9 2023<\/title>\n<meta name=\"robots\" content=\"index, follow, max-snippet:-1, max-image-preview:large, max-video-preview:-1\" \/>\n<link rel=\"canonical\" href=\"https:\/\/www.altominho.tv\/site\/2021\/07\/26\/dragagens-no-portinho-de-vila-praia-de-ancora-asseguradas-ate-2023\/\" \/>\n<meta property=\"og:locale\" content=\"pt_PT\" \/>\n<meta property=\"og:type\" content=\"article\" \/>\n<meta property=\"og:title\" content=\"Dragagens no portinho de Vila Praia de \u00c2ncora asseguradas at\u00e9 2023\" \/>\n<meta property=\"og:description\" content=\"O Governo vai assegurar, at\u00e9 2023, as dragagens anuais no portinho de Vila Praia de \u00c2ncora, em Caminha. Depois de ter assumido o compromisso de que seriam realizadas dragagens regulares neste porto de mar, at\u00e9 ser encontrada uma solu\u00e7\u00e3o estrutural que ser\u00e1 objeto de estudo t\u00e9cnico aprofundado, o ministro do Mar, Ricardo Serr\u00e3o Santos, regressou [&hellip;]\" \/>\n<meta property=\"og:url\" content=\"https:\/\/www.altominho.tv\/site\/2021\/07\/26\/dragagens-no-portinho-de-vila-praia-de-ancora-asseguradas-ate-2023\/\" \/>\n<meta property=\"og:site_name\" content=\"Altominho.tv\" \/>\n<meta property=\"article:publisher\" content=\"https:\/\/www.facebook.com\/altominhotv\" \/>\n<meta property=\"article:published_time\" content=\"2021-07-26T14:31:38+00:00\" \/>\n<meta property=\"article:modified_time\" content=\"2021-07-26T14:31:42+00:00\" \/>\n<meta property=\"og:image\" content=\"https:\/\/www.altominho.tv\/site\/wp-content\/uploads\/2021\/07\/portinho_vpa_1_1024_2500.jpeg\" \/>\n\t<meta property=\"og:image:width\" content=\"1024\" \/>\n\t<meta property=\"og:image:height\" content=\"683\" \/>\n\t<meta property=\"og:image:type\" content=\"image\/jpeg\" \/>\n<meta name=\"author\" content=\"Andreia Ferreira | Lusa\" \/>\n<meta name=\"twitter:card\" content=\"summary_large_image\" \/>\n<meta name=\"twitter:creator\" content=\"@altominhoTV\" \/>\n<meta name=\"twitter:site\" content=\"@altominhoTV\" \/>\n<meta name=\"twitter:label1\" content=\"Escrito por\" \/>\n\t<meta name=\"twitter:data1\" content=\"Andreia Ferreira | Lusa\" \/>\n\t<meta name=\"twitter:label2\" content=\"Tempo estimado de leitura\" \/>\n\t<meta name=\"twitter:data2\" content=\"3 minutos\" \/>\n<script type=\"application\/ld+json\" class=\"yoast-schema-graph\">{\"@context\":\"https:\\\/\\\/schema.org\",\"@graph\":[{\"@type\":\"Article\",\"@id\":\"https:\\\/\\\/www.altominho.tv\\\/site\\\/2021\\\/07\\\/26\\\/dragagens-no-portinho-de-vila-praia-de-ancora-asseguradas-ate-2023\\\/#article\",\"isPartOf\":{\"@id\":\"https:\\\/\\\/www.altominho.tv\\\/site\\\/2021\\\/07\\\/26\\\/dragagens-no-portinho-de-vila-praia-de-ancora-asseguradas-ate-2023\\\/\"},\"author\":{\"name\":\"Andreia Ferreira | Lusa\",\"@id\":\"https:\\\/\\\/www.altominho.tv\\\/site\\\/#\\\/schema\\\/person\\\/a0bff6dc1041aadd46fa81887444b017\"},\"headline\":\"Dragagens no portinho de Vila Praia de \u00c2ncora asseguradas at\u00e9 2023\",\"datePublished\":\"2021-07-26T14:31:38+00:00\",\"dateModified\":\"2021-07-26T14:31:42+00:00\",\"mainEntityOfPage\":{\"@id\":\"https:\\\/\\\/www.altominho.tv\\\/site\\\/2021\\\/07\\\/26\\\/dragagens-no-portinho-de-vila-praia-de-ancora-asseguradas-ate-2023\\\/\"},\"wordCount\":510,\"image\":{\"@id\":\"https:\\\/\\\/www.altominho.tv\\\/site\\\/2021\\\/07\\\/26\\\/dragagens-no-portinho-de-vila-praia-de-ancora-asseguradas-ate-2023\\\/#primaryimage\"},\"thumbnailUrl\":\"https:\\\/\\\/www.altominho.tv\\\/site\\\/wp-content\\\/uploads\\\/2021\\\/07\\\/portinho_vpa_1_1024_2500.jpeg\",\"keywords\":[\"Sociedade\"],\"articleSection\":[\"Caminha\"],\"inLanguage\":\"pt-PT\",\"copyrightYear\":\"2021\",\"copyrightHolder\":{\"@id\":\"https:\\\/\\\/www.altominho.tv\\\/site\\\/#organization\"}},{\"@type\":\"WebPage\",\"@id\":\"https:\\\/\\\/www.altominho.tv\\\/site\\\/2021\\\/07\\\/26\\\/dragagens-no-portinho-de-vila-praia-de-ancora-asseguradas-ate-2023\\\/\",\"url\":\"https:\\\/\\\/www.altominho.tv\\\/site\\\/2021\\\/07\\\/26\\\/dragagens-no-portinho-de-vila-praia-de-ancora-asseguradas-ate-2023\\\/\",\"name\":\"Dragagens no portinho de Vila Praia de \u00c2ncora asseguradas at\u00e9 2023\",\"isPartOf\":{\"@id\":\"https:\\\/\\\/www.altominho.tv\\\/site\\\/#website\"},\"primaryImageOfPage\":{\"@id\":\"https:\\\/\\\/www.altominho.tv\\\/site\\\/2021\\\/07\\\/26\\\/dragagens-no-portinho-de-vila-praia-de-ancora-asseguradas-ate-2023\\\/#primaryimage\"},\"image\":{\"@id\":\"https:\\\/\\\/www.altominho.tv\\\/site\\\/2021\\\/07\\\/26\\\/dragagens-no-portinho-de-vila-praia-de-ancora-asseguradas-ate-2023\\\/#primaryimage\"},\"thumbnailUrl\":\"https:\\\/\\\/www.altominho.tv\\\/site\\\/wp-content\\\/uploads\\\/2021\\\/07\\\/portinho_vpa_1_1024_2500.jpeg\",\"datePublished\":\"2021-07-26T14:31:38+00:00\",\"dateModified\":\"2021-07-26T14:31:42+00:00\",\"author\":{\"@id\":\"https:\\\/\\\/www.altominho.tv\\\/site\\\/#\\\/schema\\\/person\\\/a0bff6dc1041aadd46fa81887444b017\"},\"breadcrumb\":{\"@id\":\"https:\\\/\\\/www.altominho.tv\\\/site\\\/2021\\\/07\\\/26\\\/dragagens-no-portinho-de-vila-praia-de-ancora-asseguradas-ate-2023\\\/#breadcrumb\"},\"inLanguage\":\"pt-PT\",\"potentialAction\":[{\"@type\":\"ReadAction\",\"target\":[\"https:\\\/\\\/www.altominho.tv\\\/site\\\/2021\\\/07\\\/26\\\/dragagens-no-portinho-de-vila-praia-de-ancora-asseguradas-ate-2023\\\/\"]}]},{\"@type\":\"ImageObject\",\"inLanguage\":\"pt-PT\",\"@id\":\"https:\\\/\\\/www.altominho.tv\\\/site\\\/2021\\\/07\\\/26\\\/dragagens-no-portinho-de-vila-praia-de-ancora-asseguradas-ate-2023\\\/#primaryimage\",\"url\":\"https:\\\/\\\/www.altominho.tv\\\/site\\\/wp-content\\\/uploads\\\/2021\\\/07\\\/portinho_vpa_1_1024_2500.jpeg\",\"contentUrl\":\"https:\\\/\\\/www.altominho.tv\\\/site\\\/wp-content\\\/uploads\\\/2021\\\/07\\\/portinho_vpa_1_1024_2500.jpeg\",\"width\":1024,\"height\":683,\"caption\":\"MUNIC\u00cdPIO DE CAMINHA\"},{\"@type\":\"BreadcrumbList\",\"@id\":\"https:\\\/\\\/www.altominho.tv\\\/site\\\/2021\\\/07\\\/26\\\/dragagens-no-portinho-de-vila-praia-de-ancora-asseguradas-ate-2023\\\/#breadcrumb\",\"itemListElement\":[{\"@type\":\"ListItem\",\"position\":1,\"name\":\"In\u00edcio\",\"item\":\"https:\\\/\\\/www.altominho.tv\\\/site\\\/\"},{\"@type\":\"ListItem\",\"position\":2,\"name\":\"Dragagens no portinho de Vila Praia de \u00c2ncora asseguradas at\u00e9 2023\"}]},{\"@type\":\"WebSite\",\"@id\":\"https:\\\/\\\/www.altominho.tv\\\/site\\\/#website\",\"url\":\"https:\\\/\\\/www.altominho.tv\\\/site\\\/\",\"name\":\"Altominho.tv\",\"description\":\"A sua regi\u00e3o \u00e0 dist\u00e2ncia de um clique...\",\"potentialAction\":[{\"@type\":\"SearchAction\",\"target\":{\"@type\":\"EntryPoint\",\"urlTemplate\":\"https:\\\/\\\/www.altominho.tv\\\/site\\\/?s={search_term_string}\"},\"query-input\":{\"@type\":\"PropertyValueSpecification\",\"valueRequired\":true,\"valueName\":\"search_term_string\"}}],\"inLanguage\":\"pt-PT\"},{\"@type\":\"Person\",\"@id\":\"https:\\\/\\\/www.altominho.tv\\\/site\\\/#\\\/schema\\\/person\\\/a0bff6dc1041aadd46fa81887444b017\",\"name\":\"Andreia Ferreira | Lusa\",\"image\":{\"@type\":\"ImageObject\",\"inLanguage\":\"pt-PT\",\"@id\":\"https:\\\/\\\/www.altominho.tv\\\/site\\\/wp-content\\\/uploads\\\/2018\\\/04\\\/Andreia-150x150.jpg\",\"url\":\"https:\\\/\\\/www.altominho.tv\\\/site\\\/wp-content\\\/uploads\\\/2018\\\/04\\\/Andreia-150x150.jpg\",\"contentUrl\":\"https:\\\/\\\/www.altominho.tv\\\/site\\\/wp-content\\\/uploads\\\/2018\\\/04\\\/Andreia-150x150.jpg\",\"caption\":\"Andreia Ferreira | Lusa\"},\"sameAs\":[\"https:\\\/\\\/www.altominho.tv\\\/site\"],\"url\":\"https:\\\/\\\/www.altominho.tv\\\/site\\\/author\\\/andreiaferreiralusa\\\/\"}]}<\/script>\n<!-- \/ Yoast SEO Premium plugin. -->","yoast_head_json":{"title":"Dragagens no portinho de Vila Praia de \u00c2ncora asseguradas at\u00e9 2023","robots":{"index":"index","follow":"follow","max-snippet":"max-snippet:-1","max-image-preview":"max-image-preview:large","max-video-preview":"max-video-preview:-1"},"canonical":"https:\/\/www.altominho.tv\/site\/2021\/07\/26\/dragagens-no-portinho-de-vila-praia-de-ancora-asseguradas-ate-2023\/","og_locale":"pt_PT","og_type":"article","og_title":"Dragagens no portinho de Vila Praia de \u00c2ncora asseguradas at\u00e9 2023","og_description":"O Governo vai assegurar, at\u00e9 2023, as dragagens anuais no portinho de Vila Praia de \u00c2ncora, em Caminha. Depois de ter assumido o compromisso de que seriam realizadas dragagens regulares neste porto de mar, at\u00e9 ser encontrada uma solu\u00e7\u00e3o estrutural que ser\u00e1 objeto de estudo t\u00e9cnico aprofundado, o ministro do Mar, Ricardo Serr\u00e3o Santos, regressou [&hellip;]","og_url":"https:\/\/www.altominho.tv\/site\/2021\/07\/26\/dragagens-no-portinho-de-vila-praia-de-ancora-asseguradas-ate-2023\/","og_site_name":"Altominho.tv","article_publisher":"https:\/\/www.facebook.com\/altominhotv","article_published_time":"2021-07-26T14:31:38+00:00","article_modified_time":"2021-07-26T14:31:42+00:00","og_image":[{"width":1024,"height":683,"url":"https:\/\/www.altominho.tv\/site\/wp-content\/uploads\/2021\/07\/portinho_vpa_1_1024_2500.jpeg","type":"image\/jpeg"}],"author":"Andreia Ferreira | Lusa","twitter_card":"summary_large_image","twitter_creator":"@altominhoTV","twitter_site":"@altominhoTV","twitter_misc":{"Escrito por":"Andreia Ferreira | Lusa","Tempo estimado de leitura":"3 minutos"},"schema":{"@context":"https:\/\/schema.org","@graph":[{"@type":"Article","@id":"https:\/\/www.altominho.tv\/site\/2021\/07\/26\/dragagens-no-portinho-de-vila-praia-de-ancora-asseguradas-ate-2023\/#article","isPartOf":{"@id":"https:\/\/www.altominho.tv\/site\/2021\/07\/26\/dragagens-no-portinho-de-vila-praia-de-ancora-asseguradas-ate-2023\/"},"author":{"name":"Andreia Ferreira | Lusa","@id":"https:\/\/www.altominho.tv\/site\/#\/schema\/person\/a0bff6dc1041aadd46fa81887444b017"},"headline":"Dragagens no portinho de Vila Praia de \u00c2ncora asseguradas at\u00e9 2023","datePublished":"2021-07-26T14:31:38+00:00","dateModified":"2021-07-26T14:31:42+00:00","mainEntityOfPage":{"@id":"https:\/\/www.altominho.tv\/site\/2021\/07\/26\/dragagens-no-portinho-de-vila-praia-de-ancora-asseguradas-ate-2023\/"},"wordCount":510,"image":{"@id":"https:\/\/www.altominho.tv\/site\/2021\/07\/26\/dragagens-no-portinho-de-vila-praia-de-ancora-asseguradas-ate-2023\/#primaryimage"},"thumbnailUrl":"https:\/\/www.altominho.tv\/site\/wp-content\/uploads\/2021\/07\/portinho_vpa_1_1024_2500.jpeg","keywords":["Sociedade"],"articleSection":["Caminha"],"inLanguage":"pt-PT","copyrightYear":"2021","copyrightHolder":{"@id":"https:\/\/www.altominho.tv\/site\/#organization"}},{"@type":"WebPage","@id":"https:\/\/www.altominho.tv\/site\/2021\/07\/26\/dragagens-no-portinho-de-vila-praia-de-ancora-asseguradas-ate-2023\/","url":"https:\/\/www.altominho.tv\/site\/2021\/07\/26\/dragagens-no-portinho-de-vila-praia-de-ancora-asseguradas-ate-2023\/","name":"Dragagens no portinho de Vila Praia de \u00c2ncora asseguradas at\u00e9 2023","isPartOf":{"@id":"https:\/\/www.altominho.tv\/site\/#website"},"primaryImageOfPage":{"@id":"https:\/\/www.altominho.tv\/site\/2021\/07\/26\/dragagens-no-portinho-de-vila-praia-de-ancora-asseguradas-ate-2023\/#primaryimage"},"image":{"@id":"https:\/\/www.altominho.tv\/site\/2021\/07\/26\/dragagens-no-portinho-de-vila-praia-de-ancora-asseguradas-ate-2023\/#primaryimage"},"thumbnailUrl":"https:\/\/www.altominho.tv\/site\/wp-content\/uploads\/2021\/07\/portinho_vpa_1_1024_2500.jpeg","datePublished":"2021-07-26T14:31:38+00:00","dateModified":"2021-07-26T14:31:42+00:00","author":{"@id":"https:\/\/www.altominho.tv\/site\/#\/schema\/person\/a0bff6dc1041aadd46fa81887444b017"},"breadcrumb":{"@id":"https:\/\/www.altominho.tv\/site\/2021\/07\/26\/dragagens-no-portinho-de-vila-praia-de-ancora-asseguradas-ate-2023\/#breadcrumb"},"inLanguage":"pt-PT","potentialAction":[{"@type":"ReadAction","target":["https:\/\/www.altominho.tv\/site\/2021\/07\/26\/dragagens-no-portinho-de-vila-praia-de-ancora-asseguradas-ate-2023\/"]}]},{"@type":"ImageObject","inLanguage":"pt-PT","@id":"https:\/\/www.altominho.tv\/site\/2021\/07\/26\/dragagens-no-portinho-de-vila-praia-de-ancora-asseguradas-ate-2023\/#primaryimage","url":"https:\/\/www.altominho.tv\/site\/wp-content\/uploads\/2021\/07\/portinho_vpa_1_1024_2500.jpeg","contentUrl":"https:\/\/www.altominho.tv\/site\/wp-content\/uploads\/2021\/07\/portinho_vpa_1_1024_2500.jpeg","width":1024,"height":683,"caption":"MUNIC\u00cdPIO DE CAMINHA"},{"@type":"BreadcrumbList","@id":"https:\/\/www.altominho.tv\/site\/2021\/07\/26\/dragagens-no-portinho-de-vila-praia-de-ancora-asseguradas-ate-2023\/#breadcrumb","itemListElement":[{"@type":"ListItem","position":1,"name":"In\u00edcio","item":"https:\/\/www.altominho.tv\/site\/"},{"@type":"ListItem","position":2,"name":"Dragagens no portinho de Vila Praia de \u00c2ncora asseguradas at\u00e9 2023"}]},{"@type":"WebSite","@id":"https:\/\/www.altominho.tv\/site\/#website","url":"https:\/\/www.altominho.tv\/site\/","name":"Altominho.tv","description":"A sua regi\u00e3o \u00e0 dist\u00e2ncia de um clique...","potentialAction":[{"@type":"SearchAction","target":{"@type":"EntryPoint","urlTemplate":"https:\/\/www.altominho.tv\/site\/?s={search_term_string}"},"query-input":{"@type":"PropertyValueSpecification","valueRequired":true,"valueName":"search_term_string"}}],"inLanguage":"pt-PT"},{"@type":"Person","@id":"https:\/\/www.altominho.tv\/site\/#\/schema\/person\/a0bff6dc1041aadd46fa81887444b017","name":"Andreia Ferreira | Lusa","image":{"@type":"ImageObject","inLanguage":"pt-PT","@id":"https:\/\/www.altominho.tv\/site\/wp-content\/uploads\/2018\/04\/Andreia-150x150.jpg","url":"https:\/\/www.altominho.tv\/site\/wp-content\/uploads\/2018\/04\/Andreia-150x150.jpg","contentUrl":"https:\/\/www.altominho.tv\/site\/wp-content\/uploads\/2018\/04\/Andreia-150x150.jpg","caption":"Andreia Ferreira | Lusa"},"sameAs":["https:\/\/www.altominho.tv\/site"],"url":"https:\/\/www.altominho.tv\/site\/author\/andreiaferreiralusa\/"}]}},"_links":{"self":[{"href":"https:\/\/www.altominho.tv\/site\/wp-json\/wp\/v2\/posts\/68717","targetHints":{"allow":["GET"]}}],"collection":[{"href":"https:\/\/www.altominho.tv\/site\/wp-json\/wp\/v2\/posts"}],"about":[{"href":"https:\/\/www.altominho.tv\/site\/wp-json\/wp\/v2\/types\/post"}],"author":[{"embeddable":true,"href":"https:\/\/www.altominho.tv\/site\/wp-json\/wp\/v2\/users\/15"}],"replies":[{"embeddable":true,"href":"https:\/\/www.altominho.tv\/site\/wp-json\/wp\/v2\/comments?post=68717"}],"version-history":[{"count":0,"href":"https:\/\/www.altominho.tv\/site\/wp-json\/wp\/v2\/posts\/68717\/revisions"}],"wp:featuredmedia":[{"embeddable":true,"href":"https:\/\/www.altominho.tv\/site\/wp-json\/wp\/v2\/media\/68718"}],"wp:attachment":[{"href":"https:\/\/www.altominho.tv\/site\/wp-json\/wp\/v2\/media?parent=68717"}],"wp:term":[{"taxonomy":"category","embeddable":true,"href":"https:\/\/www.altominho.tv\/site\/wp-json\/wp\/v2\/categories?post=68717"},{"taxonomy":"post_tag","embeddable":true,"href":"https:\/\/www.altominho.tv\/site\/wp-json\/wp\/v2\/tags?post=68717"}],"curies":[{"name":"wp","href":"https:\/\/api.w.org\/{rel}","templated":true}]}}