{"id":68703,"date":"2021-07-26T12:07:36","date_gmt":"2021-07-26T11:07:36","guid":{"rendered":"https:\/\/www.altominho.tv\/site\/?p=68703"},"modified":"2021-07-26T12:07:41","modified_gmt":"2021-07-26T11:07:41","slug":"praca-de-moncao-recebe-11-concertos-em-julho-e-agosto","status":"publish","type":"post","link":"https:\/\/www.altominho.tv\/site\/2021\/07\/26\/praca-de-moncao-recebe-11-concertos-em-julho-e-agosto\/","title":{"rendered":"Pra\u00e7a de Mon\u00e7\u00e3o recebe 11 concertos em julho e agosto"},"content":{"rendered":"<p>O munic\u00edpio de Mon\u00e7\u00e3o est\u00e1 a promover, na Pra\u00e7a Deu-la-Deu Martins, um conjunto de espet\u00e1culos com a participa\u00e7\u00e3o de artistas e coletividades locais. A iniciativa &#8220;\u00c0s Dez na Pra\u00e7a&#8221; acontece todas as sextas-feiras e s\u00e1bados dos meses de julho e agosto.<\/p>\n<p>Segundo o munic\u00edpio, &#8220;esta retoma das atividades culturais tem como prop\u00f3sito dinamizar as c\u00e1lidas noites de ver\u00e3o, na Pra\u00e7a Deu-la-Deu&#8221;, oferecendo uma programa\u00e7\u00e3o diversificada que proporciona, a diferentes p\u00fablicos, 11 concertos ao ar livre.<\/p>\n<p>A iniciativa arrancou no passado s\u00e1bado, com a Banda Musical de Mon\u00e7\u00e3o e Rub\u00e9n Sim\u00e9o, e vai continuar na pr\u00f3xima sexta-feira, com o Grupo de Concertinas \u201cOs Magn\u00edficos\u201d e, no s\u00e1bado, com a orquestra da Associa\u00e7\u00e3o Cultural L\u00e1-Mi-R\u00e9.<\/p>\n<p>Em agosto, no dia 6, \u00e9 a vez do grupo Segadas do Maio &#8211; Associa\u00e7\u00e3o Cultural Terras do Gadanha, seguido no s\u00e1bado pelo Grupo Popular \u201cOs Teimosos\u201d. A Banda Musical de Mon\u00e7\u00e3o volta a subir ao palco na sexta-feira, dia 13, e os Cantares da Ribeira do Centro Desportivo, Recreativo e Cultural de Moreira atuam no s\u00e1bado.<\/p>\n<p>O fim de semana seguinte \u00e9 preenchido com atua\u00e7\u00f5es do grupo F\u00e9nix, no dia 20, e do grupo Roconorte, a 21 de agosto. J\u00e1 os \u00faltimos concertos do evento acontecem a 27 de agosto, com Leonardo Gon\u00e7alves, e a 28 de agosto com a Banda Musical de Tangil.<\/p>\n<p>Todos os espet\u00e1culos t\u00eam in\u00edcio \u00e0s 22h00.<\/p>\n","protected":false},"excerpt":{"rendered":"<p>O munic\u00edpio de Mon\u00e7\u00e3o est\u00e1 a promover, na Pra\u00e7a Deu-la-Deu Martins, um conjunto de espet\u00e1culos com a participa\u00e7\u00e3o de artistas e coletividades locais. A iniciativa &#8220;\u00c0s Dez na Pra\u00e7a&#8221; acontece todas as sextas-feiras e s\u00e1bados dos meses de julho e agosto. Segundo o munic\u00edpio, &#8220;esta retoma das atividades culturais tem como prop\u00f3sito dinamizar as c\u00e1lidas [&hellip;]<\/p>\n","protected":false},"author":12,"featured_media":68704,"comment_status":"closed","ping_status":"closed","sticky":false,"template":"","format":"standard","meta":{"_exactmetrics_skip_tracking":false,"footnotes":""},"categories":[9],"tags":[19],"class_list":["post-68703","post","type-post","status-publish","format-standard","has-post-thumbnail","hentry","category-moncao","tag-cultura"],"yoast_head":"<!-- This site is optimized with the Yoast SEO Premium plugin v28.3 (Yoast SEO v28.3) - https:\/\/yoast.com\/product\/yoast-seo-premium-wordpress\/ -->\n<title>Pra\u00e7a de Mon\u00e7\u00e3o recebe 11 concertos em julho e agosto<\/title>\n<meta name=\"robots\" content=\"index, follow, max-snippet:-1, max-image-preview:large, max-video-preview:-1\" \/>\n<link rel=\"canonical\" href=\"https:\/\/www.altominho.tv\/site\/2021\/07\/26\/praca-de-moncao-recebe-11-concertos-em-julho-e-agosto\/\" \/>\n<meta property=\"og:locale\" content=\"pt_PT\" \/>\n<meta property=\"og:type\" content=\"article\" \/>\n<meta property=\"og:title\" content=\"Pra\u00e7a de Mon\u00e7\u00e3o recebe 11 concertos em julho e agosto\" \/>\n<meta property=\"og:description\" content=\"O munic\u00edpio de Mon\u00e7\u00e3o est\u00e1 a promover, na Pra\u00e7a Deu-la-Deu Martins, um conjunto de espet\u00e1culos com a participa\u00e7\u00e3o de artistas e coletividades locais. A iniciativa &#8220;\u00c0s Dez na Pra\u00e7a&#8221; acontece todas as sextas-feiras e s\u00e1bados dos meses de julho e agosto. Segundo o munic\u00edpio, &#8220;esta retoma das atividades culturais tem como prop\u00f3sito dinamizar as c\u00e1lidas [&hellip;]\" \/>\n<meta property=\"og:url\" content=\"https:\/\/www.altominho.tv\/site\/2021\/07\/26\/praca-de-moncao-recebe-11-concertos-em-julho-e-agosto\/\" \/>\n<meta property=\"og:site_name\" content=\"Altominho.tv\" \/>\n<meta property=\"article:publisher\" content=\"https:\/\/www.facebook.com\/altominhotv\" \/>\n<meta property=\"article:published_time\" content=\"2021-07-26T11:07:36+00:00\" \/>\n<meta property=\"article:modified_time\" content=\"2021-07-26T11:07:41+00:00\" \/>\n<meta property=\"og:image\" content=\"https:\/\/www.altominho.tv\/site\/wp-content\/uploads\/2021\/07\/prac\u0327a-deu-la-deu.jpg\" \/>\n\t<meta property=\"og:image:width\" content=\"1958\" \/>\n\t<meta property=\"og:image:height\" content=\"1021\" \/>\n\t<meta property=\"og:image:type\" content=\"image\/jpeg\" \/>\n<meta name=\"author\" content=\"Andreia Ferreira\" \/>\n<meta name=\"twitter:card\" content=\"summary_large_image\" \/>\n<meta name=\"twitter:creator\" content=\"@altominhoTV\" \/>\n<meta name=\"twitter:site\" content=\"@altominhoTV\" \/>\n<meta name=\"twitter:label1\" content=\"Escrito por\" \/>\n\t<meta name=\"twitter:data1\" content=\"Andreia Ferreira\" \/>\n\t<meta name=\"twitter:label2\" content=\"Tempo estimado de leitura\" \/>\n\t<meta name=\"twitter:data2\" content=\"1 minuto\" \/>\n<script type=\"application\/ld+json\" class=\"yoast-schema-graph\">{\"@context\":\"https:\\\/\\\/schema.org\",\"@graph\":[{\"@type\":\"Article\",\"@id\":\"https:\\\/\\\/www.altominho.tv\\\/site\\\/2021\\\/07\\\/26\\\/praca-de-moncao-recebe-11-concertos-em-julho-e-agosto\\\/#article\",\"isPartOf\":{\"@id\":\"https:\\\/\\\/www.altominho.tv\\\/site\\\/2021\\\/07\\\/26\\\/praca-de-moncao-recebe-11-concertos-em-julho-e-agosto\\\/\"},\"author\":{\"name\":\"Andreia Ferreira\",\"@id\":\"https:\\\/\\\/www.altominho.tv\\\/site\\\/#\\\/schema\\\/person\\\/d9be4265364723f14ea8e0d56a1d38cd\"},\"headline\":\"Pra\u00e7a de Mon\u00e7\u00e3o recebe 11 concertos em julho e agosto\",\"datePublished\":\"2021-07-26T11:07:36+00:00\",\"dateModified\":\"2021-07-26T11:07:41+00:00\",\"mainEntityOfPage\":{\"@id\":\"https:\\\/\\\/www.altominho.tv\\\/site\\\/2021\\\/07\\\/26\\\/praca-de-moncao-recebe-11-concertos-em-julho-e-agosto\\\/\"},\"wordCount\":260,\"image\":{\"@id\":\"https:\\\/\\\/www.altominho.tv\\\/site\\\/2021\\\/07\\\/26\\\/praca-de-moncao-recebe-11-concertos-em-julho-e-agosto\\\/#primaryimage\"},\"thumbnailUrl\":\"https:\\\/\\\/www.altominho.tv\\\/site\\\/wp-content\\\/uploads\\\/2021\\\/07\\\/prac\u0327a-deu-la-deu.jpg\",\"keywords\":[\"Cultura\"],\"articleSection\":[\"Mon\u00e7\u00e3o\"],\"inLanguage\":\"pt-PT\",\"copyrightYear\":\"2021\",\"copyrightHolder\":{\"@id\":\"https:\\\/\\\/www.altominho.tv\\\/site\\\/#organization\"}},{\"@type\":\"WebPage\",\"@id\":\"https:\\\/\\\/www.altominho.tv\\\/site\\\/2021\\\/07\\\/26\\\/praca-de-moncao-recebe-11-concertos-em-julho-e-agosto\\\/\",\"url\":\"https:\\\/\\\/www.altominho.tv\\\/site\\\/2021\\\/07\\\/26\\\/praca-de-moncao-recebe-11-concertos-em-julho-e-agosto\\\/\",\"name\":\"Pra\u00e7a de Mon\u00e7\u00e3o recebe 11 concertos em julho e agosto\",\"isPartOf\":{\"@id\":\"https:\\\/\\\/www.altominho.tv\\\/site\\\/#website\"},\"primaryImageOfPage\":{\"@id\":\"https:\\\/\\\/www.altominho.tv\\\/site\\\/2021\\\/07\\\/26\\\/praca-de-moncao-recebe-11-concertos-em-julho-e-agosto\\\/#primaryimage\"},\"image\":{\"@id\":\"https:\\\/\\\/www.altominho.tv\\\/site\\\/2021\\\/07\\\/26\\\/praca-de-moncao-recebe-11-concertos-em-julho-e-agosto\\\/#primaryimage\"},\"thumbnailUrl\":\"https:\\\/\\\/www.altominho.tv\\\/site\\\/wp-content\\\/uploads\\\/2021\\\/07\\\/prac\u0327a-deu-la-deu.jpg\",\"datePublished\":\"2021-07-26T11:07:36+00:00\",\"dateModified\":\"2021-07-26T11:07:41+00:00\",\"author\":{\"@id\":\"https:\\\/\\\/www.altominho.tv\\\/site\\\/#\\\/schema\\\/person\\\/d9be4265364723f14ea8e0d56a1d38cd\"},\"breadcrumb\":{\"@id\":\"https:\\\/\\\/www.altominho.tv\\\/site\\\/2021\\\/07\\\/26\\\/praca-de-moncao-recebe-11-concertos-em-julho-e-agosto\\\/#breadcrumb\"},\"inLanguage\":\"pt-PT\",\"potentialAction\":[{\"@type\":\"ReadAction\",\"target\":[\"https:\\\/\\\/www.altominho.tv\\\/site\\\/2021\\\/07\\\/26\\\/praca-de-moncao-recebe-11-concertos-em-julho-e-agosto\\\/\"]}]},{\"@type\":\"ImageObject\",\"inLanguage\":\"pt-PT\",\"@id\":\"https:\\\/\\\/www.altominho.tv\\\/site\\\/2021\\\/07\\\/26\\\/praca-de-moncao-recebe-11-concertos-em-julho-e-agosto\\\/#primaryimage\",\"url\":\"https:\\\/\\\/www.altominho.tv\\\/site\\\/wp-content\\\/uploads\\\/2021\\\/07\\\/prac\u0327a-deu-la-deu.jpg\",\"contentUrl\":\"https:\\\/\\\/www.altominho.tv\\\/site\\\/wp-content\\\/uploads\\\/2021\\\/07\\\/prac\u0327a-deu-la-deu.jpg\",\"width\":1958,\"height\":1021,\"caption\":\"MUNIC\u00cdPIO DE MON\u00c7\u00c3O\"},{\"@type\":\"BreadcrumbList\",\"@id\":\"https:\\\/\\\/www.altominho.tv\\\/site\\\/2021\\\/07\\\/26\\\/praca-de-moncao-recebe-11-concertos-em-julho-e-agosto\\\/#breadcrumb\",\"itemListElement\":[{\"@type\":\"ListItem\",\"position\":1,\"name\":\"In\u00edcio\",\"item\":\"https:\\\/\\\/www.altominho.tv\\\/site\\\/\"},{\"@type\":\"ListItem\",\"position\":2,\"name\":\"Pra\u00e7a de Mon\u00e7\u00e3o recebe 11 concertos em julho e agosto\"}]},{\"@type\":\"WebSite\",\"@id\":\"https:\\\/\\\/www.altominho.tv\\\/site\\\/#website\",\"url\":\"https:\\\/\\\/www.altominho.tv\\\/site\\\/\",\"name\":\"Altominho.tv\",\"description\":\"A sua regi\u00e3o \u00e0 dist\u00e2ncia de um clique...\",\"potentialAction\":[{\"@type\":\"SearchAction\",\"target\":{\"@type\":\"EntryPoint\",\"urlTemplate\":\"https:\\\/\\\/www.altominho.tv\\\/site\\\/?s={search_term_string}\"},\"query-input\":{\"@type\":\"PropertyValueSpecification\",\"valueRequired\":true,\"valueName\":\"search_term_string\"}}],\"inLanguage\":\"pt-PT\"},{\"@type\":\"Person\",\"@id\":\"https:\\\/\\\/www.altominho.tv\\\/site\\\/#\\\/schema\\\/person\\\/d9be4265364723f14ea8e0d56a1d38cd\",\"name\":\"Andreia Ferreira\",\"image\":{\"@type\":\"ImageObject\",\"inLanguage\":\"pt-PT\",\"@id\":\"https:\\\/\\\/www.altominho.tv\\\/site\\\/wp-content\\\/uploads\\\/2021\\\/01\\\/AndreiaFerreira-150x150.jpg\",\"url\":\"https:\\\/\\\/www.altominho.tv\\\/site\\\/wp-content\\\/uploads\\\/2021\\\/01\\\/AndreiaFerreira-150x150.jpg\",\"contentUrl\":\"https:\\\/\\\/www.altominho.tv\\\/site\\\/wp-content\\\/uploads\\\/2021\\\/01\\\/AndreiaFerreira-150x150.jpg\",\"caption\":\"Andreia Ferreira\"},\"url\":\"https:\\\/\\\/www.altominho.tv\\\/site\\\/author\\\/andreiaferreira\\\/\"}]}<\/script>\n<!-- \/ Yoast SEO Premium plugin. -->","yoast_head_json":{"title":"Pra\u00e7a de Mon\u00e7\u00e3o recebe 11 concertos em julho e agosto","robots":{"index":"index","follow":"follow","max-snippet":"max-snippet:-1","max-image-preview":"max-image-preview:large","max-video-preview":"max-video-preview:-1"},"canonical":"https:\/\/www.altominho.tv\/site\/2021\/07\/26\/praca-de-moncao-recebe-11-concertos-em-julho-e-agosto\/","og_locale":"pt_PT","og_type":"article","og_title":"Pra\u00e7a de Mon\u00e7\u00e3o recebe 11 concertos em julho e agosto","og_description":"O munic\u00edpio de Mon\u00e7\u00e3o est\u00e1 a promover, na Pra\u00e7a Deu-la-Deu Martins, um conjunto de espet\u00e1culos com a participa\u00e7\u00e3o de artistas e coletividades locais. A iniciativa &#8220;\u00c0s Dez na Pra\u00e7a&#8221; acontece todas as sextas-feiras e s\u00e1bados dos meses de julho e agosto. Segundo o munic\u00edpio, &#8220;esta retoma das atividades culturais tem como prop\u00f3sito dinamizar as c\u00e1lidas [&hellip;]","og_url":"https:\/\/www.altominho.tv\/site\/2021\/07\/26\/praca-de-moncao-recebe-11-concertos-em-julho-e-agosto\/","og_site_name":"Altominho.tv","article_publisher":"https:\/\/www.facebook.com\/altominhotv","article_published_time":"2021-07-26T11:07:36+00:00","article_modified_time":"2021-07-26T11:07:41+00:00","og_image":[{"width":1958,"height":1021,"url":"https:\/\/www.altominho.tv\/site\/wp-content\/uploads\/2021\/07\/prac\u0327a-deu-la-deu.jpg","type":"image\/jpeg"}],"author":"Andreia Ferreira","twitter_card":"summary_large_image","twitter_creator":"@altominhoTV","twitter_site":"@altominhoTV","twitter_misc":{"Escrito por":"Andreia Ferreira","Tempo estimado de leitura":"1 minuto"},"schema":{"@context":"https:\/\/schema.org","@graph":[{"@type":"Article","@id":"https:\/\/www.altominho.tv\/site\/2021\/07\/26\/praca-de-moncao-recebe-11-concertos-em-julho-e-agosto\/#article","isPartOf":{"@id":"https:\/\/www.altominho.tv\/site\/2021\/07\/26\/praca-de-moncao-recebe-11-concertos-em-julho-e-agosto\/"},"author":{"name":"Andreia Ferreira","@id":"https:\/\/www.altominho.tv\/site\/#\/schema\/person\/d9be4265364723f14ea8e0d56a1d38cd"},"headline":"Pra\u00e7a de Mon\u00e7\u00e3o recebe 11 concertos em julho e agosto","datePublished":"2021-07-26T11:07:36+00:00","dateModified":"2021-07-26T11:07:41+00:00","mainEntityOfPage":{"@id":"https:\/\/www.altominho.tv\/site\/2021\/07\/26\/praca-de-moncao-recebe-11-concertos-em-julho-e-agosto\/"},"wordCount":260,"image":{"@id":"https:\/\/www.altominho.tv\/site\/2021\/07\/26\/praca-de-moncao-recebe-11-concertos-em-julho-e-agosto\/#primaryimage"},"thumbnailUrl":"https:\/\/www.altominho.tv\/site\/wp-content\/uploads\/2021\/07\/prac\u0327a-deu-la-deu.jpg","keywords":["Cultura"],"articleSection":["Mon\u00e7\u00e3o"],"inLanguage":"pt-PT","copyrightYear":"2021","copyrightHolder":{"@id":"https:\/\/www.altominho.tv\/site\/#organization"}},{"@type":"WebPage","@id":"https:\/\/www.altominho.tv\/site\/2021\/07\/26\/praca-de-moncao-recebe-11-concertos-em-julho-e-agosto\/","url":"https:\/\/www.altominho.tv\/site\/2021\/07\/26\/praca-de-moncao-recebe-11-concertos-em-julho-e-agosto\/","name":"Pra\u00e7a de Mon\u00e7\u00e3o recebe 11 concertos em julho e agosto","isPartOf":{"@id":"https:\/\/www.altominho.tv\/site\/#website"},"primaryImageOfPage":{"@id":"https:\/\/www.altominho.tv\/site\/2021\/07\/26\/praca-de-moncao-recebe-11-concertos-em-julho-e-agosto\/#primaryimage"},"image":{"@id":"https:\/\/www.altominho.tv\/site\/2021\/07\/26\/praca-de-moncao-recebe-11-concertos-em-julho-e-agosto\/#primaryimage"},"thumbnailUrl":"https:\/\/www.altominho.tv\/site\/wp-content\/uploads\/2021\/07\/prac\u0327a-deu-la-deu.jpg","datePublished":"2021-07-26T11:07:36+00:00","dateModified":"2021-07-26T11:07:41+00:00","author":{"@id":"https:\/\/www.altominho.tv\/site\/#\/schema\/person\/d9be4265364723f14ea8e0d56a1d38cd"},"breadcrumb":{"@id":"https:\/\/www.altominho.tv\/site\/2021\/07\/26\/praca-de-moncao-recebe-11-concertos-em-julho-e-agosto\/#breadcrumb"},"inLanguage":"pt-PT","potentialAction":[{"@type":"ReadAction","target":["https:\/\/www.altominho.tv\/site\/2021\/07\/26\/praca-de-moncao-recebe-11-concertos-em-julho-e-agosto\/"]}]},{"@type":"ImageObject","inLanguage":"pt-PT","@id":"https:\/\/www.altominho.tv\/site\/2021\/07\/26\/praca-de-moncao-recebe-11-concertos-em-julho-e-agosto\/#primaryimage","url":"https:\/\/www.altominho.tv\/site\/wp-content\/uploads\/2021\/07\/prac\u0327a-deu-la-deu.jpg","contentUrl":"https:\/\/www.altominho.tv\/site\/wp-content\/uploads\/2021\/07\/prac\u0327a-deu-la-deu.jpg","width":1958,"height":1021,"caption":"MUNIC\u00cdPIO DE MON\u00c7\u00c3O"},{"@type":"BreadcrumbList","@id":"https:\/\/www.altominho.tv\/site\/2021\/07\/26\/praca-de-moncao-recebe-11-concertos-em-julho-e-agosto\/#breadcrumb","itemListElement":[{"@type":"ListItem","position":1,"name":"In\u00edcio","item":"https:\/\/www.altominho.tv\/site\/"},{"@type":"ListItem","position":2,"name":"Pra\u00e7a de Mon\u00e7\u00e3o recebe 11 concertos em julho e agosto"}]},{"@type":"WebSite","@id":"https:\/\/www.altominho.tv\/site\/#website","url":"https:\/\/www.altominho.tv\/site\/","name":"Altominho.tv","description":"A sua regi\u00e3o \u00e0 dist\u00e2ncia de um clique...","potentialAction":[{"@type":"SearchAction","target":{"@type":"EntryPoint","urlTemplate":"https:\/\/www.altominho.tv\/site\/?s={search_term_string}"},"query-input":{"@type":"PropertyValueSpecification","valueRequired":true,"valueName":"search_term_string"}}],"inLanguage":"pt-PT"},{"@type":"Person","@id":"https:\/\/www.altominho.tv\/site\/#\/schema\/person\/d9be4265364723f14ea8e0d56a1d38cd","name":"Andreia Ferreira","image":{"@type":"ImageObject","inLanguage":"pt-PT","@id":"https:\/\/www.altominho.tv\/site\/wp-content\/uploads\/2021\/01\/AndreiaFerreira-150x150.jpg","url":"https:\/\/www.altominho.tv\/site\/wp-content\/uploads\/2021\/01\/AndreiaFerreira-150x150.jpg","contentUrl":"https:\/\/www.altominho.tv\/site\/wp-content\/uploads\/2021\/01\/AndreiaFerreira-150x150.jpg","caption":"Andreia Ferreira"},"url":"https:\/\/www.altominho.tv\/site\/author\/andreiaferreira\/"}]}},"_links":{"self":[{"href":"https:\/\/www.altominho.tv\/site\/wp-json\/wp\/v2\/posts\/68703","targetHints":{"allow":["GET"]}}],"collection":[{"href":"https:\/\/www.altominho.tv\/site\/wp-json\/wp\/v2\/posts"}],"about":[{"href":"https:\/\/www.altominho.tv\/site\/wp-json\/wp\/v2\/types\/post"}],"author":[{"embeddable":true,"href":"https:\/\/www.altominho.tv\/site\/wp-json\/wp\/v2\/users\/12"}],"replies":[{"embeddable":true,"href":"https:\/\/www.altominho.tv\/site\/wp-json\/wp\/v2\/comments?post=68703"}],"version-history":[{"count":0,"href":"https:\/\/www.altominho.tv\/site\/wp-json\/wp\/v2\/posts\/68703\/revisions"}],"wp:featuredmedia":[{"embeddable":true,"href":"https:\/\/www.altominho.tv\/site\/wp-json\/wp\/v2\/media\/68704"}],"wp:attachment":[{"href":"https:\/\/www.altominho.tv\/site\/wp-json\/wp\/v2\/media?parent=68703"}],"wp:term":[{"taxonomy":"category","embeddable":true,"href":"https:\/\/www.altominho.tv\/site\/wp-json\/wp\/v2\/categories?post=68703"},{"taxonomy":"post_tag","embeddable":true,"href":"https:\/\/www.altominho.tv\/site\/wp-json\/wp\/v2\/tags?post=68703"}],"curies":[{"name":"wp","href":"https:\/\/api.w.org\/{rel}","templated":true}]}}