{"id":68666,"date":"2021-07-23T12:45:47","date_gmt":"2021-07-23T11:45:47","guid":{"rendered":"https:\/\/www.altominho.tv\/site\/?p=68666"},"modified":"2021-07-23T12:45:51","modified_gmt":"2021-07-23T11:45:51","slug":"viana-do-castelo-recebe-6-a-etapa-da-volta-a-portugal-a-11-de-agosto","status":"publish","type":"post","link":"https:\/\/www.altominho.tv\/site\/2021\/07\/23\/viana-do-castelo-recebe-6-a-etapa-da-volta-a-portugal-a-11-de-agosto\/","title":{"rendered":"Viana do Castelo recebe 6.\u00aa etapa da Volta a Portugal a 11 de agosto"},"content":{"rendered":"<p>A 82.\u00aa edi\u00e7\u00e3o da Volta a Portugal em bicicleta vai ligar Lisboa a Viseu, entre 4 e 15 de agosto, num total de 1568,2 quil\u00f3metros. Em Viana do Castelo, a passagem est\u00e1 marcada para o dia 11 de agosto, naquela que ser\u00e1 a sexta etapa do percurso.<\/p>\n<p>Ap\u00f3s uma edi\u00e7\u00e3o diferente, \u2018encurtada\u2019 e \u2018deslocada\u2019 no calend\u00e1rio devido \u00e0 pandemia de covid-19, a prova vai regressar ao \u2018seu\u2019 m\u00eas e formato tradicionais, de um pr\u00f3logo e 10 etapas. A 82.\u00aa Volta a Portugal retoma o desenho montanhoso das suas antecessoras, com um tra\u00e7ado que pode muito bem ser o mais dif\u00edcil dos \u00faltimos anos, pela sucess\u00e3o de metas em alto que prev\u00ea: a Torre, desafio maior do pelot\u00e3o, aparece logo \u00e0 terceira etapa, na v\u00e9spera da sempre complicada chegada \u00e0 Guarda, e o duo Larouco-Senhora da Gra\u00e7a antecede o \u2018crono\u2019 final.<\/p>\n<p>Neste \u2018mergulho\u2019 pelo interior do pa\u00eds \u2013 o pr\u00f3logo de Lisboa, a primeira e quinta etapas s\u00e3o as exce\u00e7\u00f5es \u00e0 regra -, a Senhora da Assun\u00e7\u00e3o tamb\u00e9m faz a sua apari\u00e7\u00e3o (5.\u00aa etapa), testando os efeitos do dia de descanso nos ciclistas, que enfrentar\u00e3o 33 contagens de montanha entre Lisboa e Viseu, incluindo uma de categoria especial (Torre) e quatro de primeira.<\/p>\n<p>Haver\u00e1 pouco tempo para respirar nos 1568,2 quil\u00f3metros da 82.\u00aa edi\u00e7\u00e3o, que come\u00e7a a grande velocidade, em 4 de agosto, com o curto e explosivo pr\u00f3logo de apenas 5,4 quil\u00f3metros, com partida e chegada \u00e0 Pra\u00e7a do Imp\u00e9rio, perto do Centro Cultural de Bel\u00e9m, \u2018respons\u00e1vel\u2019 por atribuir a primeira amarela.<\/p>\n<p>A primeira etapa ser\u00e1 tamb\u00e9m de homenagem a Joaquim Agostinho, com Torres Vedras, cidade daquele que \u00e9 considerado o melhor ciclista portugu\u00eas de sempre, a ser o ponto de partida de 175,8 quil\u00f3metros at\u00e9 Set\u00fabal, onde a meta est\u00e1 instalada depois da passagem pela contagem de segunda categoria no Alto da Arr\u00e1bida, sempre prop\u00edcia a ataques-surpresa das maiores figuras do pelot\u00e3o, este ano composto por 19 equipas, entre as quais a Movistar, a primeira forma\u00e7\u00e3o WorldTour a participar na prova desde 2011.<\/p>\n<p>Para a segunda tirada est\u00e1 reservada a \u00fanica \u2018estreia\u2019 desta edi\u00e7\u00e3o, a da cidade alentejana de Ponte de Sor, que acolhe o in\u00edcio de 162,1 quil\u00f3metros at\u00e9 ao empedrado da Avenida Nuno \u00c1lvares, no centro de Castelo Branco, onde os \u2018sprinters\u2019 ter\u00e3o uma das raras oportunidades para brilhar at\u00e9 Viseu.<\/p>\n<p>No s\u00e1bado, 7 de agosto, \u00e9 dia de \u2018etapa rainha\u2019 da Volta a Portugal, com o ponto mais alto de Portugal continental a \u2018coroar\u2019 uma jornada de 170,3 quil\u00f3metros a partir da Sert\u00e3, que inclui quatro contagens de montanha, a \u00faltima das quais, a \u00fanica de categoria especial, a coincidir com a meta instalada na Torre.<\/p>\n<p>Antes do dia de descanso, o pelot\u00e3o ainda ter\u00e1 pela frente, na quarta tirada, 181,6 quil\u00f3metros entre Belmonte e a Guarda, onde dois pr\u00e9mios de montanha de terceira categoria aguardam os corredores dentro do per\u00edmetro urbano da cidade mais alta de Portugal, \u00e0 qual chegar\u00e3o j\u00e1 depois de terem ultrapassado uma segunda categoria menos de 30 quil\u00f3metros antes do final.<\/p>\n<p>Cumprida a \u00fanica pausa desta edi\u00e7\u00e3o, \u00e9 altura de regressar \u00e0 estrada para a quinta etapa, com a partida para os 171,3 quil\u00f3metros at\u00e9 Santo Tirso, mais concretamente o alto do Santu\u00e1rio da Nossa Senhora da Assun\u00e7\u00e3o, a ser dada em \u00c1gueda para homenagear os que em 1978 conseguiram, pela primeira vez, roubar protagonismo a Lisboa e Porto ao receber o final da Volta a Portugal desse ano &#8211; at\u00e9 a\u00ed, a prova sempre terminara ora numa, ora noutra cidade.<\/p>\n<p>O s\u00e9timo dia de competi\u00e7\u00e3o ser\u00e1 inteiramente minhoto, com uma liga\u00e7\u00e3o de 182,4 quil\u00f3metros entre Viana do Castelo e Fafe, onde os homens r\u00e1pidos ter\u00e3o uma palavra a dizer, na antessala da etapa mais longa desta edi\u00e7\u00e3o, a s\u00e9tima, que vai come\u00e7ar em Felgueiras e percorrer 193,2 quil\u00f3metros at\u00e9 Bragan\u00e7a.<\/p>\n<p>Ser\u00e1 tamb\u00e9m da cidade brigantina que come\u00e7a a oitava tirada, uma jornada de 160,7 quil\u00f3metros que vai terminar em Montalegre, mais concretamente na Serra do Larouco, ap\u00f3s a sempre dif\u00edcil (e ami\u00fade invernal) subida de 10 quil\u00f3metros at\u00e9 ao segundo ponto mais alto de Portugal Continental, a uma altitude de 1.503 metros.<\/p>\n<p>Os candidatos enfrentam, no s\u00e1bado, 14 de agosto, o pen\u00faltimo desafio na \u00faltima etapa montanhosa: desde Boticas ao alto da Senhora da Gra\u00e7a (Mondim de Basto), os corredores percorrem 145,5 quil\u00f3metros e t\u00eam pela frente dois pr\u00e9mios de montanha de primeira categoria, o \u00faltimo na t\u00e3o carism\u00e1tica chegada ao topo do Monte Farinha.<\/p>\n<p>Ser\u00e1 Viseu, no entanto (e pela s\u00e9tima vez), a definir a classifica\u00e7\u00e3o geral final, no tradicional contrarrel\u00f3gio repleto de rotundas naquela cidade: s\u00e3o 20,3 quil\u00f3metros de uma luta individual contra o cron\u00f3metro, com fim na Avenida da Europa, para encontrar o vencedor da 82.\u00aa Volta a Portugal.<\/p>\n<p>Etapas:<br \/>\n04 ago: Pr\u00f3logo, Lisboa \u2013 Lisboa, 5,4 km (CRI).<br \/>\n05 ago: 1.\u00aa Etapa, Torres Vedras \u2013 Set\u00fabal, 175,8 km.<br \/>\n06 ago: 2.\u00aa Etapa, Ponte de Sor \u2013 Castelo Branco, 162,1 km.<br \/>\n07 ago: 3.\u00aa Etapa, Sert\u00e3 \u2013 Covilh\u00e3 (Torre), 170,3 km.<br \/>\n08 ago: 4.\u00aa Etapa, Belmonte \u2013 Guarda, 181,6 km.<br \/>\n09 ago: Dia de Descanso.<br \/>\n10 ago: 5.\u00aa Etapa, \u00c1gueda \u2013 Santo Tirso (Senhora da Assun\u00e7\u00e3o), 170,9 km.<br \/>\n11 ago: 6.\u00aa Etapa, Viana do Castelo \u2013 Fafe, 182,4 km.<br \/>\n12 ago: 7.\u00aa Etapa, Felgueiras \u2013 Bragan\u00e7a, 193,2 km.<br \/>\n13 ago: 8.\u00aa Etapa, Bragan\u00e7a \u2013 Montalegre (Serra de Larouco), 160,7 km.<br \/>\n14 ago: 9.\u00aa Etapa, Boticas \u2013 Mondim de Basto (Senhora da Gra\u00e7a), 145,5 km.<br \/>\n15 ago: 10.\u00aa Etapa, Viseu \u2013 Viseu, 20,3 (CRI).<\/p>\n","protected":false},"excerpt":{"rendered":"<p>A 82.\u00aa edi\u00e7\u00e3o da Volta a Portugal em bicicleta vai ligar Lisboa a Viseu, entre 4 e 15 de agosto, num total de 1568,2 quil\u00f3metros. Em Viana do Castelo, a passagem est\u00e1 marcada para o dia 11 de agosto, naquela que ser\u00e1 a sexta etapa do percurso. Ap\u00f3s uma edi\u00e7\u00e3o diferente, \u2018encurtada\u2019 e \u2018deslocada\u2019 no [&hellip;]<\/p>\n","protected":false},"author":15,"featured_media":51905,"comment_status":"closed","ping_status":"closed","sticky":false,"template":"","format":"standard","meta":{"_exactmetrics_skip_tracking":false,"_exactmetrics_sitenote_active":false,"_exactmetrics_sitenote_note":"","_exactmetrics_sitenote_category":0,"footnotes":""},"categories":[14],"tags":[20],"class_list":["post-68666","post","type-post","status-publish","format-standard","has-post-thumbnail","hentry","category-viana-do-castelo","tag-desporto"],"yoast_head":"<!-- This site is optimized with the Yoast SEO Premium plugin v27.5 (Yoast SEO v27.5) - https:\/\/yoast.com\/product\/yoast-seo-premium-wordpress\/ -->\n<title>Viana do Castelo recebe 6.\u00aa etapa da Volta a Portugal a 11 de agosto<\/title>\n<meta name=\"robots\" content=\"index, follow, max-snippet:-1, max-image-preview:large, max-video-preview:-1\" \/>\n<link rel=\"canonical\" href=\"https:\/\/www.altominho.tv\/site\/2021\/07\/23\/viana-do-castelo-recebe-6-a-etapa-da-volta-a-portugal-a-11-de-agosto\/\" \/>\n<meta property=\"og:locale\" content=\"pt_PT\" \/>\n<meta property=\"og:type\" content=\"article\" \/>\n<meta property=\"og:title\" content=\"Viana do Castelo recebe 6.\u00aa etapa da Volta a Portugal a 11 de agosto\" \/>\n<meta property=\"og:description\" content=\"A 82.\u00aa edi\u00e7\u00e3o da Volta a Portugal em bicicleta vai ligar Lisboa a Viseu, entre 4 e 15 de agosto, num total de 1568,2 quil\u00f3metros. Em Viana do Castelo, a passagem est\u00e1 marcada para o dia 11 de agosto, naquela que ser\u00e1 a sexta etapa do percurso. Ap\u00f3s uma edi\u00e7\u00e3o diferente, \u2018encurtada\u2019 e \u2018deslocada\u2019 no [&hellip;]\" \/>\n<meta property=\"og:url\" content=\"https:\/\/www.altominho.tv\/site\/2021\/07\/23\/viana-do-castelo-recebe-6-a-etapa-da-volta-a-portugal-a-11-de-agosto\/\" \/>\n<meta property=\"og:site_name\" content=\"Altominho.tv\" \/>\n<meta property=\"article:publisher\" content=\"https:\/\/www.facebook.com\/altominhotv\" \/>\n<meta property=\"article:published_time\" content=\"2021-07-23T11:45:47+00:00\" \/>\n<meta property=\"article:modified_time\" content=\"2021-07-23T11:45:51+00:00\" \/>\n<meta property=\"og:image\" content=\"https:\/\/www.altominho.tv\/site\/wp-content\/uploads\/2020\/09\/Volta-a-Portugal_Viana-do-Castelo-740x493-1.jpg\" \/>\n\t<meta property=\"og:image:width\" content=\"740\" \/>\n\t<meta property=\"og:image:height\" content=\"493\" \/>\n\t<meta property=\"og:image:type\" content=\"image\/jpeg\" \/>\n<meta name=\"author\" content=\"Andreia Ferreira | Lusa\" \/>\n<meta name=\"twitter:card\" content=\"summary_large_image\" \/>\n<meta name=\"twitter:creator\" content=\"@altominhoTV\" \/>\n<meta name=\"twitter:site\" content=\"@altominhoTV\" \/>\n<meta name=\"twitter:label1\" content=\"Escrito por\" \/>\n\t<meta name=\"twitter:data1\" content=\"Andreia Ferreira | Lusa\" \/>\n\t<meta name=\"twitter:label2\" content=\"Tempo estimado de leitura\" \/>\n\t<meta name=\"twitter:data2\" content=\"5 minutos\" \/>\n<script type=\"application\/ld+json\" class=\"yoast-schema-graph\">{\"@context\":\"https:\\\/\\\/schema.org\",\"@graph\":[{\"@type\":\"Article\",\"@id\":\"https:\\\/\\\/www.altominho.tv\\\/site\\\/2021\\\/07\\\/23\\\/viana-do-castelo-recebe-6-a-etapa-da-volta-a-portugal-a-11-de-agosto\\\/#article\",\"isPartOf\":{\"@id\":\"https:\\\/\\\/www.altominho.tv\\\/site\\\/2021\\\/07\\\/23\\\/viana-do-castelo-recebe-6-a-etapa-da-volta-a-portugal-a-11-de-agosto\\\/\"},\"author\":{\"name\":\"Andreia Ferreira | Lusa\",\"@id\":\"https:\\\/\\\/www.altominho.tv\\\/site\\\/#\\\/schema\\\/person\\\/a0bff6dc1041aadd46fa81887444b017\"},\"headline\":\"Viana do Castelo recebe 6.\u00aa etapa da Volta a Portugal a 11 de agosto\",\"datePublished\":\"2021-07-23T11:45:47+00:00\",\"dateModified\":\"2021-07-23T11:45:51+00:00\",\"mainEntityOfPage\":{\"@id\":\"https:\\\/\\\/www.altominho.tv\\\/site\\\/2021\\\/07\\\/23\\\/viana-do-castelo-recebe-6-a-etapa-da-volta-a-portugal-a-11-de-agosto\\\/\"},\"wordCount\":923,\"image\":{\"@id\":\"https:\\\/\\\/www.altominho.tv\\\/site\\\/2021\\\/07\\\/23\\\/viana-do-castelo-recebe-6-a-etapa-da-volta-a-portugal-a-11-de-agosto\\\/#primaryimage\"},\"thumbnailUrl\":\"https:\\\/\\\/www.altominho.tv\\\/site\\\/wp-content\\\/uploads\\\/2020\\\/09\\\/Volta-a-Portugal_Viana-do-Castelo-740x493-1.jpg\",\"keywords\":[\"Desporto\"],\"articleSection\":[\"Viana do Castelo\"],\"inLanguage\":\"pt-PT\",\"copyrightYear\":\"2021\",\"copyrightHolder\":{\"@id\":\"https:\\\/\\\/www.altominho.tv\\\/site\\\/#organization\"}},{\"@type\":\"WebPage\",\"@id\":\"https:\\\/\\\/www.altominho.tv\\\/site\\\/2021\\\/07\\\/23\\\/viana-do-castelo-recebe-6-a-etapa-da-volta-a-portugal-a-11-de-agosto\\\/\",\"url\":\"https:\\\/\\\/www.altominho.tv\\\/site\\\/2021\\\/07\\\/23\\\/viana-do-castelo-recebe-6-a-etapa-da-volta-a-portugal-a-11-de-agosto\\\/\",\"name\":\"Viana do Castelo recebe 6.\u00aa etapa da Volta a Portugal a 11 de agosto\",\"isPartOf\":{\"@id\":\"https:\\\/\\\/www.altominho.tv\\\/site\\\/#website\"},\"primaryImageOfPage\":{\"@id\":\"https:\\\/\\\/www.altominho.tv\\\/site\\\/2021\\\/07\\\/23\\\/viana-do-castelo-recebe-6-a-etapa-da-volta-a-portugal-a-11-de-agosto\\\/#primaryimage\"},\"image\":{\"@id\":\"https:\\\/\\\/www.altominho.tv\\\/site\\\/2021\\\/07\\\/23\\\/viana-do-castelo-recebe-6-a-etapa-da-volta-a-portugal-a-11-de-agosto\\\/#primaryimage\"},\"thumbnailUrl\":\"https:\\\/\\\/www.altominho.tv\\\/site\\\/wp-content\\\/uploads\\\/2020\\\/09\\\/Volta-a-Portugal_Viana-do-Castelo-740x493-1.jpg\",\"datePublished\":\"2021-07-23T11:45:47+00:00\",\"dateModified\":\"2021-07-23T11:45:51+00:00\",\"author\":{\"@id\":\"https:\\\/\\\/www.altominho.tv\\\/site\\\/#\\\/schema\\\/person\\\/a0bff6dc1041aadd46fa81887444b017\"},\"breadcrumb\":{\"@id\":\"https:\\\/\\\/www.altominho.tv\\\/site\\\/2021\\\/07\\\/23\\\/viana-do-castelo-recebe-6-a-etapa-da-volta-a-portugal-a-11-de-agosto\\\/#breadcrumb\"},\"inLanguage\":\"pt-PT\",\"potentialAction\":[{\"@type\":\"ReadAction\",\"target\":[\"https:\\\/\\\/www.altominho.tv\\\/site\\\/2021\\\/07\\\/23\\\/viana-do-castelo-recebe-6-a-etapa-da-volta-a-portugal-a-11-de-agosto\\\/\"]}]},{\"@type\":\"ImageObject\",\"inLanguage\":\"pt-PT\",\"@id\":\"https:\\\/\\\/www.altominho.tv\\\/site\\\/2021\\\/07\\\/23\\\/viana-do-castelo-recebe-6-a-etapa-da-volta-a-portugal-a-11-de-agosto\\\/#primaryimage\",\"url\":\"https:\\\/\\\/www.altominho.tv\\\/site\\\/wp-content\\\/uploads\\\/2020\\\/09\\\/Volta-a-Portugal_Viana-do-Castelo-740x493-1.jpg\",\"contentUrl\":\"https:\\\/\\\/www.altominho.tv\\\/site\\\/wp-content\\\/uploads\\\/2020\\\/09\\\/Volta-a-Portugal_Viana-do-Castelo-740x493-1.jpg\",\"width\":740,\"height\":493},{\"@type\":\"BreadcrumbList\",\"@id\":\"https:\\\/\\\/www.altominho.tv\\\/site\\\/2021\\\/07\\\/23\\\/viana-do-castelo-recebe-6-a-etapa-da-volta-a-portugal-a-11-de-agosto\\\/#breadcrumb\",\"itemListElement\":[{\"@type\":\"ListItem\",\"position\":1,\"name\":\"In\u00edcio\",\"item\":\"https:\\\/\\\/www.altominho.tv\\\/site\\\/\"},{\"@type\":\"ListItem\",\"position\":2,\"name\":\"Viana do Castelo recebe 6.\u00aa etapa da Volta a Portugal a 11 de agosto\"}]},{\"@type\":\"WebSite\",\"@id\":\"https:\\\/\\\/www.altominho.tv\\\/site\\\/#website\",\"url\":\"https:\\\/\\\/www.altominho.tv\\\/site\\\/\",\"name\":\"Altominho.tv\",\"description\":\"A sua regi\u00e3o \u00e0 dist\u00e2ncia de um clique...\",\"potentialAction\":[{\"@type\":\"SearchAction\",\"target\":{\"@type\":\"EntryPoint\",\"urlTemplate\":\"https:\\\/\\\/www.altominho.tv\\\/site\\\/?s={search_term_string}\"},\"query-input\":{\"@type\":\"PropertyValueSpecification\",\"valueRequired\":true,\"valueName\":\"search_term_string\"}}],\"inLanguage\":\"pt-PT\"},{\"@type\":\"Person\",\"@id\":\"https:\\\/\\\/www.altominho.tv\\\/site\\\/#\\\/schema\\\/person\\\/a0bff6dc1041aadd46fa81887444b017\",\"name\":\"Andreia Ferreira | Lusa\",\"image\":{\"@type\":\"ImageObject\",\"inLanguage\":\"pt-PT\",\"@id\":\"https:\\\/\\\/www.altominho.tv\\\/site\\\/wp-content\\\/uploads\\\/2018\\\/04\\\/Andreia-150x150.jpg\",\"url\":\"https:\\\/\\\/www.altominho.tv\\\/site\\\/wp-content\\\/uploads\\\/2018\\\/04\\\/Andreia-150x150.jpg\",\"contentUrl\":\"https:\\\/\\\/www.altominho.tv\\\/site\\\/wp-content\\\/uploads\\\/2018\\\/04\\\/Andreia-150x150.jpg\",\"caption\":\"Andreia Ferreira | Lusa\"},\"sameAs\":[\"https:\\\/\\\/www.altominho.tv\\\/site\"],\"url\":\"https:\\\/\\\/www.altominho.tv\\\/site\\\/author\\\/andreiaferreiralusa\\\/\"}]}<\/script>\n<!-- \/ Yoast SEO Premium plugin. -->","yoast_head_json":{"title":"Viana do Castelo recebe 6.\u00aa etapa da Volta a Portugal a 11 de agosto","robots":{"index":"index","follow":"follow","max-snippet":"max-snippet:-1","max-image-preview":"max-image-preview:large","max-video-preview":"max-video-preview:-1"},"canonical":"https:\/\/www.altominho.tv\/site\/2021\/07\/23\/viana-do-castelo-recebe-6-a-etapa-da-volta-a-portugal-a-11-de-agosto\/","og_locale":"pt_PT","og_type":"article","og_title":"Viana do Castelo recebe 6.\u00aa etapa da Volta a Portugal a 11 de agosto","og_description":"A 82.\u00aa edi\u00e7\u00e3o da Volta a Portugal em bicicleta vai ligar Lisboa a Viseu, entre 4 e 15 de agosto, num total de 1568,2 quil\u00f3metros. Em Viana do Castelo, a passagem est\u00e1 marcada para o dia 11 de agosto, naquela que ser\u00e1 a sexta etapa do percurso. Ap\u00f3s uma edi\u00e7\u00e3o diferente, \u2018encurtada\u2019 e \u2018deslocada\u2019 no [&hellip;]","og_url":"https:\/\/www.altominho.tv\/site\/2021\/07\/23\/viana-do-castelo-recebe-6-a-etapa-da-volta-a-portugal-a-11-de-agosto\/","og_site_name":"Altominho.tv","article_publisher":"https:\/\/www.facebook.com\/altominhotv","article_published_time":"2021-07-23T11:45:47+00:00","article_modified_time":"2021-07-23T11:45:51+00:00","og_image":[{"width":740,"height":493,"url":"https:\/\/www.altominho.tv\/site\/wp-content\/uploads\/2020\/09\/Volta-a-Portugal_Viana-do-Castelo-740x493-1.jpg","type":"image\/jpeg"}],"author":"Andreia Ferreira | Lusa","twitter_card":"summary_large_image","twitter_creator":"@altominhoTV","twitter_site":"@altominhoTV","twitter_misc":{"Escrito por":"Andreia Ferreira | Lusa","Tempo estimado de leitura":"5 minutos"},"schema":{"@context":"https:\/\/schema.org","@graph":[{"@type":"Article","@id":"https:\/\/www.altominho.tv\/site\/2021\/07\/23\/viana-do-castelo-recebe-6-a-etapa-da-volta-a-portugal-a-11-de-agosto\/#article","isPartOf":{"@id":"https:\/\/www.altominho.tv\/site\/2021\/07\/23\/viana-do-castelo-recebe-6-a-etapa-da-volta-a-portugal-a-11-de-agosto\/"},"author":{"name":"Andreia Ferreira | Lusa","@id":"https:\/\/www.altominho.tv\/site\/#\/schema\/person\/a0bff6dc1041aadd46fa81887444b017"},"headline":"Viana do Castelo recebe 6.\u00aa etapa da Volta a Portugal a 11 de agosto","datePublished":"2021-07-23T11:45:47+00:00","dateModified":"2021-07-23T11:45:51+00:00","mainEntityOfPage":{"@id":"https:\/\/www.altominho.tv\/site\/2021\/07\/23\/viana-do-castelo-recebe-6-a-etapa-da-volta-a-portugal-a-11-de-agosto\/"},"wordCount":923,"image":{"@id":"https:\/\/www.altominho.tv\/site\/2021\/07\/23\/viana-do-castelo-recebe-6-a-etapa-da-volta-a-portugal-a-11-de-agosto\/#primaryimage"},"thumbnailUrl":"https:\/\/www.altominho.tv\/site\/wp-content\/uploads\/2020\/09\/Volta-a-Portugal_Viana-do-Castelo-740x493-1.jpg","keywords":["Desporto"],"articleSection":["Viana do Castelo"],"inLanguage":"pt-PT","copyrightYear":"2021","copyrightHolder":{"@id":"https:\/\/www.altominho.tv\/site\/#organization"}},{"@type":"WebPage","@id":"https:\/\/www.altominho.tv\/site\/2021\/07\/23\/viana-do-castelo-recebe-6-a-etapa-da-volta-a-portugal-a-11-de-agosto\/","url":"https:\/\/www.altominho.tv\/site\/2021\/07\/23\/viana-do-castelo-recebe-6-a-etapa-da-volta-a-portugal-a-11-de-agosto\/","name":"Viana do Castelo recebe 6.\u00aa etapa da Volta a Portugal a 11 de agosto","isPartOf":{"@id":"https:\/\/www.altominho.tv\/site\/#website"},"primaryImageOfPage":{"@id":"https:\/\/www.altominho.tv\/site\/2021\/07\/23\/viana-do-castelo-recebe-6-a-etapa-da-volta-a-portugal-a-11-de-agosto\/#primaryimage"},"image":{"@id":"https:\/\/www.altominho.tv\/site\/2021\/07\/23\/viana-do-castelo-recebe-6-a-etapa-da-volta-a-portugal-a-11-de-agosto\/#primaryimage"},"thumbnailUrl":"https:\/\/www.altominho.tv\/site\/wp-content\/uploads\/2020\/09\/Volta-a-Portugal_Viana-do-Castelo-740x493-1.jpg","datePublished":"2021-07-23T11:45:47+00:00","dateModified":"2021-07-23T11:45:51+00:00","author":{"@id":"https:\/\/www.altominho.tv\/site\/#\/schema\/person\/a0bff6dc1041aadd46fa81887444b017"},"breadcrumb":{"@id":"https:\/\/www.altominho.tv\/site\/2021\/07\/23\/viana-do-castelo-recebe-6-a-etapa-da-volta-a-portugal-a-11-de-agosto\/#breadcrumb"},"inLanguage":"pt-PT","potentialAction":[{"@type":"ReadAction","target":["https:\/\/www.altominho.tv\/site\/2021\/07\/23\/viana-do-castelo-recebe-6-a-etapa-da-volta-a-portugal-a-11-de-agosto\/"]}]},{"@type":"ImageObject","inLanguage":"pt-PT","@id":"https:\/\/www.altominho.tv\/site\/2021\/07\/23\/viana-do-castelo-recebe-6-a-etapa-da-volta-a-portugal-a-11-de-agosto\/#primaryimage","url":"https:\/\/www.altominho.tv\/site\/wp-content\/uploads\/2020\/09\/Volta-a-Portugal_Viana-do-Castelo-740x493-1.jpg","contentUrl":"https:\/\/www.altominho.tv\/site\/wp-content\/uploads\/2020\/09\/Volta-a-Portugal_Viana-do-Castelo-740x493-1.jpg","width":740,"height":493},{"@type":"BreadcrumbList","@id":"https:\/\/www.altominho.tv\/site\/2021\/07\/23\/viana-do-castelo-recebe-6-a-etapa-da-volta-a-portugal-a-11-de-agosto\/#breadcrumb","itemListElement":[{"@type":"ListItem","position":1,"name":"In\u00edcio","item":"https:\/\/www.altominho.tv\/site\/"},{"@type":"ListItem","position":2,"name":"Viana do Castelo recebe 6.\u00aa etapa da Volta a Portugal a 11 de agosto"}]},{"@type":"WebSite","@id":"https:\/\/www.altominho.tv\/site\/#website","url":"https:\/\/www.altominho.tv\/site\/","name":"Altominho.tv","description":"A sua regi\u00e3o \u00e0 dist\u00e2ncia de um clique...","potentialAction":[{"@type":"SearchAction","target":{"@type":"EntryPoint","urlTemplate":"https:\/\/www.altominho.tv\/site\/?s={search_term_string}"},"query-input":{"@type":"PropertyValueSpecification","valueRequired":true,"valueName":"search_term_string"}}],"inLanguage":"pt-PT"},{"@type":"Person","@id":"https:\/\/www.altominho.tv\/site\/#\/schema\/person\/a0bff6dc1041aadd46fa81887444b017","name":"Andreia Ferreira | Lusa","image":{"@type":"ImageObject","inLanguage":"pt-PT","@id":"https:\/\/www.altominho.tv\/site\/wp-content\/uploads\/2018\/04\/Andreia-150x150.jpg","url":"https:\/\/www.altominho.tv\/site\/wp-content\/uploads\/2018\/04\/Andreia-150x150.jpg","contentUrl":"https:\/\/www.altominho.tv\/site\/wp-content\/uploads\/2018\/04\/Andreia-150x150.jpg","caption":"Andreia Ferreira | Lusa"},"sameAs":["https:\/\/www.altominho.tv\/site"],"url":"https:\/\/www.altominho.tv\/site\/author\/andreiaferreiralusa\/"}]}},"_links":{"self":[{"href":"https:\/\/www.altominho.tv\/site\/wp-json\/wp\/v2\/posts\/68666","targetHints":{"allow":["GET"]}}],"collection":[{"href":"https:\/\/www.altominho.tv\/site\/wp-json\/wp\/v2\/posts"}],"about":[{"href":"https:\/\/www.altominho.tv\/site\/wp-json\/wp\/v2\/types\/post"}],"author":[{"embeddable":true,"href":"https:\/\/www.altominho.tv\/site\/wp-json\/wp\/v2\/users\/15"}],"replies":[{"embeddable":true,"href":"https:\/\/www.altominho.tv\/site\/wp-json\/wp\/v2\/comments?post=68666"}],"version-history":[{"count":0,"href":"https:\/\/www.altominho.tv\/site\/wp-json\/wp\/v2\/posts\/68666\/revisions"}],"wp:featuredmedia":[{"embeddable":true,"href":"https:\/\/www.altominho.tv\/site\/wp-json\/wp\/v2\/media\/51905"}],"wp:attachment":[{"href":"https:\/\/www.altominho.tv\/site\/wp-json\/wp\/v2\/media?parent=68666"}],"wp:term":[{"taxonomy":"category","embeddable":true,"href":"https:\/\/www.altominho.tv\/site\/wp-json\/wp\/v2\/categories?post=68666"},{"taxonomy":"post_tag","embeddable":true,"href":"https:\/\/www.altominho.tv\/site\/wp-json\/wp\/v2\/tags?post=68666"}],"curies":[{"name":"wp","href":"https:\/\/api.w.org\/{rel}","templated":true}]}}