{"id":68461,"date":"2021-07-17T13:17:30","date_gmt":"2021-07-17T12:17:30","guid":{"rendered":"https:\/\/www.altominho.tv\/site\/?p=68461"},"modified":"2021-07-17T13:17:32","modified_gmt":"2021-07-17T12:17:32","slug":"dois-mortos-em-despiste-no-acesso-a-ponte-internacional-junto-a-moncao","status":"publish","type":"post","link":"https:\/\/www.altominho.tv\/site\/2021\/07\/17\/dois-mortos-em-despiste-no-acesso-a-ponte-internacional-junto-a-moncao\/","title":{"rendered":"Dois mortos em despiste no acesso a ponte internacional junto a Mon\u00e7\u00e3o"},"content":{"rendered":"<p>Duas pessoas morreram hoje em despiste no acesso do lado portugu\u00eas \u00e0 ponte internacional Mon\u00e7\u00e3o-Salvaterra, no segundo acidente do g\u00e9nero naquele local no intervalo de um m\u00eas, disse fonte dos Bombeiros.<\/p>\n<p>O comandante Jos\u00e9 Passos, dos bombeiros de Mon\u00e7\u00e3o, no distrito de Viana do Castelo, explicou \u00e0 ag\u00eancia Lusa que o acidente se registou cerca das 01h00, quando um autom\u00f3vel em que seguiam dois jovens se despistou numa curva \u00e0 entrada da ponte, caindo num talude.<\/p>\n<p>Os ocupantes, de 25 e 27 anos, tiveram de ser desencarcerados e morreram no local ap\u00f3s manobras de reanima\u00e7\u00e3o infrut\u00edferas.<\/p>\n<p>H\u00e1 cerca de um m\u00eas, disse a fonte, despistou-se no mesmo local outra viatura, um acidente que fez tr\u00eas feridos, todos retirados tamb\u00e9m com equipamento de desencarceramento.<\/p>\n<p>A via onde ocorreram os despistes serve de acesso da estrada nacional 101 \u00e0 ponte sobre o rio Minho e e ao aglomerado urbano galego de Salvaterra de Mi\u00f1o.<\/p>\n<div id='gallery-1' class='gallery galleryid-68461 gallery-columns-3 gallery-size-gridlove-single'><figure class='gallery-item'>\n\t\t\t<div class='gallery-icon portrait'>\n\t\t\t\t<a class=\"gridlove-popup\" href='https:\/\/www.altominho.tv\/site\/wp-content\/uploads\/2021\/07\/Foto_1_.jpg'><img loading=\"lazy\" decoding=\"async\" width=\"740\" height=\"987\" src=\"https:\/\/www.altominho.tv\/site\/wp-content\/uploads\/2021\/07\/Foto_1_-740x987.jpg\" class=\"attachment-gridlove-single size-gridlove-single\" alt=\"\" srcset=\"https:\/\/www.altominho.tv\/site\/wp-content\/uploads\/2021\/07\/Foto_1_-740x987.jpg 740w, https:\/\/www.altominho.tv\/site\/wp-content\/uploads\/2021\/07\/Foto_1_-325x433.jpg 325w, https:\/\/www.altominho.tv\/site\/wp-content\/uploads\/2021\/07\/Foto_1_-768x1024.jpg 768w, https:\/\/www.altominho.tv\/site\/wp-content\/uploads\/2021\/07\/Foto_1_-370x493.jpg 370w, https:\/\/www.altominho.tv\/site\/wp-content\/uploads\/2021\/07\/Foto_1_-270x360.jpg 270w, https:\/\/www.altominho.tv\/site\/wp-content\/uploads\/2021\/07\/Foto_1_-570x760.jpg 570w, https:\/\/www.altominho.tv\/site\/wp-content\/uploads\/2021\/07\/Foto_1_.jpg 900w\" sizes=\"auto, (max-width: 740px) 100vw, 740px\" \/><\/a>\n\t\t\t<\/div><\/figure><figure class='gallery-item'>\n\t\t\t<div class='gallery-icon landscape'>\n\t\t\t\t<a class=\"gridlove-popup\" href='https:\/\/www.altominho.tv\/site\/wp-content\/uploads\/2021\/07\/Foto_2_.jpg'><img loading=\"lazy\" decoding=\"async\" width=\"740\" height=\"555\" src=\"https:\/\/www.altominho.tv\/site\/wp-content\/uploads\/2021\/07\/Foto_2_-740x555.jpg\" class=\"attachment-gridlove-single size-gridlove-single\" alt=\"\" srcset=\"https:\/\/www.altominho.tv\/site\/wp-content\/uploads\/2021\/07\/Foto_2_-740x555.jpg 740w, https:\/\/www.altominho.tv\/site\/wp-content\/uploads\/2021\/07\/Foto_2_-577x433.jpg 577w, https:\/\/www.altominho.tv\/site\/wp-content\/uploads\/2021\/07\/Foto_2_-1024x768.jpg 1024w, https:\/\/www.altominho.tv\/site\/wp-content\/uploads\/2021\/07\/Foto_2_-768x576.jpg 768w, https:\/\/www.altominho.tv\/site\/wp-content\/uploads\/2021\/07\/Foto_2_-370x278.jpg 370w, https:\/\/www.altominho.tv\/site\/wp-content\/uploads\/2021\/07\/Foto_2_-270x203.jpg 270w, https:\/\/www.altominho.tv\/site\/wp-content\/uploads\/2021\/07\/Foto_2_-570x428.jpg 570w, https:\/\/www.altominho.tv\/site\/wp-content\/uploads\/2021\/07\/Foto_2_-80x60.jpg 80w, https:\/\/www.altominho.tv\/site\/wp-content\/uploads\/2021\/07\/Foto_2_.jpg 1280w\" sizes=\"auto, (max-width: 740px) 100vw, 740px\" \/><\/a>\n\t\t\t<\/div><\/figure><figure class='gallery-item'>\n\t\t\t<div class='gallery-icon portrait'>\n\t\t\t\t<a class=\"gridlove-popup\" href='https:\/\/www.altominho.tv\/site\/wp-content\/uploads\/2021\/07\/Foto_3_.jpg'><img loading=\"lazy\" decoding=\"async\" width=\"740\" height=\"987\" src=\"https:\/\/www.altominho.tv\/site\/wp-content\/uploads\/2021\/07\/Foto_3_-740x987.jpg\" class=\"attachment-gridlove-single size-gridlove-single\" alt=\"\" srcset=\"https:\/\/www.altominho.tv\/site\/wp-content\/uploads\/2021\/07\/Foto_3_-740x987.jpg 740w, https:\/\/www.altominho.tv\/site\/wp-content\/uploads\/2021\/07\/Foto_3_-325x433.jpg 325w, https:\/\/www.altominho.tv\/site\/wp-content\/uploads\/2021\/07\/Foto_3_-768x1024.jpg 768w, https:\/\/www.altominho.tv\/site\/wp-content\/uploads\/2021\/07\/Foto_3_-370x493.jpg 370w, https:\/\/www.altominho.tv\/site\/wp-content\/uploads\/2021\/07\/Foto_3_-270x360.jpg 270w, https:\/\/www.altominho.tv\/site\/wp-content\/uploads\/2021\/07\/Foto_3_-570x760.jpg 570w, https:\/\/www.altominho.tv\/site\/wp-content\/uploads\/2021\/07\/Foto_3_.jpg 960w\" sizes=\"auto, (max-width: 740px) 100vw, 740px\" \/><\/a>\n\t\t\t<\/div><\/figure><figure class='gallery-item'>\n\t\t\t<div class='gallery-icon portrait'>\n\t\t\t\t<a class=\"gridlove-popup\" href='https:\/\/www.altominho.tv\/site\/wp-content\/uploads\/2021\/07\/Foto_4_.jpg'><img loading=\"lazy\" decoding=\"async\" width=\"740\" height=\"987\" src=\"https:\/\/www.altominho.tv\/site\/wp-content\/uploads\/2021\/07\/Foto_4_-740x987.jpg\" class=\"attachment-gridlove-single size-gridlove-single\" alt=\"\" srcset=\"https:\/\/www.altominho.tv\/site\/wp-content\/uploads\/2021\/07\/Foto_4_-740x987.jpg 740w, https:\/\/www.altominho.tv\/site\/wp-content\/uploads\/2021\/07\/Foto_4_-325x433.jpg 325w, https:\/\/www.altominho.tv\/site\/wp-content\/uploads\/2021\/07\/Foto_4_-768x1024.jpg 768w, https:\/\/www.altominho.tv\/site\/wp-content\/uploads\/2021\/07\/Foto_4_-370x493.jpg 370w, https:\/\/www.altominho.tv\/site\/wp-content\/uploads\/2021\/07\/Foto_4_-270x360.jpg 270w, https:\/\/www.altominho.tv\/site\/wp-content\/uploads\/2021\/07\/Foto_4_-570x760.jpg 570w, https:\/\/www.altominho.tv\/site\/wp-content\/uploads\/2021\/07\/Foto_4_.jpg 960w\" sizes=\"auto, (max-width: 740px) 100vw, 740px\" \/><\/a>\n\t\t\t<\/div><\/figure><figure class='gallery-item'>\n\t\t\t<div class='gallery-icon portrait'>\n\t\t\t\t<a class=\"gridlove-popup\" href='https:\/\/www.altominho.tv\/site\/wp-content\/uploads\/2021\/07\/Foto_5.jpg'><img loading=\"lazy\" decoding=\"async\" width=\"740\" height=\"985\" src=\"https:\/\/www.altominho.tv\/site\/wp-content\/uploads\/2021\/07\/Foto_5-740x985.jpg\" class=\"attachment-gridlove-single size-gridlove-single\" alt=\"\" srcset=\"https:\/\/www.altominho.tv\/site\/wp-content\/uploads\/2021\/07\/Foto_5-740x985.jpg 740w, https:\/\/www.altominho.tv\/site\/wp-content\/uploads\/2021\/07\/Foto_5-325x433.jpg 325w, https:\/\/www.altominho.tv\/site\/wp-content\/uploads\/2021\/07\/Foto_5-769x1024.jpg 769w, https:\/\/www.altominho.tv\/site\/wp-content\/uploads\/2021\/07\/Foto_5-768x1022.jpg 768w, https:\/\/www.altominho.tv\/site\/wp-content\/uploads\/2021\/07\/Foto_5-370x492.jpg 370w, https:\/\/www.altominho.tv\/site\/wp-content\/uploads\/2021\/07\/Foto_5-270x359.jpg 270w, https:\/\/www.altominho.tv\/site\/wp-content\/uploads\/2021\/07\/Foto_5-570x759.jpg 570w, https:\/\/www.altominho.tv\/site\/wp-content\/uploads\/2021\/07\/Foto_5.jpg 928w\" sizes=\"auto, (max-width: 740px) 100vw, 740px\" \/><\/a>\n\t\t\t<\/div><\/figure><figure class='gallery-item'>\n\t\t\t<div class='gallery-icon portrait'>\n\t\t\t\t<a class=\"gridlove-popup\" href='https:\/\/www.altominho.tv\/site\/wp-content\/uploads\/2021\/07\/Foto_6.jpg'><img loading=\"lazy\" decoding=\"async\" width=\"740\" height=\"986\" src=\"https:\/\/www.altominho.tv\/site\/wp-content\/uploads\/2021\/07\/Foto_6-740x986.jpg\" class=\"attachment-gridlove-single size-gridlove-single\" alt=\"\" srcset=\"https:\/\/www.altominho.tv\/site\/wp-content\/uploads\/2021\/07\/Foto_6-740x986.jpg 740w, https:\/\/www.altominho.tv\/site\/wp-content\/uploads\/2021\/07\/Foto_6-325x433.jpg 325w, https:\/\/www.altominho.tv\/site\/wp-content\/uploads\/2021\/07\/Foto_6-769x1024.jpg 769w, https:\/\/www.altominho.tv\/site\/wp-content\/uploads\/2021\/07\/Foto_6-768x1023.jpg 768w, https:\/\/www.altominho.tv\/site\/wp-content\/uploads\/2021\/07\/Foto_6-370x493.jpg 370w, https:\/\/www.altominho.tv\/site\/wp-content\/uploads\/2021\/07\/Foto_6-270x360.jpg 270w, https:\/\/www.altominho.tv\/site\/wp-content\/uploads\/2021\/07\/Foto_6-570x759.jpg 570w, https:\/\/www.altominho.tv\/site\/wp-content\/uploads\/2021\/07\/Foto_6.jpg 901w\" sizes=\"auto, (max-width: 740px) 100vw, 740px\" \/><\/a>\n\t\t\t<\/div><\/figure>\n\t\t<\/div>\n\n","protected":false},"excerpt":{"rendered":"<p>Duas pessoas morreram hoje em despiste no acesso do lado portugu\u00eas \u00e0 ponte internacional Mon\u00e7\u00e3o-Salvaterra, no segundo acidente do g\u00e9nero naquele local no intervalo de um m\u00eas, disse fonte dos Bombeiros. O comandante Jos\u00e9 Passos, dos bombeiros de Mon\u00e7\u00e3o, no distrito de Viana do Castelo, explicou \u00e0 ag\u00eancia Lusa que o acidente se registou cerca [&hellip;]<\/p>\n","protected":false},"author":13,"featured_media":68462,"comment_status":"closed","ping_status":"closed","sticky":false,"template":"","format":"standard","meta":{"_exactmetrics_skip_tracking":false,"footnotes":""},"categories":[9],"tags":[27],"class_list":["post-68461","post","type-post","status-publish","format-standard","has-post-thumbnail","hentry","category-moncao","tag-sociedade"],"yoast_head":"<!-- This site is optimized with the Yoast SEO Premium plugin v28.3 (Yoast SEO v28.3) - https:\/\/yoast.com\/product\/yoast-seo-premium-wordpress\/ -->\n<title>Dois mortos em despiste no acesso a ponte internacional junto a Mon\u00e7\u00e3o<\/title>\n<meta name=\"robots\" content=\"index, follow, max-snippet:-1, max-image-preview:large, max-video-preview:-1\" \/>\n<link rel=\"canonical\" href=\"https:\/\/www.altominho.tv\/site\/2021\/07\/17\/dois-mortos-em-despiste-no-acesso-a-ponte-internacional-junto-a-moncao\/\" \/>\n<meta property=\"og:locale\" content=\"pt_PT\" \/>\n<meta property=\"og:type\" content=\"article\" \/>\n<meta property=\"og:title\" content=\"Dois mortos em despiste no acesso a ponte internacional junto a Mon\u00e7\u00e3o\" \/>\n<meta property=\"og:description\" content=\"Duas pessoas morreram hoje em despiste no acesso do lado portugu\u00eas \u00e0 ponte internacional Mon\u00e7\u00e3o-Salvaterra, no segundo acidente do g\u00e9nero naquele local no intervalo de um m\u00eas, disse fonte dos Bombeiros. O comandante Jos\u00e9 Passos, dos bombeiros de Mon\u00e7\u00e3o, no distrito de Viana do Castelo, explicou \u00e0 ag\u00eancia Lusa que o acidente se registou cerca [&hellip;]\" \/>\n<meta property=\"og:url\" content=\"https:\/\/www.altominho.tv\/site\/2021\/07\/17\/dois-mortos-em-despiste-no-acesso-a-ponte-internacional-junto-a-moncao\/\" \/>\n<meta property=\"og:site_name\" content=\"Altominho.tv\" \/>\n<meta property=\"article:publisher\" content=\"https:\/\/www.facebook.com\/altominhotv\" \/>\n<meta property=\"article:published_time\" content=\"2021-07-17T12:17:30+00:00\" \/>\n<meta property=\"article:modified_time\" content=\"2021-07-17T12:17:32+00:00\" \/>\n<meta property=\"og:image\" content=\"https:\/\/www.altominho.tv\/site\/wp-content\/uploads\/2021\/07\/Acidente_Ponte_Monc\u0327a\u0303o.jpg\" \/>\n\t<meta property=\"og:image:width\" content=\"1280\" \/>\n\t<meta property=\"og:image:height\" content=\"720\" \/>\n\t<meta property=\"og:image:type\" content=\"image\/jpeg\" \/>\n<meta name=\"author\" content=\"Lusa\" \/>\n<meta name=\"twitter:card\" content=\"summary_large_image\" \/>\n<meta name=\"twitter:creator\" content=\"@altominhoTV\" \/>\n<meta name=\"twitter:site\" content=\"@altominhoTV\" \/>\n<meta name=\"twitter:label1\" content=\"Escrito por\" \/>\n\t<meta name=\"twitter:data1\" content=\"Lusa\" \/>\n\t<meta name=\"twitter:label2\" content=\"Tempo estimado de leitura\" \/>\n\t<meta name=\"twitter:data2\" content=\"1 minuto\" \/>\n<script type=\"application\/ld+json\" class=\"yoast-schema-graph\">{\"@context\":\"https:\\\/\\\/schema.org\",\"@graph\":[{\"@type\":\"Article\",\"@id\":\"https:\\\/\\\/www.altominho.tv\\\/site\\\/2021\\\/07\\\/17\\\/dois-mortos-em-despiste-no-acesso-a-ponte-internacional-junto-a-moncao\\\/#article\",\"isPartOf\":{\"@id\":\"https:\\\/\\\/www.altominho.tv\\\/site\\\/2021\\\/07\\\/17\\\/dois-mortos-em-despiste-no-acesso-a-ponte-internacional-junto-a-moncao\\\/\"},\"author\":{\"name\":\"Lusa\",\"@id\":\"https:\\\/\\\/www.altominho.tv\\\/site\\\/#\\\/schema\\\/person\\\/63f693da3e1899361cbe955c46f3232e\"},\"headline\":\"Dois mortos em despiste no acesso a ponte internacional junto a Mon\u00e7\u00e3o\",\"datePublished\":\"2021-07-17T12:17:30+00:00\",\"dateModified\":\"2021-07-17T12:17:32+00:00\",\"mainEntityOfPage\":{\"@id\":\"https:\\\/\\\/www.altominho.tv\\\/site\\\/2021\\\/07\\\/17\\\/dois-mortos-em-despiste-no-acesso-a-ponte-internacional-junto-a-moncao\\\/\"},\"wordCount\":174,\"image\":{\"@id\":\"https:\\\/\\\/www.altominho.tv\\\/site\\\/2021\\\/07\\\/17\\\/dois-mortos-em-despiste-no-acesso-a-ponte-internacional-junto-a-moncao\\\/#primaryimage\"},\"thumbnailUrl\":\"https:\\\/\\\/www.altominho.tv\\\/site\\\/wp-content\\\/uploads\\\/2021\\\/07\\\/Acidente_Ponte_Monc\u0327a\u0303o.jpg\",\"keywords\":[\"Sociedade\"],\"articleSection\":[\"Mon\u00e7\u00e3o\"],\"inLanguage\":\"pt-PT\",\"copyrightYear\":\"2021\",\"copyrightHolder\":{\"@id\":\"https:\\\/\\\/www.altominho.tv\\\/site\\\/#organization\"}},{\"@type\":\"WebPage\",\"@id\":\"https:\\\/\\\/www.altominho.tv\\\/site\\\/2021\\\/07\\\/17\\\/dois-mortos-em-despiste-no-acesso-a-ponte-internacional-junto-a-moncao\\\/\",\"url\":\"https:\\\/\\\/www.altominho.tv\\\/site\\\/2021\\\/07\\\/17\\\/dois-mortos-em-despiste-no-acesso-a-ponte-internacional-junto-a-moncao\\\/\",\"name\":\"Dois mortos em despiste no acesso a ponte internacional junto a Mon\u00e7\u00e3o\",\"isPartOf\":{\"@id\":\"https:\\\/\\\/www.altominho.tv\\\/site\\\/#website\"},\"primaryImageOfPage\":{\"@id\":\"https:\\\/\\\/www.altominho.tv\\\/site\\\/2021\\\/07\\\/17\\\/dois-mortos-em-despiste-no-acesso-a-ponte-internacional-junto-a-moncao\\\/#primaryimage\"},\"image\":{\"@id\":\"https:\\\/\\\/www.altominho.tv\\\/site\\\/2021\\\/07\\\/17\\\/dois-mortos-em-despiste-no-acesso-a-ponte-internacional-junto-a-moncao\\\/#primaryimage\"},\"thumbnailUrl\":\"https:\\\/\\\/www.altominho.tv\\\/site\\\/wp-content\\\/uploads\\\/2021\\\/07\\\/Acidente_Ponte_Monc\u0327a\u0303o.jpg\",\"datePublished\":\"2021-07-17T12:17:30+00:00\",\"dateModified\":\"2021-07-17T12:17:32+00:00\",\"author\":{\"@id\":\"https:\\\/\\\/www.altominho.tv\\\/site\\\/#\\\/schema\\\/person\\\/63f693da3e1899361cbe955c46f3232e\"},\"breadcrumb\":{\"@id\":\"https:\\\/\\\/www.altominho.tv\\\/site\\\/2021\\\/07\\\/17\\\/dois-mortos-em-despiste-no-acesso-a-ponte-internacional-junto-a-moncao\\\/#breadcrumb\"},\"inLanguage\":\"pt-PT\",\"potentialAction\":[{\"@type\":\"ReadAction\",\"target\":[\"https:\\\/\\\/www.altominho.tv\\\/site\\\/2021\\\/07\\\/17\\\/dois-mortos-em-despiste-no-acesso-a-ponte-internacional-junto-a-moncao\\\/\"]}]},{\"@type\":\"ImageObject\",\"inLanguage\":\"pt-PT\",\"@id\":\"https:\\\/\\\/www.altominho.tv\\\/site\\\/2021\\\/07\\\/17\\\/dois-mortos-em-despiste-no-acesso-a-ponte-internacional-junto-a-moncao\\\/#primaryimage\",\"url\":\"https:\\\/\\\/www.altominho.tv\\\/site\\\/wp-content\\\/uploads\\\/2021\\\/07\\\/Acidente_Ponte_Monc\u0327a\u0303o.jpg\",\"contentUrl\":\"https:\\\/\\\/www.altominho.tv\\\/site\\\/wp-content\\\/uploads\\\/2021\\\/07\\\/Acidente_Ponte_Monc\u0327a\u0303o.jpg\",\"width\":1280,\"height\":720,\"caption\":\"AltominhoTV\"},{\"@type\":\"BreadcrumbList\",\"@id\":\"https:\\\/\\\/www.altominho.tv\\\/site\\\/2021\\\/07\\\/17\\\/dois-mortos-em-despiste-no-acesso-a-ponte-internacional-junto-a-moncao\\\/#breadcrumb\",\"itemListElement\":[{\"@type\":\"ListItem\",\"position\":1,\"name\":\"In\u00edcio\",\"item\":\"https:\\\/\\\/www.altominho.tv\\\/site\\\/\"},{\"@type\":\"ListItem\",\"position\":2,\"name\":\"Dois mortos em despiste no acesso a ponte internacional junto a Mon\u00e7\u00e3o\"}]},{\"@type\":\"WebSite\",\"@id\":\"https:\\\/\\\/www.altominho.tv\\\/site\\\/#website\",\"url\":\"https:\\\/\\\/www.altominho.tv\\\/site\\\/\",\"name\":\"Altominho.tv\",\"description\":\"A sua regi\u00e3o \u00e0 dist\u00e2ncia de um clique...\",\"potentialAction\":[{\"@type\":\"SearchAction\",\"target\":{\"@type\":\"EntryPoint\",\"urlTemplate\":\"https:\\\/\\\/www.altominho.tv\\\/site\\\/?s={search_term_string}\"},\"query-input\":{\"@type\":\"PropertyValueSpecification\",\"valueRequired\":true,\"valueName\":\"search_term_string\"}}],\"inLanguage\":\"pt-PT\"},{\"@type\":\"Person\",\"@id\":\"https:\\\/\\\/www.altominho.tv\\\/site\\\/#\\\/schema\\\/person\\\/63f693da3e1899361cbe955c46f3232e\",\"name\":\"Lusa\",\"image\":{\"@type\":\"ImageObject\",\"inLanguage\":\"pt-PT\",\"@id\":\"https:\\\/\\\/www.altominho.tv\\\/site\\\/wp-content\\\/uploads\\\/2019\\\/08\\\/LUSA_Logo.gif\",\"url\":\"https:\\\/\\\/www.altominho.tv\\\/site\\\/wp-content\\\/uploads\\\/2019\\\/08\\\/LUSA_Logo.gif\",\"contentUrl\":\"https:\\\/\\\/www.altominho.tv\\\/site\\\/wp-content\\\/uploads\\\/2019\\\/08\\\/LUSA_Logo.gif\",\"caption\":\"Lusa\"},\"sameAs\":[\"http:\\\/\\\/\\\/\\\/www.altominho.tv\\\/site\"],\"url\":\"https:\\\/\\\/www.altominho.tv\\\/site\\\/author\\\/lusa\\\/\"}]}<\/script>\n<!-- \/ Yoast SEO Premium plugin. -->","yoast_head_json":{"title":"Dois mortos em despiste no acesso a ponte internacional junto a Mon\u00e7\u00e3o","robots":{"index":"index","follow":"follow","max-snippet":"max-snippet:-1","max-image-preview":"max-image-preview:large","max-video-preview":"max-video-preview:-1"},"canonical":"https:\/\/www.altominho.tv\/site\/2021\/07\/17\/dois-mortos-em-despiste-no-acesso-a-ponte-internacional-junto-a-moncao\/","og_locale":"pt_PT","og_type":"article","og_title":"Dois mortos em despiste no acesso a ponte internacional junto a Mon\u00e7\u00e3o","og_description":"Duas pessoas morreram hoje em despiste no acesso do lado portugu\u00eas \u00e0 ponte internacional Mon\u00e7\u00e3o-Salvaterra, no segundo acidente do g\u00e9nero naquele local no intervalo de um m\u00eas, disse fonte dos Bombeiros. O comandante Jos\u00e9 Passos, dos bombeiros de Mon\u00e7\u00e3o, no distrito de Viana do Castelo, explicou \u00e0 ag\u00eancia Lusa que o acidente se registou cerca [&hellip;]","og_url":"https:\/\/www.altominho.tv\/site\/2021\/07\/17\/dois-mortos-em-despiste-no-acesso-a-ponte-internacional-junto-a-moncao\/","og_site_name":"Altominho.tv","article_publisher":"https:\/\/www.facebook.com\/altominhotv","article_published_time":"2021-07-17T12:17:30+00:00","article_modified_time":"2021-07-17T12:17:32+00:00","og_image":[{"width":1280,"height":720,"url":"https:\/\/www.altominho.tv\/site\/wp-content\/uploads\/2021\/07\/Acidente_Ponte_Monc\u0327a\u0303o.jpg","type":"image\/jpeg"}],"author":"Lusa","twitter_card":"summary_large_image","twitter_creator":"@altominhoTV","twitter_site":"@altominhoTV","twitter_misc":{"Escrito por":"Lusa","Tempo estimado de leitura":"1 minuto"},"schema":{"@context":"https:\/\/schema.org","@graph":[{"@type":"Article","@id":"https:\/\/www.altominho.tv\/site\/2021\/07\/17\/dois-mortos-em-despiste-no-acesso-a-ponte-internacional-junto-a-moncao\/#article","isPartOf":{"@id":"https:\/\/www.altominho.tv\/site\/2021\/07\/17\/dois-mortos-em-despiste-no-acesso-a-ponte-internacional-junto-a-moncao\/"},"author":{"name":"Lusa","@id":"https:\/\/www.altominho.tv\/site\/#\/schema\/person\/63f693da3e1899361cbe955c46f3232e"},"headline":"Dois mortos em despiste no acesso a ponte internacional junto a Mon\u00e7\u00e3o","datePublished":"2021-07-17T12:17:30+00:00","dateModified":"2021-07-17T12:17:32+00:00","mainEntityOfPage":{"@id":"https:\/\/www.altominho.tv\/site\/2021\/07\/17\/dois-mortos-em-despiste-no-acesso-a-ponte-internacional-junto-a-moncao\/"},"wordCount":174,"image":{"@id":"https:\/\/www.altominho.tv\/site\/2021\/07\/17\/dois-mortos-em-despiste-no-acesso-a-ponte-internacional-junto-a-moncao\/#primaryimage"},"thumbnailUrl":"https:\/\/www.altominho.tv\/site\/wp-content\/uploads\/2021\/07\/Acidente_Ponte_Monc\u0327a\u0303o.jpg","keywords":["Sociedade"],"articleSection":["Mon\u00e7\u00e3o"],"inLanguage":"pt-PT","copyrightYear":"2021","copyrightHolder":{"@id":"https:\/\/www.altominho.tv\/site\/#organization"}},{"@type":"WebPage","@id":"https:\/\/www.altominho.tv\/site\/2021\/07\/17\/dois-mortos-em-despiste-no-acesso-a-ponte-internacional-junto-a-moncao\/","url":"https:\/\/www.altominho.tv\/site\/2021\/07\/17\/dois-mortos-em-despiste-no-acesso-a-ponte-internacional-junto-a-moncao\/","name":"Dois mortos em despiste no acesso a ponte internacional junto a Mon\u00e7\u00e3o","isPartOf":{"@id":"https:\/\/www.altominho.tv\/site\/#website"},"primaryImageOfPage":{"@id":"https:\/\/www.altominho.tv\/site\/2021\/07\/17\/dois-mortos-em-despiste-no-acesso-a-ponte-internacional-junto-a-moncao\/#primaryimage"},"image":{"@id":"https:\/\/www.altominho.tv\/site\/2021\/07\/17\/dois-mortos-em-despiste-no-acesso-a-ponte-internacional-junto-a-moncao\/#primaryimage"},"thumbnailUrl":"https:\/\/www.altominho.tv\/site\/wp-content\/uploads\/2021\/07\/Acidente_Ponte_Monc\u0327a\u0303o.jpg","datePublished":"2021-07-17T12:17:30+00:00","dateModified":"2021-07-17T12:17:32+00:00","author":{"@id":"https:\/\/www.altominho.tv\/site\/#\/schema\/person\/63f693da3e1899361cbe955c46f3232e"},"breadcrumb":{"@id":"https:\/\/www.altominho.tv\/site\/2021\/07\/17\/dois-mortos-em-despiste-no-acesso-a-ponte-internacional-junto-a-moncao\/#breadcrumb"},"inLanguage":"pt-PT","potentialAction":[{"@type":"ReadAction","target":["https:\/\/www.altominho.tv\/site\/2021\/07\/17\/dois-mortos-em-despiste-no-acesso-a-ponte-internacional-junto-a-moncao\/"]}]},{"@type":"ImageObject","inLanguage":"pt-PT","@id":"https:\/\/www.altominho.tv\/site\/2021\/07\/17\/dois-mortos-em-despiste-no-acesso-a-ponte-internacional-junto-a-moncao\/#primaryimage","url":"https:\/\/www.altominho.tv\/site\/wp-content\/uploads\/2021\/07\/Acidente_Ponte_Monc\u0327a\u0303o.jpg","contentUrl":"https:\/\/www.altominho.tv\/site\/wp-content\/uploads\/2021\/07\/Acidente_Ponte_Monc\u0327a\u0303o.jpg","width":1280,"height":720,"caption":"AltominhoTV"},{"@type":"BreadcrumbList","@id":"https:\/\/www.altominho.tv\/site\/2021\/07\/17\/dois-mortos-em-despiste-no-acesso-a-ponte-internacional-junto-a-moncao\/#breadcrumb","itemListElement":[{"@type":"ListItem","position":1,"name":"In\u00edcio","item":"https:\/\/www.altominho.tv\/site\/"},{"@type":"ListItem","position":2,"name":"Dois mortos em despiste no acesso a ponte internacional junto a Mon\u00e7\u00e3o"}]},{"@type":"WebSite","@id":"https:\/\/www.altominho.tv\/site\/#website","url":"https:\/\/www.altominho.tv\/site\/","name":"Altominho.tv","description":"A sua regi\u00e3o \u00e0 dist\u00e2ncia de um clique...","potentialAction":[{"@type":"SearchAction","target":{"@type":"EntryPoint","urlTemplate":"https:\/\/www.altominho.tv\/site\/?s={search_term_string}"},"query-input":{"@type":"PropertyValueSpecification","valueRequired":true,"valueName":"search_term_string"}}],"inLanguage":"pt-PT"},{"@type":"Person","@id":"https:\/\/www.altominho.tv\/site\/#\/schema\/person\/63f693da3e1899361cbe955c46f3232e","name":"Lusa","image":{"@type":"ImageObject","inLanguage":"pt-PT","@id":"https:\/\/www.altominho.tv\/site\/wp-content\/uploads\/2019\/08\/LUSA_Logo.gif","url":"https:\/\/www.altominho.tv\/site\/wp-content\/uploads\/2019\/08\/LUSA_Logo.gif","contentUrl":"https:\/\/www.altominho.tv\/site\/wp-content\/uploads\/2019\/08\/LUSA_Logo.gif","caption":"Lusa"},"sameAs":["http:\/\/\/\/www.altominho.tv\/site"],"url":"https:\/\/www.altominho.tv\/site\/author\/lusa\/"}]}},"_links":{"self":[{"href":"https:\/\/www.altominho.tv\/site\/wp-json\/wp\/v2\/posts\/68461","targetHints":{"allow":["GET"]}}],"collection":[{"href":"https:\/\/www.altominho.tv\/site\/wp-json\/wp\/v2\/posts"}],"about":[{"href":"https:\/\/www.altominho.tv\/site\/wp-json\/wp\/v2\/types\/post"}],"author":[{"embeddable":true,"href":"https:\/\/www.altominho.tv\/site\/wp-json\/wp\/v2\/users\/13"}],"replies":[{"embeddable":true,"href":"https:\/\/www.altominho.tv\/site\/wp-json\/wp\/v2\/comments?post=68461"}],"version-history":[{"count":0,"href":"https:\/\/www.altominho.tv\/site\/wp-json\/wp\/v2\/posts\/68461\/revisions"}],"wp:featuredmedia":[{"embeddable":true,"href":"https:\/\/www.altominho.tv\/site\/wp-json\/wp\/v2\/media\/68462"}],"wp:attachment":[{"href":"https:\/\/www.altominho.tv\/site\/wp-json\/wp\/v2\/media?parent=68461"}],"wp:term":[{"taxonomy":"category","embeddable":true,"href":"https:\/\/www.altominho.tv\/site\/wp-json\/wp\/v2\/categories?post=68461"},{"taxonomy":"post_tag","embeddable":true,"href":"https:\/\/www.altominho.tv\/site\/wp-json\/wp\/v2\/tags?post=68461"}],"curies":[{"name":"wp","href":"https:\/\/api.w.org\/{rel}","templated":true}]}}