{"id":68369,"date":"2021-07-14T16:40:16","date_gmt":"2021-07-14T15:40:16","guid":{"rendered":"https:\/\/www.altominho.tv\/site\/?p=68369"},"modified":"2021-07-14T16:40:21","modified_gmt":"2021-07-14T15:40:21","slug":"portugal-e-espanha-comprometidos-com-estatuto-para-trabalhadores-transfronteiricos","status":"publish","type":"post","link":"https:\/\/www.altominho.tv\/site\/2021\/07\/14\/portugal-e-espanha-comprometidos-com-estatuto-para-trabalhadores-transfronteiricos\/","title":{"rendered":"Portugal e Espanha comprometidos com estatuto para trabalhadores transfronteiri\u00e7os"},"content":{"rendered":"<p>A ministra do Trabalho disse hoje que \u201ch\u00e1 um compromisso\u201d entre Portugal e Espanha de aprovar o Estatuto dos Trabalhadores Transfronteiri\u00e7os, adiantando que no pr\u00f3ximo encontro entre os Governos dos dois pa\u00edses ser\u00e1 apresentado um esbo\u00e7o desse reconhecimento.<\/p>\n<p>\u201cTemos tido reuni\u00f5es conjuntas com o Governo espanhol. Os trabalhos v\u00e3o continuar. N\u00e3o h\u00e1 um prazo definido para a aprova\u00e7\u00e3o do Estatuto do Trabalhador Transfronteiri\u00e7o. N\u00e3o h\u00e1 um prazo, mas quando tivermos a pr\u00f3xima reuni\u00e3o com os ministros espanh\u00f3is do Trabalho e da Seguran\u00e7a Social ser\u00e1 apresentado um esbo\u00e7o desse reconhecimento\u201d, afirmou Ana Mendes Godinho.<\/p>\n<p>A governante, que falava aos jornalistas no final de uma reuni\u00e3o de trabalho com o gabinete de coordena\u00e7\u00e3o do EURES Transfronteiri\u00e7o Norte Portugal \u2013 Galiza, situado na cidade de Valen\u00e7a, no distrito e Viana do Castelo, adiantou que aquele estatuto ser\u00e1 uma \u201coportunidade para cada vez mais dinamizar os territ\u00f3rios da raia, que podem ser, de facto, uma fonte de atra\u00e7\u00e3o e fixa\u00e7\u00e3o de jovens, de empresas, de trabalhadores\u201d.<\/p>\n<p>Na sess\u00e3o de trabalho, onde tamb\u00e9m participaram v\u00e1rios trabalhadores transfronteiri\u00e7os, foram \u201cidentificados\u201d os problemas e obst\u00e1culos com que se debatem os trabalhadores transfronteiri\u00e7os.<\/p>\n<p>A ministra do Trabalho apontou \u201ca dificuldade no acesso a servi\u00e7os, mesmo os que est\u00e3o dispon\u00edveis nas plataformas digitais\u201d, pelo facto de esses trabalhadores \u201cn\u00e3o disporem de n\u00famero de contribuinte ou da Seguran\u00e7a Social\u201d.<\/p>\n<p>\u201cEstamos a ver como podemos implementar altera\u00e7\u00f5es para otimizar e para melhorar a capacidade na rela\u00e7\u00e3o com os 12 mil trabalhadores transfronteiri\u00e7os que est\u00e3o inscritos na Seguran\u00e7a Social em Portugal, residindo em Espanha ou vice-versa\u201d, especificou.<\/p>\n<p>Ana Mendes Godinho disse ainda ter sido informada da \u201cdificuldade dos trabalhadores transfronteiri\u00e7os terem conhecimentos dos seus direitos e deveres, que depois se coloca ao n\u00edvel da sua mobilidade e a complexidade de acesso a servi\u00e7os, de um lado e do outro da fronteira, por falta de alguns elementos que s\u00e3o exigidos em cada um dos pa\u00edses\u201d.<\/p>\n<p>Defendeu ainda a necessidade de \u201ccompatibilizar os regimes fiscais, diferentes nos pa\u00edses, e agilizar o acesso desses trabalhadores \u201ca presta\u00e7\u00f5es sociais e repostas relacionadas com a inf\u00e2ncia\u201d.<\/p>\n<p>\u201c\u00c9 preciso criarmos regras que, por um lado simplifiquem o reconhecimento dos trabalhadores transfronteiri\u00e7os para terem um estatuto que lhes permita melhorar a rela\u00e7\u00e3o com as v\u00e1rias administra\u00e7\u00f5es p\u00fablicas e os v\u00e1rios servi\u00e7os de um e do outro lado da fronteira\u201d, sustentou.<\/p>\n<p>Ana Mendes Godinho considerou que a reuni\u00e3o de hoje com o EURES Transfronteiri\u00e7o Norte Portugal \u2013 Galiza \u201cfoi muito \u00fatil\u201d por terem sido \u201cidentificadas quest\u00f5es at\u00e9 muito pragm\u00e1ticas, mas que com o cruzamento de informa\u00e7\u00e3o ser\u00e1 poss\u00edvel \u201cultrapassar e resolver\u201d.<\/p>\n<p>Durante a sess\u00e3o, inicialmente aberta \u00e0 participa\u00e7\u00e3o dos jornalistas, a ministra disse que com a cria\u00e7\u00e3o deste Estatuto do Trabalhador Transfronteiri\u00e7o o objetivo dos Governos de Portugal e Espanha passa ainda pela cria\u00e7\u00e3o de um programa conjunto que possibilite, entre outras medidas, a realiza\u00e7\u00e3o de est\u00e1gios profissionais.<\/p>\n<p>\u201cEsta \u00e9 uma oportunidade para atrair jovens, novos talentos para a raia\u201d, sustentou.<br \/>\nA coordenadora do Gabinete do EURES Transfronteiri\u00e7o Norte Portugal \u2013 Galiza em Valen\u00e7a, Teresa Ventin, apontou \u201cfalhas nos procedimentos legais, que s\u00e3o demorados, excessivamente complicados, lentos e desconhecidos pelas pessoas\u201d.<\/p>\n<p>Disse que a circula\u00e7\u00e3o entre o Norte de Portugal e a Galiza \u201cprecisa de enquadramento legal\u201d.<\/p>\n<p>\u201cEst\u00e1 estruturada para as pessoas que trabalham e residem no mesmo pa\u00eds, e essa situa\u00e7\u00e3o agravou-se com a pandemia de covid-19\u201d, referiu durante a reuni\u00e3o com a ministra do Trabalho.<\/p>\n","protected":false},"excerpt":{"rendered":"<p>A ministra do Trabalho disse hoje que \u201ch\u00e1 um compromisso\u201d entre Portugal e Espanha de aprovar o Estatuto dos Trabalhadores Transfronteiri\u00e7os, adiantando que no pr\u00f3ximo encontro entre os Governos dos dois pa\u00edses ser\u00e1 apresentado um esbo\u00e7o desse reconhecimento. \u201cTemos tido reuni\u00f5es conjuntas com o Governo espanhol. Os trabalhos v\u00e3o continuar. N\u00e3o h\u00e1 um prazo definido [&hellip;]<\/p>\n","protected":false},"author":13,"featured_media":68370,"comment_status":"closed","ping_status":"closed","sticky":false,"template":"","format":"standard","meta":{"_exactmetrics_skip_tracking":false,"footnotes":""},"categories":[73],"tags":[27],"class_list":["post-68369","post","type-post","status-publish","format-standard","has-post-thumbnail","hentry","category-alto-minho","tag-sociedade"],"yoast_head":"<!-- This site is optimized with the Yoast SEO Premium plugin v28.3 (Yoast SEO v28.3) - https:\/\/yoast.com\/product\/yoast-seo-premium-wordpress\/ -->\n<title>Portugal e Espanha comprometidos com estatuto para trabalhadores transfronteiri\u00e7os<\/title>\n<meta name=\"robots\" content=\"index, follow, max-snippet:-1, max-image-preview:large, max-video-preview:-1\" \/>\n<link rel=\"canonical\" href=\"https:\/\/www.altominho.tv\/site\/2021\/07\/14\/portugal-e-espanha-comprometidos-com-estatuto-para-trabalhadores-transfronteiricos\/\" \/>\n<meta property=\"og:locale\" content=\"pt_PT\" \/>\n<meta property=\"og:type\" content=\"article\" \/>\n<meta property=\"og:title\" content=\"Portugal e Espanha comprometidos com estatuto para trabalhadores transfronteiri\u00e7os\" \/>\n<meta property=\"og:description\" content=\"A ministra do Trabalho disse hoje que \u201ch\u00e1 um compromisso\u201d entre Portugal e Espanha de aprovar o Estatuto dos Trabalhadores Transfronteiri\u00e7os, adiantando que no pr\u00f3ximo encontro entre os Governos dos dois pa\u00edses ser\u00e1 apresentado um esbo\u00e7o desse reconhecimento. \u201cTemos tido reuni\u00f5es conjuntas com o Governo espanhol. Os trabalhos v\u00e3o continuar. N\u00e3o h\u00e1 um prazo definido [&hellip;]\" \/>\n<meta property=\"og:url\" content=\"https:\/\/www.altominho.tv\/site\/2021\/07\/14\/portugal-e-espanha-comprometidos-com-estatuto-para-trabalhadores-transfronteiricos\/\" \/>\n<meta property=\"og:site_name\" content=\"Altominho.tv\" \/>\n<meta property=\"article:publisher\" content=\"https:\/\/www.facebook.com\/altominhotv\" \/>\n<meta property=\"article:published_time\" content=\"2021-07-14T15:40:16+00:00\" \/>\n<meta property=\"article:modified_time\" content=\"2021-07-14T15:40:21+00:00\" \/>\n<meta property=\"og:image\" content=\"https:\/\/www.altominho.tv\/site\/wp-content\/uploads\/2021\/07\/Portugal_Placa_Fronteira-740x389-1.jpg\" \/>\n\t<meta property=\"og:image:width\" content=\"740\" \/>\n\t<meta property=\"og:image:height\" content=\"389\" \/>\n\t<meta property=\"og:image:type\" content=\"image\/jpeg\" \/>\n<meta name=\"author\" content=\"Lusa\" \/>\n<meta name=\"twitter:card\" content=\"summary_large_image\" \/>\n<meta name=\"twitter:creator\" content=\"@altominhoTV\" \/>\n<meta name=\"twitter:site\" content=\"@altominhoTV\" \/>\n<meta name=\"twitter:label1\" content=\"Escrito por\" \/>\n\t<meta name=\"twitter:data1\" content=\"Lusa\" \/>\n\t<meta name=\"twitter:label2\" content=\"Tempo estimado de leitura\" \/>\n\t<meta name=\"twitter:data2\" content=\"3 minutos\" \/>\n<script type=\"application\/ld+json\" class=\"yoast-schema-graph\">{\"@context\":\"https:\\\/\\\/schema.org\",\"@graph\":[{\"@type\":\"Article\",\"@id\":\"https:\\\/\\\/www.altominho.tv\\\/site\\\/2021\\\/07\\\/14\\\/portugal-e-espanha-comprometidos-com-estatuto-para-trabalhadores-transfronteiricos\\\/#article\",\"isPartOf\":{\"@id\":\"https:\\\/\\\/www.altominho.tv\\\/site\\\/2021\\\/07\\\/14\\\/portugal-e-espanha-comprometidos-com-estatuto-para-trabalhadores-transfronteiricos\\\/\"},\"author\":{\"name\":\"Lusa\",\"@id\":\"https:\\\/\\\/www.altominho.tv\\\/site\\\/#\\\/schema\\\/person\\\/63f693da3e1899361cbe955c46f3232e\"},\"headline\":\"Portugal e Espanha comprometidos com estatuto para trabalhadores transfronteiri\u00e7os\",\"datePublished\":\"2021-07-14T15:40:16+00:00\",\"dateModified\":\"2021-07-14T15:40:21+00:00\",\"mainEntityOfPage\":{\"@id\":\"https:\\\/\\\/www.altominho.tv\\\/site\\\/2021\\\/07\\\/14\\\/portugal-e-espanha-comprometidos-com-estatuto-para-trabalhadores-transfronteiricos\\\/\"},\"wordCount\":634,\"image\":{\"@id\":\"https:\\\/\\\/www.altominho.tv\\\/site\\\/2021\\\/07\\\/14\\\/portugal-e-espanha-comprometidos-com-estatuto-para-trabalhadores-transfronteiricos\\\/#primaryimage\"},\"thumbnailUrl\":\"https:\\\/\\\/www.altominho.tv\\\/site\\\/wp-content\\\/uploads\\\/2021\\\/07\\\/Portugal_Placa_Fronteira-740x389-1.jpg\",\"keywords\":[\"Sociedade\"],\"articleSection\":[\"Alto Minho\"],\"inLanguage\":\"pt-PT\",\"copyrightYear\":\"2021\",\"copyrightHolder\":{\"@id\":\"https:\\\/\\\/www.altominho.tv\\\/site\\\/#organization\"}},{\"@type\":\"WebPage\",\"@id\":\"https:\\\/\\\/www.altominho.tv\\\/site\\\/2021\\\/07\\\/14\\\/portugal-e-espanha-comprometidos-com-estatuto-para-trabalhadores-transfronteiricos\\\/\",\"url\":\"https:\\\/\\\/www.altominho.tv\\\/site\\\/2021\\\/07\\\/14\\\/portugal-e-espanha-comprometidos-com-estatuto-para-trabalhadores-transfronteiricos\\\/\",\"name\":\"Portugal e Espanha comprometidos com estatuto para trabalhadores transfronteiri\u00e7os\",\"isPartOf\":{\"@id\":\"https:\\\/\\\/www.altominho.tv\\\/site\\\/#website\"},\"primaryImageOfPage\":{\"@id\":\"https:\\\/\\\/www.altominho.tv\\\/site\\\/2021\\\/07\\\/14\\\/portugal-e-espanha-comprometidos-com-estatuto-para-trabalhadores-transfronteiricos\\\/#primaryimage\"},\"image\":{\"@id\":\"https:\\\/\\\/www.altominho.tv\\\/site\\\/2021\\\/07\\\/14\\\/portugal-e-espanha-comprometidos-com-estatuto-para-trabalhadores-transfronteiricos\\\/#primaryimage\"},\"thumbnailUrl\":\"https:\\\/\\\/www.altominho.tv\\\/site\\\/wp-content\\\/uploads\\\/2021\\\/07\\\/Portugal_Placa_Fronteira-740x389-1.jpg\",\"datePublished\":\"2021-07-14T15:40:16+00:00\",\"dateModified\":\"2021-07-14T15:40:21+00:00\",\"author\":{\"@id\":\"https:\\\/\\\/www.altominho.tv\\\/site\\\/#\\\/schema\\\/person\\\/63f693da3e1899361cbe955c46f3232e\"},\"breadcrumb\":{\"@id\":\"https:\\\/\\\/www.altominho.tv\\\/site\\\/2021\\\/07\\\/14\\\/portugal-e-espanha-comprometidos-com-estatuto-para-trabalhadores-transfronteiricos\\\/#breadcrumb\"},\"inLanguage\":\"pt-PT\",\"potentialAction\":[{\"@type\":\"ReadAction\",\"target\":[\"https:\\\/\\\/www.altominho.tv\\\/site\\\/2021\\\/07\\\/14\\\/portugal-e-espanha-comprometidos-com-estatuto-para-trabalhadores-transfronteiricos\\\/\"]}]},{\"@type\":\"ImageObject\",\"inLanguage\":\"pt-PT\",\"@id\":\"https:\\\/\\\/www.altominho.tv\\\/site\\\/2021\\\/07\\\/14\\\/portugal-e-espanha-comprometidos-com-estatuto-para-trabalhadores-transfronteiricos\\\/#primaryimage\",\"url\":\"https:\\\/\\\/www.altominho.tv\\\/site\\\/wp-content\\\/uploads\\\/2021\\\/07\\\/Portugal_Placa_Fronteira-740x389-1.jpg\",\"contentUrl\":\"https:\\\/\\\/www.altominho.tv\\\/site\\\/wp-content\\\/uploads\\\/2021\\\/07\\\/Portugal_Placa_Fronteira-740x389-1.jpg\",\"width\":740,\"height\":389},{\"@type\":\"BreadcrumbList\",\"@id\":\"https:\\\/\\\/www.altominho.tv\\\/site\\\/2021\\\/07\\\/14\\\/portugal-e-espanha-comprometidos-com-estatuto-para-trabalhadores-transfronteiricos\\\/#breadcrumb\",\"itemListElement\":[{\"@type\":\"ListItem\",\"position\":1,\"name\":\"In\u00edcio\",\"item\":\"https:\\\/\\\/www.altominho.tv\\\/site\\\/\"},{\"@type\":\"ListItem\",\"position\":2,\"name\":\"Portugal e Espanha comprometidos com estatuto para trabalhadores transfronteiri\u00e7os\"}]},{\"@type\":\"WebSite\",\"@id\":\"https:\\\/\\\/www.altominho.tv\\\/site\\\/#website\",\"url\":\"https:\\\/\\\/www.altominho.tv\\\/site\\\/\",\"name\":\"Altominho.tv\",\"description\":\"A sua regi\u00e3o \u00e0 dist\u00e2ncia de um clique...\",\"potentialAction\":[{\"@type\":\"SearchAction\",\"target\":{\"@type\":\"EntryPoint\",\"urlTemplate\":\"https:\\\/\\\/www.altominho.tv\\\/site\\\/?s={search_term_string}\"},\"query-input\":{\"@type\":\"PropertyValueSpecification\",\"valueRequired\":true,\"valueName\":\"search_term_string\"}}],\"inLanguage\":\"pt-PT\"},{\"@type\":\"Person\",\"@id\":\"https:\\\/\\\/www.altominho.tv\\\/site\\\/#\\\/schema\\\/person\\\/63f693da3e1899361cbe955c46f3232e\",\"name\":\"Lusa\",\"image\":{\"@type\":\"ImageObject\",\"inLanguage\":\"pt-PT\",\"@id\":\"https:\\\/\\\/www.altominho.tv\\\/site\\\/wp-content\\\/uploads\\\/2019\\\/08\\\/LUSA_Logo.gif\",\"url\":\"https:\\\/\\\/www.altominho.tv\\\/site\\\/wp-content\\\/uploads\\\/2019\\\/08\\\/LUSA_Logo.gif\",\"contentUrl\":\"https:\\\/\\\/www.altominho.tv\\\/site\\\/wp-content\\\/uploads\\\/2019\\\/08\\\/LUSA_Logo.gif\",\"caption\":\"Lusa\"},\"sameAs\":[\"http:\\\/\\\/\\\/\\\/www.altominho.tv\\\/site\"],\"url\":\"https:\\\/\\\/www.altominho.tv\\\/site\\\/author\\\/lusa\\\/\"}]}<\/script>\n<!-- \/ Yoast SEO Premium plugin. -->","yoast_head_json":{"title":"Portugal e Espanha comprometidos com estatuto para trabalhadores transfronteiri\u00e7os","robots":{"index":"index","follow":"follow","max-snippet":"max-snippet:-1","max-image-preview":"max-image-preview:large","max-video-preview":"max-video-preview:-1"},"canonical":"https:\/\/www.altominho.tv\/site\/2021\/07\/14\/portugal-e-espanha-comprometidos-com-estatuto-para-trabalhadores-transfronteiricos\/","og_locale":"pt_PT","og_type":"article","og_title":"Portugal e Espanha comprometidos com estatuto para trabalhadores transfronteiri\u00e7os","og_description":"A ministra do Trabalho disse hoje que \u201ch\u00e1 um compromisso\u201d entre Portugal e Espanha de aprovar o Estatuto dos Trabalhadores Transfronteiri\u00e7os, adiantando que no pr\u00f3ximo encontro entre os Governos dos dois pa\u00edses ser\u00e1 apresentado um esbo\u00e7o desse reconhecimento. \u201cTemos tido reuni\u00f5es conjuntas com o Governo espanhol. Os trabalhos v\u00e3o continuar. N\u00e3o h\u00e1 um prazo definido [&hellip;]","og_url":"https:\/\/www.altominho.tv\/site\/2021\/07\/14\/portugal-e-espanha-comprometidos-com-estatuto-para-trabalhadores-transfronteiricos\/","og_site_name":"Altominho.tv","article_publisher":"https:\/\/www.facebook.com\/altominhotv","article_published_time":"2021-07-14T15:40:16+00:00","article_modified_time":"2021-07-14T15:40:21+00:00","og_image":[{"width":740,"height":389,"url":"https:\/\/www.altominho.tv\/site\/wp-content\/uploads\/2021\/07\/Portugal_Placa_Fronteira-740x389-1.jpg","type":"image\/jpeg"}],"author":"Lusa","twitter_card":"summary_large_image","twitter_creator":"@altominhoTV","twitter_site":"@altominhoTV","twitter_misc":{"Escrito por":"Lusa","Tempo estimado de leitura":"3 minutos"},"schema":{"@context":"https:\/\/schema.org","@graph":[{"@type":"Article","@id":"https:\/\/www.altominho.tv\/site\/2021\/07\/14\/portugal-e-espanha-comprometidos-com-estatuto-para-trabalhadores-transfronteiricos\/#article","isPartOf":{"@id":"https:\/\/www.altominho.tv\/site\/2021\/07\/14\/portugal-e-espanha-comprometidos-com-estatuto-para-trabalhadores-transfronteiricos\/"},"author":{"name":"Lusa","@id":"https:\/\/www.altominho.tv\/site\/#\/schema\/person\/63f693da3e1899361cbe955c46f3232e"},"headline":"Portugal e Espanha comprometidos com estatuto para trabalhadores transfronteiri\u00e7os","datePublished":"2021-07-14T15:40:16+00:00","dateModified":"2021-07-14T15:40:21+00:00","mainEntityOfPage":{"@id":"https:\/\/www.altominho.tv\/site\/2021\/07\/14\/portugal-e-espanha-comprometidos-com-estatuto-para-trabalhadores-transfronteiricos\/"},"wordCount":634,"image":{"@id":"https:\/\/www.altominho.tv\/site\/2021\/07\/14\/portugal-e-espanha-comprometidos-com-estatuto-para-trabalhadores-transfronteiricos\/#primaryimage"},"thumbnailUrl":"https:\/\/www.altominho.tv\/site\/wp-content\/uploads\/2021\/07\/Portugal_Placa_Fronteira-740x389-1.jpg","keywords":["Sociedade"],"articleSection":["Alto Minho"],"inLanguage":"pt-PT","copyrightYear":"2021","copyrightHolder":{"@id":"https:\/\/www.altominho.tv\/site\/#organization"}},{"@type":"WebPage","@id":"https:\/\/www.altominho.tv\/site\/2021\/07\/14\/portugal-e-espanha-comprometidos-com-estatuto-para-trabalhadores-transfronteiricos\/","url":"https:\/\/www.altominho.tv\/site\/2021\/07\/14\/portugal-e-espanha-comprometidos-com-estatuto-para-trabalhadores-transfronteiricos\/","name":"Portugal e Espanha comprometidos com estatuto para trabalhadores transfronteiri\u00e7os","isPartOf":{"@id":"https:\/\/www.altominho.tv\/site\/#website"},"primaryImageOfPage":{"@id":"https:\/\/www.altominho.tv\/site\/2021\/07\/14\/portugal-e-espanha-comprometidos-com-estatuto-para-trabalhadores-transfronteiricos\/#primaryimage"},"image":{"@id":"https:\/\/www.altominho.tv\/site\/2021\/07\/14\/portugal-e-espanha-comprometidos-com-estatuto-para-trabalhadores-transfronteiricos\/#primaryimage"},"thumbnailUrl":"https:\/\/www.altominho.tv\/site\/wp-content\/uploads\/2021\/07\/Portugal_Placa_Fronteira-740x389-1.jpg","datePublished":"2021-07-14T15:40:16+00:00","dateModified":"2021-07-14T15:40:21+00:00","author":{"@id":"https:\/\/www.altominho.tv\/site\/#\/schema\/person\/63f693da3e1899361cbe955c46f3232e"},"breadcrumb":{"@id":"https:\/\/www.altominho.tv\/site\/2021\/07\/14\/portugal-e-espanha-comprometidos-com-estatuto-para-trabalhadores-transfronteiricos\/#breadcrumb"},"inLanguage":"pt-PT","potentialAction":[{"@type":"ReadAction","target":["https:\/\/www.altominho.tv\/site\/2021\/07\/14\/portugal-e-espanha-comprometidos-com-estatuto-para-trabalhadores-transfronteiricos\/"]}]},{"@type":"ImageObject","inLanguage":"pt-PT","@id":"https:\/\/www.altominho.tv\/site\/2021\/07\/14\/portugal-e-espanha-comprometidos-com-estatuto-para-trabalhadores-transfronteiricos\/#primaryimage","url":"https:\/\/www.altominho.tv\/site\/wp-content\/uploads\/2021\/07\/Portugal_Placa_Fronteira-740x389-1.jpg","contentUrl":"https:\/\/www.altominho.tv\/site\/wp-content\/uploads\/2021\/07\/Portugal_Placa_Fronteira-740x389-1.jpg","width":740,"height":389},{"@type":"BreadcrumbList","@id":"https:\/\/www.altominho.tv\/site\/2021\/07\/14\/portugal-e-espanha-comprometidos-com-estatuto-para-trabalhadores-transfronteiricos\/#breadcrumb","itemListElement":[{"@type":"ListItem","position":1,"name":"In\u00edcio","item":"https:\/\/www.altominho.tv\/site\/"},{"@type":"ListItem","position":2,"name":"Portugal e Espanha comprometidos com estatuto para trabalhadores transfronteiri\u00e7os"}]},{"@type":"WebSite","@id":"https:\/\/www.altominho.tv\/site\/#website","url":"https:\/\/www.altominho.tv\/site\/","name":"Altominho.tv","description":"A sua regi\u00e3o \u00e0 dist\u00e2ncia de um clique...","potentialAction":[{"@type":"SearchAction","target":{"@type":"EntryPoint","urlTemplate":"https:\/\/www.altominho.tv\/site\/?s={search_term_string}"},"query-input":{"@type":"PropertyValueSpecification","valueRequired":true,"valueName":"search_term_string"}}],"inLanguage":"pt-PT"},{"@type":"Person","@id":"https:\/\/www.altominho.tv\/site\/#\/schema\/person\/63f693da3e1899361cbe955c46f3232e","name":"Lusa","image":{"@type":"ImageObject","inLanguage":"pt-PT","@id":"https:\/\/www.altominho.tv\/site\/wp-content\/uploads\/2019\/08\/LUSA_Logo.gif","url":"https:\/\/www.altominho.tv\/site\/wp-content\/uploads\/2019\/08\/LUSA_Logo.gif","contentUrl":"https:\/\/www.altominho.tv\/site\/wp-content\/uploads\/2019\/08\/LUSA_Logo.gif","caption":"Lusa"},"sameAs":["http:\/\/\/\/www.altominho.tv\/site"],"url":"https:\/\/www.altominho.tv\/site\/author\/lusa\/"}]}},"_links":{"self":[{"href":"https:\/\/www.altominho.tv\/site\/wp-json\/wp\/v2\/posts\/68369","targetHints":{"allow":["GET"]}}],"collection":[{"href":"https:\/\/www.altominho.tv\/site\/wp-json\/wp\/v2\/posts"}],"about":[{"href":"https:\/\/www.altominho.tv\/site\/wp-json\/wp\/v2\/types\/post"}],"author":[{"embeddable":true,"href":"https:\/\/www.altominho.tv\/site\/wp-json\/wp\/v2\/users\/13"}],"replies":[{"embeddable":true,"href":"https:\/\/www.altominho.tv\/site\/wp-json\/wp\/v2\/comments?post=68369"}],"version-history":[{"count":0,"href":"https:\/\/www.altominho.tv\/site\/wp-json\/wp\/v2\/posts\/68369\/revisions"}],"wp:featuredmedia":[{"embeddable":true,"href":"https:\/\/www.altominho.tv\/site\/wp-json\/wp\/v2\/media\/68370"}],"wp:attachment":[{"href":"https:\/\/www.altominho.tv\/site\/wp-json\/wp\/v2\/media?parent=68369"}],"wp:term":[{"taxonomy":"category","embeddable":true,"href":"https:\/\/www.altominho.tv\/site\/wp-json\/wp\/v2\/categories?post=68369"},{"taxonomy":"post_tag","embeddable":true,"href":"https:\/\/www.altominho.tv\/site\/wp-json\/wp\/v2\/tags?post=68369"}],"curies":[{"name":"wp","href":"https:\/\/api.w.org\/{rel}","templated":true}]}}