{"id":67959,"date":"2021-07-01T23:40:43","date_gmt":"2021-07-01T22:40:43","guid":{"rendered":"https:\/\/www.altominho.tv\/site\/?p=67959"},"modified":"2021-07-01T23:48:38","modified_gmt":"2021-07-01T22:48:38","slug":"alteracoes-de-restricoes-determinadas-hoje-ja-publicadas-em-diario-da-republica","status":"publish","type":"post","link":"https:\/\/www.altominho.tv\/site\/2021\/07\/01\/alteracoes-de-restricoes-determinadas-hoje-ja-publicadas-em-diario-da-republica\/","title":{"rendered":"Altera\u00e7\u00f5es de restri\u00e7\u00f5es determinadas hoje j\u00e1 publicadas em Di\u00e1rio da Rep\u00fablica"},"content":{"rendered":"<p>A resolu\u00e7\u00e3o do Conselho de Ministros que altera as medidas aplic\u00e1veis a v\u00e1rios munic\u00edpios no \u00e2mbito da situa\u00e7\u00e3o de calamidade decretada devido \u00e0 pandemia de covid-19 foi hoje publicada em Di\u00e1rio da Rep\u00fablica, entrando em vigor sexta-feira.<\/p>\n<p>\u201cNa sequ\u00eancia da revis\u00e3o semanal das medidas de conten\u00e7\u00e3o e mitiga\u00e7\u00e3o da doen\u00e7a covid-19\u201d, foram acrescentados 16 concelhos \u00e0 lista de munic\u00edpios de risco muito elevado, que inclu\u00eda apenas Lisboa, Albufeira e Sesimbra, e passa a abranger, tamb\u00e9m, \u201cAlmada, Amadora, Barreiro, Cascais, Const\u00e2ncia, Loul\u00e9, Loures, Mafra, Mira, Moita, Odivelas, Oeiras, Olh\u00e3o, Seixal, Sintra e Sobral de Monte Agra\u00e7o\u201d.<\/p>\n<p>A resolu\u00e7\u00e3o define, ainda, 26 concelhos considerados de \u201crisco elevado\u201d.<\/p>\n<p>No Alto Minho, o \u00fanico concelho que faz parte deste lote de 26, \u00e9 Paredes de Coura.<\/p>\n<p>Os restante concelhos s\u00e3o, Alcochete, Alenquer, Arruda dos Vinhos, Avis, Braga, Castelo de Vide, Faro, Gr\u00e2ndola, Lagoa, Lagos, Montijo, Odemira, Palmela, Portim\u00e3o, Porto, Rio Maior, Santar\u00e9m, S\u00e3o Br\u00e1s de Alportel, Sardoal, Set\u00fabal, Silves, Sines, Sousel, Torres Vedras e Vila Franca de Xira.<\/p>\n<p>Todos os cidad\u00e3os que se encontrem nos 45 concelhos que se encontram sujeitos \u00e0s regras de \u201crisco elevado\u201d e \u201crisco muito elevado\u201d, determina a resolu\u00e7\u00e3o, \u201cdevem abster-se de circular em espa\u00e7os e vias p\u00fablicas ou privadas equiparadas a vias p\u00fablicas e permanecer no respetivo domic\u00edlio, todos os dias da semana, entre as 23h00 e as 05h00\u201d.<\/p>\n<p>Continua, tamb\u00e9m, \u201cproibida a circula\u00e7\u00e3o de e para a \u00c1rea Metropolitana de Lisboa\u201d ao fim de semana, ou seja, \u201centre as 15h00 do dia 02 de julho de 2021 e as 06h00 do dia 05 de julho de 2021\u201d.<\/p>\n<p>A resolu\u00e7\u00e3o n.\u00ba 86-A\/2021 refere que a pandemia \u201cencontra-se numa fase de crescimento, associada \u00e0 presen\u00e7a e prolifera\u00e7\u00e3o de variantes de preocupa\u00e7\u00e3o\u201d no territ\u00f3rio nacional, \u201cregistando-se um aumento de incid\u00eancia, bem como do n\u00famero de infetados e internados\u201d.<\/p>\n<p>\u201cNesse sentido\u201d, prossegue o texto, \u201cjustifica-se a ado\u00e7\u00e3o de novas medidas de mitiga\u00e7\u00e3o e conten\u00e7\u00e3o\u201d, assim como a necessidade de \u201cmanter todos os cuidados que nos t\u00eam acompanhado desde o in\u00edcio desta pandemia\u201d.<\/p>\n<p>Entre as regras para os 19 concelhos de risco muito elevado est\u00e3o: teletrabalho obrigat\u00f3rio quando as fun\u00e7\u00f5es o permitam; permiss\u00e3o de funcionamento de restaurantes, caf\u00e9s e pastelarias at\u00e9 \u00e0s 22h30 durante a semana e at\u00e9 \u00e0s 15h30 ao fim de semana e feriados (no interior com o m\u00e1ximo de quatro pessoas por grupo e em esplanadas com o m\u00e1ximo de seis pessoas por grupo); at\u00e9 \u00e0s 22h30; gin\u00e1sios sem aulas de grupo; casamentos e batizados com 25% da lota\u00e7\u00e3o; funcionamento de com\u00e9rcio a retalho alimentar at\u00e9 \u00e0s 21h00 durante a semana e at\u00e9 \u00e0s 19h00 ao fim de semana e feriados, e com\u00e9rcio a retalho n\u00e3o alimentar at\u00e9 \u00e0s 21h00 durante a semana e at\u00e9 \u00e0s 15:30 ao fim de semana e feriados.<\/p>\n<p>J\u00e1 as regras aplic\u00e1veis aos 26 concelhos de risco elevado, <strong>como Paredes de Coura<\/strong>, s\u00e3o o teletrabalho obrigat\u00f3rio quando as atividades o permitam; possibilidade de funcionamento de restaurantes, caf\u00e9s e pastelarias at\u00e9 \u00e0s 22h30 (no interior com o m\u00e1ximo de seis pessoas por grupo e em esplanada com 10 pessoas por grupo); espet\u00e1culos culturais at\u00e9 \u00e0s 22h30; casamentos e batizados com 50% da lota\u00e7\u00e3o, possibilidade de funcionamento do com\u00e9rcio a retalho alimentar e n\u00e3o alimentar at\u00e9 \u00e0s 21h00; permiss\u00e3o de pr\u00e1tica de todas as modalidades desportivas, sem p\u00fablico; permiss\u00e3o de pr\u00e1tica de atividade f\u00edsica ao ar livre e em gin\u00e1sios; eventos em exterior com diminui\u00e7\u00e3o de lota\u00e7\u00e3o, a definir pela Dire\u00e7\u00e3o-Geral da Sa\u00fade (DGS); e Lojas de Cidad\u00e3o com atendimento presencial por marca\u00e7\u00e3o.<\/p>\n<p>As desloca\u00e7\u00f5es para trabalhar ou por raz\u00f5es familiares imperativas est\u00e3o entre as exce\u00e7\u00f5es \u00e0 proibi\u00e7\u00e3o de circular entre as 23h00 e as 05h00, em vigor a partir de sexta-feira em 45 concelhos de Portugal continental.<\/p>\n<p>A resolu\u00e7\u00e3o que determina limita\u00e7\u00f5es \u00e0 circula\u00e7\u00e3o nos 45 concelhos em risco muito elevado (19) e elevado (26) de incid\u00eancia de covid-19 foi aprovada hoje em Conselho de Ministros e publicada no suplemento do Di\u00e1rio da Rep\u00fablica, entra em vigor na sexta-feira e aplica-se todos os dias.<\/p>\n<p>De acordo com o documento, durante aquele per\u00edodo s\u00e3o permitidas as &#8220;desloca\u00e7\u00f5es para desempenho de fun\u00e7\u00f5es profissionais ou equiparadas&#8221;, atestadas pela entidade empregadora ou pelo pr\u00f3prio no caso de trabalhadores independentes.<\/p>\n<p>Sem necessidade de declara\u00e7\u00e3o est\u00e3o, entre outros, profissionais de sa\u00fade e trabalhadores de institui\u00e7\u00f5es de sa\u00fade e de apoio social, agentes de prote\u00e7\u00e3o civil, das for\u00e7as e servi\u00e7os de seguran\u00e7a, militares, militarizados e pessoal civil das For\u00e7as Armadas e inspetores da Autoridade de Seguran\u00e7a Alimentar e Econ\u00f3mica.<\/p>\n<p>Tamb\u00e9m podem circular sem necessidade de declara\u00e7\u00e3o os titulares dos \u00f3rg\u00e3os de soberania, dirigentes dos parceiros sociais e dos partidos pol\u00edticos representados na Assembleia da Rep\u00fablica e pessoas portadoras de livre-tr\u00e2nsito emitido nos termos legais, bem como ministros de culto, pessoal das miss\u00f5es diplom\u00e1ticas, consulares e das organiza\u00e7\u00f5es internacionais localizadas em Portugal, desde que relacionadas com o desempenho de fun\u00e7\u00f5es oficiais.<\/p>\n<p>&#8220;Desloca\u00e7\u00f5es por outras raz\u00f5es familiares imperativas, designadamente o cumprimento de partilha de responsabilidades parentais, conforme determinada por acordo entre os titulares das mesmas ou pelo tribunal competente&#8221;, \u00e9 outra das exce\u00e7\u00f5es, tal como &#8220;as desloca\u00e7\u00f5es necess\u00e1rias para sa\u00edda de territ\u00f3rio nacional continental&#8221; e &#8220;o retorno ao domic\u00edlio&#8221;.<\/p>\n<p>Tal como referido hoje pela ministra da Presid\u00eancia, Mariana Vieira da Silva, n\u00e3o existe nenhuma exce\u00e7\u00e3o relacionada com a apresenta\u00e7\u00e3o de um teste PCR, feito nas \u00faltimas 72 horas, ou de antig\u00e9nio, feito nas \u00faltimas 48 horas, ou de um certificado digital para circular entre as 23h00 e as 05h00 nos 45 concelhos, ao contr\u00e1rio do que acontece relativamente \u00e0 proibi\u00e7\u00e3o de entrar e sair da \u00c1rea Metropolitana de Lisboa, em vigor entre as 15h00 de sexta-feira e as 06h00 de segunda-feira.<\/p>\n","protected":false},"excerpt":{"rendered":"<p>A resolu\u00e7\u00e3o do Conselho de Ministros que altera as medidas aplic\u00e1veis a v\u00e1rios munic\u00edpios no \u00e2mbito da situa\u00e7\u00e3o de calamidade decretada devido \u00e0 pandemia de covid-19 foi hoje publicada em Di\u00e1rio da Rep\u00fablica, entrando em vigor sexta-feira. \u201cNa sequ\u00eancia da revis\u00e3o semanal das medidas de conten\u00e7\u00e3o e mitiga\u00e7\u00e3o da doen\u00e7a covid-19\u201d, foram acrescentados 16 concelhos [&hellip;]<\/p>\n","protected":false},"author":13,"featured_media":67960,"comment_status":"closed","ping_status":"closed","sticky":false,"template":"","format":"standard","meta":{"_exactmetrics_skip_tracking":false,"_exactmetrics_sitenote_active":false,"_exactmetrics_sitenote_note":"","_exactmetrics_sitenote_category":0,"footnotes":""},"categories":[10],"tags":[27],"class_list":["post-67959","post","type-post","status-publish","format-standard","has-post-thumbnail","hentry","category-paredes-de-coura","tag-sociedade"],"yoast_head":"<!-- This site is optimized with the Yoast SEO Premium plugin v27.5 (Yoast SEO v27.5) - https:\/\/yoast.com\/product\/yoast-seo-premium-wordpress\/ -->\n<title>Altera\u00e7\u00f5es de restri\u00e7\u00f5es determinadas hoje j\u00e1 publicadas em Di\u00e1rio da Rep\u00fablica<\/title>\n<meta name=\"robots\" content=\"index, follow, max-snippet:-1, max-image-preview:large, max-video-preview:-1\" \/>\n<link rel=\"canonical\" href=\"https:\/\/www.altominho.tv\/site\/2021\/07\/01\/alteracoes-de-restricoes-determinadas-hoje-ja-publicadas-em-diario-da-republica\/\" \/>\n<meta property=\"og:locale\" content=\"pt_PT\" \/>\n<meta property=\"og:type\" content=\"article\" \/>\n<meta property=\"og:title\" content=\"Altera\u00e7\u00f5es de restri\u00e7\u00f5es determinadas hoje j\u00e1 publicadas em Di\u00e1rio da Rep\u00fablica\" \/>\n<meta property=\"og:description\" content=\"A resolu\u00e7\u00e3o do Conselho de Ministros que altera as medidas aplic\u00e1veis a v\u00e1rios munic\u00edpios no \u00e2mbito da situa\u00e7\u00e3o de calamidade decretada devido \u00e0 pandemia de covid-19 foi hoje publicada em Di\u00e1rio da Rep\u00fablica, entrando em vigor sexta-feira. \u201cNa sequ\u00eancia da revis\u00e3o semanal das medidas de conten\u00e7\u00e3o e mitiga\u00e7\u00e3o da doen\u00e7a covid-19\u201d, foram acrescentados 16 concelhos [&hellip;]\" \/>\n<meta property=\"og:url\" content=\"https:\/\/www.altominho.tv\/site\/2021\/07\/01\/alteracoes-de-restricoes-determinadas-hoje-ja-publicadas-em-diario-da-republica\/\" \/>\n<meta property=\"og:site_name\" content=\"Altominho.tv\" \/>\n<meta property=\"article:publisher\" content=\"https:\/\/www.facebook.com\/altominhotv\" \/>\n<meta property=\"article:published_time\" content=\"2021-07-01T22:40:43+00:00\" \/>\n<meta property=\"article:modified_time\" content=\"2021-07-01T22:48:38+00:00\" \/>\n<meta property=\"og:image\" content=\"https:\/\/www.altominho.tv\/site\/wp-content\/uploads\/2021\/07\/ParedesCoura_Deserta.jpg\" \/>\n\t<meta property=\"og:image:width\" content=\"1630\" \/>\n\t<meta property=\"og:image:height\" content=\"876\" \/>\n\t<meta property=\"og:image:type\" content=\"image\/jpeg\" \/>\n<meta name=\"author\" content=\"Lusa\" \/>\n<meta name=\"twitter:card\" content=\"summary_large_image\" \/>\n<meta name=\"twitter:creator\" content=\"@altominhoTV\" \/>\n<meta name=\"twitter:site\" content=\"@altominhoTV\" \/>\n<meta name=\"twitter:label1\" content=\"Escrito por\" \/>\n\t<meta name=\"twitter:data1\" content=\"Lusa\" \/>\n\t<meta name=\"twitter:label2\" content=\"Tempo estimado de leitura\" \/>\n\t<meta name=\"twitter:data2\" content=\"5 minutos\" \/>\n<script type=\"application\/ld+json\" class=\"yoast-schema-graph\">{\"@context\":\"https:\\\/\\\/schema.org\",\"@graph\":[{\"@type\":\"Article\",\"@id\":\"https:\\\/\\\/www.altominho.tv\\\/site\\\/2021\\\/07\\\/01\\\/alteracoes-de-restricoes-determinadas-hoje-ja-publicadas-em-diario-da-republica\\\/#article\",\"isPartOf\":{\"@id\":\"https:\\\/\\\/www.altominho.tv\\\/site\\\/2021\\\/07\\\/01\\\/alteracoes-de-restricoes-determinadas-hoje-ja-publicadas-em-diario-da-republica\\\/\"},\"author\":{\"name\":\"Lusa\",\"@id\":\"https:\\\/\\\/www.altominho.tv\\\/site\\\/#\\\/schema\\\/person\\\/63f693da3e1899361cbe955c46f3232e\"},\"headline\":\"Altera\u00e7\u00f5es de restri\u00e7\u00f5es determinadas hoje j\u00e1 publicadas em Di\u00e1rio da Rep\u00fablica\",\"datePublished\":\"2021-07-01T22:40:43+00:00\",\"dateModified\":\"2021-07-01T22:48:38+00:00\",\"mainEntityOfPage\":{\"@id\":\"https:\\\/\\\/www.altominho.tv\\\/site\\\/2021\\\/07\\\/01\\\/alteracoes-de-restricoes-determinadas-hoje-ja-publicadas-em-diario-da-republica\\\/\"},\"wordCount\":1045,\"image\":{\"@id\":\"https:\\\/\\\/www.altominho.tv\\\/site\\\/2021\\\/07\\\/01\\\/alteracoes-de-restricoes-determinadas-hoje-ja-publicadas-em-diario-da-republica\\\/#primaryimage\"},\"thumbnailUrl\":\"https:\\\/\\\/www.altominho.tv\\\/site\\\/wp-content\\\/uploads\\\/2021\\\/07\\\/ParedesCoura_Deserta.jpg\",\"keywords\":[\"Sociedade\"],\"articleSection\":[\"Paredes de Coura\"],\"inLanguage\":\"pt-PT\",\"copyrightYear\":\"2021\",\"copyrightHolder\":{\"@id\":\"https:\\\/\\\/www.altominho.tv\\\/site\\\/#organization\"}},{\"@type\":\"WebPage\",\"@id\":\"https:\\\/\\\/www.altominho.tv\\\/site\\\/2021\\\/07\\\/01\\\/alteracoes-de-restricoes-determinadas-hoje-ja-publicadas-em-diario-da-republica\\\/\",\"url\":\"https:\\\/\\\/www.altominho.tv\\\/site\\\/2021\\\/07\\\/01\\\/alteracoes-de-restricoes-determinadas-hoje-ja-publicadas-em-diario-da-republica\\\/\",\"name\":\"Altera\u00e7\u00f5es de restri\u00e7\u00f5es determinadas hoje j\u00e1 publicadas em Di\u00e1rio da Rep\u00fablica\",\"isPartOf\":{\"@id\":\"https:\\\/\\\/www.altominho.tv\\\/site\\\/#website\"},\"primaryImageOfPage\":{\"@id\":\"https:\\\/\\\/www.altominho.tv\\\/site\\\/2021\\\/07\\\/01\\\/alteracoes-de-restricoes-determinadas-hoje-ja-publicadas-em-diario-da-republica\\\/#primaryimage\"},\"image\":{\"@id\":\"https:\\\/\\\/www.altominho.tv\\\/site\\\/2021\\\/07\\\/01\\\/alteracoes-de-restricoes-determinadas-hoje-ja-publicadas-em-diario-da-republica\\\/#primaryimage\"},\"thumbnailUrl\":\"https:\\\/\\\/www.altominho.tv\\\/site\\\/wp-content\\\/uploads\\\/2021\\\/07\\\/ParedesCoura_Deserta.jpg\",\"datePublished\":\"2021-07-01T22:40:43+00:00\",\"dateModified\":\"2021-07-01T22:48:38+00:00\",\"author\":{\"@id\":\"https:\\\/\\\/www.altominho.tv\\\/site\\\/#\\\/schema\\\/person\\\/63f693da3e1899361cbe955c46f3232e\"},\"breadcrumb\":{\"@id\":\"https:\\\/\\\/www.altominho.tv\\\/site\\\/2021\\\/07\\\/01\\\/alteracoes-de-restricoes-determinadas-hoje-ja-publicadas-em-diario-da-republica\\\/#breadcrumb\"},\"inLanguage\":\"pt-PT\",\"potentialAction\":[{\"@type\":\"ReadAction\",\"target\":[\"https:\\\/\\\/www.altominho.tv\\\/site\\\/2021\\\/07\\\/01\\\/alteracoes-de-restricoes-determinadas-hoje-ja-publicadas-em-diario-da-republica\\\/\"]}]},{\"@type\":\"ImageObject\",\"inLanguage\":\"pt-PT\",\"@id\":\"https:\\\/\\\/www.altominho.tv\\\/site\\\/2021\\\/07\\\/01\\\/alteracoes-de-restricoes-determinadas-hoje-ja-publicadas-em-diario-da-republica\\\/#primaryimage\",\"url\":\"https:\\\/\\\/www.altominho.tv\\\/site\\\/wp-content\\\/uploads\\\/2021\\\/07\\\/ParedesCoura_Deserta.jpg\",\"contentUrl\":\"https:\\\/\\\/www.altominho.tv\\\/site\\\/wp-content\\\/uploads\\\/2021\\\/07\\\/ParedesCoura_Deserta.jpg\",\"width\":1630,\"height\":876},{\"@type\":\"BreadcrumbList\",\"@id\":\"https:\\\/\\\/www.altominho.tv\\\/site\\\/2021\\\/07\\\/01\\\/alteracoes-de-restricoes-determinadas-hoje-ja-publicadas-em-diario-da-republica\\\/#breadcrumb\",\"itemListElement\":[{\"@type\":\"ListItem\",\"position\":1,\"name\":\"In\u00edcio\",\"item\":\"https:\\\/\\\/www.altominho.tv\\\/site\\\/\"},{\"@type\":\"ListItem\",\"position\":2,\"name\":\"Altera\u00e7\u00f5es de restri\u00e7\u00f5es determinadas hoje j\u00e1 publicadas em Di\u00e1rio da Rep\u00fablica\"}]},{\"@type\":\"WebSite\",\"@id\":\"https:\\\/\\\/www.altominho.tv\\\/site\\\/#website\",\"url\":\"https:\\\/\\\/www.altominho.tv\\\/site\\\/\",\"name\":\"Altominho.tv\",\"description\":\"A sua regi\u00e3o \u00e0 dist\u00e2ncia de um clique...\",\"potentialAction\":[{\"@type\":\"SearchAction\",\"target\":{\"@type\":\"EntryPoint\",\"urlTemplate\":\"https:\\\/\\\/www.altominho.tv\\\/site\\\/?s={search_term_string}\"},\"query-input\":{\"@type\":\"PropertyValueSpecification\",\"valueRequired\":true,\"valueName\":\"search_term_string\"}}],\"inLanguage\":\"pt-PT\"},{\"@type\":\"Person\",\"@id\":\"https:\\\/\\\/www.altominho.tv\\\/site\\\/#\\\/schema\\\/person\\\/63f693da3e1899361cbe955c46f3232e\",\"name\":\"Lusa\",\"image\":{\"@type\":\"ImageObject\",\"inLanguage\":\"pt-PT\",\"@id\":\"https:\\\/\\\/www.altominho.tv\\\/site\\\/wp-content\\\/uploads\\\/2019\\\/08\\\/LUSA_Logo.gif\",\"url\":\"https:\\\/\\\/www.altominho.tv\\\/site\\\/wp-content\\\/uploads\\\/2019\\\/08\\\/LUSA_Logo.gif\",\"contentUrl\":\"https:\\\/\\\/www.altominho.tv\\\/site\\\/wp-content\\\/uploads\\\/2019\\\/08\\\/LUSA_Logo.gif\",\"caption\":\"Lusa\"},\"sameAs\":[\"http:\\\/\\\/\\\/\\\/www.altominho.tv\\\/site\"],\"url\":\"https:\\\/\\\/www.altominho.tv\\\/site\\\/author\\\/lusa\\\/\"}]}<\/script>\n<!-- \/ Yoast SEO Premium plugin. -->","yoast_head_json":{"title":"Altera\u00e7\u00f5es de restri\u00e7\u00f5es determinadas hoje j\u00e1 publicadas em Di\u00e1rio da Rep\u00fablica","robots":{"index":"index","follow":"follow","max-snippet":"max-snippet:-1","max-image-preview":"max-image-preview:large","max-video-preview":"max-video-preview:-1"},"canonical":"https:\/\/www.altominho.tv\/site\/2021\/07\/01\/alteracoes-de-restricoes-determinadas-hoje-ja-publicadas-em-diario-da-republica\/","og_locale":"pt_PT","og_type":"article","og_title":"Altera\u00e7\u00f5es de restri\u00e7\u00f5es determinadas hoje j\u00e1 publicadas em Di\u00e1rio da Rep\u00fablica","og_description":"A resolu\u00e7\u00e3o do Conselho de Ministros que altera as medidas aplic\u00e1veis a v\u00e1rios munic\u00edpios no \u00e2mbito da situa\u00e7\u00e3o de calamidade decretada devido \u00e0 pandemia de covid-19 foi hoje publicada em Di\u00e1rio da Rep\u00fablica, entrando em vigor sexta-feira. \u201cNa sequ\u00eancia da revis\u00e3o semanal das medidas de conten\u00e7\u00e3o e mitiga\u00e7\u00e3o da doen\u00e7a covid-19\u201d, foram acrescentados 16 concelhos [&hellip;]","og_url":"https:\/\/www.altominho.tv\/site\/2021\/07\/01\/alteracoes-de-restricoes-determinadas-hoje-ja-publicadas-em-diario-da-republica\/","og_site_name":"Altominho.tv","article_publisher":"https:\/\/www.facebook.com\/altominhotv","article_published_time":"2021-07-01T22:40:43+00:00","article_modified_time":"2021-07-01T22:48:38+00:00","og_image":[{"width":1630,"height":876,"url":"https:\/\/www.altominho.tv\/site\/wp-content\/uploads\/2021\/07\/ParedesCoura_Deserta.jpg","type":"image\/jpeg"}],"author":"Lusa","twitter_card":"summary_large_image","twitter_creator":"@altominhoTV","twitter_site":"@altominhoTV","twitter_misc":{"Escrito por":"Lusa","Tempo estimado de leitura":"5 minutos"},"schema":{"@context":"https:\/\/schema.org","@graph":[{"@type":"Article","@id":"https:\/\/www.altominho.tv\/site\/2021\/07\/01\/alteracoes-de-restricoes-determinadas-hoje-ja-publicadas-em-diario-da-republica\/#article","isPartOf":{"@id":"https:\/\/www.altominho.tv\/site\/2021\/07\/01\/alteracoes-de-restricoes-determinadas-hoje-ja-publicadas-em-diario-da-republica\/"},"author":{"name":"Lusa","@id":"https:\/\/www.altominho.tv\/site\/#\/schema\/person\/63f693da3e1899361cbe955c46f3232e"},"headline":"Altera\u00e7\u00f5es de restri\u00e7\u00f5es determinadas hoje j\u00e1 publicadas em Di\u00e1rio da Rep\u00fablica","datePublished":"2021-07-01T22:40:43+00:00","dateModified":"2021-07-01T22:48:38+00:00","mainEntityOfPage":{"@id":"https:\/\/www.altominho.tv\/site\/2021\/07\/01\/alteracoes-de-restricoes-determinadas-hoje-ja-publicadas-em-diario-da-republica\/"},"wordCount":1045,"image":{"@id":"https:\/\/www.altominho.tv\/site\/2021\/07\/01\/alteracoes-de-restricoes-determinadas-hoje-ja-publicadas-em-diario-da-republica\/#primaryimage"},"thumbnailUrl":"https:\/\/www.altominho.tv\/site\/wp-content\/uploads\/2021\/07\/ParedesCoura_Deserta.jpg","keywords":["Sociedade"],"articleSection":["Paredes de Coura"],"inLanguage":"pt-PT","copyrightYear":"2021","copyrightHolder":{"@id":"https:\/\/www.altominho.tv\/site\/#organization"}},{"@type":"WebPage","@id":"https:\/\/www.altominho.tv\/site\/2021\/07\/01\/alteracoes-de-restricoes-determinadas-hoje-ja-publicadas-em-diario-da-republica\/","url":"https:\/\/www.altominho.tv\/site\/2021\/07\/01\/alteracoes-de-restricoes-determinadas-hoje-ja-publicadas-em-diario-da-republica\/","name":"Altera\u00e7\u00f5es de restri\u00e7\u00f5es determinadas hoje j\u00e1 publicadas em Di\u00e1rio da Rep\u00fablica","isPartOf":{"@id":"https:\/\/www.altominho.tv\/site\/#website"},"primaryImageOfPage":{"@id":"https:\/\/www.altominho.tv\/site\/2021\/07\/01\/alteracoes-de-restricoes-determinadas-hoje-ja-publicadas-em-diario-da-republica\/#primaryimage"},"image":{"@id":"https:\/\/www.altominho.tv\/site\/2021\/07\/01\/alteracoes-de-restricoes-determinadas-hoje-ja-publicadas-em-diario-da-republica\/#primaryimage"},"thumbnailUrl":"https:\/\/www.altominho.tv\/site\/wp-content\/uploads\/2021\/07\/ParedesCoura_Deserta.jpg","datePublished":"2021-07-01T22:40:43+00:00","dateModified":"2021-07-01T22:48:38+00:00","author":{"@id":"https:\/\/www.altominho.tv\/site\/#\/schema\/person\/63f693da3e1899361cbe955c46f3232e"},"breadcrumb":{"@id":"https:\/\/www.altominho.tv\/site\/2021\/07\/01\/alteracoes-de-restricoes-determinadas-hoje-ja-publicadas-em-diario-da-republica\/#breadcrumb"},"inLanguage":"pt-PT","potentialAction":[{"@type":"ReadAction","target":["https:\/\/www.altominho.tv\/site\/2021\/07\/01\/alteracoes-de-restricoes-determinadas-hoje-ja-publicadas-em-diario-da-republica\/"]}]},{"@type":"ImageObject","inLanguage":"pt-PT","@id":"https:\/\/www.altominho.tv\/site\/2021\/07\/01\/alteracoes-de-restricoes-determinadas-hoje-ja-publicadas-em-diario-da-republica\/#primaryimage","url":"https:\/\/www.altominho.tv\/site\/wp-content\/uploads\/2021\/07\/ParedesCoura_Deserta.jpg","contentUrl":"https:\/\/www.altominho.tv\/site\/wp-content\/uploads\/2021\/07\/ParedesCoura_Deserta.jpg","width":1630,"height":876},{"@type":"BreadcrumbList","@id":"https:\/\/www.altominho.tv\/site\/2021\/07\/01\/alteracoes-de-restricoes-determinadas-hoje-ja-publicadas-em-diario-da-republica\/#breadcrumb","itemListElement":[{"@type":"ListItem","position":1,"name":"In\u00edcio","item":"https:\/\/www.altominho.tv\/site\/"},{"@type":"ListItem","position":2,"name":"Altera\u00e7\u00f5es de restri\u00e7\u00f5es determinadas hoje j\u00e1 publicadas em Di\u00e1rio da Rep\u00fablica"}]},{"@type":"WebSite","@id":"https:\/\/www.altominho.tv\/site\/#website","url":"https:\/\/www.altominho.tv\/site\/","name":"Altominho.tv","description":"A sua regi\u00e3o \u00e0 dist\u00e2ncia de um clique...","potentialAction":[{"@type":"SearchAction","target":{"@type":"EntryPoint","urlTemplate":"https:\/\/www.altominho.tv\/site\/?s={search_term_string}"},"query-input":{"@type":"PropertyValueSpecification","valueRequired":true,"valueName":"search_term_string"}}],"inLanguage":"pt-PT"},{"@type":"Person","@id":"https:\/\/www.altominho.tv\/site\/#\/schema\/person\/63f693da3e1899361cbe955c46f3232e","name":"Lusa","image":{"@type":"ImageObject","inLanguage":"pt-PT","@id":"https:\/\/www.altominho.tv\/site\/wp-content\/uploads\/2019\/08\/LUSA_Logo.gif","url":"https:\/\/www.altominho.tv\/site\/wp-content\/uploads\/2019\/08\/LUSA_Logo.gif","contentUrl":"https:\/\/www.altominho.tv\/site\/wp-content\/uploads\/2019\/08\/LUSA_Logo.gif","caption":"Lusa"},"sameAs":["http:\/\/\/\/www.altominho.tv\/site"],"url":"https:\/\/www.altominho.tv\/site\/author\/lusa\/"}]}},"_links":{"self":[{"href":"https:\/\/www.altominho.tv\/site\/wp-json\/wp\/v2\/posts\/67959","targetHints":{"allow":["GET"]}}],"collection":[{"href":"https:\/\/www.altominho.tv\/site\/wp-json\/wp\/v2\/posts"}],"about":[{"href":"https:\/\/www.altominho.tv\/site\/wp-json\/wp\/v2\/types\/post"}],"author":[{"embeddable":true,"href":"https:\/\/www.altominho.tv\/site\/wp-json\/wp\/v2\/users\/13"}],"replies":[{"embeddable":true,"href":"https:\/\/www.altominho.tv\/site\/wp-json\/wp\/v2\/comments?post=67959"}],"version-history":[{"count":0,"href":"https:\/\/www.altominho.tv\/site\/wp-json\/wp\/v2\/posts\/67959\/revisions"}],"wp:featuredmedia":[{"embeddable":true,"href":"https:\/\/www.altominho.tv\/site\/wp-json\/wp\/v2\/media\/67960"}],"wp:attachment":[{"href":"https:\/\/www.altominho.tv\/site\/wp-json\/wp\/v2\/media?parent=67959"}],"wp:term":[{"taxonomy":"category","embeddable":true,"href":"https:\/\/www.altominho.tv\/site\/wp-json\/wp\/v2\/categories?post=67959"},{"taxonomy":"post_tag","embeddable":true,"href":"https:\/\/www.altominho.tv\/site\/wp-json\/wp\/v2\/tags?post=67959"}],"curies":[{"name":"wp","href":"https:\/\/api.w.org\/{rel}","templated":true}]}}