{"id":67927,"date":"2021-07-01T11:38:10","date_gmt":"2021-07-01T10:38:10","guid":{"rendered":"https:\/\/www.altominho.tv\/site\/?p=67927"},"modified":"2021-07-01T11:38:15","modified_gmt":"2021-07-01T10:38:15","slug":"pfizer-vai-aumentar-producao-para-atingir-25-mil-milhoes-de-vacinas","status":"publish","type":"post","link":"https:\/\/www.altominho.tv\/site\/2021\/07\/01\/pfizer-vai-aumentar-producao-para-atingir-25-mil-milhoes-de-vacinas\/","title":{"rendered":"Pfizer vai aumentar produ\u00e7\u00e3o para atingir 2,5 mil milh\u00f5es de vacinas"},"content":{"rendered":"\n<p>A diretora de pesquisa e desenvolvimento da Pfizer anunciou hoje que a farmac\u00eautica vai aumentar a produ\u00e7\u00e3o da sua vacina contra a covid-19, para alcan\u00e7ar os 2,5 mil milh\u00f5es de doses at\u00e9 final do ano.<\/p>\n\n\n\n<p>\u201cVamos aumentar a nossa produ\u00e7\u00e3o e, no final do ano, pensamos ter 2,5 mil milh\u00f5es de doses da vacina produzidas\u201d, afirmou Kathrin Jansen, que participou, por videoconfer\u00eancia, no encontro Ci\u00eancia 2021, promovido pela Funda\u00e7\u00e3o para a Ci\u00eancia e a Tecnologia, em colabora\u00e7\u00e3o com a Ag\u00eancia Nacional de Cultura Cient\u00edfica e Tecnol\u00f3gica &#8211; Ci\u00eancia Viva.<\/p>\n\n\n\n<p>Segundo a cientista, que liderou o desenvolvimento da vacina Pfizer\/BioNTech, a empresa vai trabalhar em novas f\u00f3rmulas da vacina que permitam o seu armazenamento de uma forma mais f\u00e1cil, assim como o refor\u00e7o da imuniza\u00e7\u00e3o conferida pelo f\u00e1rmaco.<\/p>\n\n\n\n<p>\u201cVamos explorar o refor\u00e7o da imuniza\u00e7\u00e3o, porque n\u00e3o sabemos quando a efic\u00e1cia [da vacina] pode reduzir-se e queremos estar preparados\u201d, adiantou Kathrin Jansen, ao salientar que, \u201cantes mesmo de a Organiza\u00e7\u00e3o Mundial de Sa\u00fade declarar a pandemia, j\u00e1 era claro para alguns que a melhor maneira para lidar [com a covid-19] era com o desenvolvimento de uma vacina\u201d.<\/p>\n\n\n\n<p>Segundo a cientista, a vacina da Pfizer\/BioNTech \u201clevou apenas nove meses\u201d at\u00e9 receber a autoriza\u00e7\u00e3o para uso de emerg\u00eancia nos Estados Unidos e, at\u00e9 \u00e0 \u00faltima semana, o f\u00e1rmaco j\u00e1 recebeu a autoriza\u00e7\u00e3o em mais de 80 pa\u00edses e j\u00e1 foram entregues mais de 800 milh\u00f5es de doses a n\u00edvel global.<\/p>\n\n\n\n<p>A vacina desenvolvida pela farmac\u00eautica americana Pfizer e pelo laborat\u00f3rio alem\u00e3o BioNTech, que \u00e9 administrada em duas doses, utiliza uma nova tecnologia na \u00e1rea das vacinas, assente numa mol\u00e9cula denominada RNA mensageiro (mRNA).<\/p>\n\n\n\n<p>A pandemia de covid-19 j\u00e1 provocou pelo menos&nbsp;3.940.888&nbsp;mortos no mundo, resultantes de mais de&nbsp;181,7 milh\u00f5es de&nbsp;casos de infe\u00e7\u00e3o, segundo um balan\u00e7o feito pela ag\u00eancia francesa AFP.&nbsp;<\/p>\n","protected":false},"excerpt":{"rendered":"<p>A diretora de pesquisa e desenvolvimento da Pfizer anunciou hoje que a farmac\u00eautica vai aumentar a produ\u00e7\u00e3o da sua vacina contra a covid-19, para alcan\u00e7ar os 2,5 mil milh\u00f5es de doses at\u00e9 final do ano. \u201cVamos aumentar a nossa produ\u00e7\u00e3o e, no final do ano, pensamos ter 2,5 mil milh\u00f5es de doses da vacina produzidas\u201d, [&hellip;]<\/p>\n","protected":false},"author":13,"featured_media":67928,"comment_status":"closed","ping_status":"closed","sticky":false,"template":"","format":"standard","meta":{"_exactmetrics_skip_tracking":false,"_exactmetrics_sitenote_active":false,"_exactmetrics_sitenote_note":"","_exactmetrics_sitenote_category":0,"footnotes":""},"categories":[42722],"tags":[26,27],"class_list":["post-67927","post","type-post","status-publish","format-standard","has-post-thumbnail","hentry","category-covid-19","tag-saude","tag-sociedade"],"yoast_head":"<!-- This site is optimized with the Yoast SEO Premium plugin v27.5 (Yoast SEO v27.5) - https:\/\/yoast.com\/product\/yoast-seo-premium-wordpress\/ -->\n<title>Pfizer vai aumentar produ\u00e7\u00e3o para atingir 2,5 mil milh\u00f5es de vacinas<\/title>\n<meta name=\"robots\" content=\"index, follow, max-snippet:-1, max-image-preview:large, max-video-preview:-1\" \/>\n<link rel=\"canonical\" href=\"https:\/\/www.altominho.tv\/site\/2021\/07\/01\/pfizer-vai-aumentar-producao-para-atingir-25-mil-milhoes-de-vacinas\/\" \/>\n<meta property=\"og:locale\" content=\"pt_PT\" \/>\n<meta property=\"og:type\" content=\"article\" \/>\n<meta property=\"og:title\" content=\"Pfizer vai aumentar produ\u00e7\u00e3o para atingir 2,5 mil milh\u00f5es de vacinas\" \/>\n<meta property=\"og:description\" content=\"A diretora de pesquisa e desenvolvimento da Pfizer anunciou hoje que a farmac\u00eautica vai aumentar a produ\u00e7\u00e3o da sua vacina contra a covid-19, para alcan\u00e7ar os 2,5 mil milh\u00f5es de doses at\u00e9 final do ano. \u201cVamos aumentar a nossa produ\u00e7\u00e3o e, no final do ano, pensamos ter 2,5 mil milh\u00f5es de doses da vacina produzidas\u201d, [&hellip;]\" \/>\n<meta property=\"og:url\" content=\"https:\/\/www.altominho.tv\/site\/2021\/07\/01\/pfizer-vai-aumentar-producao-para-atingir-25-mil-milhoes-de-vacinas\/\" \/>\n<meta property=\"og:site_name\" content=\"Altominho.tv\" \/>\n<meta property=\"article:publisher\" content=\"https:\/\/www.facebook.com\/altominhotv\" \/>\n<meta property=\"article:published_time\" content=\"2021-07-01T10:38:10+00:00\" \/>\n<meta property=\"article:modified_time\" content=\"2021-07-01T10:38:15+00:00\" \/>\n<meta property=\"og:image\" content=\"https:\/\/www.altominho.tv\/site\/wp-content\/uploads\/2021\/07\/Pfizer-01-1600x915-1.jpeg\" \/>\n\t<meta property=\"og:image:width\" content=\"1600\" \/>\n\t<meta property=\"og:image:height\" content=\"915\" \/>\n\t<meta property=\"og:image:type\" content=\"image\/jpeg\" \/>\n<meta name=\"author\" content=\"Lusa\" \/>\n<meta name=\"twitter:card\" content=\"summary_large_image\" \/>\n<meta name=\"twitter:creator\" content=\"@altominhoTV\" \/>\n<meta name=\"twitter:site\" content=\"@altominhoTV\" \/>\n<meta name=\"twitter:label1\" content=\"Escrito por\" \/>\n\t<meta name=\"twitter:data1\" content=\"Lusa\" \/>\n\t<meta name=\"twitter:label2\" content=\"Tempo estimado de leitura\" \/>\n\t<meta name=\"twitter:data2\" content=\"2 minutos\" \/>\n<script type=\"application\/ld+json\" class=\"yoast-schema-graph\">{\"@context\":\"https:\\\/\\\/schema.org\",\"@graph\":[{\"@type\":\"Article\",\"@id\":\"https:\\\/\\\/www.altominho.tv\\\/site\\\/2021\\\/07\\\/01\\\/pfizer-vai-aumentar-producao-para-atingir-25-mil-milhoes-de-vacinas\\\/#article\",\"isPartOf\":{\"@id\":\"https:\\\/\\\/www.altominho.tv\\\/site\\\/2021\\\/07\\\/01\\\/pfizer-vai-aumentar-producao-para-atingir-25-mil-milhoes-de-vacinas\\\/\"},\"author\":{\"name\":\"Lusa\",\"@id\":\"https:\\\/\\\/www.altominho.tv\\\/site\\\/#\\\/schema\\\/person\\\/63f693da3e1899361cbe955c46f3232e\"},\"headline\":\"Pfizer vai aumentar produ\u00e7\u00e3o para atingir 2,5 mil milh\u00f5es de vacinas\",\"datePublished\":\"2021-07-01T10:38:10+00:00\",\"dateModified\":\"2021-07-01T10:38:15+00:00\",\"mainEntityOfPage\":{\"@id\":\"https:\\\/\\\/www.altominho.tv\\\/site\\\/2021\\\/07\\\/01\\\/pfizer-vai-aumentar-producao-para-atingir-25-mil-milhoes-de-vacinas\\\/\"},\"wordCount\":350,\"image\":{\"@id\":\"https:\\\/\\\/www.altominho.tv\\\/site\\\/2021\\\/07\\\/01\\\/pfizer-vai-aumentar-producao-para-atingir-25-mil-milhoes-de-vacinas\\\/#primaryimage\"},\"thumbnailUrl\":\"https:\\\/\\\/www.altominho.tv\\\/site\\\/wp-content\\\/uploads\\\/2021\\\/07\\\/Pfizer-01-1600x915-1.jpeg\",\"keywords\":[\"Sa\u00fade\",\"Sociedade\"],\"articleSection\":[\"Coronav\u00edrus\"],\"inLanguage\":\"pt-PT\",\"copyrightYear\":\"2021\",\"copyrightHolder\":{\"@id\":\"https:\\\/\\\/www.altominho.tv\\\/site\\\/#organization\"}},{\"@type\":\"WebPage\",\"@id\":\"https:\\\/\\\/www.altominho.tv\\\/site\\\/2021\\\/07\\\/01\\\/pfizer-vai-aumentar-producao-para-atingir-25-mil-milhoes-de-vacinas\\\/\",\"url\":\"https:\\\/\\\/www.altominho.tv\\\/site\\\/2021\\\/07\\\/01\\\/pfizer-vai-aumentar-producao-para-atingir-25-mil-milhoes-de-vacinas\\\/\",\"name\":\"Pfizer vai aumentar produ\u00e7\u00e3o para atingir 2,5 mil milh\u00f5es de vacinas\",\"isPartOf\":{\"@id\":\"https:\\\/\\\/www.altominho.tv\\\/site\\\/#website\"},\"primaryImageOfPage\":{\"@id\":\"https:\\\/\\\/www.altominho.tv\\\/site\\\/2021\\\/07\\\/01\\\/pfizer-vai-aumentar-producao-para-atingir-25-mil-milhoes-de-vacinas\\\/#primaryimage\"},\"image\":{\"@id\":\"https:\\\/\\\/www.altominho.tv\\\/site\\\/2021\\\/07\\\/01\\\/pfizer-vai-aumentar-producao-para-atingir-25-mil-milhoes-de-vacinas\\\/#primaryimage\"},\"thumbnailUrl\":\"https:\\\/\\\/www.altominho.tv\\\/site\\\/wp-content\\\/uploads\\\/2021\\\/07\\\/Pfizer-01-1600x915-1.jpeg\",\"datePublished\":\"2021-07-01T10:38:10+00:00\",\"dateModified\":\"2021-07-01T10:38:15+00:00\",\"author\":{\"@id\":\"https:\\\/\\\/www.altominho.tv\\\/site\\\/#\\\/schema\\\/person\\\/63f693da3e1899361cbe955c46f3232e\"},\"breadcrumb\":{\"@id\":\"https:\\\/\\\/www.altominho.tv\\\/site\\\/2021\\\/07\\\/01\\\/pfizer-vai-aumentar-producao-para-atingir-25-mil-milhoes-de-vacinas\\\/#breadcrumb\"},\"inLanguage\":\"pt-PT\",\"potentialAction\":[{\"@type\":\"ReadAction\",\"target\":[\"https:\\\/\\\/www.altominho.tv\\\/site\\\/2021\\\/07\\\/01\\\/pfizer-vai-aumentar-producao-para-atingir-25-mil-milhoes-de-vacinas\\\/\"]}]},{\"@type\":\"ImageObject\",\"inLanguage\":\"pt-PT\",\"@id\":\"https:\\\/\\\/www.altominho.tv\\\/site\\\/2021\\\/07\\\/01\\\/pfizer-vai-aumentar-producao-para-atingir-25-mil-milhoes-de-vacinas\\\/#primaryimage\",\"url\":\"https:\\\/\\\/www.altominho.tv\\\/site\\\/wp-content\\\/uploads\\\/2021\\\/07\\\/Pfizer-01-1600x915-1.jpeg\",\"contentUrl\":\"https:\\\/\\\/www.altominho.tv\\\/site\\\/wp-content\\\/uploads\\\/2021\\\/07\\\/Pfizer-01-1600x915-1.jpeg\",\"width\":1600,\"height\":915},{\"@type\":\"BreadcrumbList\",\"@id\":\"https:\\\/\\\/www.altominho.tv\\\/site\\\/2021\\\/07\\\/01\\\/pfizer-vai-aumentar-producao-para-atingir-25-mil-milhoes-de-vacinas\\\/#breadcrumb\",\"itemListElement\":[{\"@type\":\"ListItem\",\"position\":1,\"name\":\"In\u00edcio\",\"item\":\"https:\\\/\\\/www.altominho.tv\\\/site\\\/\"},{\"@type\":\"ListItem\",\"position\":2,\"name\":\"Pfizer vai aumentar produ\u00e7\u00e3o para atingir 2,5 mil milh\u00f5es de vacinas\"}]},{\"@type\":\"WebSite\",\"@id\":\"https:\\\/\\\/www.altominho.tv\\\/site\\\/#website\",\"url\":\"https:\\\/\\\/www.altominho.tv\\\/site\\\/\",\"name\":\"Altominho.tv\",\"description\":\"A sua regi\u00e3o \u00e0 dist\u00e2ncia de um clique...\",\"potentialAction\":[{\"@type\":\"SearchAction\",\"target\":{\"@type\":\"EntryPoint\",\"urlTemplate\":\"https:\\\/\\\/www.altominho.tv\\\/site\\\/?s={search_term_string}\"},\"query-input\":{\"@type\":\"PropertyValueSpecification\",\"valueRequired\":true,\"valueName\":\"search_term_string\"}}],\"inLanguage\":\"pt-PT\"},{\"@type\":\"Person\",\"@id\":\"https:\\\/\\\/www.altominho.tv\\\/site\\\/#\\\/schema\\\/person\\\/63f693da3e1899361cbe955c46f3232e\",\"name\":\"Lusa\",\"image\":{\"@type\":\"ImageObject\",\"inLanguage\":\"pt-PT\",\"@id\":\"https:\\\/\\\/www.altominho.tv\\\/site\\\/wp-content\\\/uploads\\\/2019\\\/08\\\/LUSA_Logo.gif\",\"url\":\"https:\\\/\\\/www.altominho.tv\\\/site\\\/wp-content\\\/uploads\\\/2019\\\/08\\\/LUSA_Logo.gif\",\"contentUrl\":\"https:\\\/\\\/www.altominho.tv\\\/site\\\/wp-content\\\/uploads\\\/2019\\\/08\\\/LUSA_Logo.gif\",\"caption\":\"Lusa\"},\"sameAs\":[\"http:\\\/\\\/\\\/\\\/www.altominho.tv\\\/site\"],\"url\":\"https:\\\/\\\/www.altominho.tv\\\/site\\\/author\\\/lusa\\\/\"}]}<\/script>\n<!-- \/ Yoast SEO Premium plugin. -->","yoast_head_json":{"title":"Pfizer vai aumentar produ\u00e7\u00e3o para atingir 2,5 mil milh\u00f5es de vacinas","robots":{"index":"index","follow":"follow","max-snippet":"max-snippet:-1","max-image-preview":"max-image-preview:large","max-video-preview":"max-video-preview:-1"},"canonical":"https:\/\/www.altominho.tv\/site\/2021\/07\/01\/pfizer-vai-aumentar-producao-para-atingir-25-mil-milhoes-de-vacinas\/","og_locale":"pt_PT","og_type":"article","og_title":"Pfizer vai aumentar produ\u00e7\u00e3o para atingir 2,5 mil milh\u00f5es de vacinas","og_description":"A diretora de pesquisa e desenvolvimento da Pfizer anunciou hoje que a farmac\u00eautica vai aumentar a produ\u00e7\u00e3o da sua vacina contra a covid-19, para alcan\u00e7ar os 2,5 mil milh\u00f5es de doses at\u00e9 final do ano. \u201cVamos aumentar a nossa produ\u00e7\u00e3o e, no final do ano, pensamos ter 2,5 mil milh\u00f5es de doses da vacina produzidas\u201d, [&hellip;]","og_url":"https:\/\/www.altominho.tv\/site\/2021\/07\/01\/pfizer-vai-aumentar-producao-para-atingir-25-mil-milhoes-de-vacinas\/","og_site_name":"Altominho.tv","article_publisher":"https:\/\/www.facebook.com\/altominhotv","article_published_time":"2021-07-01T10:38:10+00:00","article_modified_time":"2021-07-01T10:38:15+00:00","og_image":[{"width":1600,"height":915,"url":"https:\/\/www.altominho.tv\/site\/wp-content\/uploads\/2021\/07\/Pfizer-01-1600x915-1.jpeg","type":"image\/jpeg"}],"author":"Lusa","twitter_card":"summary_large_image","twitter_creator":"@altominhoTV","twitter_site":"@altominhoTV","twitter_misc":{"Escrito por":"Lusa","Tempo estimado de leitura":"2 minutos"},"schema":{"@context":"https:\/\/schema.org","@graph":[{"@type":"Article","@id":"https:\/\/www.altominho.tv\/site\/2021\/07\/01\/pfizer-vai-aumentar-producao-para-atingir-25-mil-milhoes-de-vacinas\/#article","isPartOf":{"@id":"https:\/\/www.altominho.tv\/site\/2021\/07\/01\/pfizer-vai-aumentar-producao-para-atingir-25-mil-milhoes-de-vacinas\/"},"author":{"name":"Lusa","@id":"https:\/\/www.altominho.tv\/site\/#\/schema\/person\/63f693da3e1899361cbe955c46f3232e"},"headline":"Pfizer vai aumentar produ\u00e7\u00e3o para atingir 2,5 mil milh\u00f5es de vacinas","datePublished":"2021-07-01T10:38:10+00:00","dateModified":"2021-07-01T10:38:15+00:00","mainEntityOfPage":{"@id":"https:\/\/www.altominho.tv\/site\/2021\/07\/01\/pfizer-vai-aumentar-producao-para-atingir-25-mil-milhoes-de-vacinas\/"},"wordCount":350,"image":{"@id":"https:\/\/www.altominho.tv\/site\/2021\/07\/01\/pfizer-vai-aumentar-producao-para-atingir-25-mil-milhoes-de-vacinas\/#primaryimage"},"thumbnailUrl":"https:\/\/www.altominho.tv\/site\/wp-content\/uploads\/2021\/07\/Pfizer-01-1600x915-1.jpeg","keywords":["Sa\u00fade","Sociedade"],"articleSection":["Coronav\u00edrus"],"inLanguage":"pt-PT","copyrightYear":"2021","copyrightHolder":{"@id":"https:\/\/www.altominho.tv\/site\/#organization"}},{"@type":"WebPage","@id":"https:\/\/www.altominho.tv\/site\/2021\/07\/01\/pfizer-vai-aumentar-producao-para-atingir-25-mil-milhoes-de-vacinas\/","url":"https:\/\/www.altominho.tv\/site\/2021\/07\/01\/pfizer-vai-aumentar-producao-para-atingir-25-mil-milhoes-de-vacinas\/","name":"Pfizer vai aumentar produ\u00e7\u00e3o para atingir 2,5 mil milh\u00f5es de vacinas","isPartOf":{"@id":"https:\/\/www.altominho.tv\/site\/#website"},"primaryImageOfPage":{"@id":"https:\/\/www.altominho.tv\/site\/2021\/07\/01\/pfizer-vai-aumentar-producao-para-atingir-25-mil-milhoes-de-vacinas\/#primaryimage"},"image":{"@id":"https:\/\/www.altominho.tv\/site\/2021\/07\/01\/pfizer-vai-aumentar-producao-para-atingir-25-mil-milhoes-de-vacinas\/#primaryimage"},"thumbnailUrl":"https:\/\/www.altominho.tv\/site\/wp-content\/uploads\/2021\/07\/Pfizer-01-1600x915-1.jpeg","datePublished":"2021-07-01T10:38:10+00:00","dateModified":"2021-07-01T10:38:15+00:00","author":{"@id":"https:\/\/www.altominho.tv\/site\/#\/schema\/person\/63f693da3e1899361cbe955c46f3232e"},"breadcrumb":{"@id":"https:\/\/www.altominho.tv\/site\/2021\/07\/01\/pfizer-vai-aumentar-producao-para-atingir-25-mil-milhoes-de-vacinas\/#breadcrumb"},"inLanguage":"pt-PT","potentialAction":[{"@type":"ReadAction","target":["https:\/\/www.altominho.tv\/site\/2021\/07\/01\/pfizer-vai-aumentar-producao-para-atingir-25-mil-milhoes-de-vacinas\/"]}]},{"@type":"ImageObject","inLanguage":"pt-PT","@id":"https:\/\/www.altominho.tv\/site\/2021\/07\/01\/pfizer-vai-aumentar-producao-para-atingir-25-mil-milhoes-de-vacinas\/#primaryimage","url":"https:\/\/www.altominho.tv\/site\/wp-content\/uploads\/2021\/07\/Pfizer-01-1600x915-1.jpeg","contentUrl":"https:\/\/www.altominho.tv\/site\/wp-content\/uploads\/2021\/07\/Pfizer-01-1600x915-1.jpeg","width":1600,"height":915},{"@type":"BreadcrumbList","@id":"https:\/\/www.altominho.tv\/site\/2021\/07\/01\/pfizer-vai-aumentar-producao-para-atingir-25-mil-milhoes-de-vacinas\/#breadcrumb","itemListElement":[{"@type":"ListItem","position":1,"name":"In\u00edcio","item":"https:\/\/www.altominho.tv\/site\/"},{"@type":"ListItem","position":2,"name":"Pfizer vai aumentar produ\u00e7\u00e3o para atingir 2,5 mil milh\u00f5es de vacinas"}]},{"@type":"WebSite","@id":"https:\/\/www.altominho.tv\/site\/#website","url":"https:\/\/www.altominho.tv\/site\/","name":"Altominho.tv","description":"A sua regi\u00e3o \u00e0 dist\u00e2ncia de um clique...","potentialAction":[{"@type":"SearchAction","target":{"@type":"EntryPoint","urlTemplate":"https:\/\/www.altominho.tv\/site\/?s={search_term_string}"},"query-input":{"@type":"PropertyValueSpecification","valueRequired":true,"valueName":"search_term_string"}}],"inLanguage":"pt-PT"},{"@type":"Person","@id":"https:\/\/www.altominho.tv\/site\/#\/schema\/person\/63f693da3e1899361cbe955c46f3232e","name":"Lusa","image":{"@type":"ImageObject","inLanguage":"pt-PT","@id":"https:\/\/www.altominho.tv\/site\/wp-content\/uploads\/2019\/08\/LUSA_Logo.gif","url":"https:\/\/www.altominho.tv\/site\/wp-content\/uploads\/2019\/08\/LUSA_Logo.gif","contentUrl":"https:\/\/www.altominho.tv\/site\/wp-content\/uploads\/2019\/08\/LUSA_Logo.gif","caption":"Lusa"},"sameAs":["http:\/\/\/\/www.altominho.tv\/site"],"url":"https:\/\/www.altominho.tv\/site\/author\/lusa\/"}]}},"_links":{"self":[{"href":"https:\/\/www.altominho.tv\/site\/wp-json\/wp\/v2\/posts\/67927","targetHints":{"allow":["GET"]}}],"collection":[{"href":"https:\/\/www.altominho.tv\/site\/wp-json\/wp\/v2\/posts"}],"about":[{"href":"https:\/\/www.altominho.tv\/site\/wp-json\/wp\/v2\/types\/post"}],"author":[{"embeddable":true,"href":"https:\/\/www.altominho.tv\/site\/wp-json\/wp\/v2\/users\/13"}],"replies":[{"embeddable":true,"href":"https:\/\/www.altominho.tv\/site\/wp-json\/wp\/v2\/comments?post=67927"}],"version-history":[{"count":0,"href":"https:\/\/www.altominho.tv\/site\/wp-json\/wp\/v2\/posts\/67927\/revisions"}],"wp:featuredmedia":[{"embeddable":true,"href":"https:\/\/www.altominho.tv\/site\/wp-json\/wp\/v2\/media\/67928"}],"wp:attachment":[{"href":"https:\/\/www.altominho.tv\/site\/wp-json\/wp\/v2\/media?parent=67927"}],"wp:term":[{"taxonomy":"category","embeddable":true,"href":"https:\/\/www.altominho.tv\/site\/wp-json\/wp\/v2\/categories?post=67927"},{"taxonomy":"post_tag","embeddable":true,"href":"https:\/\/www.altominho.tv\/site\/wp-json\/wp\/v2\/tags?post=67927"}],"curies":[{"name":"wp","href":"https:\/\/api.w.org\/{rel}","templated":true}]}}