{"id":67762,"date":"2021-06-23T17:51:45","date_gmt":"2021-06-23T16:51:45","guid":{"rendered":"https:\/\/www.altominho.tv\/site\/?p=67762"},"modified":"2021-06-23T17:51:49","modified_gmt":"2021-06-23T16:51:49","slug":"oito-concertos-sao-destaque-do-vimver-cerveira-2021","status":"publish","type":"post","link":"https:\/\/www.altominho.tv\/site\/2021\/06\/23\/oito-concertos-sao-destaque-do-vimver-cerveira-2021\/","title":{"rendered":"Oito concertos s\u00e3o destaque do \u2018Vi(m)ver Cerveira\u2019 2021"},"content":{"rendered":"\n<p>Perante um ver\u00e3o ainda at\u00edpico, devido \u00e0 Covid-19, Vila Nova de Cerveira consegue readaptar-se e manter a excel\u00eancia do programa \u2018Vi(m)ver Cerveira\u2019, em seguran\u00e7a. S\u00e3o oito concertos e mais quatro eventos diversificados que prometem devolver alguma normalidade \u00e0 din\u00e2mica cultural, cumprindo rigorosamente as orienta\u00e7\u00f5es emanadas pela Dire\u00e7\u00e3o-Geral de Sa\u00fade.<\/p>\n\n\n\n<p><br>Os concertos de ver\u00e3o s\u00e3o o grande destaque pela qualidade dos artistas e pela quantidade. A edi\u00e7\u00e3o 2021 do \u2018Cerveira Ac\u00fastica\u2019 e das \u2018Noites de Fado\u2019 apresenta quatro fins-de-semana com oito espet\u00e1culos musicais, aqueles que tiveram de ser adiados em 2020 e os do corrente ano. Em julho, o \u2018Cerveira Ac\u00fastica\u2019 conta com Miguel Ara\u00fajo (16), Ant\u00f3nio Zambujo (17), Ana Bacalhau (23) e Pedro Abrunhosa &amp; Comit\u00e9 Caviar (24), e em agosto canta-se o fado com Marco Rodrigues (6), Katia Guerreiro (7), Sara Correia (13) e Aldina Duarte (14).<\/p>\n\n\n\n<p><br>As novidades n\u00e3o se ficam por aqui, pois os condicionalismos epidemiol\u00f3gicos obrigaram \u00e0 implementa\u00e7\u00e3o de um conjunto de medidas excecionais. A mais relevante prende-se com o local dos concertos pois, de acordo com Resolu\u00e7\u00e3o Conselho Ministros n.o 70-b\/2021 para a Programa\u00e7\u00e3o ao Ar Livre, no ponto 71, \u201ca ocupa\u00e7\u00e3o m\u00e1xima do espa\u00e7o pelos clientes, preferencialmente com lugares sentados, deve ser calculada com base na equa\u00e7\u00e3o de 1 pessoa por 20m2\u201d, al\u00e9m do uso obrigat\u00f3rio de m\u00e1scara e do distanciamento f\u00edsico. Neste sentido, foram ponderadas v\u00e1rias op\u00e7\u00f5es, nomeadamente o<br>Audit\u00f3rio Municipal que ficaria condicionado a 70 lugares, os Jardins da Piscina Municipal para 110 lugares ou a Pra\u00e7a Alto Minho com 70 lugares.<\/p>\n\n\n\n<p><br>Ap\u00f3s reflex\u00e3o e alcan\u00e7ados os pareceres t\u00e9cnicos e de sa\u00fade p\u00fablica favor\u00e1veis, o Centro Municipal de Atletismo afigurou-se como a escolha mais correta, tendo em conta a dimens\u00e3o do espa\u00e7o e o fato de acolher quase 1000 pessoas, al\u00e9m de garantir todas as condi\u00e7\u00f5es de seguran\u00e7a necess\u00e1rias.<\/p>\n\n\n\n<p><br>A partir do dia 1 de julho, os bilhetes estar\u00e3o \u00e0 venda na Loja Interativa de Turismo e na Plataforma Eurocidade Online (eurocidadecerveiratomino.eu), ou no pr\u00f3prio dia no local dos concertos, a 7\u20ac o bilhete individual. Nesta vertente, tamb\u00e9m h\u00e1 novidades, com a venda de packs, o \u2018Ac\u00fastico\u2019 e o \u2018Fado\u2019, a 20\u20ac cada.<\/p>\n\n\n\n<p><br>O \u2018Vi(m)ver Cerveira\u2019 2021 conta ainda com mais quatro eventos, nomeadamente o XVII Dancerveira &#8211; Festival Internacional de Dan\u00e7a de Vila Nova de Cerveira, de 1 a 4 de julho, no Centro Municipal de Atletismo; o inovador UMBRA \u2013 Festival Internacional de Artes e Multim\u00e9dia, de 9 a 11 de julho, que, atrav\u00e9s de instala\u00e7\u00f5es luminosas desenvolvidas por artistas e arquitetos nacionais e internacionais, constitui-se como uma oportunidade \u00fanica para conhecer espa\u00e7os singulares do concelho; o \u2018O Crochet sai \u00e0 Rua\u2026em Cerveira \u2013 2021\u2019, que de 23 de julho a 30 de dezembro, apresenta-se a rigor (como<br>sempre) e adaptado \u00e0 tem\u00e1tica dos 700 anos, com 13 quadros\/cen\u00e1rios minuciosamente elaborados em crochet, com epis\u00f3dios singulares que escrevem a hist\u00f3ria de Cerveira durante a \u00e9poca medieval, um dos quais a \u2018Assinatura do Foral atribu\u00eddo a Vila Nova de Cerveira em 1321, por Rei D. Dinis\u2019; e o XV Festival de Bandas de M\u00fasica, com cinco bandas de m\u00fasica convidadas, agendado para 19 de setembro.<\/p>\n\n\n\n<p><br>De salientar que Vila Nova de Cerveira est\u00e1 a assinalar, em 2021, os 700 Anos da Funda\u00e7\u00e3o, com a atribui\u00e7\u00e3o do foral por El Rei D. Dinis, a 1 de outubro de 1321, pelo que para dignificar t\u00e3o memor\u00e1vel efem\u00e9ride, o Munic\u00edpio de Vila Nova de Cerveira tem uma programa\u00e7\u00e3o condizente e representativa da identidade, sob o slogan \u201c700 Anos a fazer Hist\u00f3ria\u201d.<\/p>\n","protected":false},"excerpt":{"rendered":"<p>Perante um ver\u00e3o ainda at\u00edpico, devido \u00e0 Covid-19, Vila Nova de Cerveira consegue readaptar-se e manter a excel\u00eancia do programa \u2018Vi(m)ver Cerveira\u2019, em seguran\u00e7a. S\u00e3o oito concertos e mais quatro eventos diversificados que prometem devolver alguma normalidade \u00e0 din\u00e2mica cultural, cumprindo rigorosamente as orienta\u00e7\u00f5es emanadas pela Dire\u00e7\u00e3o-Geral de Sa\u00fade. Os concertos de ver\u00e3o s\u00e3o o [&hellip;]<\/p>\n","protected":false},"author":1,"featured_media":67763,"comment_status":"closed","ping_status":"closed","sticky":false,"template":"","format":"standard","meta":{"_exactmetrics_skip_tracking":false,"_exactmetrics_sitenote_active":false,"_exactmetrics_sitenote_note":"","_exactmetrics_sitenote_category":0,"footnotes":""},"categories":[15],"tags":[19,27],"class_list":["post-67762","post","type-post","status-publish","format-standard","has-post-thumbnail","hentry","category-vila-nova-de-cerveira","tag-cultura","tag-sociedade"],"yoast_head":"<!-- This site is optimized with the Yoast SEO Premium plugin v27.5 (Yoast SEO v27.5) - https:\/\/yoast.com\/product\/yoast-seo-premium-wordpress\/ -->\n<title>Oito concertos s\u00e3o destaque do \u2018Vi(m)ver Cerveira\u2019 2021<\/title>\n<meta name=\"robots\" content=\"index, follow, max-snippet:-1, max-image-preview:large, max-video-preview:-1\" \/>\n<link rel=\"canonical\" href=\"https:\/\/www.altominho.tv\/site\/2021\/06\/23\/oito-concertos-sao-destaque-do-vimver-cerveira-2021\/\" \/>\n<meta property=\"og:locale\" content=\"pt_PT\" \/>\n<meta property=\"og:type\" content=\"article\" \/>\n<meta property=\"og:title\" content=\"Oito concertos s\u00e3o destaque do \u2018Vi(m)ver Cerveira\u2019 2021\" \/>\n<meta property=\"og:description\" content=\"Perante um ver\u00e3o ainda at\u00edpico, devido \u00e0 Covid-19, Vila Nova de Cerveira consegue readaptar-se e manter a excel\u00eancia do programa \u2018Vi(m)ver Cerveira\u2019, em seguran\u00e7a. S\u00e3o oito concertos e mais quatro eventos diversificados que prometem devolver alguma normalidade \u00e0 din\u00e2mica cultural, cumprindo rigorosamente as orienta\u00e7\u00f5es emanadas pela Dire\u00e7\u00e3o-Geral de Sa\u00fade. Os concertos de ver\u00e3o s\u00e3o o [&hellip;]\" \/>\n<meta property=\"og:url\" content=\"https:\/\/www.altominho.tv\/site\/2021\/06\/23\/oito-concertos-sao-destaque-do-vimver-cerveira-2021\/\" \/>\n<meta property=\"og:site_name\" content=\"Altominho.tv\" \/>\n<meta property=\"article:publisher\" content=\"https:\/\/www.facebook.com\/altominhotv\" \/>\n<meta property=\"article:published_time\" content=\"2021-06-23T16:51:45+00:00\" \/>\n<meta property=\"article:modified_time\" content=\"2021-06-23T16:51:49+00:00\" \/>\n<meta property=\"og:image\" content=\"https:\/\/www.altominho.tv\/site\/wp-content\/uploads\/2021\/06\/Vimver-cerveira-2021.jpg\" \/>\n\t<meta property=\"og:image:width\" content=\"1708\" \/>\n\t<meta property=\"og:image:height\" content=\"1533\" \/>\n\t<meta property=\"og:image:type\" content=\"image\/jpeg\" \/>\n<meta name=\"author\" content=\"Altominho.tv\" \/>\n<meta name=\"twitter:card\" content=\"summary_large_image\" \/>\n<meta name=\"twitter:creator\" content=\"@altominhoTV\" \/>\n<meta name=\"twitter:site\" content=\"@altominhoTV\" \/>\n<meta name=\"twitter:label1\" content=\"Escrito por\" \/>\n\t<meta name=\"twitter:data1\" content=\"Altominho.tv\" \/>\n\t<meta name=\"twitter:label2\" content=\"Tempo estimado de leitura\" \/>\n\t<meta name=\"twitter:data2\" content=\"3 minutos\" \/>\n<script type=\"application\/ld+json\" class=\"yoast-schema-graph\">{\"@context\":\"https:\\\/\\\/schema.org\",\"@graph\":[{\"@type\":\"Article\",\"@id\":\"https:\\\/\\\/www.altominho.tv\\\/site\\\/2021\\\/06\\\/23\\\/oito-concertos-sao-destaque-do-vimver-cerveira-2021\\\/#article\",\"isPartOf\":{\"@id\":\"https:\\\/\\\/www.altominho.tv\\\/site\\\/2021\\\/06\\\/23\\\/oito-concertos-sao-destaque-do-vimver-cerveira-2021\\\/\"},\"author\":{\"name\":\"Altominho.tv\",\"@id\":\"https:\\\/\\\/www.altominho.tv\\\/site\\\/#\\\/schema\\\/person\\\/4e536851627d7914baf3dac752b6af22\"},\"headline\":\"Oito concertos s\u00e3o destaque do \u2018Vi(m)ver Cerveira\u2019 2021\",\"datePublished\":\"2021-06-23T16:51:45+00:00\",\"dateModified\":\"2021-06-23T16:51:49+00:00\",\"mainEntityOfPage\":{\"@id\":\"https:\\\/\\\/www.altominho.tv\\\/site\\\/2021\\\/06\\\/23\\\/oito-concertos-sao-destaque-do-vimver-cerveira-2021\\\/\"},\"wordCount\":620,\"image\":{\"@id\":\"https:\\\/\\\/www.altominho.tv\\\/site\\\/2021\\\/06\\\/23\\\/oito-concertos-sao-destaque-do-vimver-cerveira-2021\\\/#primaryimage\"},\"thumbnailUrl\":\"https:\\\/\\\/www.altominho.tv\\\/site\\\/wp-content\\\/uploads\\\/2021\\\/06\\\/Vimver-cerveira-2021.jpg\",\"keywords\":[\"Cultura\",\"Sociedade\"],\"articleSection\":[\"Vila Nova de Cerveira\"],\"inLanguage\":\"pt-PT\",\"copyrightYear\":\"2021\",\"copyrightHolder\":{\"@id\":\"https:\\\/\\\/www.altominho.tv\\\/site\\\/#organization\"}},{\"@type\":\"WebPage\",\"@id\":\"https:\\\/\\\/www.altominho.tv\\\/site\\\/2021\\\/06\\\/23\\\/oito-concertos-sao-destaque-do-vimver-cerveira-2021\\\/\",\"url\":\"https:\\\/\\\/www.altominho.tv\\\/site\\\/2021\\\/06\\\/23\\\/oito-concertos-sao-destaque-do-vimver-cerveira-2021\\\/\",\"name\":\"Oito concertos s\u00e3o destaque do \u2018Vi(m)ver Cerveira\u2019 2021\",\"isPartOf\":{\"@id\":\"https:\\\/\\\/www.altominho.tv\\\/site\\\/#website\"},\"primaryImageOfPage\":{\"@id\":\"https:\\\/\\\/www.altominho.tv\\\/site\\\/2021\\\/06\\\/23\\\/oito-concertos-sao-destaque-do-vimver-cerveira-2021\\\/#primaryimage\"},\"image\":{\"@id\":\"https:\\\/\\\/www.altominho.tv\\\/site\\\/2021\\\/06\\\/23\\\/oito-concertos-sao-destaque-do-vimver-cerveira-2021\\\/#primaryimage\"},\"thumbnailUrl\":\"https:\\\/\\\/www.altominho.tv\\\/site\\\/wp-content\\\/uploads\\\/2021\\\/06\\\/Vimver-cerveira-2021.jpg\",\"datePublished\":\"2021-06-23T16:51:45+00:00\",\"dateModified\":\"2021-06-23T16:51:49+00:00\",\"author\":{\"@id\":\"https:\\\/\\\/www.altominho.tv\\\/site\\\/#\\\/schema\\\/person\\\/4e536851627d7914baf3dac752b6af22\"},\"breadcrumb\":{\"@id\":\"https:\\\/\\\/www.altominho.tv\\\/site\\\/2021\\\/06\\\/23\\\/oito-concertos-sao-destaque-do-vimver-cerveira-2021\\\/#breadcrumb\"},\"inLanguage\":\"pt-PT\",\"potentialAction\":[{\"@type\":\"ReadAction\",\"target\":[\"https:\\\/\\\/www.altominho.tv\\\/site\\\/2021\\\/06\\\/23\\\/oito-concertos-sao-destaque-do-vimver-cerveira-2021\\\/\"]}]},{\"@type\":\"ImageObject\",\"inLanguage\":\"pt-PT\",\"@id\":\"https:\\\/\\\/www.altominho.tv\\\/site\\\/2021\\\/06\\\/23\\\/oito-concertos-sao-destaque-do-vimver-cerveira-2021\\\/#primaryimage\",\"url\":\"https:\\\/\\\/www.altominho.tv\\\/site\\\/wp-content\\\/uploads\\\/2021\\\/06\\\/Vimver-cerveira-2021.jpg\",\"contentUrl\":\"https:\\\/\\\/www.altominho.tv\\\/site\\\/wp-content\\\/uploads\\\/2021\\\/06\\\/Vimver-cerveira-2021.jpg\",\"width\":1708,\"height\":1533},{\"@type\":\"BreadcrumbList\",\"@id\":\"https:\\\/\\\/www.altominho.tv\\\/site\\\/2021\\\/06\\\/23\\\/oito-concertos-sao-destaque-do-vimver-cerveira-2021\\\/#breadcrumb\",\"itemListElement\":[{\"@type\":\"ListItem\",\"position\":1,\"name\":\"In\u00edcio\",\"item\":\"https:\\\/\\\/www.altominho.tv\\\/site\\\/\"},{\"@type\":\"ListItem\",\"position\":2,\"name\":\"Oito concertos s\u00e3o destaque do \u2018Vi(m)ver Cerveira\u2019 2021\"}]},{\"@type\":\"WebSite\",\"@id\":\"https:\\\/\\\/www.altominho.tv\\\/site\\\/#website\",\"url\":\"https:\\\/\\\/www.altominho.tv\\\/site\\\/\",\"name\":\"Altominho.tv\",\"description\":\"A sua regi\u00e3o \u00e0 dist\u00e2ncia de um clique...\",\"potentialAction\":[{\"@type\":\"SearchAction\",\"target\":{\"@type\":\"EntryPoint\",\"urlTemplate\":\"https:\\\/\\\/www.altominho.tv\\\/site\\\/?s={search_term_string}\"},\"query-input\":{\"@type\":\"PropertyValueSpecification\",\"valueRequired\":true,\"valueName\":\"search_term_string\"}}],\"inLanguage\":\"pt-PT\"},{\"@type\":\"Person\",\"@id\":\"https:\\\/\\\/www.altominho.tv\\\/site\\\/#\\\/schema\\\/person\\\/4e536851627d7914baf3dac752b6af22\",\"name\":\"Altominho.tv\",\"image\":{\"@type\":\"ImageObject\",\"inLanguage\":\"pt-PT\",\"@id\":\"https:\\\/\\\/www.altominho.tv\\\/site\\\/wp-content\\\/uploads\\\/2019\\\/11\\\/Logo_Avatar_2-150x150.jpg\",\"url\":\"https:\\\/\\\/www.altominho.tv\\\/site\\\/wp-content\\\/uploads\\\/2019\\\/11\\\/Logo_Avatar_2-150x150.jpg\",\"contentUrl\":\"https:\\\/\\\/www.altominho.tv\\\/site\\\/wp-content\\\/uploads\\\/2019\\\/11\\\/Logo_Avatar_2-150x150.jpg\",\"caption\":\"Altominho.tv\"},\"url\":\"https:\\\/\\\/www.altominho.tv\\\/site\\\/author\\\/altominhotv-tecnico\\\/\"}]}<\/script>\n<!-- \/ Yoast SEO Premium plugin. -->","yoast_head_json":{"title":"Oito concertos s\u00e3o destaque do \u2018Vi(m)ver Cerveira\u2019 2021","robots":{"index":"index","follow":"follow","max-snippet":"max-snippet:-1","max-image-preview":"max-image-preview:large","max-video-preview":"max-video-preview:-1"},"canonical":"https:\/\/www.altominho.tv\/site\/2021\/06\/23\/oito-concertos-sao-destaque-do-vimver-cerveira-2021\/","og_locale":"pt_PT","og_type":"article","og_title":"Oito concertos s\u00e3o destaque do \u2018Vi(m)ver Cerveira\u2019 2021","og_description":"Perante um ver\u00e3o ainda at\u00edpico, devido \u00e0 Covid-19, Vila Nova de Cerveira consegue readaptar-se e manter a excel\u00eancia do programa \u2018Vi(m)ver Cerveira\u2019, em seguran\u00e7a. S\u00e3o oito concertos e mais quatro eventos diversificados que prometem devolver alguma normalidade \u00e0 din\u00e2mica cultural, cumprindo rigorosamente as orienta\u00e7\u00f5es emanadas pela Dire\u00e7\u00e3o-Geral de Sa\u00fade. Os concertos de ver\u00e3o s\u00e3o o [&hellip;]","og_url":"https:\/\/www.altominho.tv\/site\/2021\/06\/23\/oito-concertos-sao-destaque-do-vimver-cerveira-2021\/","og_site_name":"Altominho.tv","article_publisher":"https:\/\/www.facebook.com\/altominhotv","article_published_time":"2021-06-23T16:51:45+00:00","article_modified_time":"2021-06-23T16:51:49+00:00","og_image":[{"width":1708,"height":1533,"url":"https:\/\/www.altominho.tv\/site\/wp-content\/uploads\/2021\/06\/Vimver-cerveira-2021.jpg","type":"image\/jpeg"}],"author":"Altominho.tv","twitter_card":"summary_large_image","twitter_creator":"@altominhoTV","twitter_site":"@altominhoTV","twitter_misc":{"Escrito por":"Altominho.tv","Tempo estimado de leitura":"3 minutos"},"schema":{"@context":"https:\/\/schema.org","@graph":[{"@type":"Article","@id":"https:\/\/www.altominho.tv\/site\/2021\/06\/23\/oito-concertos-sao-destaque-do-vimver-cerveira-2021\/#article","isPartOf":{"@id":"https:\/\/www.altominho.tv\/site\/2021\/06\/23\/oito-concertos-sao-destaque-do-vimver-cerveira-2021\/"},"author":{"name":"Altominho.tv","@id":"https:\/\/www.altominho.tv\/site\/#\/schema\/person\/4e536851627d7914baf3dac752b6af22"},"headline":"Oito concertos s\u00e3o destaque do \u2018Vi(m)ver Cerveira\u2019 2021","datePublished":"2021-06-23T16:51:45+00:00","dateModified":"2021-06-23T16:51:49+00:00","mainEntityOfPage":{"@id":"https:\/\/www.altominho.tv\/site\/2021\/06\/23\/oito-concertos-sao-destaque-do-vimver-cerveira-2021\/"},"wordCount":620,"image":{"@id":"https:\/\/www.altominho.tv\/site\/2021\/06\/23\/oito-concertos-sao-destaque-do-vimver-cerveira-2021\/#primaryimage"},"thumbnailUrl":"https:\/\/www.altominho.tv\/site\/wp-content\/uploads\/2021\/06\/Vimver-cerveira-2021.jpg","keywords":["Cultura","Sociedade"],"articleSection":["Vila Nova de Cerveira"],"inLanguage":"pt-PT","copyrightYear":"2021","copyrightHolder":{"@id":"https:\/\/www.altominho.tv\/site\/#organization"}},{"@type":"WebPage","@id":"https:\/\/www.altominho.tv\/site\/2021\/06\/23\/oito-concertos-sao-destaque-do-vimver-cerveira-2021\/","url":"https:\/\/www.altominho.tv\/site\/2021\/06\/23\/oito-concertos-sao-destaque-do-vimver-cerveira-2021\/","name":"Oito concertos s\u00e3o destaque do \u2018Vi(m)ver Cerveira\u2019 2021","isPartOf":{"@id":"https:\/\/www.altominho.tv\/site\/#website"},"primaryImageOfPage":{"@id":"https:\/\/www.altominho.tv\/site\/2021\/06\/23\/oito-concertos-sao-destaque-do-vimver-cerveira-2021\/#primaryimage"},"image":{"@id":"https:\/\/www.altominho.tv\/site\/2021\/06\/23\/oito-concertos-sao-destaque-do-vimver-cerveira-2021\/#primaryimage"},"thumbnailUrl":"https:\/\/www.altominho.tv\/site\/wp-content\/uploads\/2021\/06\/Vimver-cerveira-2021.jpg","datePublished":"2021-06-23T16:51:45+00:00","dateModified":"2021-06-23T16:51:49+00:00","author":{"@id":"https:\/\/www.altominho.tv\/site\/#\/schema\/person\/4e536851627d7914baf3dac752b6af22"},"breadcrumb":{"@id":"https:\/\/www.altominho.tv\/site\/2021\/06\/23\/oito-concertos-sao-destaque-do-vimver-cerveira-2021\/#breadcrumb"},"inLanguage":"pt-PT","potentialAction":[{"@type":"ReadAction","target":["https:\/\/www.altominho.tv\/site\/2021\/06\/23\/oito-concertos-sao-destaque-do-vimver-cerveira-2021\/"]}]},{"@type":"ImageObject","inLanguage":"pt-PT","@id":"https:\/\/www.altominho.tv\/site\/2021\/06\/23\/oito-concertos-sao-destaque-do-vimver-cerveira-2021\/#primaryimage","url":"https:\/\/www.altominho.tv\/site\/wp-content\/uploads\/2021\/06\/Vimver-cerveira-2021.jpg","contentUrl":"https:\/\/www.altominho.tv\/site\/wp-content\/uploads\/2021\/06\/Vimver-cerveira-2021.jpg","width":1708,"height":1533},{"@type":"BreadcrumbList","@id":"https:\/\/www.altominho.tv\/site\/2021\/06\/23\/oito-concertos-sao-destaque-do-vimver-cerveira-2021\/#breadcrumb","itemListElement":[{"@type":"ListItem","position":1,"name":"In\u00edcio","item":"https:\/\/www.altominho.tv\/site\/"},{"@type":"ListItem","position":2,"name":"Oito concertos s\u00e3o destaque do \u2018Vi(m)ver Cerveira\u2019 2021"}]},{"@type":"WebSite","@id":"https:\/\/www.altominho.tv\/site\/#website","url":"https:\/\/www.altominho.tv\/site\/","name":"Altominho.tv","description":"A sua regi\u00e3o \u00e0 dist\u00e2ncia de um clique...","potentialAction":[{"@type":"SearchAction","target":{"@type":"EntryPoint","urlTemplate":"https:\/\/www.altominho.tv\/site\/?s={search_term_string}"},"query-input":{"@type":"PropertyValueSpecification","valueRequired":true,"valueName":"search_term_string"}}],"inLanguage":"pt-PT"},{"@type":"Person","@id":"https:\/\/www.altominho.tv\/site\/#\/schema\/person\/4e536851627d7914baf3dac752b6af22","name":"Altominho.tv","image":{"@type":"ImageObject","inLanguage":"pt-PT","@id":"https:\/\/www.altominho.tv\/site\/wp-content\/uploads\/2019\/11\/Logo_Avatar_2-150x150.jpg","url":"https:\/\/www.altominho.tv\/site\/wp-content\/uploads\/2019\/11\/Logo_Avatar_2-150x150.jpg","contentUrl":"https:\/\/www.altominho.tv\/site\/wp-content\/uploads\/2019\/11\/Logo_Avatar_2-150x150.jpg","caption":"Altominho.tv"},"url":"https:\/\/www.altominho.tv\/site\/author\/altominhotv-tecnico\/"}]}},"_links":{"self":[{"href":"https:\/\/www.altominho.tv\/site\/wp-json\/wp\/v2\/posts\/67762","targetHints":{"allow":["GET"]}}],"collection":[{"href":"https:\/\/www.altominho.tv\/site\/wp-json\/wp\/v2\/posts"}],"about":[{"href":"https:\/\/www.altominho.tv\/site\/wp-json\/wp\/v2\/types\/post"}],"author":[{"embeddable":true,"href":"https:\/\/www.altominho.tv\/site\/wp-json\/wp\/v2\/users\/1"}],"replies":[{"embeddable":true,"href":"https:\/\/www.altominho.tv\/site\/wp-json\/wp\/v2\/comments?post=67762"}],"version-history":[{"count":0,"href":"https:\/\/www.altominho.tv\/site\/wp-json\/wp\/v2\/posts\/67762\/revisions"}],"wp:featuredmedia":[{"embeddable":true,"href":"https:\/\/www.altominho.tv\/site\/wp-json\/wp\/v2\/media\/67763"}],"wp:attachment":[{"href":"https:\/\/www.altominho.tv\/site\/wp-json\/wp\/v2\/media?parent=67762"}],"wp:term":[{"taxonomy":"category","embeddable":true,"href":"https:\/\/www.altominho.tv\/site\/wp-json\/wp\/v2\/categories?post=67762"},{"taxonomy":"post_tag","embeddable":true,"href":"https:\/\/www.altominho.tv\/site\/wp-json\/wp\/v2\/tags?post=67762"}],"curies":[{"name":"wp","href":"https:\/\/api.w.org\/{rel}","templated":true}]}}