{"id":67661,"date":"2021-06-20T16:06:42","date_gmt":"2021-06-20T15:06:42","guid":{"rendered":"https:\/\/www.altominho.tv\/site\/?p=67661"},"modified":"2021-06-20T16:06:44","modified_gmt":"2021-06-20T15:06:44","slug":"campanha-de-limpeza-de-praias-inicia-em-afife-dia-21-de-junho-vai-percorrer-quase-mil-quilometros","status":"publish","type":"post","link":"https:\/\/www.altominho.tv\/site\/2021\/06\/20\/campanha-de-limpeza-de-praias-inicia-em-afife-dia-21-de-junho-vai-percorrer-quase-mil-quilometros\/","title":{"rendered":"Campanha de limpeza de praias inicia em Afife dia 21 de junho, vai percorrer quase mil quil\u00f3metros"},"content":{"rendered":"<p>A empresa de reciclagem de embalagens Novo Verde vai promover at\u00e9 24 de julho jornadas de limpeza de praias, que percorrer\u00e3o quase mil quil\u00f3metros da costa portuguesa.<\/p>\n<p>A campanha &#8220;Reciclar \u00e9 a nossa praia&#8221; come\u00e7a no dia 21 de junho na praia de Afife, em Viana do Castelo, e chegar\u00e1 a Monte Gordo, em Vila Real de Santo Ant\u00f3nio, no dia 24 de julho.<\/p>\n<p>Alunos de escolas de v\u00e1rios pontos do pa\u00eds, surfistas e a popula\u00e7\u00e3o em geral podem participar nas a\u00e7\u00f5es de limpeza de praias, que incluem ainda sess\u00f5es de educa\u00e7\u00e3o ambiental com jogos.<\/p>\n<p>Ao todo, 30 praias de norte a sul estar\u00e3o envolvidas nesta campanha, em que participar\u00e1 tamb\u00e9m o ramo portugu\u00eas da organiza\u00e7\u00e3o n\u00e3o-governamental Sailors for the Sea.<\/p>\n","protected":false},"excerpt":{"rendered":"<p>A empresa de reciclagem de embalagens Novo Verde vai promover at\u00e9 24 de julho jornadas de limpeza de praias, que percorrer\u00e3o quase mil quil\u00f3metros da costa portuguesa. A campanha &#8220;Reciclar \u00e9 a nossa praia&#8221; come\u00e7a no dia 21 de junho na praia de Afife, em Viana do Castelo, e chegar\u00e1 a Monte Gordo, em Vila [&hellip;]<\/p>\n","protected":false},"author":13,"featured_media":67662,"comment_status":"closed","ping_status":"closed","sticky":false,"template":"","format":"standard","meta":{"_exactmetrics_skip_tracking":false,"footnotes":""},"categories":[73],"tags":[24,27],"class_list":["post-67661","post","type-post","status-publish","format-standard","has-post-thumbnail","hentry","category-alto-minho","tag-lazer","tag-sociedade"],"yoast_head":"<!-- This site is optimized with the Yoast SEO Premium plugin v28.3 (Yoast SEO v28.3) - https:\/\/yoast.com\/product\/yoast-seo-premium-wordpress\/ -->\n<title>Campanha de limpeza de praias inicia em Afife dia 21 de junho, vai percorrer quase mil quil\u00f3metros<\/title>\n<meta name=\"robots\" content=\"index, follow, max-snippet:-1, max-image-preview:large, max-video-preview:-1\" \/>\n<link rel=\"canonical\" href=\"https:\/\/www.altominho.tv\/site\/2021\/06\/20\/campanha-de-limpeza-de-praias-inicia-em-afife-dia-21-de-junho-vai-percorrer-quase-mil-quilometros\/\" \/>\n<meta property=\"og:locale\" content=\"pt_PT\" \/>\n<meta property=\"og:type\" content=\"article\" \/>\n<meta property=\"og:title\" content=\"Campanha de limpeza de praias inicia em Afife dia 21 de junho, vai percorrer quase mil quil\u00f3metros\" \/>\n<meta property=\"og:description\" content=\"A empresa de reciclagem de embalagens Novo Verde vai promover at\u00e9 24 de julho jornadas de limpeza de praias, que percorrer\u00e3o quase mil quil\u00f3metros da costa portuguesa. A campanha &#8220;Reciclar \u00e9 a nossa praia&#8221; come\u00e7a no dia 21 de junho na praia de Afife, em Viana do Castelo, e chegar\u00e1 a Monte Gordo, em Vila [&hellip;]\" \/>\n<meta property=\"og:url\" content=\"https:\/\/www.altominho.tv\/site\/2021\/06\/20\/campanha-de-limpeza-de-praias-inicia-em-afife-dia-21-de-junho-vai-percorrer-quase-mil-quilometros\/\" \/>\n<meta property=\"og:site_name\" content=\"Altominho.tv\" \/>\n<meta property=\"article:publisher\" content=\"https:\/\/www.facebook.com\/altominhotv\" \/>\n<meta property=\"article:published_time\" content=\"2021-06-20T15:06:42+00:00\" \/>\n<meta property=\"article:modified_time\" content=\"2021-06-20T15:06:44+00:00\" \/>\n<meta property=\"og:image\" content=\"https:\/\/www.altominho.tv\/site\/wp-content\/uploads\/2021\/06\/Limpeza_Praias_.jpg\" \/>\n\t<meta property=\"og:image:width\" content=\"984\" \/>\n\t<meta property=\"og:image:height\" content=\"656\" \/>\n\t<meta property=\"og:image:type\" content=\"image\/jpeg\" \/>\n<meta name=\"author\" content=\"Lusa\" \/>\n<meta name=\"twitter:card\" content=\"summary_large_image\" \/>\n<meta name=\"twitter:creator\" content=\"@altominhoTV\" \/>\n<meta name=\"twitter:site\" content=\"@altominhoTV\" \/>\n<meta name=\"twitter:label1\" content=\"Escrito por\" \/>\n\t<meta name=\"twitter:data1\" content=\"Lusa\" \/>\n\t<meta name=\"twitter:label2\" content=\"Tempo estimado de leitura\" \/>\n\t<meta name=\"twitter:data2\" content=\"1 minuto\" \/>\n<script type=\"application\/ld+json\" class=\"yoast-schema-graph\">{\"@context\":\"https:\\\/\\\/schema.org\",\"@graph\":[{\"@type\":\"Article\",\"@id\":\"https:\\\/\\\/www.altominho.tv\\\/site\\\/2021\\\/06\\\/20\\\/campanha-de-limpeza-de-praias-inicia-em-afife-dia-21-de-junho-vai-percorrer-quase-mil-quilometros\\\/#article\",\"isPartOf\":{\"@id\":\"https:\\\/\\\/www.altominho.tv\\\/site\\\/2021\\\/06\\\/20\\\/campanha-de-limpeza-de-praias-inicia-em-afife-dia-21-de-junho-vai-percorrer-quase-mil-quilometros\\\/\"},\"author\":{\"name\":\"Lusa\",\"@id\":\"https:\\\/\\\/www.altominho.tv\\\/site\\\/#\\\/schema\\\/person\\\/63f693da3e1899361cbe955c46f3232e\"},\"headline\":\"Campanha de limpeza de praias inicia em Afife dia 21 de junho, vai percorrer quase mil quil\u00f3metros\",\"datePublished\":\"2021-06-20T15:06:42+00:00\",\"dateModified\":\"2021-06-20T15:06:44+00:00\",\"mainEntityOfPage\":{\"@id\":\"https:\\\/\\\/www.altominho.tv\\\/site\\\/2021\\\/06\\\/20\\\/campanha-de-limpeza-de-praias-inicia-em-afife-dia-21-de-junho-vai-percorrer-quase-mil-quilometros\\\/\"},\"wordCount\":148,\"image\":{\"@id\":\"https:\\\/\\\/www.altominho.tv\\\/site\\\/2021\\\/06\\\/20\\\/campanha-de-limpeza-de-praias-inicia-em-afife-dia-21-de-junho-vai-percorrer-quase-mil-quilometros\\\/#primaryimage\"},\"thumbnailUrl\":\"https:\\\/\\\/www.altominho.tv\\\/site\\\/wp-content\\\/uploads\\\/2021\\\/06\\\/Limpeza_Praias_.jpg\",\"keywords\":[\"Lazer\",\"Sociedade\"],\"articleSection\":[\"Alto Minho\"],\"inLanguage\":\"pt-PT\",\"copyrightYear\":\"2021\",\"copyrightHolder\":{\"@id\":\"https:\\\/\\\/www.altominho.tv\\\/site\\\/#organization\"}},{\"@type\":\"WebPage\",\"@id\":\"https:\\\/\\\/www.altominho.tv\\\/site\\\/2021\\\/06\\\/20\\\/campanha-de-limpeza-de-praias-inicia-em-afife-dia-21-de-junho-vai-percorrer-quase-mil-quilometros\\\/\",\"url\":\"https:\\\/\\\/www.altominho.tv\\\/site\\\/2021\\\/06\\\/20\\\/campanha-de-limpeza-de-praias-inicia-em-afife-dia-21-de-junho-vai-percorrer-quase-mil-quilometros\\\/\",\"name\":\"Campanha de limpeza de praias inicia em Afife dia 21 de junho, vai percorrer quase mil quil\u00f3metros\",\"isPartOf\":{\"@id\":\"https:\\\/\\\/www.altominho.tv\\\/site\\\/#website\"},\"primaryImageOfPage\":{\"@id\":\"https:\\\/\\\/www.altominho.tv\\\/site\\\/2021\\\/06\\\/20\\\/campanha-de-limpeza-de-praias-inicia-em-afife-dia-21-de-junho-vai-percorrer-quase-mil-quilometros\\\/#primaryimage\"},\"image\":{\"@id\":\"https:\\\/\\\/www.altominho.tv\\\/site\\\/2021\\\/06\\\/20\\\/campanha-de-limpeza-de-praias-inicia-em-afife-dia-21-de-junho-vai-percorrer-quase-mil-quilometros\\\/#primaryimage\"},\"thumbnailUrl\":\"https:\\\/\\\/www.altominho.tv\\\/site\\\/wp-content\\\/uploads\\\/2021\\\/06\\\/Limpeza_Praias_.jpg\",\"datePublished\":\"2021-06-20T15:06:42+00:00\",\"dateModified\":\"2021-06-20T15:06:44+00:00\",\"author\":{\"@id\":\"https:\\\/\\\/www.altominho.tv\\\/site\\\/#\\\/schema\\\/person\\\/63f693da3e1899361cbe955c46f3232e\"},\"breadcrumb\":{\"@id\":\"https:\\\/\\\/www.altominho.tv\\\/site\\\/2021\\\/06\\\/20\\\/campanha-de-limpeza-de-praias-inicia-em-afife-dia-21-de-junho-vai-percorrer-quase-mil-quilometros\\\/#breadcrumb\"},\"inLanguage\":\"pt-PT\",\"potentialAction\":[{\"@type\":\"ReadAction\",\"target\":[\"https:\\\/\\\/www.altominho.tv\\\/site\\\/2021\\\/06\\\/20\\\/campanha-de-limpeza-de-praias-inicia-em-afife-dia-21-de-junho-vai-percorrer-quase-mil-quilometros\\\/\"]}]},{\"@type\":\"ImageObject\",\"inLanguage\":\"pt-PT\",\"@id\":\"https:\\\/\\\/www.altominho.tv\\\/site\\\/2021\\\/06\\\/20\\\/campanha-de-limpeza-de-praias-inicia-em-afife-dia-21-de-junho-vai-percorrer-quase-mil-quilometros\\\/#primaryimage\",\"url\":\"https:\\\/\\\/www.altominho.tv\\\/site\\\/wp-content\\\/uploads\\\/2021\\\/06\\\/Limpeza_Praias_.jpg\",\"contentUrl\":\"https:\\\/\\\/www.altominho.tv\\\/site\\\/wp-content\\\/uploads\\\/2021\\\/06\\\/Limpeza_Praias_.jpg\",\"width\":984,\"height\":656},{\"@type\":\"BreadcrumbList\",\"@id\":\"https:\\\/\\\/www.altominho.tv\\\/site\\\/2021\\\/06\\\/20\\\/campanha-de-limpeza-de-praias-inicia-em-afife-dia-21-de-junho-vai-percorrer-quase-mil-quilometros\\\/#breadcrumb\",\"itemListElement\":[{\"@type\":\"ListItem\",\"position\":1,\"name\":\"In\u00edcio\",\"item\":\"https:\\\/\\\/www.altominho.tv\\\/site\\\/\"},{\"@type\":\"ListItem\",\"position\":2,\"name\":\"Campanha de limpeza de praias inicia em Afife dia 21 de junho, vai percorrer quase mil quil\u00f3metros\"}]},{\"@type\":\"WebSite\",\"@id\":\"https:\\\/\\\/www.altominho.tv\\\/site\\\/#website\",\"url\":\"https:\\\/\\\/www.altominho.tv\\\/site\\\/\",\"name\":\"Altominho.tv\",\"description\":\"A sua regi\u00e3o \u00e0 dist\u00e2ncia de um clique...\",\"potentialAction\":[{\"@type\":\"SearchAction\",\"target\":{\"@type\":\"EntryPoint\",\"urlTemplate\":\"https:\\\/\\\/www.altominho.tv\\\/site\\\/?s={search_term_string}\"},\"query-input\":{\"@type\":\"PropertyValueSpecification\",\"valueRequired\":true,\"valueName\":\"search_term_string\"}}],\"inLanguage\":\"pt-PT\"},{\"@type\":\"Person\",\"@id\":\"https:\\\/\\\/www.altominho.tv\\\/site\\\/#\\\/schema\\\/person\\\/63f693da3e1899361cbe955c46f3232e\",\"name\":\"Lusa\",\"image\":{\"@type\":\"ImageObject\",\"inLanguage\":\"pt-PT\",\"@id\":\"https:\\\/\\\/www.altominho.tv\\\/site\\\/wp-content\\\/uploads\\\/2019\\\/08\\\/LUSA_Logo.gif\",\"url\":\"https:\\\/\\\/www.altominho.tv\\\/site\\\/wp-content\\\/uploads\\\/2019\\\/08\\\/LUSA_Logo.gif\",\"contentUrl\":\"https:\\\/\\\/www.altominho.tv\\\/site\\\/wp-content\\\/uploads\\\/2019\\\/08\\\/LUSA_Logo.gif\",\"caption\":\"Lusa\"},\"sameAs\":[\"http:\\\/\\\/\\\/\\\/www.altominho.tv\\\/site\"],\"url\":\"https:\\\/\\\/www.altominho.tv\\\/site\\\/author\\\/lusa\\\/\"}]}<\/script>\n<!-- \/ Yoast SEO Premium plugin. -->","yoast_head_json":{"title":"Campanha de limpeza de praias inicia em Afife dia 21 de junho, vai percorrer quase mil quil\u00f3metros","robots":{"index":"index","follow":"follow","max-snippet":"max-snippet:-1","max-image-preview":"max-image-preview:large","max-video-preview":"max-video-preview:-1"},"canonical":"https:\/\/www.altominho.tv\/site\/2021\/06\/20\/campanha-de-limpeza-de-praias-inicia-em-afife-dia-21-de-junho-vai-percorrer-quase-mil-quilometros\/","og_locale":"pt_PT","og_type":"article","og_title":"Campanha de limpeza de praias inicia em Afife dia 21 de junho, vai percorrer quase mil quil\u00f3metros","og_description":"A empresa de reciclagem de embalagens Novo Verde vai promover at\u00e9 24 de julho jornadas de limpeza de praias, que percorrer\u00e3o quase mil quil\u00f3metros da costa portuguesa. A campanha &#8220;Reciclar \u00e9 a nossa praia&#8221; come\u00e7a no dia 21 de junho na praia de Afife, em Viana do Castelo, e chegar\u00e1 a Monte Gordo, em Vila [&hellip;]","og_url":"https:\/\/www.altominho.tv\/site\/2021\/06\/20\/campanha-de-limpeza-de-praias-inicia-em-afife-dia-21-de-junho-vai-percorrer-quase-mil-quilometros\/","og_site_name":"Altominho.tv","article_publisher":"https:\/\/www.facebook.com\/altominhotv","article_published_time":"2021-06-20T15:06:42+00:00","article_modified_time":"2021-06-20T15:06:44+00:00","og_image":[{"width":984,"height":656,"url":"https:\/\/www.altominho.tv\/site\/wp-content\/uploads\/2021\/06\/Limpeza_Praias_.jpg","type":"image\/jpeg"}],"author":"Lusa","twitter_card":"summary_large_image","twitter_creator":"@altominhoTV","twitter_site":"@altominhoTV","twitter_misc":{"Escrito por":"Lusa","Tempo estimado de leitura":"1 minuto"},"schema":{"@context":"https:\/\/schema.org","@graph":[{"@type":"Article","@id":"https:\/\/www.altominho.tv\/site\/2021\/06\/20\/campanha-de-limpeza-de-praias-inicia-em-afife-dia-21-de-junho-vai-percorrer-quase-mil-quilometros\/#article","isPartOf":{"@id":"https:\/\/www.altominho.tv\/site\/2021\/06\/20\/campanha-de-limpeza-de-praias-inicia-em-afife-dia-21-de-junho-vai-percorrer-quase-mil-quilometros\/"},"author":{"name":"Lusa","@id":"https:\/\/www.altominho.tv\/site\/#\/schema\/person\/63f693da3e1899361cbe955c46f3232e"},"headline":"Campanha de limpeza de praias inicia em Afife dia 21 de junho, vai percorrer quase mil quil\u00f3metros","datePublished":"2021-06-20T15:06:42+00:00","dateModified":"2021-06-20T15:06:44+00:00","mainEntityOfPage":{"@id":"https:\/\/www.altominho.tv\/site\/2021\/06\/20\/campanha-de-limpeza-de-praias-inicia-em-afife-dia-21-de-junho-vai-percorrer-quase-mil-quilometros\/"},"wordCount":148,"image":{"@id":"https:\/\/www.altominho.tv\/site\/2021\/06\/20\/campanha-de-limpeza-de-praias-inicia-em-afife-dia-21-de-junho-vai-percorrer-quase-mil-quilometros\/#primaryimage"},"thumbnailUrl":"https:\/\/www.altominho.tv\/site\/wp-content\/uploads\/2021\/06\/Limpeza_Praias_.jpg","keywords":["Lazer","Sociedade"],"articleSection":["Alto Minho"],"inLanguage":"pt-PT","copyrightYear":"2021","copyrightHolder":{"@id":"https:\/\/www.altominho.tv\/site\/#organization"}},{"@type":"WebPage","@id":"https:\/\/www.altominho.tv\/site\/2021\/06\/20\/campanha-de-limpeza-de-praias-inicia-em-afife-dia-21-de-junho-vai-percorrer-quase-mil-quilometros\/","url":"https:\/\/www.altominho.tv\/site\/2021\/06\/20\/campanha-de-limpeza-de-praias-inicia-em-afife-dia-21-de-junho-vai-percorrer-quase-mil-quilometros\/","name":"Campanha de limpeza de praias inicia em Afife dia 21 de junho, vai percorrer quase mil quil\u00f3metros","isPartOf":{"@id":"https:\/\/www.altominho.tv\/site\/#website"},"primaryImageOfPage":{"@id":"https:\/\/www.altominho.tv\/site\/2021\/06\/20\/campanha-de-limpeza-de-praias-inicia-em-afife-dia-21-de-junho-vai-percorrer-quase-mil-quilometros\/#primaryimage"},"image":{"@id":"https:\/\/www.altominho.tv\/site\/2021\/06\/20\/campanha-de-limpeza-de-praias-inicia-em-afife-dia-21-de-junho-vai-percorrer-quase-mil-quilometros\/#primaryimage"},"thumbnailUrl":"https:\/\/www.altominho.tv\/site\/wp-content\/uploads\/2021\/06\/Limpeza_Praias_.jpg","datePublished":"2021-06-20T15:06:42+00:00","dateModified":"2021-06-20T15:06:44+00:00","author":{"@id":"https:\/\/www.altominho.tv\/site\/#\/schema\/person\/63f693da3e1899361cbe955c46f3232e"},"breadcrumb":{"@id":"https:\/\/www.altominho.tv\/site\/2021\/06\/20\/campanha-de-limpeza-de-praias-inicia-em-afife-dia-21-de-junho-vai-percorrer-quase-mil-quilometros\/#breadcrumb"},"inLanguage":"pt-PT","potentialAction":[{"@type":"ReadAction","target":["https:\/\/www.altominho.tv\/site\/2021\/06\/20\/campanha-de-limpeza-de-praias-inicia-em-afife-dia-21-de-junho-vai-percorrer-quase-mil-quilometros\/"]}]},{"@type":"ImageObject","inLanguage":"pt-PT","@id":"https:\/\/www.altominho.tv\/site\/2021\/06\/20\/campanha-de-limpeza-de-praias-inicia-em-afife-dia-21-de-junho-vai-percorrer-quase-mil-quilometros\/#primaryimage","url":"https:\/\/www.altominho.tv\/site\/wp-content\/uploads\/2021\/06\/Limpeza_Praias_.jpg","contentUrl":"https:\/\/www.altominho.tv\/site\/wp-content\/uploads\/2021\/06\/Limpeza_Praias_.jpg","width":984,"height":656},{"@type":"BreadcrumbList","@id":"https:\/\/www.altominho.tv\/site\/2021\/06\/20\/campanha-de-limpeza-de-praias-inicia-em-afife-dia-21-de-junho-vai-percorrer-quase-mil-quilometros\/#breadcrumb","itemListElement":[{"@type":"ListItem","position":1,"name":"In\u00edcio","item":"https:\/\/www.altominho.tv\/site\/"},{"@type":"ListItem","position":2,"name":"Campanha de limpeza de praias inicia em Afife dia 21 de junho, vai percorrer quase mil quil\u00f3metros"}]},{"@type":"WebSite","@id":"https:\/\/www.altominho.tv\/site\/#website","url":"https:\/\/www.altominho.tv\/site\/","name":"Altominho.tv","description":"A sua regi\u00e3o \u00e0 dist\u00e2ncia de um clique...","potentialAction":[{"@type":"SearchAction","target":{"@type":"EntryPoint","urlTemplate":"https:\/\/www.altominho.tv\/site\/?s={search_term_string}"},"query-input":{"@type":"PropertyValueSpecification","valueRequired":true,"valueName":"search_term_string"}}],"inLanguage":"pt-PT"},{"@type":"Person","@id":"https:\/\/www.altominho.tv\/site\/#\/schema\/person\/63f693da3e1899361cbe955c46f3232e","name":"Lusa","image":{"@type":"ImageObject","inLanguage":"pt-PT","@id":"https:\/\/www.altominho.tv\/site\/wp-content\/uploads\/2019\/08\/LUSA_Logo.gif","url":"https:\/\/www.altominho.tv\/site\/wp-content\/uploads\/2019\/08\/LUSA_Logo.gif","contentUrl":"https:\/\/www.altominho.tv\/site\/wp-content\/uploads\/2019\/08\/LUSA_Logo.gif","caption":"Lusa"},"sameAs":["http:\/\/\/\/www.altominho.tv\/site"],"url":"https:\/\/www.altominho.tv\/site\/author\/lusa\/"}]}},"_links":{"self":[{"href":"https:\/\/www.altominho.tv\/site\/wp-json\/wp\/v2\/posts\/67661","targetHints":{"allow":["GET"]}}],"collection":[{"href":"https:\/\/www.altominho.tv\/site\/wp-json\/wp\/v2\/posts"}],"about":[{"href":"https:\/\/www.altominho.tv\/site\/wp-json\/wp\/v2\/types\/post"}],"author":[{"embeddable":true,"href":"https:\/\/www.altominho.tv\/site\/wp-json\/wp\/v2\/users\/13"}],"replies":[{"embeddable":true,"href":"https:\/\/www.altominho.tv\/site\/wp-json\/wp\/v2\/comments?post=67661"}],"version-history":[{"count":0,"href":"https:\/\/www.altominho.tv\/site\/wp-json\/wp\/v2\/posts\/67661\/revisions"}],"wp:featuredmedia":[{"embeddable":true,"href":"https:\/\/www.altominho.tv\/site\/wp-json\/wp\/v2\/media\/67662"}],"wp:attachment":[{"href":"https:\/\/www.altominho.tv\/site\/wp-json\/wp\/v2\/media?parent=67661"}],"wp:term":[{"taxonomy":"category","embeddable":true,"href":"https:\/\/www.altominho.tv\/site\/wp-json\/wp\/v2\/categories?post=67661"},{"taxonomy":"post_tag","embeddable":true,"href":"https:\/\/www.altominho.tv\/site\/wp-json\/wp\/v2\/tags?post=67661"}],"curies":[{"name":"wp","href":"https:\/\/api.w.org\/{rel}","templated":true}]}}