{"id":67560,"date":"2021-06-17T12:16:46","date_gmt":"2021-06-17T11:16:46","guid":{"rendered":"https:\/\/www.altominho.tv\/site\/?p=67560"},"modified":"2021-06-17T12:16:48","modified_gmt":"2021-06-17T11:16:48","slug":"alto-minho-ja-administrou-mais-de-180-mil-vacinas","status":"publish","type":"post","link":"https:\/\/www.altominho.tv\/site\/2021\/06\/17\/alto-minho-ja-administrou-mais-de-180-mil-vacinas\/","title":{"rendered":"Alto Minho j\u00e1 administrou mais de 180 mil vacinas"},"content":{"rendered":"<p>Mais de 180 mil doses de vacinas contra a Covid-19 j\u00e1 foram administradas no distrito de Viana do Castelo, numa altura em que mais de 43% da popula\u00e7\u00e3o recebeu a primeira dose e quase um ter\u00e7o tem a vacina\u00e7\u00e3o completa, segundo o relat\u00f3rio mais recente da Unidade Local de Sa\u00fade do Alto Minho (ULSAM).<\/p>\n<p>\u200bO relat\u00f3rio da vacina\u00e7\u00e3o no Alto Minho, divulgado esta quinta-feira, indica que, at\u00e9 ao dia 13 de junho, 109.529 pessoas receberam a primeira dose e 74.189 t\u00eam a vacina\u00e7\u00e3o completa. O n\u00famero total de utentes inscritos na ULSAM com vacina\u00e7\u00e3o completa representa, assim, 29,2%, enquanto que 43,1% recebeu a primeira dose.<\/p>\n<figure id=\"attachment_67563\" aria-describedby=\"caption-attachment-67563\" style=\"width: 770px\" class=\"wp-caption alignnone\"><img loading=\"lazy\" decoding=\"async\" class=\"wp-image-67563 size-large\" src=\"https:\/\/www.altominho.tv\/site\/wp-content\/uploads\/2021\/06\/Vacinas-2-1024x491.jpg\" alt=\"\" width=\"770\" height=\"369\" srcset=\"https:\/\/www.altominho.tv\/site\/wp-content\/uploads\/2021\/06\/Vacinas-2-1024x491.jpg 1024w, https:\/\/www.altominho.tv\/site\/wp-content\/uploads\/2021\/06\/Vacinas-2-770x369.jpg 770w, https:\/\/www.altominho.tv\/site\/wp-content\/uploads\/2021\/06\/Vacinas-2-768x368.jpg 768w, https:\/\/www.altominho.tv\/site\/wp-content\/uploads\/2021\/06\/Vacinas-2-1536x736.jpg 1536w, https:\/\/www.altominho.tv\/site\/wp-content\/uploads\/2021\/06\/Vacinas-2-2048x981.jpg 2048w, https:\/\/www.altominho.tv\/site\/wp-content\/uploads\/2021\/06\/Vacinas-2-370x177.jpg 370w, https:\/\/www.altominho.tv\/site\/wp-content\/uploads\/2021\/06\/Vacinas-2-270x129.jpg 270w, https:\/\/www.altominho.tv\/site\/wp-content\/uploads\/2021\/06\/Vacinas-2-570x273.jpg 570w, https:\/\/www.altominho.tv\/site\/wp-content\/uploads\/2021\/06\/Vacinas-2-740x355.jpg 740w\" sizes=\"auto, (max-width: 770px) 100vw, 770px\" \/><figcaption id=\"caption-attachment-67563\" class=\"wp-caption-text\">ULSAM<\/figcaption><\/figure>\n<p>Em rela\u00e7\u00e3o ao n\u00famero de vacinas inoculadas em cada um dos 10 concelhos do distrito de Viana do Castelo, os dados da ULSAM indicam que foram administradas 19.548 vacinas no concelho de Arcos de Valdevez, 14.565 em Caminha, 8413 em Melga\u00e7o, 15.667 em Mon\u00e7\u00e3o, 7560 em Paredes de Coura, em 9248 em Ponte da Barca, 30.055 em Ponte de Lima, 10.155 em Valen\u00e7a, 58.706 em Viana do Castelo e 6739 em Vila Nova de Cerveira.<\/p>\n<figure id=\"attachment_67564\" aria-describedby=\"caption-attachment-67564\" style=\"width: 770px\" class=\"wp-caption alignnone\"><img loading=\"lazy\" decoding=\"async\" class=\"wp-image-67564 size-large\" src=\"https:\/\/www.altominho.tv\/site\/wp-content\/uploads\/2021\/06\/vacinas-2-1-1024x816.jpg\" alt=\"\" width=\"770\" height=\"614\" srcset=\"https:\/\/www.altominho.tv\/site\/wp-content\/uploads\/2021\/06\/vacinas-2-1-1024x816.jpg 1024w, https:\/\/www.altominho.tv\/site\/wp-content\/uploads\/2021\/06\/vacinas-2-1-544x433.jpg 544w, https:\/\/www.altominho.tv\/site\/wp-content\/uploads\/2021\/06\/vacinas-2-1-768x612.jpg 768w, https:\/\/www.altominho.tv\/site\/wp-content\/uploads\/2021\/06\/vacinas-2-1-1536x1223.jpg 1536w, https:\/\/www.altominho.tv\/site\/wp-content\/uploads\/2021\/06\/vacinas-2-1-2048x1631.jpg 2048w, https:\/\/www.altominho.tv\/site\/wp-content\/uploads\/2021\/06\/vacinas-2-1-370x295.jpg 370w, https:\/\/www.altominho.tv\/site\/wp-content\/uploads\/2021\/06\/vacinas-2-1-270x215.jpg 270w, https:\/\/www.altominho.tv\/site\/wp-content\/uploads\/2021\/06\/vacinas-2-1-570x454.jpg 570w, https:\/\/www.altominho.tv\/site\/wp-content\/uploads\/2021\/06\/vacinas-2-1-740x589.jpg 740w\" sizes=\"auto, (max-width: 770px) 100vw, 770px\" \/><figcaption id=\"caption-attachment-67564\" class=\"wp-caption-text\">ULSAM<\/figcaption><\/figure>\n<div id=\"altom-1573148886\" class=\"altom-teste-dentro-do-artigo\">\n<p>Na comunidade, contabiliza-se um total de 175.457 doses administradas, sendo que a maioria foi administrada a pessoas com 65 ou mais anos.<\/p>\n<p>Desde o in\u00edcio do programa de vacina\u00e7\u00e3o a 27 de dezembro, a ULSAM recebeu 186.274 doses de vacinas, mais 13.631 do que na semana anterior.<\/p>\n<figure id=\"attachment_67562\" aria-describedby=\"caption-attachment-67562\" style=\"width: 770px\" class=\"wp-caption alignnone\"><img loading=\"lazy\" decoding=\"async\" class=\"wp-image-67562 size-large\" src=\"https:\/\/www.altominho.tv\/site\/wp-content\/uploads\/2021\/06\/vacinas-1-1-1024x909.jpg\" alt=\"\" width=\"770\" height=\"684\" srcset=\"https:\/\/www.altominho.tv\/site\/wp-content\/uploads\/2021\/06\/vacinas-1-1-1024x909.jpg 1024w, https:\/\/www.altominho.tv\/site\/wp-content\/uploads\/2021\/06\/vacinas-1-1-488x433.jpg 488w, https:\/\/www.altominho.tv\/site\/wp-content\/uploads\/2021\/06\/vacinas-1-1-768x682.jpg 768w, https:\/\/www.altominho.tv\/site\/wp-content\/uploads\/2021\/06\/vacinas-1-1-1536x1363.jpg 1536w, https:\/\/www.altominho.tv\/site\/wp-content\/uploads\/2021\/06\/vacinas-1-1-2048x1818.jpg 2048w, https:\/\/www.altominho.tv\/site\/wp-content\/uploads\/2021\/06\/vacinas-1-1-370x328.jpg 370w, https:\/\/www.altominho.tv\/site\/wp-content\/uploads\/2021\/06\/vacinas-1-1-270x240.jpg 270w, https:\/\/www.altominho.tv\/site\/wp-content\/uploads\/2021\/06\/vacinas-1-1-570x506.jpg 570w, https:\/\/www.altominho.tv\/site\/wp-content\/uploads\/2021\/06\/vacinas-1-1-740x657.jpg 740w\" sizes=\"auto, (max-width: 770px) 100vw, 770px\" \/><figcaption id=\"caption-attachment-67562\" class=\"wp-caption-text\">ULSAM<\/figcaption><\/figure>\n<p>No relat\u00f3rio hoje divulgado, a unidade local de sa\u00fade refere que a diferen\u00e7a entre o n\u00famero de doses de vacinas recebidas e o n\u00famero de doses administradas \u00e9 justificada pela \u201cpossibilidade de retirada de mais uma dose dos frascos de vacina, por utentes da ULSAM vacinados em centro de vacina\u00e7\u00e3o externo ou vacina\u00e7\u00e3o de utentes externos em centro de vacina\u00e7\u00e3o da ULSAM\u201d.<\/p>\n<\/div>\n<div class=\"paywall-block robots-noindex\">\n<div class=\"paywall-block__wrapper\">\n<div class=\"paywall-block__content\">\n<div class=\"paywall paywall--invert\">\n<div class=\"paywall__container\">\n<div class=\"paywall__content\">\n<div class=\"paywall__body\"><\/div>\n<\/div>\n<\/div>\n<\/div>\n<\/div>\n<\/div>\n<\/div>\n","protected":false},"excerpt":{"rendered":"<p>Mais de 180 mil doses de vacinas contra a Covid-19 j\u00e1 foram administradas no distrito de Viana do Castelo, numa altura em que mais de 43% da popula\u00e7\u00e3o recebeu a primeira dose e quase um ter\u00e7o tem a vacina\u00e7\u00e3o completa, segundo o relat\u00f3rio mais recente da Unidade Local de Sa\u00fade do Alto Minho (ULSAM). \u200bO [&hellip;]<\/p>\n","protected":false},"author":12,"featured_media":62998,"comment_status":"closed","ping_status":"closed","sticky":false,"template":"","format":"standard","meta":{"_exactmetrics_skip_tracking":false,"footnotes":""},"categories":[73],"tags":[26,27],"class_list":["post-67560","post","type-post","status-publish","format-standard","has-post-thumbnail","hentry","category-alto-minho","tag-saude","tag-sociedade"],"yoast_head":"<!-- This site is optimized with the Yoast SEO Premium plugin v28.3 (Yoast SEO v28.3) - https:\/\/yoast.com\/product\/yoast-seo-premium-wordpress\/ -->\n<title>Alto Minho j\u00e1 administrou mais de 180 mil vacinas<\/title>\n<meta name=\"robots\" content=\"index, follow, max-snippet:-1, max-image-preview:large, max-video-preview:-1\" \/>\n<link rel=\"canonical\" href=\"https:\/\/www.altominho.tv\/site\/2021\/06\/17\/alto-minho-ja-administrou-mais-de-180-mil-vacinas\/\" \/>\n<meta property=\"og:locale\" content=\"pt_PT\" \/>\n<meta property=\"og:type\" content=\"article\" \/>\n<meta property=\"og:title\" content=\"Alto Minho j\u00e1 administrou mais de 180 mil vacinas\" \/>\n<meta property=\"og:description\" content=\"Mais de 180 mil doses de vacinas contra a Covid-19 j\u00e1 foram administradas no distrito de Viana do Castelo, numa altura em que mais de 43% da popula\u00e7\u00e3o recebeu a primeira dose e quase um ter\u00e7o tem a vacina\u00e7\u00e3o completa, segundo o relat\u00f3rio mais recente da Unidade Local de Sa\u00fade do Alto Minho (ULSAM). \u200bO [&hellip;]\" \/>\n<meta property=\"og:url\" content=\"https:\/\/www.altominho.tv\/site\/2021\/06\/17\/alto-minho-ja-administrou-mais-de-180-mil-vacinas\/\" \/>\n<meta property=\"og:site_name\" content=\"Altominho.tv\" \/>\n<meta property=\"article:publisher\" content=\"https:\/\/www.facebook.com\/altominhotv\" \/>\n<meta property=\"article:published_time\" content=\"2021-06-17T11:16:46+00:00\" \/>\n<meta property=\"article:modified_time\" content=\"2021-06-17T11:16:48+00:00\" \/>\n<meta property=\"og:image\" content=\"https:\/\/www.altominho.tv\/site\/wp-content\/uploads\/2021\/02\/vaci.jpg\" \/>\n\t<meta property=\"og:image:width\" content=\"1920\" \/>\n\t<meta property=\"og:image:height\" content=\"1080\" \/>\n\t<meta property=\"og:image:type\" content=\"image\/jpeg\" \/>\n<meta name=\"author\" content=\"Andreia Ferreira\" \/>\n<meta name=\"twitter:card\" content=\"summary_large_image\" \/>\n<meta name=\"twitter:creator\" content=\"@altominhoTV\" \/>\n<meta name=\"twitter:site\" content=\"@altominhoTV\" \/>\n<meta name=\"twitter:label1\" content=\"Escrito por\" \/>\n\t<meta name=\"twitter:data1\" content=\"Andreia Ferreira\" \/>\n\t<meta name=\"twitter:label2\" content=\"Tempo estimado de leitura\" \/>\n\t<meta name=\"twitter:data2\" content=\"2 minutos\" \/>\n<script type=\"application\/ld+json\" class=\"yoast-schema-graph\">{\"@context\":\"https:\\\/\\\/schema.org\",\"@graph\":[{\"@type\":\"Article\",\"@id\":\"https:\\\/\\\/www.altominho.tv\\\/site\\\/2021\\\/06\\\/17\\\/alto-minho-ja-administrou-mais-de-180-mil-vacinas\\\/#article\",\"isPartOf\":{\"@id\":\"https:\\\/\\\/www.altominho.tv\\\/site\\\/2021\\\/06\\\/17\\\/alto-minho-ja-administrou-mais-de-180-mil-vacinas\\\/\"},\"author\":{\"name\":\"Andreia Ferreira\",\"@id\":\"https:\\\/\\\/www.altominho.tv\\\/site\\\/#\\\/schema\\\/person\\\/d9be4265364723f14ea8e0d56a1d38cd\"},\"headline\":\"Alto Minho j\u00e1 administrou mais de 180 mil vacinas\",\"datePublished\":\"2021-06-17T11:16:46+00:00\",\"dateModified\":\"2021-06-17T11:16:48+00:00\",\"mainEntityOfPage\":{\"@id\":\"https:\\\/\\\/www.altominho.tv\\\/site\\\/2021\\\/06\\\/17\\\/alto-minho-ja-administrou-mais-de-180-mil-vacinas\\\/\"},\"wordCount\":323,\"image\":{\"@id\":\"https:\\\/\\\/www.altominho.tv\\\/site\\\/2021\\\/06\\\/17\\\/alto-minho-ja-administrou-mais-de-180-mil-vacinas\\\/#primaryimage\"},\"thumbnailUrl\":\"https:\\\/\\\/www.altominho.tv\\\/site\\\/wp-content\\\/uploads\\\/2021\\\/02\\\/vaci.jpg\",\"keywords\":[\"Sa\u00fade\",\"Sociedade\"],\"articleSection\":[\"Alto Minho\"],\"inLanguage\":\"pt-PT\",\"copyrightYear\":\"2021\",\"copyrightHolder\":{\"@id\":\"https:\\\/\\\/www.altominho.tv\\\/site\\\/#organization\"}},{\"@type\":\"WebPage\",\"@id\":\"https:\\\/\\\/www.altominho.tv\\\/site\\\/2021\\\/06\\\/17\\\/alto-minho-ja-administrou-mais-de-180-mil-vacinas\\\/\",\"url\":\"https:\\\/\\\/www.altominho.tv\\\/site\\\/2021\\\/06\\\/17\\\/alto-minho-ja-administrou-mais-de-180-mil-vacinas\\\/\",\"name\":\"Alto Minho j\u00e1 administrou mais de 180 mil vacinas\",\"isPartOf\":{\"@id\":\"https:\\\/\\\/www.altominho.tv\\\/site\\\/#website\"},\"primaryImageOfPage\":{\"@id\":\"https:\\\/\\\/www.altominho.tv\\\/site\\\/2021\\\/06\\\/17\\\/alto-minho-ja-administrou-mais-de-180-mil-vacinas\\\/#primaryimage\"},\"image\":{\"@id\":\"https:\\\/\\\/www.altominho.tv\\\/site\\\/2021\\\/06\\\/17\\\/alto-minho-ja-administrou-mais-de-180-mil-vacinas\\\/#primaryimage\"},\"thumbnailUrl\":\"https:\\\/\\\/www.altominho.tv\\\/site\\\/wp-content\\\/uploads\\\/2021\\\/02\\\/vaci.jpg\",\"datePublished\":\"2021-06-17T11:16:46+00:00\",\"dateModified\":\"2021-06-17T11:16:48+00:00\",\"author\":{\"@id\":\"https:\\\/\\\/www.altominho.tv\\\/site\\\/#\\\/schema\\\/person\\\/d9be4265364723f14ea8e0d56a1d38cd\"},\"breadcrumb\":{\"@id\":\"https:\\\/\\\/www.altominho.tv\\\/site\\\/2021\\\/06\\\/17\\\/alto-minho-ja-administrou-mais-de-180-mil-vacinas\\\/#breadcrumb\"},\"inLanguage\":\"pt-PT\",\"potentialAction\":[{\"@type\":\"ReadAction\",\"target\":[\"https:\\\/\\\/www.altominho.tv\\\/site\\\/2021\\\/06\\\/17\\\/alto-minho-ja-administrou-mais-de-180-mil-vacinas\\\/\"]}]},{\"@type\":\"ImageObject\",\"inLanguage\":\"pt-PT\",\"@id\":\"https:\\\/\\\/www.altominho.tv\\\/site\\\/2021\\\/06\\\/17\\\/alto-minho-ja-administrou-mais-de-180-mil-vacinas\\\/#primaryimage\",\"url\":\"https:\\\/\\\/www.altominho.tv\\\/site\\\/wp-content\\\/uploads\\\/2021\\\/02\\\/vaci.jpg\",\"contentUrl\":\"https:\\\/\\\/www.altominho.tv\\\/site\\\/wp-content\\\/uploads\\\/2021\\\/02\\\/vaci.jpg\",\"width\":1920,\"height\":1080},{\"@type\":\"BreadcrumbList\",\"@id\":\"https:\\\/\\\/www.altominho.tv\\\/site\\\/2021\\\/06\\\/17\\\/alto-minho-ja-administrou-mais-de-180-mil-vacinas\\\/#breadcrumb\",\"itemListElement\":[{\"@type\":\"ListItem\",\"position\":1,\"name\":\"In\u00edcio\",\"item\":\"https:\\\/\\\/www.altominho.tv\\\/site\\\/\"},{\"@type\":\"ListItem\",\"position\":2,\"name\":\"Alto Minho j\u00e1 administrou mais de 180 mil vacinas\"}]},{\"@type\":\"WebSite\",\"@id\":\"https:\\\/\\\/www.altominho.tv\\\/site\\\/#website\",\"url\":\"https:\\\/\\\/www.altominho.tv\\\/site\\\/\",\"name\":\"Altominho.tv\",\"description\":\"A sua regi\u00e3o \u00e0 dist\u00e2ncia de um clique...\",\"potentialAction\":[{\"@type\":\"SearchAction\",\"target\":{\"@type\":\"EntryPoint\",\"urlTemplate\":\"https:\\\/\\\/www.altominho.tv\\\/site\\\/?s={search_term_string}\"},\"query-input\":{\"@type\":\"PropertyValueSpecification\",\"valueRequired\":true,\"valueName\":\"search_term_string\"}}],\"inLanguage\":\"pt-PT\"},{\"@type\":\"Person\",\"@id\":\"https:\\\/\\\/www.altominho.tv\\\/site\\\/#\\\/schema\\\/person\\\/d9be4265364723f14ea8e0d56a1d38cd\",\"name\":\"Andreia Ferreira\",\"image\":{\"@type\":\"ImageObject\",\"inLanguage\":\"pt-PT\",\"@id\":\"https:\\\/\\\/www.altominho.tv\\\/site\\\/wp-content\\\/uploads\\\/2021\\\/01\\\/AndreiaFerreira-150x150.jpg\",\"url\":\"https:\\\/\\\/www.altominho.tv\\\/site\\\/wp-content\\\/uploads\\\/2021\\\/01\\\/AndreiaFerreira-150x150.jpg\",\"contentUrl\":\"https:\\\/\\\/www.altominho.tv\\\/site\\\/wp-content\\\/uploads\\\/2021\\\/01\\\/AndreiaFerreira-150x150.jpg\",\"caption\":\"Andreia Ferreira\"},\"url\":\"https:\\\/\\\/www.altominho.tv\\\/site\\\/author\\\/andreiaferreira\\\/\"}]}<\/script>\n<!-- \/ Yoast SEO Premium plugin. -->","yoast_head_json":{"title":"Alto Minho j\u00e1 administrou mais de 180 mil vacinas","robots":{"index":"index","follow":"follow","max-snippet":"max-snippet:-1","max-image-preview":"max-image-preview:large","max-video-preview":"max-video-preview:-1"},"canonical":"https:\/\/www.altominho.tv\/site\/2021\/06\/17\/alto-minho-ja-administrou-mais-de-180-mil-vacinas\/","og_locale":"pt_PT","og_type":"article","og_title":"Alto Minho j\u00e1 administrou mais de 180 mil vacinas","og_description":"Mais de 180 mil doses de vacinas contra a Covid-19 j\u00e1 foram administradas no distrito de Viana do Castelo, numa altura em que mais de 43% da popula\u00e7\u00e3o recebeu a primeira dose e quase um ter\u00e7o tem a vacina\u00e7\u00e3o completa, segundo o relat\u00f3rio mais recente da Unidade Local de Sa\u00fade do Alto Minho (ULSAM). \u200bO [&hellip;]","og_url":"https:\/\/www.altominho.tv\/site\/2021\/06\/17\/alto-minho-ja-administrou-mais-de-180-mil-vacinas\/","og_site_name":"Altominho.tv","article_publisher":"https:\/\/www.facebook.com\/altominhotv","article_published_time":"2021-06-17T11:16:46+00:00","article_modified_time":"2021-06-17T11:16:48+00:00","og_image":[{"width":1920,"height":1080,"url":"https:\/\/www.altominho.tv\/site\/wp-content\/uploads\/2021\/02\/vaci.jpg","type":"image\/jpeg"}],"author":"Andreia Ferreira","twitter_card":"summary_large_image","twitter_creator":"@altominhoTV","twitter_site":"@altominhoTV","twitter_misc":{"Escrito por":"Andreia Ferreira","Tempo estimado de leitura":"2 minutos"},"schema":{"@context":"https:\/\/schema.org","@graph":[{"@type":"Article","@id":"https:\/\/www.altominho.tv\/site\/2021\/06\/17\/alto-minho-ja-administrou-mais-de-180-mil-vacinas\/#article","isPartOf":{"@id":"https:\/\/www.altominho.tv\/site\/2021\/06\/17\/alto-minho-ja-administrou-mais-de-180-mil-vacinas\/"},"author":{"name":"Andreia Ferreira","@id":"https:\/\/www.altominho.tv\/site\/#\/schema\/person\/d9be4265364723f14ea8e0d56a1d38cd"},"headline":"Alto Minho j\u00e1 administrou mais de 180 mil vacinas","datePublished":"2021-06-17T11:16:46+00:00","dateModified":"2021-06-17T11:16:48+00:00","mainEntityOfPage":{"@id":"https:\/\/www.altominho.tv\/site\/2021\/06\/17\/alto-minho-ja-administrou-mais-de-180-mil-vacinas\/"},"wordCount":323,"image":{"@id":"https:\/\/www.altominho.tv\/site\/2021\/06\/17\/alto-minho-ja-administrou-mais-de-180-mil-vacinas\/#primaryimage"},"thumbnailUrl":"https:\/\/www.altominho.tv\/site\/wp-content\/uploads\/2021\/02\/vaci.jpg","keywords":["Sa\u00fade","Sociedade"],"articleSection":["Alto Minho"],"inLanguage":"pt-PT","copyrightYear":"2021","copyrightHolder":{"@id":"https:\/\/www.altominho.tv\/site\/#organization"}},{"@type":"WebPage","@id":"https:\/\/www.altominho.tv\/site\/2021\/06\/17\/alto-minho-ja-administrou-mais-de-180-mil-vacinas\/","url":"https:\/\/www.altominho.tv\/site\/2021\/06\/17\/alto-minho-ja-administrou-mais-de-180-mil-vacinas\/","name":"Alto Minho j\u00e1 administrou mais de 180 mil vacinas","isPartOf":{"@id":"https:\/\/www.altominho.tv\/site\/#website"},"primaryImageOfPage":{"@id":"https:\/\/www.altominho.tv\/site\/2021\/06\/17\/alto-minho-ja-administrou-mais-de-180-mil-vacinas\/#primaryimage"},"image":{"@id":"https:\/\/www.altominho.tv\/site\/2021\/06\/17\/alto-minho-ja-administrou-mais-de-180-mil-vacinas\/#primaryimage"},"thumbnailUrl":"https:\/\/www.altominho.tv\/site\/wp-content\/uploads\/2021\/02\/vaci.jpg","datePublished":"2021-06-17T11:16:46+00:00","dateModified":"2021-06-17T11:16:48+00:00","author":{"@id":"https:\/\/www.altominho.tv\/site\/#\/schema\/person\/d9be4265364723f14ea8e0d56a1d38cd"},"breadcrumb":{"@id":"https:\/\/www.altominho.tv\/site\/2021\/06\/17\/alto-minho-ja-administrou-mais-de-180-mil-vacinas\/#breadcrumb"},"inLanguage":"pt-PT","potentialAction":[{"@type":"ReadAction","target":["https:\/\/www.altominho.tv\/site\/2021\/06\/17\/alto-minho-ja-administrou-mais-de-180-mil-vacinas\/"]}]},{"@type":"ImageObject","inLanguage":"pt-PT","@id":"https:\/\/www.altominho.tv\/site\/2021\/06\/17\/alto-minho-ja-administrou-mais-de-180-mil-vacinas\/#primaryimage","url":"https:\/\/www.altominho.tv\/site\/wp-content\/uploads\/2021\/02\/vaci.jpg","contentUrl":"https:\/\/www.altominho.tv\/site\/wp-content\/uploads\/2021\/02\/vaci.jpg","width":1920,"height":1080},{"@type":"BreadcrumbList","@id":"https:\/\/www.altominho.tv\/site\/2021\/06\/17\/alto-minho-ja-administrou-mais-de-180-mil-vacinas\/#breadcrumb","itemListElement":[{"@type":"ListItem","position":1,"name":"In\u00edcio","item":"https:\/\/www.altominho.tv\/site\/"},{"@type":"ListItem","position":2,"name":"Alto Minho j\u00e1 administrou mais de 180 mil vacinas"}]},{"@type":"WebSite","@id":"https:\/\/www.altominho.tv\/site\/#website","url":"https:\/\/www.altominho.tv\/site\/","name":"Altominho.tv","description":"A sua regi\u00e3o \u00e0 dist\u00e2ncia de um clique...","potentialAction":[{"@type":"SearchAction","target":{"@type":"EntryPoint","urlTemplate":"https:\/\/www.altominho.tv\/site\/?s={search_term_string}"},"query-input":{"@type":"PropertyValueSpecification","valueRequired":true,"valueName":"search_term_string"}}],"inLanguage":"pt-PT"},{"@type":"Person","@id":"https:\/\/www.altominho.tv\/site\/#\/schema\/person\/d9be4265364723f14ea8e0d56a1d38cd","name":"Andreia Ferreira","image":{"@type":"ImageObject","inLanguage":"pt-PT","@id":"https:\/\/www.altominho.tv\/site\/wp-content\/uploads\/2021\/01\/AndreiaFerreira-150x150.jpg","url":"https:\/\/www.altominho.tv\/site\/wp-content\/uploads\/2021\/01\/AndreiaFerreira-150x150.jpg","contentUrl":"https:\/\/www.altominho.tv\/site\/wp-content\/uploads\/2021\/01\/AndreiaFerreira-150x150.jpg","caption":"Andreia Ferreira"},"url":"https:\/\/www.altominho.tv\/site\/author\/andreiaferreira\/"}]}},"_links":{"self":[{"href":"https:\/\/www.altominho.tv\/site\/wp-json\/wp\/v2\/posts\/67560","targetHints":{"allow":["GET"]}}],"collection":[{"href":"https:\/\/www.altominho.tv\/site\/wp-json\/wp\/v2\/posts"}],"about":[{"href":"https:\/\/www.altominho.tv\/site\/wp-json\/wp\/v2\/types\/post"}],"author":[{"embeddable":true,"href":"https:\/\/www.altominho.tv\/site\/wp-json\/wp\/v2\/users\/12"}],"replies":[{"embeddable":true,"href":"https:\/\/www.altominho.tv\/site\/wp-json\/wp\/v2\/comments?post=67560"}],"version-history":[{"count":0,"href":"https:\/\/www.altominho.tv\/site\/wp-json\/wp\/v2\/posts\/67560\/revisions"}],"wp:featuredmedia":[{"embeddable":true,"href":"https:\/\/www.altominho.tv\/site\/wp-json\/wp\/v2\/media\/62998"}],"wp:attachment":[{"href":"https:\/\/www.altominho.tv\/site\/wp-json\/wp\/v2\/media?parent=67560"}],"wp:term":[{"taxonomy":"category","embeddable":true,"href":"https:\/\/www.altominho.tv\/site\/wp-json\/wp\/v2\/categories?post=67560"},{"taxonomy":"post_tag","embeddable":true,"href":"https:\/\/www.altominho.tv\/site\/wp-json\/wp\/v2\/tags?post=67560"}],"curies":[{"name":"wp","href":"https:\/\/api.w.org\/{rel}","templated":true}]}}