{"id":67479,"date":"2021-06-15T16:19:57","date_gmt":"2021-06-15T15:19:57","guid":{"rendered":"https:\/\/www.altominho.tv\/site\/?p=67479"},"modified":"2021-06-16T09:37:31","modified_gmt":"2021-06-16T08:37:31","slug":"empreitada-de-meio-milhao-de-euros-vai-ampliar-redes-de-agua-e-saneamento-em-freguesias-de-viana","status":"publish","type":"post","link":"https:\/\/www.altominho.tv\/site\/2021\/06\/15\/empreitada-de-meio-milhao-de-euros-vai-ampliar-redes-de-agua-e-saneamento-em-freguesias-de-viana\/","title":{"rendered":"Empreitada de meio milh\u00e3o de euros vai ampliar redes de \u00e1gua e saneamento em freguesias de Viana"},"content":{"rendered":"<p>O presidente da C\u00e2mara de Viana do Castelo assinou o auto de consigna\u00e7\u00e3o da empreitada de amplia\u00e7\u00e3o de redes de \u00e1gua e abastecimento de \u00e1guas residuais dom\u00e9sticas em Vila Franca, De\u00e3o, Barroselas, Carvoeiro, no valor de 499 mil euros.<\/p>\n<p>Em comunicado, a autarquia adiantou que a empreitada tem um prazo de execu\u00e7\u00e3o de seis meses.<\/p>\n<p>Segundo o munic\u00edpio, a consigna\u00e7\u00e3o agora anunciada integra uma empreitada que representa um investimento global de mais de 1,5 milh\u00f5es de euros, a cargo dos Servi\u00e7os Municipalizados de Viana do Castelo (SMVC) e financiada pelo programa comunit\u00e1rio PO-SEUR.<\/p>\n<p>A obra visa o refor\u00e7o do caudal e amplia\u00e7\u00e3o da rede de abastecimento de \u00e1gua a unidades industriais e comerciais instaladas na Uni\u00e3o de Freguesias de Carvoeiro e Barroselas, a amplia\u00e7\u00e3o da rede de \u00e1guas e a melhoria da qualidade da \u00e1gua \u00e0 popula\u00e7\u00e3o da freguesia de Freixieiro de Soutelo e a amplia\u00e7\u00e3o da rede na freguesia de Perre, De\u00e3o e Vila Franca, com a finalidade de contribuir para o aumento das taxas de cobertura de saneamento, permitindo a melhoria da qualidade de servi\u00e7o e sustentabilidade ambiental.<\/p>\n","protected":false},"excerpt":{"rendered":"<p>O presidente da C\u00e2mara de Viana do Castelo assinou o auto de consigna\u00e7\u00e3o da empreitada de amplia\u00e7\u00e3o de redes de \u00e1gua e abastecimento de \u00e1guas residuais dom\u00e9sticas em Vila Franca, De\u00e3o, Barroselas, Carvoeiro, no valor de 499 mil euros. Em comunicado, a autarquia adiantou que a empreitada tem um prazo de execu\u00e7\u00e3o de seis meses. [&hellip;]<\/p>\n","protected":false},"author":12,"featured_media":67480,"comment_status":"closed","ping_status":"closed","sticky":false,"template":"","format":"standard","meta":{"_exactmetrics_skip_tracking":false,"_exactmetrics_sitenote_active":false,"_exactmetrics_sitenote_note":"","_exactmetrics_sitenote_category":0,"footnotes":""},"categories":[14],"tags":[27],"class_list":["post-67479","post","type-post","status-publish","format-standard","has-post-thumbnail","hentry","category-viana-do-castelo","tag-sociedade"],"yoast_head":"<!-- This site is optimized with the Yoast SEO Premium plugin v27.5 (Yoast SEO v27.5) - https:\/\/yoast.com\/product\/yoast-seo-premium-wordpress\/ -->\n<title>Empreitada de meio milh\u00e3o de euros vai ampliar redes de \u00e1gua e saneamento em freguesias de Viana<\/title>\n<meta name=\"robots\" content=\"index, follow, max-snippet:-1, max-image-preview:large, max-video-preview:-1\" \/>\n<link rel=\"canonical\" href=\"https:\/\/www.altominho.tv\/site\/2021\/06\/15\/empreitada-de-meio-milhao-de-euros-vai-ampliar-redes-de-agua-e-saneamento-em-freguesias-de-viana\/\" \/>\n<meta property=\"og:locale\" content=\"pt_PT\" \/>\n<meta property=\"og:type\" content=\"article\" \/>\n<meta property=\"og:title\" content=\"Empreitada de meio milh\u00e3o de euros vai ampliar redes de \u00e1gua e saneamento em freguesias de Viana\" \/>\n<meta property=\"og:description\" content=\"O presidente da C\u00e2mara de Viana do Castelo assinou o auto de consigna\u00e7\u00e3o da empreitada de amplia\u00e7\u00e3o de redes de \u00e1gua e abastecimento de \u00e1guas residuais dom\u00e9sticas em Vila Franca, De\u00e3o, Barroselas, Carvoeiro, no valor de 499 mil euros. Em comunicado, a autarquia adiantou que a empreitada tem um prazo de execu\u00e7\u00e3o de seis meses. [&hellip;]\" \/>\n<meta property=\"og:url\" content=\"https:\/\/www.altominho.tv\/site\/2021\/06\/15\/empreitada-de-meio-milhao-de-euros-vai-ampliar-redes-de-agua-e-saneamento-em-freguesias-de-viana\/\" \/>\n<meta property=\"og:site_name\" content=\"Altominho.tv\" \/>\n<meta property=\"article:publisher\" content=\"https:\/\/www.facebook.com\/altominhotv\" \/>\n<meta property=\"article:published_time\" content=\"2021-06-15T15:19:57+00:00\" \/>\n<meta property=\"article:modified_time\" content=\"2021-06-16T08:37:31+00:00\" \/>\n<meta property=\"og:image\" content=\"https:\/\/www.altominho.tv\/site\/wp-content\/uploads\/2021\/06\/Saneamento.jpg\" \/>\n\t<meta property=\"og:image:width\" content=\"1732\" \/>\n\t<meta property=\"og:image:height\" content=\"974\" \/>\n\t<meta property=\"og:image:type\" content=\"image\/jpeg\" \/>\n<meta name=\"author\" content=\"Andreia Ferreira\" \/>\n<meta name=\"twitter:card\" content=\"summary_large_image\" \/>\n<meta name=\"twitter:creator\" content=\"@altominhoTV\" \/>\n<meta name=\"twitter:site\" content=\"@altominhoTV\" \/>\n<meta name=\"twitter:label1\" content=\"Escrito por\" \/>\n\t<meta name=\"twitter:data1\" content=\"Andreia Ferreira\" \/>\n\t<meta name=\"twitter:label2\" content=\"Tempo estimado de leitura\" \/>\n\t<meta name=\"twitter:data2\" content=\"1 minuto\" \/>\n<script type=\"application\/ld+json\" class=\"yoast-schema-graph\">{\"@context\":\"https:\\\/\\\/schema.org\",\"@graph\":[{\"@type\":\"Article\",\"@id\":\"https:\\\/\\\/www.altominho.tv\\\/site\\\/2021\\\/06\\\/15\\\/empreitada-de-meio-milhao-de-euros-vai-ampliar-redes-de-agua-e-saneamento-em-freguesias-de-viana\\\/#article\",\"isPartOf\":{\"@id\":\"https:\\\/\\\/www.altominho.tv\\\/site\\\/2021\\\/06\\\/15\\\/empreitada-de-meio-milhao-de-euros-vai-ampliar-redes-de-agua-e-saneamento-em-freguesias-de-viana\\\/\"},\"author\":{\"name\":\"Andreia Ferreira\",\"@id\":\"https:\\\/\\\/www.altominho.tv\\\/site\\\/#\\\/schema\\\/person\\\/d9be4265364723f14ea8e0d56a1d38cd\"},\"headline\":\"Empreitada de meio milh\u00e3o de euros vai ampliar redes de \u00e1gua e saneamento em freguesias de Viana\",\"datePublished\":\"2021-06-15T15:19:57+00:00\",\"dateModified\":\"2021-06-16T08:37:31+00:00\",\"mainEntityOfPage\":{\"@id\":\"https:\\\/\\\/www.altominho.tv\\\/site\\\/2021\\\/06\\\/15\\\/empreitada-de-meio-milhao-de-euros-vai-ampliar-redes-de-agua-e-saneamento-em-freguesias-de-viana\\\/\"},\"wordCount\":214,\"image\":{\"@id\":\"https:\\\/\\\/www.altominho.tv\\\/site\\\/2021\\\/06\\\/15\\\/empreitada-de-meio-milhao-de-euros-vai-ampliar-redes-de-agua-e-saneamento-em-freguesias-de-viana\\\/#primaryimage\"},\"thumbnailUrl\":\"https:\\\/\\\/www.altominho.tv\\\/site\\\/wp-content\\\/uploads\\\/2021\\\/06\\\/Saneamento.jpg\",\"keywords\":[\"Sociedade\"],\"articleSection\":[\"Viana do Castelo\"],\"inLanguage\":\"pt-PT\",\"copyrightYear\":\"2021\",\"copyrightHolder\":{\"@id\":\"https:\\\/\\\/www.altominho.tv\\\/site\\\/#organization\"}},{\"@type\":\"WebPage\",\"@id\":\"https:\\\/\\\/www.altominho.tv\\\/site\\\/2021\\\/06\\\/15\\\/empreitada-de-meio-milhao-de-euros-vai-ampliar-redes-de-agua-e-saneamento-em-freguesias-de-viana\\\/\",\"url\":\"https:\\\/\\\/www.altominho.tv\\\/site\\\/2021\\\/06\\\/15\\\/empreitada-de-meio-milhao-de-euros-vai-ampliar-redes-de-agua-e-saneamento-em-freguesias-de-viana\\\/\",\"name\":\"Empreitada de meio milh\u00e3o de euros vai ampliar redes de \u00e1gua e saneamento em freguesias de Viana\",\"isPartOf\":{\"@id\":\"https:\\\/\\\/www.altominho.tv\\\/site\\\/#website\"},\"primaryImageOfPage\":{\"@id\":\"https:\\\/\\\/www.altominho.tv\\\/site\\\/2021\\\/06\\\/15\\\/empreitada-de-meio-milhao-de-euros-vai-ampliar-redes-de-agua-e-saneamento-em-freguesias-de-viana\\\/#primaryimage\"},\"image\":{\"@id\":\"https:\\\/\\\/www.altominho.tv\\\/site\\\/2021\\\/06\\\/15\\\/empreitada-de-meio-milhao-de-euros-vai-ampliar-redes-de-agua-e-saneamento-em-freguesias-de-viana\\\/#primaryimage\"},\"thumbnailUrl\":\"https:\\\/\\\/www.altominho.tv\\\/site\\\/wp-content\\\/uploads\\\/2021\\\/06\\\/Saneamento.jpg\",\"datePublished\":\"2021-06-15T15:19:57+00:00\",\"dateModified\":\"2021-06-16T08:37:31+00:00\",\"author\":{\"@id\":\"https:\\\/\\\/www.altominho.tv\\\/site\\\/#\\\/schema\\\/person\\\/d9be4265364723f14ea8e0d56a1d38cd\"},\"breadcrumb\":{\"@id\":\"https:\\\/\\\/www.altominho.tv\\\/site\\\/2021\\\/06\\\/15\\\/empreitada-de-meio-milhao-de-euros-vai-ampliar-redes-de-agua-e-saneamento-em-freguesias-de-viana\\\/#breadcrumb\"},\"inLanguage\":\"pt-PT\",\"potentialAction\":[{\"@type\":\"ReadAction\",\"target\":[\"https:\\\/\\\/www.altominho.tv\\\/site\\\/2021\\\/06\\\/15\\\/empreitada-de-meio-milhao-de-euros-vai-ampliar-redes-de-agua-e-saneamento-em-freguesias-de-viana\\\/\"]}]},{\"@type\":\"ImageObject\",\"inLanguage\":\"pt-PT\",\"@id\":\"https:\\\/\\\/www.altominho.tv\\\/site\\\/2021\\\/06\\\/15\\\/empreitada-de-meio-milhao-de-euros-vai-ampliar-redes-de-agua-e-saneamento-em-freguesias-de-viana\\\/#primaryimage\",\"url\":\"https:\\\/\\\/www.altominho.tv\\\/site\\\/wp-content\\\/uploads\\\/2021\\\/06\\\/Saneamento.jpg\",\"contentUrl\":\"https:\\\/\\\/www.altominho.tv\\\/site\\\/wp-content\\\/uploads\\\/2021\\\/06\\\/Saneamento.jpg\",\"width\":1732,\"height\":974,\"caption\":\"CM VIANA DO CASTELO\"},{\"@type\":\"BreadcrumbList\",\"@id\":\"https:\\\/\\\/www.altominho.tv\\\/site\\\/2021\\\/06\\\/15\\\/empreitada-de-meio-milhao-de-euros-vai-ampliar-redes-de-agua-e-saneamento-em-freguesias-de-viana\\\/#breadcrumb\",\"itemListElement\":[{\"@type\":\"ListItem\",\"position\":1,\"name\":\"In\u00edcio\",\"item\":\"https:\\\/\\\/www.altominho.tv\\\/site\\\/\"},{\"@type\":\"ListItem\",\"position\":2,\"name\":\"Empreitada de meio milh\u00e3o de euros vai ampliar redes de \u00e1gua e saneamento em freguesias de Viana\"}]},{\"@type\":\"WebSite\",\"@id\":\"https:\\\/\\\/www.altominho.tv\\\/site\\\/#website\",\"url\":\"https:\\\/\\\/www.altominho.tv\\\/site\\\/\",\"name\":\"Altominho.tv\",\"description\":\"A sua regi\u00e3o \u00e0 dist\u00e2ncia de um clique...\",\"potentialAction\":[{\"@type\":\"SearchAction\",\"target\":{\"@type\":\"EntryPoint\",\"urlTemplate\":\"https:\\\/\\\/www.altominho.tv\\\/site\\\/?s={search_term_string}\"},\"query-input\":{\"@type\":\"PropertyValueSpecification\",\"valueRequired\":true,\"valueName\":\"search_term_string\"}}],\"inLanguage\":\"pt-PT\"},{\"@type\":\"Person\",\"@id\":\"https:\\\/\\\/www.altominho.tv\\\/site\\\/#\\\/schema\\\/person\\\/d9be4265364723f14ea8e0d56a1d38cd\",\"name\":\"Andreia Ferreira\",\"image\":{\"@type\":\"ImageObject\",\"inLanguage\":\"pt-PT\",\"@id\":\"https:\\\/\\\/www.altominho.tv\\\/site\\\/wp-content\\\/uploads\\\/2021\\\/01\\\/AndreiaFerreira-150x150.jpg\",\"url\":\"https:\\\/\\\/www.altominho.tv\\\/site\\\/wp-content\\\/uploads\\\/2021\\\/01\\\/AndreiaFerreira-150x150.jpg\",\"contentUrl\":\"https:\\\/\\\/www.altominho.tv\\\/site\\\/wp-content\\\/uploads\\\/2021\\\/01\\\/AndreiaFerreira-150x150.jpg\",\"caption\":\"Andreia Ferreira\"},\"url\":\"https:\\\/\\\/www.altominho.tv\\\/site\\\/author\\\/andreiaferreira\\\/\"}]}<\/script>\n<!-- \/ Yoast SEO Premium plugin. -->","yoast_head_json":{"title":"Empreitada de meio milh\u00e3o de euros vai ampliar redes de \u00e1gua e saneamento em freguesias de Viana","robots":{"index":"index","follow":"follow","max-snippet":"max-snippet:-1","max-image-preview":"max-image-preview:large","max-video-preview":"max-video-preview:-1"},"canonical":"https:\/\/www.altominho.tv\/site\/2021\/06\/15\/empreitada-de-meio-milhao-de-euros-vai-ampliar-redes-de-agua-e-saneamento-em-freguesias-de-viana\/","og_locale":"pt_PT","og_type":"article","og_title":"Empreitada de meio milh\u00e3o de euros vai ampliar redes de \u00e1gua e saneamento em freguesias de Viana","og_description":"O presidente da C\u00e2mara de Viana do Castelo assinou o auto de consigna\u00e7\u00e3o da empreitada de amplia\u00e7\u00e3o de redes de \u00e1gua e abastecimento de \u00e1guas residuais dom\u00e9sticas em Vila Franca, De\u00e3o, Barroselas, Carvoeiro, no valor de 499 mil euros. Em comunicado, a autarquia adiantou que a empreitada tem um prazo de execu\u00e7\u00e3o de seis meses. [&hellip;]","og_url":"https:\/\/www.altominho.tv\/site\/2021\/06\/15\/empreitada-de-meio-milhao-de-euros-vai-ampliar-redes-de-agua-e-saneamento-em-freguesias-de-viana\/","og_site_name":"Altominho.tv","article_publisher":"https:\/\/www.facebook.com\/altominhotv","article_published_time":"2021-06-15T15:19:57+00:00","article_modified_time":"2021-06-16T08:37:31+00:00","og_image":[{"width":1732,"height":974,"url":"https:\/\/www.altominho.tv\/site\/wp-content\/uploads\/2021\/06\/Saneamento.jpg","type":"image\/jpeg"}],"author":"Andreia Ferreira","twitter_card":"summary_large_image","twitter_creator":"@altominhoTV","twitter_site":"@altominhoTV","twitter_misc":{"Escrito por":"Andreia Ferreira","Tempo estimado de leitura":"1 minuto"},"schema":{"@context":"https:\/\/schema.org","@graph":[{"@type":"Article","@id":"https:\/\/www.altominho.tv\/site\/2021\/06\/15\/empreitada-de-meio-milhao-de-euros-vai-ampliar-redes-de-agua-e-saneamento-em-freguesias-de-viana\/#article","isPartOf":{"@id":"https:\/\/www.altominho.tv\/site\/2021\/06\/15\/empreitada-de-meio-milhao-de-euros-vai-ampliar-redes-de-agua-e-saneamento-em-freguesias-de-viana\/"},"author":{"name":"Andreia Ferreira","@id":"https:\/\/www.altominho.tv\/site\/#\/schema\/person\/d9be4265364723f14ea8e0d56a1d38cd"},"headline":"Empreitada de meio milh\u00e3o de euros vai ampliar redes de \u00e1gua e saneamento em freguesias de Viana","datePublished":"2021-06-15T15:19:57+00:00","dateModified":"2021-06-16T08:37:31+00:00","mainEntityOfPage":{"@id":"https:\/\/www.altominho.tv\/site\/2021\/06\/15\/empreitada-de-meio-milhao-de-euros-vai-ampliar-redes-de-agua-e-saneamento-em-freguesias-de-viana\/"},"wordCount":214,"image":{"@id":"https:\/\/www.altominho.tv\/site\/2021\/06\/15\/empreitada-de-meio-milhao-de-euros-vai-ampliar-redes-de-agua-e-saneamento-em-freguesias-de-viana\/#primaryimage"},"thumbnailUrl":"https:\/\/www.altominho.tv\/site\/wp-content\/uploads\/2021\/06\/Saneamento.jpg","keywords":["Sociedade"],"articleSection":["Viana do Castelo"],"inLanguage":"pt-PT","copyrightYear":"2021","copyrightHolder":{"@id":"https:\/\/www.altominho.tv\/site\/#organization"}},{"@type":"WebPage","@id":"https:\/\/www.altominho.tv\/site\/2021\/06\/15\/empreitada-de-meio-milhao-de-euros-vai-ampliar-redes-de-agua-e-saneamento-em-freguesias-de-viana\/","url":"https:\/\/www.altominho.tv\/site\/2021\/06\/15\/empreitada-de-meio-milhao-de-euros-vai-ampliar-redes-de-agua-e-saneamento-em-freguesias-de-viana\/","name":"Empreitada de meio milh\u00e3o de euros vai ampliar redes de \u00e1gua e saneamento em freguesias de Viana","isPartOf":{"@id":"https:\/\/www.altominho.tv\/site\/#website"},"primaryImageOfPage":{"@id":"https:\/\/www.altominho.tv\/site\/2021\/06\/15\/empreitada-de-meio-milhao-de-euros-vai-ampliar-redes-de-agua-e-saneamento-em-freguesias-de-viana\/#primaryimage"},"image":{"@id":"https:\/\/www.altominho.tv\/site\/2021\/06\/15\/empreitada-de-meio-milhao-de-euros-vai-ampliar-redes-de-agua-e-saneamento-em-freguesias-de-viana\/#primaryimage"},"thumbnailUrl":"https:\/\/www.altominho.tv\/site\/wp-content\/uploads\/2021\/06\/Saneamento.jpg","datePublished":"2021-06-15T15:19:57+00:00","dateModified":"2021-06-16T08:37:31+00:00","author":{"@id":"https:\/\/www.altominho.tv\/site\/#\/schema\/person\/d9be4265364723f14ea8e0d56a1d38cd"},"breadcrumb":{"@id":"https:\/\/www.altominho.tv\/site\/2021\/06\/15\/empreitada-de-meio-milhao-de-euros-vai-ampliar-redes-de-agua-e-saneamento-em-freguesias-de-viana\/#breadcrumb"},"inLanguage":"pt-PT","potentialAction":[{"@type":"ReadAction","target":["https:\/\/www.altominho.tv\/site\/2021\/06\/15\/empreitada-de-meio-milhao-de-euros-vai-ampliar-redes-de-agua-e-saneamento-em-freguesias-de-viana\/"]}]},{"@type":"ImageObject","inLanguage":"pt-PT","@id":"https:\/\/www.altominho.tv\/site\/2021\/06\/15\/empreitada-de-meio-milhao-de-euros-vai-ampliar-redes-de-agua-e-saneamento-em-freguesias-de-viana\/#primaryimage","url":"https:\/\/www.altominho.tv\/site\/wp-content\/uploads\/2021\/06\/Saneamento.jpg","contentUrl":"https:\/\/www.altominho.tv\/site\/wp-content\/uploads\/2021\/06\/Saneamento.jpg","width":1732,"height":974,"caption":"CM VIANA DO CASTELO"},{"@type":"BreadcrumbList","@id":"https:\/\/www.altominho.tv\/site\/2021\/06\/15\/empreitada-de-meio-milhao-de-euros-vai-ampliar-redes-de-agua-e-saneamento-em-freguesias-de-viana\/#breadcrumb","itemListElement":[{"@type":"ListItem","position":1,"name":"In\u00edcio","item":"https:\/\/www.altominho.tv\/site\/"},{"@type":"ListItem","position":2,"name":"Empreitada de meio milh\u00e3o de euros vai ampliar redes de \u00e1gua e saneamento em freguesias de Viana"}]},{"@type":"WebSite","@id":"https:\/\/www.altominho.tv\/site\/#website","url":"https:\/\/www.altominho.tv\/site\/","name":"Altominho.tv","description":"A sua regi\u00e3o \u00e0 dist\u00e2ncia de um clique...","potentialAction":[{"@type":"SearchAction","target":{"@type":"EntryPoint","urlTemplate":"https:\/\/www.altominho.tv\/site\/?s={search_term_string}"},"query-input":{"@type":"PropertyValueSpecification","valueRequired":true,"valueName":"search_term_string"}}],"inLanguage":"pt-PT"},{"@type":"Person","@id":"https:\/\/www.altominho.tv\/site\/#\/schema\/person\/d9be4265364723f14ea8e0d56a1d38cd","name":"Andreia Ferreira","image":{"@type":"ImageObject","inLanguage":"pt-PT","@id":"https:\/\/www.altominho.tv\/site\/wp-content\/uploads\/2021\/01\/AndreiaFerreira-150x150.jpg","url":"https:\/\/www.altominho.tv\/site\/wp-content\/uploads\/2021\/01\/AndreiaFerreira-150x150.jpg","contentUrl":"https:\/\/www.altominho.tv\/site\/wp-content\/uploads\/2021\/01\/AndreiaFerreira-150x150.jpg","caption":"Andreia Ferreira"},"url":"https:\/\/www.altominho.tv\/site\/author\/andreiaferreira\/"}]}},"_links":{"self":[{"href":"https:\/\/www.altominho.tv\/site\/wp-json\/wp\/v2\/posts\/67479","targetHints":{"allow":["GET"]}}],"collection":[{"href":"https:\/\/www.altominho.tv\/site\/wp-json\/wp\/v2\/posts"}],"about":[{"href":"https:\/\/www.altominho.tv\/site\/wp-json\/wp\/v2\/types\/post"}],"author":[{"embeddable":true,"href":"https:\/\/www.altominho.tv\/site\/wp-json\/wp\/v2\/users\/12"}],"replies":[{"embeddable":true,"href":"https:\/\/www.altominho.tv\/site\/wp-json\/wp\/v2\/comments?post=67479"}],"version-history":[{"count":0,"href":"https:\/\/www.altominho.tv\/site\/wp-json\/wp\/v2\/posts\/67479\/revisions"}],"wp:featuredmedia":[{"embeddable":true,"href":"https:\/\/www.altominho.tv\/site\/wp-json\/wp\/v2\/media\/67480"}],"wp:attachment":[{"href":"https:\/\/www.altominho.tv\/site\/wp-json\/wp\/v2\/media?parent=67479"}],"wp:term":[{"taxonomy":"category","embeddable":true,"href":"https:\/\/www.altominho.tv\/site\/wp-json\/wp\/v2\/categories?post=67479"},{"taxonomy":"post_tag","embeddable":true,"href":"https:\/\/www.altominho.tv\/site\/wp-json\/wp\/v2\/tags?post=67479"}],"curies":[{"name":"wp","href":"https:\/\/api.w.org\/{rel}","templated":true}]}}