{"id":67459,"date":"2021-06-14T17:41:19","date_gmt":"2021-06-14T16:41:19","guid":{"rendered":"https:\/\/www.altominho.tv\/site\/?p=67459"},"modified":"2021-06-15T09:42:01","modified_gmt":"2021-06-15T08:42:01","slug":"aguas-do-norte-investe-670-mil-euros-e-reforca-abastecimento-em-cerveira","status":"publish","type":"post","link":"https:\/\/www.altominho.tv\/site\/2021\/06\/14\/aguas-do-norte-investe-670-mil-euros-e-reforca-abastecimento-em-cerveira\/","title":{"rendered":"\u00c1guas do Norte investe 670 mil euros e refor\u00e7a abastecimento em Cerveira"},"content":{"rendered":"\n<p>A \u00c1guas do Norte est\u00e1 a investir 670 mil euros na liga\u00e7\u00e3o do reservat\u00f3rio de Mangoeiro, em Loivo, ao subsistema de S. Jorge, para refor\u00e7ar o abastecimento de \u00e1gua em alta em Vila Nova de Cerveira, foi hoje divulgado.&nbsp;<\/p>\n\n\n\n<p>Em comunicado hoje enviado \u00e0s reda\u00e7\u00f5es, a empresa adiantou que os trabalhos &#8220;a realizar em Mangoeiro incluem a instala\u00e7\u00e3o de cerca de 2,5 quil\u00f3metros de condutas de abastecimento de \u00e1gua, a constru\u00e7\u00e3o do reservat\u00f3rio, o fornecimento e instala\u00e7\u00e3o de uma central hidropressora na esta\u00e7\u00e3o elevat\u00f3ria de Bagoada e a execu\u00e7\u00e3o das respetivas liga\u00e7\u00f5es aos reservat\u00f3rios j\u00e1 existentes, permitindo o aumento da cobertura de abastecimento de \u00e1gua&#8221;.<\/p>\n\n\n\n<p>O investimento no concelho de Vila Nova de Cerveira, no distrito de Viana do Castelo, est\u00e1 or\u00e7ado em &#8220;de cerca 670 mil euros, e com um prazo de execu\u00e7\u00e3o de 360 dias&#8221;.<\/p>\n\n\n\n<p>As obras incidem &#8220;no sistema de abastecimento de \u00e1gua de S. Jorge, e tamb\u00e9m no de Lapela, no concelho de Valen\u00e7a, por estarem integrados no sistema multimunicipal de abastecimento de \u00e1gua e de saneamento do Norte de Portugal&#8221;.<\/p>\n\n\n\n<p>Com aquela empreitada &#8220;ser\u00e1 ainda refor\u00e7ado o abastecimento de \u00e1gua em alta ao munic\u00edpio de Valen\u00e7a&#8221;.<\/p>\n\n\n\n<p>O presidente da de Vila Nova de Cerveira, citado na nota, disse a empreitada em causa &#8220;faz parte dos compromissos assumidos pela empresa h\u00e1 j\u00e1 20 anos, aquando da formaliza\u00e7\u00e3o do contrato entre a C\u00e2mara e a \u00c1guas do Norte (antigas \u00c1guas do Minho e Lima, S.A. e, posteriormente, \u00c1guas do Noroeste)&#8221;.&nbsp;<\/p>\n\n\n\n<p>&#8220;Ap\u00f3s muita insist\u00eancia e persist\u00eancia, a empresa est\u00e1 finalmente a cumprir o que estava estabelecido e a concretizar o necess\u00e1rio e justificado refor\u00e7o do abastecimento de \u00e1gua, de forma a suprir falhas de caudal, press\u00e3o e qualidade, na sua grande maioria \u00e0 freguesia de Gondar\u00e9m, com especial incid\u00eancia no lugar de Mangoeiro, e em casos de emerg\u00eancia ter potencial de acudir ao abastecimento \u00e0 freguesia de Sopo&#8221;, referiu Fernando Nogueira.<\/p>\n\n\n\n<p>Respons\u00e1vel pela gest\u00e3o da rede de abastecimento de \u00e1gua em alta e de saneamento b\u00e1sico de 63 munic\u00edpios, a empresa iniciou atividade em 2015.<\/p>\n\n\n\n<p>A \u00c1guas do Norte resultou da agrega\u00e7\u00e3o das empresas \u00c1guas do Douro e Paiva, \u00c1guas do Noroeste, \u00c1guas de Tr\u00e1s-os-Montes e Alto Douro, e Simdouro &#8211; Saneamento do Grande Porto, integradas no grupo \u00c1guas de Portugal (AdP), detendo &#8220;a concess\u00e3o por 30 anos da explora\u00e7\u00e3o e gest\u00e3o do sistema multimunicipal de abastecimento de \u00e1gua e de saneamento do Norte de Portugal&#8221;.<\/p>\n","protected":false},"excerpt":{"rendered":"<p>A \u00c1guas do Norte est\u00e1 a investir 670 mil euros na liga\u00e7\u00e3o do reservat\u00f3rio de Mangoeiro, em Loivo, ao subsistema de S. Jorge, para refor\u00e7ar o abastecimento de \u00e1gua em alta em Vila Nova de Cerveira, foi hoje divulgado.&nbsp; Em comunicado hoje enviado \u00e0s reda\u00e7\u00f5es, a empresa adiantou que os trabalhos &#8220;a realizar em Mangoeiro [&hellip;]<\/p>\n","protected":false},"author":16,"featured_media":67460,"comment_status":"closed","ping_status":"closed","sticky":false,"template":"","format":"standard","meta":{"_exactmetrics_skip_tracking":false,"_exactmetrics_sitenote_active":false,"_exactmetrics_sitenote_note":"","_exactmetrics_sitenote_category":0,"footnotes":""},"categories":[15],"tags":[27],"class_list":["post-67459","post","type-post","status-publish","format-standard","has-post-thumbnail","hentry","category-vila-nova-de-cerveira","tag-sociedade"],"yoast_head":"<!-- This site is optimized with the Yoast SEO Premium plugin v27.5 (Yoast SEO v27.5) - https:\/\/yoast.com\/product\/yoast-seo-premium-wordpress\/ -->\n<title>\u00c1guas do Norte investe 670 mil euros e refor\u00e7a abastecimento em Cerveira<\/title>\n<meta name=\"robots\" content=\"index, follow, max-snippet:-1, max-image-preview:large, max-video-preview:-1\" \/>\n<link rel=\"canonical\" href=\"https:\/\/www.altominho.tv\/site\/2021\/06\/14\/aguas-do-norte-investe-670-mil-euros-e-reforca-abastecimento-em-cerveira\/\" \/>\n<meta property=\"og:locale\" content=\"pt_PT\" \/>\n<meta property=\"og:type\" content=\"article\" \/>\n<meta property=\"og:title\" content=\"\u00c1guas do Norte investe 670 mil euros e refor\u00e7a abastecimento em Cerveira\" \/>\n<meta property=\"og:description\" content=\"A \u00c1guas do Norte est\u00e1 a investir 670 mil euros na liga\u00e7\u00e3o do reservat\u00f3rio de Mangoeiro, em Loivo, ao subsistema de S. Jorge, para refor\u00e7ar o abastecimento de \u00e1gua em alta em Vila Nova de Cerveira, foi hoje divulgado.&nbsp; Em comunicado hoje enviado \u00e0s reda\u00e7\u00f5es, a empresa adiantou que os trabalhos &#8220;a realizar em Mangoeiro [&hellip;]\" \/>\n<meta property=\"og:url\" content=\"https:\/\/www.altominho.tv\/site\/2021\/06\/14\/aguas-do-norte-investe-670-mil-euros-e-reforca-abastecimento-em-cerveira\/\" \/>\n<meta property=\"og:site_name\" content=\"Altominho.tv\" \/>\n<meta property=\"article:publisher\" content=\"https:\/\/www.facebook.com\/altominhotv\" \/>\n<meta property=\"article:published_time\" content=\"2021-06-14T16:41:19+00:00\" \/>\n<meta property=\"article:modified_time\" content=\"2021-06-15T08:42:01+00:00\" \/>\n<meta property=\"og:image\" content=\"https:\/\/www.altominho.tv\/site\/wp-content\/uploads\/2021\/06\/Reservatorio-Mangoeiero-1.jpg\" \/>\n\t<meta property=\"og:image:width\" content=\"1919\" \/>\n\t<meta property=\"og:image:height\" content=\"1440\" \/>\n\t<meta property=\"og:image:type\" content=\"image\/jpeg\" \/>\n<meta name=\"author\" content=\"Andreia Cunha | Lusa\" \/>\n<meta name=\"twitter:card\" content=\"summary_large_image\" \/>\n<meta name=\"twitter:creator\" content=\"@altominhoTV\" \/>\n<meta name=\"twitter:site\" content=\"@altominhoTV\" \/>\n<meta name=\"twitter:label1\" content=\"Escrito por\" \/>\n\t<meta name=\"twitter:data1\" content=\"Andreia Cunha | Lusa\" \/>\n\t<meta name=\"twitter:label2\" content=\"Tempo estimado de leitura\" \/>\n\t<meta name=\"twitter:data2\" content=\"2 minutos\" \/>\n<script type=\"application\/ld+json\" class=\"yoast-schema-graph\">{\"@context\":\"https:\\\/\\\/schema.org\",\"@graph\":[{\"@type\":\"Article\",\"@id\":\"https:\\\/\\\/www.altominho.tv\\\/site\\\/2021\\\/06\\\/14\\\/aguas-do-norte-investe-670-mil-euros-e-reforca-abastecimento-em-cerveira\\\/#article\",\"isPartOf\":{\"@id\":\"https:\\\/\\\/www.altominho.tv\\\/site\\\/2021\\\/06\\\/14\\\/aguas-do-norte-investe-670-mil-euros-e-reforca-abastecimento-em-cerveira\\\/\"},\"author\":{\"name\":\"Andreia Cunha | Lusa\",\"@id\":\"https:\\\/\\\/www.altominho.tv\\\/site\\\/#\\\/schema\\\/person\\\/dbaf181c01b51ff40c9f461a905d321e\"},\"headline\":\"\u00c1guas do Norte investe 670 mil euros e refor\u00e7a abastecimento em Cerveira\",\"datePublished\":\"2021-06-14T16:41:19+00:00\",\"dateModified\":\"2021-06-15T08:42:01+00:00\",\"mainEntityOfPage\":{\"@id\":\"https:\\\/\\\/www.altominho.tv\\\/site\\\/2021\\\/06\\\/14\\\/aguas-do-norte-investe-670-mil-euros-e-reforca-abastecimento-em-cerveira\\\/\"},\"wordCount\":444,\"image\":{\"@id\":\"https:\\\/\\\/www.altominho.tv\\\/site\\\/2021\\\/06\\\/14\\\/aguas-do-norte-investe-670-mil-euros-e-reforca-abastecimento-em-cerveira\\\/#primaryimage\"},\"thumbnailUrl\":\"https:\\\/\\\/www.altominho.tv\\\/site\\\/wp-content\\\/uploads\\\/2021\\\/06\\\/Reservatorio-Mangoeiero-1.jpg\",\"keywords\":[\"Sociedade\"],\"articleSection\":[\"Vila Nova de Cerveira\"],\"inLanguage\":\"pt-PT\",\"copyrightYear\":\"2021\",\"copyrightHolder\":{\"@id\":\"https:\\\/\\\/www.altominho.tv\\\/site\\\/#organization\"}},{\"@type\":\"WebPage\",\"@id\":\"https:\\\/\\\/www.altominho.tv\\\/site\\\/2021\\\/06\\\/14\\\/aguas-do-norte-investe-670-mil-euros-e-reforca-abastecimento-em-cerveira\\\/\",\"url\":\"https:\\\/\\\/www.altominho.tv\\\/site\\\/2021\\\/06\\\/14\\\/aguas-do-norte-investe-670-mil-euros-e-reforca-abastecimento-em-cerveira\\\/\",\"name\":\"\u00c1guas do Norte investe 670 mil euros e refor\u00e7a abastecimento em Cerveira\",\"isPartOf\":{\"@id\":\"https:\\\/\\\/www.altominho.tv\\\/site\\\/#website\"},\"primaryImageOfPage\":{\"@id\":\"https:\\\/\\\/www.altominho.tv\\\/site\\\/2021\\\/06\\\/14\\\/aguas-do-norte-investe-670-mil-euros-e-reforca-abastecimento-em-cerveira\\\/#primaryimage\"},\"image\":{\"@id\":\"https:\\\/\\\/www.altominho.tv\\\/site\\\/2021\\\/06\\\/14\\\/aguas-do-norte-investe-670-mil-euros-e-reforca-abastecimento-em-cerveira\\\/#primaryimage\"},\"thumbnailUrl\":\"https:\\\/\\\/www.altominho.tv\\\/site\\\/wp-content\\\/uploads\\\/2021\\\/06\\\/Reservatorio-Mangoeiero-1.jpg\",\"datePublished\":\"2021-06-14T16:41:19+00:00\",\"dateModified\":\"2021-06-15T08:42:01+00:00\",\"author\":{\"@id\":\"https:\\\/\\\/www.altominho.tv\\\/site\\\/#\\\/schema\\\/person\\\/dbaf181c01b51ff40c9f461a905d321e\"},\"breadcrumb\":{\"@id\":\"https:\\\/\\\/www.altominho.tv\\\/site\\\/2021\\\/06\\\/14\\\/aguas-do-norte-investe-670-mil-euros-e-reforca-abastecimento-em-cerveira\\\/#breadcrumb\"},\"inLanguage\":\"pt-PT\",\"potentialAction\":[{\"@type\":\"ReadAction\",\"target\":[\"https:\\\/\\\/www.altominho.tv\\\/site\\\/2021\\\/06\\\/14\\\/aguas-do-norte-investe-670-mil-euros-e-reforca-abastecimento-em-cerveira\\\/\"]}]},{\"@type\":\"ImageObject\",\"inLanguage\":\"pt-PT\",\"@id\":\"https:\\\/\\\/www.altominho.tv\\\/site\\\/2021\\\/06\\\/14\\\/aguas-do-norte-investe-670-mil-euros-e-reforca-abastecimento-em-cerveira\\\/#primaryimage\",\"url\":\"https:\\\/\\\/www.altominho.tv\\\/site\\\/wp-content\\\/uploads\\\/2021\\\/06\\\/Reservatorio-Mangoeiero-1.jpg\",\"contentUrl\":\"https:\\\/\\\/www.altominho.tv\\\/site\\\/wp-content\\\/uploads\\\/2021\\\/06\\\/Reservatorio-Mangoeiero-1.jpg\",\"width\":1919,\"height\":1440},{\"@type\":\"BreadcrumbList\",\"@id\":\"https:\\\/\\\/www.altominho.tv\\\/site\\\/2021\\\/06\\\/14\\\/aguas-do-norte-investe-670-mil-euros-e-reforca-abastecimento-em-cerveira\\\/#breadcrumb\",\"itemListElement\":[{\"@type\":\"ListItem\",\"position\":1,\"name\":\"In\u00edcio\",\"item\":\"https:\\\/\\\/www.altominho.tv\\\/site\\\/\"},{\"@type\":\"ListItem\",\"position\":2,\"name\":\"\u00c1guas do Norte investe 670 mil euros e refor\u00e7a abastecimento em Cerveira\"}]},{\"@type\":\"WebSite\",\"@id\":\"https:\\\/\\\/www.altominho.tv\\\/site\\\/#website\",\"url\":\"https:\\\/\\\/www.altominho.tv\\\/site\\\/\",\"name\":\"Altominho.tv\",\"description\":\"A sua regi\u00e3o \u00e0 dist\u00e2ncia de um clique...\",\"potentialAction\":[{\"@type\":\"SearchAction\",\"target\":{\"@type\":\"EntryPoint\",\"urlTemplate\":\"https:\\\/\\\/www.altominho.tv\\\/site\\\/?s={search_term_string}\"},\"query-input\":{\"@type\":\"PropertyValueSpecification\",\"valueRequired\":true,\"valueName\":\"search_term_string\"}}],\"inLanguage\":\"pt-PT\"},{\"@type\":\"Person\",\"@id\":\"https:\\\/\\\/www.altominho.tv\\\/site\\\/#\\\/schema\\\/person\\\/dbaf181c01b51ff40c9f461a905d321e\",\"name\":\"Andreia Cunha | Lusa\",\"image\":{\"@type\":\"ImageObject\",\"inLanguage\":\"pt-PT\",\"@id\":\"https:\\\/\\\/www.altominho.tv\\\/site\\\/wp-content\\\/uploads\\\/2017\\\/11\\\/Andreia_Cunha-1-150x150.jpg\",\"url\":\"https:\\\/\\\/www.altominho.tv\\\/site\\\/wp-content\\\/uploads\\\/2017\\\/11\\\/Andreia_Cunha-1-150x150.jpg\",\"contentUrl\":\"https:\\\/\\\/www.altominho.tv\\\/site\\\/wp-content\\\/uploads\\\/2017\\\/11\\\/Andreia_Cunha-1-150x150.jpg\",\"caption\":\"Andreia Cunha | Lusa\"},\"sameAs\":[\"https:\\\/\\\/www.altominho.tv\\\/site\"],\"url\":\"https:\\\/\\\/www.altominho.tv\\\/site\\\/author\\\/andreiacunhalusa\\\/\"}]}<\/script>\n<!-- \/ Yoast SEO Premium plugin. -->","yoast_head_json":{"title":"\u00c1guas do Norte investe 670 mil euros e refor\u00e7a abastecimento em Cerveira","robots":{"index":"index","follow":"follow","max-snippet":"max-snippet:-1","max-image-preview":"max-image-preview:large","max-video-preview":"max-video-preview:-1"},"canonical":"https:\/\/www.altominho.tv\/site\/2021\/06\/14\/aguas-do-norte-investe-670-mil-euros-e-reforca-abastecimento-em-cerveira\/","og_locale":"pt_PT","og_type":"article","og_title":"\u00c1guas do Norte investe 670 mil euros e refor\u00e7a abastecimento em Cerveira","og_description":"A \u00c1guas do Norte est\u00e1 a investir 670 mil euros na liga\u00e7\u00e3o do reservat\u00f3rio de Mangoeiro, em Loivo, ao subsistema de S. Jorge, para refor\u00e7ar o abastecimento de \u00e1gua em alta em Vila Nova de Cerveira, foi hoje divulgado.&nbsp; Em comunicado hoje enviado \u00e0s reda\u00e7\u00f5es, a empresa adiantou que os trabalhos &#8220;a realizar em Mangoeiro [&hellip;]","og_url":"https:\/\/www.altominho.tv\/site\/2021\/06\/14\/aguas-do-norte-investe-670-mil-euros-e-reforca-abastecimento-em-cerveira\/","og_site_name":"Altominho.tv","article_publisher":"https:\/\/www.facebook.com\/altominhotv","article_published_time":"2021-06-14T16:41:19+00:00","article_modified_time":"2021-06-15T08:42:01+00:00","og_image":[{"width":1919,"height":1440,"url":"https:\/\/www.altominho.tv\/site\/wp-content\/uploads\/2021\/06\/Reservatorio-Mangoeiero-1.jpg","type":"image\/jpeg"}],"author":"Andreia Cunha | Lusa","twitter_card":"summary_large_image","twitter_creator":"@altominhoTV","twitter_site":"@altominhoTV","twitter_misc":{"Escrito por":"Andreia Cunha | Lusa","Tempo estimado de leitura":"2 minutos"},"schema":{"@context":"https:\/\/schema.org","@graph":[{"@type":"Article","@id":"https:\/\/www.altominho.tv\/site\/2021\/06\/14\/aguas-do-norte-investe-670-mil-euros-e-reforca-abastecimento-em-cerveira\/#article","isPartOf":{"@id":"https:\/\/www.altominho.tv\/site\/2021\/06\/14\/aguas-do-norte-investe-670-mil-euros-e-reforca-abastecimento-em-cerveira\/"},"author":{"name":"Andreia Cunha | Lusa","@id":"https:\/\/www.altominho.tv\/site\/#\/schema\/person\/dbaf181c01b51ff40c9f461a905d321e"},"headline":"\u00c1guas do Norte investe 670 mil euros e refor\u00e7a abastecimento em Cerveira","datePublished":"2021-06-14T16:41:19+00:00","dateModified":"2021-06-15T08:42:01+00:00","mainEntityOfPage":{"@id":"https:\/\/www.altominho.tv\/site\/2021\/06\/14\/aguas-do-norte-investe-670-mil-euros-e-reforca-abastecimento-em-cerveira\/"},"wordCount":444,"image":{"@id":"https:\/\/www.altominho.tv\/site\/2021\/06\/14\/aguas-do-norte-investe-670-mil-euros-e-reforca-abastecimento-em-cerveira\/#primaryimage"},"thumbnailUrl":"https:\/\/www.altominho.tv\/site\/wp-content\/uploads\/2021\/06\/Reservatorio-Mangoeiero-1.jpg","keywords":["Sociedade"],"articleSection":["Vila Nova de Cerveira"],"inLanguage":"pt-PT","copyrightYear":"2021","copyrightHolder":{"@id":"https:\/\/www.altominho.tv\/site\/#organization"}},{"@type":"WebPage","@id":"https:\/\/www.altominho.tv\/site\/2021\/06\/14\/aguas-do-norte-investe-670-mil-euros-e-reforca-abastecimento-em-cerveira\/","url":"https:\/\/www.altominho.tv\/site\/2021\/06\/14\/aguas-do-norte-investe-670-mil-euros-e-reforca-abastecimento-em-cerveira\/","name":"\u00c1guas do Norte investe 670 mil euros e refor\u00e7a abastecimento em Cerveira","isPartOf":{"@id":"https:\/\/www.altominho.tv\/site\/#website"},"primaryImageOfPage":{"@id":"https:\/\/www.altominho.tv\/site\/2021\/06\/14\/aguas-do-norte-investe-670-mil-euros-e-reforca-abastecimento-em-cerveira\/#primaryimage"},"image":{"@id":"https:\/\/www.altominho.tv\/site\/2021\/06\/14\/aguas-do-norte-investe-670-mil-euros-e-reforca-abastecimento-em-cerveira\/#primaryimage"},"thumbnailUrl":"https:\/\/www.altominho.tv\/site\/wp-content\/uploads\/2021\/06\/Reservatorio-Mangoeiero-1.jpg","datePublished":"2021-06-14T16:41:19+00:00","dateModified":"2021-06-15T08:42:01+00:00","author":{"@id":"https:\/\/www.altominho.tv\/site\/#\/schema\/person\/dbaf181c01b51ff40c9f461a905d321e"},"breadcrumb":{"@id":"https:\/\/www.altominho.tv\/site\/2021\/06\/14\/aguas-do-norte-investe-670-mil-euros-e-reforca-abastecimento-em-cerveira\/#breadcrumb"},"inLanguage":"pt-PT","potentialAction":[{"@type":"ReadAction","target":["https:\/\/www.altominho.tv\/site\/2021\/06\/14\/aguas-do-norte-investe-670-mil-euros-e-reforca-abastecimento-em-cerveira\/"]}]},{"@type":"ImageObject","inLanguage":"pt-PT","@id":"https:\/\/www.altominho.tv\/site\/2021\/06\/14\/aguas-do-norte-investe-670-mil-euros-e-reforca-abastecimento-em-cerveira\/#primaryimage","url":"https:\/\/www.altominho.tv\/site\/wp-content\/uploads\/2021\/06\/Reservatorio-Mangoeiero-1.jpg","contentUrl":"https:\/\/www.altominho.tv\/site\/wp-content\/uploads\/2021\/06\/Reservatorio-Mangoeiero-1.jpg","width":1919,"height":1440},{"@type":"BreadcrumbList","@id":"https:\/\/www.altominho.tv\/site\/2021\/06\/14\/aguas-do-norte-investe-670-mil-euros-e-reforca-abastecimento-em-cerveira\/#breadcrumb","itemListElement":[{"@type":"ListItem","position":1,"name":"In\u00edcio","item":"https:\/\/www.altominho.tv\/site\/"},{"@type":"ListItem","position":2,"name":"\u00c1guas do Norte investe 670 mil euros e refor\u00e7a abastecimento em Cerveira"}]},{"@type":"WebSite","@id":"https:\/\/www.altominho.tv\/site\/#website","url":"https:\/\/www.altominho.tv\/site\/","name":"Altominho.tv","description":"A sua regi\u00e3o \u00e0 dist\u00e2ncia de um clique...","potentialAction":[{"@type":"SearchAction","target":{"@type":"EntryPoint","urlTemplate":"https:\/\/www.altominho.tv\/site\/?s={search_term_string}"},"query-input":{"@type":"PropertyValueSpecification","valueRequired":true,"valueName":"search_term_string"}}],"inLanguage":"pt-PT"},{"@type":"Person","@id":"https:\/\/www.altominho.tv\/site\/#\/schema\/person\/dbaf181c01b51ff40c9f461a905d321e","name":"Andreia Cunha | Lusa","image":{"@type":"ImageObject","inLanguage":"pt-PT","@id":"https:\/\/www.altominho.tv\/site\/wp-content\/uploads\/2017\/11\/Andreia_Cunha-1-150x150.jpg","url":"https:\/\/www.altominho.tv\/site\/wp-content\/uploads\/2017\/11\/Andreia_Cunha-1-150x150.jpg","contentUrl":"https:\/\/www.altominho.tv\/site\/wp-content\/uploads\/2017\/11\/Andreia_Cunha-1-150x150.jpg","caption":"Andreia Cunha | Lusa"},"sameAs":["https:\/\/www.altominho.tv\/site"],"url":"https:\/\/www.altominho.tv\/site\/author\/andreiacunhalusa\/"}]}},"_links":{"self":[{"href":"https:\/\/www.altominho.tv\/site\/wp-json\/wp\/v2\/posts\/67459","targetHints":{"allow":["GET"]}}],"collection":[{"href":"https:\/\/www.altominho.tv\/site\/wp-json\/wp\/v2\/posts"}],"about":[{"href":"https:\/\/www.altominho.tv\/site\/wp-json\/wp\/v2\/types\/post"}],"author":[{"embeddable":true,"href":"https:\/\/www.altominho.tv\/site\/wp-json\/wp\/v2\/users\/16"}],"replies":[{"embeddable":true,"href":"https:\/\/www.altominho.tv\/site\/wp-json\/wp\/v2\/comments?post=67459"}],"version-history":[{"count":0,"href":"https:\/\/www.altominho.tv\/site\/wp-json\/wp\/v2\/posts\/67459\/revisions"}],"wp:featuredmedia":[{"embeddable":true,"href":"https:\/\/www.altominho.tv\/site\/wp-json\/wp\/v2\/media\/67460"}],"wp:attachment":[{"href":"https:\/\/www.altominho.tv\/site\/wp-json\/wp\/v2\/media?parent=67459"}],"wp:term":[{"taxonomy":"category","embeddable":true,"href":"https:\/\/www.altominho.tv\/site\/wp-json\/wp\/v2\/categories?post=67459"},{"taxonomy":"post_tag","embeddable":true,"href":"https:\/\/www.altominho.tv\/site\/wp-json\/wp\/v2\/tags?post=67459"}],"curies":[{"name":"wp","href":"https:\/\/api.w.org\/{rel}","templated":true}]}}