{"id":67030,"date":"2021-05-31T09:38:42","date_gmt":"2021-05-31T08:38:42","guid":{"rendered":"https:\/\/www.altominho.tv\/site\/?p=67030"},"modified":"2021-05-31T09:38:45","modified_gmt":"2021-05-31T08:38:45","slug":"moncao-assinala-festas-do-corpo-de-deus-e-da-coca-com-programa-alternativo","status":"publish","type":"post","link":"https:\/\/www.altominho.tv\/site\/2021\/05\/31\/moncao-assinala-festas-do-corpo-de-deus-e-da-coca-com-programa-alternativo\/","title":{"rendered":"Mon\u00e7\u00e3o assinala Festas do Corpo de Deus e da Coca com programa alternativo"},"content":{"rendered":"<p><strong>Este ano, n\u00e3o haver\u00e1 prociss\u00e3o solene pelo centro hist\u00f3rico, o combate tradicional entre S. Jorge e a Coca e o cortejo etnogr\u00e1fico das freguesias. No entanto, Mon\u00e7\u00e3o vai assinalar, entre 3 e 6 de junho, mais uma edi\u00e7\u00e3o das\u00a0Festas do Corpo de Deus.<\/strong><\/p>\n<p>Pelo segundo ano consecutivo, a pandemia cancelou os principais momentos das festas concelhias de Mon\u00e7\u00e3o, tamb\u00e9m conhecidas como a Festa da Coca. Segundo o munic\u00edpio, um programa &#8220;diferente e alternativo&#8221; pretende &#8220;responder ao interesse que a festividade suscita nos mon\u00e7anenses e nos milhares de pessoas que, nesta data, visitam o concelho&#8221;.<\/p>\n<p>Com uma &#8220;forte componente pedag\u00f3gica e tur\u00edstica&#8221;, o programa do Corpo de Deus \u2013 Coca de Mon\u00e7\u00e3o arranca na quinta-feira, com alvorada \u00e0s 08h00 e salva de morteiros pelas 12h00. A missa solene do Corpo de Deus celebra-se, pelas 18h00, com transmiss\u00e3o em direto nas p\u00e1ginas oficiais do munic\u00edpio de Mon\u00e7\u00e3o, na rede social Facebook.<\/p>\n<p>A exposi\u00e7\u00e3o Coca \u00e0 Varanda \u00e9 outra das iniciativas previstas. Entre 3 e 13 de junho, diferentes, coloridas e criativas r\u00e9plicas, em tamanho reduzido, do m\u00edtico drag\u00e3o mon\u00e7anense, concebidas pelas crian\u00e7as e jovens das oficinas de pintura da Plataforma Arte e Cultura (PAC) e pelo servi\u00e7o educativo e cultural do munic\u00edpio de Mon\u00e7\u00e3o, podem ser apreciadas nas varandas dos edif\u00edcios p\u00fablicos e particulares, localizados na Pra\u00e7a Deu\u2010la\u2010Deu Martins.<\/p>\n<p>Nos dias 3, 5 e 6 de junho, decorre uma atividade h\u00edpica aberta ao p\u00fablico, com oferta de pequenos passeios a cavalo para adultos e crian\u00e7as. No redondel t\u00e9rreo do Anfiteatro Natural do Souto, onde o S. Jorge, cavaleiro que representa as for\u00e7as do bem, defronta a Coca, drag\u00e3o que simboliza as for\u00e7as do mal, a Escola de S\u00e3o Jorge proporciona ao p\u00fablico a oportunidade de andar a cavalo, entre as 10h00 e as 13h00 e das 15h00 \u00e0s 19h00.<\/p>\n<p>Ainda nestas datas e hor\u00e1rios, est\u00e3o previstos passeios de charrete pelo centro hist\u00f3rico de Mon\u00e7\u00e3o, com dura\u00e7\u00e3o aproximada de 20 minutos. De acordo com o munic\u00edpio, os bilhetes podem ser adquiridos no stand situado na Pra\u00e7a Deu-la-Deu Martins e na Loja Interativa de Turismo de Mon\u00e7\u00e3o, por um custo de dois euros por pessoa. Na compra de merchandising no valor de 20 euros h\u00e1 oferta de um bilhete familiar (at\u00e9 4 pessoas). As crian\u00e7as at\u00e9 aos tr\u00eas anos t\u00eam acesso gratuito.<\/p>\n<p>A Pra\u00e7a Deu-la-Deu Martins vai ser palco do Ninho da Coca, um &#8220;percurso desafiante&#8221; que quer levar os participantes a conhecer melhor a hist\u00f3ria de Mon\u00e7\u00e3o. O labirinto inspirado na lenda \u201cA Coca de Mon\u00e7\u00e3o\u201d destina-se ao p\u00fablico infantil e familiar e ter\u00e1 lugar de\u00a03 a 6 e de 10 a 13 de junho.<\/p>\n<p>Tendo como mote o combate ancestral entre S. Jorge e a Coca, o munic\u00edpio de Mon\u00e7\u00e3o lan\u00e7a ainda o concurso &#8220;Coca de Mon\u00e7\u00e3o&#8221;, uma &#8220;iniciativa pedag\u00f3gica que pretende estimular a participa\u00e7\u00e3o de todos com o objetivo de refor\u00e7ar, ainda mais, a iconicidade do m\u00edtico drag\u00e3o mon\u00e7anense&#8221;.<\/p>\n<p>Os principais requisitos do concurso s\u00e3o a originalidade e a criatividade e os participantes podem participar individualmente ou em coautoria. As propostas devem ser submetidas at\u00e9 ao dia 30 de agosto e, nesta primeira edi\u00e7\u00e3o, ser\u00e3o selecionadas 30 propostas para exposi\u00e7\u00e3o no Museu Mon\u00e7\u00e3o &amp; Mem\u00f3rias.<\/p>\n<p>No dia 2 de outubro, ser\u00e1 inaugurada a exposi\u00e7\u00e3o dos trabalhos apresentados, dando-se a conhecer as tr\u00eas propostas premiadas, cujos valores monet\u00e1rios variam entre os mil euros (1\u00ba lugar), 500 euros (2\u00ba lugar) e 300 euros (3\u00ba lugar). Caso entenda, o j\u00fari de premia\u00e7\u00e3o pode atribuir men\u00e7\u00f5es honrosas.<\/p>\n\n\n<p class=\"wp-block-paragraph\"><\/p>\n","protected":false},"excerpt":{"rendered":"<p>Este ano, n\u00e3o haver\u00e1 prociss\u00e3o solene pelo centro hist\u00f3rico, o combate tradicional entre S. Jorge e a Coca e o cortejo etnogr\u00e1fico das freguesias. No entanto, Mon\u00e7\u00e3o vai assinalar, entre 3 e 6 de junho, mais uma edi\u00e7\u00e3o das\u00a0Festas do Corpo de Deus. Pelo segundo ano consecutivo, a pandemia cancelou os principais momentos das festas [&hellip;]<\/p>\n","protected":false},"author":12,"featured_media":67031,"comment_status":"closed","ping_status":"closed","sticky":false,"template":"","format":"standard","meta":{"_exactmetrics_skip_tracking":false,"footnotes":""},"categories":[9],"tags":[19,24],"class_list":["post-67030","post","type-post","status-publish","format-standard","has-post-thumbnail","hentry","category-moncao","tag-cultura","tag-lazer"],"yoast_head":"<!-- This site is optimized with the Yoast SEO Premium plugin v28.3 (Yoast SEO v28.3) - https:\/\/yoast.com\/product\/yoast-seo-premium-wordpress\/ -->\n<title>Mon\u00e7\u00e3o assinala Festas do Corpo de Deus e da Coca com programa alternativo<\/title>\n<meta name=\"robots\" content=\"index, follow, max-snippet:-1, max-image-preview:large, max-video-preview:-1\" \/>\n<link rel=\"canonical\" href=\"https:\/\/www.altominho.tv\/site\/2021\/05\/31\/moncao-assinala-festas-do-corpo-de-deus-e-da-coca-com-programa-alternativo\/\" \/>\n<meta property=\"og:locale\" content=\"pt_PT\" \/>\n<meta property=\"og:type\" content=\"article\" \/>\n<meta property=\"og:title\" content=\"Mon\u00e7\u00e3o assinala Festas do Corpo de Deus e da Coca com programa alternativo\" \/>\n<meta property=\"og:description\" content=\"Este ano, n\u00e3o haver\u00e1 prociss\u00e3o solene pelo centro hist\u00f3rico, o combate tradicional entre S. Jorge e a Coca e o cortejo etnogr\u00e1fico das freguesias. No entanto, Mon\u00e7\u00e3o vai assinalar, entre 3 e 6 de junho, mais uma edi\u00e7\u00e3o das\u00a0Festas do Corpo de Deus. Pelo segundo ano consecutivo, a pandemia cancelou os principais momentos das festas [&hellip;]\" \/>\n<meta property=\"og:url\" content=\"https:\/\/www.altominho.tv\/site\/2021\/05\/31\/moncao-assinala-festas-do-corpo-de-deus-e-da-coca-com-programa-alternativo\/\" \/>\n<meta property=\"og:site_name\" content=\"Altominho.tv\" \/>\n<meta property=\"article:publisher\" content=\"https:\/\/www.facebook.com\/altominhotv\" \/>\n<meta property=\"article:published_time\" content=\"2021-05-31T08:38:42+00:00\" \/>\n<meta property=\"article:modified_time\" content=\"2021-05-31T08:38:45+00:00\" \/>\n<meta property=\"og:image\" content=\"https:\/\/www.altominho.tv\/site\/wp-content\/uploads\/2021\/05\/combate-Coca.jpg\" \/>\n\t<meta property=\"og:image:width\" content=\"1237\" \/>\n\t<meta property=\"og:image:height\" content=\"825\" \/>\n\t<meta property=\"og:image:type\" content=\"image\/jpeg\" \/>\n<meta name=\"author\" content=\"Andreia Ferreira\" \/>\n<meta name=\"twitter:card\" content=\"summary_large_image\" \/>\n<meta name=\"twitter:creator\" content=\"@altominhoTV\" \/>\n<meta name=\"twitter:site\" content=\"@altominhoTV\" \/>\n<meta name=\"twitter:label1\" content=\"Escrito por\" \/>\n\t<meta name=\"twitter:data1\" content=\"Andreia Ferreira\" \/>\n\t<meta name=\"twitter:label2\" content=\"Tempo estimado de leitura\" \/>\n\t<meta name=\"twitter:data2\" content=\"3 minutos\" \/>\n<script type=\"application\/ld+json\" class=\"yoast-schema-graph\">{\"@context\":\"https:\\\/\\\/schema.org\",\"@graph\":[{\"@type\":\"Article\",\"@id\":\"https:\\\/\\\/www.altominho.tv\\\/site\\\/2021\\\/05\\\/31\\\/moncao-assinala-festas-do-corpo-de-deus-e-da-coca-com-programa-alternativo\\\/#article\",\"isPartOf\":{\"@id\":\"https:\\\/\\\/www.altominho.tv\\\/site\\\/2021\\\/05\\\/31\\\/moncao-assinala-festas-do-corpo-de-deus-e-da-coca-com-programa-alternativo\\\/\"},\"author\":{\"name\":\"Andreia Ferreira\",\"@id\":\"https:\\\/\\\/www.altominho.tv\\\/site\\\/#\\\/schema\\\/person\\\/d9be4265364723f14ea8e0d56a1d38cd\"},\"headline\":\"Mon\u00e7\u00e3o assinala Festas do Corpo de Deus e da Coca com programa alternativo\",\"datePublished\":\"2021-05-31T08:38:42+00:00\",\"dateModified\":\"2021-05-31T08:38:45+00:00\",\"mainEntityOfPage\":{\"@id\":\"https:\\\/\\\/www.altominho.tv\\\/site\\\/2021\\\/05\\\/31\\\/moncao-assinala-festas-do-corpo-de-deus-e-da-coca-com-programa-alternativo\\\/\"},\"wordCount\":641,\"image\":{\"@id\":\"https:\\\/\\\/www.altominho.tv\\\/site\\\/2021\\\/05\\\/31\\\/moncao-assinala-festas-do-corpo-de-deus-e-da-coca-com-programa-alternativo\\\/#primaryimage\"},\"thumbnailUrl\":\"https:\\\/\\\/www.altominho.tv\\\/site\\\/wp-content\\\/uploads\\\/2021\\\/05\\\/combate-Coca.jpg\",\"keywords\":[\"Cultura\",\"Lazer\"],\"articleSection\":[\"Mon\u00e7\u00e3o\"],\"inLanguage\":\"pt-PT\",\"copyrightYear\":\"2021\",\"copyrightHolder\":{\"@id\":\"https:\\\/\\\/www.altominho.tv\\\/site\\\/#organization\"}},{\"@type\":\"WebPage\",\"@id\":\"https:\\\/\\\/www.altominho.tv\\\/site\\\/2021\\\/05\\\/31\\\/moncao-assinala-festas-do-corpo-de-deus-e-da-coca-com-programa-alternativo\\\/\",\"url\":\"https:\\\/\\\/www.altominho.tv\\\/site\\\/2021\\\/05\\\/31\\\/moncao-assinala-festas-do-corpo-de-deus-e-da-coca-com-programa-alternativo\\\/\",\"name\":\"Mon\u00e7\u00e3o assinala Festas do Corpo de Deus e da Coca com programa alternativo\",\"isPartOf\":{\"@id\":\"https:\\\/\\\/www.altominho.tv\\\/site\\\/#website\"},\"primaryImageOfPage\":{\"@id\":\"https:\\\/\\\/www.altominho.tv\\\/site\\\/2021\\\/05\\\/31\\\/moncao-assinala-festas-do-corpo-de-deus-e-da-coca-com-programa-alternativo\\\/#primaryimage\"},\"image\":{\"@id\":\"https:\\\/\\\/www.altominho.tv\\\/site\\\/2021\\\/05\\\/31\\\/moncao-assinala-festas-do-corpo-de-deus-e-da-coca-com-programa-alternativo\\\/#primaryimage\"},\"thumbnailUrl\":\"https:\\\/\\\/www.altominho.tv\\\/site\\\/wp-content\\\/uploads\\\/2021\\\/05\\\/combate-Coca.jpg\",\"datePublished\":\"2021-05-31T08:38:42+00:00\",\"dateModified\":\"2021-05-31T08:38:45+00:00\",\"author\":{\"@id\":\"https:\\\/\\\/www.altominho.tv\\\/site\\\/#\\\/schema\\\/person\\\/d9be4265364723f14ea8e0d56a1d38cd\"},\"breadcrumb\":{\"@id\":\"https:\\\/\\\/www.altominho.tv\\\/site\\\/2021\\\/05\\\/31\\\/moncao-assinala-festas-do-corpo-de-deus-e-da-coca-com-programa-alternativo\\\/#breadcrumb\"},\"inLanguage\":\"pt-PT\",\"potentialAction\":[{\"@type\":\"ReadAction\",\"target\":[\"https:\\\/\\\/www.altominho.tv\\\/site\\\/2021\\\/05\\\/31\\\/moncao-assinala-festas-do-corpo-de-deus-e-da-coca-com-programa-alternativo\\\/\"]}]},{\"@type\":\"ImageObject\",\"inLanguage\":\"pt-PT\",\"@id\":\"https:\\\/\\\/www.altominho.tv\\\/site\\\/2021\\\/05\\\/31\\\/moncao-assinala-festas-do-corpo-de-deus-e-da-coca-com-programa-alternativo\\\/#primaryimage\",\"url\":\"https:\\\/\\\/www.altominho.tv\\\/site\\\/wp-content\\\/uploads\\\/2021\\\/05\\\/combate-Coca.jpg\",\"contentUrl\":\"https:\\\/\\\/www.altominho.tv\\\/site\\\/wp-content\\\/uploads\\\/2021\\\/05\\\/combate-Coca.jpg\",\"width\":1237,\"height\":825},{\"@type\":\"BreadcrumbList\",\"@id\":\"https:\\\/\\\/www.altominho.tv\\\/site\\\/2021\\\/05\\\/31\\\/moncao-assinala-festas-do-corpo-de-deus-e-da-coca-com-programa-alternativo\\\/#breadcrumb\",\"itemListElement\":[{\"@type\":\"ListItem\",\"position\":1,\"name\":\"In\u00edcio\",\"item\":\"https:\\\/\\\/www.altominho.tv\\\/site\\\/\"},{\"@type\":\"ListItem\",\"position\":2,\"name\":\"Mon\u00e7\u00e3o assinala Festas do Corpo de Deus e da Coca com programa alternativo\"}]},{\"@type\":\"WebSite\",\"@id\":\"https:\\\/\\\/www.altominho.tv\\\/site\\\/#website\",\"url\":\"https:\\\/\\\/www.altominho.tv\\\/site\\\/\",\"name\":\"Altominho.tv\",\"description\":\"A sua regi\u00e3o \u00e0 dist\u00e2ncia de um clique...\",\"potentialAction\":[{\"@type\":\"SearchAction\",\"target\":{\"@type\":\"EntryPoint\",\"urlTemplate\":\"https:\\\/\\\/www.altominho.tv\\\/site\\\/?s={search_term_string}\"},\"query-input\":{\"@type\":\"PropertyValueSpecification\",\"valueRequired\":true,\"valueName\":\"search_term_string\"}}],\"inLanguage\":\"pt-PT\"},{\"@type\":\"Person\",\"@id\":\"https:\\\/\\\/www.altominho.tv\\\/site\\\/#\\\/schema\\\/person\\\/d9be4265364723f14ea8e0d56a1d38cd\",\"name\":\"Andreia Ferreira\",\"image\":{\"@type\":\"ImageObject\",\"inLanguage\":\"pt-PT\",\"@id\":\"https:\\\/\\\/www.altominho.tv\\\/site\\\/wp-content\\\/uploads\\\/2021\\\/01\\\/AndreiaFerreira-150x150.jpg\",\"url\":\"https:\\\/\\\/www.altominho.tv\\\/site\\\/wp-content\\\/uploads\\\/2021\\\/01\\\/AndreiaFerreira-150x150.jpg\",\"contentUrl\":\"https:\\\/\\\/www.altominho.tv\\\/site\\\/wp-content\\\/uploads\\\/2021\\\/01\\\/AndreiaFerreira-150x150.jpg\",\"caption\":\"Andreia Ferreira\"},\"url\":\"https:\\\/\\\/www.altominho.tv\\\/site\\\/author\\\/andreiaferreira\\\/\"}]}<\/script>\n<!-- \/ Yoast SEO Premium plugin. -->","yoast_head_json":{"title":"Mon\u00e7\u00e3o assinala Festas do Corpo de Deus e da Coca com programa alternativo","robots":{"index":"index","follow":"follow","max-snippet":"max-snippet:-1","max-image-preview":"max-image-preview:large","max-video-preview":"max-video-preview:-1"},"canonical":"https:\/\/www.altominho.tv\/site\/2021\/05\/31\/moncao-assinala-festas-do-corpo-de-deus-e-da-coca-com-programa-alternativo\/","og_locale":"pt_PT","og_type":"article","og_title":"Mon\u00e7\u00e3o assinala Festas do Corpo de Deus e da Coca com programa alternativo","og_description":"Este ano, n\u00e3o haver\u00e1 prociss\u00e3o solene pelo centro hist\u00f3rico, o combate tradicional entre S. Jorge e a Coca e o cortejo etnogr\u00e1fico das freguesias. No entanto, Mon\u00e7\u00e3o vai assinalar, entre 3 e 6 de junho, mais uma edi\u00e7\u00e3o das\u00a0Festas do Corpo de Deus. Pelo segundo ano consecutivo, a pandemia cancelou os principais momentos das festas [&hellip;]","og_url":"https:\/\/www.altominho.tv\/site\/2021\/05\/31\/moncao-assinala-festas-do-corpo-de-deus-e-da-coca-com-programa-alternativo\/","og_site_name":"Altominho.tv","article_publisher":"https:\/\/www.facebook.com\/altominhotv","article_published_time":"2021-05-31T08:38:42+00:00","article_modified_time":"2021-05-31T08:38:45+00:00","og_image":[{"width":1237,"height":825,"url":"https:\/\/www.altominho.tv\/site\/wp-content\/uploads\/2021\/05\/combate-Coca.jpg","type":"image\/jpeg"}],"author":"Andreia Ferreira","twitter_card":"summary_large_image","twitter_creator":"@altominhoTV","twitter_site":"@altominhoTV","twitter_misc":{"Escrito por":"Andreia Ferreira","Tempo estimado de leitura":"3 minutos"},"schema":{"@context":"https:\/\/schema.org","@graph":[{"@type":"Article","@id":"https:\/\/www.altominho.tv\/site\/2021\/05\/31\/moncao-assinala-festas-do-corpo-de-deus-e-da-coca-com-programa-alternativo\/#article","isPartOf":{"@id":"https:\/\/www.altominho.tv\/site\/2021\/05\/31\/moncao-assinala-festas-do-corpo-de-deus-e-da-coca-com-programa-alternativo\/"},"author":{"name":"Andreia Ferreira","@id":"https:\/\/www.altominho.tv\/site\/#\/schema\/person\/d9be4265364723f14ea8e0d56a1d38cd"},"headline":"Mon\u00e7\u00e3o assinala Festas do Corpo de Deus e da Coca com programa alternativo","datePublished":"2021-05-31T08:38:42+00:00","dateModified":"2021-05-31T08:38:45+00:00","mainEntityOfPage":{"@id":"https:\/\/www.altominho.tv\/site\/2021\/05\/31\/moncao-assinala-festas-do-corpo-de-deus-e-da-coca-com-programa-alternativo\/"},"wordCount":641,"image":{"@id":"https:\/\/www.altominho.tv\/site\/2021\/05\/31\/moncao-assinala-festas-do-corpo-de-deus-e-da-coca-com-programa-alternativo\/#primaryimage"},"thumbnailUrl":"https:\/\/www.altominho.tv\/site\/wp-content\/uploads\/2021\/05\/combate-Coca.jpg","keywords":["Cultura","Lazer"],"articleSection":["Mon\u00e7\u00e3o"],"inLanguage":"pt-PT","copyrightYear":"2021","copyrightHolder":{"@id":"https:\/\/www.altominho.tv\/site\/#organization"}},{"@type":"WebPage","@id":"https:\/\/www.altominho.tv\/site\/2021\/05\/31\/moncao-assinala-festas-do-corpo-de-deus-e-da-coca-com-programa-alternativo\/","url":"https:\/\/www.altominho.tv\/site\/2021\/05\/31\/moncao-assinala-festas-do-corpo-de-deus-e-da-coca-com-programa-alternativo\/","name":"Mon\u00e7\u00e3o assinala Festas do Corpo de Deus e da Coca com programa alternativo","isPartOf":{"@id":"https:\/\/www.altominho.tv\/site\/#website"},"primaryImageOfPage":{"@id":"https:\/\/www.altominho.tv\/site\/2021\/05\/31\/moncao-assinala-festas-do-corpo-de-deus-e-da-coca-com-programa-alternativo\/#primaryimage"},"image":{"@id":"https:\/\/www.altominho.tv\/site\/2021\/05\/31\/moncao-assinala-festas-do-corpo-de-deus-e-da-coca-com-programa-alternativo\/#primaryimage"},"thumbnailUrl":"https:\/\/www.altominho.tv\/site\/wp-content\/uploads\/2021\/05\/combate-Coca.jpg","datePublished":"2021-05-31T08:38:42+00:00","dateModified":"2021-05-31T08:38:45+00:00","author":{"@id":"https:\/\/www.altominho.tv\/site\/#\/schema\/person\/d9be4265364723f14ea8e0d56a1d38cd"},"breadcrumb":{"@id":"https:\/\/www.altominho.tv\/site\/2021\/05\/31\/moncao-assinala-festas-do-corpo-de-deus-e-da-coca-com-programa-alternativo\/#breadcrumb"},"inLanguage":"pt-PT","potentialAction":[{"@type":"ReadAction","target":["https:\/\/www.altominho.tv\/site\/2021\/05\/31\/moncao-assinala-festas-do-corpo-de-deus-e-da-coca-com-programa-alternativo\/"]}]},{"@type":"ImageObject","inLanguage":"pt-PT","@id":"https:\/\/www.altominho.tv\/site\/2021\/05\/31\/moncao-assinala-festas-do-corpo-de-deus-e-da-coca-com-programa-alternativo\/#primaryimage","url":"https:\/\/www.altominho.tv\/site\/wp-content\/uploads\/2021\/05\/combate-Coca.jpg","contentUrl":"https:\/\/www.altominho.tv\/site\/wp-content\/uploads\/2021\/05\/combate-Coca.jpg","width":1237,"height":825},{"@type":"BreadcrumbList","@id":"https:\/\/www.altominho.tv\/site\/2021\/05\/31\/moncao-assinala-festas-do-corpo-de-deus-e-da-coca-com-programa-alternativo\/#breadcrumb","itemListElement":[{"@type":"ListItem","position":1,"name":"In\u00edcio","item":"https:\/\/www.altominho.tv\/site\/"},{"@type":"ListItem","position":2,"name":"Mon\u00e7\u00e3o assinala Festas do Corpo de Deus e da Coca com programa alternativo"}]},{"@type":"WebSite","@id":"https:\/\/www.altominho.tv\/site\/#website","url":"https:\/\/www.altominho.tv\/site\/","name":"Altominho.tv","description":"A sua regi\u00e3o \u00e0 dist\u00e2ncia de um clique...","potentialAction":[{"@type":"SearchAction","target":{"@type":"EntryPoint","urlTemplate":"https:\/\/www.altominho.tv\/site\/?s={search_term_string}"},"query-input":{"@type":"PropertyValueSpecification","valueRequired":true,"valueName":"search_term_string"}}],"inLanguage":"pt-PT"},{"@type":"Person","@id":"https:\/\/www.altominho.tv\/site\/#\/schema\/person\/d9be4265364723f14ea8e0d56a1d38cd","name":"Andreia Ferreira","image":{"@type":"ImageObject","inLanguage":"pt-PT","@id":"https:\/\/www.altominho.tv\/site\/wp-content\/uploads\/2021\/01\/AndreiaFerreira-150x150.jpg","url":"https:\/\/www.altominho.tv\/site\/wp-content\/uploads\/2021\/01\/AndreiaFerreira-150x150.jpg","contentUrl":"https:\/\/www.altominho.tv\/site\/wp-content\/uploads\/2021\/01\/AndreiaFerreira-150x150.jpg","caption":"Andreia Ferreira"},"url":"https:\/\/www.altominho.tv\/site\/author\/andreiaferreira\/"}]}},"_links":{"self":[{"href":"https:\/\/www.altominho.tv\/site\/wp-json\/wp\/v2\/posts\/67030","targetHints":{"allow":["GET"]}}],"collection":[{"href":"https:\/\/www.altominho.tv\/site\/wp-json\/wp\/v2\/posts"}],"about":[{"href":"https:\/\/www.altominho.tv\/site\/wp-json\/wp\/v2\/types\/post"}],"author":[{"embeddable":true,"href":"https:\/\/www.altominho.tv\/site\/wp-json\/wp\/v2\/users\/12"}],"replies":[{"embeddable":true,"href":"https:\/\/www.altominho.tv\/site\/wp-json\/wp\/v2\/comments?post=67030"}],"version-history":[{"count":0,"href":"https:\/\/www.altominho.tv\/site\/wp-json\/wp\/v2\/posts\/67030\/revisions"}],"wp:featuredmedia":[{"embeddable":true,"href":"https:\/\/www.altominho.tv\/site\/wp-json\/wp\/v2\/media\/67031"}],"wp:attachment":[{"href":"https:\/\/www.altominho.tv\/site\/wp-json\/wp\/v2\/media?parent=67030"}],"wp:term":[{"taxonomy":"category","embeddable":true,"href":"https:\/\/www.altominho.tv\/site\/wp-json\/wp\/v2\/categories?post=67030"},{"taxonomy":"post_tag","embeddable":true,"href":"https:\/\/www.altominho.tv\/site\/wp-json\/wp\/v2\/tags?post=67030"}],"curies":[{"name":"wp","href":"https:\/\/api.w.org\/{rel}","templated":true}]}}