{"id":67027,"date":"2021-05-30T23:38:38","date_gmt":"2021-05-30T22:38:38","guid":{"rendered":"https:\/\/www.altominho.tv\/site\/?p=67027"},"modified":"2021-05-30T23:38:42","modified_gmt":"2021-05-30T22:38:42","slug":"paredes-de-coura-distribuiu-vales-de-compras-solidarios-aos-profissionais-da-linha-da-frente-na-luta-contra-a-covid-19","status":"publish","type":"post","link":"https:\/\/www.altominho.tv\/site\/2021\/05\/30\/paredes-de-coura-distribuiu-vales-de-compras-solidarios-aos-profissionais-da-linha-da-frente-na-luta-contra-a-covid-19\/","title":{"rendered":"Paredes de Coura distribuiu \u2018Vales de compras solid\u00e1rios\u2019 aos profissionais da linha da frente na luta contra a Covid-19"},"content":{"rendered":"\n<p>A C\u00e2mara de Paredes de Coura procedeu \u00e0 entrega de \u2018Vales de compras solid\u00e1rios\u2019 de apoio aos profissionais da linha da frente na luta contra a Covid-19.<\/p>\n\n\n\n<p>A Autarquia entregou vales com o valor facial de 20 euros \u2013 dois vales por cada elemento das institui\u00e7\u00f5es \u2013 que podem ser gastos nos estabelecimentos comerciais com porta aberta no concelho.<\/p>\n\n\n\n<p>\u201cEsta \u00e9 uma pequena gratid\u00e3o ao vosso trabalho incans\u00e1vel\u201d, explicou o presidente da C\u00e2mara de Paredes de Coura, acrescentando que o Munic\u00edpio \u201cprocura ajudar dentro das suas possibilidades com este pequeno gesto de carinho\u201d.<\/p>\n\n\n\n<p>Vitor Paulo Pereira esclareceu que com este \u201csinal de gratid\u00e3o\u201d tamb\u00e9m procuram \u201cajudar o com\u00e9rcio local\u201d, acreditando que melhores dias vir\u00e3o depois de um longo per\u00edodo de contra\u00e7\u00e3o econ\u00f3mica e que tanto afetou a restaura\u00e7\u00e3o, alojamentos e turismo.<\/p>\n\n\n\n<p>\u201cA doen\u00e7a n\u00e3o \u00e9 uma obsess\u00e3o, mas exige de n\u00f3s aten\u00e7\u00e3o aos protocolos\u201d, explicou o presidente da C\u00e2mara, reconhecendo que muito dificilmente Paredes de Coura continuar\u00e1 com os zero casos de novos infetados como se tem registado nos \u00faltimos dias: \u201cprocuramos estar atentos e que a evolu\u00e7\u00e3o da pandemia n\u00e3o avance de forma descontrolada\u201d, prometeu Vitor Paulo Pereira, para quem a presente \u201csitua\u00e7\u00e3o normal e confort\u00e1vel\u201d que tem caracterizado o concelho continua a exigir de todos \u201cmuito cuidado. Se tiverem problemas, t\u00eam sempre a C\u00e2mara aberta. Estamos ao vosso lado neste longo caminho\u201d, concluiu.<\/p>\n\n\n\n<p>Ao todo foram distribu\u00eddos \u2018Vales de compras solid\u00e1rios\u2019 por cerca de 300 profissionais das institui\u00e7\u00f5es que estiveram na linha da frente no combate \u00e0 Covid-19, como a OUSAM -Organismo Utilit\u00e1rio e Social de Apoio M\u00fatuo, Associa\u00e7\u00e3o Humanit\u00e1ria dos Bombeiros Volunt\u00e1rios de Paredes de Coura, Centro de Sa\u00fade, Centro Intraparoquial \u2013 Mozelos, Padornelo e Parada, Centro Paroquial e Social de S\u00e3o Bento, Centro Paroquial de S\u00e3o Martinho de Coura, Santa Casa da Miseric\u00f3rdia de Paredes de Coura, Lar Nossa Senhora da Concei\u00e7\u00e3o, Centro Paroquial de S\u00e3o Jo\u00e3o Baptista de Bico e Unidade de Cuidados Continuados de Longa Dura\u00e7\u00e3o.<strong><\/strong><\/p>\n","protected":false},"excerpt":{"rendered":"<p>A C\u00e2mara de Paredes de Coura procedeu \u00e0 entrega de \u2018Vales de compras solid\u00e1rios\u2019 de apoio aos profissionais da linha da frente na luta contra a Covid-19. A Autarquia entregou vales com o valor facial de 20 euros \u2013 dois vales por cada elemento das institui\u00e7\u00f5es \u2013 que podem ser gastos nos estabelecimentos comerciais com [&hellip;]<\/p>\n","protected":false},"author":7,"featured_media":67028,"comment_status":"closed","ping_status":"closed","sticky":false,"template":"","format":"standard","meta":{"_exactmetrics_skip_tracking":false,"_exactmetrics_sitenote_active":false,"_exactmetrics_sitenote_note":"","_exactmetrics_sitenote_category":0,"footnotes":""},"categories":[10],"tags":[26,27],"class_list":["post-67027","post","type-post","status-publish","format-standard","has-post-thumbnail","hentry","category-paredes-de-coura","tag-saude","tag-sociedade"],"yoast_head":"<!-- This site is optimized with the Yoast SEO Premium plugin v27.4 (Yoast SEO v27.4) - https:\/\/yoast.com\/product\/yoast-seo-premium-wordpress\/ -->\n<title>Paredes de Coura distribuiu \u2018Vales de compras solid\u00e1rios\u2019 aos profissionais da linha da frente na luta contra a Covid-19<\/title>\n<meta name=\"robots\" content=\"index, follow, max-snippet:-1, max-image-preview:large, max-video-preview:-1\" \/>\n<link rel=\"canonical\" href=\"https:\/\/www.altominho.tv\/site\/2021\/05\/30\/paredes-de-coura-distribuiu-vales-de-compras-solidarios-aos-profissionais-da-linha-da-frente-na-luta-contra-a-covid-19\/\" \/>\n<meta property=\"og:locale\" content=\"pt_PT\" \/>\n<meta property=\"og:type\" content=\"article\" \/>\n<meta property=\"og:title\" content=\"Paredes de Coura distribuiu \u2018Vales de compras solid\u00e1rios\u2019 aos profissionais da linha da frente na luta contra a Covid-19\" \/>\n<meta property=\"og:description\" content=\"A C\u00e2mara de Paredes de Coura procedeu \u00e0 entrega de \u2018Vales de compras solid\u00e1rios\u2019 de apoio aos profissionais da linha da frente na luta contra a Covid-19. A Autarquia entregou vales com o valor facial de 20 euros \u2013 dois vales por cada elemento das institui\u00e7\u00f5es \u2013 que podem ser gastos nos estabelecimentos comerciais com [&hellip;]\" \/>\n<meta property=\"og:url\" content=\"https:\/\/www.altominho.tv\/site\/2021\/05\/30\/paredes-de-coura-distribuiu-vales-de-compras-solidarios-aos-profissionais-da-linha-da-frente-na-luta-contra-a-covid-19\/\" \/>\n<meta property=\"og:site_name\" content=\"Altominho.tv\" \/>\n<meta property=\"article:publisher\" content=\"https:\/\/www.facebook.com\/altominhotv\" \/>\n<meta property=\"article:published_time\" content=\"2021-05-30T22:38:38+00:00\" \/>\n<meta property=\"article:modified_time\" content=\"2021-05-30T22:38:42+00:00\" \/>\n<meta property=\"og:image\" content=\"https:\/\/www.altominho.tv\/site\/wp-content\/uploads\/2021\/05\/foto-Vales-solidarios.jpg\" \/>\n\t<meta property=\"og:image:width\" content=\"876\" \/>\n\t<meta property=\"og:image:height\" content=\"657\" \/>\n\t<meta property=\"og:image:type\" content=\"image\/jpeg\" \/>\n<meta name=\"author\" content=\"Andreia Cunha\" \/>\n<meta name=\"twitter:card\" content=\"summary_large_image\" \/>\n<meta name=\"twitter:creator\" content=\"@altominhoTV\" \/>\n<meta name=\"twitter:site\" content=\"@altominhoTV\" \/>\n<meta name=\"twitter:label1\" content=\"Escrito por\" \/>\n\t<meta name=\"twitter:data1\" content=\"Andreia Cunha\" \/>\n\t<meta name=\"twitter:label2\" content=\"Tempo estimado de leitura\" \/>\n\t<meta name=\"twitter:data2\" content=\"2 minutos\" \/>\n<script type=\"application\/ld+json\" class=\"yoast-schema-graph\">{\"@context\":\"https:\\\/\\\/schema.org\",\"@graph\":[{\"@type\":\"Article\",\"@id\":\"https:\\\/\\\/www.altominho.tv\\\/site\\\/2021\\\/05\\\/30\\\/paredes-de-coura-distribuiu-vales-de-compras-solidarios-aos-profissionais-da-linha-da-frente-na-luta-contra-a-covid-19\\\/#article\",\"isPartOf\":{\"@id\":\"https:\\\/\\\/www.altominho.tv\\\/site\\\/2021\\\/05\\\/30\\\/paredes-de-coura-distribuiu-vales-de-compras-solidarios-aos-profissionais-da-linha-da-frente-na-luta-contra-a-covid-19\\\/\"},\"author\":{\"name\":\"Andreia Cunha\",\"@id\":\"https:\\\/\\\/www.altominho.tv\\\/site\\\/#\\\/schema\\\/person\\\/a0e4ef6d041f98ca284393d8f1d97153\"},\"headline\":\"Paredes de Coura distribuiu \u2018Vales de compras solid\u00e1rios\u2019 aos profissionais da linha da frente na luta contra a Covid-19\",\"datePublished\":\"2021-05-30T22:38:38+00:00\",\"dateModified\":\"2021-05-30T22:38:42+00:00\",\"mainEntityOfPage\":{\"@id\":\"https:\\\/\\\/www.altominho.tv\\\/site\\\/2021\\\/05\\\/30\\\/paredes-de-coura-distribuiu-vales-de-compras-solidarios-aos-profissionais-da-linha-da-frente-na-luta-contra-a-covid-19\\\/\"},\"wordCount\":376,\"image\":{\"@id\":\"https:\\\/\\\/www.altominho.tv\\\/site\\\/2021\\\/05\\\/30\\\/paredes-de-coura-distribuiu-vales-de-compras-solidarios-aos-profissionais-da-linha-da-frente-na-luta-contra-a-covid-19\\\/#primaryimage\"},\"thumbnailUrl\":\"https:\\\/\\\/www.altominho.tv\\\/site\\\/wp-content\\\/uploads\\\/2021\\\/05\\\/foto-Vales-solidarios.jpg\",\"keywords\":[\"Sa\u00fade\",\"Sociedade\"],\"articleSection\":[\"Paredes de Coura\"],\"inLanguage\":\"pt-PT\",\"copyrightYear\":\"2021\",\"copyrightHolder\":{\"@id\":\"https:\\\/\\\/www.altominho.tv\\\/site\\\/#organization\"}},{\"@type\":\"WebPage\",\"@id\":\"https:\\\/\\\/www.altominho.tv\\\/site\\\/2021\\\/05\\\/30\\\/paredes-de-coura-distribuiu-vales-de-compras-solidarios-aos-profissionais-da-linha-da-frente-na-luta-contra-a-covid-19\\\/\",\"url\":\"https:\\\/\\\/www.altominho.tv\\\/site\\\/2021\\\/05\\\/30\\\/paredes-de-coura-distribuiu-vales-de-compras-solidarios-aos-profissionais-da-linha-da-frente-na-luta-contra-a-covid-19\\\/\",\"name\":\"Paredes de Coura distribuiu \u2018Vales de compras solid\u00e1rios\u2019 aos profissionais da linha da frente na luta contra a Covid-19\",\"isPartOf\":{\"@id\":\"https:\\\/\\\/www.altominho.tv\\\/site\\\/#website\"},\"primaryImageOfPage\":{\"@id\":\"https:\\\/\\\/www.altominho.tv\\\/site\\\/2021\\\/05\\\/30\\\/paredes-de-coura-distribuiu-vales-de-compras-solidarios-aos-profissionais-da-linha-da-frente-na-luta-contra-a-covid-19\\\/#primaryimage\"},\"image\":{\"@id\":\"https:\\\/\\\/www.altominho.tv\\\/site\\\/2021\\\/05\\\/30\\\/paredes-de-coura-distribuiu-vales-de-compras-solidarios-aos-profissionais-da-linha-da-frente-na-luta-contra-a-covid-19\\\/#primaryimage\"},\"thumbnailUrl\":\"https:\\\/\\\/www.altominho.tv\\\/site\\\/wp-content\\\/uploads\\\/2021\\\/05\\\/foto-Vales-solidarios.jpg\",\"datePublished\":\"2021-05-30T22:38:38+00:00\",\"dateModified\":\"2021-05-30T22:38:42+00:00\",\"author\":{\"@id\":\"https:\\\/\\\/www.altominho.tv\\\/site\\\/#\\\/schema\\\/person\\\/a0e4ef6d041f98ca284393d8f1d97153\"},\"breadcrumb\":{\"@id\":\"https:\\\/\\\/www.altominho.tv\\\/site\\\/2021\\\/05\\\/30\\\/paredes-de-coura-distribuiu-vales-de-compras-solidarios-aos-profissionais-da-linha-da-frente-na-luta-contra-a-covid-19\\\/#breadcrumb\"},\"inLanguage\":\"pt-PT\",\"potentialAction\":[{\"@type\":\"ReadAction\",\"target\":[\"https:\\\/\\\/www.altominho.tv\\\/site\\\/2021\\\/05\\\/30\\\/paredes-de-coura-distribuiu-vales-de-compras-solidarios-aos-profissionais-da-linha-da-frente-na-luta-contra-a-covid-19\\\/\"]}]},{\"@type\":\"ImageObject\",\"inLanguage\":\"pt-PT\",\"@id\":\"https:\\\/\\\/www.altominho.tv\\\/site\\\/2021\\\/05\\\/30\\\/paredes-de-coura-distribuiu-vales-de-compras-solidarios-aos-profissionais-da-linha-da-frente-na-luta-contra-a-covid-19\\\/#primaryimage\",\"url\":\"https:\\\/\\\/www.altominho.tv\\\/site\\\/wp-content\\\/uploads\\\/2021\\\/05\\\/foto-Vales-solidarios.jpg\",\"contentUrl\":\"https:\\\/\\\/www.altominho.tv\\\/site\\\/wp-content\\\/uploads\\\/2021\\\/05\\\/foto-Vales-solidarios.jpg\",\"width\":876,\"height\":657},{\"@type\":\"BreadcrumbList\",\"@id\":\"https:\\\/\\\/www.altominho.tv\\\/site\\\/2021\\\/05\\\/30\\\/paredes-de-coura-distribuiu-vales-de-compras-solidarios-aos-profissionais-da-linha-da-frente-na-luta-contra-a-covid-19\\\/#breadcrumb\",\"itemListElement\":[{\"@type\":\"ListItem\",\"position\":1,\"name\":\"In\u00edcio\",\"item\":\"https:\\\/\\\/www.altominho.tv\\\/site\\\/\"},{\"@type\":\"ListItem\",\"position\":2,\"name\":\"Paredes de Coura distribuiu \u2018Vales de compras solid\u00e1rios\u2019 aos profissionais da linha da frente na luta contra a Covid-19\"}]},{\"@type\":\"WebSite\",\"@id\":\"https:\\\/\\\/www.altominho.tv\\\/site\\\/#website\",\"url\":\"https:\\\/\\\/www.altominho.tv\\\/site\\\/\",\"name\":\"Altominho.tv\",\"description\":\"A sua regi\u00e3o \u00e0 dist\u00e2ncia de um clique...\",\"potentialAction\":[{\"@type\":\"SearchAction\",\"target\":{\"@type\":\"EntryPoint\",\"urlTemplate\":\"https:\\\/\\\/www.altominho.tv\\\/site\\\/?s={search_term_string}\"},\"query-input\":{\"@type\":\"PropertyValueSpecification\",\"valueRequired\":true,\"valueName\":\"search_term_string\"}}],\"inLanguage\":\"pt-PT\"},{\"@type\":\"Person\",\"@id\":\"https:\\\/\\\/www.altominho.tv\\\/site\\\/#\\\/schema\\\/person\\\/a0e4ef6d041f98ca284393d8f1d97153\",\"name\":\"Andreia Cunha\",\"image\":{\"@type\":\"ImageObject\",\"inLanguage\":\"pt-PT\",\"@id\":\"https:\\\/\\\/www.altominho.tv\\\/site\\\/wp-content\\\/uploads\\\/2017\\\/11\\\/Andreia_Cunha-1-150x150.jpg\",\"url\":\"https:\\\/\\\/www.altominho.tv\\\/site\\\/wp-content\\\/uploads\\\/2017\\\/11\\\/Andreia_Cunha-1-150x150.jpg\",\"contentUrl\":\"https:\\\/\\\/www.altominho.tv\\\/site\\\/wp-content\\\/uploads\\\/2017\\\/11\\\/Andreia_Cunha-1-150x150.jpg\",\"caption\":\"Andreia Cunha\"},\"url\":\"https:\\\/\\\/www.altominho.tv\\\/site\\\/author\\\/andreiacunha\\\/\"}]}<\/script>\n<!-- \/ Yoast SEO Premium plugin. -->","yoast_head_json":{"title":"Paredes de Coura distribuiu \u2018Vales de compras solid\u00e1rios\u2019 aos profissionais da linha da frente na luta contra a Covid-19","robots":{"index":"index","follow":"follow","max-snippet":"max-snippet:-1","max-image-preview":"max-image-preview:large","max-video-preview":"max-video-preview:-1"},"canonical":"https:\/\/www.altominho.tv\/site\/2021\/05\/30\/paredes-de-coura-distribuiu-vales-de-compras-solidarios-aos-profissionais-da-linha-da-frente-na-luta-contra-a-covid-19\/","og_locale":"pt_PT","og_type":"article","og_title":"Paredes de Coura distribuiu \u2018Vales de compras solid\u00e1rios\u2019 aos profissionais da linha da frente na luta contra a Covid-19","og_description":"A C\u00e2mara de Paredes de Coura procedeu \u00e0 entrega de \u2018Vales de compras solid\u00e1rios\u2019 de apoio aos profissionais da linha da frente na luta contra a Covid-19. A Autarquia entregou vales com o valor facial de 20 euros \u2013 dois vales por cada elemento das institui\u00e7\u00f5es \u2013 que podem ser gastos nos estabelecimentos comerciais com [&hellip;]","og_url":"https:\/\/www.altominho.tv\/site\/2021\/05\/30\/paredes-de-coura-distribuiu-vales-de-compras-solidarios-aos-profissionais-da-linha-da-frente-na-luta-contra-a-covid-19\/","og_site_name":"Altominho.tv","article_publisher":"https:\/\/www.facebook.com\/altominhotv","article_published_time":"2021-05-30T22:38:38+00:00","article_modified_time":"2021-05-30T22:38:42+00:00","og_image":[{"width":876,"height":657,"url":"https:\/\/www.altominho.tv\/site\/wp-content\/uploads\/2021\/05\/foto-Vales-solidarios.jpg","type":"image\/jpeg"}],"author":"Andreia Cunha","twitter_card":"summary_large_image","twitter_creator":"@altominhoTV","twitter_site":"@altominhoTV","twitter_misc":{"Escrito por":"Andreia Cunha","Tempo estimado de leitura":"2 minutos"},"schema":{"@context":"https:\/\/schema.org","@graph":[{"@type":"Article","@id":"https:\/\/www.altominho.tv\/site\/2021\/05\/30\/paredes-de-coura-distribuiu-vales-de-compras-solidarios-aos-profissionais-da-linha-da-frente-na-luta-contra-a-covid-19\/#article","isPartOf":{"@id":"https:\/\/www.altominho.tv\/site\/2021\/05\/30\/paredes-de-coura-distribuiu-vales-de-compras-solidarios-aos-profissionais-da-linha-da-frente-na-luta-contra-a-covid-19\/"},"author":{"name":"Andreia Cunha","@id":"https:\/\/www.altominho.tv\/site\/#\/schema\/person\/a0e4ef6d041f98ca284393d8f1d97153"},"headline":"Paredes de Coura distribuiu \u2018Vales de compras solid\u00e1rios\u2019 aos profissionais da linha da frente na luta contra a Covid-19","datePublished":"2021-05-30T22:38:38+00:00","dateModified":"2021-05-30T22:38:42+00:00","mainEntityOfPage":{"@id":"https:\/\/www.altominho.tv\/site\/2021\/05\/30\/paredes-de-coura-distribuiu-vales-de-compras-solidarios-aos-profissionais-da-linha-da-frente-na-luta-contra-a-covid-19\/"},"wordCount":376,"image":{"@id":"https:\/\/www.altominho.tv\/site\/2021\/05\/30\/paredes-de-coura-distribuiu-vales-de-compras-solidarios-aos-profissionais-da-linha-da-frente-na-luta-contra-a-covid-19\/#primaryimage"},"thumbnailUrl":"https:\/\/www.altominho.tv\/site\/wp-content\/uploads\/2021\/05\/foto-Vales-solidarios.jpg","keywords":["Sa\u00fade","Sociedade"],"articleSection":["Paredes de Coura"],"inLanguage":"pt-PT","copyrightYear":"2021","copyrightHolder":{"@id":"https:\/\/www.altominho.tv\/site\/#organization"}},{"@type":"WebPage","@id":"https:\/\/www.altominho.tv\/site\/2021\/05\/30\/paredes-de-coura-distribuiu-vales-de-compras-solidarios-aos-profissionais-da-linha-da-frente-na-luta-contra-a-covid-19\/","url":"https:\/\/www.altominho.tv\/site\/2021\/05\/30\/paredes-de-coura-distribuiu-vales-de-compras-solidarios-aos-profissionais-da-linha-da-frente-na-luta-contra-a-covid-19\/","name":"Paredes de Coura distribuiu \u2018Vales de compras solid\u00e1rios\u2019 aos profissionais da linha da frente na luta contra a Covid-19","isPartOf":{"@id":"https:\/\/www.altominho.tv\/site\/#website"},"primaryImageOfPage":{"@id":"https:\/\/www.altominho.tv\/site\/2021\/05\/30\/paredes-de-coura-distribuiu-vales-de-compras-solidarios-aos-profissionais-da-linha-da-frente-na-luta-contra-a-covid-19\/#primaryimage"},"image":{"@id":"https:\/\/www.altominho.tv\/site\/2021\/05\/30\/paredes-de-coura-distribuiu-vales-de-compras-solidarios-aos-profissionais-da-linha-da-frente-na-luta-contra-a-covid-19\/#primaryimage"},"thumbnailUrl":"https:\/\/www.altominho.tv\/site\/wp-content\/uploads\/2021\/05\/foto-Vales-solidarios.jpg","datePublished":"2021-05-30T22:38:38+00:00","dateModified":"2021-05-30T22:38:42+00:00","author":{"@id":"https:\/\/www.altominho.tv\/site\/#\/schema\/person\/a0e4ef6d041f98ca284393d8f1d97153"},"breadcrumb":{"@id":"https:\/\/www.altominho.tv\/site\/2021\/05\/30\/paredes-de-coura-distribuiu-vales-de-compras-solidarios-aos-profissionais-da-linha-da-frente-na-luta-contra-a-covid-19\/#breadcrumb"},"inLanguage":"pt-PT","potentialAction":[{"@type":"ReadAction","target":["https:\/\/www.altominho.tv\/site\/2021\/05\/30\/paredes-de-coura-distribuiu-vales-de-compras-solidarios-aos-profissionais-da-linha-da-frente-na-luta-contra-a-covid-19\/"]}]},{"@type":"ImageObject","inLanguage":"pt-PT","@id":"https:\/\/www.altominho.tv\/site\/2021\/05\/30\/paredes-de-coura-distribuiu-vales-de-compras-solidarios-aos-profissionais-da-linha-da-frente-na-luta-contra-a-covid-19\/#primaryimage","url":"https:\/\/www.altominho.tv\/site\/wp-content\/uploads\/2021\/05\/foto-Vales-solidarios.jpg","contentUrl":"https:\/\/www.altominho.tv\/site\/wp-content\/uploads\/2021\/05\/foto-Vales-solidarios.jpg","width":876,"height":657},{"@type":"BreadcrumbList","@id":"https:\/\/www.altominho.tv\/site\/2021\/05\/30\/paredes-de-coura-distribuiu-vales-de-compras-solidarios-aos-profissionais-da-linha-da-frente-na-luta-contra-a-covid-19\/#breadcrumb","itemListElement":[{"@type":"ListItem","position":1,"name":"In\u00edcio","item":"https:\/\/www.altominho.tv\/site\/"},{"@type":"ListItem","position":2,"name":"Paredes de Coura distribuiu \u2018Vales de compras solid\u00e1rios\u2019 aos profissionais da linha da frente na luta contra a Covid-19"}]},{"@type":"WebSite","@id":"https:\/\/www.altominho.tv\/site\/#website","url":"https:\/\/www.altominho.tv\/site\/","name":"Altominho.tv","description":"A sua regi\u00e3o \u00e0 dist\u00e2ncia de um clique...","potentialAction":[{"@type":"SearchAction","target":{"@type":"EntryPoint","urlTemplate":"https:\/\/www.altominho.tv\/site\/?s={search_term_string}"},"query-input":{"@type":"PropertyValueSpecification","valueRequired":true,"valueName":"search_term_string"}}],"inLanguage":"pt-PT"},{"@type":"Person","@id":"https:\/\/www.altominho.tv\/site\/#\/schema\/person\/a0e4ef6d041f98ca284393d8f1d97153","name":"Andreia Cunha","image":{"@type":"ImageObject","inLanguage":"pt-PT","@id":"https:\/\/www.altominho.tv\/site\/wp-content\/uploads\/2017\/11\/Andreia_Cunha-1-150x150.jpg","url":"https:\/\/www.altominho.tv\/site\/wp-content\/uploads\/2017\/11\/Andreia_Cunha-1-150x150.jpg","contentUrl":"https:\/\/www.altominho.tv\/site\/wp-content\/uploads\/2017\/11\/Andreia_Cunha-1-150x150.jpg","caption":"Andreia Cunha"},"url":"https:\/\/www.altominho.tv\/site\/author\/andreiacunha\/"}]}},"_links":{"self":[{"href":"https:\/\/www.altominho.tv\/site\/wp-json\/wp\/v2\/posts\/67027","targetHints":{"allow":["GET"]}}],"collection":[{"href":"https:\/\/www.altominho.tv\/site\/wp-json\/wp\/v2\/posts"}],"about":[{"href":"https:\/\/www.altominho.tv\/site\/wp-json\/wp\/v2\/types\/post"}],"author":[{"embeddable":true,"href":"https:\/\/www.altominho.tv\/site\/wp-json\/wp\/v2\/users\/7"}],"replies":[{"embeddable":true,"href":"https:\/\/www.altominho.tv\/site\/wp-json\/wp\/v2\/comments?post=67027"}],"version-history":[{"count":0,"href":"https:\/\/www.altominho.tv\/site\/wp-json\/wp\/v2\/posts\/67027\/revisions"}],"wp:featuredmedia":[{"embeddable":true,"href":"https:\/\/www.altominho.tv\/site\/wp-json\/wp\/v2\/media\/67028"}],"wp:attachment":[{"href":"https:\/\/www.altominho.tv\/site\/wp-json\/wp\/v2\/media?parent=67027"}],"wp:term":[{"taxonomy":"category","embeddable":true,"href":"https:\/\/www.altominho.tv\/site\/wp-json\/wp\/v2\/categories?post=67027"},{"taxonomy":"post_tag","embeddable":true,"href":"https:\/\/www.altominho.tv\/site\/wp-json\/wp\/v2\/tags?post=67027"}],"curies":[{"name":"wp","href":"https:\/\/api.w.org\/{rel}","templated":true}]}}