{"id":66937,"date":"2021-05-27T11:48:01","date_gmt":"2021-05-27T10:48:01","guid":{"rendered":"https:\/\/www.altominho.tv\/site\/?p=66937"},"modified":"2021-05-27T11:48:04","modified_gmt":"2021-05-27T10:48:04","slug":"bombeiros-de-melgaco-recebem-kits-para-operacoes-de-resgate-e-salvamento","status":"publish","type":"post","link":"https:\/\/www.altominho.tv\/site\/2021\/05\/27\/bombeiros-de-melgaco-recebem-kits-para-operacoes-de-resgate-e-salvamento\/","title":{"rendered":"Bombeiros de Melga\u00e7o recebem kits para opera\u00e7\u00f5es de resgate e salvamento"},"content":{"rendered":"<div class=\"kvgmc6g5 cxmmr5t8 oygrvhab hcukyx3x c1et5uql ii04i59q\">\n<p>Os Bombeiros Volunt\u00e1rios de Melga\u00e7o receberam novos equipamentos para opera\u00e7\u00f5es de resgate e salvamento, ao abrigo do projeto A.R.I.E.M. + Assist\u00eancia Rec\u00edproca Inter-regional em Emerg\u00eancias e Riscos Transfronteiri\u00e7os.<\/p>\n<p>A a\u00e7\u00e3o resulta de uma candidatura da Comunidade Intermunicipal do Alto Minho que, em articula\u00e7\u00e3o com os 10 munic\u00edpios do Alto Minho e com a Federa\u00e7\u00e3o de Bombeiros do Distrito de Viana do Castelo, est\u00e1 a implementar o projeto e a entregar kits para opera\u00e7\u00f5es de resgate e salvamento e para interven\u00e7\u00e3o em derrames de mat\u00e9rias perigosas \u00e0s 12 corpora\u00e7\u00f5es de bombeiros do Alto Minho.<\/p>\n<p><img loading=\"lazy\" decoding=\"async\" class=\"alignnone size-large wp-image-66941\" src=\"https:\/\/www.altominho.tv\/site\/wp-content\/uploads\/2021\/05\/191026314_4315548861844415_7603280288299893735_n-1024x683.jpg\" alt=\"\" width=\"770\" height=\"514\" srcset=\"https:\/\/www.altominho.tv\/site\/wp-content\/uploads\/2021\/05\/191026314_4315548861844415_7603280288299893735_n-1024x683.jpg 1024w, https:\/\/www.altominho.tv\/site\/wp-content\/uploads\/2021\/05\/191026314_4315548861844415_7603280288299893735_n-650x433.jpg 650w, https:\/\/www.altominho.tv\/site\/wp-content\/uploads\/2021\/05\/191026314_4315548861844415_7603280288299893735_n-768x512.jpg 768w, https:\/\/www.altominho.tv\/site\/wp-content\/uploads\/2021\/05\/191026314_4315548861844415_7603280288299893735_n-1536x1024.jpg 1536w, https:\/\/www.altominho.tv\/site\/wp-content\/uploads\/2021\/05\/191026314_4315548861844415_7603280288299893735_n-370x247.jpg 370w, https:\/\/www.altominho.tv\/site\/wp-content\/uploads\/2021\/05\/191026314_4315548861844415_7603280288299893735_n-270x180.jpg 270w, https:\/\/www.altominho.tv\/site\/wp-content\/uploads\/2021\/05\/191026314_4315548861844415_7603280288299893735_n-570x380.jpg 570w, https:\/\/www.altominho.tv\/site\/wp-content\/uploads\/2021\/05\/191026314_4315548861844415_7603280288299893735_n-740x493.jpg 740w, https:\/\/www.altominho.tv\/site\/wp-content\/uploads\/2021\/05\/191026314_4315548861844415_7603280288299893735_n.jpg 2048w\" sizes=\"auto, (max-width: 770px) 100vw, 770px\" \/><\/p>\n<p>Com um investimento de 165 mil euros, a iniciativa pretende\u00a0&#8220;refor\u00e7ar a capacidade operacional das corpora\u00e7\u00f5es de bombeiros da regi\u00e3o&#8221;.<\/p>\n<div><\/div>\n<\/div>\n","protected":false},"excerpt":{"rendered":"<p>Os Bombeiros Volunt\u00e1rios de Melga\u00e7o receberam novos equipamentos para opera\u00e7\u00f5es de resgate e salvamento, ao abrigo do projeto A.R.I.E.M. + Assist\u00eancia Rec\u00edproca Inter-regional em Emerg\u00eancias e Riscos Transfronteiri\u00e7os. A a\u00e7\u00e3o resulta de uma candidatura da Comunidade Intermunicipal do Alto Minho que, em articula\u00e7\u00e3o com os 10 munic\u00edpios do Alto Minho e com a Federa\u00e7\u00e3o de [&hellip;]<\/p>\n","protected":false},"author":12,"featured_media":66938,"comment_status":"closed","ping_status":"closed","sticky":false,"template":"","format":"standard","meta":{"_exactmetrics_skip_tracking":false,"_exactmetrics_sitenote_active":false,"_exactmetrics_sitenote_note":"","_exactmetrics_sitenote_category":0,"footnotes":""},"categories":[8],"tags":[27],"class_list":["post-66937","post","type-post","status-publish","format-standard","has-post-thumbnail","hentry","category-melgaco","tag-sociedade"],"yoast_head":"<!-- This site is optimized with the Yoast SEO Premium plugin v27.5 (Yoast SEO v27.5) - https:\/\/yoast.com\/product\/yoast-seo-premium-wordpress\/ -->\n<title>Bombeiros de Melga\u00e7o recebem kits para opera\u00e7\u00f5es de resgate e salvamento<\/title>\n<meta name=\"robots\" content=\"index, follow, max-snippet:-1, max-image-preview:large, max-video-preview:-1\" \/>\n<link rel=\"canonical\" href=\"https:\/\/www.altominho.tv\/site\/2021\/05\/27\/bombeiros-de-melgaco-recebem-kits-para-operacoes-de-resgate-e-salvamento\/\" \/>\n<meta property=\"og:locale\" content=\"pt_PT\" \/>\n<meta property=\"og:type\" content=\"article\" \/>\n<meta property=\"og:title\" content=\"Bombeiros de Melga\u00e7o recebem kits para opera\u00e7\u00f5es de resgate e salvamento\" \/>\n<meta property=\"og:description\" content=\"Os Bombeiros Volunt\u00e1rios de Melga\u00e7o receberam novos equipamentos para opera\u00e7\u00f5es de resgate e salvamento, ao abrigo do projeto A.R.I.E.M. + Assist\u00eancia Rec\u00edproca Inter-regional em Emerg\u00eancias e Riscos Transfronteiri\u00e7os. A a\u00e7\u00e3o resulta de uma candidatura da Comunidade Intermunicipal do Alto Minho que, em articula\u00e7\u00e3o com os 10 munic\u00edpios do Alto Minho e com a Federa\u00e7\u00e3o de [&hellip;]\" \/>\n<meta property=\"og:url\" content=\"https:\/\/www.altominho.tv\/site\/2021\/05\/27\/bombeiros-de-melgaco-recebem-kits-para-operacoes-de-resgate-e-salvamento\/\" \/>\n<meta property=\"og:site_name\" content=\"Altominho.tv\" \/>\n<meta property=\"article:publisher\" content=\"https:\/\/www.facebook.com\/altominhotv\" \/>\n<meta property=\"article:published_time\" content=\"2021-05-27T10:48:01+00:00\" \/>\n<meta property=\"article:modified_time\" content=\"2021-05-27T10:48:04+00:00\" \/>\n<meta property=\"og:image\" content=\"https:\/\/www.altominho.tv\/site\/wp-content\/uploads\/2021\/05\/Bombeiros-Melgaco.jpg\" \/>\n\t<meta property=\"og:image:width\" content=\"2022\" \/>\n\t<meta property=\"og:image:height\" content=\"1137\" \/>\n\t<meta property=\"og:image:type\" content=\"image\/jpeg\" \/>\n<meta name=\"author\" content=\"Andreia Ferreira\" \/>\n<meta name=\"twitter:card\" content=\"summary_large_image\" \/>\n<meta name=\"twitter:creator\" content=\"@altominhoTV\" \/>\n<meta name=\"twitter:site\" content=\"@altominhoTV\" \/>\n<meta name=\"twitter:label1\" content=\"Escrito por\" \/>\n\t<meta name=\"twitter:data1\" content=\"Andreia Ferreira\" \/>\n\t<meta name=\"twitter:label2\" content=\"Tempo estimado de leitura\" \/>\n\t<meta name=\"twitter:data2\" content=\"1 minuto\" \/>\n<script type=\"application\/ld+json\" class=\"yoast-schema-graph\">{\"@context\":\"https:\\\/\\\/schema.org\",\"@graph\":[{\"@type\":\"Article\",\"@id\":\"https:\\\/\\\/www.altominho.tv\\\/site\\\/2021\\\/05\\\/27\\\/bombeiros-de-melgaco-recebem-kits-para-operacoes-de-resgate-e-salvamento\\\/#article\",\"isPartOf\":{\"@id\":\"https:\\\/\\\/www.altominho.tv\\\/site\\\/2021\\\/05\\\/27\\\/bombeiros-de-melgaco-recebem-kits-para-operacoes-de-resgate-e-salvamento\\\/\"},\"author\":{\"name\":\"Andreia Ferreira\",\"@id\":\"https:\\\/\\\/www.altominho.tv\\\/site\\\/#\\\/schema\\\/person\\\/d9be4265364723f14ea8e0d56a1d38cd\"},\"headline\":\"Bombeiros de Melga\u00e7o recebem kits para opera\u00e7\u00f5es de resgate e salvamento\",\"datePublished\":\"2021-05-27T10:48:01+00:00\",\"dateModified\":\"2021-05-27T10:48:04+00:00\",\"mainEntityOfPage\":{\"@id\":\"https:\\\/\\\/www.altominho.tv\\\/site\\\/2021\\\/05\\\/27\\\/bombeiros-de-melgaco-recebem-kits-para-operacoes-de-resgate-e-salvamento\\\/\"},\"wordCount\":144,\"image\":{\"@id\":\"https:\\\/\\\/www.altominho.tv\\\/site\\\/2021\\\/05\\\/27\\\/bombeiros-de-melgaco-recebem-kits-para-operacoes-de-resgate-e-salvamento\\\/#primaryimage\"},\"thumbnailUrl\":\"https:\\\/\\\/www.altominho.tv\\\/site\\\/wp-content\\\/uploads\\\/2021\\\/05\\\/Bombeiros-Melgaco.jpg\",\"keywords\":[\"Sociedade\"],\"articleSection\":[\"Melga\u00e7o\"],\"inLanguage\":\"pt-PT\",\"copyrightYear\":\"2021\",\"copyrightHolder\":{\"@id\":\"https:\\\/\\\/www.altominho.tv\\\/site\\\/#organization\"}},{\"@type\":\"WebPage\",\"@id\":\"https:\\\/\\\/www.altominho.tv\\\/site\\\/2021\\\/05\\\/27\\\/bombeiros-de-melgaco-recebem-kits-para-operacoes-de-resgate-e-salvamento\\\/\",\"url\":\"https:\\\/\\\/www.altominho.tv\\\/site\\\/2021\\\/05\\\/27\\\/bombeiros-de-melgaco-recebem-kits-para-operacoes-de-resgate-e-salvamento\\\/\",\"name\":\"Bombeiros de Melga\u00e7o recebem kits para opera\u00e7\u00f5es de resgate e salvamento\",\"isPartOf\":{\"@id\":\"https:\\\/\\\/www.altominho.tv\\\/site\\\/#website\"},\"primaryImageOfPage\":{\"@id\":\"https:\\\/\\\/www.altominho.tv\\\/site\\\/2021\\\/05\\\/27\\\/bombeiros-de-melgaco-recebem-kits-para-operacoes-de-resgate-e-salvamento\\\/#primaryimage\"},\"image\":{\"@id\":\"https:\\\/\\\/www.altominho.tv\\\/site\\\/2021\\\/05\\\/27\\\/bombeiros-de-melgaco-recebem-kits-para-operacoes-de-resgate-e-salvamento\\\/#primaryimage\"},\"thumbnailUrl\":\"https:\\\/\\\/www.altominho.tv\\\/site\\\/wp-content\\\/uploads\\\/2021\\\/05\\\/Bombeiros-Melgaco.jpg\",\"datePublished\":\"2021-05-27T10:48:01+00:00\",\"dateModified\":\"2021-05-27T10:48:04+00:00\",\"author\":{\"@id\":\"https:\\\/\\\/www.altominho.tv\\\/site\\\/#\\\/schema\\\/person\\\/d9be4265364723f14ea8e0d56a1d38cd\"},\"breadcrumb\":{\"@id\":\"https:\\\/\\\/www.altominho.tv\\\/site\\\/2021\\\/05\\\/27\\\/bombeiros-de-melgaco-recebem-kits-para-operacoes-de-resgate-e-salvamento\\\/#breadcrumb\"},\"inLanguage\":\"pt-PT\",\"potentialAction\":[{\"@type\":\"ReadAction\",\"target\":[\"https:\\\/\\\/www.altominho.tv\\\/site\\\/2021\\\/05\\\/27\\\/bombeiros-de-melgaco-recebem-kits-para-operacoes-de-resgate-e-salvamento\\\/\"]}]},{\"@type\":\"ImageObject\",\"inLanguage\":\"pt-PT\",\"@id\":\"https:\\\/\\\/www.altominho.tv\\\/site\\\/2021\\\/05\\\/27\\\/bombeiros-de-melgaco-recebem-kits-para-operacoes-de-resgate-e-salvamento\\\/#primaryimage\",\"url\":\"https:\\\/\\\/www.altominho.tv\\\/site\\\/wp-content\\\/uploads\\\/2021\\\/05\\\/Bombeiros-Melgaco.jpg\",\"contentUrl\":\"https:\\\/\\\/www.altominho.tv\\\/site\\\/wp-content\\\/uploads\\\/2021\\\/05\\\/Bombeiros-Melgaco.jpg\",\"width\":2022,\"height\":1137,\"caption\":\"MUNIC\u00cdPIO DE MELGA\u00c7O\"},{\"@type\":\"BreadcrumbList\",\"@id\":\"https:\\\/\\\/www.altominho.tv\\\/site\\\/2021\\\/05\\\/27\\\/bombeiros-de-melgaco-recebem-kits-para-operacoes-de-resgate-e-salvamento\\\/#breadcrumb\",\"itemListElement\":[{\"@type\":\"ListItem\",\"position\":1,\"name\":\"In\u00edcio\",\"item\":\"https:\\\/\\\/www.altominho.tv\\\/site\\\/\"},{\"@type\":\"ListItem\",\"position\":2,\"name\":\"Bombeiros de Melga\u00e7o recebem kits para opera\u00e7\u00f5es de resgate e salvamento\"}]},{\"@type\":\"WebSite\",\"@id\":\"https:\\\/\\\/www.altominho.tv\\\/site\\\/#website\",\"url\":\"https:\\\/\\\/www.altominho.tv\\\/site\\\/\",\"name\":\"Altominho.tv\",\"description\":\"A sua regi\u00e3o \u00e0 dist\u00e2ncia de um clique...\",\"potentialAction\":[{\"@type\":\"SearchAction\",\"target\":{\"@type\":\"EntryPoint\",\"urlTemplate\":\"https:\\\/\\\/www.altominho.tv\\\/site\\\/?s={search_term_string}\"},\"query-input\":{\"@type\":\"PropertyValueSpecification\",\"valueRequired\":true,\"valueName\":\"search_term_string\"}}],\"inLanguage\":\"pt-PT\"},{\"@type\":\"Person\",\"@id\":\"https:\\\/\\\/www.altominho.tv\\\/site\\\/#\\\/schema\\\/person\\\/d9be4265364723f14ea8e0d56a1d38cd\",\"name\":\"Andreia Ferreira\",\"image\":{\"@type\":\"ImageObject\",\"inLanguage\":\"pt-PT\",\"@id\":\"https:\\\/\\\/www.altominho.tv\\\/site\\\/wp-content\\\/uploads\\\/2021\\\/01\\\/AndreiaFerreira-150x150.jpg\",\"url\":\"https:\\\/\\\/www.altominho.tv\\\/site\\\/wp-content\\\/uploads\\\/2021\\\/01\\\/AndreiaFerreira-150x150.jpg\",\"contentUrl\":\"https:\\\/\\\/www.altominho.tv\\\/site\\\/wp-content\\\/uploads\\\/2021\\\/01\\\/AndreiaFerreira-150x150.jpg\",\"caption\":\"Andreia Ferreira\"},\"url\":\"https:\\\/\\\/www.altominho.tv\\\/site\\\/author\\\/andreiaferreira\\\/\"}]}<\/script>\n<!-- \/ Yoast SEO Premium plugin. -->","yoast_head_json":{"title":"Bombeiros de Melga\u00e7o recebem kits para opera\u00e7\u00f5es de resgate e salvamento","robots":{"index":"index","follow":"follow","max-snippet":"max-snippet:-1","max-image-preview":"max-image-preview:large","max-video-preview":"max-video-preview:-1"},"canonical":"https:\/\/www.altominho.tv\/site\/2021\/05\/27\/bombeiros-de-melgaco-recebem-kits-para-operacoes-de-resgate-e-salvamento\/","og_locale":"pt_PT","og_type":"article","og_title":"Bombeiros de Melga\u00e7o recebem kits para opera\u00e7\u00f5es de resgate e salvamento","og_description":"Os Bombeiros Volunt\u00e1rios de Melga\u00e7o receberam novos equipamentos para opera\u00e7\u00f5es de resgate e salvamento, ao abrigo do projeto A.R.I.E.M. + Assist\u00eancia Rec\u00edproca Inter-regional em Emerg\u00eancias e Riscos Transfronteiri\u00e7os. A a\u00e7\u00e3o resulta de uma candidatura da Comunidade Intermunicipal do Alto Minho que, em articula\u00e7\u00e3o com os 10 munic\u00edpios do Alto Minho e com a Federa\u00e7\u00e3o de [&hellip;]","og_url":"https:\/\/www.altominho.tv\/site\/2021\/05\/27\/bombeiros-de-melgaco-recebem-kits-para-operacoes-de-resgate-e-salvamento\/","og_site_name":"Altominho.tv","article_publisher":"https:\/\/www.facebook.com\/altominhotv","article_published_time":"2021-05-27T10:48:01+00:00","article_modified_time":"2021-05-27T10:48:04+00:00","og_image":[{"width":2022,"height":1137,"url":"https:\/\/www.altominho.tv\/site\/wp-content\/uploads\/2021\/05\/Bombeiros-Melgaco.jpg","type":"image\/jpeg"}],"author":"Andreia Ferreira","twitter_card":"summary_large_image","twitter_creator":"@altominhoTV","twitter_site":"@altominhoTV","twitter_misc":{"Escrito por":"Andreia Ferreira","Tempo estimado de leitura":"1 minuto"},"schema":{"@context":"https:\/\/schema.org","@graph":[{"@type":"Article","@id":"https:\/\/www.altominho.tv\/site\/2021\/05\/27\/bombeiros-de-melgaco-recebem-kits-para-operacoes-de-resgate-e-salvamento\/#article","isPartOf":{"@id":"https:\/\/www.altominho.tv\/site\/2021\/05\/27\/bombeiros-de-melgaco-recebem-kits-para-operacoes-de-resgate-e-salvamento\/"},"author":{"name":"Andreia Ferreira","@id":"https:\/\/www.altominho.tv\/site\/#\/schema\/person\/d9be4265364723f14ea8e0d56a1d38cd"},"headline":"Bombeiros de Melga\u00e7o recebem kits para opera\u00e7\u00f5es de resgate e salvamento","datePublished":"2021-05-27T10:48:01+00:00","dateModified":"2021-05-27T10:48:04+00:00","mainEntityOfPage":{"@id":"https:\/\/www.altominho.tv\/site\/2021\/05\/27\/bombeiros-de-melgaco-recebem-kits-para-operacoes-de-resgate-e-salvamento\/"},"wordCount":144,"image":{"@id":"https:\/\/www.altominho.tv\/site\/2021\/05\/27\/bombeiros-de-melgaco-recebem-kits-para-operacoes-de-resgate-e-salvamento\/#primaryimage"},"thumbnailUrl":"https:\/\/www.altominho.tv\/site\/wp-content\/uploads\/2021\/05\/Bombeiros-Melgaco.jpg","keywords":["Sociedade"],"articleSection":["Melga\u00e7o"],"inLanguage":"pt-PT","copyrightYear":"2021","copyrightHolder":{"@id":"https:\/\/www.altominho.tv\/site\/#organization"}},{"@type":"WebPage","@id":"https:\/\/www.altominho.tv\/site\/2021\/05\/27\/bombeiros-de-melgaco-recebem-kits-para-operacoes-de-resgate-e-salvamento\/","url":"https:\/\/www.altominho.tv\/site\/2021\/05\/27\/bombeiros-de-melgaco-recebem-kits-para-operacoes-de-resgate-e-salvamento\/","name":"Bombeiros de Melga\u00e7o recebem kits para opera\u00e7\u00f5es de resgate e salvamento","isPartOf":{"@id":"https:\/\/www.altominho.tv\/site\/#website"},"primaryImageOfPage":{"@id":"https:\/\/www.altominho.tv\/site\/2021\/05\/27\/bombeiros-de-melgaco-recebem-kits-para-operacoes-de-resgate-e-salvamento\/#primaryimage"},"image":{"@id":"https:\/\/www.altominho.tv\/site\/2021\/05\/27\/bombeiros-de-melgaco-recebem-kits-para-operacoes-de-resgate-e-salvamento\/#primaryimage"},"thumbnailUrl":"https:\/\/www.altominho.tv\/site\/wp-content\/uploads\/2021\/05\/Bombeiros-Melgaco.jpg","datePublished":"2021-05-27T10:48:01+00:00","dateModified":"2021-05-27T10:48:04+00:00","author":{"@id":"https:\/\/www.altominho.tv\/site\/#\/schema\/person\/d9be4265364723f14ea8e0d56a1d38cd"},"breadcrumb":{"@id":"https:\/\/www.altominho.tv\/site\/2021\/05\/27\/bombeiros-de-melgaco-recebem-kits-para-operacoes-de-resgate-e-salvamento\/#breadcrumb"},"inLanguage":"pt-PT","potentialAction":[{"@type":"ReadAction","target":["https:\/\/www.altominho.tv\/site\/2021\/05\/27\/bombeiros-de-melgaco-recebem-kits-para-operacoes-de-resgate-e-salvamento\/"]}]},{"@type":"ImageObject","inLanguage":"pt-PT","@id":"https:\/\/www.altominho.tv\/site\/2021\/05\/27\/bombeiros-de-melgaco-recebem-kits-para-operacoes-de-resgate-e-salvamento\/#primaryimage","url":"https:\/\/www.altominho.tv\/site\/wp-content\/uploads\/2021\/05\/Bombeiros-Melgaco.jpg","contentUrl":"https:\/\/www.altominho.tv\/site\/wp-content\/uploads\/2021\/05\/Bombeiros-Melgaco.jpg","width":2022,"height":1137,"caption":"MUNIC\u00cdPIO DE MELGA\u00c7O"},{"@type":"BreadcrumbList","@id":"https:\/\/www.altominho.tv\/site\/2021\/05\/27\/bombeiros-de-melgaco-recebem-kits-para-operacoes-de-resgate-e-salvamento\/#breadcrumb","itemListElement":[{"@type":"ListItem","position":1,"name":"In\u00edcio","item":"https:\/\/www.altominho.tv\/site\/"},{"@type":"ListItem","position":2,"name":"Bombeiros de Melga\u00e7o recebem kits para opera\u00e7\u00f5es de resgate e salvamento"}]},{"@type":"WebSite","@id":"https:\/\/www.altominho.tv\/site\/#website","url":"https:\/\/www.altominho.tv\/site\/","name":"Altominho.tv","description":"A sua regi\u00e3o \u00e0 dist\u00e2ncia de um clique...","potentialAction":[{"@type":"SearchAction","target":{"@type":"EntryPoint","urlTemplate":"https:\/\/www.altominho.tv\/site\/?s={search_term_string}"},"query-input":{"@type":"PropertyValueSpecification","valueRequired":true,"valueName":"search_term_string"}}],"inLanguage":"pt-PT"},{"@type":"Person","@id":"https:\/\/www.altominho.tv\/site\/#\/schema\/person\/d9be4265364723f14ea8e0d56a1d38cd","name":"Andreia Ferreira","image":{"@type":"ImageObject","inLanguage":"pt-PT","@id":"https:\/\/www.altominho.tv\/site\/wp-content\/uploads\/2021\/01\/AndreiaFerreira-150x150.jpg","url":"https:\/\/www.altominho.tv\/site\/wp-content\/uploads\/2021\/01\/AndreiaFerreira-150x150.jpg","contentUrl":"https:\/\/www.altominho.tv\/site\/wp-content\/uploads\/2021\/01\/AndreiaFerreira-150x150.jpg","caption":"Andreia Ferreira"},"url":"https:\/\/www.altominho.tv\/site\/author\/andreiaferreira\/"}]}},"_links":{"self":[{"href":"https:\/\/www.altominho.tv\/site\/wp-json\/wp\/v2\/posts\/66937","targetHints":{"allow":["GET"]}}],"collection":[{"href":"https:\/\/www.altominho.tv\/site\/wp-json\/wp\/v2\/posts"}],"about":[{"href":"https:\/\/www.altominho.tv\/site\/wp-json\/wp\/v2\/types\/post"}],"author":[{"embeddable":true,"href":"https:\/\/www.altominho.tv\/site\/wp-json\/wp\/v2\/users\/12"}],"replies":[{"embeddable":true,"href":"https:\/\/www.altominho.tv\/site\/wp-json\/wp\/v2\/comments?post=66937"}],"version-history":[{"count":0,"href":"https:\/\/www.altominho.tv\/site\/wp-json\/wp\/v2\/posts\/66937\/revisions"}],"wp:featuredmedia":[{"embeddable":true,"href":"https:\/\/www.altominho.tv\/site\/wp-json\/wp\/v2\/media\/66938"}],"wp:attachment":[{"href":"https:\/\/www.altominho.tv\/site\/wp-json\/wp\/v2\/media?parent=66937"}],"wp:term":[{"taxonomy":"category","embeddable":true,"href":"https:\/\/www.altominho.tv\/site\/wp-json\/wp\/v2\/categories?post=66937"},{"taxonomy":"post_tag","embeddable":true,"href":"https:\/\/www.altominho.tv\/site\/wp-json\/wp\/v2\/tags?post=66937"}],"curies":[{"name":"wp","href":"https:\/\/api.w.org\/{rel}","templated":true}]}}