{"id":66788,"date":"2021-05-24T16:28:39","date_gmt":"2021-05-24T15:28:39","guid":{"rendered":"https:\/\/www.altominho.tv\/site\/?p=66788"},"modified":"2021-05-24T16:28:44","modified_gmt":"2021-05-24T15:28:44","slug":"casos-ativos-no-alto-minho-descem-para-69","status":"publish","type":"post","link":"https:\/\/www.altominho.tv\/site\/2021\/05\/24\/casos-ativos-no-alto-minho-descem-para-69\/","title":{"rendered":"Casos ativos no Alto Minho descem para 69"},"content":{"rendered":"\n<p class=\"wp-block-paragraph\">A regi\u00e3o do Alto Minho registou desde sexta-feira, 21 novas infe\u00e7\u00f5es e 27 recuperados. Os casos ativos diminu\u00edram e s\u00e3o agora 69, face aos 75 registados na sexta-feira, de acordo com os dados divulgados pela Unidade Local de Sa\u00fade do Alto Minho.<\/p>\n\n\n\n<p class=\"wp-block-paragraph\">Viana do Castelo continua a ser o concelho com maior n\u00famero de infetados, atualmente com 53. Nos \u00faltimos tr\u00eas dias, foram registados 17 novos casos e 15 pessoas foram dadas como recuperadas.<\/p>\n\n\n\n<p class=\"wp-block-paragraph\">Com quatro novos casos de infe\u00e7\u00e3o e quatro recuperados, o concelho de Arcos de Valdevez \u00e9 o segundo com mais casos ativos, contando agora com 10.<\/p>\n\n\n\n<p class=\"wp-block-paragraph\">Mon\u00e7\u00e3o n\u00e3o registou novos casos de infe\u00e7\u00e3o e h\u00e1 mais um recuperado, sendo que o n\u00famero de casos ativos desceu para tr\u00eas.<\/p>\n\n\n\n<p class=\"wp-block-paragraph\">Caminha n\u00e3o registou novos casos e h\u00e1 tamb\u00e9m mais um recuperado, os casos ativos s\u00e3o agora dois.<\/p>\n\n\n\n<p class=\"wp-block-paragraph\">Ponte de Lima conta com mais um recuperado, e h\u00e1 agora um caso ativo.<\/p>\n\n\n\n<p class=\"wp-block-paragraph\">Melga\u00e7o, Paredes de Coura, Ponte da Barca, Valen\u00e7a e Cerveira n\u00e3o t\u00eam casos de Covid-19. <\/p>\n\n\n\n<p class=\"wp-block-paragraph\">Desde o in\u00edcio da pandemia, o Alto Minho regista 18.603 casos confirmados, 18.108 recuperados, 426 \u00f3bitos e h\u00e1 atualmente 69 casos ativos. <\/p>\n\n\n\n<figure class=\"wp-block-image size-large\"><img loading=\"lazy\" decoding=\"async\" width=\"802\" height=\"1024\" src=\"https:\/\/www.altominho.tv\/site\/wp-content\/uploads\/2021\/05\/tabela-24-802x1024.jpg\" alt=\"\" class=\"wp-image-66790\" srcset=\"https:\/\/www.altominho.tv\/site\/wp-content\/uploads\/2021\/05\/tabela-24-802x1024.jpg 802w, https:\/\/www.altominho.tv\/site\/wp-content\/uploads\/2021\/05\/tabela-24-339x433.jpg 339w, https:\/\/www.altominho.tv\/site\/wp-content\/uploads\/2021\/05\/tabela-24-768x981.jpg 768w, https:\/\/www.altominho.tv\/site\/wp-content\/uploads\/2021\/05\/tabela-24-1203x1536.jpg 1203w, https:\/\/www.altominho.tv\/site\/wp-content\/uploads\/2021\/05\/tabela-24-370x472.jpg 370w, https:\/\/www.altominho.tv\/site\/wp-content\/uploads\/2021\/05\/tabela-24-270x345.jpg 270w, https:\/\/www.altominho.tv\/site\/wp-content\/uploads\/2021\/05\/tabela-24-570x728.jpg 570w, https:\/\/www.altominho.tv\/site\/wp-content\/uploads\/2021\/05\/tabela-24-740x945.jpg 740w, https:\/\/www.altominho.tv\/site\/wp-content\/uploads\/2021\/05\/tabela-24.jpg 1242w\" sizes=\"auto, (max-width: 802px) 100vw, 802px\" \/><\/figure>\n","protected":false},"excerpt":{"rendered":"<p>A regi\u00e3o do Alto Minho registou desde sexta-feira, 21 novas infe\u00e7\u00f5es e 27 recuperados. Os casos ativos diminu\u00edram e s\u00e3o agora 69, face aos 75 registados na sexta-feira, de acordo com os dados divulgados pela Unidade Local de Sa\u00fade do Alto Minho. Viana do Castelo continua a ser o concelho com maior n\u00famero de infetados, [&hellip;]<\/p>\n","protected":false},"author":7,"featured_media":66300,"comment_status":"closed","ping_status":"closed","sticky":false,"template":"","format":"standard","meta":{"_exactmetrics_skip_tracking":false,"footnotes":""},"categories":[73],"tags":[26],"class_list":["post-66788","post","type-post","status-publish","format-standard","has-post-thumbnail","hentry","category-alto-minho","tag-saude"],"yoast_head":"<!-- This site is optimized with the Yoast SEO Premium plugin v28.3 (Yoast SEO v28.3) - https:\/\/yoast.com\/product\/yoast-seo-premium-wordpress\/ -->\n<title>Casos ativos no Alto Minho descem para 69<\/title>\n<meta name=\"robots\" content=\"index, follow, max-snippet:-1, max-image-preview:large, max-video-preview:-1\" \/>\n<link rel=\"canonical\" href=\"https:\/\/www.altominho.tv\/site\/2021\/05\/24\/casos-ativos-no-alto-minho-descem-para-69\/\" \/>\n<meta property=\"og:locale\" content=\"pt_PT\" \/>\n<meta property=\"og:type\" content=\"article\" \/>\n<meta property=\"og:title\" content=\"Casos ativos no Alto Minho descem para 69\" \/>\n<meta property=\"og:description\" content=\"A regi\u00e3o do Alto Minho registou desde sexta-feira, 21 novas infe\u00e7\u00f5es e 27 recuperados. Os casos ativos diminu\u00edram e s\u00e3o agora 69, face aos 75 registados na sexta-feira, de acordo com os dados divulgados pela Unidade Local de Sa\u00fade do Alto Minho. Viana do Castelo continua a ser o concelho com maior n\u00famero de infetados, [&hellip;]\" \/>\n<meta property=\"og:url\" content=\"https:\/\/www.altominho.tv\/site\/2021\/05\/24\/casos-ativos-no-alto-minho-descem-para-69\/\" \/>\n<meta property=\"og:site_name\" content=\"Altominho.tv\" \/>\n<meta property=\"article:publisher\" content=\"https:\/\/www.facebook.com\/altominhotv\" \/>\n<meta property=\"article:published_time\" content=\"2021-05-24T15:28:39+00:00\" \/>\n<meta property=\"article:modified_time\" content=\"2021-05-24T15:28:44+00:00\" \/>\n<meta property=\"og:image\" content=\"https:\/\/www.altominho.tv\/site\/wp-content\/uploads\/2021\/05\/Hospital-Viana-740x412-1.jpg\" \/>\n\t<meta property=\"og:image:width\" content=\"740\" \/>\n\t<meta property=\"og:image:height\" content=\"412\" \/>\n\t<meta property=\"og:image:type\" content=\"image\/jpeg\" \/>\n<meta name=\"author\" content=\"Andreia Cunha\" \/>\n<meta name=\"twitter:card\" content=\"summary_large_image\" \/>\n<meta name=\"twitter:creator\" content=\"@altominhoTV\" \/>\n<meta name=\"twitter:site\" content=\"@altominhoTV\" \/>\n<meta name=\"twitter:label1\" content=\"Escrito por\" \/>\n\t<meta name=\"twitter:data1\" content=\"Andreia Cunha\" \/>\n\t<meta name=\"twitter:label2\" content=\"Tempo estimado de leitura\" \/>\n\t<meta name=\"twitter:data2\" content=\"1 minuto\" \/>\n<script type=\"application\/ld+json\" class=\"yoast-schema-graph\">{\"@context\":\"https:\\\/\\\/schema.org\",\"@graph\":[{\"@type\":\"Article\",\"@id\":\"https:\\\/\\\/www.altominho.tv\\\/site\\\/2021\\\/05\\\/24\\\/casos-ativos-no-alto-minho-descem-para-69\\\/#article\",\"isPartOf\":{\"@id\":\"https:\\\/\\\/www.altominho.tv\\\/site\\\/2021\\\/05\\\/24\\\/casos-ativos-no-alto-minho-descem-para-69\\\/\"},\"author\":{\"name\":\"Andreia Cunha\",\"@id\":\"https:\\\/\\\/www.altominho.tv\\\/site\\\/#\\\/schema\\\/person\\\/a0e4ef6d041f98ca284393d8f1d97153\"},\"headline\":\"Casos ativos no Alto Minho descem para 69\",\"datePublished\":\"2021-05-24T15:28:39+00:00\",\"dateModified\":\"2021-05-24T15:28:44+00:00\",\"mainEntityOfPage\":{\"@id\":\"https:\\\/\\\/www.altominho.tv\\\/site\\\/2021\\\/05\\\/24\\\/casos-ativos-no-alto-minho-descem-para-69\\\/\"},\"wordCount\":205,\"image\":{\"@id\":\"https:\\\/\\\/www.altominho.tv\\\/site\\\/2021\\\/05\\\/24\\\/casos-ativos-no-alto-minho-descem-para-69\\\/#primaryimage\"},\"thumbnailUrl\":\"https:\\\/\\\/www.altominho.tv\\\/site\\\/wp-content\\\/uploads\\\/2021\\\/05\\\/Hospital-Viana-740x412-1.jpg\",\"keywords\":[\"Sa\u00fade\"],\"articleSection\":[\"Alto Minho\"],\"inLanguage\":\"pt-PT\",\"copyrightYear\":\"2021\",\"copyrightHolder\":{\"@id\":\"https:\\\/\\\/www.altominho.tv\\\/site\\\/#organization\"}},{\"@type\":\"WebPage\",\"@id\":\"https:\\\/\\\/www.altominho.tv\\\/site\\\/2021\\\/05\\\/24\\\/casos-ativos-no-alto-minho-descem-para-69\\\/\",\"url\":\"https:\\\/\\\/www.altominho.tv\\\/site\\\/2021\\\/05\\\/24\\\/casos-ativos-no-alto-minho-descem-para-69\\\/\",\"name\":\"Casos ativos no Alto Minho descem para 69\",\"isPartOf\":{\"@id\":\"https:\\\/\\\/www.altominho.tv\\\/site\\\/#website\"},\"primaryImageOfPage\":{\"@id\":\"https:\\\/\\\/www.altominho.tv\\\/site\\\/2021\\\/05\\\/24\\\/casos-ativos-no-alto-minho-descem-para-69\\\/#primaryimage\"},\"image\":{\"@id\":\"https:\\\/\\\/www.altominho.tv\\\/site\\\/2021\\\/05\\\/24\\\/casos-ativos-no-alto-minho-descem-para-69\\\/#primaryimage\"},\"thumbnailUrl\":\"https:\\\/\\\/www.altominho.tv\\\/site\\\/wp-content\\\/uploads\\\/2021\\\/05\\\/Hospital-Viana-740x412-1.jpg\",\"datePublished\":\"2021-05-24T15:28:39+00:00\",\"dateModified\":\"2021-05-24T15:28:44+00:00\",\"author\":{\"@id\":\"https:\\\/\\\/www.altominho.tv\\\/site\\\/#\\\/schema\\\/person\\\/a0e4ef6d041f98ca284393d8f1d97153\"},\"breadcrumb\":{\"@id\":\"https:\\\/\\\/www.altominho.tv\\\/site\\\/2021\\\/05\\\/24\\\/casos-ativos-no-alto-minho-descem-para-69\\\/#breadcrumb\"},\"inLanguage\":\"pt-PT\",\"potentialAction\":[{\"@type\":\"ReadAction\",\"target\":[\"https:\\\/\\\/www.altominho.tv\\\/site\\\/2021\\\/05\\\/24\\\/casos-ativos-no-alto-minho-descem-para-69\\\/\"]}]},{\"@type\":\"ImageObject\",\"inLanguage\":\"pt-PT\",\"@id\":\"https:\\\/\\\/www.altominho.tv\\\/site\\\/2021\\\/05\\\/24\\\/casos-ativos-no-alto-minho-descem-para-69\\\/#primaryimage\",\"url\":\"https:\\\/\\\/www.altominho.tv\\\/site\\\/wp-content\\\/uploads\\\/2021\\\/05\\\/Hospital-Viana-740x412-1.jpg\",\"contentUrl\":\"https:\\\/\\\/www.altominho.tv\\\/site\\\/wp-content\\\/uploads\\\/2021\\\/05\\\/Hospital-Viana-740x412-1.jpg\",\"width\":740,\"height\":412},{\"@type\":\"BreadcrumbList\",\"@id\":\"https:\\\/\\\/www.altominho.tv\\\/site\\\/2021\\\/05\\\/24\\\/casos-ativos-no-alto-minho-descem-para-69\\\/#breadcrumb\",\"itemListElement\":[{\"@type\":\"ListItem\",\"position\":1,\"name\":\"In\u00edcio\",\"item\":\"https:\\\/\\\/www.altominho.tv\\\/site\\\/\"},{\"@type\":\"ListItem\",\"position\":2,\"name\":\"Casos ativos no Alto Minho descem para 69\"}]},{\"@type\":\"WebSite\",\"@id\":\"https:\\\/\\\/www.altominho.tv\\\/site\\\/#website\",\"url\":\"https:\\\/\\\/www.altominho.tv\\\/site\\\/\",\"name\":\"Altominho.tv\",\"description\":\"A sua regi\u00e3o \u00e0 dist\u00e2ncia de um clique...\",\"potentialAction\":[{\"@type\":\"SearchAction\",\"target\":{\"@type\":\"EntryPoint\",\"urlTemplate\":\"https:\\\/\\\/www.altominho.tv\\\/site\\\/?s={search_term_string}\"},\"query-input\":{\"@type\":\"PropertyValueSpecification\",\"valueRequired\":true,\"valueName\":\"search_term_string\"}}],\"inLanguage\":\"pt-PT\"},{\"@type\":\"Person\",\"@id\":\"https:\\\/\\\/www.altominho.tv\\\/site\\\/#\\\/schema\\\/person\\\/a0e4ef6d041f98ca284393d8f1d97153\",\"name\":\"Andreia Cunha\",\"image\":{\"@type\":\"ImageObject\",\"inLanguage\":\"pt-PT\",\"@id\":\"https:\\\/\\\/www.altominho.tv\\\/site\\\/wp-content\\\/uploads\\\/2017\\\/11\\\/Andreia_Cunha-1-150x150.jpg\",\"url\":\"https:\\\/\\\/www.altominho.tv\\\/site\\\/wp-content\\\/uploads\\\/2017\\\/11\\\/Andreia_Cunha-1-150x150.jpg\",\"contentUrl\":\"https:\\\/\\\/www.altominho.tv\\\/site\\\/wp-content\\\/uploads\\\/2017\\\/11\\\/Andreia_Cunha-1-150x150.jpg\",\"caption\":\"Andreia Cunha\"},\"url\":\"https:\\\/\\\/www.altominho.tv\\\/site\\\/author\\\/andreiacunha\\\/\"}]}<\/script>\n<!-- \/ Yoast SEO Premium plugin. -->","yoast_head_json":{"title":"Casos ativos no Alto Minho descem para 69","robots":{"index":"index","follow":"follow","max-snippet":"max-snippet:-1","max-image-preview":"max-image-preview:large","max-video-preview":"max-video-preview:-1"},"canonical":"https:\/\/www.altominho.tv\/site\/2021\/05\/24\/casos-ativos-no-alto-minho-descem-para-69\/","og_locale":"pt_PT","og_type":"article","og_title":"Casos ativos no Alto Minho descem para 69","og_description":"A regi\u00e3o do Alto Minho registou desde sexta-feira, 21 novas infe\u00e7\u00f5es e 27 recuperados. Os casos ativos diminu\u00edram e s\u00e3o agora 69, face aos 75 registados na sexta-feira, de acordo com os dados divulgados pela Unidade Local de Sa\u00fade do Alto Minho. Viana do Castelo continua a ser o concelho com maior n\u00famero de infetados, [&hellip;]","og_url":"https:\/\/www.altominho.tv\/site\/2021\/05\/24\/casos-ativos-no-alto-minho-descem-para-69\/","og_site_name":"Altominho.tv","article_publisher":"https:\/\/www.facebook.com\/altominhotv","article_published_time":"2021-05-24T15:28:39+00:00","article_modified_time":"2021-05-24T15:28:44+00:00","og_image":[{"width":740,"height":412,"url":"https:\/\/www.altominho.tv\/site\/wp-content\/uploads\/2021\/05\/Hospital-Viana-740x412-1.jpg","type":"image\/jpeg"}],"author":"Andreia Cunha","twitter_card":"summary_large_image","twitter_creator":"@altominhoTV","twitter_site":"@altominhoTV","twitter_misc":{"Escrito por":"Andreia Cunha","Tempo estimado de leitura":"1 minuto"},"schema":{"@context":"https:\/\/schema.org","@graph":[{"@type":"Article","@id":"https:\/\/www.altominho.tv\/site\/2021\/05\/24\/casos-ativos-no-alto-minho-descem-para-69\/#article","isPartOf":{"@id":"https:\/\/www.altominho.tv\/site\/2021\/05\/24\/casos-ativos-no-alto-minho-descem-para-69\/"},"author":{"name":"Andreia Cunha","@id":"https:\/\/www.altominho.tv\/site\/#\/schema\/person\/a0e4ef6d041f98ca284393d8f1d97153"},"headline":"Casos ativos no Alto Minho descem para 69","datePublished":"2021-05-24T15:28:39+00:00","dateModified":"2021-05-24T15:28:44+00:00","mainEntityOfPage":{"@id":"https:\/\/www.altominho.tv\/site\/2021\/05\/24\/casos-ativos-no-alto-minho-descem-para-69\/"},"wordCount":205,"image":{"@id":"https:\/\/www.altominho.tv\/site\/2021\/05\/24\/casos-ativos-no-alto-minho-descem-para-69\/#primaryimage"},"thumbnailUrl":"https:\/\/www.altominho.tv\/site\/wp-content\/uploads\/2021\/05\/Hospital-Viana-740x412-1.jpg","keywords":["Sa\u00fade"],"articleSection":["Alto Minho"],"inLanguage":"pt-PT","copyrightYear":"2021","copyrightHolder":{"@id":"https:\/\/www.altominho.tv\/site\/#organization"}},{"@type":"WebPage","@id":"https:\/\/www.altominho.tv\/site\/2021\/05\/24\/casos-ativos-no-alto-minho-descem-para-69\/","url":"https:\/\/www.altominho.tv\/site\/2021\/05\/24\/casos-ativos-no-alto-minho-descem-para-69\/","name":"Casos ativos no Alto Minho descem para 69","isPartOf":{"@id":"https:\/\/www.altominho.tv\/site\/#website"},"primaryImageOfPage":{"@id":"https:\/\/www.altominho.tv\/site\/2021\/05\/24\/casos-ativos-no-alto-minho-descem-para-69\/#primaryimage"},"image":{"@id":"https:\/\/www.altominho.tv\/site\/2021\/05\/24\/casos-ativos-no-alto-minho-descem-para-69\/#primaryimage"},"thumbnailUrl":"https:\/\/www.altominho.tv\/site\/wp-content\/uploads\/2021\/05\/Hospital-Viana-740x412-1.jpg","datePublished":"2021-05-24T15:28:39+00:00","dateModified":"2021-05-24T15:28:44+00:00","author":{"@id":"https:\/\/www.altominho.tv\/site\/#\/schema\/person\/a0e4ef6d041f98ca284393d8f1d97153"},"breadcrumb":{"@id":"https:\/\/www.altominho.tv\/site\/2021\/05\/24\/casos-ativos-no-alto-minho-descem-para-69\/#breadcrumb"},"inLanguage":"pt-PT","potentialAction":[{"@type":"ReadAction","target":["https:\/\/www.altominho.tv\/site\/2021\/05\/24\/casos-ativos-no-alto-minho-descem-para-69\/"]}]},{"@type":"ImageObject","inLanguage":"pt-PT","@id":"https:\/\/www.altominho.tv\/site\/2021\/05\/24\/casos-ativos-no-alto-minho-descem-para-69\/#primaryimage","url":"https:\/\/www.altominho.tv\/site\/wp-content\/uploads\/2021\/05\/Hospital-Viana-740x412-1.jpg","contentUrl":"https:\/\/www.altominho.tv\/site\/wp-content\/uploads\/2021\/05\/Hospital-Viana-740x412-1.jpg","width":740,"height":412},{"@type":"BreadcrumbList","@id":"https:\/\/www.altominho.tv\/site\/2021\/05\/24\/casos-ativos-no-alto-minho-descem-para-69\/#breadcrumb","itemListElement":[{"@type":"ListItem","position":1,"name":"In\u00edcio","item":"https:\/\/www.altominho.tv\/site\/"},{"@type":"ListItem","position":2,"name":"Casos ativos no Alto Minho descem para 69"}]},{"@type":"WebSite","@id":"https:\/\/www.altominho.tv\/site\/#website","url":"https:\/\/www.altominho.tv\/site\/","name":"Altominho.tv","description":"A sua regi\u00e3o \u00e0 dist\u00e2ncia de um clique...","potentialAction":[{"@type":"SearchAction","target":{"@type":"EntryPoint","urlTemplate":"https:\/\/www.altominho.tv\/site\/?s={search_term_string}"},"query-input":{"@type":"PropertyValueSpecification","valueRequired":true,"valueName":"search_term_string"}}],"inLanguage":"pt-PT"},{"@type":"Person","@id":"https:\/\/www.altominho.tv\/site\/#\/schema\/person\/a0e4ef6d041f98ca284393d8f1d97153","name":"Andreia Cunha","image":{"@type":"ImageObject","inLanguage":"pt-PT","@id":"https:\/\/www.altominho.tv\/site\/wp-content\/uploads\/2017\/11\/Andreia_Cunha-1-150x150.jpg","url":"https:\/\/www.altominho.tv\/site\/wp-content\/uploads\/2017\/11\/Andreia_Cunha-1-150x150.jpg","contentUrl":"https:\/\/www.altominho.tv\/site\/wp-content\/uploads\/2017\/11\/Andreia_Cunha-1-150x150.jpg","caption":"Andreia Cunha"},"url":"https:\/\/www.altominho.tv\/site\/author\/andreiacunha\/"}]}},"_links":{"self":[{"href":"https:\/\/www.altominho.tv\/site\/wp-json\/wp\/v2\/posts\/66788","targetHints":{"allow":["GET"]}}],"collection":[{"href":"https:\/\/www.altominho.tv\/site\/wp-json\/wp\/v2\/posts"}],"about":[{"href":"https:\/\/www.altominho.tv\/site\/wp-json\/wp\/v2\/types\/post"}],"author":[{"embeddable":true,"href":"https:\/\/www.altominho.tv\/site\/wp-json\/wp\/v2\/users\/7"}],"replies":[{"embeddable":true,"href":"https:\/\/www.altominho.tv\/site\/wp-json\/wp\/v2\/comments?post=66788"}],"version-history":[{"count":0,"href":"https:\/\/www.altominho.tv\/site\/wp-json\/wp\/v2\/posts\/66788\/revisions"}],"wp:featuredmedia":[{"embeddable":true,"href":"https:\/\/www.altominho.tv\/site\/wp-json\/wp\/v2\/media\/66300"}],"wp:attachment":[{"href":"https:\/\/www.altominho.tv\/site\/wp-json\/wp\/v2\/media?parent=66788"}],"wp:term":[{"taxonomy":"category","embeddable":true,"href":"https:\/\/www.altominho.tv\/site\/wp-json\/wp\/v2\/categories?post=66788"},{"taxonomy":"post_tag","embeddable":true,"href":"https:\/\/www.altominho.tv\/site\/wp-json\/wp\/v2\/tags?post=66788"}],"curies":[{"name":"wp","href":"https:\/\/api.w.org\/{rel}","templated":true}]}}