{"id":66707,"date":"2021-05-21T14:21:16","date_gmt":"2021-05-21T13:21:16","guid":{"rendered":"https:\/\/www.altominho.tv\/site\/?p=66707"},"modified":"2021-05-21T14:26:43","modified_gmt":"2021-05-21T13:26:43","slug":"pandemia-ja-matou-343-milhoes-de-pessoas-no-mundo","status":"publish","type":"post","link":"https:\/\/www.altominho.tv\/site\/2021\/05\/21\/pandemia-ja-matou-343-milhoes-de-pessoas-no-mundo\/","title":{"rendered":"Pandemia j\u00e1 matou 3,43 milh\u00f5es de pessoas no mundo"},"content":{"rendered":"\n<p>A pandemia de covid-19 matou, at\u00e9 hoje, pelo menos 3.432.711 pessoas no mundo, desde o final de dezembro de 2019, segundo um levantamento realizado pela ag\u00eancia de not\u00edcias AFP a partir de fontes oficiais.<\/p>\n\n\n\n<p>Mais de 165.093.780 casos de infe\u00e7\u00e3o foram oficialmente diagnosticados desde que foram anunciados os primeiros casos da doen\u00e7a, no final de 2019, na China.<\/p>\n\n\n\n<p>Os n\u00fameros s\u00e3o baseados em relat\u00f3rios di\u00e1rios das autoridades de sa\u00fade de cada pa\u00eds at\u00e9 \u00e0s 10:00 TMG (11:00 em Lisboa) e excluem revis\u00f5es posteriores de ag\u00eancias estat\u00edsticas, como ocorre na R\u00fassia, Espanha e Reino Unido.<\/p>\n\n\n\n<p>Na quinta-feira, 12.691 novas mortes e 669.282 novos casos foram registados em todo o mundo.<\/p>\n\n\n\n<p>Os pa\u00edses que registaram o maior n\u00famero de novas mortes nos seus levantamentos mais recentes foram a \u00cdndia, com 4.209 novas mortes, o Brasil (2.403) e os Estados Unidos (692).<\/p>\n\n\n\n<p>Os Estados Unidos s\u00e3o o pa\u00eds mais afetado em termos de mortes e de casos, com 588.539 mortes para 33.056.860 casos, de acordo com o levantamento realizado pela Universidade Johns Hopkins.<\/p>\n\n\n\n<p>Depois dos Estados Unidos, os pa\u00edses mais atingidos s\u00e3o o Brasil, com 444.094 mortes e 15.894.094 casos, a \u00cdndia, com 291.331 \u00f3bitos (26.031.991 casos), o M\u00e9xico, com 221.080 mortes (2.390.140 casos) e o Reino Unido, com 127.701 \u00f3bitos (4.455.221 casos).<\/p>\n\n\n\n<p>Entre os pa\u00edses mais atingidos, a Hungria \u00e9 o que apresenta o maior n\u00famero de mortes em rela\u00e7\u00e3o \u00e0 sua popula\u00e7\u00e3o, com 304 mortes por cada 100.000 habitantes, seguida pela Rep\u00fablica Checa (280), B\u00f3snia (277), Maced\u00f3nia do Norte (253) e Bulg\u00e1ria (251).<\/p>\n\n\n\n<p>A Europa totalizou hoje 1.118.515 mortes para 52.257.202 casos, enquanto a Am\u00e9rica Latina e Cara\u00edbas registaram 998.251 mortes (31.461.832 casos).<\/p>\n\n\n\n<p>Os Estados Unidos e Canad\u00e1 apresentaram 613.643 mortes (34.402.925 casos), a \u00c1sia 434.304 mortes (33.837.688 casos) e o M\u00e9dio Oriente 139.420 mortes (8.354.448 casos).<\/p>\n\n\n\n<p>Em \u00c1frica, o n\u00famero de mortes chegou aos 127.484 (4.732.254 casos) e na Oce\u00e2nia registaram-se 1.094 mortes (47.432 casos).<\/p>\n\n\n\n<p>Desde o in\u00edcio da pandemia, o n\u00famero de testes realizados aumentou substancialmente e as t\u00e9cnicas de rastreamento e despistagem melhoraram, levando a um aumento no n\u00famero dos cont\u00e1gios declarados.<\/p>\n\n\n\n<p>O n\u00famero de casos diagnosticados, entretanto, reflete apenas uma fra\u00e7\u00e3o do total real dos cont\u00e1gios, com uma propor\u00e7\u00e3o significativa dos casos menos graves ou assintom\u00e1ticos ainda n\u00e3o detetados.<\/p>\n\n\n\n<p>Esta avalia\u00e7\u00e3o foi realizada com base em dados recolhidos pela AFP junto das autoridades nacionais competentes e informa\u00e7\u00f5es da Organiza\u00e7\u00e3o Mundial de Sa\u00fade.<\/p>\n","protected":false},"excerpt":{"rendered":"<p>A pandemia de covid-19 matou, at\u00e9 hoje, pelo menos 3.432.711 pessoas no mundo, desde o final de dezembro de 2019, segundo um levantamento realizado pela ag\u00eancia de not\u00edcias AFP a partir de fontes oficiais. Mais de 165.093.780 casos de infe\u00e7\u00e3o foram oficialmente diagnosticados desde que foram anunciados os primeiros casos da doen\u00e7a, no final de [&hellip;]<\/p>\n","protected":false},"author":16,"featured_media":66708,"comment_status":"closed","ping_status":"closed","sticky":false,"template":"","format":"standard","meta":{"_exactmetrics_skip_tracking":false,"_exactmetrics_sitenote_active":false,"_exactmetrics_sitenote_note":"","_exactmetrics_sitenote_category":0,"footnotes":""},"categories":[42722],"tags":[26],"class_list":["post-66707","post","type-post","status-publish","format-standard","has-post-thumbnail","hentry","category-covid-19","tag-saude"],"yoast_head":"<!-- This site is optimized with the Yoast SEO Premium plugin v27.5 (Yoast SEO v27.5) - https:\/\/yoast.com\/product\/yoast-seo-premium-wordpress\/ -->\n<title>Pandemia j\u00e1 matou 3,43 milh\u00f5es de pessoas no mundo<\/title>\n<meta name=\"robots\" content=\"index, follow, max-snippet:-1, max-image-preview:large, max-video-preview:-1\" \/>\n<link rel=\"canonical\" href=\"https:\/\/www.altominho.tv\/site\/2021\/05\/21\/pandemia-ja-matou-343-milhoes-de-pessoas-no-mundo\/\" \/>\n<meta property=\"og:locale\" content=\"pt_PT\" \/>\n<meta property=\"og:type\" content=\"article\" \/>\n<meta property=\"og:title\" content=\"Pandemia j\u00e1 matou 3,43 milh\u00f5es de pessoas no mundo\" \/>\n<meta property=\"og:description\" content=\"A pandemia de covid-19 matou, at\u00e9 hoje, pelo menos 3.432.711 pessoas no mundo, desde o final de dezembro de 2019, segundo um levantamento realizado pela ag\u00eancia de not\u00edcias AFP a partir de fontes oficiais. Mais de 165.093.780 casos de infe\u00e7\u00e3o foram oficialmente diagnosticados desde que foram anunciados os primeiros casos da doen\u00e7a, no final de [&hellip;]\" \/>\n<meta property=\"og:url\" content=\"https:\/\/www.altominho.tv\/site\/2021\/05\/21\/pandemia-ja-matou-343-milhoes-de-pessoas-no-mundo\/\" \/>\n<meta property=\"og:site_name\" content=\"Altominho.tv\" \/>\n<meta property=\"article:publisher\" content=\"https:\/\/www.facebook.com\/altominhotv\" \/>\n<meta property=\"article:published_time\" content=\"2021-05-21T13:21:16+00:00\" \/>\n<meta property=\"article:modified_time\" content=\"2021-05-21T13:26:43+00:00\" \/>\n<meta property=\"og:image\" content=\"https:\/\/www.altominho.tv\/site\/wp-content\/uploads\/2021\/05\/covid-mortes.jpg\" \/>\n\t<meta property=\"og:image:width\" content=\"1500\" \/>\n\t<meta property=\"og:image:height\" content=\"1000\" \/>\n\t<meta property=\"og:image:type\" content=\"image\/jpeg\" \/>\n<meta name=\"author\" content=\"Andreia Cunha | Lusa\" \/>\n<meta name=\"twitter:card\" content=\"summary_large_image\" \/>\n<meta name=\"twitter:creator\" content=\"@altominhoTV\" \/>\n<meta name=\"twitter:site\" content=\"@altominhoTV\" \/>\n<meta name=\"twitter:label1\" content=\"Escrito por\" \/>\n\t<meta name=\"twitter:data1\" content=\"Andreia Cunha | Lusa\" \/>\n\t<meta name=\"twitter:label2\" content=\"Tempo estimado de leitura\" \/>\n\t<meta name=\"twitter:data2\" content=\"2 minutos\" \/>\n<script type=\"application\/ld+json\" class=\"yoast-schema-graph\">{\"@context\":\"https:\\\/\\\/schema.org\",\"@graph\":[{\"@type\":\"Article\",\"@id\":\"https:\\\/\\\/www.altominho.tv\\\/site\\\/2021\\\/05\\\/21\\\/pandemia-ja-matou-343-milhoes-de-pessoas-no-mundo\\\/#article\",\"isPartOf\":{\"@id\":\"https:\\\/\\\/www.altominho.tv\\\/site\\\/2021\\\/05\\\/21\\\/pandemia-ja-matou-343-milhoes-de-pessoas-no-mundo\\\/\"},\"author\":{\"name\":\"Andreia Cunha | Lusa\",\"@id\":\"https:\\\/\\\/www.altominho.tv\\\/site\\\/#\\\/schema\\\/person\\\/dbaf181c01b51ff40c9f461a905d321e\"},\"headline\":\"Pandemia j\u00e1 matou 3,43 milh\u00f5es de pessoas no mundo\",\"datePublished\":\"2021-05-21T13:21:16+00:00\",\"dateModified\":\"2021-05-21T13:26:43+00:00\",\"mainEntityOfPage\":{\"@id\":\"https:\\\/\\\/www.altominho.tv\\\/site\\\/2021\\\/05\\\/21\\\/pandemia-ja-matou-343-milhoes-de-pessoas-no-mundo\\\/\"},\"wordCount\":410,\"image\":{\"@id\":\"https:\\\/\\\/www.altominho.tv\\\/site\\\/2021\\\/05\\\/21\\\/pandemia-ja-matou-343-milhoes-de-pessoas-no-mundo\\\/#primaryimage\"},\"thumbnailUrl\":\"https:\\\/\\\/www.altominho.tv\\\/site\\\/wp-content\\\/uploads\\\/2021\\\/05\\\/covid-mortes.jpg\",\"keywords\":[\"Sa\u00fade\"],\"articleSection\":[\"Coronav\u00edrus\"],\"inLanguage\":\"pt-PT\",\"copyrightYear\":\"2021\",\"copyrightHolder\":{\"@id\":\"https:\\\/\\\/www.altominho.tv\\\/site\\\/#organization\"}},{\"@type\":\"WebPage\",\"@id\":\"https:\\\/\\\/www.altominho.tv\\\/site\\\/2021\\\/05\\\/21\\\/pandemia-ja-matou-343-milhoes-de-pessoas-no-mundo\\\/\",\"url\":\"https:\\\/\\\/www.altominho.tv\\\/site\\\/2021\\\/05\\\/21\\\/pandemia-ja-matou-343-milhoes-de-pessoas-no-mundo\\\/\",\"name\":\"Pandemia j\u00e1 matou 3,43 milh\u00f5es de pessoas no mundo\",\"isPartOf\":{\"@id\":\"https:\\\/\\\/www.altominho.tv\\\/site\\\/#website\"},\"primaryImageOfPage\":{\"@id\":\"https:\\\/\\\/www.altominho.tv\\\/site\\\/2021\\\/05\\\/21\\\/pandemia-ja-matou-343-milhoes-de-pessoas-no-mundo\\\/#primaryimage\"},\"image\":{\"@id\":\"https:\\\/\\\/www.altominho.tv\\\/site\\\/2021\\\/05\\\/21\\\/pandemia-ja-matou-343-milhoes-de-pessoas-no-mundo\\\/#primaryimage\"},\"thumbnailUrl\":\"https:\\\/\\\/www.altominho.tv\\\/site\\\/wp-content\\\/uploads\\\/2021\\\/05\\\/covid-mortes.jpg\",\"datePublished\":\"2021-05-21T13:21:16+00:00\",\"dateModified\":\"2021-05-21T13:26:43+00:00\",\"author\":{\"@id\":\"https:\\\/\\\/www.altominho.tv\\\/site\\\/#\\\/schema\\\/person\\\/dbaf181c01b51ff40c9f461a905d321e\"},\"breadcrumb\":{\"@id\":\"https:\\\/\\\/www.altominho.tv\\\/site\\\/2021\\\/05\\\/21\\\/pandemia-ja-matou-343-milhoes-de-pessoas-no-mundo\\\/#breadcrumb\"},\"inLanguage\":\"pt-PT\",\"potentialAction\":[{\"@type\":\"ReadAction\",\"target\":[\"https:\\\/\\\/www.altominho.tv\\\/site\\\/2021\\\/05\\\/21\\\/pandemia-ja-matou-343-milhoes-de-pessoas-no-mundo\\\/\"]}]},{\"@type\":\"ImageObject\",\"inLanguage\":\"pt-PT\",\"@id\":\"https:\\\/\\\/www.altominho.tv\\\/site\\\/2021\\\/05\\\/21\\\/pandemia-ja-matou-343-milhoes-de-pessoas-no-mundo\\\/#primaryimage\",\"url\":\"https:\\\/\\\/www.altominho.tv\\\/site\\\/wp-content\\\/uploads\\\/2021\\\/05\\\/covid-mortes.jpg\",\"contentUrl\":\"https:\\\/\\\/www.altominho.tv\\\/site\\\/wp-content\\\/uploads\\\/2021\\\/05\\\/covid-mortes.jpg\",\"width\":1500,\"height\":1000},{\"@type\":\"BreadcrumbList\",\"@id\":\"https:\\\/\\\/www.altominho.tv\\\/site\\\/2021\\\/05\\\/21\\\/pandemia-ja-matou-343-milhoes-de-pessoas-no-mundo\\\/#breadcrumb\",\"itemListElement\":[{\"@type\":\"ListItem\",\"position\":1,\"name\":\"In\u00edcio\",\"item\":\"https:\\\/\\\/www.altominho.tv\\\/site\\\/\"},{\"@type\":\"ListItem\",\"position\":2,\"name\":\"Pandemia j\u00e1 matou 3,43 milh\u00f5es de pessoas no mundo\"}]},{\"@type\":\"WebSite\",\"@id\":\"https:\\\/\\\/www.altominho.tv\\\/site\\\/#website\",\"url\":\"https:\\\/\\\/www.altominho.tv\\\/site\\\/\",\"name\":\"Altominho.tv\",\"description\":\"A sua regi\u00e3o \u00e0 dist\u00e2ncia de um clique...\",\"potentialAction\":[{\"@type\":\"SearchAction\",\"target\":{\"@type\":\"EntryPoint\",\"urlTemplate\":\"https:\\\/\\\/www.altominho.tv\\\/site\\\/?s={search_term_string}\"},\"query-input\":{\"@type\":\"PropertyValueSpecification\",\"valueRequired\":true,\"valueName\":\"search_term_string\"}}],\"inLanguage\":\"pt-PT\"},{\"@type\":\"Person\",\"@id\":\"https:\\\/\\\/www.altominho.tv\\\/site\\\/#\\\/schema\\\/person\\\/dbaf181c01b51ff40c9f461a905d321e\",\"name\":\"Andreia Cunha | Lusa\",\"image\":{\"@type\":\"ImageObject\",\"inLanguage\":\"pt-PT\",\"@id\":\"https:\\\/\\\/www.altominho.tv\\\/site\\\/wp-content\\\/uploads\\\/2017\\\/11\\\/Andreia_Cunha-1-150x150.jpg\",\"url\":\"https:\\\/\\\/www.altominho.tv\\\/site\\\/wp-content\\\/uploads\\\/2017\\\/11\\\/Andreia_Cunha-1-150x150.jpg\",\"contentUrl\":\"https:\\\/\\\/www.altominho.tv\\\/site\\\/wp-content\\\/uploads\\\/2017\\\/11\\\/Andreia_Cunha-1-150x150.jpg\",\"caption\":\"Andreia Cunha | Lusa\"},\"sameAs\":[\"https:\\\/\\\/www.altominho.tv\\\/site\"],\"url\":\"https:\\\/\\\/www.altominho.tv\\\/site\\\/author\\\/andreiacunhalusa\\\/\"}]}<\/script>\n<!-- \/ Yoast SEO Premium plugin. -->","yoast_head_json":{"title":"Pandemia j\u00e1 matou 3,43 milh\u00f5es de pessoas no mundo","robots":{"index":"index","follow":"follow","max-snippet":"max-snippet:-1","max-image-preview":"max-image-preview:large","max-video-preview":"max-video-preview:-1"},"canonical":"https:\/\/www.altominho.tv\/site\/2021\/05\/21\/pandemia-ja-matou-343-milhoes-de-pessoas-no-mundo\/","og_locale":"pt_PT","og_type":"article","og_title":"Pandemia j\u00e1 matou 3,43 milh\u00f5es de pessoas no mundo","og_description":"A pandemia de covid-19 matou, at\u00e9 hoje, pelo menos 3.432.711 pessoas no mundo, desde o final de dezembro de 2019, segundo um levantamento realizado pela ag\u00eancia de not\u00edcias AFP a partir de fontes oficiais. Mais de 165.093.780 casos de infe\u00e7\u00e3o foram oficialmente diagnosticados desde que foram anunciados os primeiros casos da doen\u00e7a, no final de [&hellip;]","og_url":"https:\/\/www.altominho.tv\/site\/2021\/05\/21\/pandemia-ja-matou-343-milhoes-de-pessoas-no-mundo\/","og_site_name":"Altominho.tv","article_publisher":"https:\/\/www.facebook.com\/altominhotv","article_published_time":"2021-05-21T13:21:16+00:00","article_modified_time":"2021-05-21T13:26:43+00:00","og_image":[{"width":1500,"height":1000,"url":"https:\/\/www.altominho.tv\/site\/wp-content\/uploads\/2021\/05\/covid-mortes.jpg","type":"image\/jpeg"}],"author":"Andreia Cunha | Lusa","twitter_card":"summary_large_image","twitter_creator":"@altominhoTV","twitter_site":"@altominhoTV","twitter_misc":{"Escrito por":"Andreia Cunha | Lusa","Tempo estimado de leitura":"2 minutos"},"schema":{"@context":"https:\/\/schema.org","@graph":[{"@type":"Article","@id":"https:\/\/www.altominho.tv\/site\/2021\/05\/21\/pandemia-ja-matou-343-milhoes-de-pessoas-no-mundo\/#article","isPartOf":{"@id":"https:\/\/www.altominho.tv\/site\/2021\/05\/21\/pandemia-ja-matou-343-milhoes-de-pessoas-no-mundo\/"},"author":{"name":"Andreia Cunha | Lusa","@id":"https:\/\/www.altominho.tv\/site\/#\/schema\/person\/dbaf181c01b51ff40c9f461a905d321e"},"headline":"Pandemia j\u00e1 matou 3,43 milh\u00f5es de pessoas no mundo","datePublished":"2021-05-21T13:21:16+00:00","dateModified":"2021-05-21T13:26:43+00:00","mainEntityOfPage":{"@id":"https:\/\/www.altominho.tv\/site\/2021\/05\/21\/pandemia-ja-matou-343-milhoes-de-pessoas-no-mundo\/"},"wordCount":410,"image":{"@id":"https:\/\/www.altominho.tv\/site\/2021\/05\/21\/pandemia-ja-matou-343-milhoes-de-pessoas-no-mundo\/#primaryimage"},"thumbnailUrl":"https:\/\/www.altominho.tv\/site\/wp-content\/uploads\/2021\/05\/covid-mortes.jpg","keywords":["Sa\u00fade"],"articleSection":["Coronav\u00edrus"],"inLanguage":"pt-PT","copyrightYear":"2021","copyrightHolder":{"@id":"https:\/\/www.altominho.tv\/site\/#organization"}},{"@type":"WebPage","@id":"https:\/\/www.altominho.tv\/site\/2021\/05\/21\/pandemia-ja-matou-343-milhoes-de-pessoas-no-mundo\/","url":"https:\/\/www.altominho.tv\/site\/2021\/05\/21\/pandemia-ja-matou-343-milhoes-de-pessoas-no-mundo\/","name":"Pandemia j\u00e1 matou 3,43 milh\u00f5es de pessoas no mundo","isPartOf":{"@id":"https:\/\/www.altominho.tv\/site\/#website"},"primaryImageOfPage":{"@id":"https:\/\/www.altominho.tv\/site\/2021\/05\/21\/pandemia-ja-matou-343-milhoes-de-pessoas-no-mundo\/#primaryimage"},"image":{"@id":"https:\/\/www.altominho.tv\/site\/2021\/05\/21\/pandemia-ja-matou-343-milhoes-de-pessoas-no-mundo\/#primaryimage"},"thumbnailUrl":"https:\/\/www.altominho.tv\/site\/wp-content\/uploads\/2021\/05\/covid-mortes.jpg","datePublished":"2021-05-21T13:21:16+00:00","dateModified":"2021-05-21T13:26:43+00:00","author":{"@id":"https:\/\/www.altominho.tv\/site\/#\/schema\/person\/dbaf181c01b51ff40c9f461a905d321e"},"breadcrumb":{"@id":"https:\/\/www.altominho.tv\/site\/2021\/05\/21\/pandemia-ja-matou-343-milhoes-de-pessoas-no-mundo\/#breadcrumb"},"inLanguage":"pt-PT","potentialAction":[{"@type":"ReadAction","target":["https:\/\/www.altominho.tv\/site\/2021\/05\/21\/pandemia-ja-matou-343-milhoes-de-pessoas-no-mundo\/"]}]},{"@type":"ImageObject","inLanguage":"pt-PT","@id":"https:\/\/www.altominho.tv\/site\/2021\/05\/21\/pandemia-ja-matou-343-milhoes-de-pessoas-no-mundo\/#primaryimage","url":"https:\/\/www.altominho.tv\/site\/wp-content\/uploads\/2021\/05\/covid-mortes.jpg","contentUrl":"https:\/\/www.altominho.tv\/site\/wp-content\/uploads\/2021\/05\/covid-mortes.jpg","width":1500,"height":1000},{"@type":"BreadcrumbList","@id":"https:\/\/www.altominho.tv\/site\/2021\/05\/21\/pandemia-ja-matou-343-milhoes-de-pessoas-no-mundo\/#breadcrumb","itemListElement":[{"@type":"ListItem","position":1,"name":"In\u00edcio","item":"https:\/\/www.altominho.tv\/site\/"},{"@type":"ListItem","position":2,"name":"Pandemia j\u00e1 matou 3,43 milh\u00f5es de pessoas no mundo"}]},{"@type":"WebSite","@id":"https:\/\/www.altominho.tv\/site\/#website","url":"https:\/\/www.altominho.tv\/site\/","name":"Altominho.tv","description":"A sua regi\u00e3o \u00e0 dist\u00e2ncia de um clique...","potentialAction":[{"@type":"SearchAction","target":{"@type":"EntryPoint","urlTemplate":"https:\/\/www.altominho.tv\/site\/?s={search_term_string}"},"query-input":{"@type":"PropertyValueSpecification","valueRequired":true,"valueName":"search_term_string"}}],"inLanguage":"pt-PT"},{"@type":"Person","@id":"https:\/\/www.altominho.tv\/site\/#\/schema\/person\/dbaf181c01b51ff40c9f461a905d321e","name":"Andreia Cunha | Lusa","image":{"@type":"ImageObject","inLanguage":"pt-PT","@id":"https:\/\/www.altominho.tv\/site\/wp-content\/uploads\/2017\/11\/Andreia_Cunha-1-150x150.jpg","url":"https:\/\/www.altominho.tv\/site\/wp-content\/uploads\/2017\/11\/Andreia_Cunha-1-150x150.jpg","contentUrl":"https:\/\/www.altominho.tv\/site\/wp-content\/uploads\/2017\/11\/Andreia_Cunha-1-150x150.jpg","caption":"Andreia Cunha | Lusa"},"sameAs":["https:\/\/www.altominho.tv\/site"],"url":"https:\/\/www.altominho.tv\/site\/author\/andreiacunhalusa\/"}]}},"_links":{"self":[{"href":"https:\/\/www.altominho.tv\/site\/wp-json\/wp\/v2\/posts\/66707","targetHints":{"allow":["GET"]}}],"collection":[{"href":"https:\/\/www.altominho.tv\/site\/wp-json\/wp\/v2\/posts"}],"about":[{"href":"https:\/\/www.altominho.tv\/site\/wp-json\/wp\/v2\/types\/post"}],"author":[{"embeddable":true,"href":"https:\/\/www.altominho.tv\/site\/wp-json\/wp\/v2\/users\/16"}],"replies":[{"embeddable":true,"href":"https:\/\/www.altominho.tv\/site\/wp-json\/wp\/v2\/comments?post=66707"}],"version-history":[{"count":0,"href":"https:\/\/www.altominho.tv\/site\/wp-json\/wp\/v2\/posts\/66707\/revisions"}],"wp:featuredmedia":[{"embeddable":true,"href":"https:\/\/www.altominho.tv\/site\/wp-json\/wp\/v2\/media\/66708"}],"wp:attachment":[{"href":"https:\/\/www.altominho.tv\/site\/wp-json\/wp\/v2\/media?parent=66707"}],"wp:term":[{"taxonomy":"category","embeddable":true,"href":"https:\/\/www.altominho.tv\/site\/wp-json\/wp\/v2\/categories?post=66707"},{"taxonomy":"post_tag","embeddable":true,"href":"https:\/\/www.altominho.tv\/site\/wp-json\/wp\/v2\/tags?post=66707"}],"curies":[{"name":"wp","href":"https:\/\/api.w.org\/{rel}","templated":true}]}}