{"id":66637,"date":"2021-05-20T10:34:10","date_gmt":"2021-05-20T09:34:10","guid":{"rendered":"https:\/\/www.altominho.tv\/site\/?p=66637"},"modified":"2021-05-20T13:59:57","modified_gmt":"2021-05-20T12:59:57","slug":"investimento-de-500-mil-euros-vai-requalificar-rede-viaria-em-tres-freguesias-de-cerveira","status":"publish","type":"post","link":"https:\/\/www.altominho.tv\/site\/2021\/05\/20\/investimento-de-500-mil-euros-vai-requalificar-rede-viaria-em-tres-freguesias-de-cerveira\/","title":{"rendered":"Investimento de 500 mil euros vai requalificar rede vi\u00e1ria em tr\u00eas freguesias de Cerveira"},"content":{"rendered":"<p>A C\u00e2mara de Vila Nova de Cerveira formalizou os contratos para as interven\u00e7\u00f5es na Estrada Municipal 512 e em v\u00e1rias ruas das freguesias de Reboreda e Nogueira, bem como a requalifica\u00e7\u00e3o da antiga Estrada Nacional (EN) 302 em Covas, num investimento total de 500 mil euros suportado pelo or\u00e7amento municipal.<\/p>\n<p>Estas interven\u00e7\u00f5es juntam-se \u00e0s restantes obras que est\u00e3o a decorrer na rede vi\u00e1ria municipal das 11 freguesias e uni\u00f5es de freguesias do concelho. Segundo o presidente da autarquia, \u201cos \u00faltimos anos t\u00eam sido marcados por um forte investimento na reabilita\u00e7\u00e3o da rede vi\u00e1ria do concelho, de forma a contribuir para elevar a qualidade de vida nas zonas residenciais com maior fluidez e seguran\u00e7a na circula\u00e7\u00e3o em todo o territ\u00f3rio municipal\u201d.<\/p>\n<p>\u201cS\u00f3 no corrente ano de 2021, entre investimento direto e as transfer\u00eancias para as freguesias, a beneficia\u00e7\u00e3o da rede vi\u00e1ria municipal ascende a mais de 1,7 milh\u00f5es de euros\u201d, acrescenta Fernando Nogueira, citado na nota enviada \u00e0 imprensa.<\/p>\n<p>Conclu\u00eddo o concurso p\u00fablico, as interven\u00e7\u00f5es agora contratualizadas v\u00e3o arrancar ainda durante este m\u00eas de maio, estando divididas em dois lotes.<\/p>\n<p>O primeiro engloba a pavimenta\u00e7\u00e3o, drenagens e sinaliza\u00e7\u00e3o horizontal da Estrada Municipal 512, da Rua da Lamela, da Rua de Novais e da Rua Ch\u00e3o da Carlota, com um prazo de execu\u00e7\u00e3o de quatro meses.<\/p>\n<p>J\u00e1 o segundo lote diz respeito \u00e0 requalifica\u00e7\u00e3o da antiga EN 302 em Covas, cujo projeto mais amplo de 7,7 quil\u00f3metros foi apresentado \u00e0 popula\u00e7\u00e3o, em sess\u00e3o p\u00fablica do passado dia 7 de maio. Por se tratar de um investimento total de 2.1 milh\u00f5es de euros, a empreitada ser\u00e1 dividida em tr\u00eas fases, com os primeiros trabalhos a avan\u00e7ar ainda durante este m\u00eas de maio, entre a Igreja Paroquial de Covas e a ponte sobre o rio Coura. A primeira fase prev\u00ea a cria\u00e7\u00e3o de passeios e a defini\u00e7\u00e3o de bermas, a resolu\u00e7\u00e3o de problemas hidr\u00e1ulicos, o refor\u00e7o de sinaliza\u00e7\u00e3o, a cria\u00e7\u00e3o de mais estacionamento, a reorganiza\u00e7\u00e3o de espa\u00e7os nomeadamente em frente \u00e0 sede da Junta de Freguesia e, por fim, a pavimenta\u00e7\u00e3o do piso. A execu\u00e7\u00e3o prevista \u00e9 de 150 dias.<\/p>\n<p>Na semana passada, a autarquia assinou outros dois contratos de beneficia\u00e7\u00e3o da rede vi\u00e1ria, num investimento de 500 mil euros, que vai contemplar a Estrada Municipal 516, a Rua de G\u00e1mil, a Rua de S. Roque, e a Estrada Municipal 516-1, a Travessa do Feital, a Rua Cova da Serpa e a Rua do Convento de S. Paio.<\/p>\n<p>&#8220;As presentes empreitadas integram um vasto plano de melhoria de vias de comunica\u00e7\u00e3o estruturantes, em v\u00e1rios pontos do concelho, proporcionando condi\u00e7\u00f5es de maior seguran\u00e7a, mobilidade e acessibilidade que at\u00e9 aqui n\u00e3o existem, quer para pe\u00f5es quer para condutores&#8221;, sustenta a autarquia.<\/p>\n","protected":false},"excerpt":{"rendered":"<p>A C\u00e2mara de Vila Nova de Cerveira formalizou os contratos para as interven\u00e7\u00f5es na Estrada Municipal 512 e em v\u00e1rias ruas das freguesias de Reboreda e Nogueira, bem como a requalifica\u00e7\u00e3o da antiga Estrada Nacional (EN) 302 em Covas, num investimento total de 500 mil euros suportado pelo or\u00e7amento municipal. Estas interven\u00e7\u00f5es juntam-se \u00e0s restantes [&hellip;]<\/p>\n","protected":false},"author":12,"featured_media":66641,"comment_status":"closed","ping_status":"closed","sticky":false,"template":"","format":"standard","meta":{"_exactmetrics_skip_tracking":false,"_exactmetrics_sitenote_active":false,"_exactmetrics_sitenote_note":"","_exactmetrics_sitenote_category":0,"footnotes":""},"categories":[15],"tags":[27],"class_list":["post-66637","post","type-post","status-publish","format-standard","has-post-thumbnail","hentry","category-vila-nova-de-cerveira","tag-sociedade"],"yoast_head":"<!-- This site is optimized with the Yoast SEO Premium plugin v27.5 (Yoast SEO v27.5) - https:\/\/yoast.com\/product\/yoast-seo-premium-wordpress\/ -->\n<title>Investimento de 500 mil euros vai requalificar rede vi\u00e1ria em tr\u00eas freguesias de Cerveira<\/title>\n<meta name=\"robots\" content=\"index, follow, max-snippet:-1, max-image-preview:large, max-video-preview:-1\" \/>\n<link rel=\"canonical\" href=\"https:\/\/www.altominho.tv\/site\/2021\/05\/20\/investimento-de-500-mil-euros-vai-requalificar-rede-viaria-em-tres-freguesias-de-cerveira\/\" \/>\n<meta property=\"og:locale\" content=\"pt_PT\" \/>\n<meta property=\"og:type\" content=\"article\" \/>\n<meta property=\"og:title\" content=\"Investimento de 500 mil euros vai requalificar rede vi\u00e1ria em tr\u00eas freguesias de Cerveira\" \/>\n<meta property=\"og:description\" content=\"A C\u00e2mara de Vila Nova de Cerveira formalizou os contratos para as interven\u00e7\u00f5es na Estrada Municipal 512 e em v\u00e1rias ruas das freguesias de Reboreda e Nogueira, bem como a requalifica\u00e7\u00e3o da antiga Estrada Nacional (EN) 302 em Covas, num investimento total de 500 mil euros suportado pelo or\u00e7amento municipal. Estas interven\u00e7\u00f5es juntam-se \u00e0s restantes [&hellip;]\" \/>\n<meta property=\"og:url\" content=\"https:\/\/www.altominho.tv\/site\/2021\/05\/20\/investimento-de-500-mil-euros-vai-requalificar-rede-viaria-em-tres-freguesias-de-cerveira\/\" \/>\n<meta property=\"og:site_name\" content=\"Altominho.tv\" \/>\n<meta property=\"article:publisher\" content=\"https:\/\/www.facebook.com\/altominhotv\" \/>\n<meta property=\"article:published_time\" content=\"2021-05-20T09:34:10+00:00\" \/>\n<meta property=\"article:modified_time\" content=\"2021-05-20T12:59:57+00:00\" \/>\n<meta property=\"og:image\" content=\"https:\/\/www.altominho.tv\/site\/wp-content\/uploads\/2021\/05\/Captura-de-ecra\u0303-2021-05-20-a\u0300s-09.54.32.png\" \/>\n\t<meta property=\"og:image:width\" content=\"829\" \/>\n\t<meta property=\"og:image:height\" content=\"453\" \/>\n\t<meta property=\"og:image:type\" content=\"image\/png\" \/>\n<meta name=\"author\" content=\"Andreia Ferreira\" \/>\n<meta name=\"twitter:card\" content=\"summary_large_image\" \/>\n<meta name=\"twitter:creator\" content=\"@altominhoTV\" \/>\n<meta name=\"twitter:site\" content=\"@altominhoTV\" \/>\n<meta name=\"twitter:label1\" content=\"Escrito por\" \/>\n\t<meta name=\"twitter:data1\" content=\"Andreia Ferreira\" \/>\n\t<meta name=\"twitter:label2\" content=\"Tempo estimado de leitura\" \/>\n\t<meta name=\"twitter:data2\" content=\"2 minutos\" \/>\n<script type=\"application\/ld+json\" class=\"yoast-schema-graph\">{\"@context\":\"https:\\\/\\\/schema.org\",\"@graph\":[{\"@type\":\"Article\",\"@id\":\"https:\\\/\\\/www.altominho.tv\\\/site\\\/2021\\\/05\\\/20\\\/investimento-de-500-mil-euros-vai-requalificar-rede-viaria-em-tres-freguesias-de-cerveira\\\/#article\",\"isPartOf\":{\"@id\":\"https:\\\/\\\/www.altominho.tv\\\/site\\\/2021\\\/05\\\/20\\\/investimento-de-500-mil-euros-vai-requalificar-rede-viaria-em-tres-freguesias-de-cerveira\\\/\"},\"author\":{\"name\":\"Andreia Ferreira\",\"@id\":\"https:\\\/\\\/www.altominho.tv\\\/site\\\/#\\\/schema\\\/person\\\/d9be4265364723f14ea8e0d56a1d38cd\"},\"headline\":\"Investimento de 500 mil euros vai requalificar rede vi\u00e1ria em tr\u00eas freguesias de Cerveira\",\"datePublished\":\"2021-05-20T09:34:10+00:00\",\"dateModified\":\"2021-05-20T12:59:57+00:00\",\"mainEntityOfPage\":{\"@id\":\"https:\\\/\\\/www.altominho.tv\\\/site\\\/2021\\\/05\\\/20\\\/investimento-de-500-mil-euros-vai-requalificar-rede-viaria-em-tres-freguesias-de-cerveira\\\/\"},\"wordCount\":498,\"image\":{\"@id\":\"https:\\\/\\\/www.altominho.tv\\\/site\\\/2021\\\/05\\\/20\\\/investimento-de-500-mil-euros-vai-requalificar-rede-viaria-em-tres-freguesias-de-cerveira\\\/#primaryimage\"},\"thumbnailUrl\":\"https:\\\/\\\/www.altominho.tv\\\/site\\\/wp-content\\\/uploads\\\/2021\\\/05\\\/Captura-de-ecra\u0303-2021-05-20-a\u0300s-09.54.32.png\",\"keywords\":[\"Sociedade\"],\"articleSection\":[\"Vila Nova de Cerveira\"],\"inLanguage\":\"pt-PT\",\"copyrightYear\":\"2021\",\"copyrightHolder\":{\"@id\":\"https:\\\/\\\/www.altominho.tv\\\/site\\\/#organization\"}},{\"@type\":\"WebPage\",\"@id\":\"https:\\\/\\\/www.altominho.tv\\\/site\\\/2021\\\/05\\\/20\\\/investimento-de-500-mil-euros-vai-requalificar-rede-viaria-em-tres-freguesias-de-cerveira\\\/\",\"url\":\"https:\\\/\\\/www.altominho.tv\\\/site\\\/2021\\\/05\\\/20\\\/investimento-de-500-mil-euros-vai-requalificar-rede-viaria-em-tres-freguesias-de-cerveira\\\/\",\"name\":\"Investimento de 500 mil euros vai requalificar rede vi\u00e1ria em tr\u00eas freguesias de Cerveira\",\"isPartOf\":{\"@id\":\"https:\\\/\\\/www.altominho.tv\\\/site\\\/#website\"},\"primaryImageOfPage\":{\"@id\":\"https:\\\/\\\/www.altominho.tv\\\/site\\\/2021\\\/05\\\/20\\\/investimento-de-500-mil-euros-vai-requalificar-rede-viaria-em-tres-freguesias-de-cerveira\\\/#primaryimage\"},\"image\":{\"@id\":\"https:\\\/\\\/www.altominho.tv\\\/site\\\/2021\\\/05\\\/20\\\/investimento-de-500-mil-euros-vai-requalificar-rede-viaria-em-tres-freguesias-de-cerveira\\\/#primaryimage\"},\"thumbnailUrl\":\"https:\\\/\\\/www.altominho.tv\\\/site\\\/wp-content\\\/uploads\\\/2021\\\/05\\\/Captura-de-ecra\u0303-2021-05-20-a\u0300s-09.54.32.png\",\"datePublished\":\"2021-05-20T09:34:10+00:00\",\"dateModified\":\"2021-05-20T12:59:57+00:00\",\"author\":{\"@id\":\"https:\\\/\\\/www.altominho.tv\\\/site\\\/#\\\/schema\\\/person\\\/d9be4265364723f14ea8e0d56a1d38cd\"},\"breadcrumb\":{\"@id\":\"https:\\\/\\\/www.altominho.tv\\\/site\\\/2021\\\/05\\\/20\\\/investimento-de-500-mil-euros-vai-requalificar-rede-viaria-em-tres-freguesias-de-cerveira\\\/#breadcrumb\"},\"inLanguage\":\"pt-PT\",\"potentialAction\":[{\"@type\":\"ReadAction\",\"target\":[\"https:\\\/\\\/www.altominho.tv\\\/site\\\/2021\\\/05\\\/20\\\/investimento-de-500-mil-euros-vai-requalificar-rede-viaria-em-tres-freguesias-de-cerveira\\\/\"]}]},{\"@type\":\"ImageObject\",\"inLanguage\":\"pt-PT\",\"@id\":\"https:\\\/\\\/www.altominho.tv\\\/site\\\/2021\\\/05\\\/20\\\/investimento-de-500-mil-euros-vai-requalificar-rede-viaria-em-tres-freguesias-de-cerveira\\\/#primaryimage\",\"url\":\"https:\\\/\\\/www.altominho.tv\\\/site\\\/wp-content\\\/uploads\\\/2021\\\/05\\\/Captura-de-ecra\u0303-2021-05-20-a\u0300s-09.54.32.png\",\"contentUrl\":\"https:\\\/\\\/www.altominho.tv\\\/site\\\/wp-content\\\/uploads\\\/2021\\\/05\\\/Captura-de-ecra\u0303-2021-05-20-a\u0300s-09.54.32.png\",\"width\":829,\"height\":453},{\"@type\":\"BreadcrumbList\",\"@id\":\"https:\\\/\\\/www.altominho.tv\\\/site\\\/2021\\\/05\\\/20\\\/investimento-de-500-mil-euros-vai-requalificar-rede-viaria-em-tres-freguesias-de-cerveira\\\/#breadcrumb\",\"itemListElement\":[{\"@type\":\"ListItem\",\"position\":1,\"name\":\"In\u00edcio\",\"item\":\"https:\\\/\\\/www.altominho.tv\\\/site\\\/\"},{\"@type\":\"ListItem\",\"position\":2,\"name\":\"Investimento de 500 mil euros vai requalificar rede vi\u00e1ria em tr\u00eas freguesias de Cerveira\"}]},{\"@type\":\"WebSite\",\"@id\":\"https:\\\/\\\/www.altominho.tv\\\/site\\\/#website\",\"url\":\"https:\\\/\\\/www.altominho.tv\\\/site\\\/\",\"name\":\"Altominho.tv\",\"description\":\"A sua regi\u00e3o \u00e0 dist\u00e2ncia de um clique...\",\"potentialAction\":[{\"@type\":\"SearchAction\",\"target\":{\"@type\":\"EntryPoint\",\"urlTemplate\":\"https:\\\/\\\/www.altominho.tv\\\/site\\\/?s={search_term_string}\"},\"query-input\":{\"@type\":\"PropertyValueSpecification\",\"valueRequired\":true,\"valueName\":\"search_term_string\"}}],\"inLanguage\":\"pt-PT\"},{\"@type\":\"Person\",\"@id\":\"https:\\\/\\\/www.altominho.tv\\\/site\\\/#\\\/schema\\\/person\\\/d9be4265364723f14ea8e0d56a1d38cd\",\"name\":\"Andreia Ferreira\",\"image\":{\"@type\":\"ImageObject\",\"inLanguage\":\"pt-PT\",\"@id\":\"https:\\\/\\\/www.altominho.tv\\\/site\\\/wp-content\\\/uploads\\\/2021\\\/01\\\/AndreiaFerreira-150x150.jpg\",\"url\":\"https:\\\/\\\/www.altominho.tv\\\/site\\\/wp-content\\\/uploads\\\/2021\\\/01\\\/AndreiaFerreira-150x150.jpg\",\"contentUrl\":\"https:\\\/\\\/www.altominho.tv\\\/site\\\/wp-content\\\/uploads\\\/2021\\\/01\\\/AndreiaFerreira-150x150.jpg\",\"caption\":\"Andreia Ferreira\"},\"url\":\"https:\\\/\\\/www.altominho.tv\\\/site\\\/author\\\/andreiaferreira\\\/\"}]}<\/script>\n<!-- \/ Yoast SEO Premium plugin. -->","yoast_head_json":{"title":"Investimento de 500 mil euros vai requalificar rede vi\u00e1ria em tr\u00eas freguesias de Cerveira","robots":{"index":"index","follow":"follow","max-snippet":"max-snippet:-1","max-image-preview":"max-image-preview:large","max-video-preview":"max-video-preview:-1"},"canonical":"https:\/\/www.altominho.tv\/site\/2021\/05\/20\/investimento-de-500-mil-euros-vai-requalificar-rede-viaria-em-tres-freguesias-de-cerveira\/","og_locale":"pt_PT","og_type":"article","og_title":"Investimento de 500 mil euros vai requalificar rede vi\u00e1ria em tr\u00eas freguesias de Cerveira","og_description":"A C\u00e2mara de Vila Nova de Cerveira formalizou os contratos para as interven\u00e7\u00f5es na Estrada Municipal 512 e em v\u00e1rias ruas das freguesias de Reboreda e Nogueira, bem como a requalifica\u00e7\u00e3o da antiga Estrada Nacional (EN) 302 em Covas, num investimento total de 500 mil euros suportado pelo or\u00e7amento municipal. Estas interven\u00e7\u00f5es juntam-se \u00e0s restantes [&hellip;]","og_url":"https:\/\/www.altominho.tv\/site\/2021\/05\/20\/investimento-de-500-mil-euros-vai-requalificar-rede-viaria-em-tres-freguesias-de-cerveira\/","og_site_name":"Altominho.tv","article_publisher":"https:\/\/www.facebook.com\/altominhotv","article_published_time":"2021-05-20T09:34:10+00:00","article_modified_time":"2021-05-20T12:59:57+00:00","og_image":[{"width":829,"height":453,"url":"https:\/\/www.altominho.tv\/site\/wp-content\/uploads\/2021\/05\/Captura-de-ecra\u0303-2021-05-20-a\u0300s-09.54.32.png","type":"image\/png"}],"author":"Andreia Ferreira","twitter_card":"summary_large_image","twitter_creator":"@altominhoTV","twitter_site":"@altominhoTV","twitter_misc":{"Escrito por":"Andreia Ferreira","Tempo estimado de leitura":"2 minutos"},"schema":{"@context":"https:\/\/schema.org","@graph":[{"@type":"Article","@id":"https:\/\/www.altominho.tv\/site\/2021\/05\/20\/investimento-de-500-mil-euros-vai-requalificar-rede-viaria-em-tres-freguesias-de-cerveira\/#article","isPartOf":{"@id":"https:\/\/www.altominho.tv\/site\/2021\/05\/20\/investimento-de-500-mil-euros-vai-requalificar-rede-viaria-em-tres-freguesias-de-cerveira\/"},"author":{"name":"Andreia Ferreira","@id":"https:\/\/www.altominho.tv\/site\/#\/schema\/person\/d9be4265364723f14ea8e0d56a1d38cd"},"headline":"Investimento de 500 mil euros vai requalificar rede vi\u00e1ria em tr\u00eas freguesias de Cerveira","datePublished":"2021-05-20T09:34:10+00:00","dateModified":"2021-05-20T12:59:57+00:00","mainEntityOfPage":{"@id":"https:\/\/www.altominho.tv\/site\/2021\/05\/20\/investimento-de-500-mil-euros-vai-requalificar-rede-viaria-em-tres-freguesias-de-cerveira\/"},"wordCount":498,"image":{"@id":"https:\/\/www.altominho.tv\/site\/2021\/05\/20\/investimento-de-500-mil-euros-vai-requalificar-rede-viaria-em-tres-freguesias-de-cerveira\/#primaryimage"},"thumbnailUrl":"https:\/\/www.altominho.tv\/site\/wp-content\/uploads\/2021\/05\/Captura-de-ecra\u0303-2021-05-20-a\u0300s-09.54.32.png","keywords":["Sociedade"],"articleSection":["Vila Nova de Cerveira"],"inLanguage":"pt-PT","copyrightYear":"2021","copyrightHolder":{"@id":"https:\/\/www.altominho.tv\/site\/#organization"}},{"@type":"WebPage","@id":"https:\/\/www.altominho.tv\/site\/2021\/05\/20\/investimento-de-500-mil-euros-vai-requalificar-rede-viaria-em-tres-freguesias-de-cerveira\/","url":"https:\/\/www.altominho.tv\/site\/2021\/05\/20\/investimento-de-500-mil-euros-vai-requalificar-rede-viaria-em-tres-freguesias-de-cerveira\/","name":"Investimento de 500 mil euros vai requalificar rede vi\u00e1ria em tr\u00eas freguesias de Cerveira","isPartOf":{"@id":"https:\/\/www.altominho.tv\/site\/#website"},"primaryImageOfPage":{"@id":"https:\/\/www.altominho.tv\/site\/2021\/05\/20\/investimento-de-500-mil-euros-vai-requalificar-rede-viaria-em-tres-freguesias-de-cerveira\/#primaryimage"},"image":{"@id":"https:\/\/www.altominho.tv\/site\/2021\/05\/20\/investimento-de-500-mil-euros-vai-requalificar-rede-viaria-em-tres-freguesias-de-cerveira\/#primaryimage"},"thumbnailUrl":"https:\/\/www.altominho.tv\/site\/wp-content\/uploads\/2021\/05\/Captura-de-ecra\u0303-2021-05-20-a\u0300s-09.54.32.png","datePublished":"2021-05-20T09:34:10+00:00","dateModified":"2021-05-20T12:59:57+00:00","author":{"@id":"https:\/\/www.altominho.tv\/site\/#\/schema\/person\/d9be4265364723f14ea8e0d56a1d38cd"},"breadcrumb":{"@id":"https:\/\/www.altominho.tv\/site\/2021\/05\/20\/investimento-de-500-mil-euros-vai-requalificar-rede-viaria-em-tres-freguesias-de-cerveira\/#breadcrumb"},"inLanguage":"pt-PT","potentialAction":[{"@type":"ReadAction","target":["https:\/\/www.altominho.tv\/site\/2021\/05\/20\/investimento-de-500-mil-euros-vai-requalificar-rede-viaria-em-tres-freguesias-de-cerveira\/"]}]},{"@type":"ImageObject","inLanguage":"pt-PT","@id":"https:\/\/www.altominho.tv\/site\/2021\/05\/20\/investimento-de-500-mil-euros-vai-requalificar-rede-viaria-em-tres-freguesias-de-cerveira\/#primaryimage","url":"https:\/\/www.altominho.tv\/site\/wp-content\/uploads\/2021\/05\/Captura-de-ecra\u0303-2021-05-20-a\u0300s-09.54.32.png","contentUrl":"https:\/\/www.altominho.tv\/site\/wp-content\/uploads\/2021\/05\/Captura-de-ecra\u0303-2021-05-20-a\u0300s-09.54.32.png","width":829,"height":453},{"@type":"BreadcrumbList","@id":"https:\/\/www.altominho.tv\/site\/2021\/05\/20\/investimento-de-500-mil-euros-vai-requalificar-rede-viaria-em-tres-freguesias-de-cerveira\/#breadcrumb","itemListElement":[{"@type":"ListItem","position":1,"name":"In\u00edcio","item":"https:\/\/www.altominho.tv\/site\/"},{"@type":"ListItem","position":2,"name":"Investimento de 500 mil euros vai requalificar rede vi\u00e1ria em tr\u00eas freguesias de Cerveira"}]},{"@type":"WebSite","@id":"https:\/\/www.altominho.tv\/site\/#website","url":"https:\/\/www.altominho.tv\/site\/","name":"Altominho.tv","description":"A sua regi\u00e3o \u00e0 dist\u00e2ncia de um clique...","potentialAction":[{"@type":"SearchAction","target":{"@type":"EntryPoint","urlTemplate":"https:\/\/www.altominho.tv\/site\/?s={search_term_string}"},"query-input":{"@type":"PropertyValueSpecification","valueRequired":true,"valueName":"search_term_string"}}],"inLanguage":"pt-PT"},{"@type":"Person","@id":"https:\/\/www.altominho.tv\/site\/#\/schema\/person\/d9be4265364723f14ea8e0d56a1d38cd","name":"Andreia Ferreira","image":{"@type":"ImageObject","inLanguage":"pt-PT","@id":"https:\/\/www.altominho.tv\/site\/wp-content\/uploads\/2021\/01\/AndreiaFerreira-150x150.jpg","url":"https:\/\/www.altominho.tv\/site\/wp-content\/uploads\/2021\/01\/AndreiaFerreira-150x150.jpg","contentUrl":"https:\/\/www.altominho.tv\/site\/wp-content\/uploads\/2021\/01\/AndreiaFerreira-150x150.jpg","caption":"Andreia Ferreira"},"url":"https:\/\/www.altominho.tv\/site\/author\/andreiaferreira\/"}]}},"_links":{"self":[{"href":"https:\/\/www.altominho.tv\/site\/wp-json\/wp\/v2\/posts\/66637","targetHints":{"allow":["GET"]}}],"collection":[{"href":"https:\/\/www.altominho.tv\/site\/wp-json\/wp\/v2\/posts"}],"about":[{"href":"https:\/\/www.altominho.tv\/site\/wp-json\/wp\/v2\/types\/post"}],"author":[{"embeddable":true,"href":"https:\/\/www.altominho.tv\/site\/wp-json\/wp\/v2\/users\/12"}],"replies":[{"embeddable":true,"href":"https:\/\/www.altominho.tv\/site\/wp-json\/wp\/v2\/comments?post=66637"}],"version-history":[{"count":0,"href":"https:\/\/www.altominho.tv\/site\/wp-json\/wp\/v2\/posts\/66637\/revisions"}],"wp:featuredmedia":[{"embeddable":true,"href":"https:\/\/www.altominho.tv\/site\/wp-json\/wp\/v2\/media\/66641"}],"wp:attachment":[{"href":"https:\/\/www.altominho.tv\/site\/wp-json\/wp\/v2\/media?parent=66637"}],"wp:term":[{"taxonomy":"category","embeddable":true,"href":"https:\/\/www.altominho.tv\/site\/wp-json\/wp\/v2\/categories?post=66637"},{"taxonomy":"post_tag","embeddable":true,"href":"https:\/\/www.altominho.tv\/site\/wp-json\/wp\/v2\/tags?post=66637"}],"curies":[{"name":"wp","href":"https:\/\/api.w.org\/{rel}","templated":true}]}}