{"id":66605,"date":"2021-05-19T12:20:39","date_gmt":"2021-05-19T11:20:39","guid":{"rendered":"https:\/\/www.altominho.tv\/site\/?p=66605"},"modified":"2021-05-19T14:26:46","modified_gmt":"2021-05-19T13:26:46","slug":"alto-minho-ja-administrou-mais-de-128-mil-doses-de-vacinas","status":"publish","type":"post","link":"https:\/\/www.altominho.tv\/site\/2021\/05\/19\/alto-minho-ja-administrou-mais-de-128-mil-doses-de-vacinas\/","title":{"rendered":"Alto Minho j\u00e1 administrou mais de 128 mil doses de vacinas"},"content":{"rendered":"<p>No distrito de Viana do Castelo j\u00e1 foram administradas 128.723 vacinas contra a Covid-19 \u2014\u200b 88.192 destas correspondentes a primeiras doses e 40.531 a segundas doses \u2014 desde que o programa de vacina\u00e7\u00e3o teve in\u00edcio, a 27 de dezembro, segundo a atualiza\u00e7\u00e3o mais recente da Unidade Local de Sa\u00fade do Alto Minho (ULSAM).<\/p>\n<p>O relat\u00f3rio da vacina\u00e7\u00e3o no Alto Minho, divulgado esta quarta-feira, indica que, at\u00e9 ao dia 16 de maio, a ULSAM recebeu 129.432 doses de vacinas, mais 11.524 do que na semana anterior.<\/p>\n<p><img loading=\"lazy\" decoding=\"async\" class=\"alignnone size-full wp-image-66606\" src=\"https:\/\/www.altominho.tv\/site\/wp-content\/uploads\/2021\/05\/Captura-de-ecra\u0303-2021-05-19-a\u0300s-12.14.16.png\" alt=\"\" width=\"769\" height=\"368\" srcset=\"https:\/\/www.altominho.tv\/site\/wp-content\/uploads\/2021\/05\/Captura-de-ecra\u0303-2021-05-19-a\u0300s-12.14.16.png 769w, https:\/\/www.altominho.tv\/site\/wp-content\/uploads\/2021\/05\/Captura-de-ecra\u0303-2021-05-19-a\u0300s-12.14.16-370x177.png 370w, https:\/\/www.altominho.tv\/site\/wp-content\/uploads\/2021\/05\/Captura-de-ecra\u0303-2021-05-19-a\u0300s-12.14.16-270x129.png 270w, https:\/\/www.altominho.tv\/site\/wp-content\/uploads\/2021\/05\/Captura-de-ecra\u0303-2021-05-19-a\u0300s-12.14.16-570x273.png 570w, https:\/\/www.altominho.tv\/site\/wp-content\/uploads\/2021\/05\/Captura-de-ecra\u0303-2021-05-19-a\u0300s-12.14.16-740x354.png 740w\" sizes=\"auto, (max-width: 769px) 100vw, 769px\" \/><\/p>\n<p>At\u00e9 ao \u00faltimo domingo, o n\u00famero total de pessoas com vacina\u00e7\u00e3o completa representava 15,9% da popula\u00e7\u00e3o inscrita na ULSAM, enquanto que 34,7% recebeu a primeira dose.<\/p>\n<p>J\u00e1 foram administradas 123.444 doses na comunidade, sendo que a maioria foi administrada a pessoas com mais de 80 anos.<\/p>\n<p>Ainda de acordo com o relat\u00f3rio da ULSAM, foram administradas 14.089 vacinas no concelho de Arcos de Valdevez, 10.152 em Caminha, 6521 em Melga\u00e7o, 10.998 em Mon\u00e7\u00e3o, 5906 em Paredes de Coura, em 6627 em Ponte da Barca, 21.131 em Ponte de Lima, 6959 em Valen\u00e7a, 41.499 em Viana do Castelo e 4841 em Vila Nova de Cerveira.<\/p>\n<p><img loading=\"lazy\" decoding=\"async\" class=\"size-medium wp-image-66607 aligncenter\" src=\"https:\/\/www.altominho.tv\/site\/wp-content\/uploads\/2021\/05\/Captura-de-ecra\u0303-2021-05-19-a\u0300s-12.18.35-509x433.png\" alt=\"\" width=\"509\" height=\"433\" srcset=\"https:\/\/www.altominho.tv\/site\/wp-content\/uploads\/2021\/05\/Captura-de-ecra\u0303-2021-05-19-a\u0300s-12.18.35-509x433.png 509w, https:\/\/www.altominho.tv\/site\/wp-content\/uploads\/2021\/05\/Captura-de-ecra\u0303-2021-05-19-a\u0300s-12.18.35-370x315.png 370w, https:\/\/www.altominho.tv\/site\/wp-content\/uploads\/2021\/05\/Captura-de-ecra\u0303-2021-05-19-a\u0300s-12.18.35-270x230.png 270w, https:\/\/www.altominho.tv\/site\/wp-content\/uploads\/2021\/05\/Captura-de-ecra\u0303-2021-05-19-a\u0300s-12.18.35-570x485.png 570w, https:\/\/www.altominho.tv\/site\/wp-content\/uploads\/2021\/05\/Captura-de-ecra\u0303-2021-05-19-a\u0300s-12.18.35-740x630.png 740w, https:\/\/www.altominho.tv\/site\/wp-content\/uploads\/2021\/05\/Captura-de-ecra\u0303-2021-05-19-a\u0300s-12.18.35.png 752w\" sizes=\"auto, (max-width: 509px) 100vw, 509px\" \/><img loading=\"lazy\" decoding=\"async\" class=\"size-medium wp-image-66608 aligncenter\" src=\"https:\/\/www.altominho.tv\/site\/wp-content\/uploads\/2021\/05\/Captura-de-ecra\u0303-2021-05-19-a\u0300s-12.18.42-482x433.png\" alt=\"\" width=\"482\" height=\"433\" srcset=\"https:\/\/www.altominho.tv\/site\/wp-content\/uploads\/2021\/05\/Captura-de-ecra\u0303-2021-05-19-a\u0300s-12.18.42-482x433.png 482w, https:\/\/www.altominho.tv\/site\/wp-content\/uploads\/2021\/05\/Captura-de-ecra\u0303-2021-05-19-a\u0300s-12.18.42-370x332.png 370w, https:\/\/www.altominho.tv\/site\/wp-content\/uploads\/2021\/05\/Captura-de-ecra\u0303-2021-05-19-a\u0300s-12.18.42-335x300.png 335w, https:\/\/www.altominho.tv\/site\/wp-content\/uploads\/2021\/05\/Captura-de-ecra\u0303-2021-05-19-a\u0300s-12.18.42-270x242.png 270w, https:\/\/www.altominho.tv\/site\/wp-content\/uploads\/2021\/05\/Captura-de-ecra\u0303-2021-05-19-a\u0300s-12.18.42-570x512.png 570w, https:\/\/www.altominho.tv\/site\/wp-content\/uploads\/2021\/05\/Captura-de-ecra\u0303-2021-05-19-a\u0300s-12.18.42.png 736w\" sizes=\"auto, (max-width: 482px) 100vw, 482px\" \/><\/p>\n","protected":false},"excerpt":{"rendered":"<p>No distrito de Viana do Castelo j\u00e1 foram administradas 128.723 vacinas contra a Covid-19 \u2014\u200b 88.192 destas correspondentes a primeiras doses e 40.531 a segundas doses \u2014 desde que o programa de vacina\u00e7\u00e3o teve in\u00edcio, a 27 de dezembro, segundo a atualiza\u00e7\u00e3o mais recente da Unidade Local de Sa\u00fade do Alto Minho (ULSAM). O relat\u00f3rio [&hellip;]<\/p>\n","protected":false},"author":10,"featured_media":64419,"comment_status":"closed","ping_status":"closed","sticky":false,"template":"","format":"standard","meta":{"_exactmetrics_skip_tracking":false,"footnotes":""},"categories":[73],"tags":[26,27],"class_list":["post-66605","post","type-post","status-publish","format-standard","has-post-thumbnail","hentry","category-alto-minho","tag-saude","tag-sociedade"],"yoast_head":"<!-- This site is optimized with the Yoast SEO Premium plugin v28.3 (Yoast SEO v28.3) - https:\/\/yoast.com\/product\/yoast-seo-premium-wordpress\/ -->\n<title>Alto Minho j\u00e1 administrou mais de 128 mil doses de vacinas<\/title>\n<meta name=\"robots\" content=\"index, follow, max-snippet:-1, max-image-preview:large, max-video-preview:-1\" \/>\n<link rel=\"canonical\" href=\"https:\/\/www.altominho.tv\/site\/2021\/05\/19\/alto-minho-ja-administrou-mais-de-128-mil-doses-de-vacinas\/\" \/>\n<meta property=\"og:locale\" content=\"pt_PT\" \/>\n<meta property=\"og:type\" content=\"article\" \/>\n<meta property=\"og:title\" content=\"Alto Minho j\u00e1 administrou mais de 128 mil doses de vacinas\" \/>\n<meta property=\"og:description\" content=\"No distrito de Viana do Castelo j\u00e1 foram administradas 128.723 vacinas contra a Covid-19 \u2014\u200b 88.192 destas correspondentes a primeiras doses e 40.531 a segundas doses \u2014 desde que o programa de vacina\u00e7\u00e3o teve in\u00edcio, a 27 de dezembro, segundo a atualiza\u00e7\u00e3o mais recente da Unidade Local de Sa\u00fade do Alto Minho (ULSAM). O relat\u00f3rio [&hellip;]\" \/>\n<meta property=\"og:url\" content=\"https:\/\/www.altominho.tv\/site\/2021\/05\/19\/alto-minho-ja-administrou-mais-de-128-mil-doses-de-vacinas\/\" \/>\n<meta property=\"og:site_name\" content=\"Altominho.tv\" \/>\n<meta property=\"article:publisher\" content=\"https:\/\/www.facebook.com\/altominhotv\" \/>\n<meta property=\"article:published_time\" content=\"2021-05-19T11:20:39+00:00\" \/>\n<meta property=\"article:modified_time\" content=\"2021-05-19T13:26:46+00:00\" \/>\n<meta property=\"og:image\" content=\"https:\/\/www.altominho.tv\/site\/wp-content\/uploads\/2021\/03\/foto-profe.jpg\" \/>\n\t<meta property=\"og:image:width\" content=\"1920\" \/>\n\t<meta property=\"og:image:height\" content=\"1080\" \/>\n\t<meta property=\"og:image:type\" content=\"image\/jpeg\" \/>\n<meta name=\"author\" content=\"Andreia Barreiro\" \/>\n<meta name=\"twitter:card\" content=\"summary_large_image\" \/>\n<meta name=\"twitter:creator\" content=\"@altominhoTV\" \/>\n<meta name=\"twitter:site\" content=\"@altominhoTV\" \/>\n<meta name=\"twitter:label1\" content=\"Escrito por\" \/>\n\t<meta name=\"twitter:data1\" content=\"Andreia Barreiro\" \/>\n\t<meta name=\"twitter:label2\" content=\"Tempo estimado de leitura\" \/>\n\t<meta name=\"twitter:data2\" content=\"1 minuto\" \/>\n<script type=\"application\/ld+json\" class=\"yoast-schema-graph\">{\"@context\":\"https:\\\/\\\/schema.org\",\"@graph\":[{\"@type\":\"Article\",\"@id\":\"https:\\\/\\\/www.altominho.tv\\\/site\\\/2021\\\/05\\\/19\\\/alto-minho-ja-administrou-mais-de-128-mil-doses-de-vacinas\\\/#article\",\"isPartOf\":{\"@id\":\"https:\\\/\\\/www.altominho.tv\\\/site\\\/2021\\\/05\\\/19\\\/alto-minho-ja-administrou-mais-de-128-mil-doses-de-vacinas\\\/\"},\"author\":{\"name\":\"Andreia Barreiro\",\"@id\":\"https:\\\/\\\/www.altominho.tv\\\/site\\\/#\\\/schema\\\/person\\\/4fa0996d8841f9d6cbb84eb43c555c2c\"},\"headline\":\"Alto Minho j\u00e1 administrou mais de 128 mil doses de vacinas\",\"datePublished\":\"2021-05-19T11:20:39+00:00\",\"dateModified\":\"2021-05-19T13:26:46+00:00\",\"mainEntityOfPage\":{\"@id\":\"https:\\\/\\\/www.altominho.tv\\\/site\\\/2021\\\/05\\\/19\\\/alto-minho-ja-administrou-mais-de-128-mil-doses-de-vacinas\\\/\"},\"wordCount\":189,\"image\":{\"@id\":\"https:\\\/\\\/www.altominho.tv\\\/site\\\/2021\\\/05\\\/19\\\/alto-minho-ja-administrou-mais-de-128-mil-doses-de-vacinas\\\/#primaryimage\"},\"thumbnailUrl\":\"https:\\\/\\\/www.altominho.tv\\\/site\\\/wp-content\\\/uploads\\\/2021\\\/03\\\/foto-profe.jpg\",\"keywords\":[\"Sa\u00fade\",\"Sociedade\"],\"articleSection\":[\"Alto Minho\"],\"inLanguage\":\"pt-PT\",\"copyrightYear\":\"2021\",\"copyrightHolder\":{\"@id\":\"https:\\\/\\\/www.altominho.tv\\\/site\\\/#organization\"}},{\"@type\":\"WebPage\",\"@id\":\"https:\\\/\\\/www.altominho.tv\\\/site\\\/2021\\\/05\\\/19\\\/alto-minho-ja-administrou-mais-de-128-mil-doses-de-vacinas\\\/\",\"url\":\"https:\\\/\\\/www.altominho.tv\\\/site\\\/2021\\\/05\\\/19\\\/alto-minho-ja-administrou-mais-de-128-mil-doses-de-vacinas\\\/\",\"name\":\"Alto Minho j\u00e1 administrou mais de 128 mil doses de vacinas\",\"isPartOf\":{\"@id\":\"https:\\\/\\\/www.altominho.tv\\\/site\\\/#website\"},\"primaryImageOfPage\":{\"@id\":\"https:\\\/\\\/www.altominho.tv\\\/site\\\/2021\\\/05\\\/19\\\/alto-minho-ja-administrou-mais-de-128-mil-doses-de-vacinas\\\/#primaryimage\"},\"image\":{\"@id\":\"https:\\\/\\\/www.altominho.tv\\\/site\\\/2021\\\/05\\\/19\\\/alto-minho-ja-administrou-mais-de-128-mil-doses-de-vacinas\\\/#primaryimage\"},\"thumbnailUrl\":\"https:\\\/\\\/www.altominho.tv\\\/site\\\/wp-content\\\/uploads\\\/2021\\\/03\\\/foto-profe.jpg\",\"datePublished\":\"2021-05-19T11:20:39+00:00\",\"dateModified\":\"2021-05-19T13:26:46+00:00\",\"author\":{\"@id\":\"https:\\\/\\\/www.altominho.tv\\\/site\\\/#\\\/schema\\\/person\\\/4fa0996d8841f9d6cbb84eb43c555c2c\"},\"breadcrumb\":{\"@id\":\"https:\\\/\\\/www.altominho.tv\\\/site\\\/2021\\\/05\\\/19\\\/alto-minho-ja-administrou-mais-de-128-mil-doses-de-vacinas\\\/#breadcrumb\"},\"inLanguage\":\"pt-PT\",\"potentialAction\":[{\"@type\":\"ReadAction\",\"target\":[\"https:\\\/\\\/www.altominho.tv\\\/site\\\/2021\\\/05\\\/19\\\/alto-minho-ja-administrou-mais-de-128-mil-doses-de-vacinas\\\/\"]}]},{\"@type\":\"ImageObject\",\"inLanguage\":\"pt-PT\",\"@id\":\"https:\\\/\\\/www.altominho.tv\\\/site\\\/2021\\\/05\\\/19\\\/alto-minho-ja-administrou-mais-de-128-mil-doses-de-vacinas\\\/#primaryimage\",\"url\":\"https:\\\/\\\/www.altominho.tv\\\/site\\\/wp-content\\\/uploads\\\/2021\\\/03\\\/foto-profe.jpg\",\"contentUrl\":\"https:\\\/\\\/www.altominho.tv\\\/site\\\/wp-content\\\/uploads\\\/2021\\\/03\\\/foto-profe.jpg\",\"width\":1920,\"height\":1080},{\"@type\":\"BreadcrumbList\",\"@id\":\"https:\\\/\\\/www.altominho.tv\\\/site\\\/2021\\\/05\\\/19\\\/alto-minho-ja-administrou-mais-de-128-mil-doses-de-vacinas\\\/#breadcrumb\",\"itemListElement\":[{\"@type\":\"ListItem\",\"position\":1,\"name\":\"In\u00edcio\",\"item\":\"https:\\\/\\\/www.altominho.tv\\\/site\\\/\"},{\"@type\":\"ListItem\",\"position\":2,\"name\":\"Alto Minho j\u00e1 administrou mais de 128 mil doses de vacinas\"}]},{\"@type\":\"WebSite\",\"@id\":\"https:\\\/\\\/www.altominho.tv\\\/site\\\/#website\",\"url\":\"https:\\\/\\\/www.altominho.tv\\\/site\\\/\",\"name\":\"Altominho.tv\",\"description\":\"A sua regi\u00e3o \u00e0 dist\u00e2ncia de um clique...\",\"potentialAction\":[{\"@type\":\"SearchAction\",\"target\":{\"@type\":\"EntryPoint\",\"urlTemplate\":\"https:\\\/\\\/www.altominho.tv\\\/site\\\/?s={search_term_string}\"},\"query-input\":{\"@type\":\"PropertyValueSpecification\",\"valueRequired\":true,\"valueName\":\"search_term_string\"}}],\"inLanguage\":\"pt-PT\"},{\"@type\":\"Person\",\"@id\":\"https:\\\/\\\/www.altominho.tv\\\/site\\\/#\\\/schema\\\/person\\\/4fa0996d8841f9d6cbb84eb43c555c2c\",\"name\":\"Andreia Barreiro\",\"image\":{\"@type\":\"ImageObject\",\"inLanguage\":\"pt-PT\",\"@id\":\"https:\\\/\\\/www.altominho.tv\\\/site\\\/wp-content\\\/uploads\\\/2021\\\/01\\\/132443895_3480358142084005_3574327946369834311_o-150x150.jpg\",\"url\":\"https:\\\/\\\/www.altominho.tv\\\/site\\\/wp-content\\\/uploads\\\/2021\\\/01\\\/132443895_3480358142084005_3574327946369834311_o-150x150.jpg\",\"contentUrl\":\"https:\\\/\\\/www.altominho.tv\\\/site\\\/wp-content\\\/uploads\\\/2021\\\/01\\\/132443895_3480358142084005_3574327946369834311_o-150x150.jpg\",\"caption\":\"Andreia Barreiro\"},\"url\":\"https:\\\/\\\/www.altominho.tv\\\/site\\\/author\\\/andreiabarreiro\\\/\"}]}<\/script>\n<!-- \/ Yoast SEO Premium plugin. -->","yoast_head_json":{"title":"Alto Minho j\u00e1 administrou mais de 128 mil doses de vacinas","robots":{"index":"index","follow":"follow","max-snippet":"max-snippet:-1","max-image-preview":"max-image-preview:large","max-video-preview":"max-video-preview:-1"},"canonical":"https:\/\/www.altominho.tv\/site\/2021\/05\/19\/alto-minho-ja-administrou-mais-de-128-mil-doses-de-vacinas\/","og_locale":"pt_PT","og_type":"article","og_title":"Alto Minho j\u00e1 administrou mais de 128 mil doses de vacinas","og_description":"No distrito de Viana do Castelo j\u00e1 foram administradas 128.723 vacinas contra a Covid-19 \u2014\u200b 88.192 destas correspondentes a primeiras doses e 40.531 a segundas doses \u2014 desde que o programa de vacina\u00e7\u00e3o teve in\u00edcio, a 27 de dezembro, segundo a atualiza\u00e7\u00e3o mais recente da Unidade Local de Sa\u00fade do Alto Minho (ULSAM). O relat\u00f3rio [&hellip;]","og_url":"https:\/\/www.altominho.tv\/site\/2021\/05\/19\/alto-minho-ja-administrou-mais-de-128-mil-doses-de-vacinas\/","og_site_name":"Altominho.tv","article_publisher":"https:\/\/www.facebook.com\/altominhotv","article_published_time":"2021-05-19T11:20:39+00:00","article_modified_time":"2021-05-19T13:26:46+00:00","og_image":[{"width":1920,"height":1080,"url":"https:\/\/www.altominho.tv\/site\/wp-content\/uploads\/2021\/03\/foto-profe.jpg","type":"image\/jpeg"}],"author":"Andreia Barreiro","twitter_card":"summary_large_image","twitter_creator":"@altominhoTV","twitter_site":"@altominhoTV","twitter_misc":{"Escrito por":"Andreia Barreiro","Tempo estimado de leitura":"1 minuto"},"schema":{"@context":"https:\/\/schema.org","@graph":[{"@type":"Article","@id":"https:\/\/www.altominho.tv\/site\/2021\/05\/19\/alto-minho-ja-administrou-mais-de-128-mil-doses-de-vacinas\/#article","isPartOf":{"@id":"https:\/\/www.altominho.tv\/site\/2021\/05\/19\/alto-minho-ja-administrou-mais-de-128-mil-doses-de-vacinas\/"},"author":{"name":"Andreia Barreiro","@id":"https:\/\/www.altominho.tv\/site\/#\/schema\/person\/4fa0996d8841f9d6cbb84eb43c555c2c"},"headline":"Alto Minho j\u00e1 administrou mais de 128 mil doses de vacinas","datePublished":"2021-05-19T11:20:39+00:00","dateModified":"2021-05-19T13:26:46+00:00","mainEntityOfPage":{"@id":"https:\/\/www.altominho.tv\/site\/2021\/05\/19\/alto-minho-ja-administrou-mais-de-128-mil-doses-de-vacinas\/"},"wordCount":189,"image":{"@id":"https:\/\/www.altominho.tv\/site\/2021\/05\/19\/alto-minho-ja-administrou-mais-de-128-mil-doses-de-vacinas\/#primaryimage"},"thumbnailUrl":"https:\/\/www.altominho.tv\/site\/wp-content\/uploads\/2021\/03\/foto-profe.jpg","keywords":["Sa\u00fade","Sociedade"],"articleSection":["Alto Minho"],"inLanguage":"pt-PT","copyrightYear":"2021","copyrightHolder":{"@id":"https:\/\/www.altominho.tv\/site\/#organization"}},{"@type":"WebPage","@id":"https:\/\/www.altominho.tv\/site\/2021\/05\/19\/alto-minho-ja-administrou-mais-de-128-mil-doses-de-vacinas\/","url":"https:\/\/www.altominho.tv\/site\/2021\/05\/19\/alto-minho-ja-administrou-mais-de-128-mil-doses-de-vacinas\/","name":"Alto Minho j\u00e1 administrou mais de 128 mil doses de vacinas","isPartOf":{"@id":"https:\/\/www.altominho.tv\/site\/#website"},"primaryImageOfPage":{"@id":"https:\/\/www.altominho.tv\/site\/2021\/05\/19\/alto-minho-ja-administrou-mais-de-128-mil-doses-de-vacinas\/#primaryimage"},"image":{"@id":"https:\/\/www.altominho.tv\/site\/2021\/05\/19\/alto-minho-ja-administrou-mais-de-128-mil-doses-de-vacinas\/#primaryimage"},"thumbnailUrl":"https:\/\/www.altominho.tv\/site\/wp-content\/uploads\/2021\/03\/foto-profe.jpg","datePublished":"2021-05-19T11:20:39+00:00","dateModified":"2021-05-19T13:26:46+00:00","author":{"@id":"https:\/\/www.altominho.tv\/site\/#\/schema\/person\/4fa0996d8841f9d6cbb84eb43c555c2c"},"breadcrumb":{"@id":"https:\/\/www.altominho.tv\/site\/2021\/05\/19\/alto-minho-ja-administrou-mais-de-128-mil-doses-de-vacinas\/#breadcrumb"},"inLanguage":"pt-PT","potentialAction":[{"@type":"ReadAction","target":["https:\/\/www.altominho.tv\/site\/2021\/05\/19\/alto-minho-ja-administrou-mais-de-128-mil-doses-de-vacinas\/"]}]},{"@type":"ImageObject","inLanguage":"pt-PT","@id":"https:\/\/www.altominho.tv\/site\/2021\/05\/19\/alto-minho-ja-administrou-mais-de-128-mil-doses-de-vacinas\/#primaryimage","url":"https:\/\/www.altominho.tv\/site\/wp-content\/uploads\/2021\/03\/foto-profe.jpg","contentUrl":"https:\/\/www.altominho.tv\/site\/wp-content\/uploads\/2021\/03\/foto-profe.jpg","width":1920,"height":1080},{"@type":"BreadcrumbList","@id":"https:\/\/www.altominho.tv\/site\/2021\/05\/19\/alto-minho-ja-administrou-mais-de-128-mil-doses-de-vacinas\/#breadcrumb","itemListElement":[{"@type":"ListItem","position":1,"name":"In\u00edcio","item":"https:\/\/www.altominho.tv\/site\/"},{"@type":"ListItem","position":2,"name":"Alto Minho j\u00e1 administrou mais de 128 mil doses de vacinas"}]},{"@type":"WebSite","@id":"https:\/\/www.altominho.tv\/site\/#website","url":"https:\/\/www.altominho.tv\/site\/","name":"Altominho.tv","description":"A sua regi\u00e3o \u00e0 dist\u00e2ncia de um clique...","potentialAction":[{"@type":"SearchAction","target":{"@type":"EntryPoint","urlTemplate":"https:\/\/www.altominho.tv\/site\/?s={search_term_string}"},"query-input":{"@type":"PropertyValueSpecification","valueRequired":true,"valueName":"search_term_string"}}],"inLanguage":"pt-PT"},{"@type":"Person","@id":"https:\/\/www.altominho.tv\/site\/#\/schema\/person\/4fa0996d8841f9d6cbb84eb43c555c2c","name":"Andreia Barreiro","image":{"@type":"ImageObject","inLanguage":"pt-PT","@id":"https:\/\/www.altominho.tv\/site\/wp-content\/uploads\/2021\/01\/132443895_3480358142084005_3574327946369834311_o-150x150.jpg","url":"https:\/\/www.altominho.tv\/site\/wp-content\/uploads\/2021\/01\/132443895_3480358142084005_3574327946369834311_o-150x150.jpg","contentUrl":"https:\/\/www.altominho.tv\/site\/wp-content\/uploads\/2021\/01\/132443895_3480358142084005_3574327946369834311_o-150x150.jpg","caption":"Andreia Barreiro"},"url":"https:\/\/www.altominho.tv\/site\/author\/andreiabarreiro\/"}]}},"_links":{"self":[{"href":"https:\/\/www.altominho.tv\/site\/wp-json\/wp\/v2\/posts\/66605","targetHints":{"allow":["GET"]}}],"collection":[{"href":"https:\/\/www.altominho.tv\/site\/wp-json\/wp\/v2\/posts"}],"about":[{"href":"https:\/\/www.altominho.tv\/site\/wp-json\/wp\/v2\/types\/post"}],"author":[{"embeddable":true,"href":"https:\/\/www.altominho.tv\/site\/wp-json\/wp\/v2\/users\/10"}],"replies":[{"embeddable":true,"href":"https:\/\/www.altominho.tv\/site\/wp-json\/wp\/v2\/comments?post=66605"}],"version-history":[{"count":0,"href":"https:\/\/www.altominho.tv\/site\/wp-json\/wp\/v2\/posts\/66605\/revisions"}],"wp:featuredmedia":[{"embeddable":true,"href":"https:\/\/www.altominho.tv\/site\/wp-json\/wp\/v2\/media\/64419"}],"wp:attachment":[{"href":"https:\/\/www.altominho.tv\/site\/wp-json\/wp\/v2\/media?parent=66605"}],"wp:term":[{"taxonomy":"category","embeddable":true,"href":"https:\/\/www.altominho.tv\/site\/wp-json\/wp\/v2\/categories?post=66605"},{"taxonomy":"post_tag","embeddable":true,"href":"https:\/\/www.altominho.tv\/site\/wp-json\/wp\/v2\/tags?post=66605"}],"curies":[{"name":"wp","href":"https:\/\/api.w.org\/{rel}","templated":true}]}}