{"id":66485,"date":"2021-05-17T09:48:32","date_gmt":"2021-05-17T08:48:32","guid":{"rendered":"https:\/\/www.altominho.tv\/site\/?p=66485"},"modified":"2021-05-17T09:48:37","modified_gmt":"2021-05-17T08:48:37","slug":"escola-do-rock-volta-a-paredes-de-coura-com-projeto-de-inclusao-musical","status":"publish","type":"post","link":"https:\/\/www.altominho.tv\/site\/2021\/05\/17\/escola-do-rock-volta-a-paredes-de-coura-com-projeto-de-inclusao-musical\/","title":{"rendered":"Escola do Rock volta a Paredes de Coura com projeto de inclus\u00e3o musical"},"content":{"rendered":"<p>A edi\u00e7\u00e3o 2021 da Escola do Rock regressa a Paredes de Coura com um projeto de inclus\u00e3o intitulado \u2018Rock com Todos&#8217; que decorrer\u00e1 numa resid\u00eancia intensiva entre 18 e 23 de julho, foi hoje divulgado.<\/p>\n<p>Em nota hoje enviada \u00e0 ag\u00eancia Lusa, a organiza\u00e7\u00e3o, a cargo da C\u00e2mara daquele concelho do distrito de Viana do Castelo e da Space Ensemble, explicou que &#8220;o projeto de inclus\u00e3o social pretende alargar os efeitos positivos da m\u00fasica a mais setores da popula\u00e7\u00e3o&#8221;.<\/p>\n<p>A &#8220;resid\u00eancia intensiva da Escola do Rock assume este ano contornos diferenciados e est\u00e1 limitada \u00e0 participa\u00e7\u00e3o de 25 alunos devido \u00e0 situa\u00e7\u00e3o pandemia de covid-19&#8221;.<\/p>\n<p>A iniciativa &#8220;disponibiliza uma equipa de formadores profissionais, com especializa\u00e7\u00f5es variadas em ensino de m\u00fasica, que facilitam o processo de aprendizagem, desconstruindo os m\u00e9todos tradicionais de forma a potenciar as capacidades t\u00e9cnicas e criativas de todos os alunos&#8221;.<\/p>\n<p>O modelo de trabalho &#8220;inclui ensaios, forma\u00e7\u00e3o, \u2018jam sessions&#8217;, \u2018showcases&#8217;, \u2018workshops&#8217;, sess\u00f5es de cinema e demonstra\u00e7\u00f5es de instrumentos.<\/p>\n<p>Ap\u00f3s &#8220;a resid\u00eancia intensiva, acontecer\u00e1 o habitual concerto final e uma \u2018tour&#8217;, respeitando as restri\u00e7\u00f5es indicadas para garantir a prote\u00e7\u00e3o dos participantes relativamente \u00e0 pandemia de covid-19, de acordo com as regras aplicadas \u00e0 data de realiza\u00e7\u00e3o destas atividades&#8221;.<\/p>\n<p>Al\u00e9m das atividades musicais, &#8220;est\u00e3o confirmados um \u2018workshop&#8217; de r\u00e1dio e a cria\u00e7\u00e3o de um videoclipe em \u2018stop motion&#8217;, que visam aproximar a popula\u00e7\u00e3o local das atividades promovidas durante a resid\u00eancia&#8221;.<\/p>\n<p>O &#8220;objetivo do projeto \u2018Rock com Todos&#8217; \u00e9 permitir a participa\u00e7\u00e3o de pessoas sem forma\u00e7\u00e3o musical em algumas atividades art\u00edsticas da escola, como idosos, crian\u00e7as, cidad\u00e3os com necessidades educativas especiais ou provenientes de agregados familiares com car\u00eancias econ\u00f3micas&#8221;.<\/p>\n<p>O programa da edi\u00e7\u00e3o 2021 vai &#8220;incluir ainda concertos dos Dream People, Whicked Youth e Gaspea, bandas que integraram edi\u00e7\u00f5es anteriores das resid\u00eancias art\u00edsticas&#8221; e &#8220;um Programa de Bandas Residentes, que investe na cria\u00e7\u00e3o e produ\u00e7\u00e3o musical, potenciando o aparecimento de novas bandas no panorama nacional&#8221;.<\/p>\n<p>&#8220;As bandas s\u00e3o selecionadas atrav\u00e9s de um concurso, a decorrer desde s\u00e1bado e at\u00e9 30 de junho, no qual podem participar bandas sem edi\u00e7\u00e3o e produ\u00e7\u00e3o profissional&#8221;.<\/p>\n<p>As &#8220;duas bandas vencedoras estar\u00e3o em resid\u00eancia em Paredes de Coura entre os dias 18 e 23 de julho, em paralelo com a resid\u00eancia intensiva da Escola do Rock&#8221;.<\/p>\n<p>Ter\u00e3o ainda &#8220;a possibilidade de ensaiar e tocar em espa\u00e7os exclusivos, assim como de produzir e gravar um single com o produtor Manuel Reis que j\u00e1 trabalhou com Manel Cruz, Dead Combo, Jorge Palma, Carlos do Carmo, Trabalhadores do Com\u00e9rcio, Hitchpop e muitos outros.<\/p>\n<p>A sele\u00e7\u00e3o das bandas \u00e9 feita por um j\u00fari composto por convidados a anunciar e os resultados s\u00e3o anunciados a 05 de julho.<\/p>\n<p>Durante esse per\u00edodo, cada uma destas bandas ter\u00e1 \u00e0 sua disposi\u00e7\u00e3o uma sala de ensaio exclusiva, equipada com sistema de som, tutoria dos m\u00fasicos formadores da Escola do Rock e do t\u00e9cnico respons\u00e1vel pela grava\u00e7\u00e3o do single, possibilidade de interagir e integrar participantes e formadores da Escola do Rock nas grava\u00e7\u00f5es e apresenta\u00e7\u00f5es, e possibilidade de atuar em futuras resid\u00eancias \u2018tours&#8217; da Escola do Rock.<\/p>\n<p>O alojamento e refei\u00e7\u00f5es estar\u00e3o a cargo da C\u00e2mara de Paredes de Coura.<\/p>\n<p>Este ano, a iniciativa vai ainda permitir a &#8220;valida\u00e7\u00e3o dos m\u00f3dulos de forma\u00e7\u00e3o definidos no projeto europeu Play2Grow&#8221;.<\/p>\n<p>Aquele projeto europeu foi iniciado em 2019 pretende &#8220;investigar novos m\u00e9todos de ensino que, atrav\u00e9s da m\u00fasica, permitam desenvolver novas compet\u00eancias nos jovens&#8221;.<br \/>\nO projeto Play2Grow resulta de uma candidatura ao programa ERASMUS +, promovida pela C\u00e2mara de Paredes de Coura e que envolve institui\u00e7\u00f5es galegas e italianas sobre boas pr\u00e1ticas no ensino da m\u00fasica.<\/p>\n<p>A Escola do Rock &#8211; Paredes de Coura foi lan\u00e7ada pela c\u00e2mara em 2014.<\/p>\n","protected":false},"excerpt":{"rendered":"<p>A edi\u00e7\u00e3o 2021 da Escola do Rock regressa a Paredes de Coura com um projeto de inclus\u00e3o intitulado \u2018Rock com Todos&#8217; que decorrer\u00e1 numa resid\u00eancia intensiva entre 18 e 23 de julho, foi hoje divulgado. Em nota hoje enviada \u00e0 ag\u00eancia Lusa, a organiza\u00e7\u00e3o, a cargo da C\u00e2mara daquele concelho do distrito de Viana do [&hellip;]<\/p>\n","protected":false},"author":13,"featured_media":66486,"comment_status":"closed","ping_status":"closed","sticky":false,"template":"","format":"standard","meta":{"_exactmetrics_skip_tracking":false,"_exactmetrics_sitenote_active":false,"_exactmetrics_sitenote_note":"","_exactmetrics_sitenote_category":0,"footnotes":""},"categories":[10],"tags":[19],"class_list":["post-66485","post","type-post","status-publish","format-standard","has-post-thumbnail","hentry","category-paredes-de-coura","tag-cultura"],"yoast_head":"<!-- This site is optimized with the Yoast SEO Premium plugin v27.4 (Yoast SEO v27.4) - https:\/\/yoast.com\/product\/yoast-seo-premium-wordpress\/ -->\n<title>Escola do Rock volta a Paredes de Coura com projeto de inclus\u00e3o musical<\/title>\n<meta name=\"robots\" content=\"index, follow, max-snippet:-1, max-image-preview:large, max-video-preview:-1\" \/>\n<link rel=\"canonical\" href=\"https:\/\/www.altominho.tv\/site\/2021\/05\/17\/escola-do-rock-volta-a-paredes-de-coura-com-projeto-de-inclusao-musical\/\" \/>\n<meta property=\"og:locale\" content=\"pt_PT\" \/>\n<meta property=\"og:type\" content=\"article\" \/>\n<meta property=\"og:title\" content=\"Escola do Rock volta a Paredes de Coura com projeto de inclus\u00e3o musical\" \/>\n<meta property=\"og:description\" content=\"A edi\u00e7\u00e3o 2021 da Escola do Rock regressa a Paredes de Coura com um projeto de inclus\u00e3o intitulado \u2018Rock com Todos&#8217; que decorrer\u00e1 numa resid\u00eancia intensiva entre 18 e 23 de julho, foi hoje divulgado. Em nota hoje enviada \u00e0 ag\u00eancia Lusa, a organiza\u00e7\u00e3o, a cargo da C\u00e2mara daquele concelho do distrito de Viana do [&hellip;]\" \/>\n<meta property=\"og:url\" content=\"https:\/\/www.altominho.tv\/site\/2021\/05\/17\/escola-do-rock-volta-a-paredes-de-coura-com-projeto-de-inclusao-musical\/\" \/>\n<meta property=\"og:site_name\" content=\"Altominho.tv\" \/>\n<meta property=\"article:publisher\" content=\"https:\/\/www.facebook.com\/altominhotv\" \/>\n<meta property=\"article:published_time\" content=\"2021-05-17T08:48:32+00:00\" \/>\n<meta property=\"article:modified_time\" content=\"2021-05-17T08:48:37+00:00\" \/>\n<meta property=\"og:image\" content=\"https:\/\/www.altominho.tv\/site\/wp-content\/uploads\/2021\/05\/maxresdefault.jpg\" \/>\n\t<meta property=\"og:image:width\" content=\"1280\" \/>\n\t<meta property=\"og:image:height\" content=\"720\" \/>\n\t<meta property=\"og:image:type\" content=\"image\/jpeg\" \/>\n<meta name=\"author\" content=\"Lusa\" \/>\n<meta name=\"twitter:card\" content=\"summary_large_image\" \/>\n<meta name=\"twitter:creator\" content=\"@altominhoTV\" \/>\n<meta name=\"twitter:site\" content=\"@altominhoTV\" \/>\n<meta name=\"twitter:label1\" content=\"Escrito por\" \/>\n\t<meta name=\"twitter:data1\" content=\"Lusa\" \/>\n\t<meta name=\"twitter:label2\" content=\"Tempo estimado de leitura\" \/>\n\t<meta name=\"twitter:data2\" content=\"3 minutos\" \/>\n<script type=\"application\/ld+json\" class=\"yoast-schema-graph\">{\"@context\":\"https:\\\/\\\/schema.org\",\"@graph\":[{\"@type\":\"Article\",\"@id\":\"https:\\\/\\\/www.altominho.tv\\\/site\\\/2021\\\/05\\\/17\\\/escola-do-rock-volta-a-paredes-de-coura-com-projeto-de-inclusao-musical\\\/#article\",\"isPartOf\":{\"@id\":\"https:\\\/\\\/www.altominho.tv\\\/site\\\/2021\\\/05\\\/17\\\/escola-do-rock-volta-a-paredes-de-coura-com-projeto-de-inclusao-musical\\\/\"},\"author\":{\"name\":\"Lusa\",\"@id\":\"https:\\\/\\\/www.altominho.tv\\\/site\\\/#\\\/schema\\\/person\\\/63f693da3e1899361cbe955c46f3232e\"},\"headline\":\"Escola do Rock volta a Paredes de Coura com projeto de inclus\u00e3o musical\",\"datePublished\":\"2021-05-17T08:48:32+00:00\",\"dateModified\":\"2021-05-17T08:48:37+00:00\",\"mainEntityOfPage\":{\"@id\":\"https:\\\/\\\/www.altominho.tv\\\/site\\\/2021\\\/05\\\/17\\\/escola-do-rock-volta-a-paredes-de-coura-com-projeto-de-inclusao-musical\\\/\"},\"wordCount\":681,\"image\":{\"@id\":\"https:\\\/\\\/www.altominho.tv\\\/site\\\/2021\\\/05\\\/17\\\/escola-do-rock-volta-a-paredes-de-coura-com-projeto-de-inclusao-musical\\\/#primaryimage\"},\"thumbnailUrl\":\"https:\\\/\\\/www.altominho.tv\\\/site\\\/wp-content\\\/uploads\\\/2021\\\/05\\\/maxresdefault.jpg\",\"keywords\":[\"Cultura\"],\"articleSection\":[\"Paredes de Coura\"],\"inLanguage\":\"pt-PT\",\"copyrightYear\":\"2021\",\"copyrightHolder\":{\"@id\":\"https:\\\/\\\/www.altominho.tv\\\/site\\\/#organization\"}},{\"@type\":\"WebPage\",\"@id\":\"https:\\\/\\\/www.altominho.tv\\\/site\\\/2021\\\/05\\\/17\\\/escola-do-rock-volta-a-paredes-de-coura-com-projeto-de-inclusao-musical\\\/\",\"url\":\"https:\\\/\\\/www.altominho.tv\\\/site\\\/2021\\\/05\\\/17\\\/escola-do-rock-volta-a-paredes-de-coura-com-projeto-de-inclusao-musical\\\/\",\"name\":\"Escola do Rock volta a Paredes de Coura com projeto de inclus\u00e3o musical\",\"isPartOf\":{\"@id\":\"https:\\\/\\\/www.altominho.tv\\\/site\\\/#website\"},\"primaryImageOfPage\":{\"@id\":\"https:\\\/\\\/www.altominho.tv\\\/site\\\/2021\\\/05\\\/17\\\/escola-do-rock-volta-a-paredes-de-coura-com-projeto-de-inclusao-musical\\\/#primaryimage\"},\"image\":{\"@id\":\"https:\\\/\\\/www.altominho.tv\\\/site\\\/2021\\\/05\\\/17\\\/escola-do-rock-volta-a-paredes-de-coura-com-projeto-de-inclusao-musical\\\/#primaryimage\"},\"thumbnailUrl\":\"https:\\\/\\\/www.altominho.tv\\\/site\\\/wp-content\\\/uploads\\\/2021\\\/05\\\/maxresdefault.jpg\",\"datePublished\":\"2021-05-17T08:48:32+00:00\",\"dateModified\":\"2021-05-17T08:48:37+00:00\",\"author\":{\"@id\":\"https:\\\/\\\/www.altominho.tv\\\/site\\\/#\\\/schema\\\/person\\\/63f693da3e1899361cbe955c46f3232e\"},\"breadcrumb\":{\"@id\":\"https:\\\/\\\/www.altominho.tv\\\/site\\\/2021\\\/05\\\/17\\\/escola-do-rock-volta-a-paredes-de-coura-com-projeto-de-inclusao-musical\\\/#breadcrumb\"},\"inLanguage\":\"pt-PT\",\"potentialAction\":[{\"@type\":\"ReadAction\",\"target\":[\"https:\\\/\\\/www.altominho.tv\\\/site\\\/2021\\\/05\\\/17\\\/escola-do-rock-volta-a-paredes-de-coura-com-projeto-de-inclusao-musical\\\/\"]}]},{\"@type\":\"ImageObject\",\"inLanguage\":\"pt-PT\",\"@id\":\"https:\\\/\\\/www.altominho.tv\\\/site\\\/2021\\\/05\\\/17\\\/escola-do-rock-volta-a-paredes-de-coura-com-projeto-de-inclusao-musical\\\/#primaryimage\",\"url\":\"https:\\\/\\\/www.altominho.tv\\\/site\\\/wp-content\\\/uploads\\\/2021\\\/05\\\/maxresdefault.jpg\",\"contentUrl\":\"https:\\\/\\\/www.altominho.tv\\\/site\\\/wp-content\\\/uploads\\\/2021\\\/05\\\/maxresdefault.jpg\",\"width\":1280,\"height\":720},{\"@type\":\"BreadcrumbList\",\"@id\":\"https:\\\/\\\/www.altominho.tv\\\/site\\\/2021\\\/05\\\/17\\\/escola-do-rock-volta-a-paredes-de-coura-com-projeto-de-inclusao-musical\\\/#breadcrumb\",\"itemListElement\":[{\"@type\":\"ListItem\",\"position\":1,\"name\":\"In\u00edcio\",\"item\":\"https:\\\/\\\/www.altominho.tv\\\/site\\\/\"},{\"@type\":\"ListItem\",\"position\":2,\"name\":\"Escola do Rock volta a Paredes de Coura com projeto de inclus\u00e3o musical\"}]},{\"@type\":\"WebSite\",\"@id\":\"https:\\\/\\\/www.altominho.tv\\\/site\\\/#website\",\"url\":\"https:\\\/\\\/www.altominho.tv\\\/site\\\/\",\"name\":\"Altominho.tv\",\"description\":\"A sua regi\u00e3o \u00e0 dist\u00e2ncia de um clique...\",\"potentialAction\":[{\"@type\":\"SearchAction\",\"target\":{\"@type\":\"EntryPoint\",\"urlTemplate\":\"https:\\\/\\\/www.altominho.tv\\\/site\\\/?s={search_term_string}\"},\"query-input\":{\"@type\":\"PropertyValueSpecification\",\"valueRequired\":true,\"valueName\":\"search_term_string\"}}],\"inLanguage\":\"pt-PT\"},{\"@type\":\"Person\",\"@id\":\"https:\\\/\\\/www.altominho.tv\\\/site\\\/#\\\/schema\\\/person\\\/63f693da3e1899361cbe955c46f3232e\",\"name\":\"Lusa\",\"image\":{\"@type\":\"ImageObject\",\"inLanguage\":\"pt-PT\",\"@id\":\"https:\\\/\\\/www.altominho.tv\\\/site\\\/wp-content\\\/uploads\\\/2019\\\/08\\\/LUSA_Logo.gif\",\"url\":\"https:\\\/\\\/www.altominho.tv\\\/site\\\/wp-content\\\/uploads\\\/2019\\\/08\\\/LUSA_Logo.gif\",\"contentUrl\":\"https:\\\/\\\/www.altominho.tv\\\/site\\\/wp-content\\\/uploads\\\/2019\\\/08\\\/LUSA_Logo.gif\",\"caption\":\"Lusa\"},\"sameAs\":[\"http:\\\/\\\/\\\/\\\/www.altominho.tv\\\/site\"],\"url\":\"https:\\\/\\\/www.altominho.tv\\\/site\\\/author\\\/lusa\\\/\"}]}<\/script>\n<!-- \/ Yoast SEO Premium plugin. -->","yoast_head_json":{"title":"Escola do Rock volta a Paredes de Coura com projeto de inclus\u00e3o musical","robots":{"index":"index","follow":"follow","max-snippet":"max-snippet:-1","max-image-preview":"max-image-preview:large","max-video-preview":"max-video-preview:-1"},"canonical":"https:\/\/www.altominho.tv\/site\/2021\/05\/17\/escola-do-rock-volta-a-paredes-de-coura-com-projeto-de-inclusao-musical\/","og_locale":"pt_PT","og_type":"article","og_title":"Escola do Rock volta a Paredes de Coura com projeto de inclus\u00e3o musical","og_description":"A edi\u00e7\u00e3o 2021 da Escola do Rock regressa a Paredes de Coura com um projeto de inclus\u00e3o intitulado \u2018Rock com Todos&#8217; que decorrer\u00e1 numa resid\u00eancia intensiva entre 18 e 23 de julho, foi hoje divulgado. Em nota hoje enviada \u00e0 ag\u00eancia Lusa, a organiza\u00e7\u00e3o, a cargo da C\u00e2mara daquele concelho do distrito de Viana do [&hellip;]","og_url":"https:\/\/www.altominho.tv\/site\/2021\/05\/17\/escola-do-rock-volta-a-paredes-de-coura-com-projeto-de-inclusao-musical\/","og_site_name":"Altominho.tv","article_publisher":"https:\/\/www.facebook.com\/altominhotv","article_published_time":"2021-05-17T08:48:32+00:00","article_modified_time":"2021-05-17T08:48:37+00:00","og_image":[{"width":1280,"height":720,"url":"https:\/\/www.altominho.tv\/site\/wp-content\/uploads\/2021\/05\/maxresdefault.jpg","type":"image\/jpeg"}],"author":"Lusa","twitter_card":"summary_large_image","twitter_creator":"@altominhoTV","twitter_site":"@altominhoTV","twitter_misc":{"Escrito por":"Lusa","Tempo estimado de leitura":"3 minutos"},"schema":{"@context":"https:\/\/schema.org","@graph":[{"@type":"Article","@id":"https:\/\/www.altominho.tv\/site\/2021\/05\/17\/escola-do-rock-volta-a-paredes-de-coura-com-projeto-de-inclusao-musical\/#article","isPartOf":{"@id":"https:\/\/www.altominho.tv\/site\/2021\/05\/17\/escola-do-rock-volta-a-paredes-de-coura-com-projeto-de-inclusao-musical\/"},"author":{"name":"Lusa","@id":"https:\/\/www.altominho.tv\/site\/#\/schema\/person\/63f693da3e1899361cbe955c46f3232e"},"headline":"Escola do Rock volta a Paredes de Coura com projeto de inclus\u00e3o musical","datePublished":"2021-05-17T08:48:32+00:00","dateModified":"2021-05-17T08:48:37+00:00","mainEntityOfPage":{"@id":"https:\/\/www.altominho.tv\/site\/2021\/05\/17\/escola-do-rock-volta-a-paredes-de-coura-com-projeto-de-inclusao-musical\/"},"wordCount":681,"image":{"@id":"https:\/\/www.altominho.tv\/site\/2021\/05\/17\/escola-do-rock-volta-a-paredes-de-coura-com-projeto-de-inclusao-musical\/#primaryimage"},"thumbnailUrl":"https:\/\/www.altominho.tv\/site\/wp-content\/uploads\/2021\/05\/maxresdefault.jpg","keywords":["Cultura"],"articleSection":["Paredes de Coura"],"inLanguage":"pt-PT","copyrightYear":"2021","copyrightHolder":{"@id":"https:\/\/www.altominho.tv\/site\/#organization"}},{"@type":"WebPage","@id":"https:\/\/www.altominho.tv\/site\/2021\/05\/17\/escola-do-rock-volta-a-paredes-de-coura-com-projeto-de-inclusao-musical\/","url":"https:\/\/www.altominho.tv\/site\/2021\/05\/17\/escola-do-rock-volta-a-paredes-de-coura-com-projeto-de-inclusao-musical\/","name":"Escola do Rock volta a Paredes de Coura com projeto de inclus\u00e3o musical","isPartOf":{"@id":"https:\/\/www.altominho.tv\/site\/#website"},"primaryImageOfPage":{"@id":"https:\/\/www.altominho.tv\/site\/2021\/05\/17\/escola-do-rock-volta-a-paredes-de-coura-com-projeto-de-inclusao-musical\/#primaryimage"},"image":{"@id":"https:\/\/www.altominho.tv\/site\/2021\/05\/17\/escola-do-rock-volta-a-paredes-de-coura-com-projeto-de-inclusao-musical\/#primaryimage"},"thumbnailUrl":"https:\/\/www.altominho.tv\/site\/wp-content\/uploads\/2021\/05\/maxresdefault.jpg","datePublished":"2021-05-17T08:48:32+00:00","dateModified":"2021-05-17T08:48:37+00:00","author":{"@id":"https:\/\/www.altominho.tv\/site\/#\/schema\/person\/63f693da3e1899361cbe955c46f3232e"},"breadcrumb":{"@id":"https:\/\/www.altominho.tv\/site\/2021\/05\/17\/escola-do-rock-volta-a-paredes-de-coura-com-projeto-de-inclusao-musical\/#breadcrumb"},"inLanguage":"pt-PT","potentialAction":[{"@type":"ReadAction","target":["https:\/\/www.altominho.tv\/site\/2021\/05\/17\/escola-do-rock-volta-a-paredes-de-coura-com-projeto-de-inclusao-musical\/"]}]},{"@type":"ImageObject","inLanguage":"pt-PT","@id":"https:\/\/www.altominho.tv\/site\/2021\/05\/17\/escola-do-rock-volta-a-paredes-de-coura-com-projeto-de-inclusao-musical\/#primaryimage","url":"https:\/\/www.altominho.tv\/site\/wp-content\/uploads\/2021\/05\/maxresdefault.jpg","contentUrl":"https:\/\/www.altominho.tv\/site\/wp-content\/uploads\/2021\/05\/maxresdefault.jpg","width":1280,"height":720},{"@type":"BreadcrumbList","@id":"https:\/\/www.altominho.tv\/site\/2021\/05\/17\/escola-do-rock-volta-a-paredes-de-coura-com-projeto-de-inclusao-musical\/#breadcrumb","itemListElement":[{"@type":"ListItem","position":1,"name":"In\u00edcio","item":"https:\/\/www.altominho.tv\/site\/"},{"@type":"ListItem","position":2,"name":"Escola do Rock volta a Paredes de Coura com projeto de inclus\u00e3o musical"}]},{"@type":"WebSite","@id":"https:\/\/www.altominho.tv\/site\/#website","url":"https:\/\/www.altominho.tv\/site\/","name":"Altominho.tv","description":"A sua regi\u00e3o \u00e0 dist\u00e2ncia de um clique...","potentialAction":[{"@type":"SearchAction","target":{"@type":"EntryPoint","urlTemplate":"https:\/\/www.altominho.tv\/site\/?s={search_term_string}"},"query-input":{"@type":"PropertyValueSpecification","valueRequired":true,"valueName":"search_term_string"}}],"inLanguage":"pt-PT"},{"@type":"Person","@id":"https:\/\/www.altominho.tv\/site\/#\/schema\/person\/63f693da3e1899361cbe955c46f3232e","name":"Lusa","image":{"@type":"ImageObject","inLanguage":"pt-PT","@id":"https:\/\/www.altominho.tv\/site\/wp-content\/uploads\/2019\/08\/LUSA_Logo.gif","url":"https:\/\/www.altominho.tv\/site\/wp-content\/uploads\/2019\/08\/LUSA_Logo.gif","contentUrl":"https:\/\/www.altominho.tv\/site\/wp-content\/uploads\/2019\/08\/LUSA_Logo.gif","caption":"Lusa"},"sameAs":["http:\/\/\/\/www.altominho.tv\/site"],"url":"https:\/\/www.altominho.tv\/site\/author\/lusa\/"}]}},"_links":{"self":[{"href":"https:\/\/www.altominho.tv\/site\/wp-json\/wp\/v2\/posts\/66485","targetHints":{"allow":["GET"]}}],"collection":[{"href":"https:\/\/www.altominho.tv\/site\/wp-json\/wp\/v2\/posts"}],"about":[{"href":"https:\/\/www.altominho.tv\/site\/wp-json\/wp\/v2\/types\/post"}],"author":[{"embeddable":true,"href":"https:\/\/www.altominho.tv\/site\/wp-json\/wp\/v2\/users\/13"}],"replies":[{"embeddable":true,"href":"https:\/\/www.altominho.tv\/site\/wp-json\/wp\/v2\/comments?post=66485"}],"version-history":[{"count":0,"href":"https:\/\/www.altominho.tv\/site\/wp-json\/wp\/v2\/posts\/66485\/revisions"}],"wp:featuredmedia":[{"embeddable":true,"href":"https:\/\/www.altominho.tv\/site\/wp-json\/wp\/v2\/media\/66486"}],"wp:attachment":[{"href":"https:\/\/www.altominho.tv\/site\/wp-json\/wp\/v2\/media?parent=66485"}],"wp:term":[{"taxonomy":"category","embeddable":true,"href":"https:\/\/www.altominho.tv\/site\/wp-json\/wp\/v2\/categories?post=66485"},{"taxonomy":"post_tag","embeddable":true,"href":"https:\/\/www.altominho.tv\/site\/wp-json\/wp\/v2\/tags?post=66485"}],"curies":[{"name":"wp","href":"https:\/\/api.w.org\/{rel}","templated":true}]}}