{"id":66455,"date":"2021-05-14T20:11:17","date_gmt":"2021-05-14T19:11:17","guid":{"rendered":"https:\/\/www.altominho.tv\/site\/?p=66455"},"modified":"2021-05-14T20:11:21","modified_gmt":"2021-05-14T19:11:21","slug":"paredes-de-coura-investe-15-milhoes-de-euros-em-tecnologia-led-e-substitui-6-mil-luminarias","status":"publish","type":"post","link":"https:\/\/www.altominho.tv\/site\/2021\/05\/14\/paredes-de-coura-investe-15-milhoes-de-euros-em-tecnologia-led-e-substitui-6-mil-luminarias\/","title":{"rendered":"Paredes de Coura investe 1,5 milh\u00f5es de euros em tecnologia LED e substitui 6 mil lumin\u00e1rias"},"content":{"rendered":"\n<p>Na pr\u00f3xima segunda-feira, dia 17 de maio, o Munic\u00edpio de Paredes de Coura inicia os trabalhos de substitui\u00e7\u00e3o das lumin\u00e1rias do concelho. Ao todos s\u00e3o mais de 6 mil lumin\u00e1rias de ilumina\u00e7\u00e3o p\u00fablica existentes por todo o territ\u00f3rio courense, que a partir de agora ser\u00e3o dotadas de tecnologia LED de \u00faltima gera\u00e7\u00e3o num esfor\u00e7o financeiro significativo na ordem dos 1,5 milh\u00f5es de euros.<\/p>\n\n\n\n<p><br>Com este passo, Paredes de Coura garante a qualidade da ilumina\u00e7\u00e3o em termos de seguran\u00e7a e luminosidade, da mesma forma que obter\u00e1 ganhos ao n\u00edvel da efici\u00eancia energ\u00e9tica e menor consumo, representando tamb\u00e9m uma poupan\u00e7a significativa na despesa municipal.<\/p>\n\n\n\n<p><br>A substitui\u00e7\u00e3o das l\u00e2mpadas convencionais por lumin\u00e1rias mais eficientes de tecnologia LED tamb\u00e9m representa um significativo esfor\u00e7o ao n\u00edvel da prote\u00e7\u00e3o ambiental. traduzido pela utiliza\u00e7\u00e3o racional de energia e da redu\u00e7\u00e3o das emiss\u00f5es de di\u00f3xido de carbono. A t\u00edtulo de exemplo, a substitui\u00e7\u00e3o lumin\u00e1rias de merc\u00fario e uma maioria de lumin\u00e1rias de s\u00f3dio que, sendo substitu\u00eddas evitar\u00e3o a emiss\u00e3o para a atmosfera de cerca de 422 toneladas de CO2, o que \u00e9 equivalente ao sequestro de CO2 de 27 mil \u00e1rvores ao longo de um ano.<\/p>\n\n\n\n<p><br>Assim, j\u00e1 a partir de segunda-feira, dia 17 de maio, os ve\u00edculos e os colaboradores que<br>executar\u00e3o os trabalhos estar\u00e3o devidamente identificados com o nome da empresa (Painha S.A.) e os trabalhos decorrer\u00e3o durante o per\u00edodo diurno.<\/p>\n\n\n\n<p><br>De forma a tamb\u00e9m minimizar o impacte ao n\u00edvel de poss\u00edveis transtornos junto das popula\u00e7\u00f5es, todos os trabalhos foram programados e ser\u00e3o executados em articula\u00e7\u00e3o com as autoridades.<\/p>\n","protected":false},"excerpt":{"rendered":"<p>Na pr\u00f3xima segunda-feira, dia 17 de maio, o Munic\u00edpio de Paredes de Coura inicia os trabalhos de substitui\u00e7\u00e3o das lumin\u00e1rias do concelho. Ao todos s\u00e3o mais de 6 mil lumin\u00e1rias de ilumina\u00e7\u00e3o p\u00fablica existentes por todo o territ\u00f3rio courense, que a partir de agora ser\u00e3o dotadas de tecnologia LED de \u00faltima gera\u00e7\u00e3o num esfor\u00e7o financeiro [&hellip;]<\/p>\n","protected":false},"author":1,"featured_media":65494,"comment_status":"closed","ping_status":"closed","sticky":false,"template":"","format":"standard","meta":{"_exactmetrics_skip_tracking":false,"_exactmetrics_sitenote_active":false,"_exactmetrics_sitenote_note":"","_exactmetrics_sitenote_category":0,"footnotes":""},"categories":[10],"tags":[27],"class_list":["post-66455","post","type-post","status-publish","format-standard","has-post-thumbnail","hentry","category-paredes-de-coura","tag-sociedade"],"yoast_head":"<!-- This site is optimized with the Yoast SEO Premium plugin v27.4 (Yoast SEO v27.4) - https:\/\/yoast.com\/product\/yoast-seo-premium-wordpress\/ -->\n<title>Paredes de Coura investe 1,5 milh\u00f5es de euros em tecnologia LED e substitui 6 mil lumin\u00e1rias<\/title>\n<meta name=\"robots\" content=\"index, follow, max-snippet:-1, max-image-preview:large, max-video-preview:-1\" \/>\n<link rel=\"canonical\" href=\"https:\/\/www.altominho.tv\/site\/2021\/05\/14\/paredes-de-coura-investe-15-milhoes-de-euros-em-tecnologia-led-e-substitui-6-mil-luminarias\/\" \/>\n<meta property=\"og:locale\" content=\"pt_PT\" \/>\n<meta property=\"og:type\" content=\"article\" \/>\n<meta property=\"og:title\" content=\"Paredes de Coura investe 1,5 milh\u00f5es de euros em tecnologia LED e substitui 6 mil lumin\u00e1rias\" \/>\n<meta property=\"og:description\" content=\"Na pr\u00f3xima segunda-feira, dia 17 de maio, o Munic\u00edpio de Paredes de Coura inicia os trabalhos de substitui\u00e7\u00e3o das lumin\u00e1rias do concelho. Ao todos s\u00e3o mais de 6 mil lumin\u00e1rias de ilumina\u00e7\u00e3o p\u00fablica existentes por todo o territ\u00f3rio courense, que a partir de agora ser\u00e3o dotadas de tecnologia LED de \u00faltima gera\u00e7\u00e3o num esfor\u00e7o financeiro [&hellip;]\" \/>\n<meta property=\"og:url\" content=\"https:\/\/www.altominho.tv\/site\/2021\/05\/14\/paredes-de-coura-investe-15-milhoes-de-euros-em-tecnologia-led-e-substitui-6-mil-luminarias\/\" \/>\n<meta property=\"og:site_name\" content=\"Altominho.tv\" \/>\n<meta property=\"article:publisher\" content=\"https:\/\/www.facebook.com\/altominhotv\" \/>\n<meta property=\"article:published_time\" content=\"2021-05-14T19:11:17+00:00\" \/>\n<meta property=\"article:modified_time\" content=\"2021-05-14T19:11:21+00:00\" \/>\n<meta property=\"og:image\" content=\"https:\/\/www.altominho.tv\/site\/wp-content\/uploads\/2021\/04\/1-1.jpg\" \/>\n\t<meta property=\"og:image:width\" content=\"1920\" \/>\n\t<meta property=\"og:image:height\" content=\"1080\" \/>\n\t<meta property=\"og:image:type\" content=\"image\/jpeg\" \/>\n<meta name=\"author\" content=\"Altominho.tv\" \/>\n<meta name=\"twitter:card\" content=\"summary_large_image\" \/>\n<meta name=\"twitter:creator\" content=\"@altominhoTV\" \/>\n<meta name=\"twitter:site\" content=\"@altominhoTV\" \/>\n<meta name=\"twitter:label1\" content=\"Escrito por\" \/>\n\t<meta name=\"twitter:data1\" content=\"Altominho.tv\" \/>\n\t<meta name=\"twitter:label2\" content=\"Tempo estimado de leitura\" \/>\n\t<meta name=\"twitter:data2\" content=\"1 minuto\" \/>\n<script type=\"application\/ld+json\" class=\"yoast-schema-graph\">{\"@context\":\"https:\\\/\\\/schema.org\",\"@graph\":[{\"@type\":\"Article\",\"@id\":\"https:\\\/\\\/www.altominho.tv\\\/site\\\/2021\\\/05\\\/14\\\/paredes-de-coura-investe-15-milhoes-de-euros-em-tecnologia-led-e-substitui-6-mil-luminarias\\\/#article\",\"isPartOf\":{\"@id\":\"https:\\\/\\\/www.altominho.tv\\\/site\\\/2021\\\/05\\\/14\\\/paredes-de-coura-investe-15-milhoes-de-euros-em-tecnologia-led-e-substitui-6-mil-luminarias\\\/\"},\"author\":{\"name\":\"Altominho.tv\",\"@id\":\"https:\\\/\\\/www.altominho.tv\\\/site\\\/#\\\/schema\\\/person\\\/4e536851627d7914baf3dac752b6af22\"},\"headline\":\"Paredes de Coura investe 1,5 milh\u00f5es de euros em tecnologia LED e substitui 6 mil lumin\u00e1rias\",\"datePublished\":\"2021-05-14T19:11:17+00:00\",\"dateModified\":\"2021-05-14T19:11:21+00:00\",\"mainEntityOfPage\":{\"@id\":\"https:\\\/\\\/www.altominho.tv\\\/site\\\/2021\\\/05\\\/14\\\/paredes-de-coura-investe-15-milhoes-de-euros-em-tecnologia-led-e-substitui-6-mil-luminarias\\\/\"},\"wordCount\":313,\"image\":{\"@id\":\"https:\\\/\\\/www.altominho.tv\\\/site\\\/2021\\\/05\\\/14\\\/paredes-de-coura-investe-15-milhoes-de-euros-em-tecnologia-led-e-substitui-6-mil-luminarias\\\/#primaryimage\"},\"thumbnailUrl\":\"https:\\\/\\\/www.altominho.tv\\\/site\\\/wp-content\\\/uploads\\\/2021\\\/04\\\/1-1.jpg\",\"keywords\":[\"Sociedade\"],\"articleSection\":[\"Paredes de Coura\"],\"inLanguage\":\"pt-PT\",\"copyrightYear\":\"2021\",\"copyrightHolder\":{\"@id\":\"https:\\\/\\\/www.altominho.tv\\\/site\\\/#organization\"}},{\"@type\":\"WebPage\",\"@id\":\"https:\\\/\\\/www.altominho.tv\\\/site\\\/2021\\\/05\\\/14\\\/paredes-de-coura-investe-15-milhoes-de-euros-em-tecnologia-led-e-substitui-6-mil-luminarias\\\/\",\"url\":\"https:\\\/\\\/www.altominho.tv\\\/site\\\/2021\\\/05\\\/14\\\/paredes-de-coura-investe-15-milhoes-de-euros-em-tecnologia-led-e-substitui-6-mil-luminarias\\\/\",\"name\":\"Paredes de Coura investe 1,5 milh\u00f5es de euros em tecnologia LED e substitui 6 mil lumin\u00e1rias\",\"isPartOf\":{\"@id\":\"https:\\\/\\\/www.altominho.tv\\\/site\\\/#website\"},\"primaryImageOfPage\":{\"@id\":\"https:\\\/\\\/www.altominho.tv\\\/site\\\/2021\\\/05\\\/14\\\/paredes-de-coura-investe-15-milhoes-de-euros-em-tecnologia-led-e-substitui-6-mil-luminarias\\\/#primaryimage\"},\"image\":{\"@id\":\"https:\\\/\\\/www.altominho.tv\\\/site\\\/2021\\\/05\\\/14\\\/paredes-de-coura-investe-15-milhoes-de-euros-em-tecnologia-led-e-substitui-6-mil-luminarias\\\/#primaryimage\"},\"thumbnailUrl\":\"https:\\\/\\\/www.altominho.tv\\\/site\\\/wp-content\\\/uploads\\\/2021\\\/04\\\/1-1.jpg\",\"datePublished\":\"2021-05-14T19:11:17+00:00\",\"dateModified\":\"2021-05-14T19:11:21+00:00\",\"author\":{\"@id\":\"https:\\\/\\\/www.altominho.tv\\\/site\\\/#\\\/schema\\\/person\\\/4e536851627d7914baf3dac752b6af22\"},\"breadcrumb\":{\"@id\":\"https:\\\/\\\/www.altominho.tv\\\/site\\\/2021\\\/05\\\/14\\\/paredes-de-coura-investe-15-milhoes-de-euros-em-tecnologia-led-e-substitui-6-mil-luminarias\\\/#breadcrumb\"},\"inLanguage\":\"pt-PT\",\"potentialAction\":[{\"@type\":\"ReadAction\",\"target\":[\"https:\\\/\\\/www.altominho.tv\\\/site\\\/2021\\\/05\\\/14\\\/paredes-de-coura-investe-15-milhoes-de-euros-em-tecnologia-led-e-substitui-6-mil-luminarias\\\/\"]}]},{\"@type\":\"ImageObject\",\"inLanguage\":\"pt-PT\",\"@id\":\"https:\\\/\\\/www.altominho.tv\\\/site\\\/2021\\\/05\\\/14\\\/paredes-de-coura-investe-15-milhoes-de-euros-em-tecnologia-led-e-substitui-6-mil-luminarias\\\/#primaryimage\",\"url\":\"https:\\\/\\\/www.altominho.tv\\\/site\\\/wp-content\\\/uploads\\\/2021\\\/04\\\/1-1.jpg\",\"contentUrl\":\"https:\\\/\\\/www.altominho.tv\\\/site\\\/wp-content\\\/uploads\\\/2021\\\/04\\\/1-1.jpg\",\"width\":1920,\"height\":1080},{\"@type\":\"BreadcrumbList\",\"@id\":\"https:\\\/\\\/www.altominho.tv\\\/site\\\/2021\\\/05\\\/14\\\/paredes-de-coura-investe-15-milhoes-de-euros-em-tecnologia-led-e-substitui-6-mil-luminarias\\\/#breadcrumb\",\"itemListElement\":[{\"@type\":\"ListItem\",\"position\":1,\"name\":\"In\u00edcio\",\"item\":\"https:\\\/\\\/www.altominho.tv\\\/site\\\/\"},{\"@type\":\"ListItem\",\"position\":2,\"name\":\"Paredes de Coura investe 1,5 milh\u00f5es de euros em tecnologia LED e substitui 6 mil lumin\u00e1rias\"}]},{\"@type\":\"WebSite\",\"@id\":\"https:\\\/\\\/www.altominho.tv\\\/site\\\/#website\",\"url\":\"https:\\\/\\\/www.altominho.tv\\\/site\\\/\",\"name\":\"Altominho.tv\",\"description\":\"A sua regi\u00e3o \u00e0 dist\u00e2ncia de um clique...\",\"potentialAction\":[{\"@type\":\"SearchAction\",\"target\":{\"@type\":\"EntryPoint\",\"urlTemplate\":\"https:\\\/\\\/www.altominho.tv\\\/site\\\/?s={search_term_string}\"},\"query-input\":{\"@type\":\"PropertyValueSpecification\",\"valueRequired\":true,\"valueName\":\"search_term_string\"}}],\"inLanguage\":\"pt-PT\"},{\"@type\":\"Person\",\"@id\":\"https:\\\/\\\/www.altominho.tv\\\/site\\\/#\\\/schema\\\/person\\\/4e536851627d7914baf3dac752b6af22\",\"name\":\"Altominho.tv\",\"image\":{\"@type\":\"ImageObject\",\"inLanguage\":\"pt-PT\",\"@id\":\"https:\\\/\\\/www.altominho.tv\\\/site\\\/wp-content\\\/uploads\\\/2019\\\/11\\\/Logo_Avatar_2-150x150.jpg\",\"url\":\"https:\\\/\\\/www.altominho.tv\\\/site\\\/wp-content\\\/uploads\\\/2019\\\/11\\\/Logo_Avatar_2-150x150.jpg\",\"contentUrl\":\"https:\\\/\\\/www.altominho.tv\\\/site\\\/wp-content\\\/uploads\\\/2019\\\/11\\\/Logo_Avatar_2-150x150.jpg\",\"caption\":\"Altominho.tv\"},\"url\":\"https:\\\/\\\/www.altominho.tv\\\/site\\\/author\\\/altominhotv-tecnico\\\/\"}]}<\/script>\n<!-- \/ Yoast SEO Premium plugin. -->","yoast_head_json":{"title":"Paredes de Coura investe 1,5 milh\u00f5es de euros em tecnologia LED e substitui 6 mil lumin\u00e1rias","robots":{"index":"index","follow":"follow","max-snippet":"max-snippet:-1","max-image-preview":"max-image-preview:large","max-video-preview":"max-video-preview:-1"},"canonical":"https:\/\/www.altominho.tv\/site\/2021\/05\/14\/paredes-de-coura-investe-15-milhoes-de-euros-em-tecnologia-led-e-substitui-6-mil-luminarias\/","og_locale":"pt_PT","og_type":"article","og_title":"Paredes de Coura investe 1,5 milh\u00f5es de euros em tecnologia LED e substitui 6 mil lumin\u00e1rias","og_description":"Na pr\u00f3xima segunda-feira, dia 17 de maio, o Munic\u00edpio de Paredes de Coura inicia os trabalhos de substitui\u00e7\u00e3o das lumin\u00e1rias do concelho. Ao todos s\u00e3o mais de 6 mil lumin\u00e1rias de ilumina\u00e7\u00e3o p\u00fablica existentes por todo o territ\u00f3rio courense, que a partir de agora ser\u00e3o dotadas de tecnologia LED de \u00faltima gera\u00e7\u00e3o num esfor\u00e7o financeiro [&hellip;]","og_url":"https:\/\/www.altominho.tv\/site\/2021\/05\/14\/paredes-de-coura-investe-15-milhoes-de-euros-em-tecnologia-led-e-substitui-6-mil-luminarias\/","og_site_name":"Altominho.tv","article_publisher":"https:\/\/www.facebook.com\/altominhotv","article_published_time":"2021-05-14T19:11:17+00:00","article_modified_time":"2021-05-14T19:11:21+00:00","og_image":[{"width":1920,"height":1080,"url":"https:\/\/www.altominho.tv\/site\/wp-content\/uploads\/2021\/04\/1-1.jpg","type":"image\/jpeg"}],"author":"Altominho.tv","twitter_card":"summary_large_image","twitter_creator":"@altominhoTV","twitter_site":"@altominhoTV","twitter_misc":{"Escrito por":"Altominho.tv","Tempo estimado de leitura":"1 minuto"},"schema":{"@context":"https:\/\/schema.org","@graph":[{"@type":"Article","@id":"https:\/\/www.altominho.tv\/site\/2021\/05\/14\/paredes-de-coura-investe-15-milhoes-de-euros-em-tecnologia-led-e-substitui-6-mil-luminarias\/#article","isPartOf":{"@id":"https:\/\/www.altominho.tv\/site\/2021\/05\/14\/paredes-de-coura-investe-15-milhoes-de-euros-em-tecnologia-led-e-substitui-6-mil-luminarias\/"},"author":{"name":"Altominho.tv","@id":"https:\/\/www.altominho.tv\/site\/#\/schema\/person\/4e536851627d7914baf3dac752b6af22"},"headline":"Paredes de Coura investe 1,5 milh\u00f5es de euros em tecnologia LED e substitui 6 mil lumin\u00e1rias","datePublished":"2021-05-14T19:11:17+00:00","dateModified":"2021-05-14T19:11:21+00:00","mainEntityOfPage":{"@id":"https:\/\/www.altominho.tv\/site\/2021\/05\/14\/paredes-de-coura-investe-15-milhoes-de-euros-em-tecnologia-led-e-substitui-6-mil-luminarias\/"},"wordCount":313,"image":{"@id":"https:\/\/www.altominho.tv\/site\/2021\/05\/14\/paredes-de-coura-investe-15-milhoes-de-euros-em-tecnologia-led-e-substitui-6-mil-luminarias\/#primaryimage"},"thumbnailUrl":"https:\/\/www.altominho.tv\/site\/wp-content\/uploads\/2021\/04\/1-1.jpg","keywords":["Sociedade"],"articleSection":["Paredes de Coura"],"inLanguage":"pt-PT","copyrightYear":"2021","copyrightHolder":{"@id":"https:\/\/www.altominho.tv\/site\/#organization"}},{"@type":"WebPage","@id":"https:\/\/www.altominho.tv\/site\/2021\/05\/14\/paredes-de-coura-investe-15-milhoes-de-euros-em-tecnologia-led-e-substitui-6-mil-luminarias\/","url":"https:\/\/www.altominho.tv\/site\/2021\/05\/14\/paredes-de-coura-investe-15-milhoes-de-euros-em-tecnologia-led-e-substitui-6-mil-luminarias\/","name":"Paredes de Coura investe 1,5 milh\u00f5es de euros em tecnologia LED e substitui 6 mil lumin\u00e1rias","isPartOf":{"@id":"https:\/\/www.altominho.tv\/site\/#website"},"primaryImageOfPage":{"@id":"https:\/\/www.altominho.tv\/site\/2021\/05\/14\/paredes-de-coura-investe-15-milhoes-de-euros-em-tecnologia-led-e-substitui-6-mil-luminarias\/#primaryimage"},"image":{"@id":"https:\/\/www.altominho.tv\/site\/2021\/05\/14\/paredes-de-coura-investe-15-milhoes-de-euros-em-tecnologia-led-e-substitui-6-mil-luminarias\/#primaryimage"},"thumbnailUrl":"https:\/\/www.altominho.tv\/site\/wp-content\/uploads\/2021\/04\/1-1.jpg","datePublished":"2021-05-14T19:11:17+00:00","dateModified":"2021-05-14T19:11:21+00:00","author":{"@id":"https:\/\/www.altominho.tv\/site\/#\/schema\/person\/4e536851627d7914baf3dac752b6af22"},"breadcrumb":{"@id":"https:\/\/www.altominho.tv\/site\/2021\/05\/14\/paredes-de-coura-investe-15-milhoes-de-euros-em-tecnologia-led-e-substitui-6-mil-luminarias\/#breadcrumb"},"inLanguage":"pt-PT","potentialAction":[{"@type":"ReadAction","target":["https:\/\/www.altominho.tv\/site\/2021\/05\/14\/paredes-de-coura-investe-15-milhoes-de-euros-em-tecnologia-led-e-substitui-6-mil-luminarias\/"]}]},{"@type":"ImageObject","inLanguage":"pt-PT","@id":"https:\/\/www.altominho.tv\/site\/2021\/05\/14\/paredes-de-coura-investe-15-milhoes-de-euros-em-tecnologia-led-e-substitui-6-mil-luminarias\/#primaryimage","url":"https:\/\/www.altominho.tv\/site\/wp-content\/uploads\/2021\/04\/1-1.jpg","contentUrl":"https:\/\/www.altominho.tv\/site\/wp-content\/uploads\/2021\/04\/1-1.jpg","width":1920,"height":1080},{"@type":"BreadcrumbList","@id":"https:\/\/www.altominho.tv\/site\/2021\/05\/14\/paredes-de-coura-investe-15-milhoes-de-euros-em-tecnologia-led-e-substitui-6-mil-luminarias\/#breadcrumb","itemListElement":[{"@type":"ListItem","position":1,"name":"In\u00edcio","item":"https:\/\/www.altominho.tv\/site\/"},{"@type":"ListItem","position":2,"name":"Paredes de Coura investe 1,5 milh\u00f5es de euros em tecnologia LED e substitui 6 mil lumin\u00e1rias"}]},{"@type":"WebSite","@id":"https:\/\/www.altominho.tv\/site\/#website","url":"https:\/\/www.altominho.tv\/site\/","name":"Altominho.tv","description":"A sua regi\u00e3o \u00e0 dist\u00e2ncia de um clique...","potentialAction":[{"@type":"SearchAction","target":{"@type":"EntryPoint","urlTemplate":"https:\/\/www.altominho.tv\/site\/?s={search_term_string}"},"query-input":{"@type":"PropertyValueSpecification","valueRequired":true,"valueName":"search_term_string"}}],"inLanguage":"pt-PT"},{"@type":"Person","@id":"https:\/\/www.altominho.tv\/site\/#\/schema\/person\/4e536851627d7914baf3dac752b6af22","name":"Altominho.tv","image":{"@type":"ImageObject","inLanguage":"pt-PT","@id":"https:\/\/www.altominho.tv\/site\/wp-content\/uploads\/2019\/11\/Logo_Avatar_2-150x150.jpg","url":"https:\/\/www.altominho.tv\/site\/wp-content\/uploads\/2019\/11\/Logo_Avatar_2-150x150.jpg","contentUrl":"https:\/\/www.altominho.tv\/site\/wp-content\/uploads\/2019\/11\/Logo_Avatar_2-150x150.jpg","caption":"Altominho.tv"},"url":"https:\/\/www.altominho.tv\/site\/author\/altominhotv-tecnico\/"}]}},"_links":{"self":[{"href":"https:\/\/www.altominho.tv\/site\/wp-json\/wp\/v2\/posts\/66455","targetHints":{"allow":["GET"]}}],"collection":[{"href":"https:\/\/www.altominho.tv\/site\/wp-json\/wp\/v2\/posts"}],"about":[{"href":"https:\/\/www.altominho.tv\/site\/wp-json\/wp\/v2\/types\/post"}],"author":[{"embeddable":true,"href":"https:\/\/www.altominho.tv\/site\/wp-json\/wp\/v2\/users\/1"}],"replies":[{"embeddable":true,"href":"https:\/\/www.altominho.tv\/site\/wp-json\/wp\/v2\/comments?post=66455"}],"version-history":[{"count":0,"href":"https:\/\/www.altominho.tv\/site\/wp-json\/wp\/v2\/posts\/66455\/revisions"}],"wp:featuredmedia":[{"embeddable":true,"href":"https:\/\/www.altominho.tv\/site\/wp-json\/wp\/v2\/media\/65494"}],"wp:attachment":[{"href":"https:\/\/www.altominho.tv\/site\/wp-json\/wp\/v2\/media?parent=66455"}],"wp:term":[{"taxonomy":"category","embeddable":true,"href":"https:\/\/www.altominho.tv\/site\/wp-json\/wp\/v2\/categories?post=66455"},{"taxonomy":"post_tag","embeddable":true,"href":"https:\/\/www.altominho.tv\/site\/wp-json\/wp\/v2\/tags?post=66455"}],"curies":[{"name":"wp","href":"https:\/\/api.w.org\/{rel}","templated":true}]}}