{"id":66445,"date":"2021-05-14T14:37:14","date_gmt":"2021-05-14T13:37:14","guid":{"rendered":"https:\/\/www.altominho.tv\/site\/?p=66445"},"modified":"2021-05-14T15:09:01","modified_gmt":"2021-05-14T14:09:01","slug":"identificados-mais-de-14-mil-locais-por-falta-de-limpeza-de-terrenos","status":"publish","type":"post","link":"https:\/\/www.altominho.tv\/site\/2021\/05\/14\/identificados-mais-de-14-mil-locais-por-falta-de-limpeza-de-terrenos\/","title":{"rendered":"Identificados mais de 14 mil locais por falta de limpeza de terrenos"},"content":{"rendered":"\n<p class=\"wp-block-paragraph\">A Guarda Nacional Republicana (GNR) tem j\u00e1 identificados 14.097 locais de poss\u00edvel incumprimento dos trabalhos de limpeza de terrenos, no \u00e2mbito da campanha &#8220;Floresta Segura 2021&#8221;, e os propriet\u00e1rios arriscam a aplica\u00e7\u00e3o de coimas a partir de domingo.<\/p>\n\n\n\n<p class=\"wp-block-paragraph\">\u201cA GNR iniciar\u00e1 a fiscaliza\u00e7\u00e3o neste \u00e2mbito a partir de 16 de maio [domingo], data a partir da qual elaborar\u00e1 autos por contraordena\u00e7\u00e3o quando detete situa\u00e7\u00f5es de incumprimento\u201d, indicou esta for\u00e7a de seguran\u00e7a, na sequ\u00eancia do fim do prazo para os propriet\u00e1rios assegurarem os trabalhos de gest\u00e3o de combust\u00edvel, que termina no s\u00e1bado.<\/p>\n\n\n\n<p class=\"wp-block-paragraph\">Em resposta \u00e0 ag\u00eancia Lusa, a guarda informou que no decorrer da campanha &#8220;Floresta Segura 2021&#8221; foram identificados, at\u00e9 09 de maio, \u201c14.097 locais de poss\u00edvel incumprimento\u201d.<\/p>\n\n\n\n<p class=\"wp-block-paragraph\">\u00c0 semelhan\u00e7a do que tem acontecido desde 2018, este ano as coimas por incumprimento na gest\u00e3o de combust\u00edvel voltam a ser &#8220;aumentadas para o dobro&#8221;, passando para de 280 a 10.000 euros, no caso de pessoa singular, e de 3.000 a 120.000 euros, no caso de pessoas coletivas.<\/p>\n\n\n\n<p class=\"wp-block-paragraph\">\u201cAs especiais dificuldades criadas pelo ambiente pand\u00e9mico condicionaram os trabalhos de gest\u00e3o de combust\u00edvel\u201d, indicou a GNR.<\/p>\n\n\n\n<p class=\"wp-block-paragraph\">Apesar disso, o n\u00famero de situa\u00e7\u00f5es de incumprimento no presente ano comparativamente com os anos anteriores \u201c\u00e9 inferior\u201d, disse esta for\u00e7a de seguran\u00e7a, referindo que se tem verificado \u201cuma maior sensibiliza\u00e7\u00e3o por parte das pessoas para a realiza\u00e7\u00e3o dos trabalhos de gest\u00e3o de combust\u00edvel, fruto da sensibiliza\u00e7\u00e3o que vem sendo realizada e da ampla comunica\u00e7\u00e3o divulgada sobre esta tem\u00e1tica\u201d.<\/p>\n\n\n\n<p class=\"wp-block-paragraph\">Desde o in\u00edcio deste ano e at\u00e9 09 de maio, a guarda registou 557 autos por contraordena\u00e7\u00e3o relativa ao Sistema Nacional de Defesa da Floresta Contra Inc\u00eandios (SNDFCI), \u201cdesignadamente 405 em queimas e 152 em queimadas, por realiza\u00e7\u00e3o n\u00e3o autorizada ou por neglig\u00eancia na sua execu\u00e7\u00e3o\u201d.<\/p>\n\n\n\n<p class=\"wp-block-paragraph\">Em 2020, em per\u00edodo hom\u00f3logo, foram registados 262 autos de contraordena\u00e7\u00e3o por realiza\u00e7\u00e3o de queimas e 64 por realiza\u00e7\u00e3o de queimadas, informou.<\/p>\n\n\n\n<p class=\"wp-block-paragraph\">No que diz respeito aos crimes de inc\u00eandio, este ano, at\u00e9 09 de maio, \u201ca GNR deteve 21 pessoas e identificou outras 262\u201d, referiu esta for\u00e7a seguran\u00e7a, assegurando estar \u201cbem ciente da problem\u00e1tica que s\u00e3o os inc\u00eandios, pois o pret\u00e9rito recente tem mostrado o quanto \u00e9 importante minimizar o flagelo dos fogos, para assim proteger vidas humanas e bens materiais\u201d.<\/p>\n\n\n\n<p class=\"wp-block-paragraph\">Relativamente \u00e0 fiscaliza\u00e7\u00e3o do cumprimento da obriga\u00e7\u00e3o de gest\u00e3o de combust\u00edvel, prevista no decreto-lei n.\u00ba 124\/2006 &#8211; que estabelece as medidas e a\u00e7\u00f5es a desenvolver no \u00e2mbito do SNDFCI e que se aplica a todo o territ\u00f3rio continental portugu\u00eas -, a GNR tem compet\u00eancia \u201cem cerca de 94% do territ\u00f3rio nacional\u201d.<\/p>\n\n\n\n<p class=\"wp-block-paragraph\">Outras das entidades com responsabilidade na fiscaliza\u00e7\u00e3o s\u00e3o Pol\u00edcia de Seguran\u00e7a P\u00fablica, Pol\u00edcia Mar\u00edtima, Instituto da Conserva\u00e7\u00e3o da Natureza e das Florestas, Autoridade Nacional de Emerg\u00eancia e Prote\u00e7\u00e3o Civil, c\u00e2maras municipais, pol\u00edcias municipais e vigilantes da natureza.<\/p>\n\n\n\n<p class=\"wp-block-paragraph\">Este ano, o Governo identificou 1.002 freguesias priorit\u00e1rias para fiscaliza\u00e7\u00e3o da gest\u00e3o de combust\u00edvel, que se localizam em 168 dos 278 munic\u00edpios de Portugal continental, sobretudo nas regi\u00f5es do interior norte e centro. Comparativamente, s\u00e3o menos 112 freguesias em rela\u00e7\u00e3o \u00e0s 1.114 identificadas em 2020.<\/p>\n\n\n\n<p class=\"wp-block-paragraph\">Inserido no Or\u00e7amento do Estado para 2021, o regime excecional das redes de faixas de gest\u00e3o de combust\u00edvel determina que os trabalhos para a implementa\u00e7\u00e3o de faixas de gest\u00e3o de combust\u00edvel contra inc\u00eandios, numa faixa de 50 metros \u00e0 volta de habita\u00e7\u00f5es e outras edifica\u00e7\u00f5es e numa faixa de 100 metros \u00e0 volta dos aglomerados populacionais, parques de campismo e zonas industriais, &#8220;devem decorrer at\u00e9 15 de mar\u00e7o&#8221;, mas o Governo aprovou a prorroga\u00e7\u00e3o do prazo para at\u00e9 15 maio e manteve a data de at\u00e9 31 de maio para os munic\u00edpios se substitu\u00edrem aos propriet\u00e1rios incumpridores.<\/p>\n\n\n\n<p class=\"wp-block-paragraph\">&#8220;Isto resulta naturalmente da maior dificuldade em termos de pandemia, mas sobretudo [porque] estamos em condi\u00e7\u00f5es de o poder fazer. As abundantes chuvas de fevereiro fazem com que os terrenos tenham muita \u00e1gua, haja muita humidade no solo e, portanto, n\u00e3o estimamos nenhum risco acrescido&#8221;, disse o ministro do Ambiente e da A\u00e7\u00e3o Clim\u00e1tica, Jo\u00e3o Matos Fernandes, em 04 de mar\u00e7o.<\/p>\n\n\n\n<p class=\"wp-block-paragraph\">Apesar da extens\u00e3o do prazo para a limpeza de terrenos, a Assembleia da Rep\u00fablica recomendou a prorroga\u00e7\u00e3o at\u00e9 31 de maio, proposta que o Governo afirmou ser &#8220;contraproducente&#8221;, porque implicaria que os trabalhos a realizar pelos munic\u00edpios em substitui\u00e7\u00e3o dos propriet\u00e1rios e outros produtores florestais em incumprimento fossem executados durante o m\u00eas seguinte, j\u00e1 com maior probabilidade de fogos.<\/p>\n\n\n\n<p class=\"wp-block-paragraph\">As contraordena\u00e7\u00f5es na limpeza de terrenos quase duplicaram de 2017 para 2018, aumentando de 4.638 para 8.410 autos, enquanto o valor obtido com as coimas mais do quadruplicou, passando de 807 mil euros para 3,7 milh\u00f5es de euros, segundo dados da GNR.<\/p>\n\n\n\n<p class=\"wp-block-paragraph\">&#8220;Em 2020, a GNR registou 24.225 situa\u00e7\u00f5es de incumprimentos de limpeza de terrenos e elaborou 6.327 autos por infra\u00e7\u00e3o&#8221;, informou esta for\u00e7a de seguran\u00e7a, adiantando que o valor total das coimas em 2020 foi de 2,96 milh\u00f5es de euros, ficando aqu\u00e9m do registado em 2019, que contabilizou 3,72 milh\u00f5es de euros, com 8.047 contraordena\u00e7\u00f5es.<\/p>\n","protected":false},"excerpt":{"rendered":"<p>A Guarda Nacional Republicana (GNR) tem j\u00e1 identificados 14.097 locais de poss\u00edvel incumprimento dos trabalhos de limpeza de terrenos, no \u00e2mbito da campanha &#8220;Floresta Segura 2021&#8221;, e os propriet\u00e1rios arriscam a aplica\u00e7\u00e3o de coimas a partir de domingo. \u201cA GNR iniciar\u00e1 a fiscaliza\u00e7\u00e3o neste \u00e2mbito a partir de 16 de maio [domingo], data a partir [&hellip;]<\/p>\n","protected":false},"author":16,"featured_media":66446,"comment_status":"closed","ping_status":"closed","sticky":false,"template":"","format":"standard","meta":{"_exactmetrics_skip_tracking":false,"footnotes":""},"categories":[73],"tags":[27],"class_list":["post-66445","post","type-post","status-publish","format-standard","has-post-thumbnail","hentry","category-alto-minho","tag-sociedade"],"yoast_head":"<!-- This site is optimized with the Yoast SEO Premium plugin v28.3 (Yoast SEO v28.3) - https:\/\/yoast.com\/product\/yoast-seo-premium-wordpress\/ -->\n<title>Identificados mais de 14 mil locais por falta de limpeza de terrenos<\/title>\n<meta name=\"robots\" content=\"index, follow, max-snippet:-1, max-image-preview:large, max-video-preview:-1\" \/>\n<link rel=\"canonical\" href=\"https:\/\/www.altominho.tv\/site\/2021\/05\/14\/identificados-mais-de-14-mil-locais-por-falta-de-limpeza-de-terrenos\/\" \/>\n<meta property=\"og:locale\" content=\"pt_PT\" \/>\n<meta property=\"og:type\" content=\"article\" \/>\n<meta property=\"og:title\" content=\"Identificados mais de 14 mil locais por falta de limpeza de terrenos\" \/>\n<meta property=\"og:description\" content=\"A Guarda Nacional Republicana (GNR) tem j\u00e1 identificados 14.097 locais de poss\u00edvel incumprimento dos trabalhos de limpeza de terrenos, no \u00e2mbito da campanha &#8220;Floresta Segura 2021&#8221;, e os propriet\u00e1rios arriscam a aplica\u00e7\u00e3o de coimas a partir de domingo. \u201cA GNR iniciar\u00e1 a fiscaliza\u00e7\u00e3o neste \u00e2mbito a partir de 16 de maio [domingo], data a partir [&hellip;]\" \/>\n<meta property=\"og:url\" content=\"https:\/\/www.altominho.tv\/site\/2021\/05\/14\/identificados-mais-de-14-mil-locais-por-falta-de-limpeza-de-terrenos\/\" \/>\n<meta property=\"og:site_name\" content=\"Altominho.tv\" \/>\n<meta property=\"article:publisher\" content=\"https:\/\/www.facebook.com\/altominhotv\" \/>\n<meta property=\"article:published_time\" content=\"2021-05-14T13:37:14+00:00\" \/>\n<meta property=\"article:modified_time\" content=\"2021-05-14T14:09:01+00:00\" \/>\n<meta property=\"og:image\" content=\"https:\/\/www.altominho.tv\/site\/wp-content\/uploads\/2021\/05\/gnr-2.jpg\" \/>\n\t<meta property=\"og:image:width\" content=\"800\" \/>\n\t<meta property=\"og:image:height\" content=\"438\" \/>\n\t<meta property=\"og:image:type\" content=\"image\/jpeg\" \/>\n<meta name=\"author\" content=\"Andreia Cunha | Lusa\" \/>\n<meta name=\"twitter:card\" content=\"summary_large_image\" \/>\n<meta name=\"twitter:creator\" content=\"@altominhoTV\" \/>\n<meta name=\"twitter:site\" content=\"@altominhoTV\" \/>\n<meta name=\"twitter:label1\" content=\"Escrito por\" \/>\n\t<meta name=\"twitter:data1\" content=\"Andreia Cunha | Lusa\" \/>\n\t<meta name=\"twitter:label2\" content=\"Tempo estimado de leitura\" \/>\n\t<meta name=\"twitter:data2\" content=\"4 minutos\" \/>\n<script type=\"application\/ld+json\" class=\"yoast-schema-graph\">{\"@context\":\"https:\\\/\\\/schema.org\",\"@graph\":[{\"@type\":\"Article\",\"@id\":\"https:\\\/\\\/www.altominho.tv\\\/site\\\/2021\\\/05\\\/14\\\/identificados-mais-de-14-mil-locais-por-falta-de-limpeza-de-terrenos\\\/#article\",\"isPartOf\":{\"@id\":\"https:\\\/\\\/www.altominho.tv\\\/site\\\/2021\\\/05\\\/14\\\/identificados-mais-de-14-mil-locais-por-falta-de-limpeza-de-terrenos\\\/\"},\"author\":{\"name\":\"Andreia Cunha | Lusa\",\"@id\":\"https:\\\/\\\/www.altominho.tv\\\/site\\\/#\\\/schema\\\/person\\\/dbaf181c01b51ff40c9f461a905d321e\"},\"headline\":\"Identificados mais de 14 mil locais por falta de limpeza de terrenos\",\"datePublished\":\"2021-05-14T13:37:14+00:00\",\"dateModified\":\"2021-05-14T14:09:01+00:00\",\"mainEntityOfPage\":{\"@id\":\"https:\\\/\\\/www.altominho.tv\\\/site\\\/2021\\\/05\\\/14\\\/identificados-mais-de-14-mil-locais-por-falta-de-limpeza-de-terrenos\\\/\"},\"wordCount\":886,\"image\":{\"@id\":\"https:\\\/\\\/www.altominho.tv\\\/site\\\/2021\\\/05\\\/14\\\/identificados-mais-de-14-mil-locais-por-falta-de-limpeza-de-terrenos\\\/#primaryimage\"},\"thumbnailUrl\":\"https:\\\/\\\/www.altominho.tv\\\/site\\\/wp-content\\\/uploads\\\/2021\\\/05\\\/gnr-2.jpg\",\"keywords\":[\"Sociedade\"],\"articleSection\":[\"Alto Minho\"],\"inLanguage\":\"pt-PT\",\"copyrightYear\":\"2021\",\"copyrightHolder\":{\"@id\":\"https:\\\/\\\/www.altominho.tv\\\/site\\\/#organization\"}},{\"@type\":\"WebPage\",\"@id\":\"https:\\\/\\\/www.altominho.tv\\\/site\\\/2021\\\/05\\\/14\\\/identificados-mais-de-14-mil-locais-por-falta-de-limpeza-de-terrenos\\\/\",\"url\":\"https:\\\/\\\/www.altominho.tv\\\/site\\\/2021\\\/05\\\/14\\\/identificados-mais-de-14-mil-locais-por-falta-de-limpeza-de-terrenos\\\/\",\"name\":\"Identificados mais de 14 mil locais por falta de limpeza de terrenos\",\"isPartOf\":{\"@id\":\"https:\\\/\\\/www.altominho.tv\\\/site\\\/#website\"},\"primaryImageOfPage\":{\"@id\":\"https:\\\/\\\/www.altominho.tv\\\/site\\\/2021\\\/05\\\/14\\\/identificados-mais-de-14-mil-locais-por-falta-de-limpeza-de-terrenos\\\/#primaryimage\"},\"image\":{\"@id\":\"https:\\\/\\\/www.altominho.tv\\\/site\\\/2021\\\/05\\\/14\\\/identificados-mais-de-14-mil-locais-por-falta-de-limpeza-de-terrenos\\\/#primaryimage\"},\"thumbnailUrl\":\"https:\\\/\\\/www.altominho.tv\\\/site\\\/wp-content\\\/uploads\\\/2021\\\/05\\\/gnr-2.jpg\",\"datePublished\":\"2021-05-14T13:37:14+00:00\",\"dateModified\":\"2021-05-14T14:09:01+00:00\",\"author\":{\"@id\":\"https:\\\/\\\/www.altominho.tv\\\/site\\\/#\\\/schema\\\/person\\\/dbaf181c01b51ff40c9f461a905d321e\"},\"breadcrumb\":{\"@id\":\"https:\\\/\\\/www.altominho.tv\\\/site\\\/2021\\\/05\\\/14\\\/identificados-mais-de-14-mil-locais-por-falta-de-limpeza-de-terrenos\\\/#breadcrumb\"},\"inLanguage\":\"pt-PT\",\"potentialAction\":[{\"@type\":\"ReadAction\",\"target\":[\"https:\\\/\\\/www.altominho.tv\\\/site\\\/2021\\\/05\\\/14\\\/identificados-mais-de-14-mil-locais-por-falta-de-limpeza-de-terrenos\\\/\"]}]},{\"@type\":\"ImageObject\",\"inLanguage\":\"pt-PT\",\"@id\":\"https:\\\/\\\/www.altominho.tv\\\/site\\\/2021\\\/05\\\/14\\\/identificados-mais-de-14-mil-locais-por-falta-de-limpeza-de-terrenos\\\/#primaryimage\",\"url\":\"https:\\\/\\\/www.altominho.tv\\\/site\\\/wp-content\\\/uploads\\\/2021\\\/05\\\/gnr-2.jpg\",\"contentUrl\":\"https:\\\/\\\/www.altominho.tv\\\/site\\\/wp-content\\\/uploads\\\/2021\\\/05\\\/gnr-2.jpg\",\"width\":800,\"height\":438},{\"@type\":\"BreadcrumbList\",\"@id\":\"https:\\\/\\\/www.altominho.tv\\\/site\\\/2021\\\/05\\\/14\\\/identificados-mais-de-14-mil-locais-por-falta-de-limpeza-de-terrenos\\\/#breadcrumb\",\"itemListElement\":[{\"@type\":\"ListItem\",\"position\":1,\"name\":\"In\u00edcio\",\"item\":\"https:\\\/\\\/www.altominho.tv\\\/site\\\/\"},{\"@type\":\"ListItem\",\"position\":2,\"name\":\"Identificados mais de 14 mil locais por falta de limpeza de terrenos\"}]},{\"@type\":\"WebSite\",\"@id\":\"https:\\\/\\\/www.altominho.tv\\\/site\\\/#website\",\"url\":\"https:\\\/\\\/www.altominho.tv\\\/site\\\/\",\"name\":\"Altominho.tv\",\"description\":\"A sua regi\u00e3o \u00e0 dist\u00e2ncia de um clique...\",\"potentialAction\":[{\"@type\":\"SearchAction\",\"target\":{\"@type\":\"EntryPoint\",\"urlTemplate\":\"https:\\\/\\\/www.altominho.tv\\\/site\\\/?s={search_term_string}\"},\"query-input\":{\"@type\":\"PropertyValueSpecification\",\"valueRequired\":true,\"valueName\":\"search_term_string\"}}],\"inLanguage\":\"pt-PT\"},{\"@type\":\"Person\",\"@id\":\"https:\\\/\\\/www.altominho.tv\\\/site\\\/#\\\/schema\\\/person\\\/dbaf181c01b51ff40c9f461a905d321e\",\"name\":\"Andreia Cunha | Lusa\",\"image\":{\"@type\":\"ImageObject\",\"inLanguage\":\"pt-PT\",\"@id\":\"https:\\\/\\\/www.altominho.tv\\\/site\\\/wp-content\\\/uploads\\\/2017\\\/11\\\/Andreia_Cunha-1-150x150.jpg\",\"url\":\"https:\\\/\\\/www.altominho.tv\\\/site\\\/wp-content\\\/uploads\\\/2017\\\/11\\\/Andreia_Cunha-1-150x150.jpg\",\"contentUrl\":\"https:\\\/\\\/www.altominho.tv\\\/site\\\/wp-content\\\/uploads\\\/2017\\\/11\\\/Andreia_Cunha-1-150x150.jpg\",\"caption\":\"Andreia Cunha | Lusa\"},\"sameAs\":[\"https:\\\/\\\/www.altominho.tv\\\/site\"],\"url\":\"https:\\\/\\\/www.altominho.tv\\\/site\\\/author\\\/andreiacunhalusa\\\/\"}]}<\/script>\n<!-- \/ Yoast SEO Premium plugin. -->","yoast_head_json":{"title":"Identificados mais de 14 mil locais por falta de limpeza de terrenos","robots":{"index":"index","follow":"follow","max-snippet":"max-snippet:-1","max-image-preview":"max-image-preview:large","max-video-preview":"max-video-preview:-1"},"canonical":"https:\/\/www.altominho.tv\/site\/2021\/05\/14\/identificados-mais-de-14-mil-locais-por-falta-de-limpeza-de-terrenos\/","og_locale":"pt_PT","og_type":"article","og_title":"Identificados mais de 14 mil locais por falta de limpeza de terrenos","og_description":"A Guarda Nacional Republicana (GNR) tem j\u00e1 identificados 14.097 locais de poss\u00edvel incumprimento dos trabalhos de limpeza de terrenos, no \u00e2mbito da campanha &#8220;Floresta Segura 2021&#8221;, e os propriet\u00e1rios arriscam a aplica\u00e7\u00e3o de coimas a partir de domingo. \u201cA GNR iniciar\u00e1 a fiscaliza\u00e7\u00e3o neste \u00e2mbito a partir de 16 de maio [domingo], data a partir [&hellip;]","og_url":"https:\/\/www.altominho.tv\/site\/2021\/05\/14\/identificados-mais-de-14-mil-locais-por-falta-de-limpeza-de-terrenos\/","og_site_name":"Altominho.tv","article_publisher":"https:\/\/www.facebook.com\/altominhotv","article_published_time":"2021-05-14T13:37:14+00:00","article_modified_time":"2021-05-14T14:09:01+00:00","og_image":[{"width":800,"height":438,"url":"https:\/\/www.altominho.tv\/site\/wp-content\/uploads\/2021\/05\/gnr-2.jpg","type":"image\/jpeg"}],"author":"Andreia Cunha | Lusa","twitter_card":"summary_large_image","twitter_creator":"@altominhoTV","twitter_site":"@altominhoTV","twitter_misc":{"Escrito por":"Andreia Cunha | Lusa","Tempo estimado de leitura":"4 minutos"},"schema":{"@context":"https:\/\/schema.org","@graph":[{"@type":"Article","@id":"https:\/\/www.altominho.tv\/site\/2021\/05\/14\/identificados-mais-de-14-mil-locais-por-falta-de-limpeza-de-terrenos\/#article","isPartOf":{"@id":"https:\/\/www.altominho.tv\/site\/2021\/05\/14\/identificados-mais-de-14-mil-locais-por-falta-de-limpeza-de-terrenos\/"},"author":{"name":"Andreia Cunha | Lusa","@id":"https:\/\/www.altominho.tv\/site\/#\/schema\/person\/dbaf181c01b51ff40c9f461a905d321e"},"headline":"Identificados mais de 14 mil locais por falta de limpeza de terrenos","datePublished":"2021-05-14T13:37:14+00:00","dateModified":"2021-05-14T14:09:01+00:00","mainEntityOfPage":{"@id":"https:\/\/www.altominho.tv\/site\/2021\/05\/14\/identificados-mais-de-14-mil-locais-por-falta-de-limpeza-de-terrenos\/"},"wordCount":886,"image":{"@id":"https:\/\/www.altominho.tv\/site\/2021\/05\/14\/identificados-mais-de-14-mil-locais-por-falta-de-limpeza-de-terrenos\/#primaryimage"},"thumbnailUrl":"https:\/\/www.altominho.tv\/site\/wp-content\/uploads\/2021\/05\/gnr-2.jpg","keywords":["Sociedade"],"articleSection":["Alto Minho"],"inLanguage":"pt-PT","copyrightYear":"2021","copyrightHolder":{"@id":"https:\/\/www.altominho.tv\/site\/#organization"}},{"@type":"WebPage","@id":"https:\/\/www.altominho.tv\/site\/2021\/05\/14\/identificados-mais-de-14-mil-locais-por-falta-de-limpeza-de-terrenos\/","url":"https:\/\/www.altominho.tv\/site\/2021\/05\/14\/identificados-mais-de-14-mil-locais-por-falta-de-limpeza-de-terrenos\/","name":"Identificados mais de 14 mil locais por falta de limpeza de terrenos","isPartOf":{"@id":"https:\/\/www.altominho.tv\/site\/#website"},"primaryImageOfPage":{"@id":"https:\/\/www.altominho.tv\/site\/2021\/05\/14\/identificados-mais-de-14-mil-locais-por-falta-de-limpeza-de-terrenos\/#primaryimage"},"image":{"@id":"https:\/\/www.altominho.tv\/site\/2021\/05\/14\/identificados-mais-de-14-mil-locais-por-falta-de-limpeza-de-terrenos\/#primaryimage"},"thumbnailUrl":"https:\/\/www.altominho.tv\/site\/wp-content\/uploads\/2021\/05\/gnr-2.jpg","datePublished":"2021-05-14T13:37:14+00:00","dateModified":"2021-05-14T14:09:01+00:00","author":{"@id":"https:\/\/www.altominho.tv\/site\/#\/schema\/person\/dbaf181c01b51ff40c9f461a905d321e"},"breadcrumb":{"@id":"https:\/\/www.altominho.tv\/site\/2021\/05\/14\/identificados-mais-de-14-mil-locais-por-falta-de-limpeza-de-terrenos\/#breadcrumb"},"inLanguage":"pt-PT","potentialAction":[{"@type":"ReadAction","target":["https:\/\/www.altominho.tv\/site\/2021\/05\/14\/identificados-mais-de-14-mil-locais-por-falta-de-limpeza-de-terrenos\/"]}]},{"@type":"ImageObject","inLanguage":"pt-PT","@id":"https:\/\/www.altominho.tv\/site\/2021\/05\/14\/identificados-mais-de-14-mil-locais-por-falta-de-limpeza-de-terrenos\/#primaryimage","url":"https:\/\/www.altominho.tv\/site\/wp-content\/uploads\/2021\/05\/gnr-2.jpg","contentUrl":"https:\/\/www.altominho.tv\/site\/wp-content\/uploads\/2021\/05\/gnr-2.jpg","width":800,"height":438},{"@type":"BreadcrumbList","@id":"https:\/\/www.altominho.tv\/site\/2021\/05\/14\/identificados-mais-de-14-mil-locais-por-falta-de-limpeza-de-terrenos\/#breadcrumb","itemListElement":[{"@type":"ListItem","position":1,"name":"In\u00edcio","item":"https:\/\/www.altominho.tv\/site\/"},{"@type":"ListItem","position":2,"name":"Identificados mais de 14 mil locais por falta de limpeza de terrenos"}]},{"@type":"WebSite","@id":"https:\/\/www.altominho.tv\/site\/#website","url":"https:\/\/www.altominho.tv\/site\/","name":"Altominho.tv","description":"A sua regi\u00e3o \u00e0 dist\u00e2ncia de um clique...","potentialAction":[{"@type":"SearchAction","target":{"@type":"EntryPoint","urlTemplate":"https:\/\/www.altominho.tv\/site\/?s={search_term_string}"},"query-input":{"@type":"PropertyValueSpecification","valueRequired":true,"valueName":"search_term_string"}}],"inLanguage":"pt-PT"},{"@type":"Person","@id":"https:\/\/www.altominho.tv\/site\/#\/schema\/person\/dbaf181c01b51ff40c9f461a905d321e","name":"Andreia Cunha | Lusa","image":{"@type":"ImageObject","inLanguage":"pt-PT","@id":"https:\/\/www.altominho.tv\/site\/wp-content\/uploads\/2017\/11\/Andreia_Cunha-1-150x150.jpg","url":"https:\/\/www.altominho.tv\/site\/wp-content\/uploads\/2017\/11\/Andreia_Cunha-1-150x150.jpg","contentUrl":"https:\/\/www.altominho.tv\/site\/wp-content\/uploads\/2017\/11\/Andreia_Cunha-1-150x150.jpg","caption":"Andreia Cunha | Lusa"},"sameAs":["https:\/\/www.altominho.tv\/site"],"url":"https:\/\/www.altominho.tv\/site\/author\/andreiacunhalusa\/"}]}},"_links":{"self":[{"href":"https:\/\/www.altominho.tv\/site\/wp-json\/wp\/v2\/posts\/66445","targetHints":{"allow":["GET"]}}],"collection":[{"href":"https:\/\/www.altominho.tv\/site\/wp-json\/wp\/v2\/posts"}],"about":[{"href":"https:\/\/www.altominho.tv\/site\/wp-json\/wp\/v2\/types\/post"}],"author":[{"embeddable":true,"href":"https:\/\/www.altominho.tv\/site\/wp-json\/wp\/v2\/users\/16"}],"replies":[{"embeddable":true,"href":"https:\/\/www.altominho.tv\/site\/wp-json\/wp\/v2\/comments?post=66445"}],"version-history":[{"count":0,"href":"https:\/\/www.altominho.tv\/site\/wp-json\/wp\/v2\/posts\/66445\/revisions"}],"wp:featuredmedia":[{"embeddable":true,"href":"https:\/\/www.altominho.tv\/site\/wp-json\/wp\/v2\/media\/66446"}],"wp:attachment":[{"href":"https:\/\/www.altominho.tv\/site\/wp-json\/wp\/v2\/media?parent=66445"}],"wp:term":[{"taxonomy":"category","embeddable":true,"href":"https:\/\/www.altominho.tv\/site\/wp-json\/wp\/v2\/categories?post=66445"},{"taxonomy":"post_tag","embeddable":true,"href":"https:\/\/www.altominho.tv\/site\/wp-json\/wp\/v2\/tags?post=66445"}],"curies":[{"name":"wp","href":"https:\/\/api.w.org\/{rel}","templated":true}]}}