{"id":66290,"date":"2021-05-10T17:51:12","date_gmt":"2021-05-10T16:51:12","guid":{"rendered":"https:\/\/www.altominho.tv\/site\/?p=66290"},"modified":"2021-05-10T17:55:29","modified_gmt":"2021-05-10T16:55:29","slug":"camara-de-cerveira-vai-investir-300-mil-euros-na-primeira-fase-de-requalificacao-da-antiga-en302","status":"publish","type":"post","link":"https:\/\/www.altominho.tv\/site\/2021\/05\/10\/camara-de-cerveira-vai-investir-300-mil-euros-na-primeira-fase-de-requalificacao-da-antiga-en302\/","title":{"rendered":"C\u00e2mara de Cerveira vai investir 300 mil euros na primeira fase de requalifica\u00e7\u00e3o da antiga EN302"},"content":{"rendered":"<p>A C\u00e2mara Municipal de Vila Nova de Cerveira apresentou o projeto de requalifica\u00e7\u00e3o da antiga Estrada Nacional (EN) 302, que liga as freguesias de Covas e Candemil. A primeira fase da interven\u00e7\u00e3o vai avan\u00e7ar durante o m\u00eas de maio, na zona mais urbana de Covas.<\/p>\n<p>Durante a apresenta\u00e7\u00e3o p\u00fablica que decorreu, na passada sexta-feira, na freguesia de Covas, o presidente da autarquia real\u00e7ou uma interven\u00e7\u00e3o \u201cque potencia a coes\u00e3o territorial, com incid\u00eancia nos territ\u00f3rios menos pr\u00f3ximos dos centros e que precisam de melhores condi\u00e7\u00f5es, nomeadamente de vias de comunica\u00e7\u00e3o, vi\u00e1ria e digital\u201d.<\/p>\n<p>Fernando Nogueira explicou ainda que \u201cneste momento, a via\u00e7\u00e3o rural n\u00e3o est\u00e1 sujeita a qualquer financiamento, pelo que as obras s\u00e3o feitas, exclusivamente, \u00e0 custa do or\u00e7amento municipal\u201d. \u201cEsta primeira fase corresponde a um investimento de 300 mil euros, mas se houvesse candidaturas para esta \u00e1rea, esse valor corresponderia a uma obra superior a um milh\u00e3o de euros\u201d, acrescentou.<\/p>\n<p>J\u00e1 o presidente da Junta de Freguesia de Covas, Andr\u00e9 Ara\u00fajo, disse tratar-se de \u201cuma obra h\u00e1 muito desejada\u201d e que, para &#8220;melhor servir os interesses da popula\u00e7\u00e3o&#8221;, \u201ca junta foi um parceiro ativo e colaborante na elabora\u00e7\u00e3o do projeto agora apresentado\u201d.<\/p>\n<p>Com um investimento global de 2,1 milh\u00f5es de euros, o projeto de requalifica\u00e7\u00e3o total da antiga EN302 abrange 7,7 quil\u00f3metros de extens\u00e3o a executar em tr\u00eas fases. A primeira etapa vai avan\u00e7ar no imediato, entre maio e setembro, e trata-se de uma interven\u00e7\u00e3o de cerca de um quil\u00f3metro, entre a Igreja Paroquial de Covas e a ponte sobre o rio Coura, onde se concentram os equipamentos e espa\u00e7os mais frequentados da freguesia.<\/p>\n<p>Com um investimento totalmente municipal de 300 mil euros, esta fase prev\u00ea &#8220;a cria\u00e7\u00e3o de passeios e a defini\u00e7\u00e3o de bermas, a resolu\u00e7\u00e3o de problemas hidr\u00e1ulicos, o refor\u00e7o de sinaliza\u00e7\u00e3o, a cria\u00e7\u00e3o de mais estacionamento, a reorganiza\u00e7\u00e3o de espa\u00e7os nomeadamente em frente \u00e0 sede da Junta de Freguesia e a pavimenta\u00e7\u00e3o do piso&#8221;. O principal objetivo \u00e9 &#8220;proporcionar condi\u00e7\u00f5es de maior seguran\u00e7a, mobilidade e acessibilidade que at\u00e9 aqui n\u00e3o existem, quer para pe\u00f5es quer para condutores&#8221;, refere a autarquia.<\/p>\n<p>A segunda fase, entre a Igreja Paroquial de Covas e o Lugar do Real, ser\u00e1 inscrita no or\u00e7amento municipal para 2022, com um investimento de 300 mil euros, e uma interven\u00e7\u00e3o muito semelhante \u00e0 primeira por ser em zona igualmente mais urbana. J\u00e1 para a terceira e \u00faltima fase, entre o Lugar do Real e a Freguesia de Candemil, Fernando Nogueira referiu estar \u201cna expetativa de que possa obter financiamento com outro enquadramento que n\u00e3o exclusivamente municipal\u201d.<\/p>\n","protected":false},"excerpt":{"rendered":"<p>A C\u00e2mara Municipal de Vila Nova de Cerveira apresentou o projeto de requalifica\u00e7\u00e3o da antiga Estrada Nacional (EN) 302, que liga as freguesias de Covas e Candemil. A primeira fase da interven\u00e7\u00e3o vai avan\u00e7ar durante o m\u00eas de maio, na zona mais urbana de Covas. Durante a apresenta\u00e7\u00e3o p\u00fablica que decorreu, na passada sexta-feira, na [&hellip;]<\/p>\n","protected":false},"author":12,"featured_media":66291,"comment_status":"closed","ping_status":"closed","sticky":false,"template":"","format":"standard","meta":{"_exactmetrics_skip_tracking":false,"_exactmetrics_sitenote_active":false,"_exactmetrics_sitenote_note":"","_exactmetrics_sitenote_category":0,"footnotes":""},"categories":[15],"tags":[27],"class_list":["post-66290","post","type-post","status-publish","format-standard","has-post-thumbnail","hentry","category-vila-nova-de-cerveira","tag-sociedade"],"yoast_head":"<!-- This site is optimized with the Yoast SEO Premium plugin v27.5 (Yoast SEO v27.5) - https:\/\/yoast.com\/product\/yoast-seo-premium-wordpress\/ -->\n<title>C\u00e2mara de Cerveira vai investir 300 mil euros na primeira fase de requalifica\u00e7\u00e3o da antiga EN302<\/title>\n<meta name=\"robots\" content=\"index, follow, max-snippet:-1, max-image-preview:large, max-video-preview:-1\" \/>\n<link rel=\"canonical\" href=\"https:\/\/www.altominho.tv\/site\/2021\/05\/10\/camara-de-cerveira-vai-investir-300-mil-euros-na-primeira-fase-de-requalificacao-da-antiga-en302\/\" \/>\n<meta property=\"og:locale\" content=\"pt_PT\" \/>\n<meta property=\"og:type\" content=\"article\" \/>\n<meta property=\"og:title\" content=\"C\u00e2mara de Cerveira vai investir 300 mil euros na primeira fase de requalifica\u00e7\u00e3o da antiga EN302\" \/>\n<meta property=\"og:description\" content=\"A C\u00e2mara Municipal de Vila Nova de Cerveira apresentou o projeto de requalifica\u00e7\u00e3o da antiga Estrada Nacional (EN) 302, que liga as freguesias de Covas e Candemil. A primeira fase da interven\u00e7\u00e3o vai avan\u00e7ar durante o m\u00eas de maio, na zona mais urbana de Covas. Durante a apresenta\u00e7\u00e3o p\u00fablica que decorreu, na passada sexta-feira, na [&hellip;]\" \/>\n<meta property=\"og:url\" content=\"https:\/\/www.altominho.tv\/site\/2021\/05\/10\/camara-de-cerveira-vai-investir-300-mil-euros-na-primeira-fase-de-requalificacao-da-antiga-en302\/\" \/>\n<meta property=\"og:site_name\" content=\"Altominho.tv\" \/>\n<meta property=\"article:publisher\" content=\"https:\/\/www.facebook.com\/altominhotv\" \/>\n<meta property=\"article:published_time\" content=\"2021-05-10T16:51:12+00:00\" \/>\n<meta property=\"article:modified_time\" content=\"2021-05-10T16:55:29+00:00\" \/>\n<meta property=\"og:image\" content=\"https:\/\/www.altominho.tv\/site\/wp-content\/uploads\/2021\/05\/Apresentac\u0327a\u0303o-EN302-1-scaled.jpg\" \/>\n\t<meta property=\"og:image:width\" content=\"2560\" \/>\n\t<meta property=\"og:image:height\" content=\"1440\" \/>\n\t<meta property=\"og:image:type\" content=\"image\/jpeg\" \/>\n<meta name=\"author\" content=\"Andreia Ferreira\" \/>\n<meta name=\"twitter:card\" content=\"summary_large_image\" \/>\n<meta name=\"twitter:creator\" content=\"@altominhoTV\" \/>\n<meta name=\"twitter:site\" content=\"@altominhoTV\" \/>\n<meta name=\"twitter:label1\" content=\"Escrito por\" \/>\n\t<meta name=\"twitter:data1\" content=\"Andreia Ferreira\" \/>\n\t<meta name=\"twitter:label2\" content=\"Tempo estimado de leitura\" \/>\n\t<meta name=\"twitter:data2\" content=\"2 minutos\" \/>\n<script type=\"application\/ld+json\" class=\"yoast-schema-graph\">{\"@context\":\"https:\\\/\\\/schema.org\",\"@graph\":[{\"@type\":\"Article\",\"@id\":\"https:\\\/\\\/www.altominho.tv\\\/site\\\/2021\\\/05\\\/10\\\/camara-de-cerveira-vai-investir-300-mil-euros-na-primeira-fase-de-requalificacao-da-antiga-en302\\\/#article\",\"isPartOf\":{\"@id\":\"https:\\\/\\\/www.altominho.tv\\\/site\\\/2021\\\/05\\\/10\\\/camara-de-cerveira-vai-investir-300-mil-euros-na-primeira-fase-de-requalificacao-da-antiga-en302\\\/\"},\"author\":{\"name\":\"Andreia Ferreira\",\"@id\":\"https:\\\/\\\/www.altominho.tv\\\/site\\\/#\\\/schema\\\/person\\\/d9be4265364723f14ea8e0d56a1d38cd\"},\"headline\":\"C\u00e2mara de Cerveira vai investir 300 mil euros na primeira fase de requalifica\u00e7\u00e3o da antiga EN302\",\"datePublished\":\"2021-05-10T16:51:12+00:00\",\"dateModified\":\"2021-05-10T16:55:29+00:00\",\"mainEntityOfPage\":{\"@id\":\"https:\\\/\\\/www.altominho.tv\\\/site\\\/2021\\\/05\\\/10\\\/camara-de-cerveira-vai-investir-300-mil-euros-na-primeira-fase-de-requalificacao-da-antiga-en302\\\/\"},\"wordCount\":477,\"image\":{\"@id\":\"https:\\\/\\\/www.altominho.tv\\\/site\\\/2021\\\/05\\\/10\\\/camara-de-cerveira-vai-investir-300-mil-euros-na-primeira-fase-de-requalificacao-da-antiga-en302\\\/#primaryimage\"},\"thumbnailUrl\":\"https:\\\/\\\/www.altominho.tv\\\/site\\\/wp-content\\\/uploads\\\/2021\\\/05\\\/Apresentac\u0327a\u0303o-EN302-1-scaled.jpg\",\"keywords\":[\"Sociedade\"],\"articleSection\":[\"Vila Nova de Cerveira\"],\"inLanguage\":\"pt-PT\",\"copyrightYear\":\"2021\",\"copyrightHolder\":{\"@id\":\"https:\\\/\\\/www.altominho.tv\\\/site\\\/#organization\"}},{\"@type\":\"WebPage\",\"@id\":\"https:\\\/\\\/www.altominho.tv\\\/site\\\/2021\\\/05\\\/10\\\/camara-de-cerveira-vai-investir-300-mil-euros-na-primeira-fase-de-requalificacao-da-antiga-en302\\\/\",\"url\":\"https:\\\/\\\/www.altominho.tv\\\/site\\\/2021\\\/05\\\/10\\\/camara-de-cerveira-vai-investir-300-mil-euros-na-primeira-fase-de-requalificacao-da-antiga-en302\\\/\",\"name\":\"C\u00e2mara de Cerveira vai investir 300 mil euros na primeira fase de requalifica\u00e7\u00e3o da antiga EN302\",\"isPartOf\":{\"@id\":\"https:\\\/\\\/www.altominho.tv\\\/site\\\/#website\"},\"primaryImageOfPage\":{\"@id\":\"https:\\\/\\\/www.altominho.tv\\\/site\\\/2021\\\/05\\\/10\\\/camara-de-cerveira-vai-investir-300-mil-euros-na-primeira-fase-de-requalificacao-da-antiga-en302\\\/#primaryimage\"},\"image\":{\"@id\":\"https:\\\/\\\/www.altominho.tv\\\/site\\\/2021\\\/05\\\/10\\\/camara-de-cerveira-vai-investir-300-mil-euros-na-primeira-fase-de-requalificacao-da-antiga-en302\\\/#primaryimage\"},\"thumbnailUrl\":\"https:\\\/\\\/www.altominho.tv\\\/site\\\/wp-content\\\/uploads\\\/2021\\\/05\\\/Apresentac\u0327a\u0303o-EN302-1-scaled.jpg\",\"datePublished\":\"2021-05-10T16:51:12+00:00\",\"dateModified\":\"2021-05-10T16:55:29+00:00\",\"author\":{\"@id\":\"https:\\\/\\\/www.altominho.tv\\\/site\\\/#\\\/schema\\\/person\\\/d9be4265364723f14ea8e0d56a1d38cd\"},\"breadcrumb\":{\"@id\":\"https:\\\/\\\/www.altominho.tv\\\/site\\\/2021\\\/05\\\/10\\\/camara-de-cerveira-vai-investir-300-mil-euros-na-primeira-fase-de-requalificacao-da-antiga-en302\\\/#breadcrumb\"},\"inLanguage\":\"pt-PT\",\"potentialAction\":[{\"@type\":\"ReadAction\",\"target\":[\"https:\\\/\\\/www.altominho.tv\\\/site\\\/2021\\\/05\\\/10\\\/camara-de-cerveira-vai-investir-300-mil-euros-na-primeira-fase-de-requalificacao-da-antiga-en302\\\/\"]}]},{\"@type\":\"ImageObject\",\"inLanguage\":\"pt-PT\",\"@id\":\"https:\\\/\\\/www.altominho.tv\\\/site\\\/2021\\\/05\\\/10\\\/camara-de-cerveira-vai-investir-300-mil-euros-na-primeira-fase-de-requalificacao-da-antiga-en302\\\/#primaryimage\",\"url\":\"https:\\\/\\\/www.altominho.tv\\\/site\\\/wp-content\\\/uploads\\\/2021\\\/05\\\/Apresentac\u0327a\u0303o-EN302-1-scaled.jpg\",\"contentUrl\":\"https:\\\/\\\/www.altominho.tv\\\/site\\\/wp-content\\\/uploads\\\/2021\\\/05\\\/Apresentac\u0327a\u0303o-EN302-1-scaled.jpg\",\"width\":2560,\"height\":1440},{\"@type\":\"BreadcrumbList\",\"@id\":\"https:\\\/\\\/www.altominho.tv\\\/site\\\/2021\\\/05\\\/10\\\/camara-de-cerveira-vai-investir-300-mil-euros-na-primeira-fase-de-requalificacao-da-antiga-en302\\\/#breadcrumb\",\"itemListElement\":[{\"@type\":\"ListItem\",\"position\":1,\"name\":\"In\u00edcio\",\"item\":\"https:\\\/\\\/www.altominho.tv\\\/site\\\/\"},{\"@type\":\"ListItem\",\"position\":2,\"name\":\"C\u00e2mara de Cerveira vai investir 300 mil euros na primeira fase de requalifica\u00e7\u00e3o da antiga EN302\"}]},{\"@type\":\"WebSite\",\"@id\":\"https:\\\/\\\/www.altominho.tv\\\/site\\\/#website\",\"url\":\"https:\\\/\\\/www.altominho.tv\\\/site\\\/\",\"name\":\"Altominho.tv\",\"description\":\"A sua regi\u00e3o \u00e0 dist\u00e2ncia de um clique...\",\"potentialAction\":[{\"@type\":\"SearchAction\",\"target\":{\"@type\":\"EntryPoint\",\"urlTemplate\":\"https:\\\/\\\/www.altominho.tv\\\/site\\\/?s={search_term_string}\"},\"query-input\":{\"@type\":\"PropertyValueSpecification\",\"valueRequired\":true,\"valueName\":\"search_term_string\"}}],\"inLanguage\":\"pt-PT\"},{\"@type\":\"Person\",\"@id\":\"https:\\\/\\\/www.altominho.tv\\\/site\\\/#\\\/schema\\\/person\\\/d9be4265364723f14ea8e0d56a1d38cd\",\"name\":\"Andreia Ferreira\",\"image\":{\"@type\":\"ImageObject\",\"inLanguage\":\"pt-PT\",\"@id\":\"https:\\\/\\\/www.altominho.tv\\\/site\\\/wp-content\\\/uploads\\\/2021\\\/01\\\/AndreiaFerreira-150x150.jpg\",\"url\":\"https:\\\/\\\/www.altominho.tv\\\/site\\\/wp-content\\\/uploads\\\/2021\\\/01\\\/AndreiaFerreira-150x150.jpg\",\"contentUrl\":\"https:\\\/\\\/www.altominho.tv\\\/site\\\/wp-content\\\/uploads\\\/2021\\\/01\\\/AndreiaFerreira-150x150.jpg\",\"caption\":\"Andreia Ferreira\"},\"url\":\"https:\\\/\\\/www.altominho.tv\\\/site\\\/author\\\/andreiaferreira\\\/\"}]}<\/script>\n<!-- \/ Yoast SEO Premium plugin. -->","yoast_head_json":{"title":"C\u00e2mara de Cerveira vai investir 300 mil euros na primeira fase de requalifica\u00e7\u00e3o da antiga EN302","robots":{"index":"index","follow":"follow","max-snippet":"max-snippet:-1","max-image-preview":"max-image-preview:large","max-video-preview":"max-video-preview:-1"},"canonical":"https:\/\/www.altominho.tv\/site\/2021\/05\/10\/camara-de-cerveira-vai-investir-300-mil-euros-na-primeira-fase-de-requalificacao-da-antiga-en302\/","og_locale":"pt_PT","og_type":"article","og_title":"C\u00e2mara de Cerveira vai investir 300 mil euros na primeira fase de requalifica\u00e7\u00e3o da antiga EN302","og_description":"A C\u00e2mara Municipal de Vila Nova de Cerveira apresentou o projeto de requalifica\u00e7\u00e3o da antiga Estrada Nacional (EN) 302, que liga as freguesias de Covas e Candemil. A primeira fase da interven\u00e7\u00e3o vai avan\u00e7ar durante o m\u00eas de maio, na zona mais urbana de Covas. Durante a apresenta\u00e7\u00e3o p\u00fablica que decorreu, na passada sexta-feira, na [&hellip;]","og_url":"https:\/\/www.altominho.tv\/site\/2021\/05\/10\/camara-de-cerveira-vai-investir-300-mil-euros-na-primeira-fase-de-requalificacao-da-antiga-en302\/","og_site_name":"Altominho.tv","article_publisher":"https:\/\/www.facebook.com\/altominhotv","article_published_time":"2021-05-10T16:51:12+00:00","article_modified_time":"2021-05-10T16:55:29+00:00","og_image":[{"width":2560,"height":1440,"url":"https:\/\/www.altominho.tv\/site\/wp-content\/uploads\/2021\/05\/Apresentac\u0327a\u0303o-EN302-1-scaled.jpg","type":"image\/jpeg"}],"author":"Andreia Ferreira","twitter_card":"summary_large_image","twitter_creator":"@altominhoTV","twitter_site":"@altominhoTV","twitter_misc":{"Escrito por":"Andreia Ferreira","Tempo estimado de leitura":"2 minutos"},"schema":{"@context":"https:\/\/schema.org","@graph":[{"@type":"Article","@id":"https:\/\/www.altominho.tv\/site\/2021\/05\/10\/camara-de-cerveira-vai-investir-300-mil-euros-na-primeira-fase-de-requalificacao-da-antiga-en302\/#article","isPartOf":{"@id":"https:\/\/www.altominho.tv\/site\/2021\/05\/10\/camara-de-cerveira-vai-investir-300-mil-euros-na-primeira-fase-de-requalificacao-da-antiga-en302\/"},"author":{"name":"Andreia Ferreira","@id":"https:\/\/www.altominho.tv\/site\/#\/schema\/person\/d9be4265364723f14ea8e0d56a1d38cd"},"headline":"C\u00e2mara de Cerveira vai investir 300 mil euros na primeira fase de requalifica\u00e7\u00e3o da antiga EN302","datePublished":"2021-05-10T16:51:12+00:00","dateModified":"2021-05-10T16:55:29+00:00","mainEntityOfPage":{"@id":"https:\/\/www.altominho.tv\/site\/2021\/05\/10\/camara-de-cerveira-vai-investir-300-mil-euros-na-primeira-fase-de-requalificacao-da-antiga-en302\/"},"wordCount":477,"image":{"@id":"https:\/\/www.altominho.tv\/site\/2021\/05\/10\/camara-de-cerveira-vai-investir-300-mil-euros-na-primeira-fase-de-requalificacao-da-antiga-en302\/#primaryimage"},"thumbnailUrl":"https:\/\/www.altominho.tv\/site\/wp-content\/uploads\/2021\/05\/Apresentac\u0327a\u0303o-EN302-1-scaled.jpg","keywords":["Sociedade"],"articleSection":["Vila Nova de Cerveira"],"inLanguage":"pt-PT","copyrightYear":"2021","copyrightHolder":{"@id":"https:\/\/www.altominho.tv\/site\/#organization"}},{"@type":"WebPage","@id":"https:\/\/www.altominho.tv\/site\/2021\/05\/10\/camara-de-cerveira-vai-investir-300-mil-euros-na-primeira-fase-de-requalificacao-da-antiga-en302\/","url":"https:\/\/www.altominho.tv\/site\/2021\/05\/10\/camara-de-cerveira-vai-investir-300-mil-euros-na-primeira-fase-de-requalificacao-da-antiga-en302\/","name":"C\u00e2mara de Cerveira vai investir 300 mil euros na primeira fase de requalifica\u00e7\u00e3o da antiga EN302","isPartOf":{"@id":"https:\/\/www.altominho.tv\/site\/#website"},"primaryImageOfPage":{"@id":"https:\/\/www.altominho.tv\/site\/2021\/05\/10\/camara-de-cerveira-vai-investir-300-mil-euros-na-primeira-fase-de-requalificacao-da-antiga-en302\/#primaryimage"},"image":{"@id":"https:\/\/www.altominho.tv\/site\/2021\/05\/10\/camara-de-cerveira-vai-investir-300-mil-euros-na-primeira-fase-de-requalificacao-da-antiga-en302\/#primaryimage"},"thumbnailUrl":"https:\/\/www.altominho.tv\/site\/wp-content\/uploads\/2021\/05\/Apresentac\u0327a\u0303o-EN302-1-scaled.jpg","datePublished":"2021-05-10T16:51:12+00:00","dateModified":"2021-05-10T16:55:29+00:00","author":{"@id":"https:\/\/www.altominho.tv\/site\/#\/schema\/person\/d9be4265364723f14ea8e0d56a1d38cd"},"breadcrumb":{"@id":"https:\/\/www.altominho.tv\/site\/2021\/05\/10\/camara-de-cerveira-vai-investir-300-mil-euros-na-primeira-fase-de-requalificacao-da-antiga-en302\/#breadcrumb"},"inLanguage":"pt-PT","potentialAction":[{"@type":"ReadAction","target":["https:\/\/www.altominho.tv\/site\/2021\/05\/10\/camara-de-cerveira-vai-investir-300-mil-euros-na-primeira-fase-de-requalificacao-da-antiga-en302\/"]}]},{"@type":"ImageObject","inLanguage":"pt-PT","@id":"https:\/\/www.altominho.tv\/site\/2021\/05\/10\/camara-de-cerveira-vai-investir-300-mil-euros-na-primeira-fase-de-requalificacao-da-antiga-en302\/#primaryimage","url":"https:\/\/www.altominho.tv\/site\/wp-content\/uploads\/2021\/05\/Apresentac\u0327a\u0303o-EN302-1-scaled.jpg","contentUrl":"https:\/\/www.altominho.tv\/site\/wp-content\/uploads\/2021\/05\/Apresentac\u0327a\u0303o-EN302-1-scaled.jpg","width":2560,"height":1440},{"@type":"BreadcrumbList","@id":"https:\/\/www.altominho.tv\/site\/2021\/05\/10\/camara-de-cerveira-vai-investir-300-mil-euros-na-primeira-fase-de-requalificacao-da-antiga-en302\/#breadcrumb","itemListElement":[{"@type":"ListItem","position":1,"name":"In\u00edcio","item":"https:\/\/www.altominho.tv\/site\/"},{"@type":"ListItem","position":2,"name":"C\u00e2mara de Cerveira vai investir 300 mil euros na primeira fase de requalifica\u00e7\u00e3o da antiga EN302"}]},{"@type":"WebSite","@id":"https:\/\/www.altominho.tv\/site\/#website","url":"https:\/\/www.altominho.tv\/site\/","name":"Altominho.tv","description":"A sua regi\u00e3o \u00e0 dist\u00e2ncia de um clique...","potentialAction":[{"@type":"SearchAction","target":{"@type":"EntryPoint","urlTemplate":"https:\/\/www.altominho.tv\/site\/?s={search_term_string}"},"query-input":{"@type":"PropertyValueSpecification","valueRequired":true,"valueName":"search_term_string"}}],"inLanguage":"pt-PT"},{"@type":"Person","@id":"https:\/\/www.altominho.tv\/site\/#\/schema\/person\/d9be4265364723f14ea8e0d56a1d38cd","name":"Andreia Ferreira","image":{"@type":"ImageObject","inLanguage":"pt-PT","@id":"https:\/\/www.altominho.tv\/site\/wp-content\/uploads\/2021\/01\/AndreiaFerreira-150x150.jpg","url":"https:\/\/www.altominho.tv\/site\/wp-content\/uploads\/2021\/01\/AndreiaFerreira-150x150.jpg","contentUrl":"https:\/\/www.altominho.tv\/site\/wp-content\/uploads\/2021\/01\/AndreiaFerreira-150x150.jpg","caption":"Andreia Ferreira"},"url":"https:\/\/www.altominho.tv\/site\/author\/andreiaferreira\/"}]}},"_links":{"self":[{"href":"https:\/\/www.altominho.tv\/site\/wp-json\/wp\/v2\/posts\/66290","targetHints":{"allow":["GET"]}}],"collection":[{"href":"https:\/\/www.altominho.tv\/site\/wp-json\/wp\/v2\/posts"}],"about":[{"href":"https:\/\/www.altominho.tv\/site\/wp-json\/wp\/v2\/types\/post"}],"author":[{"embeddable":true,"href":"https:\/\/www.altominho.tv\/site\/wp-json\/wp\/v2\/users\/12"}],"replies":[{"embeddable":true,"href":"https:\/\/www.altominho.tv\/site\/wp-json\/wp\/v2\/comments?post=66290"}],"version-history":[{"count":0,"href":"https:\/\/www.altominho.tv\/site\/wp-json\/wp\/v2\/posts\/66290\/revisions"}],"wp:featuredmedia":[{"embeddable":true,"href":"https:\/\/www.altominho.tv\/site\/wp-json\/wp\/v2\/media\/66291"}],"wp:attachment":[{"href":"https:\/\/www.altominho.tv\/site\/wp-json\/wp\/v2\/media?parent=66290"}],"wp:term":[{"taxonomy":"category","embeddable":true,"href":"https:\/\/www.altominho.tv\/site\/wp-json\/wp\/v2\/categories?post=66290"},{"taxonomy":"post_tag","embeddable":true,"href":"https:\/\/www.altominho.tv\/site\/wp-json\/wp\/v2\/tags?post=66290"}],"curies":[{"name":"wp","href":"https:\/\/api.w.org\/{rel}","templated":true}]}}