{"id":66114,"date":"2021-05-06T12:34:49","date_gmt":"2021-05-06T11:34:49","guid":{"rendered":"https:\/\/www.altominho.tv\/site\/?p=66114"},"modified":"2021-05-11T09:44:57","modified_gmt":"2021-05-11T08:44:57","slug":"seguranca-social-fecha-lar-ilegal-em-viana-do-castelo-e-instaura-contraordenacao","status":"publish","type":"post","link":"https:\/\/www.altominho.tv\/site\/2021\/05\/06\/seguranca-social-fecha-lar-ilegal-em-viana-do-castelo-e-instaura-contraordenacao\/","title":{"rendered":"Seguran\u00e7a Social fecha lar ilegal em Viana do Castelo e instaura contraordena\u00e7\u00e3o"},"content":{"rendered":"\n<p>O Instituto da Seguran\u00e7a Social (ISS) procedeu ao encerramento administrativo imediato de um lar ilegal em Carre\u00e7o, Viana do Castelo, por funcionar sem licen\u00e7a e instaurou um processo de contraordena\u00e7\u00f5es ao casal de propriet\u00e1rios, foi hoje divulgado.<\/p>\n\n\n\n<p>Em resposta escrita a um pedido de esclarecimentos enviado pela ag\u00eancia Lusa, o ISS informou hoje tratar-se de uma Estrutura Residencial para Pessoas Idosas (ERPI) que &#8220;acolhia 10 utentes, com idades compreendidas entre os 71 e os 94 anos&#8221;.<\/p>\n\n\n\n<p>&#8220;Ap\u00f3s a emiss\u00e3o da delibera\u00e7\u00e3o de encerramento, os copropriet\u00e1rios t\u00eam um prazo de 30 dias, que decorre, para procederem ao encerramento da resposta social, encaminhando os utentes para a sua retaguarda familiar. Na falta de acatamento da ordem, ser\u00e1 participado ao Minist\u00e9rio P\u00fablico o ind\u00edcio da pr\u00e1tica do crime de desobedi\u00eancia, que ter\u00e1 como consequ\u00eancia a instaura\u00e7\u00e3o de um inqu\u00e9rito-crime&#8221;, refere.<\/p>\n\n\n\n<p>O Instituto da Seguran\u00e7a Social justifica &#8220;o encerramento administrativo da ERPI ilegal na freguesia de Carre\u00e7o, em Viana do Castelo, por funcionar sem licen\u00e7a de funcionamento, com deficientes condi\u00e7\u00f5es de instala\u00e7\u00e3o e funcionamento, recursos humanos insuficientes\/inadequados e em incumprimento das normas da Dire\u00e7\u00e3o-Geral da Sa\u00fade (DGS) relacionadas com a covid-19&#8221;, acrescenta a nota.<\/p>\n\n\n\n<p>Segundo o ISS, &#8220;o encerramento administrativo \u00e9 determinado quando n\u00e3o existe perigo iminente para os utentes&#8221;.<\/p>\n\n\n\n<p>&#8220;Na falta de acatamento da ordem, ser\u00e1 participado ao Minist\u00e9rio P\u00fablico o ind\u00edcio da pr\u00e1tica do crime de desobedi\u00eancia, que ter\u00e1 como consequ\u00eancia a instaura\u00e7\u00e3o de um inqu\u00e9rito-crime&#8221;, alerta o ISS.<\/p>\n\n\n\n<p>A delibera\u00e7\u00e3o de &#8220;encerramento administrativo de estabelecimento de apoio social sem denomina\u00e7\u00e3o&#8221;, assinada pelo presidente do Instituto da Seguran\u00e7a Social, Rui Fiolhais, foi tomada a 24 de mar\u00e7o, sustentada nas &#8220;defici\u00eancias graves das condi\u00e7\u00f5es de instala\u00e7\u00e3o, seguran\u00e7a, funcionamento, salubridade, higiene e conforto&#8221;.<\/p>\n\n\n\n<p>Segundo a delibera\u00e7\u00e3o, publicado no s\u00edtio oficial da Seguran\u00e7a Social, e hoje consultado pela Lusa, a ERPI representa &#8220;um perigo potencial para os direitos dos utentes e a sua qualidade de vida&#8221;.<\/p>\n\n\n\n<p>Na resposta por escrito, o ISS refere que, &#8220;ao mesmo tempo que notifica o encerramento administrativo, informa a entidade gestora de que deve promover o licenciamento da atividade junto dos servi\u00e7os competentes, e os familiares dos utentes sobre o recurso a respostas sociais alternativas ou a eventuais apoios sociais a que os mesmos possam ter direito&#8221;.<\/p>\n\n\n\n<p>&#8220;Foi instaurado processo de contraordena\u00e7\u00f5es na sequ\u00eancia das infra\u00e7\u00f5es identificadas pela equipa inspetiva&#8221;, acrescenta o ISS.<\/p>\n\n\n\n<p>A ERPI funciona sob a propriedade de Daniela Sofia Lopes Monteiro e Marco Alexandre Alves de Melo, na rua Bou\u00e7a do Milho, na freguesia de Carre\u00e7o, em Viana do Castelo.<\/p>\n","protected":false},"excerpt":{"rendered":"<p>O Instituto da Seguran\u00e7a Social (ISS) procedeu ao encerramento administrativo imediato de um lar ilegal em Carre\u00e7o, Viana do Castelo, por funcionar sem licen\u00e7a e instaurou um processo de contraordena\u00e7\u00f5es ao casal de propriet\u00e1rios, foi hoje divulgado. Em resposta escrita a um pedido de esclarecimentos enviado pela ag\u00eancia Lusa, o ISS informou hoje tratar-se de [&hellip;]<\/p>\n","protected":false},"author":13,"featured_media":66115,"comment_status":"closed","ping_status":"closed","sticky":false,"template":"","format":"standard","meta":{"_exactmetrics_skip_tracking":false,"_exactmetrics_sitenote_active":false,"_exactmetrics_sitenote_note":"","_exactmetrics_sitenote_category":0,"footnotes":""},"categories":[14],"tags":[27],"class_list":["post-66114","post","type-post","status-publish","format-standard","has-post-thumbnail","hentry","category-viana-do-castelo","tag-sociedade"],"yoast_head":"<!-- This site is optimized with the Yoast SEO Premium plugin v27.5 (Yoast SEO v27.5) - https:\/\/yoast.com\/product\/yoast-seo-premium-wordpress\/ -->\n<title>Seguran\u00e7a Social fecha lar ilegal em Viana do Castelo e instaura contraordena\u00e7\u00e3o<\/title>\n<meta name=\"robots\" content=\"index, follow, max-snippet:-1, max-image-preview:large, max-video-preview:-1\" \/>\n<link rel=\"canonical\" href=\"https:\/\/www.altominho.tv\/site\/2021\/05\/06\/seguranca-social-fecha-lar-ilegal-em-viana-do-castelo-e-instaura-contraordenacao\/\" \/>\n<meta property=\"og:locale\" content=\"pt_PT\" \/>\n<meta property=\"og:type\" content=\"article\" \/>\n<meta property=\"og:title\" content=\"Seguran\u00e7a Social fecha lar ilegal em Viana do Castelo e instaura contraordena\u00e7\u00e3o\" \/>\n<meta property=\"og:description\" content=\"O Instituto da Seguran\u00e7a Social (ISS) procedeu ao encerramento administrativo imediato de um lar ilegal em Carre\u00e7o, Viana do Castelo, por funcionar sem licen\u00e7a e instaurou um processo de contraordena\u00e7\u00f5es ao casal de propriet\u00e1rios, foi hoje divulgado. Em resposta escrita a um pedido de esclarecimentos enviado pela ag\u00eancia Lusa, o ISS informou hoje tratar-se de [&hellip;]\" \/>\n<meta property=\"og:url\" content=\"https:\/\/www.altominho.tv\/site\/2021\/05\/06\/seguranca-social-fecha-lar-ilegal-em-viana-do-castelo-e-instaura-contraordenacao\/\" \/>\n<meta property=\"og:site_name\" content=\"Altominho.tv\" \/>\n<meta property=\"article:publisher\" content=\"https:\/\/www.facebook.com\/altominhotv\" \/>\n<meta property=\"article:published_time\" content=\"2021-05-06T11:34:49+00:00\" \/>\n<meta property=\"article:modified_time\" content=\"2021-05-11T08:44:57+00:00\" \/>\n<meta property=\"og:image\" content=\"https:\/\/www.altominho.tv\/site\/wp-content\/uploads\/2021\/05\/idosos.jpg\" \/>\n\t<meta property=\"og:image:width\" content=\"1907\" \/>\n\t<meta property=\"og:image:height\" content=\"1272\" \/>\n\t<meta property=\"og:image:type\" content=\"image\/jpeg\" \/>\n<meta name=\"author\" content=\"Lusa\" \/>\n<meta name=\"twitter:card\" content=\"summary_large_image\" \/>\n<meta name=\"twitter:creator\" content=\"@altominhoTV\" \/>\n<meta name=\"twitter:site\" content=\"@altominhoTV\" \/>\n<meta name=\"twitter:label1\" content=\"Escrito por\" \/>\n\t<meta name=\"twitter:data1\" content=\"Lusa\" \/>\n\t<meta name=\"twitter:label2\" content=\"Tempo estimado de leitura\" \/>\n\t<meta name=\"twitter:data2\" content=\"2 minutos\" \/>\n<script type=\"application\/ld+json\" class=\"yoast-schema-graph\">{\"@context\":\"https:\\\/\\\/schema.org\",\"@graph\":[{\"@type\":\"Article\",\"@id\":\"https:\\\/\\\/www.altominho.tv\\\/site\\\/2021\\\/05\\\/06\\\/seguranca-social-fecha-lar-ilegal-em-viana-do-castelo-e-instaura-contraordenacao\\\/#article\",\"isPartOf\":{\"@id\":\"https:\\\/\\\/www.altominho.tv\\\/site\\\/2021\\\/05\\\/06\\\/seguranca-social-fecha-lar-ilegal-em-viana-do-castelo-e-instaura-contraordenacao\\\/\"},\"author\":{\"name\":\"Lusa\",\"@id\":\"https:\\\/\\\/www.altominho.tv\\\/site\\\/#\\\/schema\\\/person\\\/63f693da3e1899361cbe955c46f3232e\"},\"headline\":\"Seguran\u00e7a Social fecha lar ilegal em Viana do Castelo e instaura contraordena\u00e7\u00e3o\",\"datePublished\":\"2021-05-06T11:34:49+00:00\",\"dateModified\":\"2021-05-11T08:44:57+00:00\",\"mainEntityOfPage\":{\"@id\":\"https:\\\/\\\/www.altominho.tv\\\/site\\\/2021\\\/05\\\/06\\\/seguranca-social-fecha-lar-ilegal-em-viana-do-castelo-e-instaura-contraordenacao\\\/\"},\"wordCount\":474,\"image\":{\"@id\":\"https:\\\/\\\/www.altominho.tv\\\/site\\\/2021\\\/05\\\/06\\\/seguranca-social-fecha-lar-ilegal-em-viana-do-castelo-e-instaura-contraordenacao\\\/#primaryimage\"},\"thumbnailUrl\":\"https:\\\/\\\/www.altominho.tv\\\/site\\\/wp-content\\\/uploads\\\/2021\\\/05\\\/idosos.jpg\",\"keywords\":[\"Sociedade\"],\"articleSection\":[\"Viana do Castelo\"],\"inLanguage\":\"pt-PT\",\"copyrightYear\":\"2021\",\"copyrightHolder\":{\"@id\":\"https:\\\/\\\/www.altominho.tv\\\/site\\\/#organization\"}},{\"@type\":\"WebPage\",\"@id\":\"https:\\\/\\\/www.altominho.tv\\\/site\\\/2021\\\/05\\\/06\\\/seguranca-social-fecha-lar-ilegal-em-viana-do-castelo-e-instaura-contraordenacao\\\/\",\"url\":\"https:\\\/\\\/www.altominho.tv\\\/site\\\/2021\\\/05\\\/06\\\/seguranca-social-fecha-lar-ilegal-em-viana-do-castelo-e-instaura-contraordenacao\\\/\",\"name\":\"Seguran\u00e7a Social fecha lar ilegal em Viana do Castelo e instaura contraordena\u00e7\u00e3o\",\"isPartOf\":{\"@id\":\"https:\\\/\\\/www.altominho.tv\\\/site\\\/#website\"},\"primaryImageOfPage\":{\"@id\":\"https:\\\/\\\/www.altominho.tv\\\/site\\\/2021\\\/05\\\/06\\\/seguranca-social-fecha-lar-ilegal-em-viana-do-castelo-e-instaura-contraordenacao\\\/#primaryimage\"},\"image\":{\"@id\":\"https:\\\/\\\/www.altominho.tv\\\/site\\\/2021\\\/05\\\/06\\\/seguranca-social-fecha-lar-ilegal-em-viana-do-castelo-e-instaura-contraordenacao\\\/#primaryimage\"},\"thumbnailUrl\":\"https:\\\/\\\/www.altominho.tv\\\/site\\\/wp-content\\\/uploads\\\/2021\\\/05\\\/idosos.jpg\",\"datePublished\":\"2021-05-06T11:34:49+00:00\",\"dateModified\":\"2021-05-11T08:44:57+00:00\",\"author\":{\"@id\":\"https:\\\/\\\/www.altominho.tv\\\/site\\\/#\\\/schema\\\/person\\\/63f693da3e1899361cbe955c46f3232e\"},\"breadcrumb\":{\"@id\":\"https:\\\/\\\/www.altominho.tv\\\/site\\\/2021\\\/05\\\/06\\\/seguranca-social-fecha-lar-ilegal-em-viana-do-castelo-e-instaura-contraordenacao\\\/#breadcrumb\"},\"inLanguage\":\"pt-PT\",\"potentialAction\":[{\"@type\":\"ReadAction\",\"target\":[\"https:\\\/\\\/www.altominho.tv\\\/site\\\/2021\\\/05\\\/06\\\/seguranca-social-fecha-lar-ilegal-em-viana-do-castelo-e-instaura-contraordenacao\\\/\"]}]},{\"@type\":\"ImageObject\",\"inLanguage\":\"pt-PT\",\"@id\":\"https:\\\/\\\/www.altominho.tv\\\/site\\\/2021\\\/05\\\/06\\\/seguranca-social-fecha-lar-ilegal-em-viana-do-castelo-e-instaura-contraordenacao\\\/#primaryimage\",\"url\":\"https:\\\/\\\/www.altominho.tv\\\/site\\\/wp-content\\\/uploads\\\/2021\\\/05\\\/idosos.jpg\",\"contentUrl\":\"https:\\\/\\\/www.altominho.tv\\\/site\\\/wp-content\\\/uploads\\\/2021\\\/05\\\/idosos.jpg\",\"width\":1907,\"height\":1272},{\"@type\":\"BreadcrumbList\",\"@id\":\"https:\\\/\\\/www.altominho.tv\\\/site\\\/2021\\\/05\\\/06\\\/seguranca-social-fecha-lar-ilegal-em-viana-do-castelo-e-instaura-contraordenacao\\\/#breadcrumb\",\"itemListElement\":[{\"@type\":\"ListItem\",\"position\":1,\"name\":\"In\u00edcio\",\"item\":\"https:\\\/\\\/www.altominho.tv\\\/site\\\/\"},{\"@type\":\"ListItem\",\"position\":2,\"name\":\"Seguran\u00e7a Social fecha lar ilegal em Viana do Castelo e instaura contraordena\u00e7\u00e3o\"}]},{\"@type\":\"WebSite\",\"@id\":\"https:\\\/\\\/www.altominho.tv\\\/site\\\/#website\",\"url\":\"https:\\\/\\\/www.altominho.tv\\\/site\\\/\",\"name\":\"Altominho.tv\",\"description\":\"A sua regi\u00e3o \u00e0 dist\u00e2ncia de um clique...\",\"potentialAction\":[{\"@type\":\"SearchAction\",\"target\":{\"@type\":\"EntryPoint\",\"urlTemplate\":\"https:\\\/\\\/www.altominho.tv\\\/site\\\/?s={search_term_string}\"},\"query-input\":{\"@type\":\"PropertyValueSpecification\",\"valueRequired\":true,\"valueName\":\"search_term_string\"}}],\"inLanguage\":\"pt-PT\"},{\"@type\":\"Person\",\"@id\":\"https:\\\/\\\/www.altominho.tv\\\/site\\\/#\\\/schema\\\/person\\\/63f693da3e1899361cbe955c46f3232e\",\"name\":\"Lusa\",\"image\":{\"@type\":\"ImageObject\",\"inLanguage\":\"pt-PT\",\"@id\":\"https:\\\/\\\/www.altominho.tv\\\/site\\\/wp-content\\\/uploads\\\/2019\\\/08\\\/LUSA_Logo.gif\",\"url\":\"https:\\\/\\\/www.altominho.tv\\\/site\\\/wp-content\\\/uploads\\\/2019\\\/08\\\/LUSA_Logo.gif\",\"contentUrl\":\"https:\\\/\\\/www.altominho.tv\\\/site\\\/wp-content\\\/uploads\\\/2019\\\/08\\\/LUSA_Logo.gif\",\"caption\":\"Lusa\"},\"sameAs\":[\"http:\\\/\\\/\\\/\\\/www.altominho.tv\\\/site\"],\"url\":\"https:\\\/\\\/www.altominho.tv\\\/site\\\/author\\\/lusa\\\/\"}]}<\/script>\n<!-- \/ Yoast SEO Premium plugin. -->","yoast_head_json":{"title":"Seguran\u00e7a Social fecha lar ilegal em Viana do Castelo e instaura contraordena\u00e7\u00e3o","robots":{"index":"index","follow":"follow","max-snippet":"max-snippet:-1","max-image-preview":"max-image-preview:large","max-video-preview":"max-video-preview:-1"},"canonical":"https:\/\/www.altominho.tv\/site\/2021\/05\/06\/seguranca-social-fecha-lar-ilegal-em-viana-do-castelo-e-instaura-contraordenacao\/","og_locale":"pt_PT","og_type":"article","og_title":"Seguran\u00e7a Social fecha lar ilegal em Viana do Castelo e instaura contraordena\u00e7\u00e3o","og_description":"O Instituto da Seguran\u00e7a Social (ISS) procedeu ao encerramento administrativo imediato de um lar ilegal em Carre\u00e7o, Viana do Castelo, por funcionar sem licen\u00e7a e instaurou um processo de contraordena\u00e7\u00f5es ao casal de propriet\u00e1rios, foi hoje divulgado. Em resposta escrita a um pedido de esclarecimentos enviado pela ag\u00eancia Lusa, o ISS informou hoje tratar-se de [&hellip;]","og_url":"https:\/\/www.altominho.tv\/site\/2021\/05\/06\/seguranca-social-fecha-lar-ilegal-em-viana-do-castelo-e-instaura-contraordenacao\/","og_site_name":"Altominho.tv","article_publisher":"https:\/\/www.facebook.com\/altominhotv","article_published_time":"2021-05-06T11:34:49+00:00","article_modified_time":"2021-05-11T08:44:57+00:00","og_image":[{"width":1907,"height":1272,"url":"https:\/\/www.altominho.tv\/site\/wp-content\/uploads\/2021\/05\/idosos.jpg","type":"image\/jpeg"}],"author":"Lusa","twitter_card":"summary_large_image","twitter_creator":"@altominhoTV","twitter_site":"@altominhoTV","twitter_misc":{"Escrito por":"Lusa","Tempo estimado de leitura":"2 minutos"},"schema":{"@context":"https:\/\/schema.org","@graph":[{"@type":"Article","@id":"https:\/\/www.altominho.tv\/site\/2021\/05\/06\/seguranca-social-fecha-lar-ilegal-em-viana-do-castelo-e-instaura-contraordenacao\/#article","isPartOf":{"@id":"https:\/\/www.altominho.tv\/site\/2021\/05\/06\/seguranca-social-fecha-lar-ilegal-em-viana-do-castelo-e-instaura-contraordenacao\/"},"author":{"name":"Lusa","@id":"https:\/\/www.altominho.tv\/site\/#\/schema\/person\/63f693da3e1899361cbe955c46f3232e"},"headline":"Seguran\u00e7a Social fecha lar ilegal em Viana do Castelo e instaura contraordena\u00e7\u00e3o","datePublished":"2021-05-06T11:34:49+00:00","dateModified":"2021-05-11T08:44:57+00:00","mainEntityOfPage":{"@id":"https:\/\/www.altominho.tv\/site\/2021\/05\/06\/seguranca-social-fecha-lar-ilegal-em-viana-do-castelo-e-instaura-contraordenacao\/"},"wordCount":474,"image":{"@id":"https:\/\/www.altominho.tv\/site\/2021\/05\/06\/seguranca-social-fecha-lar-ilegal-em-viana-do-castelo-e-instaura-contraordenacao\/#primaryimage"},"thumbnailUrl":"https:\/\/www.altominho.tv\/site\/wp-content\/uploads\/2021\/05\/idosos.jpg","keywords":["Sociedade"],"articleSection":["Viana do Castelo"],"inLanguage":"pt-PT","copyrightYear":"2021","copyrightHolder":{"@id":"https:\/\/www.altominho.tv\/site\/#organization"}},{"@type":"WebPage","@id":"https:\/\/www.altominho.tv\/site\/2021\/05\/06\/seguranca-social-fecha-lar-ilegal-em-viana-do-castelo-e-instaura-contraordenacao\/","url":"https:\/\/www.altominho.tv\/site\/2021\/05\/06\/seguranca-social-fecha-lar-ilegal-em-viana-do-castelo-e-instaura-contraordenacao\/","name":"Seguran\u00e7a Social fecha lar ilegal em Viana do Castelo e instaura contraordena\u00e7\u00e3o","isPartOf":{"@id":"https:\/\/www.altominho.tv\/site\/#website"},"primaryImageOfPage":{"@id":"https:\/\/www.altominho.tv\/site\/2021\/05\/06\/seguranca-social-fecha-lar-ilegal-em-viana-do-castelo-e-instaura-contraordenacao\/#primaryimage"},"image":{"@id":"https:\/\/www.altominho.tv\/site\/2021\/05\/06\/seguranca-social-fecha-lar-ilegal-em-viana-do-castelo-e-instaura-contraordenacao\/#primaryimage"},"thumbnailUrl":"https:\/\/www.altominho.tv\/site\/wp-content\/uploads\/2021\/05\/idosos.jpg","datePublished":"2021-05-06T11:34:49+00:00","dateModified":"2021-05-11T08:44:57+00:00","author":{"@id":"https:\/\/www.altominho.tv\/site\/#\/schema\/person\/63f693da3e1899361cbe955c46f3232e"},"breadcrumb":{"@id":"https:\/\/www.altominho.tv\/site\/2021\/05\/06\/seguranca-social-fecha-lar-ilegal-em-viana-do-castelo-e-instaura-contraordenacao\/#breadcrumb"},"inLanguage":"pt-PT","potentialAction":[{"@type":"ReadAction","target":["https:\/\/www.altominho.tv\/site\/2021\/05\/06\/seguranca-social-fecha-lar-ilegal-em-viana-do-castelo-e-instaura-contraordenacao\/"]}]},{"@type":"ImageObject","inLanguage":"pt-PT","@id":"https:\/\/www.altominho.tv\/site\/2021\/05\/06\/seguranca-social-fecha-lar-ilegal-em-viana-do-castelo-e-instaura-contraordenacao\/#primaryimage","url":"https:\/\/www.altominho.tv\/site\/wp-content\/uploads\/2021\/05\/idosos.jpg","contentUrl":"https:\/\/www.altominho.tv\/site\/wp-content\/uploads\/2021\/05\/idosos.jpg","width":1907,"height":1272},{"@type":"BreadcrumbList","@id":"https:\/\/www.altominho.tv\/site\/2021\/05\/06\/seguranca-social-fecha-lar-ilegal-em-viana-do-castelo-e-instaura-contraordenacao\/#breadcrumb","itemListElement":[{"@type":"ListItem","position":1,"name":"In\u00edcio","item":"https:\/\/www.altominho.tv\/site\/"},{"@type":"ListItem","position":2,"name":"Seguran\u00e7a Social fecha lar ilegal em Viana do Castelo e instaura contraordena\u00e7\u00e3o"}]},{"@type":"WebSite","@id":"https:\/\/www.altominho.tv\/site\/#website","url":"https:\/\/www.altominho.tv\/site\/","name":"Altominho.tv","description":"A sua regi\u00e3o \u00e0 dist\u00e2ncia de um clique...","potentialAction":[{"@type":"SearchAction","target":{"@type":"EntryPoint","urlTemplate":"https:\/\/www.altominho.tv\/site\/?s={search_term_string}"},"query-input":{"@type":"PropertyValueSpecification","valueRequired":true,"valueName":"search_term_string"}}],"inLanguage":"pt-PT"},{"@type":"Person","@id":"https:\/\/www.altominho.tv\/site\/#\/schema\/person\/63f693da3e1899361cbe955c46f3232e","name":"Lusa","image":{"@type":"ImageObject","inLanguage":"pt-PT","@id":"https:\/\/www.altominho.tv\/site\/wp-content\/uploads\/2019\/08\/LUSA_Logo.gif","url":"https:\/\/www.altominho.tv\/site\/wp-content\/uploads\/2019\/08\/LUSA_Logo.gif","contentUrl":"https:\/\/www.altominho.tv\/site\/wp-content\/uploads\/2019\/08\/LUSA_Logo.gif","caption":"Lusa"},"sameAs":["http:\/\/\/\/www.altominho.tv\/site"],"url":"https:\/\/www.altominho.tv\/site\/author\/lusa\/"}]}},"_links":{"self":[{"href":"https:\/\/www.altominho.tv\/site\/wp-json\/wp\/v2\/posts\/66114","targetHints":{"allow":["GET"]}}],"collection":[{"href":"https:\/\/www.altominho.tv\/site\/wp-json\/wp\/v2\/posts"}],"about":[{"href":"https:\/\/www.altominho.tv\/site\/wp-json\/wp\/v2\/types\/post"}],"author":[{"embeddable":true,"href":"https:\/\/www.altominho.tv\/site\/wp-json\/wp\/v2\/users\/13"}],"replies":[{"embeddable":true,"href":"https:\/\/www.altominho.tv\/site\/wp-json\/wp\/v2\/comments?post=66114"}],"version-history":[{"count":0,"href":"https:\/\/www.altominho.tv\/site\/wp-json\/wp\/v2\/posts\/66114\/revisions"}],"wp:featuredmedia":[{"embeddable":true,"href":"https:\/\/www.altominho.tv\/site\/wp-json\/wp\/v2\/media\/66115"}],"wp:attachment":[{"href":"https:\/\/www.altominho.tv\/site\/wp-json\/wp\/v2\/media?parent=66114"}],"wp:term":[{"taxonomy":"category","embeddable":true,"href":"https:\/\/www.altominho.tv\/site\/wp-json\/wp\/v2\/categories?post=66114"},{"taxonomy":"post_tag","embeddable":true,"href":"https:\/\/www.altominho.tv\/site\/wp-json\/wp\/v2\/tags?post=66114"}],"curies":[{"name":"wp","href":"https:\/\/api.w.org\/{rel}","templated":true}]}}